{"id":12376,"date":"2020-10-06T01:10:18","date_gmt":"2020-10-05T23:10:18","guid":{"rendered":"https:\/\/evertonfc.cz\/?p=12376"},"modified":"2021-02-08T08:27:00","modified_gmt":"2021-02-08T07:27:00","slug":"na-hostovani-prisel-brankar-olsen","status":"publish","type":"post","link":"https:\/\/evertonfc.cz\/index.php\/2020\/10\/06\/na-hostovani-prisel-brankar-olsen\/","title":{"rendered":"Na hostov\u00e1n\u00ed p\u0159i\u0161el brank\u00e1\u0159 Olsen"},"content":{"rendered":"<h4>Everton zareagoval na \u0161patnou formu g\u00f3lmansk\u00e9 jedni\u010dky Jordana Pickforda a na ro\u010dn\u00ed hostov\u00e1n\u00ed p\u0159ivedl \u0161v\u00e9dsk\u00e9ho reprezentanta Robina Olsena.<\/h4>\n<p>30let\u00fd vyt\u00e1hl\u00fd g\u00f3lman bude na Goodison Parku hostovat z italsk\u00e9ho celku AS \u0158\u00edm, kde se stal nadbyte\u010dn\u00fdm.<\/p>\n<p>Olsen p\u016fsobil prvn\u00edch osm let sv\u00e9 profesion\u00e1ln\u00ed kari\u00e9ry v rodn\u00e9 zemi, p\u0159i\u010dem\u017e v\u00fdrazn\u011bji na sebe upozornil a\u017e b\u011bhem t\u0159\u00edlet\u00e9ho p\u016fsoben\u00ed v Malm\u00f6. V roce 2015 p\u0159estoupil za 600 tis\u00edc eur do PAOKu, v divok\u00e9 atmosf\u00e9\u0159e \u0159eck\u00e9 &#8222;Hrobky&#8220; v\u0161ak p\u0159\u00edli\u0161 velkou d\u00edru do sv\u011bta neud\u011blal a po \u0161esti m\u011bs\u00edc\u00edch rad\u011bji zam\u00ed\u0159il do koda\u0148sk\u00e9ho FC. V hlavn\u00edm m\u011bst\u011b D\u00e1nska si vedl u\u017e o pozn\u00e1n\u00ed l\u00e9pe a po konci p\u016flro\u010dn\u00edho hostov\u00e1n\u00ed si vyslou\u017eil trval\u00fd p\u0159estup.<\/p>\n<p>V Kodani za\u017eil Olsen plodn\u00e9 dva roky, kdy\u017e se sv\u00fdm zam\u011bstnavatelem obh\u00e1jil double &#8211; triumf v d\u00e1nsk\u00e9 lize i poh\u00e1ru. Dobr\u00e9 v\u00fdkony mu zajistily m\u00edsto \u0161v\u00e9dsk\u00e9 jedni\u010dky na mistrovstv\u00ed sv\u011bt\u011b 2018, kde s Tre Konor p\u0159ekvapiv\u011b dokr\u00e1\u010del a\u017e do \u010dtvrtfin\u00e1le.<\/p>\n<p>Po vyda\u0159en\u00e9m turnaji si Olsena vyhl\u00e9dl AS \u0158\u00edm a nev\u00e1hal za jeho transfer zaplatit 12 mili\u00f3n\u016f eur. V It\u00e1lii ale 38n\u00e1sobn\u00fd \u0161v\u00e9dsk\u00fd reprezentant nenav\u00e1zal na sv\u00e9 v\u00fdkony z D\u00e1nska. B\u011bhem prvn\u00ed sez\u00f3ny ve v\u011b\u010dn\u00e9m m\u011bst\u011b sice odchytal 27 z\u00e1pas\u016f, zaostal v\u0161ak za o\u010dek\u00e1v\u00e1n\u00edmi, a bez v\u011bt\u0161\u00edho \u00fasp\u011bchu p\u016fsobil tak\u00e9 v lo\u0148sk\u00e9 sez\u00f3n\u011b na hostov\u00e1n\u00ed v Cagliari.<\/p>\n<p>Ned\u00e1 se p\u0159\u00edli\u0161 o\u010dek\u00e1vat, \u017ee \u0160v\u00e9d okam\u017eit\u011b po p\u0159\u00edchodu do Evertonu posad\u00ed nespolehliv\u00e9ho Pickforda na lavi\u010dku n\u00e1hradn\u00edk\u016f. Svou p\u0159\u00edtomnost\u00ed m\u00e1 sp\u00ed\u0161e zv\u00fd\u0161it konkurenci mezi t\u0159emi ty\u010demi a motivovat Angli\u010dana ke zlep\u0161en\u00ed. Z\u00e1rove\u0148 lze o\u010dek\u00e1vat odchod jednoho z dvojice n\u00e1hradn\u00edch branka\u0159\u016f Toffees: Jonase L\u00f6ssla, nebo Jo\u00e3a Virg\u00ednii. Pro celky Premier League je p\u0159estupov\u00e9 okno s \u00fa\u010dastn\u00edky ni\u017e\u0161\u00edch anglick\u00fdch sout\u011b\u017e\u00edch otev\u0159eno a\u017e do 16. \u0159\u00edjna.<\/p>\n","protected":false},"excerpt":{"rendered":"<p>Everton zareagoval na \u0161patnou formu g\u00f3lmansk\u00e9 jedni\u010dky Jordana Pickforda a na ro\u010dn\u00ed hostov\u00e1n\u00ed p\u0159ivedl \u0161v\u00e9dsk\u00e9ho reprezentanta Robina Olsena.<\/p>\n","protected":false},"author":6,"featured_media":12377,"comment_status":"open","ping_status":"closed","sticky":false,"template":"","format":"standard","meta":{"_eb_attr":"","_monsterinsights_skip_tracking":false,"_monsterinsights_sitenote_active":false,"_monsterinsights_sitenote_note":"","_monsterinsights_sitenote_category":0,"footnotes":""},"categories":[41],"tags":[],"yoast_head":"<!-- This site is optimized with the Yoast SEO plugin v23.4 - https:\/\/yoast.com\/wordpress\/plugins\/seo\/ -->\n<title>Na hostov\u00e1n\u00ed p\u0159i\u0161el brank\u00e1\u0159 Olsen - Official Czech &amp; Slovak Everton Supporters&#039; Club<\/title>\n<meta name=\"robots\" content=\"index, follow, max-snippet:-1, max-image-preview:large, max-video-preview:-1\" \/>\n<link rel=\"canonical\" href=\"https:\/\/evertonfc.cz\/index.php\/2020\/10\/06\/na-hostovani-prisel-brankar-olsen\/\" \/>\n<meta property=\"og:locale\" content=\"cs_CZ\" \/>\n<meta property=\"og:type\" content=\"article\" \/>\n<meta property=\"og:title\" content=\"Na hostov\u00e1n\u00ed p\u0159i\u0161el brank\u00e1\u0159 Olsen - Official Czech &amp; Slovak Everton Supporters&#039; Club\" \/>\n<meta property=\"og:description\" content=\"Everton zareagoval na \u0161patnou formu g\u00f3lmansk\u00e9 jedni\u010dky Jordana Pickforda a na ro\u010dn\u00ed hostov\u00e1n\u00ed p\u0159ivedl \u0161v\u00e9dsk\u00e9ho reprezentanta Robina Olsena.\" \/>\n<meta property=\"og:url\" content=\"https:\/\/evertonfc.cz\/index.php\/2020\/10\/06\/na-hostovani-prisel-brankar-olsen\/\" \/>\n<meta property=\"og:site_name\" content=\"Official Czech &amp; Slovak Everton Supporters&#039; Club\" \/>\n<meta property=\"article:publisher\" content=\"https:\/\/www.facebook.com\/everton.fans.cz.sk\" \/>\n<meta property=\"article:published_time\" content=\"2020-10-05T23:10:18+00:00\" \/>\n<meta property=\"article:modified_time\" content=\"2021-02-08T07:27:00+00:00\" \/>\n<meta property=\"og:image\" content=\"https:\/\/evertonfc.cz\/wp-content\/uploads\/2020\/10\/olsen_6_10_2020.jpg\" \/>\n\t<meta property=\"og:image:width\" content=\"720\" \/>\n\t<meta property=\"og:image:height\" content=\"405\" \/>\n\t<meta property=\"og:image:type\" content=\"image\/jpeg\" \/>\n<meta name=\"author\" content=\"Ri\u010di\" \/>\n<meta name=\"twitter:card\" content=\"summary_large_image\" \/>\n<meta name=\"twitter:creator\" content=\"@rbrejsa\" \/>\n<meta name=\"twitter:label1\" content=\"Napsal(a)\" \/>\n\t<meta name=\"twitter:data1\" content=\"Ri\u010di\" \/>\n\t<meta name=\"twitter:label2\" content=\"Odhadovan\u00e1 doba \u010dten\u00ed\" \/>\n\t<meta name=\"twitter:data2\" content=\"2 minuty\" \/>\n<script type=\"application\/ld+json\" class=\"yoast-schema-graph\">{\"@context\":\"https:\/\/schema.org\",\"@graph\":[{\"@type\":\"Article\",\"@id\":\"https:\/\/evertonfc.cz\/index.php\/2020\/10\/06\/na-hostovani-prisel-brankar-olsen\/#article\",\"isPartOf\":{\"@id\":\"https:\/\/evertonfc.cz\/index.php\/2020\/10\/06\/na-hostovani-prisel-brankar-olsen\/\"},\"author\":{\"name\":\"Ri\u010di\",\"@id\":\"https:\/\/evertonfc.cz\/#\/schema\/person\/f7a5daedb2ffee98480bc70e191aaef1\"},\"headline\":\"Na hostov\u00e1n\u00ed p\u0159i\u0161el brank\u00e1\u0159 Olsen\",\"datePublished\":\"2020-10-05T23:10:18+00:00\",\"dateModified\":\"2021-02-08T07:27:00+00:00\",\"mainEntityOfPage\":{\"@id\":\"https:\/\/evertonfc.cz\/index.php\/2020\/10\/06\/na-hostovani-prisel-brankar-olsen\/\"},\"wordCount\":392,\"commentCount\":11,\"publisher\":{\"@id\":\"https:\/\/evertonfc.cz\/#organization\"},\"image\":{\"@id\":\"https:\/\/evertonfc.cz\/index.php\/2020\/10\/06\/na-hostovani-prisel-brankar-olsen\/#primaryimage\"},\"thumbnailUrl\":\"https:\/\/evertonfc.cz\/wp-content\/uploads\/2020\/10\/olsen_6_10_2020.jpg\",\"articleSection\":[\"P\u0159estupy\"],\"inLanguage\":\"cs\",\"potentialAction\":[{\"@type\":\"CommentAction\",\"name\":\"Comment\",\"target\":[\"https:\/\/evertonfc.cz\/index.php\/2020\/10\/06\/na-hostovani-prisel-brankar-olsen\/#respond\"]}]},{\"@type\":\"WebPage\",\"@id\":\"https:\/\/evertonfc.cz\/index.php\/2020\/10\/06\/na-hostovani-prisel-brankar-olsen\/\",\"url\":\"https:\/\/evertonfc.cz\/index.php\/2020\/10\/06\/na-hostovani-prisel-brankar-olsen\/\",\"name\":\"Na hostov\u00e1n\u00ed p\u0159i\u0161el brank\u00e1\u0159 Olsen - Official Czech &amp; Slovak Everton Supporters&#039; Club\",\"isPartOf\":{\"@id\":\"https:\/\/evertonfc.cz\/#website\"},\"primaryImageOfPage\":{\"@id\":\"https:\/\/evertonfc.cz\/index.php\/2020\/10\/06\/na-hostovani-prisel-brankar-olsen\/#primaryimage\"},\"image\":{\"@id\":\"https:\/\/evertonfc.cz\/index.php\/2020\/10\/06\/na-hostovani-prisel-brankar-olsen\/#primaryimage\"},\"thumbnailUrl\":\"https:\/\/evertonfc.cz\/wp-content\/uploads\/2020\/10\/olsen_6_10_2020.jpg\",\"datePublished\":\"2020-10-05T23:10:18+00:00\",\"dateModified\":\"2021-02-08T07:27:00+00:00\",\"breadcrumb\":{\"@id\":\"https:\/\/evertonfc.cz\/index.php\/2020\/10\/06\/na-hostovani-prisel-brankar-olsen\/#breadcrumb\"},\"inLanguage\":\"cs\",\"potentialAction\":[{\"@type\":\"ReadAction\",\"target\":[\"https:\/\/evertonfc.cz\/index.php\/2020\/10\/06\/na-hostovani-prisel-brankar-olsen\/\"]}]},{\"@type\":\"ImageObject\",\"inLanguage\":\"cs\",\"@id\":\"https:\/\/evertonfc.cz\/index.php\/2020\/10\/06\/na-hostovani-prisel-brankar-olsen\/#primaryimage\",\"url\":\"https:\/\/evertonfc.cz\/wp-content\/uploads\/2020\/10\/olsen_6_10_2020.jpg\",\"contentUrl\":\"https:\/\/evertonfc.cz\/wp-content\/uploads\/2020\/10\/olsen_6_10_2020.jpg\",\"width\":720,\"height\":405},{\"@type\":\"BreadcrumbList\",\"@id\":\"https:\/\/evertonfc.cz\/index.php\/2020\/10\/06\/na-hostovani-prisel-brankar-olsen\/#breadcrumb\",\"itemListElement\":[{\"@type\":\"ListItem\",\"position\":1,\"name\":\"Home\",\"item\":\"https:\/\/evertonfc.cz\/\"},{\"@type\":\"ListItem\",\"position\":2,\"name\":\"Na hostov\u00e1n\u00ed p\u0159i\u0161el brank\u00e1\u0159 Olsen\"}]},{\"@type\":\"WebSite\",\"@id\":\"https:\/\/evertonfc.cz\/#website\",\"url\":\"https:\/\/evertonfc.cz\/\",\"name\":\"Official Czech &amp; Slovak Everton Supporters&#039; Club\",\"description\":\"\",\"publisher\":{\"@id\":\"https:\/\/evertonfc.cz\/#organization\"},\"potentialAction\":[{\"@type\":\"SearchAction\",\"target\":{\"@type\":\"EntryPoint\",\"urlTemplate\":\"https:\/\/evertonfc.cz\/?s={search_term_string}\"},\"query-input\":{\"@type\":\"PropertyValueSpecification\",\"valueRequired\":true,\"valueName\":\"search_term_string\"}}],\"inLanguage\":\"cs\"},{\"@type\":\"Organization\",\"@id\":\"https:\/\/evertonfc.cz\/#organization\",\"name\":\"Official Czech & Slovak Everton Supporters' Club\",\"url\":\"https:\/\/evertonfc.cz\/\",\"logo\":{\"@type\":\"ImageObject\",\"inLanguage\":\"cs\",\"@id\":\"https:\/\/evertonfc.cz\/#\/schema\/logo\/image\/\",\"url\":\"https:\/\/evertonfc.cz\/wp-content\/uploads\/2019\/05\/logo.png\",\"contentUrl\":\"https:\/\/evertonfc.cz\/wp-content\/uploads\/2019\/05\/logo.png\",\"width\":112,\"height\":112,\"caption\":\"Official Czech & Slovak Everton Supporters' Club\"},\"image\":{\"@id\":\"https:\/\/evertonfc.cz\/#\/schema\/logo\/image\/\"},\"sameAs\":[\"https:\/\/www.facebook.com\/everton.fans.cz.sk\"]},{\"@type\":\"Person\",\"@id\":\"https:\/\/evertonfc.cz\/#\/schema\/person\/f7a5daedb2ffee98480bc70e191aaef1\",\"name\":\"Ri\u010di\",\"sameAs\":[\"https:\/\/x.com\/rbrejsa\"],\"url\":\"https:\/\/evertonfc.cz\/index.php\/author\/rici\/\"}]}<\/script>\n<!-- \/ Yoast SEO plugin. -->","yoast_head_json":{"title":"Na hostov\u00e1n\u00ed p\u0159i\u0161el brank\u00e1\u0159 Olsen - Official Czech &amp; Slovak Everton Supporters&#039; Club","robots":{"index":"index","follow":"follow","max-snippet":"max-snippet:-1","max-image-preview":"max-image-preview:large","max-video-preview":"max-video-preview:-1"},"canonical":"https:\/\/evertonfc.cz\/index.php\/2020\/10\/06\/na-hostovani-prisel-brankar-olsen\/","og_locale":"cs_CZ","og_type":"article","og_title":"Na hostov\u00e1n\u00ed p\u0159i\u0161el brank\u00e1\u0159 Olsen - Official Czech &amp; Slovak Everton Supporters&#039; Club","og_description":"Everton zareagoval na \u0161patnou formu g\u00f3lmansk\u00e9 jedni\u010dky Jordana Pickforda a na ro\u010dn\u00ed hostov\u00e1n\u00ed p\u0159ivedl \u0161v\u00e9dsk\u00e9ho reprezentanta Robina Olsena.","og_url":"https:\/\/evertonfc.cz\/index.php\/2020\/10\/06\/na-hostovani-prisel-brankar-olsen\/","og_site_name":"Official Czech &amp; Slovak Everton Supporters&#039; Club","article_publisher":"https:\/\/www.facebook.com\/everton.fans.cz.sk","article_published_time":"2020-10-05T23:10:18+00:00","article_modified_time":"2021-02-08T07:27:00+00:00","og_image":[{"width":720,"height":405,"url":"https:\/\/evertonfc.cz\/wp-content\/uploads\/2020\/10\/olsen_6_10_2020.jpg","type":"image\/jpeg"}],"author":"Ri\u010di","twitter_card":"summary_large_image","twitter_creator":"@rbrejsa","twitter_misc":{"Napsal(a)":"Ri\u010di","Odhadovan\u00e1 doba \u010dten\u00ed":"2 minuty"},"schema":{"@context":"https:\/\/schema.org","@graph":[{"@type":"Article","@id":"https:\/\/evertonfc.cz\/index.php\/2020\/10\/06\/na-hostovani-prisel-brankar-olsen\/#article","isPartOf":{"@id":"https:\/\/evertonfc.cz\/index.php\/2020\/10\/06\/na-hostovani-prisel-brankar-olsen\/"},"author":{"name":"Ri\u010di","@id":"https:\/\/evertonfc.cz\/#\/schema\/person\/f7a5daedb2ffee98480bc70e191aaef1"},"headline":"Na hostov\u00e1n\u00ed p\u0159i\u0161el brank\u00e1\u0159 Olsen","datePublished":"2020-10-05T23:10:18+00:00","dateModified":"2021-02-08T07:27:00+00:00","mainEntityOfPage":{"@id":"https:\/\/evertonfc.cz\/index.php\/2020\/10\/06\/na-hostovani-prisel-brankar-olsen\/"},"wordCount":392,"commentCount":11,"publisher":{"@id":"https:\/\/evertonfc.cz\/#organization"},"image":{"@id":"https:\/\/evertonfc.cz\/index.php\/2020\/10\/06\/na-hostovani-prisel-brankar-olsen\/#primaryimage"},"thumbnailUrl":"https:\/\/evertonfc.cz\/wp-content\/uploads\/2020\/10\/olsen_6_10_2020.jpg","articleSection":["P\u0159estupy"],"inLanguage":"cs","potentialAction":[{"@type":"CommentAction","name":"Comment","target":["https:\/\/evertonfc.cz\/index.php\/2020\/10\/06\/na-hostovani-prisel-brankar-olsen\/#respond"]}]},{"@type":"WebPage","@id":"https:\/\/evertonfc.cz\/index.php\/2020\/10\/06\/na-hostovani-prisel-brankar-olsen\/","url":"https:\/\/evertonfc.cz\/index.php\/2020\/10\/06\/na-hostovani-prisel-brankar-olsen\/","name":"Na hostov\u00e1n\u00ed p\u0159i\u0161el brank\u00e1\u0159 Olsen - Official Czech &amp; Slovak Everton Supporters&#039; Club","isPartOf":{"@id":"https:\/\/evertonfc.cz\/#website"},"primaryImageOfPage":{"@id":"https:\/\/evertonfc.cz\/index.php\/2020\/10\/06\/na-hostovani-prisel-brankar-olsen\/#primaryimage"},"image":{"@id":"https:\/\/evertonfc.cz\/index.php\/2020\/10\/06\/na-hostovani-prisel-brankar-olsen\/#primaryimage"},"thumbnailUrl":"https:\/\/evertonfc.cz\/wp-content\/uploads\/2020\/10\/olsen_6_10_2020.jpg","datePublished":"2020-10-05T23:10:18+00:00","dateModified":"2021-02-08T07:27:00+00:00","breadcrumb":{"@id":"https:\/\/evertonfc.cz\/index.php\/2020\/10\/06\/na-hostovani-prisel-brankar-olsen\/#breadcrumb"},"inLanguage":"cs","potentialAction":[{"@type":"ReadAction","target":["https:\/\/evertonfc.cz\/index.php\/2020\/10\/06\/na-hostovani-prisel-brankar-olsen\/"]}]},{"@type":"ImageObject","inLanguage":"cs","@id":"https:\/\/evertonfc.cz\/index.php\/2020\/10\/06\/na-hostovani-prisel-brankar-olsen\/#primaryimage","url":"https:\/\/evertonfc.cz\/wp-content\/uploads\/2020\/10\/olsen_6_10_2020.jpg","contentUrl":"https:\/\/evertonfc.cz\/wp-content\/uploads\/2020\/10\/olsen_6_10_2020.jpg","width":720,"height":405},{"@type":"BreadcrumbList","@id":"https:\/\/evertonfc.cz\/index.php\/2020\/10\/06\/na-hostovani-prisel-brankar-olsen\/#breadcrumb","itemListElement":[{"@type":"ListItem","position":1,"name":"Home","item":"https:\/\/evertonfc.cz\/"},{"@type":"ListItem","position":2,"name":"Na hostov\u00e1n\u00ed p\u0159i\u0161el brank\u00e1\u0159 Olsen"}]},{"@type":"WebSite","@id":"https:\/\/evertonfc.cz\/#website","url":"https:\/\/evertonfc.cz\/","name":"Official Czech &amp; Slovak Everton Supporters&#039; Club","description":"","publisher":{"@id":"https:\/\/evertonfc.cz\/#organization"},"potentialAction":[{"@type":"SearchAction","target":{"@type":"EntryPoint","urlTemplate":"https:\/\/evertonfc.cz\/?s={search_term_string}"},"query-input":{"@type":"PropertyValueSpecification","valueRequired":true,"valueName":"search_term_string"}}],"inLanguage":"cs"},{"@type":"Organization","@id":"https:\/\/evertonfc.cz\/#organization","name":"Official Czech & Slovak Everton Supporters' Club","url":"https:\/\/evertonfc.cz\/","logo":{"@type":"ImageObject","inLanguage":"cs","@id":"https:\/\/evertonfc.cz\/#\/schema\/logo\/image\/","url":"https:\/\/evertonfc.cz\/wp-content\/uploads\/2019\/05\/logo.png","contentUrl":"https:\/\/evertonfc.cz\/wp-content\/uploads\/2019\/05\/logo.png","width":112,"height":112,"caption":"Official Czech & Slovak Everton Supporters' Club"},"image":{"@id":"https:\/\/evertonfc.cz\/#\/schema\/logo\/image\/"},"sameAs":["https:\/\/www.facebook.com\/everton.fans.cz.sk"]},{"@type":"Person","@id":"https:\/\/evertonfc.cz\/#\/schema\/person\/f7a5daedb2ffee98480bc70e191aaef1","name":"Ri\u010di","sameAs":["https:\/\/x.com\/rbrejsa"],"url":"https:\/\/evertonfc.cz\/index.php\/author\/rici\/"}]}},"_links":{"self":[{"href":"https:\/\/evertonfc.cz\/index.php\/wp-json\/wp\/v2\/posts\/12376"}],"collection":[{"href":"https:\/\/evertonfc.cz\/index.php\/wp-json\/wp\/v2\/posts"}],"about":[{"href":"https:\/\/evertonfc.cz\/index.php\/wp-json\/wp\/v2\/types\/post"}],"author":[{"embeddable":true,"href":"https:\/\/evertonfc.cz\/index.php\/wp-json\/wp\/v2\/users\/6"}],"replies":[{"embeddable":true,"href":"https:\/\/evertonfc.cz\/index.php\/wp-json\/wp\/v2\/comments?post=12376"}],"version-history":[{"count":10,"href":"https:\/\/evertonfc.cz\/index.php\/wp-json\/wp\/v2\/posts\/12376\/revisions"}],"predecessor-version":[{"id":14005,"href":"https:\/\/evertonfc.cz\/index.php\/wp-json\/wp\/v2\/posts\/12376\/revisions\/14005"}],"wp:featuredmedia":[{"embeddable":true,"href":"https:\/\/evertonfc.cz\/index.php\/wp-json\/wp\/v2\/media\/12377"}],"wp:attachment":[{"href":"https:\/\/evertonfc.cz\/index.php\/wp-json\/wp\/v2\/media?parent=12376"}],"wp:term":[{"taxonomy":"category","embeddable":true,"href":"https:\/\/evertonfc.cz\/index.php\/wp-json\/wp\/v2\/categories?post=12376"},{"taxonomy":"post_tag","embeddable":true,"href":"https:\/\/evertonfc.cz\/index.php\/wp-json\/wp\/v2\/tags?post=12376"}],"curies":[{"name":"wp","href":"https:\/\/api.w.org\/{rel}","templated":true}]}}