{"id":12408,"date":"2020-10-08T22:48:39","date_gmt":"2020-10-08T20:48:39","guid":{"rendered":"https:\/\/evertonfc.cz\/?p=12408"},"modified":"2020-11-20T13:45:21","modified_gmt":"2020-11-20T12:45:21","slug":"continental-league-cup-manchester-city-w-everton-w-31","status":"publish","type":"post","link":"https:\/\/evertonfc.cz\/index.php\/2020\/10\/08\/continental-league-cup-manchester-city-w-everton-w-31\/","title":{"rendered":"CLC: Manchester City W &#8211; Everton W 3:1"},"content":{"rendered":"<h4>Por\u00e1\u017ekou 1:3 vstoupil Everton do prvn\u00edho kola FA Women&#8217;s Continental Tyres League Cup.<\/h4>\n<p>Ne\u017e se budeme zab\u00fdvat t\u00edmto prohran\u00fdm z\u00e1pasem, \u0159ekn\u011bme si p\u00e1r slov o \u017eensk\u00e9m ligov\u00e9m poh\u00e1ru sponzorovan\u00e9m firmou Continental. Poh\u00e1r (mezi zasv\u011bcenci zn\u00e1m\u00fd t\u00e9\u017e jako Conti Cup) se hraje od roku 2011. Ve sv\u00e9 prvn\u00ed sez\u00f3n\u011b hr\u00e1ly d\u00e1my klasick\u00fdm vy\u0159azovac\u00edm zp\u016fsobem. Stejn\u00fd syst\u00e9m byl pou\u017eit i v roce 2016. V ostatn\u00edch ro\u010dn\u00edc\u00edch v\u010detn\u011b leto\u0161n\u00edho se hraje nejprve ve skupin\u00e1ch ka\u017ed\u00fd s ka\u017ed\u00fdm. Skupiny jsou usp\u0159\u00e1d\u00e1ny dle geografick\u00e9 p\u0159\u00edslu\u0161nosti. Ze skupiny pak <span style=\"text-decoration: line-through;\">postupuj\u00ed prvn\u00ed dva t\u00fdmy do vy\u0159azovac\u00ed f\u00e1ze sout\u011b\u017ee.<\/span>\u00a0postupuje do vy\u0159azovac\u00ed \u010d\u00e1sti sout\u011b\u017ee v\u00edt\u011bz a dva nejlep\u0161\u00ed celky z druh\u00fdch m\u00edst. (Upraveno 16.10.2020). Po\u010det skupin i t\u00fdm\u016f byl r\u016fzn\u00fd. V sez\u00f3n\u011b 2020\/2021 se poh\u00e1ru \u00fa\u010dastn\u00ed 23 t\u00fdm\u016f rozd\u011blen\u00fdch do 6 skupin po 4 \u017eenstvech. Pouze ve skupin\u011b E jsou t\u00fdmy t\u0159i. Everton je ve skupin\u011b C spolu s Liverpoolem, Manchesterem United a Manchesterem City. Z dosavadn\u00edch 9 ro\u010dn\u00edk\u016f z\u00edskal ligov\u00fd poh\u00e1r 5x Arsenal, 3x Manchester City a jednou (loni) Chelsea. Jist\u011b uzn\u00e1te, \u017ee s t\u00edm by se m\u011blo n\u011bco ud\u011blat.<\/p>\n<h4>Prvn\u00ed polo\u010das<\/h4>\n<p>Everton nastoupil v poh\u00e1rov\u00e9 sestav\u011b s finskou brank\u00e1\u0159skou jedni\u010dkou Tinja-Riikka Korpela. Na lavi\u010dku n\u00e1hradn\u00edk\u016f usedla mimo jin\u00e9 Izzi Christiansen, Ricke Sevecke a Lucy Graham. Hayley Raso nebyla na z\u00e1pas v\u016fbec nominov\u00e1na, zran\u011bn\u00ed stehna ze sobotn\u00edho z\u00e1pasu s Villans si patrn\u011b vy\u017e\u00e1d\u00e1 n\u011bjakou dobu na zotaven\u00ed. \u017de je Tinja skute\u010dn\u011b prvot\u0159\u00eddn\u00ed brank\u00e1\u0159ka bylo zjevn\u00e9 od za\u010d\u00e1tku z\u00e1pasu. Roj nebesky modr\u00fdch ji zasyp\u00e1val jedovat\u00fdmi st\u0159elami, ale marn\u011b. Mimo jin\u00e9 dvakr\u00e1t vychytala ex-evertonskou Chloe Kelly. Tedy prozat\u00edm. I p\u0159es trvaj\u00edc\u00ed tlak dom\u00e1c\u00edch to byl Everton, kdo vst\u0159elil prvn\u00ed branku. Po akci na prav\u00e9m k\u0159\u00eddle, kterou ve 20. minut\u011b rozjela jako v\u017edy velmi aktivn\u00ed S\u00f8rensen, poslala m\u00ed\u010d do v\u00e1pna Emslie, \u010d\u00edm\u017e jej p\u0159edala Boye-Hlorkah. Ta m\u00ed\u010d sice minula, ale vlevo od n\u00ed nab\u00edhaj\u00edc\u00ed a zcela voln\u00e1 <strong>Dan Turner<\/strong> se nem\u00fdlila &#8211; <strong>0:1<\/strong>. Tlak dom\u00e1c\u00edch d\u00e1le nar\u016fstal a obrana m\u011bla pln\u00e9 ruce pr\u00e1ce. Korpela se sice bl\u00fdskla dal\u0161\u00edmi \u00fa\u010dinn\u00fdmi z\u00e1kroky, ale vyrovn\u00e1n\u00ed viselo ve vzduchu. A\u017e p\u0159esunut\u00ed Damaris z pozice lev\u00e9ho beka na jej\u00ed b\u011b\u017en\u011bj\u0161\u00ed m\u00edsto defenzivn\u00ed z\u00e1lo\u017enice a sta\u017een\u00ed Turner na levou stranu obrany situaci m\u00edrn\u011b uklidnilo a do kabin mohly evertonsk\u00e9 hr\u00e1\u010dky odej\u00edt spokojen\u00e9.<\/p>\n<h4>Druh\u00fd polo\u010das<\/h4>\n<p>Za\u010dalo se ost\u0159e. Nebesky modr\u00e9 uk\u00e1zaly, \u017ee takto si sk\u00f3re rozhodn\u011b nep\u0159edstavuj\u00ed. V 50. minut\u011b uhasila Moe Wold ne\u0161\u0165astn\u00e9 rozehr\u00e1n\u00ed jen za cenu rohu. Ten zahr\u00e1la Greenwood do v\u00e1pna k bli\u017e\u0161\u00ed ty\u010di, kde jej do s\u00edt\u011b doklepla Rose Lavelle &#8211; <strong>1:1<\/strong>. Vyrovn\u00e1n\u00ed Everton nejen\u017ee nesrazilo, ale naopak pob\u00eddlo k dal\u0161\u00edmu vystup\u0148ov\u00e1n\u00ed \u00fasil\u00ed. A to bylo\u00a0 t\u00e9m\u011b\u0159 korunov\u00e1no \u00fasp\u011bchem. Nejprve S\u00f8rensen po p\u0159ihr\u00e1vce Emslie p\u0159inutila Karen Bardsley v brance City svi\u017en\u011b sko\u010dit k lev\u00e9 ty\u010di a vyrazit st\u0159elu na roh. Zah\u0159m\u011blo i po p\u0159\u00edm\u00e9m kopu Emslie, kter\u00fd nejprve ne\u00fasp\u011b\u0161n\u011b hlavi\u010dkovala Boye-Hlorkah a pot\u00e9 dor\u00e1\u017eela S\u00f8rensen. Bohu\u017eel vysoko nad br\u00e1nu. Situaci nezvr\u00e1tila ani st\u0159\u00eddaj\u00edc\u00ed Val\u00e8rie Gauvin, proti jej\u00ed\u017e st\u0159ele musela rovn\u011b\u017e zasahovat Bardsley. Pak u\u017e op\u011bt za\u00fa\u0159adovaly Citizens. V 76. minut\u011b Chloe Kelly p\u0159etla\u010dila\/p\u0159edb\u011bhla Moe Wold, nab\u011bhla si na p\u0159ihr\u00e1vku na hranici mal\u00e9ho v\u00e1pna a zbl\u00edzka zav\u011bsila. Tinja si na m\u00ed\u010d sice s\u00e1hla, ale k z\u00e1chran\u011b to nesta\u010dilo &#8211; <strong>2:1<\/strong>. T\u0159et\u00ed g\u00f3l dom\u00e1c\u00edch mohl p\u0159ij\u00edt po nepoda\u0159en\u00e9 rozehr\u00e1vce vz\u00e1p\u011bt\u00ed, Korpela v\u0161ak vytasila perfektn\u00ed z\u00e1krok. V nastaven\u00ed protan\u010dila manchestersk\u00e1 osmn\u00e1ctilet\u00e1 rychlono\u017eka Jess Park a\u017e do mal\u00e9ho v\u00e1pna a t\u00e9m\u011b\u0159 z \u00farovn\u011b brankov\u00e9 \u010d\u00e1ry prudkou st\u0159elou p\u0159ekonala Tinju v brance &#8211; <strong>3:1<\/strong>.<\/p>\n<h4><strong>Shrnut\u00ed<\/strong><\/h4>\n<p>Tinja-Riikka Korpela op\u011bt prok\u00e1zala, \u017ee je vynikaj\u00edc\u00ed brank\u00e1\u0159kou, sv\u016fj t\u00fdm dok\u00e1zala n\u011bkolikr\u00e1t opravdu podr\u017eet. V\u011b\u0159me, \u017ee jej\u00ed v\u00fdkony i v dal\u0161\u00edch poh\u00e1rov\u00fdch z\u00e1pasech budou obdobn\u011b kvalitn\u00ed. D\u00e1my Manchester City a Evertonu se za dobu existence FA WSL st\u0159etly ji\u017e pot\u0159in\u00e1ct\u00e9. A ji\u017e pot\u0159in\u00e1ct\u00e9 Citizens zv\u00edt\u011bzily, \u00fahrnn\u00e9 sk\u00f3re je 34:7. Je nepochybn\u00e9, \u017ee Citizens byly v i tomto z\u00e1pase dominantn\u00edm t\u00fdmem.\u00a0 Ale \u017eeny v jantarov\u00fdch dresech dok\u00e1zaly tlaku nebesky modr\u00e9 strany \u00fa\u010dinn\u011b odol\u00e1vat a vypracovaly si n\u011bkolik velmi dobr\u00fdch \u0161anc\u00ed. Z\u00e1pas rozhodn\u011b nebyl tak jednozna\u010dnou z\u00e1le\u017eitost\u00ed, jak by se snad mohlo zd\u00e1t p\u0159i pohledu na sk\u00f3re. Mysl\u00edm, \u017ee na\u0161e ladies mohly z Manchesteru odjet se vzty\u010denou hlavou. V\u00fdsledek fin\u00e1le FA Cupu je st\u00e1le otev\u0159enou z\u00e1le\u017eitost\u00ed.<\/p>\n<h4><strong>Zaj\u00edmavost<\/strong><\/h4>\n<p>Chloe Kelly st\u0159elila 100. g\u00f3l Citizens v Conti Cupu. Jen je \u0161koda, \u017ee to bylo do branky t\u00fdmu, jeho\u017e barvy je\u0161t\u011b v lo\u0148sk\u00e9 sez\u00f3n\u011b h\u00e1jila.<\/p>\n<p style=\"text-align: right;\"><span style=\"font-size: 8pt;\"><em>Pozn\u00e1mka: Na fotografii zleva Abbey-Leigh Stringer a Jess Park<br \/>\n<\/em><\/span><em style=\"font-size: 8pt;\">Pou\u017eit\u00e9 zdroje: womenscompetitions.thefa.com\u00a0 \/ <\/em><em style=\"font-size: 8pt;\">mancity.com\u00a0 \/\u00a0 <\/em><em style=\"font-size: 8pt;\">royalbluemersey.sbnation.com<\/em><\/p>\n<hr \/>\n<p><strong>G\u00f3ly:<\/strong> Lavelle (51\u00b4), Kelly (76\u00b4), Park (92\u00b4) &#8211; Turner (20\u00b4)<\/p>\n<p><strong>\u017dlut\u00e9 karty: <\/strong>Walsh, Stokes<\/p>\n<p><strong>Manchester City (4-3-3):<\/strong> Bardsley &#8211; Stokes, Houghton, Morgan,\u00a0 Greenwood &#8211; Scott (62\u00b4 Mevis), Lavelle (91\u00b4 Beckie)<strong>,<\/strong> Walsh &#8211; Stanway (76\u00b4 Weir), Kelly, Park<\/p>\n<p><strong>Everton (3-4-3):<\/strong> Korpela &#8211; Moe Wold, Turner, Damaris (65\u00b4 Sevecke) &#8211; Finnigan, Stringer, Clemaron (73\u00b4 Graham),\u00a0 S\u00f8rensen (73\u00b4Christiansen)- Emslie, Boye-Hlorkah (57\u00b4 Gauvin), Magill (57\u00b4 Pattinson)<\/p>\n<p><strong>Rozhod\u010d\u00ed:<\/strong>\u00a0Simon Mather<\/p>\n","protected":false},"excerpt":{"rendered":"<p>Por\u00e1\u017ekou 1:3 vstoupil Everton do prvn\u00edho kola FA Women&#8217;s Continental Tyres League Cup.\u00a0<\/p>\n","protected":false},"author":26,"featured_media":12418,"comment_status":"open","ping_status":"closed","sticky":false,"template":"","format":"standard","meta":{"_eb_attr":"","_monsterinsights_skip_tracking":false,"_monsterinsights_sitenote_active":false,"_monsterinsights_sitenote_note":"","_monsterinsights_sitenote_category":0,"footnotes":""},"categories":[110],"tags":[],"yoast_head":"<!-- This site is optimized with the Yoast SEO plugin v23.4 - https:\/\/yoast.com\/wordpress\/plugins\/seo\/ -->\n<title>CLC: Manchester City W - Everton W 3:1 - Official Czech &amp; Slovak Everton Supporters&#039; Club<\/title>\n<meta name=\"robots\" content=\"index, follow, max-snippet:-1, max-image-preview:large, max-video-preview:-1\" \/>\n<link rel=\"canonical\" href=\"https:\/\/evertonfc.cz\/index.php\/2020\/10\/08\/continental-league-cup-manchester-city-w-everton-w-31\/\" \/>\n<meta property=\"og:locale\" content=\"cs_CZ\" \/>\n<meta property=\"og:type\" content=\"article\" \/>\n<meta property=\"og:title\" content=\"CLC: Manchester City W - Everton W 3:1 - Official Czech &amp; Slovak Everton Supporters&#039; Club\" \/>\n<meta property=\"og:description\" content=\"Por\u00e1\u017ekou 1:3 vstoupil Everton do prvn\u00edho kola FA Women&#039;s Continental Tyres League Cup.\u00a0\" \/>\n<meta property=\"og:url\" content=\"https:\/\/evertonfc.cz\/index.php\/2020\/10\/08\/continental-league-cup-manchester-city-w-everton-w-31\/\" \/>\n<meta property=\"og:site_name\" content=\"Official Czech &amp; Slovak Everton Supporters&#039; Club\" \/>\n<meta property=\"article:publisher\" content=\"https:\/\/www.facebook.com\/everton.fans.cz.sk\" \/>\n<meta property=\"article:published_time\" content=\"2020-10-08T20:48:39+00:00\" \/>\n<meta property=\"article:modified_time\" content=\"2020-11-20T12:45:21+00:00\" \/>\n<meta property=\"og:image\" content=\"https:\/\/evertonfc.cz\/wp-content\/uploads\/2020\/10\/Continental-Cup-Stringer-a-Jess-Park_8_10_2020_web.jpg\" \/>\n\t<meta property=\"og:image:width\" content=\"720\" \/>\n\t<meta property=\"og:image:height\" content=\"405\" \/>\n\t<meta property=\"og:image:type\" content=\"image\/jpeg\" \/>\n<meta name=\"author\" content=\"Karamela\" \/>\n<meta name=\"twitter:card\" content=\"summary_large_image\" \/>\n<meta name=\"twitter:label1\" content=\"Napsal(a)\" \/>\n\t<meta name=\"twitter:data1\" content=\"Karamela\" \/>\n\t<meta name=\"twitter:label2\" content=\"Odhadovan\u00e1 doba \u010dten\u00ed\" \/>\n\t<meta name=\"twitter:data2\" content=\"5 minut\" \/>\n<script type=\"application\/ld+json\" class=\"yoast-schema-graph\">{\"@context\":\"https:\/\/schema.org\",\"@graph\":[{\"@type\":\"Article\",\"@id\":\"https:\/\/evertonfc.cz\/index.php\/2020\/10\/08\/continental-league-cup-manchester-city-w-everton-w-31\/#article\",\"isPartOf\":{\"@id\":\"https:\/\/evertonfc.cz\/index.php\/2020\/10\/08\/continental-league-cup-manchester-city-w-everton-w-31\/\"},\"author\":{\"name\":\"Karamela\",\"@id\":\"https:\/\/evertonfc.cz\/#\/schema\/person\/e9a24a80a32efa1344dd2c4e5882185c\"},\"headline\":\"CLC: Manchester City W &#8211; Everton W 3:1\",\"datePublished\":\"2020-10-08T20:48:39+00:00\",\"dateModified\":\"2020-11-20T12:45:21+00:00\",\"mainEntityOfPage\":{\"@id\":\"https:\/\/evertonfc.cz\/index.php\/2020\/10\/08\/continental-league-cup-manchester-city-w-everton-w-31\/\"},\"wordCount\":1026,\"commentCount\":7,\"publisher\":{\"@id\":\"https:\/\/evertonfc.cz\/#organization\"},\"image\":{\"@id\":\"https:\/\/evertonfc.cz\/index.php\/2020\/10\/08\/continental-league-cup-manchester-city-w-everton-w-31\/#primaryimage\"},\"thumbnailUrl\":\"https:\/\/evertonfc.cz\/wp-content\/uploads\/2020\/10\/Continental-Cup-Stringer-a-Jess-Park_8_10_2020_web.jpg\",\"articleSection\":[\"Everton Women\"],\"inLanguage\":\"cs\",\"potentialAction\":[{\"@type\":\"CommentAction\",\"name\":\"Comment\",\"target\":[\"https:\/\/evertonfc.cz\/index.php\/2020\/10\/08\/continental-league-cup-manchester-city-w-everton-w-31\/#respond\"]}]},{\"@type\":\"WebPage\",\"@id\":\"https:\/\/evertonfc.cz\/index.php\/2020\/10\/08\/continental-league-cup-manchester-city-w-everton-w-31\/\",\"url\":\"https:\/\/evertonfc.cz\/index.php\/2020\/10\/08\/continental-league-cup-manchester-city-w-everton-w-31\/\",\"name\":\"CLC: Manchester City W - Everton W 3:1 - Official Czech &amp; Slovak Everton Supporters&#039; Club\",\"isPartOf\":{\"@id\":\"https:\/\/evertonfc.cz\/#website\"},\"primaryImageOfPage\":{\"@id\":\"https:\/\/evertonfc.cz\/index.php\/2020\/10\/08\/continental-league-cup-manchester-city-w-everton-w-31\/#primaryimage\"},\"image\":{\"@id\":\"https:\/\/evertonfc.cz\/index.php\/2020\/10\/08\/continental-league-cup-manchester-city-w-everton-w-31\/#primaryimage\"},\"thumbnailUrl\":\"https:\/\/evertonfc.cz\/wp-content\/uploads\/2020\/10\/Continental-Cup-Stringer-a-Jess-Park_8_10_2020_web.jpg\",\"datePublished\":\"2020-10-08T20:48:39+00:00\",\"dateModified\":\"2020-11-20T12:45:21+00:00\",\"breadcrumb\":{\"@id\":\"https:\/\/evertonfc.cz\/index.php\/2020\/10\/08\/continental-league-cup-manchester-city-w-everton-w-31\/#breadcrumb\"},\"inLanguage\":\"cs\",\"potentialAction\":[{\"@type\":\"ReadAction\",\"target\":[\"https:\/\/evertonfc.cz\/index.php\/2020\/10\/08\/continental-league-cup-manchester-city-w-everton-w-31\/\"]}]},{\"@type\":\"ImageObject\",\"inLanguage\":\"cs\",\"@id\":\"https:\/\/evertonfc.cz\/index.php\/2020\/10\/08\/continental-league-cup-manchester-city-w-everton-w-31\/#primaryimage\",\"url\":\"https:\/\/evertonfc.cz\/wp-content\/uploads\/2020\/10\/Continental-Cup-Stringer-a-Jess-Park_8_10_2020_web.jpg\",\"contentUrl\":\"https:\/\/evertonfc.cz\/wp-content\/uploads\/2020\/10\/Continental-Cup-Stringer-a-Jess-Park_8_10_2020_web.jpg\",\"width\":720,\"height\":405},{\"@type\":\"BreadcrumbList\",\"@id\":\"https:\/\/evertonfc.cz\/index.php\/2020\/10\/08\/continental-league-cup-manchester-city-w-everton-w-31\/#breadcrumb\",\"itemListElement\":[{\"@type\":\"ListItem\",\"position\":1,\"name\":\"Home\",\"item\":\"https:\/\/evertonfc.cz\/\"},{\"@type\":\"ListItem\",\"position\":2,\"name\":\"CLC: Manchester City W &#8211; Everton W 3:1\"}]},{\"@type\":\"WebSite\",\"@id\":\"https:\/\/evertonfc.cz\/#website\",\"url\":\"https:\/\/evertonfc.cz\/\",\"name\":\"Official Czech &amp; Slovak Everton Supporters&#039; Club\",\"description\":\"\",\"publisher\":{\"@id\":\"https:\/\/evertonfc.cz\/#organization\"},\"potentialAction\":[{\"@type\":\"SearchAction\",\"target\":{\"@type\":\"EntryPoint\",\"urlTemplate\":\"https:\/\/evertonfc.cz\/?s={search_term_string}\"},\"query-input\":{\"@type\":\"PropertyValueSpecification\",\"valueRequired\":true,\"valueName\":\"search_term_string\"}}],\"inLanguage\":\"cs\"},{\"@type\":\"Organization\",\"@id\":\"https:\/\/evertonfc.cz\/#organization\",\"name\":\"Official Czech & Slovak Everton Supporters' Club\",\"url\":\"https:\/\/evertonfc.cz\/\",\"logo\":{\"@type\":\"ImageObject\",\"inLanguage\":\"cs\",\"@id\":\"https:\/\/evertonfc.cz\/#\/schema\/logo\/image\/\",\"url\":\"https:\/\/evertonfc.cz\/wp-content\/uploads\/2019\/05\/logo.png\",\"contentUrl\":\"https:\/\/evertonfc.cz\/wp-content\/uploads\/2019\/05\/logo.png\",\"width\":112,\"height\":112,\"caption\":\"Official Czech & Slovak Everton Supporters' Club\"},\"image\":{\"@id\":\"https:\/\/evertonfc.cz\/#\/schema\/logo\/image\/\"},\"sameAs\":[\"https:\/\/www.facebook.com\/everton.fans.cz.sk\"]},{\"@type\":\"Person\",\"@id\":\"https:\/\/evertonfc.cz\/#\/schema\/person\/e9a24a80a32efa1344dd2c4e5882185c\",\"name\":\"Karamela\",\"url\":\"https:\/\/evertonfc.cz\/index.php\/author\/karamela\/\"}]}<\/script>\n<!-- \/ Yoast SEO plugin. -->","yoast_head_json":{"title":"CLC: Manchester City W - Everton W 3:1 - Official Czech &amp; Slovak Everton Supporters&#039; Club","robots":{"index":"index","follow":"follow","max-snippet":"max-snippet:-1","max-image-preview":"max-image-preview:large","max-video-preview":"max-video-preview:-1"},"canonical":"https:\/\/evertonfc.cz\/index.php\/2020\/10\/08\/continental-league-cup-manchester-city-w-everton-w-31\/","og_locale":"cs_CZ","og_type":"article","og_title":"CLC: Manchester City W - Everton W 3:1 - Official Czech &amp; Slovak Everton Supporters&#039; Club","og_description":"Por\u00e1\u017ekou 1:3 vstoupil Everton do prvn\u00edho kola FA Women's Continental Tyres League Cup.\u00a0","og_url":"https:\/\/evertonfc.cz\/index.php\/2020\/10\/08\/continental-league-cup-manchester-city-w-everton-w-31\/","og_site_name":"Official Czech &amp; Slovak Everton Supporters&#039; Club","article_publisher":"https:\/\/www.facebook.com\/everton.fans.cz.sk","article_published_time":"2020-10-08T20:48:39+00:00","article_modified_time":"2020-11-20T12:45:21+00:00","og_image":[{"width":720,"height":405,"url":"https:\/\/evertonfc.cz\/wp-content\/uploads\/2020\/10\/Continental-Cup-Stringer-a-Jess-Park_8_10_2020_web.jpg","type":"image\/jpeg"}],"author":"Karamela","twitter_card":"summary_large_image","twitter_misc":{"Napsal(a)":"Karamela","Odhadovan\u00e1 doba \u010dten\u00ed":"5 minut"},"schema":{"@context":"https:\/\/schema.org","@graph":[{"@type":"Article","@id":"https:\/\/evertonfc.cz\/index.php\/2020\/10\/08\/continental-league-cup-manchester-city-w-everton-w-31\/#article","isPartOf":{"@id":"https:\/\/evertonfc.cz\/index.php\/2020\/10\/08\/continental-league-cup-manchester-city-w-everton-w-31\/"},"author":{"name":"Karamela","@id":"https:\/\/evertonfc.cz\/#\/schema\/person\/e9a24a80a32efa1344dd2c4e5882185c"},"headline":"CLC: Manchester City W &#8211; Everton W 3:1","datePublished":"2020-10-08T20:48:39+00:00","dateModified":"2020-11-20T12:45:21+00:00","mainEntityOfPage":{"@id":"https:\/\/evertonfc.cz\/index.php\/2020\/10\/08\/continental-league-cup-manchester-city-w-everton-w-31\/"},"wordCount":1026,"commentCount":7,"publisher":{"@id":"https:\/\/evertonfc.cz\/#organization"},"image":{"@id":"https:\/\/evertonfc.cz\/index.php\/2020\/10\/08\/continental-league-cup-manchester-city-w-everton-w-31\/#primaryimage"},"thumbnailUrl":"https:\/\/evertonfc.cz\/wp-content\/uploads\/2020\/10\/Continental-Cup-Stringer-a-Jess-Park_8_10_2020_web.jpg","articleSection":["Everton Women"],"inLanguage":"cs","potentialAction":[{"@type":"CommentAction","name":"Comment","target":["https:\/\/evertonfc.cz\/index.php\/2020\/10\/08\/continental-league-cup-manchester-city-w-everton-w-31\/#respond"]}]},{"@type":"WebPage","@id":"https:\/\/evertonfc.cz\/index.php\/2020\/10\/08\/continental-league-cup-manchester-city-w-everton-w-31\/","url":"https:\/\/evertonfc.cz\/index.php\/2020\/10\/08\/continental-league-cup-manchester-city-w-everton-w-31\/","name":"CLC: Manchester City W - Everton W 3:1 - Official Czech &amp; Slovak Everton Supporters&#039; Club","isPartOf":{"@id":"https:\/\/evertonfc.cz\/#website"},"primaryImageOfPage":{"@id":"https:\/\/evertonfc.cz\/index.php\/2020\/10\/08\/continental-league-cup-manchester-city-w-everton-w-31\/#primaryimage"},"image":{"@id":"https:\/\/evertonfc.cz\/index.php\/2020\/10\/08\/continental-league-cup-manchester-city-w-everton-w-31\/#primaryimage"},"thumbnailUrl":"https:\/\/evertonfc.cz\/wp-content\/uploads\/2020\/10\/Continental-Cup-Stringer-a-Jess-Park_8_10_2020_web.jpg","datePublished":"2020-10-08T20:48:39+00:00","dateModified":"2020-11-20T12:45:21+00:00","breadcrumb":{"@id":"https:\/\/evertonfc.cz\/index.php\/2020\/10\/08\/continental-league-cup-manchester-city-w-everton-w-31\/#breadcrumb"},"inLanguage":"cs","potentialAction":[{"@type":"ReadAction","target":["https:\/\/evertonfc.cz\/index.php\/2020\/10\/08\/continental-league-cup-manchester-city-w-everton-w-31\/"]}]},{"@type":"ImageObject","inLanguage":"cs","@id":"https:\/\/evertonfc.cz\/index.php\/2020\/10\/08\/continental-league-cup-manchester-city-w-everton-w-31\/#primaryimage","url":"https:\/\/evertonfc.cz\/wp-content\/uploads\/2020\/10\/Continental-Cup-Stringer-a-Jess-Park_8_10_2020_web.jpg","contentUrl":"https:\/\/evertonfc.cz\/wp-content\/uploads\/2020\/10\/Continental-Cup-Stringer-a-Jess-Park_8_10_2020_web.jpg","width":720,"height":405},{"@type":"BreadcrumbList","@id":"https:\/\/evertonfc.cz\/index.php\/2020\/10\/08\/continental-league-cup-manchester-city-w-everton-w-31\/#breadcrumb","itemListElement":[{"@type":"ListItem","position":1,"name":"Home","item":"https:\/\/evertonfc.cz\/"},{"@type":"ListItem","position":2,"name":"CLC: Manchester City W &#8211; Everton W 3:1"}]},{"@type":"WebSite","@id":"https:\/\/evertonfc.cz\/#website","url":"https:\/\/evertonfc.cz\/","name":"Official Czech &amp; Slovak Everton Supporters&#039; Club","description":"","publisher":{"@id":"https:\/\/evertonfc.cz\/#organization"},"potentialAction":[{"@type":"SearchAction","target":{"@type":"EntryPoint","urlTemplate":"https:\/\/evertonfc.cz\/?s={search_term_string}"},"query-input":{"@type":"PropertyValueSpecification","valueRequired":true,"valueName":"search_term_string"}}],"inLanguage":"cs"},{"@type":"Organization","@id":"https:\/\/evertonfc.cz\/#organization","name":"Official Czech & Slovak Everton Supporters' Club","url":"https:\/\/evertonfc.cz\/","logo":{"@type":"ImageObject","inLanguage":"cs","@id":"https:\/\/evertonfc.cz\/#\/schema\/logo\/image\/","url":"https:\/\/evertonfc.cz\/wp-content\/uploads\/2019\/05\/logo.png","contentUrl":"https:\/\/evertonfc.cz\/wp-content\/uploads\/2019\/05\/logo.png","width":112,"height":112,"caption":"Official Czech & Slovak Everton Supporters' Club"},"image":{"@id":"https:\/\/evertonfc.cz\/#\/schema\/logo\/image\/"},"sameAs":["https:\/\/www.facebook.com\/everton.fans.cz.sk"]},{"@type":"Person","@id":"https:\/\/evertonfc.cz\/#\/schema\/person\/e9a24a80a32efa1344dd2c4e5882185c","name":"Karamela","url":"https:\/\/evertonfc.cz\/index.php\/author\/karamela\/"}]}},"_links":{"self":[{"href":"https:\/\/evertonfc.cz\/index.php\/wp-json\/wp\/v2\/posts\/12408"}],"collection":[{"href":"https:\/\/evertonfc.cz\/index.php\/wp-json\/wp\/v2\/posts"}],"about":[{"href":"https:\/\/evertonfc.cz\/index.php\/wp-json\/wp\/v2\/types\/post"}],"author":[{"embeddable":true,"href":"https:\/\/evertonfc.cz\/index.php\/wp-json\/wp\/v2\/users\/26"}],"replies":[{"embeddable":true,"href":"https:\/\/evertonfc.cz\/index.php\/wp-json\/wp\/v2\/comments?post=12408"}],"version-history":[{"count":17,"href":"https:\/\/evertonfc.cz\/index.php\/wp-json\/wp\/v2\/posts\/12408\/revisions"}],"predecessor-version":[{"id":12979,"href":"https:\/\/evertonfc.cz\/index.php\/wp-json\/wp\/v2\/posts\/12408\/revisions\/12979"}],"wp:featuredmedia":[{"embeddable":true,"href":"https:\/\/evertonfc.cz\/index.php\/wp-json\/wp\/v2\/media\/12418"}],"wp:attachment":[{"href":"https:\/\/evertonfc.cz\/index.php\/wp-json\/wp\/v2\/media?parent=12408"}],"wp:term":[{"taxonomy":"category","embeddable":true,"href":"https:\/\/evertonfc.cz\/index.php\/wp-json\/wp\/v2\/categories?post=12408"},{"taxonomy":"post_tag","embeddable":true,"href":"https:\/\/evertonfc.cz\/index.php\/wp-json\/wp\/v2\/tags?post=12408"}],"curies":[{"name":"wp","href":"https:\/\/api.w.org\/{rel}","templated":true}]}}