{"id":12446,"date":"2020-10-12T19:14:30","date_gmt":"2020-10-12T17:14:30","guid":{"rendered":"https:\/\/evertonfc.cz\/?p=12446"},"modified":"2020-10-19T08:17:07","modified_gmt":"2020-10-19T06:17:07","slug":"everton-w-west-ham-united-w-31","status":"publish","type":"post","link":"https:\/\/evertonfc.cz\/index.php\/2020\/10\/12\/everton-w-west-ham-united-w-31\/","title":{"rendered":"Everton W &#8211; West Ham United W 3:1"},"content":{"rendered":"<h4>Tak\u00e9 \u010dtvrt\u00e9 ligov\u00e9 kolo bylo pro Everton \u00fasp\u011b\u0161n\u00e9. Tentokr\u00e1t \u017eensk\u00fd t\u00fdm na dom\u00e1c\u00ed p\u016fd\u011b zv\u00edt\u011bzil nad West Hamem 3:1.<\/h4>\n<p>Tak\u0159ka pr\u00e1zdn\u00fd Walton Hall Park vid\u011bl za slunn\u00e9ho podzimn\u00edho odpoledne \u010dtvrt\u00e9 v\u00edt\u011bzstv\u00ed Evertonu v lize v prvn\u00edch \u010dty\u0159ech kolech. To je nejlep\u0161\u00ed evertonsk\u00fd ligov\u00fd \u00favod od roku 2011. Mo\u017enou motivac\u00ed je i\u00a0 neofici\u00e1ln\u00ed, ale o to urputn\u011bj\u0161\u00ed vnitroklubov\u00e1 sout\u011b\u017e s mu\u017esk\u00fdm t\u00fdmem neprohr\u00e1t v lize jako prvn\u00ed. Pod\u00edvejme se, jak z\u00e1pas prob\u00edhal.<\/p>\n<h4>Prvn\u00ed polo\u010das<\/h4>\n<p>Ve druh\u00e9 minut\u011b vyslala Emslie propaga\u010dn\u00ed st\u0159elu s jej\u00edm\u017e zne\u0161kodn\u011bn\u00edm nem\u011bla Arnold v brance host\u00ed v\u00e1\u017en\u011bj\u0161\u00ed probl\u00e9m. Podstatn\u011bj\u0161\u00ed probl\u00e9m pro West Ham vyvstal v minut\u011b osm\u00e9, kdy op\u011bt Emslie z lev\u00e9ho k\u0159\u00eddla dopravila m\u00ed\u010d do nebezpe\u010dn\u00e9 bl\u00edzkosti lond\u00fdnsk\u00e9 svatyn\u011b a <strong>Nicoline S\u00f8rensen<\/strong> jej uklidila tam, kam pat\u0159il &#8211; <strong>1:0<\/strong>. Tato akce snad p\u0159im\u011bje i nejv\u011bt\u0161\u00ed lenochy ze zpravodajsk\u00fdch server\u016f st\u00e1hnout si bu\u010f d\u00e1nskou jazykovou sadu, nebo pou\u017e\u00edvat kl\u00e1vesovou zkratku lev\u00fd Alt+0216. P\u00edsmeno &#8222;\u00f8&#8220; se v t\u00e9to fotbalov\u00e9 sez\u00f3n\u011b toti\u017e bude do refer\u00e1t\u016f o Everton Women hodit. Po tomto g\u00f3lu Lond\u00fd\u0148anky o\u017eily. P\u0159esto se je\u0161t\u011b dvakr\u00e1t pokusila o zv\u00fd\u0161en\u00ed n\u00e1skoku Gauvin a jednou Emslie, bohu\u017eel v obou p\u0159\u00edpadech ne\u00fasp\u011b\u0161n\u011b.<\/p>\n<p>Ve dvac\u00e1t\u00e9 \u010dtvrt\u00e9 minut\u011b po ne zcela zda\u0159il\u00e9 rozehr\u00e1vce se k m\u00ed\u010di dostala Kenza Dali a p\u011bknou st\u0159elou p\u0159ekonala Sandy MacIver &#8211; <strong>1:1<\/strong>. O chv\u00edli pozd\u011bji to na hrotu hraj\u00edc\u00ed Val\u00e8rie Gauvin zkusila hlavou, ale tak\u00e9 marn\u011b. West Ham za\u010dal nebezpe\u010dn\u011b dot\u00edrat. Leon prokli\u010dkovala a\u017e do v\u00e1pna, kde jej\u00ed st\u0159elu \u010d\u00e1ste\u010dn\u011b zablokovala Sevecke a definitivn\u011b zlikvidovala MacIver. Na\u0161e brank\u00e1\u0159ka se bl\u00fdskla i za chv\u00edli, kdy po rohu chytila prudk\u00fd volej Redisch. T\u011bsn\u011b p\u0159ed polo\u010dasem m\u011bla na kopa\u010dce vedouc\u00ed g\u00f3l Emslie, ale zbl\u00edzka sm\u011b\u0159ovala m\u00ed\u010d jen do Arnold.<\/p>\n<h4>Druh\u00fd polo\u010das<\/h4>\n<p>Po n\u00e1vratu ze \u0161aten p\u0159itla\u010dil West Ham na pilu a sna\u017eil se o vyrovn\u00e1n\u00ed. Tak\u00e9 Everton d\u00e1val najevo, \u017ee se s rem\u00edzou nespokoj\u00ed. Ve 48. m\u00ednut\u011b vyslala Christiansen kr\u00e1sn\u00fd cross do v\u00e1pna, bohu\u017eel nikdo si na n\u011bj nanab\u011bhl. P\u0159\u00edm\u00fd kop Emslie v 51. minut\u011b tak\u00e9 g\u00f3l nep\u0159inesl. V 52. minut\u011b zlostn\u00fd \u0159ev &#8222;Leave the ball, leave the ball!&#8220; (p\u011bkn\u00fd prvek v p\u0159enosu s citliv\u00fdmi mikrofony na pr\u00e1zdn\u00e9m stadionu) na Finnigan uk\u00e1zal, \u017ee arbitr nem\u00e1 r\u00e1d, kdy\u017e po p\u0159eru\u0161en\u00ed hry n\u011bkdo kope do m\u00ed\u010de. N\u00e1sledn\u00e1 \u017elut\u00e1 karta tak nebyla p\u0159ekvapen\u00edm. V 61. minut\u011b Dali velmi dob\u0159e vyp\u00e1lila a Everton mohl d\u011bkovat jen Sandy MacIver a jej\u00edmu hbit\u00e9mu z\u00e1sahu, \u017ee se n\u00e1v\u0161t\u011bvnice\u00a0 nedostaly do veden\u00ed. V 63. minut\u011b se Gauvin radovala z dal\u0161\u00edho evertonsk\u00e9ho g\u00f3lu, ale bohu\u017eel ofsajd byl ofsajd.<\/p>\n<p>V 70. minut\u011b jsme se do\u010dkali: Izzy Christiansen p\u0159ihr\u00e1la p\u0159ed v\u00e1pno <strong>Lucy Graham,<\/strong> a ta pumelic\u00ed poslala Everton op\u011bt do veden\u00ed &#8211; <strong>2:1<\/strong>. \u017de g\u00f3l byl vyhl\u00ed\u017een v\u0161emi na\u0161imi hr\u00e1\u010dkami opravdu tou\u017eebn\u011b dokazuje i v\u00fdb\u011bh MacIver na polovinu soupe\u0159e, aby se mohla p\u0159ipojit k slav\u00edc\u00edm spoluhr\u00e1\u010dk\u00e1m a za okam\u017eik zase sprintovat zp\u011bt. Ve 2. minut\u011b prodlou\u017een\u00ed po rohu Chritiansen p\u0159idala Graham sv\u016fj druh\u00fd g\u00f3l z\u00e1pasu &#8211; <strong>3:1<\/strong>. T\u011bsn\u011b p\u0159ed koncem je\u0161t\u011b usilovaly o zv\u00fd\u0161en\u00ed Raso a Magill, ale tentokr\u00e1t marn\u011b.<\/p>\n<h4><strong>Shrnut\u00ed<\/strong><\/h4>\n<p>V\u00edt\u011bzstv\u00ed nad 10. celkem tabulky, kter\u00fd letos je\u0161t\u011b nevyhr\u00e1l ligov\u00fd z\u00e1pas bylo mnohem ud\u0159en\u011bj\u0161\u00ed, ne\u017e by se podle z\u00e1v\u011bre\u010dn\u00e9ho sk\u00f3re mohlo zd\u00e1t. Je t\u0159eba p\u0159iznat, \u017ee Lond\u00fd\u0148anky bojovaly velmi dob\u0159e a zejm\u00e9na p\u0159ed koncem prvn\u00ed a na za\u010d\u00e1tku druh\u00e9 p\u016fle na h\u0159i\u0161ti dominovaly. Jinak jsem si dnes v\u0161\u00edmal zejm\u00e9na Damaris, kter\u00e1 hraje nevyzpytateln\u011b. P\u0159edvede perfektn\u011b na\u010dasovan\u00e9 odebr\u00e1n\u00ed m\u00ed\u010de nebo zablokov\u00e1n\u00ed st\u0159ely, aby n\u00e1sledn\u011b bal\u00f3n ztratila p\u0159i marn\u00e9m pokusu prob\u00edt se p\u0159es dv\u011b soupe\u0159ky u postrann\u00ed \u010d\u00e1ry, i kdy\u017e to j\u00ed u\u017e nevy\u0161lo o chv\u00edli d\u0159\u00edve. A o p\u011bt vte\u0159in pozd\u011bji p\u0159edvede dokonalou p\u0159ihr\u00e1vku nap\u0159\u00ed\u010d p\u0159es cel\u00e9 h\u0159i\u0161t\u011b.\u00a0 P\u0159i z\u00e1pasech Evertonu se \u010dlov\u011bk opravdu nenud\u00ed. P\u0159ejme sob\u011b i hr\u00e1\u010dk\u00e1m, a\u0165 se na\u0161emu klubu da\u0159\u00ed i d\u00e1l.<\/p>\n<p style=\"text-align: right;\"><span style=\"font-size: 8pt;\"><em>Zdroj fotografie: https:\/\/nyjournalism.com\/<\/em><\/span><\/p>\n<p><strong>Branky<\/strong>: S\u00f8rensen 8\u00b4, Graham 71\u00b4, 90+2\u00b4 &#8211; Dali 24\u00b4<\/p>\n<p><strong>\u017dK:<\/strong> Finnigan &#8211; Longhurst<\/p>\n<p><strong>Everton (4-1-4-1): <\/strong>MacIver &#8211; Moe Wold, Finnigan, Sevecke, Turner (c) &#8211; Damaris &#8211; Emslie (81\u00b4 Boye-Hlorkah), Christiansen,\u00a0 Stringer (61\u00b4 Graham), S\u00f8rensen (61\u00b4 Raso) &#8211; Gauvin (78\u00b4 Magill)<\/p>\n<p><strong>West Ham United (4-5-1)<\/strong>: Arnold &#8211; Redisch, Flaherty (c), Fisk &#8211; Leon, Van Egmond, Grant (56\u00b4 Longhurst), Dali, Kiernan (73\u00b4 Mustafa)- Daly<\/p>\n<p><strong>Rozhod\u010d\u00ed<\/strong>: Edward Duckworth<\/p>\n","protected":false},"excerpt":{"rendered":"<p>Tak\u00e9 \u010dtvrt\u00e9 ligov\u00e9 kolo bylo pro Everton \u00fasp\u011b\u0161n\u00e9. Tentokr\u00e1t \u017eensk\u00fd t\u00fdm na dom\u00e1c\u00ed p\u016fd\u011b zv\u00edt\u011bzil nad West Hamem 3:1.<\/p>\n","protected":false},"author":26,"featured_media":12682,"comment_status":"open","ping_status":"closed","sticky":false,"template":"","format":"standard","meta":{"_eb_attr":"","_monsterinsights_skip_tracking":false,"_monsterinsights_sitenote_active":false,"_monsterinsights_sitenote_note":"","_monsterinsights_sitenote_category":0,"footnotes":""},"categories":[110],"tags":[],"yoast_head":"<!-- This site is optimized with the Yoast SEO plugin v23.4 - https:\/\/yoast.com\/wordpress\/plugins\/seo\/ -->\n<title>Everton W - West Ham United W 3:1 - Official Czech &amp; Slovak Everton Supporters&#039; Club<\/title>\n<meta name=\"robots\" content=\"index, follow, max-snippet:-1, max-image-preview:large, max-video-preview:-1\" \/>\n<link rel=\"canonical\" href=\"https:\/\/evertonfc.cz\/index.php\/2020\/10\/12\/everton-w-west-ham-united-w-31\/\" \/>\n<meta property=\"og:locale\" content=\"cs_CZ\" \/>\n<meta property=\"og:type\" content=\"article\" \/>\n<meta property=\"og:title\" content=\"Everton W - West Ham United W 3:1 - Official Czech &amp; Slovak Everton Supporters&#039; Club\" \/>\n<meta property=\"og:description\" content=\"Tak\u00e9 \u010dtvrt\u00e9 ligov\u00e9 kolo bylo pro Everton \u00fasp\u011b\u0161n\u00e9. Tentokr\u00e1t \u017eensk\u00fd t\u00fdm na dom\u00e1c\u00ed p\u016fd\u011b zv\u00edt\u011bzil nad West Hamem 3:1.\" \/>\n<meta property=\"og:url\" content=\"https:\/\/evertonfc.cz\/index.php\/2020\/10\/12\/everton-w-west-ham-united-w-31\/\" \/>\n<meta property=\"og:site_name\" content=\"Official Czech &amp; Slovak Everton Supporters&#039; Club\" \/>\n<meta property=\"article:publisher\" content=\"https:\/\/www.facebook.com\/everton.fans.cz.sk\" \/>\n<meta property=\"article:published_time\" content=\"2020-10-12T17:14:30+00:00\" \/>\n<meta property=\"article:modified_time\" content=\"2020-10-19T06:17:07+00:00\" \/>\n<meta property=\"og:image\" content=\"https:\/\/evertonfc.cz\/wp-content\/uploads\/2020\/10\/everton-W-west-ham-W-11-10-2020.jpg\" \/>\n\t<meta property=\"og:image:width\" content=\"720\" \/>\n\t<meta property=\"og:image:height\" content=\"405\" \/>\n\t<meta property=\"og:image:type\" content=\"image\/jpeg\" \/>\n<meta name=\"author\" content=\"Karamela\" \/>\n<meta name=\"twitter:card\" content=\"summary_large_image\" \/>\n<meta name=\"twitter:label1\" content=\"Napsal(a)\" \/>\n\t<meta name=\"twitter:data1\" content=\"Karamela\" \/>\n\t<meta name=\"twitter:label2\" content=\"Odhadovan\u00e1 doba \u010dten\u00ed\" \/>\n\t<meta name=\"twitter:data2\" content=\"4 minuty\" \/>\n<script type=\"application\/ld+json\" class=\"yoast-schema-graph\">{\"@context\":\"https:\/\/schema.org\",\"@graph\":[{\"@type\":\"Article\",\"@id\":\"https:\/\/evertonfc.cz\/index.php\/2020\/10\/12\/everton-w-west-ham-united-w-31\/#article\",\"isPartOf\":{\"@id\":\"https:\/\/evertonfc.cz\/index.php\/2020\/10\/12\/everton-w-west-ham-united-w-31\/\"},\"author\":{\"name\":\"Karamela\",\"@id\":\"https:\/\/evertonfc.cz\/#\/schema\/person\/e9a24a80a32efa1344dd2c4e5882185c\"},\"headline\":\"Everton W &#8211; West Ham United W 3:1\",\"datePublished\":\"2020-10-12T17:14:30+00:00\",\"dateModified\":\"2020-10-19T06:17:07+00:00\",\"mainEntityOfPage\":{\"@id\":\"https:\/\/evertonfc.cz\/index.php\/2020\/10\/12\/everton-w-west-ham-united-w-31\/\"},\"wordCount\":887,\"commentCount\":3,\"publisher\":{\"@id\":\"https:\/\/evertonfc.cz\/#organization\"},\"image\":{\"@id\":\"https:\/\/evertonfc.cz\/index.php\/2020\/10\/12\/everton-w-west-ham-united-w-31\/#primaryimage\"},\"thumbnailUrl\":\"https:\/\/evertonfc.cz\/wp-content\/uploads\/2020\/10\/everton-W-west-ham-W-11-10-2020.jpg\",\"articleSection\":[\"Everton Women\"],\"inLanguage\":\"cs\",\"potentialAction\":[{\"@type\":\"CommentAction\",\"name\":\"Comment\",\"target\":[\"https:\/\/evertonfc.cz\/index.php\/2020\/10\/12\/everton-w-west-ham-united-w-31\/#respond\"]}]},{\"@type\":\"WebPage\",\"@id\":\"https:\/\/evertonfc.cz\/index.php\/2020\/10\/12\/everton-w-west-ham-united-w-31\/\",\"url\":\"https:\/\/evertonfc.cz\/index.php\/2020\/10\/12\/everton-w-west-ham-united-w-31\/\",\"name\":\"Everton W - West Ham United W 3:1 - Official Czech &amp; Slovak Everton Supporters&#039; Club\",\"isPartOf\":{\"@id\":\"https:\/\/evertonfc.cz\/#website\"},\"primaryImageOfPage\":{\"@id\":\"https:\/\/evertonfc.cz\/index.php\/2020\/10\/12\/everton-w-west-ham-united-w-31\/#primaryimage\"},\"image\":{\"@id\":\"https:\/\/evertonfc.cz\/index.php\/2020\/10\/12\/everton-w-west-ham-united-w-31\/#primaryimage\"},\"thumbnailUrl\":\"https:\/\/evertonfc.cz\/wp-content\/uploads\/2020\/10\/everton-W-west-ham-W-11-10-2020.jpg\",\"datePublished\":\"2020-10-12T17:14:30+00:00\",\"dateModified\":\"2020-10-19T06:17:07+00:00\",\"breadcrumb\":{\"@id\":\"https:\/\/evertonfc.cz\/index.php\/2020\/10\/12\/everton-w-west-ham-united-w-31\/#breadcrumb\"},\"inLanguage\":\"cs\",\"potentialAction\":[{\"@type\":\"ReadAction\",\"target\":[\"https:\/\/evertonfc.cz\/index.php\/2020\/10\/12\/everton-w-west-ham-united-w-31\/\"]}]},{\"@type\":\"ImageObject\",\"inLanguage\":\"cs\",\"@id\":\"https:\/\/evertonfc.cz\/index.php\/2020\/10\/12\/everton-w-west-ham-united-w-31\/#primaryimage\",\"url\":\"https:\/\/evertonfc.cz\/wp-content\/uploads\/2020\/10\/everton-W-west-ham-W-11-10-2020.jpg\",\"contentUrl\":\"https:\/\/evertonfc.cz\/wp-content\/uploads\/2020\/10\/everton-W-west-ham-W-11-10-2020.jpg\",\"width\":720,\"height\":405},{\"@type\":\"BreadcrumbList\",\"@id\":\"https:\/\/evertonfc.cz\/index.php\/2020\/10\/12\/everton-w-west-ham-united-w-31\/#breadcrumb\",\"itemListElement\":[{\"@type\":\"ListItem\",\"position\":1,\"name\":\"Home\",\"item\":\"https:\/\/evertonfc.cz\/\"},{\"@type\":\"ListItem\",\"position\":2,\"name\":\"Everton W &#8211; West Ham United W 3:1\"}]},{\"@type\":\"WebSite\",\"@id\":\"https:\/\/evertonfc.cz\/#website\",\"url\":\"https:\/\/evertonfc.cz\/\",\"name\":\"Official Czech &amp; Slovak Everton Supporters&#039; Club\",\"description\":\"\",\"publisher\":{\"@id\":\"https:\/\/evertonfc.cz\/#organization\"},\"potentialAction\":[{\"@type\":\"SearchAction\",\"target\":{\"@type\":\"EntryPoint\",\"urlTemplate\":\"https:\/\/evertonfc.cz\/?s={search_term_string}\"},\"query-input\":{\"@type\":\"PropertyValueSpecification\",\"valueRequired\":true,\"valueName\":\"search_term_string\"}}],\"inLanguage\":\"cs\"},{\"@type\":\"Organization\",\"@id\":\"https:\/\/evertonfc.cz\/#organization\",\"name\":\"Official Czech & Slovak Everton Supporters' Club\",\"url\":\"https:\/\/evertonfc.cz\/\",\"logo\":{\"@type\":\"ImageObject\",\"inLanguage\":\"cs\",\"@id\":\"https:\/\/evertonfc.cz\/#\/schema\/logo\/image\/\",\"url\":\"https:\/\/evertonfc.cz\/wp-content\/uploads\/2019\/05\/logo.png\",\"contentUrl\":\"https:\/\/evertonfc.cz\/wp-content\/uploads\/2019\/05\/logo.png\",\"width\":112,\"height\":112,\"caption\":\"Official Czech & Slovak Everton Supporters' Club\"},\"image\":{\"@id\":\"https:\/\/evertonfc.cz\/#\/schema\/logo\/image\/\"},\"sameAs\":[\"https:\/\/www.facebook.com\/everton.fans.cz.sk\"]},{\"@type\":\"Person\",\"@id\":\"https:\/\/evertonfc.cz\/#\/schema\/person\/e9a24a80a32efa1344dd2c4e5882185c\",\"name\":\"Karamela\",\"url\":\"https:\/\/evertonfc.cz\/index.php\/author\/karamela\/\"}]}<\/script>\n<!-- \/ Yoast SEO plugin. -->","yoast_head_json":{"title":"Everton W - West Ham United W 3:1 - Official Czech &amp; Slovak Everton Supporters&#039; Club","robots":{"index":"index","follow":"follow","max-snippet":"max-snippet:-1","max-image-preview":"max-image-preview:large","max-video-preview":"max-video-preview:-1"},"canonical":"https:\/\/evertonfc.cz\/index.php\/2020\/10\/12\/everton-w-west-ham-united-w-31\/","og_locale":"cs_CZ","og_type":"article","og_title":"Everton W - West Ham United W 3:1 - Official Czech &amp; Slovak Everton Supporters&#039; Club","og_description":"Tak\u00e9 \u010dtvrt\u00e9 ligov\u00e9 kolo bylo pro Everton \u00fasp\u011b\u0161n\u00e9. Tentokr\u00e1t \u017eensk\u00fd t\u00fdm na dom\u00e1c\u00ed p\u016fd\u011b zv\u00edt\u011bzil nad West Hamem 3:1.","og_url":"https:\/\/evertonfc.cz\/index.php\/2020\/10\/12\/everton-w-west-ham-united-w-31\/","og_site_name":"Official Czech &amp; Slovak Everton Supporters&#039; Club","article_publisher":"https:\/\/www.facebook.com\/everton.fans.cz.sk","article_published_time":"2020-10-12T17:14:30+00:00","article_modified_time":"2020-10-19T06:17:07+00:00","og_image":[{"width":720,"height":405,"url":"https:\/\/evertonfc.cz\/wp-content\/uploads\/2020\/10\/everton-W-west-ham-W-11-10-2020.jpg","type":"image\/jpeg"}],"author":"Karamela","twitter_card":"summary_large_image","twitter_misc":{"Napsal(a)":"Karamela","Odhadovan\u00e1 doba \u010dten\u00ed":"4 minuty"},"schema":{"@context":"https:\/\/schema.org","@graph":[{"@type":"Article","@id":"https:\/\/evertonfc.cz\/index.php\/2020\/10\/12\/everton-w-west-ham-united-w-31\/#article","isPartOf":{"@id":"https:\/\/evertonfc.cz\/index.php\/2020\/10\/12\/everton-w-west-ham-united-w-31\/"},"author":{"name":"Karamela","@id":"https:\/\/evertonfc.cz\/#\/schema\/person\/e9a24a80a32efa1344dd2c4e5882185c"},"headline":"Everton W &#8211; West Ham United W 3:1","datePublished":"2020-10-12T17:14:30+00:00","dateModified":"2020-10-19T06:17:07+00:00","mainEntityOfPage":{"@id":"https:\/\/evertonfc.cz\/index.php\/2020\/10\/12\/everton-w-west-ham-united-w-31\/"},"wordCount":887,"commentCount":3,"publisher":{"@id":"https:\/\/evertonfc.cz\/#organization"},"image":{"@id":"https:\/\/evertonfc.cz\/index.php\/2020\/10\/12\/everton-w-west-ham-united-w-31\/#primaryimage"},"thumbnailUrl":"https:\/\/evertonfc.cz\/wp-content\/uploads\/2020\/10\/everton-W-west-ham-W-11-10-2020.jpg","articleSection":["Everton Women"],"inLanguage":"cs","potentialAction":[{"@type":"CommentAction","name":"Comment","target":["https:\/\/evertonfc.cz\/index.php\/2020\/10\/12\/everton-w-west-ham-united-w-31\/#respond"]}]},{"@type":"WebPage","@id":"https:\/\/evertonfc.cz\/index.php\/2020\/10\/12\/everton-w-west-ham-united-w-31\/","url":"https:\/\/evertonfc.cz\/index.php\/2020\/10\/12\/everton-w-west-ham-united-w-31\/","name":"Everton W - West Ham United W 3:1 - Official Czech &amp; Slovak Everton Supporters&#039; Club","isPartOf":{"@id":"https:\/\/evertonfc.cz\/#website"},"primaryImageOfPage":{"@id":"https:\/\/evertonfc.cz\/index.php\/2020\/10\/12\/everton-w-west-ham-united-w-31\/#primaryimage"},"image":{"@id":"https:\/\/evertonfc.cz\/index.php\/2020\/10\/12\/everton-w-west-ham-united-w-31\/#primaryimage"},"thumbnailUrl":"https:\/\/evertonfc.cz\/wp-content\/uploads\/2020\/10\/everton-W-west-ham-W-11-10-2020.jpg","datePublished":"2020-10-12T17:14:30+00:00","dateModified":"2020-10-19T06:17:07+00:00","breadcrumb":{"@id":"https:\/\/evertonfc.cz\/index.php\/2020\/10\/12\/everton-w-west-ham-united-w-31\/#breadcrumb"},"inLanguage":"cs","potentialAction":[{"@type":"ReadAction","target":["https:\/\/evertonfc.cz\/index.php\/2020\/10\/12\/everton-w-west-ham-united-w-31\/"]}]},{"@type":"ImageObject","inLanguage":"cs","@id":"https:\/\/evertonfc.cz\/index.php\/2020\/10\/12\/everton-w-west-ham-united-w-31\/#primaryimage","url":"https:\/\/evertonfc.cz\/wp-content\/uploads\/2020\/10\/everton-W-west-ham-W-11-10-2020.jpg","contentUrl":"https:\/\/evertonfc.cz\/wp-content\/uploads\/2020\/10\/everton-W-west-ham-W-11-10-2020.jpg","width":720,"height":405},{"@type":"BreadcrumbList","@id":"https:\/\/evertonfc.cz\/index.php\/2020\/10\/12\/everton-w-west-ham-united-w-31\/#breadcrumb","itemListElement":[{"@type":"ListItem","position":1,"name":"Home","item":"https:\/\/evertonfc.cz\/"},{"@type":"ListItem","position":2,"name":"Everton W &#8211; West Ham United W 3:1"}]},{"@type":"WebSite","@id":"https:\/\/evertonfc.cz\/#website","url":"https:\/\/evertonfc.cz\/","name":"Official Czech &amp; Slovak Everton Supporters&#039; Club","description":"","publisher":{"@id":"https:\/\/evertonfc.cz\/#organization"},"potentialAction":[{"@type":"SearchAction","target":{"@type":"EntryPoint","urlTemplate":"https:\/\/evertonfc.cz\/?s={search_term_string}"},"query-input":{"@type":"PropertyValueSpecification","valueRequired":true,"valueName":"search_term_string"}}],"inLanguage":"cs"},{"@type":"Organization","@id":"https:\/\/evertonfc.cz\/#organization","name":"Official Czech & Slovak Everton Supporters' Club","url":"https:\/\/evertonfc.cz\/","logo":{"@type":"ImageObject","inLanguage":"cs","@id":"https:\/\/evertonfc.cz\/#\/schema\/logo\/image\/","url":"https:\/\/evertonfc.cz\/wp-content\/uploads\/2019\/05\/logo.png","contentUrl":"https:\/\/evertonfc.cz\/wp-content\/uploads\/2019\/05\/logo.png","width":112,"height":112,"caption":"Official Czech & Slovak Everton Supporters' Club"},"image":{"@id":"https:\/\/evertonfc.cz\/#\/schema\/logo\/image\/"},"sameAs":["https:\/\/www.facebook.com\/everton.fans.cz.sk"]},{"@type":"Person","@id":"https:\/\/evertonfc.cz\/#\/schema\/person\/e9a24a80a32efa1344dd2c4e5882185c","name":"Karamela","url":"https:\/\/evertonfc.cz\/index.php\/author\/karamela\/"}]}},"_links":{"self":[{"href":"https:\/\/evertonfc.cz\/index.php\/wp-json\/wp\/v2\/posts\/12446"}],"collection":[{"href":"https:\/\/evertonfc.cz\/index.php\/wp-json\/wp\/v2\/posts"}],"about":[{"href":"https:\/\/evertonfc.cz\/index.php\/wp-json\/wp\/v2\/types\/post"}],"author":[{"embeddable":true,"href":"https:\/\/evertonfc.cz\/index.php\/wp-json\/wp\/v2\/users\/26"}],"replies":[{"embeddable":true,"href":"https:\/\/evertonfc.cz\/index.php\/wp-json\/wp\/v2\/comments?post=12446"}],"version-history":[{"count":15,"href":"https:\/\/evertonfc.cz\/index.php\/wp-json\/wp\/v2\/posts\/12446\/revisions"}],"predecessor-version":[{"id":12493,"href":"https:\/\/evertonfc.cz\/index.php\/wp-json\/wp\/v2\/posts\/12446\/revisions\/12493"}],"wp:featuredmedia":[{"embeddable":true,"href":"https:\/\/evertonfc.cz\/index.php\/wp-json\/wp\/v2\/media\/12682"}],"wp:attachment":[{"href":"https:\/\/evertonfc.cz\/index.php\/wp-json\/wp\/v2\/media?parent=12446"}],"wp:term":[{"taxonomy":"category","embeddable":true,"href":"https:\/\/evertonfc.cz\/index.php\/wp-json\/wp\/v2\/categories?post=12446"},{"taxonomy":"post_tag","embeddable":true,"href":"https:\/\/evertonfc.cz\/index.php\/wp-json\/wp\/v2\/tags?post=12446"}],"curies":[{"name":"wp","href":"https:\/\/api.w.org\/{rel}","templated":true}]}}