{"id":12529,"date":"2020-10-16T12:06:37","date_gmt":"2020-10-16T10:06:37","guid":{"rendered":"https:\/\/evertonfc.cz\/?p=12529"},"modified":"2020-10-16T17:05:07","modified_gmt":"2020-10-16T15:05:07","slug":"preview-everton-liverpool-10","status":"publish","type":"post","link":"https:\/\/evertonfc.cz\/index.php\/2020\/10\/16\/preview-everton-liverpool-10\/","title":{"rendered":"Preview: Everton \u2013 Liverpool"},"content":{"rendered":"<h4>V sobotu se u\u017e po 237. bude opakovat spekt\u00e1kl zvan\u00fd Merseyside derby. L\u00e9pe bude nechat minulost stranou a soust\u0159edit se na to, co se d\u011bje te\u010f. A te\u010f to zrovna vypad\u00e1 mod\u0159e, tak\u017ee dob\u0159e.<\/h4>\n<p>Ano, posledn\u00ed l\u00e9ta se Evertonu v\u00a0derby neda\u0159\u00ed. Asi by se dalo j\u00edt je\u0161t\u011b d\u00e1l, ale posledn\u00ed v\u00fdhra se Toffees poda\u0159ila na Goodison Parku p\u0159esn\u011b 17. \u0159\u00edjna 2010. Od t\u00e9 doby se hr\u00e1lo dvaadvacetkr\u00e1t, vyhr\u00e1t se nepoda\u0159ilo. U\u017e se d\u00e1 \u0159\u00edct, \u017ee na ten pocit jsme zapomn\u011bli. N\u011bkdy byla touha po v\u00edt\u011bzstv\u00ed a\u017e zaml\u017eena vz\u00e1jemnou rivalitou, zoufal\u00e1 snaha prolomit s\u00e9rii a\u017e svazovala nohy. \u010casto jsem tak vid\u011bli individu\u00e1ln\u00ed chyby, n\u011bkdy trestuhodnou taktickou opatrnost, a\u017e b\u00e1zlivost.<\/p>\n<h4><strong>Neohl\u00ed\u017eet se, ale j\u00edt vp\u0159ed<\/strong><\/h4>\n<p>Nyn\u00ed se ale na modr\u00e9 stran\u011b objevil nov\u00fd v\u016fdce, kter\u00fd m\u016f\u017ee sjednotit s\u00edly sv\u00fdch v\u011brn\u00fdch, dodat jim pot\u0159ebnou kur\u00e1\u017e a p\u0159in\u00e9st radost do t\u00e1bora Modr\u00fdch. Jeho jm\u00e9no je Carlo Ancelotti. P\u0159i\u0161el z\u00a0ji\u017en\u00edch kraj\u016f, p\u0159ijal v\u0161ak na\u0161i identitu za svou a op\u011bt za\u017eehl nad\u011bji v\u00a0na\u0161ich srdc\u00edch. P\u0159i\u0161el, aby vr\u00e1til klubu za\u0161lou sl\u00e1vu, aby p\u0159estav\u011bl t\u00fdm ch\u0159adnouc\u00edch hv\u011bzd bez ambic\u00ed. U\u017e to za\u010dalo. Hlavn\u00ed nedostatky v\u00a0person\u00e1lu byly identifikov\u00e1ny, vznikla t\u00e9m\u011b\u0159 kompletn\u011b nov\u00e1 z\u00e1lo\u017en\u00ed \u0159ada, se kterou si neradno zahr\u00e1vat. Kouzlo osobnosti, zdvihnut\u00e9 obo\u010d\u00ed, ale i vnit\u0159n\u00ed klid a nadhled dok\u00e1zalo pohnout v\u0161echna srdce, aby za\u010dala b\u00fdt do jednoho rytmu. K\u00a0v\u00edt\u011bzstv\u00ed! V\u00fdsledky se dostavily, p\u0159ed pauzou Everton p\u0159etla\u010dil v\u0161echny soupe\u0159e a je na \u010dele ne\u00fapln\u00e9 tabulky.<\/p>\n<p>Na druh\u00e9 stran\u011b, temn\u00e1 s\u00edla nikdy nesp\u00ed. Redshites neboli kopites a dal\u0161\u00ed turist\u00e9 z\u00a0Norska a jin\u00fdch kout\u016f oslavili v\u00a0minul\u00e9 sez\u00f3n\u011b po dlouh\u00e9 dob\u011b mistrovsk\u00fd titul. A a\u010d se to zd\u00e1 neuv\u011b\u0159iteln\u00e9, \u0161lo o triumf zaslou\u017een\u00fd. T\u00fdm fungoval jako t\u00fdm a terorizoval v\u0161echny ostatn\u00ed.<\/p>\n<p>Na obhajobu titulu je ale t\u011b\u017ek\u00e1 doba. Okolnosti zkr\u00e1tily letn\u00ed p\u0159\u00edpravu na polovinu. Pro t\u00fdmy, kter\u00e9 se jako skot pasou na bohat\u00fdch luk\u00e1ch takzvan\u00e9 Ligy mistr\u016f, nezbylo dost \u010dasu na regeneraci a restart v krav\u00edn\u011b. \u010cerven\u00ed sice za\u010dali sez\u00f3nu dob\u0159e a p\u0159ehr\u00e1li u\u017e \u0159adu t\u011b\u017ek\u00fdch soupe\u0159\u016f, ale v posledn\u00edm z\u00e1pase narazili. Kdo si pro pobaven\u00ed pustil sest\u0159ih z jatek ve Villa Parku, nemohl si nev\u0161imnut vedle \u010detn\u00fdch individu\u00e1ln\u00edch chyb i celkov\u00e9 odevzdanosti. N\u00e1\u0161 sok ale dostal dar v podob\u011b 2 t\u00fddn\u016f d\u00e1t se do po\u0159\u00e1dku a vr\u00e1tit se zp\u011bt na koleje. Kdo v\u00ed, mo\u017en\u00e1 je 5 let heavy metalu u\u017e moc.<\/p>\n<h4><strong>Jak zv\u00edt\u011bzit<\/strong><\/h4>\n<p>P\u0159ipravit si \u00fasp\u011bch vy\u017eaduje studovat soupe\u0159e a zn\u00e1t jeho siln\u00e9 str\u00e1nky i slabiny. J\u00e1 na to nem\u00e1m \u017ealudek, tak\u017ee jsem nabral v\u011bdomosti jinde. Zam\u011b\u0159ili se p\u0159ev\u00e1\u017en\u011b na slabiny, kter\u00e9 jinak velmi dob\u0159e funguj\u00edc\u00ed stroj J\u00fcrgena Kloppa m\u00e1.<\/p>\n<p>D\u016fle\u017eitou roli hraje v\u017edy brank\u00e1\u0159. V\u00a0Alissonovi m\u00e1 tren\u00e9r velkou oporu, ale je pravd\u011bpodobn\u00e9, \u017ee toho do hry nepust\u00ed zran\u011bn\u00ed ramene. Jeho z\u00e1stupce Adri\u00e1n se p\u0159i vlastn\u00ed rozehr\u00e1vce nejednou dostal do pot\u00ed\u017e\u00ed. Od zm\u011bny pravidel ohledn\u011b rozehr\u00e1n\u00ed m\u00ed\u010de od br\u00e1ny je ale tento postup velmi obl\u00edben\u00fd.<\/p>\n<p>Podobn\u011b v obran\u011b maj\u00ed Reds velmi cen\u011bnou modlu, Virgila van Dijka. Ale jeden \u010dlov\u011bk obranu ned\u011bl\u00e1. Jako z dal\u0161\u00edch slab\u0161\u00edch \u010dl\u00e1nk\u016f \u0159et\u011bzu se tedy nab\u00edz\u00ed druh\u00fd obr\u00e1nce. Na n\u011bj \u010dasto oponenti soust\u0159ed\u00ed sv\u016fj tlak. Joe Gomez proti Villans vypadal zoufale, Joel Matip se mo\u017en\u00e1 stihne vr\u00e1tit po zran\u011bn\u00ed, ale jeho kondice bude v z\u00e1pase nepochybn\u011b prov\u011b\u0159ena. To stejn\u00e9 plat\u00ed pro oba krajn\u00ed obr\u00e1nce, jejich\u017e v\u00fdlety na polovinu soupe\u0159e mohou vytv\u00e1\u0159et voln\u00fd prostor pro proti\u00fatoky. Klopp si toho je ur\u010dit\u011b v\u011bdom, uvid\u00edme, jak na to bude reagovat.<\/p>\n<p>St\u0159edov\u00e1 \u0159ada obsahuje mimo jin\u00e9 \u00fadajn\u011b nejlep\u0161\u00edho hr\u00e1\u010de lo\u0148sk\u00e9ho ro\u010dn\u00edku \u2013 Jordana Hendersona. Nav\u00edc byla posiln\u011bna o Thiago Alcantaru. Ale pr\u00e1v\u011b zde se proti nim vyno\u0159ila nov\u00e1 s\u00edla, pramen nejv\u011bt\u0161\u00edho sebev\u011bdom\u00ed pro Everton. V nov\u00e9m slo\u017een\u00ed p\u016fsob\u00ed opravdu v\u00edce flexibiln\u011b a poskytuje v\u00edce klidu a \u010dasu pro cel\u00fd t\u00fdm. Everton d\u00edk tomu m\u016f\u017ee vytv\u00e1\u0159et v\u011bt\u0161\u00ed tlak na soupe\u0159e. Nebude se hn\u00e1t tolik za dlouh\u00fdmi p\u0159ihr\u00e1vkami, \u00fatok by m\u011bl b\u00fdt v\u00edce postupn\u00fd a m\u00e9n\u011b \u010diteln\u00fd. Bude to ale velk\u00e1 zkou\u0161ka.<\/p>\n<p>Tak\u00e9 ofenz\u00edva se do\u010dkala posiln\u011bn\u00ed. U\u017e tak k v\u00fdborn\u00fdm zabij\u00e1k\u016fm Salahovi, Man\u00e9mu a Firminovi najali je\u0161t\u011b Diega Jotu. Chlapec m\u011bl snad kdysi st\u0159\u00edpek dobra, zap\u00edchnut\u00fd ve sv\u00e9m srdci, ale t\u011b\u017eko spol\u00e9hat na to, \u017ee si d\u00e1 vlastn\u00ed g\u00f3l. Net\u0159eba zapom\u00ednat na Minamina nebo star\u00e9ho zn\u00e1m\u00e9ho Curtise Jonese. Nejlep\u0161\u00ed obranou je \u00fatok, nejl\u00e9pe by tak bylo nedat t\u011bmto pred\u00e1tor\u016fm moc prostoru.<\/p>\n<h4><strong>Co se nov\u00e9ho<\/strong><\/h4>\n<p>Telegraficky: DCL si odbyl vysn\u011bn\u00fd debut ve dresu Albionu, hned si p\u0159ipsal i branku. Budi\u017e to pro n\u011bj povzbuzen\u00edm k dal\u0161\u00ed dobr\u00e9 pr\u00e1ci pro klub! Pickford m\u00e1 st\u00e1le velkou d\u016fv\u011bru od Garetha Southgata, to je taky dob\u0159e. Gylfi Th\u00f3r se trefil dvakr\u00e1t a p\u0159ibl\u00ed\u017eil Island k dal\u0161\u00edmu mistrovstv\u00ed Evropy. Bohu\u017eel, i n\u011bjak\u00e1 ta men\u0161\u00ed zran\u011bn\u00ed se objevila, a tak se na seznamu terapeut\u016f objevili, snad jen do\u010dasn\u011b, Allan, Coleman, Gomes, Digne, Mina. Ale snad by m\u011bli b\u00fdt v\u0161ichni v po\u0159\u00e1dku. Alternativy pro obranu nav\u00fd\u0161il p\u0159\u00edchod Bena Godfreye, kter\u00fd byl o pauze vyt\u00ed\u017een anglickou jednadvac\u00edtkou. Dost mo\u017en\u00e1 i z\u00e1stup pro brank\u00e1\u0159e obstar\u00e1 poprv\u00e9 \u0161v\u00e9dsk\u00fd matador Robin Olsen. Hodn\u011b zdaru v\u0161em!<\/p>\n<p>Redshite, jak se zd\u00e1, se zran\u011bn\u00ed ve st\u00e1tn\u00edch slu\u017eb\u00e1ch tentokr\u00e1t net\u00fdk\u00e1. Naopak se dol\u00e9\u010dili ji\u017e v\u00fd\u0161e zmi\u0148ovan\u00ed Alcantar\u00e1 a Matip, otazn\u00edky je\u0161t\u011b vis\u00ed kolem Man\u00e9ho.<\/p>\n<p><strong>Co<\/strong>: Everton FC \u2013 Liverpool FC<br \/>\n<strong>Kdy<\/strong>: sobota 17.10. 2020 od 13:30 SE\u010c<br \/>\n<strong>TV<\/strong>: p\u0159\u00edm\u00fd p\u0159enos na stanici Premier Sport.<br \/>\n<strong>Rozhod\u010d\u00ed<\/strong>: Michael Oliver &#8211; Stuart Burt, Simon Bennett\u00a0<strong>\u010ctvrt\u00fd rozhod\u010d\u00ed<\/strong><strong>:<\/strong> Paul Tierney<br \/>\n<strong>VAR<\/strong>: David Coote\u00a0<strong>Asistent VAR<\/strong>: Lee Betts<\/p>\n","protected":false},"excerpt":{"rendered":"<p>V sobotu se u\u017e po 237. bude opakovat spekt\u00e1kl zvan\u00fd Merseyside derby. L\u00e9pe bude nechat minulost stranou a soust\u0159edit se na to, co se d\u011bje te\u010f. A te\u010f to zrovna vypad\u00e1 mod\u0159e, tak\u017ee dob\u0159e.<\/p>\n","protected":false},"author":10,"featured_media":5827,"comment_status":"open","ping_status":"closed","sticky":false,"template":"","format":"standard","meta":{"_eb_attr":"","_monsterinsights_skip_tracking":false,"_monsterinsights_sitenote_active":false,"_monsterinsights_sitenote_note":"","_monsterinsights_sitenote_category":0,"footnotes":""},"categories":[4],"tags":[],"yoast_head":"<!-- This site is optimized with the Yoast SEO plugin v23.4 - https:\/\/yoast.com\/wordpress\/plugins\/seo\/ -->\n<title>Preview: Everton \u2013 Liverpool - Official Czech &amp; Slovak Everton Supporters&#039; Club<\/title>\n<meta name=\"robots\" content=\"index, follow, max-snippet:-1, max-image-preview:large, max-video-preview:-1\" \/>\n<link rel=\"canonical\" href=\"https:\/\/evertonfc.cz\/index.php\/2020\/10\/16\/preview-everton-liverpool-10\/\" \/>\n<meta property=\"og:locale\" content=\"cs_CZ\" \/>\n<meta property=\"og:type\" content=\"article\" \/>\n<meta property=\"og:title\" content=\"Preview: Everton \u2013 Liverpool - Official Czech &amp; Slovak Everton Supporters&#039; Club\" \/>\n<meta property=\"og:description\" content=\"V sobotu se u\u017e po 237. bude opakovat spekt\u00e1kl zvan\u00fd Merseyside derby. L\u00e9pe bude nechat minulost stranou a soust\u0159edit se na to, co se d\u011bje te\u010f. A te\u010f to zrovna vypad\u00e1 mod\u0159e, tak\u017ee dob\u0159e.\" \/>\n<meta property=\"og:url\" content=\"https:\/\/evertonfc.cz\/index.php\/2020\/10\/16\/preview-everton-liverpool-10\/\" \/>\n<meta property=\"og:site_name\" content=\"Official Czech &amp; Slovak Everton Supporters&#039; Club\" \/>\n<meta property=\"article:publisher\" content=\"https:\/\/www.facebook.com\/everton.fans.cz.sk\" \/>\n<meta property=\"article:published_time\" content=\"2020-10-16T10:06:37+00:00\" \/>\n<meta property=\"article:modified_time\" content=\"2020-10-16T15:05:07+00:00\" \/>\n<meta property=\"og:image\" content=\"https:\/\/evertonfc.cz\/wp-content\/uploads\/2019\/02\/gs_sp.jpg\" \/>\n\t<meta property=\"og:image:width\" content=\"720\" \/>\n\t<meta property=\"og:image:height\" content=\"405\" \/>\n\t<meta property=\"og:image:type\" content=\"image\/jpeg\" \/>\n<meta name=\"author\" content=\"Fip\" \/>\n<meta name=\"twitter:card\" content=\"summary_large_image\" \/>\n<meta name=\"twitter:label1\" content=\"Napsal(a)\" \/>\n\t<meta name=\"twitter:data1\" content=\"Fip\" \/>\n\t<meta name=\"twitter:label2\" content=\"Odhadovan\u00e1 doba \u010dten\u00ed\" \/>\n\t<meta name=\"twitter:data2\" content=\"6 minut\" \/>\n<script type=\"application\/ld+json\" class=\"yoast-schema-graph\">{\"@context\":\"https:\/\/schema.org\",\"@graph\":[{\"@type\":\"Article\",\"@id\":\"https:\/\/evertonfc.cz\/index.php\/2020\/10\/16\/preview-everton-liverpool-10\/#article\",\"isPartOf\":{\"@id\":\"https:\/\/evertonfc.cz\/index.php\/2020\/10\/16\/preview-everton-liverpool-10\/\"},\"author\":{\"name\":\"Fip\",\"@id\":\"https:\/\/evertonfc.cz\/#\/schema\/person\/35904009755e8eaa0dc1a5f5f0419002\"},\"headline\":\"Preview: Everton \u2013 Liverpool\",\"datePublished\":\"2020-10-16T10:06:37+00:00\",\"dateModified\":\"2020-10-16T15:05:07+00:00\",\"mainEntityOfPage\":{\"@id\":\"https:\/\/evertonfc.cz\/index.php\/2020\/10\/16\/preview-everton-liverpool-10\/\"},\"wordCount\":1143,\"commentCount\":16,\"publisher\":{\"@id\":\"https:\/\/evertonfc.cz\/#organization\"},\"image\":{\"@id\":\"https:\/\/evertonfc.cz\/index.php\/2020\/10\/16\/preview-everton-liverpool-10\/#primaryimage\"},\"thumbnailUrl\":\"https:\/\/evertonfc.cz\/wp-content\/uploads\/2019\/02\/gs_sp.jpg\",\"articleSection\":[\"Z\u00e1pasy\"],\"inLanguage\":\"cs\",\"potentialAction\":[{\"@type\":\"CommentAction\",\"name\":\"Comment\",\"target\":[\"https:\/\/evertonfc.cz\/index.php\/2020\/10\/16\/preview-everton-liverpool-10\/#respond\"]}]},{\"@type\":\"WebPage\",\"@id\":\"https:\/\/evertonfc.cz\/index.php\/2020\/10\/16\/preview-everton-liverpool-10\/\",\"url\":\"https:\/\/evertonfc.cz\/index.php\/2020\/10\/16\/preview-everton-liverpool-10\/\",\"name\":\"Preview: Everton \u2013 Liverpool - Official Czech &amp; Slovak Everton Supporters&#039; Club\",\"isPartOf\":{\"@id\":\"https:\/\/evertonfc.cz\/#website\"},\"primaryImageOfPage\":{\"@id\":\"https:\/\/evertonfc.cz\/index.php\/2020\/10\/16\/preview-everton-liverpool-10\/#primaryimage\"},\"image\":{\"@id\":\"https:\/\/evertonfc.cz\/index.php\/2020\/10\/16\/preview-everton-liverpool-10\/#primaryimage\"},\"thumbnailUrl\":\"https:\/\/evertonfc.cz\/wp-content\/uploads\/2019\/02\/gs_sp.jpg\",\"datePublished\":\"2020-10-16T10:06:37+00:00\",\"dateModified\":\"2020-10-16T15:05:07+00:00\",\"breadcrumb\":{\"@id\":\"https:\/\/evertonfc.cz\/index.php\/2020\/10\/16\/preview-everton-liverpool-10\/#breadcrumb\"},\"inLanguage\":\"cs\",\"potentialAction\":[{\"@type\":\"ReadAction\",\"target\":[\"https:\/\/evertonfc.cz\/index.php\/2020\/10\/16\/preview-everton-liverpool-10\/\"]}]},{\"@type\":\"ImageObject\",\"inLanguage\":\"cs\",\"@id\":\"https:\/\/evertonfc.cz\/index.php\/2020\/10\/16\/preview-everton-liverpool-10\/#primaryimage\",\"url\":\"https:\/\/evertonfc.cz\/wp-content\/uploads\/2019\/02\/gs_sp.jpg\",\"contentUrl\":\"https:\/\/evertonfc.cz\/wp-content\/uploads\/2019\/02\/gs_sp.jpg\",\"width\":720,\"height\":405},{\"@type\":\"BreadcrumbList\",\"@id\":\"https:\/\/evertonfc.cz\/index.php\/2020\/10\/16\/preview-everton-liverpool-10\/#breadcrumb\",\"itemListElement\":[{\"@type\":\"ListItem\",\"position\":1,\"name\":\"Home\",\"item\":\"https:\/\/evertonfc.cz\/\"},{\"@type\":\"ListItem\",\"position\":2,\"name\":\"Preview: Everton \u2013 Liverpool\"}]},{\"@type\":\"WebSite\",\"@id\":\"https:\/\/evertonfc.cz\/#website\",\"url\":\"https:\/\/evertonfc.cz\/\",\"name\":\"Official Czech &amp; Slovak Everton Supporters&#039; Club\",\"description\":\"\",\"publisher\":{\"@id\":\"https:\/\/evertonfc.cz\/#organization\"},\"potentialAction\":[{\"@type\":\"SearchAction\",\"target\":{\"@type\":\"EntryPoint\",\"urlTemplate\":\"https:\/\/evertonfc.cz\/?s={search_term_string}\"},\"query-input\":{\"@type\":\"PropertyValueSpecification\",\"valueRequired\":true,\"valueName\":\"search_term_string\"}}],\"inLanguage\":\"cs\"},{\"@type\":\"Organization\",\"@id\":\"https:\/\/evertonfc.cz\/#organization\",\"name\":\"Official Czech & Slovak Everton Supporters' Club\",\"url\":\"https:\/\/evertonfc.cz\/\",\"logo\":{\"@type\":\"ImageObject\",\"inLanguage\":\"cs\",\"@id\":\"https:\/\/evertonfc.cz\/#\/schema\/logo\/image\/\",\"url\":\"https:\/\/evertonfc.cz\/wp-content\/uploads\/2019\/05\/logo.png\",\"contentUrl\":\"https:\/\/evertonfc.cz\/wp-content\/uploads\/2019\/05\/logo.png\",\"width\":112,\"height\":112,\"caption\":\"Official Czech & Slovak Everton Supporters' Club\"},\"image\":{\"@id\":\"https:\/\/evertonfc.cz\/#\/schema\/logo\/image\/\"},\"sameAs\":[\"https:\/\/www.facebook.com\/everton.fans.cz.sk\"]},{\"@type\":\"Person\",\"@id\":\"https:\/\/evertonfc.cz\/#\/schema\/person\/35904009755e8eaa0dc1a5f5f0419002\",\"name\":\"Fip\",\"url\":\"https:\/\/evertonfc.cz\/index.php\/author\/fip\/\"}]}<\/script>\n<!-- \/ Yoast SEO plugin. -->","yoast_head_json":{"title":"Preview: Everton \u2013 Liverpool - Official Czech &amp; Slovak Everton Supporters&#039; Club","robots":{"index":"index","follow":"follow","max-snippet":"max-snippet:-1","max-image-preview":"max-image-preview:large","max-video-preview":"max-video-preview:-1"},"canonical":"https:\/\/evertonfc.cz\/index.php\/2020\/10\/16\/preview-everton-liverpool-10\/","og_locale":"cs_CZ","og_type":"article","og_title":"Preview: Everton \u2013 Liverpool - Official Czech &amp; Slovak Everton Supporters&#039; Club","og_description":"V sobotu se u\u017e po 237. bude opakovat spekt\u00e1kl zvan\u00fd Merseyside derby. L\u00e9pe bude nechat minulost stranou a soust\u0159edit se na to, co se d\u011bje te\u010f. A te\u010f to zrovna vypad\u00e1 mod\u0159e, tak\u017ee dob\u0159e.","og_url":"https:\/\/evertonfc.cz\/index.php\/2020\/10\/16\/preview-everton-liverpool-10\/","og_site_name":"Official Czech &amp; Slovak Everton Supporters&#039; Club","article_publisher":"https:\/\/www.facebook.com\/everton.fans.cz.sk","article_published_time":"2020-10-16T10:06:37+00:00","article_modified_time":"2020-10-16T15:05:07+00:00","og_image":[{"width":720,"height":405,"url":"https:\/\/evertonfc.cz\/wp-content\/uploads\/2019\/02\/gs_sp.jpg","type":"image\/jpeg"}],"author":"Fip","twitter_card":"summary_large_image","twitter_misc":{"Napsal(a)":"Fip","Odhadovan\u00e1 doba \u010dten\u00ed":"6 minut"},"schema":{"@context":"https:\/\/schema.org","@graph":[{"@type":"Article","@id":"https:\/\/evertonfc.cz\/index.php\/2020\/10\/16\/preview-everton-liverpool-10\/#article","isPartOf":{"@id":"https:\/\/evertonfc.cz\/index.php\/2020\/10\/16\/preview-everton-liverpool-10\/"},"author":{"name":"Fip","@id":"https:\/\/evertonfc.cz\/#\/schema\/person\/35904009755e8eaa0dc1a5f5f0419002"},"headline":"Preview: Everton \u2013 Liverpool","datePublished":"2020-10-16T10:06:37+00:00","dateModified":"2020-10-16T15:05:07+00:00","mainEntityOfPage":{"@id":"https:\/\/evertonfc.cz\/index.php\/2020\/10\/16\/preview-everton-liverpool-10\/"},"wordCount":1143,"commentCount":16,"publisher":{"@id":"https:\/\/evertonfc.cz\/#organization"},"image":{"@id":"https:\/\/evertonfc.cz\/index.php\/2020\/10\/16\/preview-everton-liverpool-10\/#primaryimage"},"thumbnailUrl":"https:\/\/evertonfc.cz\/wp-content\/uploads\/2019\/02\/gs_sp.jpg","articleSection":["Z\u00e1pasy"],"inLanguage":"cs","potentialAction":[{"@type":"CommentAction","name":"Comment","target":["https:\/\/evertonfc.cz\/index.php\/2020\/10\/16\/preview-everton-liverpool-10\/#respond"]}]},{"@type":"WebPage","@id":"https:\/\/evertonfc.cz\/index.php\/2020\/10\/16\/preview-everton-liverpool-10\/","url":"https:\/\/evertonfc.cz\/index.php\/2020\/10\/16\/preview-everton-liverpool-10\/","name":"Preview: Everton \u2013 Liverpool - Official Czech &amp; Slovak Everton Supporters&#039; Club","isPartOf":{"@id":"https:\/\/evertonfc.cz\/#website"},"primaryImageOfPage":{"@id":"https:\/\/evertonfc.cz\/index.php\/2020\/10\/16\/preview-everton-liverpool-10\/#primaryimage"},"image":{"@id":"https:\/\/evertonfc.cz\/index.php\/2020\/10\/16\/preview-everton-liverpool-10\/#primaryimage"},"thumbnailUrl":"https:\/\/evertonfc.cz\/wp-content\/uploads\/2019\/02\/gs_sp.jpg","datePublished":"2020-10-16T10:06:37+00:00","dateModified":"2020-10-16T15:05:07+00:00","breadcrumb":{"@id":"https:\/\/evertonfc.cz\/index.php\/2020\/10\/16\/preview-everton-liverpool-10\/#breadcrumb"},"inLanguage":"cs","potentialAction":[{"@type":"ReadAction","target":["https:\/\/evertonfc.cz\/index.php\/2020\/10\/16\/preview-everton-liverpool-10\/"]}]},{"@type":"ImageObject","inLanguage":"cs","@id":"https:\/\/evertonfc.cz\/index.php\/2020\/10\/16\/preview-everton-liverpool-10\/#primaryimage","url":"https:\/\/evertonfc.cz\/wp-content\/uploads\/2019\/02\/gs_sp.jpg","contentUrl":"https:\/\/evertonfc.cz\/wp-content\/uploads\/2019\/02\/gs_sp.jpg","width":720,"height":405},{"@type":"BreadcrumbList","@id":"https:\/\/evertonfc.cz\/index.php\/2020\/10\/16\/preview-everton-liverpool-10\/#breadcrumb","itemListElement":[{"@type":"ListItem","position":1,"name":"Home","item":"https:\/\/evertonfc.cz\/"},{"@type":"ListItem","position":2,"name":"Preview: Everton \u2013 Liverpool"}]},{"@type":"WebSite","@id":"https:\/\/evertonfc.cz\/#website","url":"https:\/\/evertonfc.cz\/","name":"Official Czech &amp; Slovak Everton Supporters&#039; Club","description":"","publisher":{"@id":"https:\/\/evertonfc.cz\/#organization"},"potentialAction":[{"@type":"SearchAction","target":{"@type":"EntryPoint","urlTemplate":"https:\/\/evertonfc.cz\/?s={search_term_string}"},"query-input":{"@type":"PropertyValueSpecification","valueRequired":true,"valueName":"search_term_string"}}],"inLanguage":"cs"},{"@type":"Organization","@id":"https:\/\/evertonfc.cz\/#organization","name":"Official Czech & Slovak Everton Supporters' Club","url":"https:\/\/evertonfc.cz\/","logo":{"@type":"ImageObject","inLanguage":"cs","@id":"https:\/\/evertonfc.cz\/#\/schema\/logo\/image\/","url":"https:\/\/evertonfc.cz\/wp-content\/uploads\/2019\/05\/logo.png","contentUrl":"https:\/\/evertonfc.cz\/wp-content\/uploads\/2019\/05\/logo.png","width":112,"height":112,"caption":"Official Czech & Slovak Everton Supporters' Club"},"image":{"@id":"https:\/\/evertonfc.cz\/#\/schema\/logo\/image\/"},"sameAs":["https:\/\/www.facebook.com\/everton.fans.cz.sk"]},{"@type":"Person","@id":"https:\/\/evertonfc.cz\/#\/schema\/person\/35904009755e8eaa0dc1a5f5f0419002","name":"Fip","url":"https:\/\/evertonfc.cz\/index.php\/author\/fip\/"}]}},"_links":{"self":[{"href":"https:\/\/evertonfc.cz\/index.php\/wp-json\/wp\/v2\/posts\/12529"}],"collection":[{"href":"https:\/\/evertonfc.cz\/index.php\/wp-json\/wp\/v2\/posts"}],"about":[{"href":"https:\/\/evertonfc.cz\/index.php\/wp-json\/wp\/v2\/types\/post"}],"author":[{"embeddable":true,"href":"https:\/\/evertonfc.cz\/index.php\/wp-json\/wp\/v2\/users\/10"}],"replies":[{"embeddable":true,"href":"https:\/\/evertonfc.cz\/index.php\/wp-json\/wp\/v2\/comments?post=12529"}],"version-history":[{"count":9,"href":"https:\/\/evertonfc.cz\/index.php\/wp-json\/wp\/v2\/posts\/12529\/revisions"}],"predecessor-version":[{"id":12544,"href":"https:\/\/evertonfc.cz\/index.php\/wp-json\/wp\/v2\/posts\/12529\/revisions\/12544"}],"wp:featuredmedia":[{"embeddable":true,"href":"https:\/\/evertonfc.cz\/index.php\/wp-json\/wp\/v2\/media\/5827"}],"wp:attachment":[{"href":"https:\/\/evertonfc.cz\/index.php\/wp-json\/wp\/v2\/media?parent=12529"}],"wp:term":[{"taxonomy":"category","embeddable":true,"href":"https:\/\/evertonfc.cz\/index.php\/wp-json\/wp\/v2\/categories?post=12529"},{"taxonomy":"post_tag","embeddable":true,"href":"https:\/\/evertonfc.cz\/index.php\/wp-json\/wp\/v2\/tags?post=12529"}],"curies":[{"name":"wp","href":"https:\/\/api.w.org\/{rel}","templated":true}]}}