{"id":12551,"date":"2020-10-17T12:24:23","date_gmt":"2020-10-17T10:24:23","guid":{"rendered":"https:\/\/evertonfc.cz\/?p=12551"},"modified":"2020-10-17T12:24:23","modified_gmt":"2020-10-17T10:24:23","slug":"odkaz-kapitana-pred-derby","status":"publish","type":"post","link":"https:\/\/evertonfc.cz\/index.php\/2020\/10\/17\/odkaz-kapitana-pred-derby\/","title":{"rendered":"Odkaz kapit\u00e1na pred derby"},"content":{"rendered":"<h4>S\u00e9amus Coleman je u\u017e v\u00a0Evertone jeden\u00e1stym rokom. Od len \u0161es\u0165desiattis\u00edcovej posily sa prepracoval a\u017e na kapit\u00e1na t\u00edmu a\u00a0t\u00fato zodpovednos\u0165 vyu\u017eil na pr\u00edhovor.<\/h4>\n<p>Je to u\u017e dlho, \u010do sme sa bl\u00ed\u017eili k derby vo ved\u00facej poz\u00edcii v Premier League. St\u00e1le je e\u0161te ve\u013emi skoro, ale tabu\u013eka nepochybne pon\u00faka Evertonians pr\u00edjemn\u00e9 \u010d\u00edtanie. A\u00a0to je nie\u010do, \u010do si chceme uchova\u0165 \u010do najdlh\u0161ie.<\/p>\n<p>V posledn\u00fdch t\u00fd\u017ed\u0148och sa v Premier League vyskytli zvl\u00e1\u0161tne v\u00fdsledky, \u017eiadny v\u0161ak nie tak ako ten Liverpoolu v Aston Ville. Je ale ve\u013emi m\u00e1lo v\u00fdpovedn\u00fd. Vieme, s ak\u00fdm kvalitn\u00fdm t\u00edmom sa dnes stretneme a v\u0161etko, \u010do v z\u00e1pase dosiahneme, bude \u0165a\u017eko odroben\u00e9.<\/p>\n<p>Ale tie\u017e dod\u00e1m, \u017ee moment\u00e1lne sme pln\u00ed sebad\u00f4very. Ako som povedal, sme na za\u010diatku, ale dobr\u00fd \u0161tart do sez\u00f3ny je to, \u010do ka\u017ed\u00fd chce, a mus\u00edme by\u0165 spokojn\u00ed s t\u00fdm, ako sa veci maj\u00fa. A ka\u017ed\u00fd \u010dlen t\u00edmu prispieva. Nevyhr\u00e1vate z\u00e1pasy, pokia\u013e v\u00e1\u0161 tr\u00e9ning nie je najvy\u0161\u0161ej kvality a ka\u017ed\u00fd z n\u00e1s sa star\u00e1 o to, aby tomu presne tak bolo. V\u0161etci sa navz\u00e1jom sk\u00fa\u0161ame a usilujeme o to, aby konkurencia na postoch bola \u010do najv\u00e4\u010d\u0161ia.<\/p>\n<p>Na z\u00e1ver spr\u00e1va pre v\u0161etk\u00fdch na\u0161ich priaznivcov &#8230; vlastne pre fan\u00fa\u0161ikov oboch klubov. Nem\u00f4\u017eem si pom\u00f4c\u0165, ale mysl\u00edm si, \u017ee dne\u0161n\u00e1 atmosf\u00e9ra by bola v\u00a0Goodison Parku najlep\u0161ia, v akej som kedy hral. Viem si predstavi\u0165 iba ten hluk pred z\u00e1pasom a budem \u00faprimn\u00fd, mrz\u00ed ma, \u017ee to neza\u017eijeme tento v\u00edkend. Absol\u00fatne milujem atmosf\u00e9ru v Merseyside derby a to, \u017ee nevid\u00edm Blues a Reds na \u0161tadi\u00f3ne, n\u00e1m pripom\u00edna, ak\u00e1 v\u00e1\u017ena situ\u00e1cia je.<\/p>\n<p>Mus\u00edme v\u0161ak dodr\u017eiava\u0165 pravidl\u00e1 a mus\u00edme si navz\u00e1jom st\u00e1le d\u00e1va\u0165 pozor. Doba je n\u00e1ro\u010dn\u00e1, o tom niet poch\u00fdb a ako hr\u00e1\u010di sa m\u00f4\u017eeme iba sna\u017ei\u0165, aby sme na tv\u00e1re prin\u00e1\u0161ali \u010do najviac \u00fasmevov.<\/p>\n<p>Tento v\u00edkend to bude robi\u0165 ka\u017ed\u00fd v kr\u00e1\u013eovskom modrom drese.<\/p>\n<p>Je to \u201eSpirit of the Blues\u201c!<\/p>\n<p>V\u0161etko dobr\u00e9 a zosta\u0148te v bezpe\u010d\u00ed.<\/p>\n<p><em>S\u00e9amus<\/em><\/p>\n<p style=\"text-align: right;\"><span style=\"font-size: 8pt;\">(fotozdroj: Sebastian Frej \/ MB Media)<\/span><\/p>\n","protected":false},"excerpt":{"rendered":"<p>S\u00e9amus Coleman je u\u017e v Evertone jeden\u00e1stym rokom. Od len \u0161es\u0165desiattis\u00edcovej posily sa prepracoval a\u017e na kapit\u00e1na t\u00edmu a t\u00fato zodpovednos\u0165 vyu\u017eil na pr\u00edhovor.<\/p>\n","protected":false},"author":1,"featured_media":12552,"comment_status":"open","ping_status":"closed","sticky":false,"template":"","format":"standard","meta":{"_eb_attr":"","_monsterinsights_skip_tracking":false,"_monsterinsights_sitenote_active":false,"_monsterinsights_sitenote_note":"","_monsterinsights_sitenote_category":0,"footnotes":""},"categories":[1],"tags":[],"yoast_head":"<!-- This site is optimized with the Yoast SEO plugin v23.4 - https:\/\/yoast.com\/wordpress\/plugins\/seo\/ -->\n<title>Odkaz kapit\u00e1na pred derby - Official Czech &amp; Slovak Everton Supporters&#039; Club<\/title>\n<meta name=\"robots\" content=\"index, follow, max-snippet:-1, max-image-preview:large, max-video-preview:-1\" \/>\n<link rel=\"canonical\" href=\"https:\/\/evertonfc.cz\/index.php\/2020\/10\/17\/odkaz-kapitana-pred-derby\/\" \/>\n<meta property=\"og:locale\" content=\"cs_CZ\" \/>\n<meta property=\"og:type\" content=\"article\" \/>\n<meta property=\"og:title\" content=\"Odkaz kapit\u00e1na pred derby - Official Czech &amp; Slovak Everton Supporters&#039; Club\" \/>\n<meta property=\"og:description\" content=\"S\u00e9amus Coleman je u\u017e v Evertone jeden\u00e1stym rokom. Od len \u0161es\u0165desiattis\u00edcovej posily sa prepracoval a\u017e na kapit\u00e1na t\u00edmu a t\u00fato zodpovednos\u0165 vyu\u017eil na pr\u00edhovor.\" \/>\n<meta property=\"og:url\" content=\"https:\/\/evertonfc.cz\/index.php\/2020\/10\/17\/odkaz-kapitana-pred-derby\/\" \/>\n<meta property=\"og:site_name\" content=\"Official Czech &amp; Slovak Everton Supporters&#039; Club\" \/>\n<meta property=\"article:publisher\" content=\"https:\/\/www.facebook.com\/everton.fans.cz.sk\" \/>\n<meta property=\"article:published_time\" content=\"2020-10-17T10:24:23+00:00\" \/>\n<meta property=\"og:image\" content=\"https:\/\/evertonfc.cz\/wp-content\/uploads\/2020\/10\/Coleman-Sebastian-Frej-MB-Media-17-10-2020.jpg\" \/>\n\t<meta property=\"og:image:width\" content=\"720\" \/>\n\t<meta property=\"og:image:height\" content=\"405\" \/>\n\t<meta property=\"og:image:type\" content=\"image\/jpeg\" \/>\n<meta name=\"author\" content=\"BlueBlooded\" \/>\n<meta name=\"twitter:card\" content=\"summary_large_image\" \/>\n<meta name=\"twitter:label1\" content=\"Napsal(a)\" \/>\n\t<meta name=\"twitter:data1\" content=\"BlueBlooded\" \/>\n\t<meta name=\"twitter:label2\" content=\"Odhadovan\u00e1 doba \u010dten\u00ed\" \/>\n\t<meta name=\"twitter:data2\" content=\"2 minuty\" \/>\n<script type=\"application\/ld+json\" class=\"yoast-schema-graph\">{\"@context\":\"https:\/\/schema.org\",\"@graph\":[{\"@type\":\"Article\",\"@id\":\"https:\/\/evertonfc.cz\/index.php\/2020\/10\/17\/odkaz-kapitana-pred-derby\/#article\",\"isPartOf\":{\"@id\":\"https:\/\/evertonfc.cz\/index.php\/2020\/10\/17\/odkaz-kapitana-pred-derby\/\"},\"author\":{\"name\":\"BlueBlooded\",\"@id\":\"https:\/\/evertonfc.cz\/#\/schema\/person\/d4493b8cbea51532597fbc4685698916\"},\"headline\":\"Odkaz kapit\u00e1na pred derby\",\"datePublished\":\"2020-10-17T10:24:23+00:00\",\"dateModified\":\"2020-10-17T10:24:23+00:00\",\"mainEntityOfPage\":{\"@id\":\"https:\/\/evertonfc.cz\/index.php\/2020\/10\/17\/odkaz-kapitana-pred-derby\/\"},\"wordCount\":416,\"commentCount\":0,\"publisher\":{\"@id\":\"https:\/\/evertonfc.cz\/#organization\"},\"image\":{\"@id\":\"https:\/\/evertonfc.cz\/index.php\/2020\/10\/17\/odkaz-kapitana-pred-derby\/#primaryimage\"},\"thumbnailUrl\":\"https:\/\/evertonfc.cz\/wp-content\/uploads\/2020\/10\/Coleman-Sebastian-Frej-MB-Media-17-10-2020.jpg\",\"articleSection\":[\"Rozhovory\"],\"inLanguage\":\"cs\",\"potentialAction\":[{\"@type\":\"CommentAction\",\"name\":\"Comment\",\"target\":[\"https:\/\/evertonfc.cz\/index.php\/2020\/10\/17\/odkaz-kapitana-pred-derby\/#respond\"]}]},{\"@type\":\"WebPage\",\"@id\":\"https:\/\/evertonfc.cz\/index.php\/2020\/10\/17\/odkaz-kapitana-pred-derby\/\",\"url\":\"https:\/\/evertonfc.cz\/index.php\/2020\/10\/17\/odkaz-kapitana-pred-derby\/\",\"name\":\"Odkaz kapit\u00e1na pred derby - Official Czech &amp; Slovak Everton Supporters&#039; Club\",\"isPartOf\":{\"@id\":\"https:\/\/evertonfc.cz\/#website\"},\"primaryImageOfPage\":{\"@id\":\"https:\/\/evertonfc.cz\/index.php\/2020\/10\/17\/odkaz-kapitana-pred-derby\/#primaryimage\"},\"image\":{\"@id\":\"https:\/\/evertonfc.cz\/index.php\/2020\/10\/17\/odkaz-kapitana-pred-derby\/#primaryimage\"},\"thumbnailUrl\":\"https:\/\/evertonfc.cz\/wp-content\/uploads\/2020\/10\/Coleman-Sebastian-Frej-MB-Media-17-10-2020.jpg\",\"datePublished\":\"2020-10-17T10:24:23+00:00\",\"dateModified\":\"2020-10-17T10:24:23+00:00\",\"breadcrumb\":{\"@id\":\"https:\/\/evertonfc.cz\/index.php\/2020\/10\/17\/odkaz-kapitana-pred-derby\/#breadcrumb\"},\"inLanguage\":\"cs\",\"potentialAction\":[{\"@type\":\"ReadAction\",\"target\":[\"https:\/\/evertonfc.cz\/index.php\/2020\/10\/17\/odkaz-kapitana-pred-derby\/\"]}]},{\"@type\":\"ImageObject\",\"inLanguage\":\"cs\",\"@id\":\"https:\/\/evertonfc.cz\/index.php\/2020\/10\/17\/odkaz-kapitana-pred-derby\/#primaryimage\",\"url\":\"https:\/\/evertonfc.cz\/wp-content\/uploads\/2020\/10\/Coleman-Sebastian-Frej-MB-Media-17-10-2020.jpg\",\"contentUrl\":\"https:\/\/evertonfc.cz\/wp-content\/uploads\/2020\/10\/Coleman-Sebastian-Frej-MB-Media-17-10-2020.jpg\",\"width\":720,\"height\":405},{\"@type\":\"BreadcrumbList\",\"@id\":\"https:\/\/evertonfc.cz\/index.php\/2020\/10\/17\/odkaz-kapitana-pred-derby\/#breadcrumb\",\"itemListElement\":[{\"@type\":\"ListItem\",\"position\":1,\"name\":\"Home\",\"item\":\"https:\/\/evertonfc.cz\/\"},{\"@type\":\"ListItem\",\"position\":2,\"name\":\"Odkaz kapit\u00e1na pred derby\"}]},{\"@type\":\"WebSite\",\"@id\":\"https:\/\/evertonfc.cz\/#website\",\"url\":\"https:\/\/evertonfc.cz\/\",\"name\":\"Official Czech &amp; Slovak Everton Supporters&#039; Club\",\"description\":\"\",\"publisher\":{\"@id\":\"https:\/\/evertonfc.cz\/#organization\"},\"potentialAction\":[{\"@type\":\"SearchAction\",\"target\":{\"@type\":\"EntryPoint\",\"urlTemplate\":\"https:\/\/evertonfc.cz\/?s={search_term_string}\"},\"query-input\":{\"@type\":\"PropertyValueSpecification\",\"valueRequired\":true,\"valueName\":\"search_term_string\"}}],\"inLanguage\":\"cs\"},{\"@type\":\"Organization\",\"@id\":\"https:\/\/evertonfc.cz\/#organization\",\"name\":\"Official Czech & Slovak Everton Supporters' Club\",\"url\":\"https:\/\/evertonfc.cz\/\",\"logo\":{\"@type\":\"ImageObject\",\"inLanguage\":\"cs\",\"@id\":\"https:\/\/evertonfc.cz\/#\/schema\/logo\/image\/\",\"url\":\"https:\/\/evertonfc.cz\/wp-content\/uploads\/2019\/05\/logo.png\",\"contentUrl\":\"https:\/\/evertonfc.cz\/wp-content\/uploads\/2019\/05\/logo.png\",\"width\":112,\"height\":112,\"caption\":\"Official Czech & Slovak Everton Supporters' Club\"},\"image\":{\"@id\":\"https:\/\/evertonfc.cz\/#\/schema\/logo\/image\/\"},\"sameAs\":[\"https:\/\/www.facebook.com\/everton.fans.cz.sk\"]},{\"@type\":\"Person\",\"@id\":\"https:\/\/evertonfc.cz\/#\/schema\/person\/d4493b8cbea51532597fbc4685698916\",\"name\":\"BlueBlooded\",\"url\":\"https:\/\/evertonfc.cz\/index.php\/author\/admin\/\"}]}<\/script>\n<!-- \/ Yoast SEO plugin. -->","yoast_head_json":{"title":"Odkaz kapit\u00e1na pred derby - Official Czech &amp; Slovak Everton Supporters&#039; Club","robots":{"index":"index","follow":"follow","max-snippet":"max-snippet:-1","max-image-preview":"max-image-preview:large","max-video-preview":"max-video-preview:-1"},"canonical":"https:\/\/evertonfc.cz\/index.php\/2020\/10\/17\/odkaz-kapitana-pred-derby\/","og_locale":"cs_CZ","og_type":"article","og_title":"Odkaz kapit\u00e1na pred derby - Official Czech &amp; Slovak Everton Supporters&#039; Club","og_description":"S\u00e9amus Coleman je u\u017e v Evertone jeden\u00e1stym rokom. Od len \u0161es\u0165desiattis\u00edcovej posily sa prepracoval a\u017e na kapit\u00e1na t\u00edmu a t\u00fato zodpovednos\u0165 vyu\u017eil na pr\u00edhovor.","og_url":"https:\/\/evertonfc.cz\/index.php\/2020\/10\/17\/odkaz-kapitana-pred-derby\/","og_site_name":"Official Czech &amp; Slovak Everton Supporters&#039; Club","article_publisher":"https:\/\/www.facebook.com\/everton.fans.cz.sk","article_published_time":"2020-10-17T10:24:23+00:00","og_image":[{"width":720,"height":405,"url":"https:\/\/evertonfc.cz\/wp-content\/uploads\/2020\/10\/Coleman-Sebastian-Frej-MB-Media-17-10-2020.jpg","type":"image\/jpeg"}],"author":"BlueBlooded","twitter_card":"summary_large_image","twitter_misc":{"Napsal(a)":"BlueBlooded","Odhadovan\u00e1 doba \u010dten\u00ed":"2 minuty"},"schema":{"@context":"https:\/\/schema.org","@graph":[{"@type":"Article","@id":"https:\/\/evertonfc.cz\/index.php\/2020\/10\/17\/odkaz-kapitana-pred-derby\/#article","isPartOf":{"@id":"https:\/\/evertonfc.cz\/index.php\/2020\/10\/17\/odkaz-kapitana-pred-derby\/"},"author":{"name":"BlueBlooded","@id":"https:\/\/evertonfc.cz\/#\/schema\/person\/d4493b8cbea51532597fbc4685698916"},"headline":"Odkaz kapit\u00e1na pred derby","datePublished":"2020-10-17T10:24:23+00:00","dateModified":"2020-10-17T10:24:23+00:00","mainEntityOfPage":{"@id":"https:\/\/evertonfc.cz\/index.php\/2020\/10\/17\/odkaz-kapitana-pred-derby\/"},"wordCount":416,"commentCount":0,"publisher":{"@id":"https:\/\/evertonfc.cz\/#organization"},"image":{"@id":"https:\/\/evertonfc.cz\/index.php\/2020\/10\/17\/odkaz-kapitana-pred-derby\/#primaryimage"},"thumbnailUrl":"https:\/\/evertonfc.cz\/wp-content\/uploads\/2020\/10\/Coleman-Sebastian-Frej-MB-Media-17-10-2020.jpg","articleSection":["Rozhovory"],"inLanguage":"cs","potentialAction":[{"@type":"CommentAction","name":"Comment","target":["https:\/\/evertonfc.cz\/index.php\/2020\/10\/17\/odkaz-kapitana-pred-derby\/#respond"]}]},{"@type":"WebPage","@id":"https:\/\/evertonfc.cz\/index.php\/2020\/10\/17\/odkaz-kapitana-pred-derby\/","url":"https:\/\/evertonfc.cz\/index.php\/2020\/10\/17\/odkaz-kapitana-pred-derby\/","name":"Odkaz kapit\u00e1na pred derby - Official Czech &amp; Slovak Everton Supporters&#039; Club","isPartOf":{"@id":"https:\/\/evertonfc.cz\/#website"},"primaryImageOfPage":{"@id":"https:\/\/evertonfc.cz\/index.php\/2020\/10\/17\/odkaz-kapitana-pred-derby\/#primaryimage"},"image":{"@id":"https:\/\/evertonfc.cz\/index.php\/2020\/10\/17\/odkaz-kapitana-pred-derby\/#primaryimage"},"thumbnailUrl":"https:\/\/evertonfc.cz\/wp-content\/uploads\/2020\/10\/Coleman-Sebastian-Frej-MB-Media-17-10-2020.jpg","datePublished":"2020-10-17T10:24:23+00:00","dateModified":"2020-10-17T10:24:23+00:00","breadcrumb":{"@id":"https:\/\/evertonfc.cz\/index.php\/2020\/10\/17\/odkaz-kapitana-pred-derby\/#breadcrumb"},"inLanguage":"cs","potentialAction":[{"@type":"ReadAction","target":["https:\/\/evertonfc.cz\/index.php\/2020\/10\/17\/odkaz-kapitana-pred-derby\/"]}]},{"@type":"ImageObject","inLanguage":"cs","@id":"https:\/\/evertonfc.cz\/index.php\/2020\/10\/17\/odkaz-kapitana-pred-derby\/#primaryimage","url":"https:\/\/evertonfc.cz\/wp-content\/uploads\/2020\/10\/Coleman-Sebastian-Frej-MB-Media-17-10-2020.jpg","contentUrl":"https:\/\/evertonfc.cz\/wp-content\/uploads\/2020\/10\/Coleman-Sebastian-Frej-MB-Media-17-10-2020.jpg","width":720,"height":405},{"@type":"BreadcrumbList","@id":"https:\/\/evertonfc.cz\/index.php\/2020\/10\/17\/odkaz-kapitana-pred-derby\/#breadcrumb","itemListElement":[{"@type":"ListItem","position":1,"name":"Home","item":"https:\/\/evertonfc.cz\/"},{"@type":"ListItem","position":2,"name":"Odkaz kapit\u00e1na pred derby"}]},{"@type":"WebSite","@id":"https:\/\/evertonfc.cz\/#website","url":"https:\/\/evertonfc.cz\/","name":"Official Czech &amp; Slovak Everton Supporters&#039; Club","description":"","publisher":{"@id":"https:\/\/evertonfc.cz\/#organization"},"potentialAction":[{"@type":"SearchAction","target":{"@type":"EntryPoint","urlTemplate":"https:\/\/evertonfc.cz\/?s={search_term_string}"},"query-input":{"@type":"PropertyValueSpecification","valueRequired":true,"valueName":"search_term_string"}}],"inLanguage":"cs"},{"@type":"Organization","@id":"https:\/\/evertonfc.cz\/#organization","name":"Official Czech & Slovak Everton Supporters' Club","url":"https:\/\/evertonfc.cz\/","logo":{"@type":"ImageObject","inLanguage":"cs","@id":"https:\/\/evertonfc.cz\/#\/schema\/logo\/image\/","url":"https:\/\/evertonfc.cz\/wp-content\/uploads\/2019\/05\/logo.png","contentUrl":"https:\/\/evertonfc.cz\/wp-content\/uploads\/2019\/05\/logo.png","width":112,"height":112,"caption":"Official Czech & Slovak Everton Supporters' Club"},"image":{"@id":"https:\/\/evertonfc.cz\/#\/schema\/logo\/image\/"},"sameAs":["https:\/\/www.facebook.com\/everton.fans.cz.sk"]},{"@type":"Person","@id":"https:\/\/evertonfc.cz\/#\/schema\/person\/d4493b8cbea51532597fbc4685698916","name":"BlueBlooded","url":"https:\/\/evertonfc.cz\/index.php\/author\/admin\/"}]}},"_links":{"self":[{"href":"https:\/\/evertonfc.cz\/index.php\/wp-json\/wp\/v2\/posts\/12551"}],"collection":[{"href":"https:\/\/evertonfc.cz\/index.php\/wp-json\/wp\/v2\/posts"}],"about":[{"href":"https:\/\/evertonfc.cz\/index.php\/wp-json\/wp\/v2\/types\/post"}],"author":[{"embeddable":true,"href":"https:\/\/evertonfc.cz\/index.php\/wp-json\/wp\/v2\/users\/1"}],"replies":[{"embeddable":true,"href":"https:\/\/evertonfc.cz\/index.php\/wp-json\/wp\/v2\/comments?post=12551"}],"version-history":[{"count":3,"href":"https:\/\/evertonfc.cz\/index.php\/wp-json\/wp\/v2\/posts\/12551\/revisions"}],"predecessor-version":[{"id":12555,"href":"https:\/\/evertonfc.cz\/index.php\/wp-json\/wp\/v2\/posts\/12551\/revisions\/12555"}],"wp:featuredmedia":[{"embeddable":true,"href":"https:\/\/evertonfc.cz\/index.php\/wp-json\/wp\/v2\/media\/12552"}],"wp:attachment":[{"href":"https:\/\/evertonfc.cz\/index.php\/wp-json\/wp\/v2\/media?parent=12551"}],"wp:term":[{"taxonomy":"category","embeddable":true,"href":"https:\/\/evertonfc.cz\/index.php\/wp-json\/wp\/v2\/categories?post=12551"},{"taxonomy":"post_tag","embeddable":true,"href":"https:\/\/evertonfc.cz\/index.php\/wp-json\/wp\/v2\/tags?post=12551"}],"curies":[{"name":"wp","href":"https:\/\/api.w.org\/{rel}","templated":true}]}}