{"id":12571,"date":"2020-10-18T23:08:11","date_gmt":"2020-10-18T21:08:11","guid":{"rendered":"https:\/\/evertonfc.cz\/?p=12571"},"modified":"2020-11-01T13:02:39","modified_gmt":"2020-11-01T12:02:39","slug":"everton-w-brihgton-howe-albion-w-22","status":"publish","type":"post","link":"https:\/\/evertonfc.cz\/index.php\/2020\/10\/18\/everton-w-brihgton-howe-albion-w-22\/","title":{"rendered":"Everton W &#8211; Brighton &amp; Howe Albion W 2:2"},"content":{"rendered":"<h4>\u0160\u0148\u016fra ligov\u00fdch v\u00edt\u011bzstv\u00ed byla p\u0159etr\u017eena. O to se postaraly Seagulls p\u0159il\u00e9tl\u00e9 na Walton Hall Park.<\/h4>\n<p>Nedo\u010dkav\u00fd fanou\u0161ek dnes o\u010dek\u00e1val dal\u0161\u00ed t\u0159i body do kasi\u010dky Evertonu. Albionsk\u00e9 hr\u00e1\u010dky v\u0161ak uk\u00e1zaly, \u017ee kv\u016fli n\u011b\u010demu takov\u00e9mu\u00a0 se 248 mil na sever Anglie rozhodn\u011b netrm\u00e1cely. Ale o tom n\u00ed\u017ee.\u00a0 Pozn\u00e1mka pro pe\u010dliv\u00e9 \u010dten\u00e1\u0159e tohoto \u010dl\u00e1nku: za Albion hraj\u00edc\u00ed Maya Le Tissier nem\u00e1 nic spole\u010dn\u00e9ho se southamptonskou legendou Matem Le Tissierem.<\/p>\n<h4>Prvn\u00ed polo\u010das<\/h4>\n<p>Nejprve jsem m\u011bl dojem, \u017ee na h\u0159i\u0161ti hraje Everton proti Evertonu. Venkovn\u00ed dres Seagulls m\u00e1 toti\u017e stejn\u00e9 barvy jako venkovn\u00ed dres Toffees. Ale barva dresu bylo to nejmen\u0161\u00ed. Hor\u0161\u00ed bylo, \u017ee Brighton and Howe Albion od za\u010d\u00e1tku p\u0159ekypoval aktivitou, na kterou se n\u00e1m neda\u0159ilo nal\u00e9zt uspokojivou odpov\u011b\u010f. V dev\u00e1t\u00e9 minut\u011b vedlo \u00fasil\u00ed rack\u016f k p\u0159\u00edm\u00e9mu kopu z dobr\u00fdch p\u011btadvaceti metr\u016f. O jeho exekuci se postarala Inessa Kaagman, kter\u00e1 je\u0161t\u011b v lo\u0148sk\u00e9m roce h\u00e1jila barvy evertonsk\u00e9. Zahr\u00e1la jej moc p\u011bkn\u011b a Rikke Sevecke jej bohu\u017eel ne\u0161\u0165astn\u011b usm\u011brnila do vlastn\u00ed br\u00e1ny &#8211; <strong>0:1<\/strong>. Po tomto \u00favodu aktivita Seagulls neupadla. P\u0159ehr\u00e1valy n\u00e1s vprost\u0159ed pole, kde si evertonsk\u00e1 z\u00e1loha jen t\u011b\u017eko hledala kousek m\u00edsta ke kombinaci.\u00a0Ka\u017ed\u00e1 na\u0161e hr\u00e1\u010dka m\u011bla po z\u00edsk\u00e1n\u00ed m\u00ed\u010de okam\u017eit\u011b okolo sebe dv\u011b a\u017e t\u0159i hr\u00e1\u010dky ve \u017elut\u00e9m. Zoufal\u00fd v\u00fdk\u0159ik &#8222;Oh shit, sorry!&#8220; sice dokl\u00e1dal, \u017ee ani Albionu se v\u0161e neda\u0159ilo stoprocentn\u011b, na sk\u00f3re to bohu\u017eel nem\u011blo vliv. N\u011bkolik pokus\u016f o st\u0159elu z d\u00e1lky p\u0159edvedla Emslie, v\u017edy mimo. Gauvin se tak\u00e9 pokusila o z\u00e1pis do listiny st\u0159elky\u0148, ani ona v\u0161ak neusp\u011bla. Ve 27. minut\u011b Raso rychle rozehr\u00e1la aut, Gauvin prosprintovala s m\u00ed\u010dem do v\u00e1pna a zbl\u00edzka p\u0159ekonala brank\u00e1\u0159ku host\u00ed. G\u00f3l v\u0161ak nebyl uzn\u00e1n, proto\u017ee p\u00edskan\u00fd aut pat\u0159il soupe\u0159k\u00e1m. O minutu pozd\u011bji <strong>Izzi Christiansen<\/strong> zahr\u00e1vala p\u0159\u00edm\u00fd kop, kter\u00fd ze\u010f (ne)\u0161\u0165astn\u011b te\u010dovala na kr\u00e1sn\u00e9 nechytateln\u00e9 m\u00edsto pod b\u0159evno vlastn\u00ed branky &#8211; <strong>1:1<\/strong>. O chv\u00edli pozd\u011bji MacIver ob\u011btav\u011b sko\u010dila pod nohy soupe\u0159ce \u0159\u00edt\u00edc\u00ed se na jej\u00ed br\u00e1nu, ale bohu\u017eel m\u00ed\u010de se j\u00ed dotknout nepoda\u0159ilo. Na\u0161t\u011bst\u00ed z toho nebyla ani branka, ani \u010derven\u00e1 karta pro na\u0161\u00ed brank\u00e1\u0159ku.<\/p>\n<h4>Druh\u00fd polo\u010das<\/h4>\n<p>Zkraje druh\u00e9 p\u016fle po faulu na Turner se k p\u0159\u00edm\u00e9mu kopu p\u0159ekvapiv\u011b postavila Emslie a vyslala st\u0159elu tak, \u017ee by j\u00ed to mohl z\u00e1vid\u011bt leckter\u00fd ragbyov\u00fd hr\u00e1\u010d. Nane\u0161t\u011bst\u00ed b\u0159evno fotbalov\u00e9\u00a0 branky je pouh\u00fdch 244 cm nad zem\u00ed, tak\u017ee ke g\u00f3lu to nevedlo. Situace ve st\u0159edu h\u0159i\u0161t\u011b se m\u00edrn\u011b zm\u011bnila v n\u00e1\u0161 prosp\u011bch pot\u00e9, co se Raso st\u00e1hla v\u00edce doprost\u0159ed. Dob\u0159e kombinovala s Gauvin, bohu\u017eel dostat m\u00ed\u010d do branky Seagulls se n\u00e1m nepoda\u0159ilo. Hayley to zkou\u0161ela i z p\u0159\u00edm\u00e9ho kopu, ale tak\u00e9 p\u0159est\u0159elila. Tlak host\u016f i v\u00fdpady dom\u00e1c\u00edch bezv\u00fdsledn\u011b pokra\u010dovaly a\u017e do 70. minuty. Pak Raso vybojovala roh, kter\u00fd zprava rozehr\u00e1la Christiansen. Na jej\u00ed perfektn\u00ed dod\u00e1vku m\u00ed\u010de si po\u010dkala <strong>Val\u00e8rie Gauvin<\/strong> a hlavi\u010dkou k ty\u010di poslal Everton do veden\u00ed &#8211; <strong>2:1<\/strong>.\u00a0V 78. minut\u011b Aileen Whelan skluzem srovnala &#8211; <strong>2:2<\/strong>. V 81. minut\u011b byla faulov\u00e1na Christiansen v slibn\u00e9m proti\u00fatoku. A do\u0161lo k zaj\u00edmav\u00e9 situaci, kdy za tento z\u00e1krok byla svoj\u00ed druhou \u017elutou kartou v z\u00e1pase ocen\u011bna Kayleigh Green. P\u0159esto z\u016fstala d\u00e1le v z\u00e1pase. Posledn\u00edch deset patn\u00e1ct minut se Everton sna\u017eil urvat t\u0159et\u00ed g\u00f3l a s n\u00edm i t\u0159i body, ale marn\u011b. A ty\u010dka nast\u0159elen\u00e1 Dan Turner minutu p\u0159ed koncem byla pro tentokr\u00e1t te\u010dkou za na\u0161\u00ed snahou dostat se na \u010delo ligov\u00e9 tabulky.<\/p>\n<h4>Shrnut\u00ed<\/h4>\n<p>Dne\u0161n\u00ed soupe\u0159 velmi na\u0161el velmi dobr\u00fd recept na eliminaci \u00fatoku Evertonu: dominanci ve st\u0159edu h\u0159i\u0161t\u011b a hru do t\u011bla. I velmi technicky nadan\u00e1 Christiansen m\u011bla pot\u00ed\u017ee s rozehr\u00e1vkou v p\u0159ehu\u0161t\u011bn\u00e9m prost\u0159edku, o ostatn\u00edch z\u00e1lo\u017enic\u00edch nemluv\u011b. Pokusy o\u00a0 p\u0159elobov\u00e1n\u00ed byly sp\u00ed\u0161e zoufalou snahou, \u00fatoky po k\u0159\u00eddlech narazily na dob\u0159e zformovanou obranu dom\u00e1c\u00edch. Gauvin si zkou\u0161ela chodit pro m\u00ed\u010de pom\u011brn\u011b hluboko nazp\u011bt, obvykle je vybojovala, ale proti p\u0159esile se j\u00ed je nepoda\u0159ilo udr\u017eet. A\u017e p\u0159esunut\u00ed Raso v\u00edce doprost\u0159ed vneslo do hry trochu nad\u011bje. Hayley se i vzdor p\u0159elidn\u011bn\u00ed v centru uk\u00e1zala jako velmi schopn\u00e1 m\u00ed\u010de nejen z\u00edskat, ale rychle i vyv\u00e9zt nebo si narazit s Gauvin. P\u0159ed vyrovn\u00e1vac\u00edm g\u00f3lem Seagulls by vid\u011bt, \u017ee na\u0161e hr\u00e1\u010dky u\u017e toho maj\u00ed dost. Pokopan\u00e9 a u\u0161tvan\u00e9 asi ne\u010delily kombinaci p\u0159edch\u00e1zej\u00edc\u00ed vyrovn\u00e1n\u00ed \u00fapln\u011b ide\u00e1ln\u011b. P\u0159esto bojovaly a\u017e do posledn\u00ed sekundy z\u00e1pasu jak mohly a za to jim pat\u0159\u00ed uzn\u00e1n\u00ed. Dr\u017eme jim tedy palce do p\u0159\u00ed\u0161t\u00edch kol.<\/p>\n<h4>Koment\u00e1\u0159e k z\u00e1pasu:<\/h4>\n<p>Willie Kirk: &#8222;Nem\u016f\u017eeme vinit nikoho jin\u00e9ho ne\u017e sebe ze ztr\u00e1ty bod\u016f&#8230; Aby byl hr\u00e1\u010d potrest\u00e1n kartou dvakr\u00e1t po sob\u011b a st\u00e1le z\u016fst\u00e1val na h\u0159i\u0161ti h\u0159e je zar\u00e1\u017eej\u00edc\u00ed. Mysl\u00edm, \u017ee jsem to za\u017eil jen jednou v \u017eivot\u011b. Nem\u011blo by se to st\u00e1vat. Budeme o tom d\u00e1le jednat, je to v\u00fdznamn\u00fd incident. Nikdo nechce hr\u00e1\u010de vylu\u010dovat, ale takov\u00e1 jsou pravidla&#8220;<\/p>\n<p>Hope Powell: &#8222;Nejsem si jist\u00e1, co se stalo&#8230; Ptala jsem se \u010dtvrt\u00e9ho rozhod\u010d\u00edho: \u00b4Nem\u011bla dostat \u017elutou?\u00b4 rozhod\u010d\u00ed odpov\u011bd\u011bl, \u017ee ano. Tak\u017ee to m\u011bl pod kontrolu&#8230;Pro\u010d z\u016fstala na h\u0159i\u0161ti? Nev\u00edm. Bohov\u00e9 dne byli na na\u0161\u00ed stran\u011b. Kdyby dostala druhou \u017elutou, jsem si jist\u00e1, \u017ee na m\u00edst\u011b Evertonu bych nebyla spokojen\u00e1.&#8220;<\/p>\n<p style=\"text-align: right;\"><span style=\"font-size: 8pt;\"><em>zdroj fotogtrafie: https:\/\/womenscompetitions.thefa.com\/<\/em><\/span><\/p>\n<p><strong>Branky:<\/strong> Christiansen 28&#8242;, Gauvin 71&#8242; &#8211; Sevecke (og) 9&#8242;, Whelan 78&#8242;<\/p>\n<p><strong>\u017dK:<\/strong> Le Tissier 45&#8242;, Green 48&#8242;<\/p>\n<p><strong>Everton (4-3-3):<\/strong> MacIver &#8211; Moe Wold,\u00a0 Finnigan, Sevecke, Turner &#8211; Damaris (77\u00b4 Stringer), Graham, Christiansen &#8211; Emslie (63\u00b4 S\u00f8rensen), Gauvin (77\u00b4 Boye-Hlorka), Raso<\/p>\n<p><strong>Brighton and Hove Albion (4-5-1):<\/strong> Walsh &#8211; Bowman, Kerkdijk, Le Tissier, Gibbons &#8211; Whelan, Connolly, O&#8217;Sullivan, Green, Kaagman &#8211; GuenMin (65\u00b4 Jarret)<\/p>\n<p><strong>Rozhod\u010d\u00ed:<\/strong>\u00a0Lucy Oliver<\/p>\n","protected":false},"excerpt":{"rendered":"<p>\u0160\u0148\u016fra ligov\u00fdch v\u00edt\u011bzstv\u00ed byla p\u0159etr\u017eena. O to se postaraly Seagulls p\u0159il\u00e9tl\u00e9 na Walton Hall Park.<\/p>\n","protected":false},"author":26,"featured_media":12574,"comment_status":"open","ping_status":"closed","sticky":false,"template":"","format":"standard","meta":{"_eb_attr":"","_monsterinsights_skip_tracking":false,"_monsterinsights_sitenote_active":false,"_monsterinsights_sitenote_note":"","_monsterinsights_sitenote_category":0,"footnotes":""},"categories":[110],"tags":[],"yoast_head":"<!-- This site is optimized with the Yoast SEO plugin v23.4 - https:\/\/yoast.com\/wordpress\/plugins\/seo\/ -->\n<title>Everton W - Brighton &amp; Howe Albion W 2:2 - Official Czech &amp; Slovak Everton Supporters&#039; Club<\/title>\n<meta name=\"robots\" content=\"index, follow, max-snippet:-1, max-image-preview:large, max-video-preview:-1\" \/>\n<link rel=\"canonical\" href=\"https:\/\/evertonfc.cz\/index.php\/2020\/10\/18\/everton-w-brihgton-howe-albion-w-22\/\" \/>\n<meta property=\"og:locale\" content=\"cs_CZ\" \/>\n<meta property=\"og:type\" content=\"article\" \/>\n<meta property=\"og:title\" content=\"Everton W - Brighton &amp; Howe Albion W 2:2 - Official Czech &amp; Slovak Everton Supporters&#039; Club\" \/>\n<meta property=\"og:description\" content=\"\u0160\u0148\u016fra ligov\u00fdch v\u00edt\u011bzstv\u00ed byla p\u0159etr\u017eena. O to se postaraly Seagulls p\u0159il\u00e9tl\u00e9 na Walton Hall Park.\" \/>\n<meta property=\"og:url\" content=\"https:\/\/evertonfc.cz\/index.php\/2020\/10\/18\/everton-w-brihgton-howe-albion-w-22\/\" \/>\n<meta property=\"og:site_name\" content=\"Official Czech &amp; Slovak Everton Supporters&#039; Club\" \/>\n<meta property=\"article:publisher\" content=\"https:\/\/www.facebook.com\/everton.fans.cz.sk\" \/>\n<meta property=\"article:published_time\" content=\"2020-10-18T21:08:11+00:00\" \/>\n<meta property=\"article:modified_time\" content=\"2020-11-01T12:02:39+00:00\" \/>\n<meta property=\"og:image\" content=\"https:\/\/evertonfc.cz\/wp-content\/uploads\/2020\/10\/izzychristiansen_BHA_18_10_2020_web.jpg\" \/>\n\t<meta property=\"og:image:width\" content=\"720\" \/>\n\t<meta property=\"og:image:height\" content=\"405\" \/>\n\t<meta property=\"og:image:type\" content=\"image\/jpeg\" \/>\n<meta name=\"author\" content=\"Karamela\" \/>\n<meta name=\"twitter:card\" content=\"summary_large_image\" \/>\n<meta name=\"twitter:label1\" content=\"Napsal(a)\" \/>\n\t<meta name=\"twitter:data1\" content=\"Karamela\" \/>\n\t<meta name=\"twitter:label2\" content=\"Odhadovan\u00e1 doba \u010dten\u00ed\" \/>\n\t<meta name=\"twitter:data2\" content=\"6 minut\" \/>\n<script type=\"application\/ld+json\" class=\"yoast-schema-graph\">{\"@context\":\"https:\/\/schema.org\",\"@graph\":[{\"@type\":\"Article\",\"@id\":\"https:\/\/evertonfc.cz\/index.php\/2020\/10\/18\/everton-w-brihgton-howe-albion-w-22\/#article\",\"isPartOf\":{\"@id\":\"https:\/\/evertonfc.cz\/index.php\/2020\/10\/18\/everton-w-brihgton-howe-albion-w-22\/\"},\"author\":{\"name\":\"Karamela\",\"@id\":\"https:\/\/evertonfc.cz\/#\/schema\/person\/e9a24a80a32efa1344dd2c4e5882185c\"},\"headline\":\"Everton W &#8211; Brighton &amp; Howe Albion W 2:2\",\"datePublished\":\"2020-10-18T21:08:11+00:00\",\"dateModified\":\"2020-11-01T12:02:39+00:00\",\"mainEntityOfPage\":{\"@id\":\"https:\/\/evertonfc.cz\/index.php\/2020\/10\/18\/everton-w-brihgton-howe-albion-w-22\/\"},\"wordCount\":1140,\"commentCount\":3,\"publisher\":{\"@id\":\"https:\/\/evertonfc.cz\/#organization\"},\"image\":{\"@id\":\"https:\/\/evertonfc.cz\/index.php\/2020\/10\/18\/everton-w-brihgton-howe-albion-w-22\/#primaryimage\"},\"thumbnailUrl\":\"https:\/\/evertonfc.cz\/wp-content\/uploads\/2020\/10\/izzychristiansen_BHA_18_10_2020_web.jpg\",\"articleSection\":[\"Everton Women\"],\"inLanguage\":\"cs\",\"potentialAction\":[{\"@type\":\"CommentAction\",\"name\":\"Comment\",\"target\":[\"https:\/\/evertonfc.cz\/index.php\/2020\/10\/18\/everton-w-brihgton-howe-albion-w-22\/#respond\"]}]},{\"@type\":\"WebPage\",\"@id\":\"https:\/\/evertonfc.cz\/index.php\/2020\/10\/18\/everton-w-brihgton-howe-albion-w-22\/\",\"url\":\"https:\/\/evertonfc.cz\/index.php\/2020\/10\/18\/everton-w-brihgton-howe-albion-w-22\/\",\"name\":\"Everton W - Brighton &amp; Howe Albion W 2:2 - Official Czech &amp; Slovak Everton Supporters&#039; Club\",\"isPartOf\":{\"@id\":\"https:\/\/evertonfc.cz\/#website\"},\"primaryImageOfPage\":{\"@id\":\"https:\/\/evertonfc.cz\/index.php\/2020\/10\/18\/everton-w-brihgton-howe-albion-w-22\/#primaryimage\"},\"image\":{\"@id\":\"https:\/\/evertonfc.cz\/index.php\/2020\/10\/18\/everton-w-brihgton-howe-albion-w-22\/#primaryimage\"},\"thumbnailUrl\":\"https:\/\/evertonfc.cz\/wp-content\/uploads\/2020\/10\/izzychristiansen_BHA_18_10_2020_web.jpg\",\"datePublished\":\"2020-10-18T21:08:11+00:00\",\"dateModified\":\"2020-11-01T12:02:39+00:00\",\"breadcrumb\":{\"@id\":\"https:\/\/evertonfc.cz\/index.php\/2020\/10\/18\/everton-w-brihgton-howe-albion-w-22\/#breadcrumb\"},\"inLanguage\":\"cs\",\"potentialAction\":[{\"@type\":\"ReadAction\",\"target\":[\"https:\/\/evertonfc.cz\/index.php\/2020\/10\/18\/everton-w-brihgton-howe-albion-w-22\/\"]}]},{\"@type\":\"ImageObject\",\"inLanguage\":\"cs\",\"@id\":\"https:\/\/evertonfc.cz\/index.php\/2020\/10\/18\/everton-w-brihgton-howe-albion-w-22\/#primaryimage\",\"url\":\"https:\/\/evertonfc.cz\/wp-content\/uploads\/2020\/10\/izzychristiansen_BHA_18_10_2020_web.jpg\",\"contentUrl\":\"https:\/\/evertonfc.cz\/wp-content\/uploads\/2020\/10\/izzychristiansen_BHA_18_10_2020_web.jpg\",\"width\":720,\"height\":405,\"caption\":\"Izzy Christiansen of Everton Ladies controls the ball Everton Women v Tottenham Hotspur Women, WSL football match, Walton Hall Park, Liverpool, UK - 13 Sep 2020 Photo: Jon Super for The FA\"},{\"@type\":\"BreadcrumbList\",\"@id\":\"https:\/\/evertonfc.cz\/index.php\/2020\/10\/18\/everton-w-brihgton-howe-albion-w-22\/#breadcrumb\",\"itemListElement\":[{\"@type\":\"ListItem\",\"position\":1,\"name\":\"Home\",\"item\":\"https:\/\/evertonfc.cz\/\"},{\"@type\":\"ListItem\",\"position\":2,\"name\":\"Everton W &#8211; Brighton &amp; Howe Albion W 2:2\"}]},{\"@type\":\"WebSite\",\"@id\":\"https:\/\/evertonfc.cz\/#website\",\"url\":\"https:\/\/evertonfc.cz\/\",\"name\":\"Official Czech &amp; Slovak Everton Supporters&#039; Club\",\"description\":\"\",\"publisher\":{\"@id\":\"https:\/\/evertonfc.cz\/#organization\"},\"potentialAction\":[{\"@type\":\"SearchAction\",\"target\":{\"@type\":\"EntryPoint\",\"urlTemplate\":\"https:\/\/evertonfc.cz\/?s={search_term_string}\"},\"query-input\":{\"@type\":\"PropertyValueSpecification\",\"valueRequired\":true,\"valueName\":\"search_term_string\"}}],\"inLanguage\":\"cs\"},{\"@type\":\"Organization\",\"@id\":\"https:\/\/evertonfc.cz\/#organization\",\"name\":\"Official Czech & Slovak Everton Supporters' Club\",\"url\":\"https:\/\/evertonfc.cz\/\",\"logo\":{\"@type\":\"ImageObject\",\"inLanguage\":\"cs\",\"@id\":\"https:\/\/evertonfc.cz\/#\/schema\/logo\/image\/\",\"url\":\"https:\/\/evertonfc.cz\/wp-content\/uploads\/2019\/05\/logo.png\",\"contentUrl\":\"https:\/\/evertonfc.cz\/wp-content\/uploads\/2019\/05\/logo.png\",\"width\":112,\"height\":112,\"caption\":\"Official Czech & Slovak Everton Supporters' Club\"},\"image\":{\"@id\":\"https:\/\/evertonfc.cz\/#\/schema\/logo\/image\/\"},\"sameAs\":[\"https:\/\/www.facebook.com\/everton.fans.cz.sk\"]},{\"@type\":\"Person\",\"@id\":\"https:\/\/evertonfc.cz\/#\/schema\/person\/e9a24a80a32efa1344dd2c4e5882185c\",\"name\":\"Karamela\",\"url\":\"https:\/\/evertonfc.cz\/index.php\/author\/karamela\/\"}]}<\/script>\n<!-- \/ Yoast SEO plugin. -->","yoast_head_json":{"title":"Everton W - Brighton &amp; Howe Albion W 2:2 - Official Czech &amp; Slovak Everton Supporters&#039; Club","robots":{"index":"index","follow":"follow","max-snippet":"max-snippet:-1","max-image-preview":"max-image-preview:large","max-video-preview":"max-video-preview:-1"},"canonical":"https:\/\/evertonfc.cz\/index.php\/2020\/10\/18\/everton-w-brihgton-howe-albion-w-22\/","og_locale":"cs_CZ","og_type":"article","og_title":"Everton W - Brighton &amp; Howe Albion W 2:2 - Official Czech &amp; Slovak Everton Supporters&#039; Club","og_description":"\u0160\u0148\u016fra ligov\u00fdch v\u00edt\u011bzstv\u00ed byla p\u0159etr\u017eena. O to se postaraly Seagulls p\u0159il\u00e9tl\u00e9 na Walton Hall Park.","og_url":"https:\/\/evertonfc.cz\/index.php\/2020\/10\/18\/everton-w-brihgton-howe-albion-w-22\/","og_site_name":"Official Czech &amp; Slovak Everton Supporters&#039; Club","article_publisher":"https:\/\/www.facebook.com\/everton.fans.cz.sk","article_published_time":"2020-10-18T21:08:11+00:00","article_modified_time":"2020-11-01T12:02:39+00:00","og_image":[{"width":720,"height":405,"url":"https:\/\/evertonfc.cz\/wp-content\/uploads\/2020\/10\/izzychristiansen_BHA_18_10_2020_web.jpg","type":"image\/jpeg"}],"author":"Karamela","twitter_card":"summary_large_image","twitter_misc":{"Napsal(a)":"Karamela","Odhadovan\u00e1 doba \u010dten\u00ed":"6 minut"},"schema":{"@context":"https:\/\/schema.org","@graph":[{"@type":"Article","@id":"https:\/\/evertonfc.cz\/index.php\/2020\/10\/18\/everton-w-brihgton-howe-albion-w-22\/#article","isPartOf":{"@id":"https:\/\/evertonfc.cz\/index.php\/2020\/10\/18\/everton-w-brihgton-howe-albion-w-22\/"},"author":{"name":"Karamela","@id":"https:\/\/evertonfc.cz\/#\/schema\/person\/e9a24a80a32efa1344dd2c4e5882185c"},"headline":"Everton W &#8211; Brighton &amp; Howe Albion W 2:2","datePublished":"2020-10-18T21:08:11+00:00","dateModified":"2020-11-01T12:02:39+00:00","mainEntityOfPage":{"@id":"https:\/\/evertonfc.cz\/index.php\/2020\/10\/18\/everton-w-brihgton-howe-albion-w-22\/"},"wordCount":1140,"commentCount":3,"publisher":{"@id":"https:\/\/evertonfc.cz\/#organization"},"image":{"@id":"https:\/\/evertonfc.cz\/index.php\/2020\/10\/18\/everton-w-brihgton-howe-albion-w-22\/#primaryimage"},"thumbnailUrl":"https:\/\/evertonfc.cz\/wp-content\/uploads\/2020\/10\/izzychristiansen_BHA_18_10_2020_web.jpg","articleSection":["Everton Women"],"inLanguage":"cs","potentialAction":[{"@type":"CommentAction","name":"Comment","target":["https:\/\/evertonfc.cz\/index.php\/2020\/10\/18\/everton-w-brihgton-howe-albion-w-22\/#respond"]}]},{"@type":"WebPage","@id":"https:\/\/evertonfc.cz\/index.php\/2020\/10\/18\/everton-w-brihgton-howe-albion-w-22\/","url":"https:\/\/evertonfc.cz\/index.php\/2020\/10\/18\/everton-w-brihgton-howe-albion-w-22\/","name":"Everton W - Brighton &amp; Howe Albion W 2:2 - Official Czech &amp; Slovak Everton Supporters&#039; Club","isPartOf":{"@id":"https:\/\/evertonfc.cz\/#website"},"primaryImageOfPage":{"@id":"https:\/\/evertonfc.cz\/index.php\/2020\/10\/18\/everton-w-brihgton-howe-albion-w-22\/#primaryimage"},"image":{"@id":"https:\/\/evertonfc.cz\/index.php\/2020\/10\/18\/everton-w-brihgton-howe-albion-w-22\/#primaryimage"},"thumbnailUrl":"https:\/\/evertonfc.cz\/wp-content\/uploads\/2020\/10\/izzychristiansen_BHA_18_10_2020_web.jpg","datePublished":"2020-10-18T21:08:11+00:00","dateModified":"2020-11-01T12:02:39+00:00","breadcrumb":{"@id":"https:\/\/evertonfc.cz\/index.php\/2020\/10\/18\/everton-w-brihgton-howe-albion-w-22\/#breadcrumb"},"inLanguage":"cs","potentialAction":[{"@type":"ReadAction","target":["https:\/\/evertonfc.cz\/index.php\/2020\/10\/18\/everton-w-brihgton-howe-albion-w-22\/"]}]},{"@type":"ImageObject","inLanguage":"cs","@id":"https:\/\/evertonfc.cz\/index.php\/2020\/10\/18\/everton-w-brihgton-howe-albion-w-22\/#primaryimage","url":"https:\/\/evertonfc.cz\/wp-content\/uploads\/2020\/10\/izzychristiansen_BHA_18_10_2020_web.jpg","contentUrl":"https:\/\/evertonfc.cz\/wp-content\/uploads\/2020\/10\/izzychristiansen_BHA_18_10_2020_web.jpg","width":720,"height":405,"caption":"Izzy Christiansen of Everton Ladies controls the ball Everton Women v Tottenham Hotspur Women, WSL football match, Walton Hall Park, Liverpool, UK - 13 Sep 2020 Photo: Jon Super for The FA"},{"@type":"BreadcrumbList","@id":"https:\/\/evertonfc.cz\/index.php\/2020\/10\/18\/everton-w-brihgton-howe-albion-w-22\/#breadcrumb","itemListElement":[{"@type":"ListItem","position":1,"name":"Home","item":"https:\/\/evertonfc.cz\/"},{"@type":"ListItem","position":2,"name":"Everton W &#8211; Brighton &amp; Howe Albion W 2:2"}]},{"@type":"WebSite","@id":"https:\/\/evertonfc.cz\/#website","url":"https:\/\/evertonfc.cz\/","name":"Official Czech &amp; Slovak Everton Supporters&#039; Club","description":"","publisher":{"@id":"https:\/\/evertonfc.cz\/#organization"},"potentialAction":[{"@type":"SearchAction","target":{"@type":"EntryPoint","urlTemplate":"https:\/\/evertonfc.cz\/?s={search_term_string}"},"query-input":{"@type":"PropertyValueSpecification","valueRequired":true,"valueName":"search_term_string"}}],"inLanguage":"cs"},{"@type":"Organization","@id":"https:\/\/evertonfc.cz\/#organization","name":"Official Czech & Slovak Everton Supporters' Club","url":"https:\/\/evertonfc.cz\/","logo":{"@type":"ImageObject","inLanguage":"cs","@id":"https:\/\/evertonfc.cz\/#\/schema\/logo\/image\/","url":"https:\/\/evertonfc.cz\/wp-content\/uploads\/2019\/05\/logo.png","contentUrl":"https:\/\/evertonfc.cz\/wp-content\/uploads\/2019\/05\/logo.png","width":112,"height":112,"caption":"Official Czech & Slovak Everton Supporters' Club"},"image":{"@id":"https:\/\/evertonfc.cz\/#\/schema\/logo\/image\/"},"sameAs":["https:\/\/www.facebook.com\/everton.fans.cz.sk"]},{"@type":"Person","@id":"https:\/\/evertonfc.cz\/#\/schema\/person\/e9a24a80a32efa1344dd2c4e5882185c","name":"Karamela","url":"https:\/\/evertonfc.cz\/index.php\/author\/karamela\/"}]}},"_links":{"self":[{"href":"https:\/\/evertonfc.cz\/index.php\/wp-json\/wp\/v2\/posts\/12571"}],"collection":[{"href":"https:\/\/evertonfc.cz\/index.php\/wp-json\/wp\/v2\/posts"}],"about":[{"href":"https:\/\/evertonfc.cz\/index.php\/wp-json\/wp\/v2\/types\/post"}],"author":[{"embeddable":true,"href":"https:\/\/evertonfc.cz\/index.php\/wp-json\/wp\/v2\/users\/26"}],"replies":[{"embeddable":true,"href":"https:\/\/evertonfc.cz\/index.php\/wp-json\/wp\/v2\/comments?post=12571"}],"version-history":[{"count":14,"href":"https:\/\/evertonfc.cz\/index.php\/wp-json\/wp\/v2\/posts\/12571\/revisions"}],"predecessor-version":[{"id":12787,"href":"https:\/\/evertonfc.cz\/index.php\/wp-json\/wp\/v2\/posts\/12571\/revisions\/12787"}],"wp:featuredmedia":[{"embeddable":true,"href":"https:\/\/evertonfc.cz\/index.php\/wp-json\/wp\/v2\/media\/12574"}],"wp:attachment":[{"href":"https:\/\/evertonfc.cz\/index.php\/wp-json\/wp\/v2\/media?parent=12571"}],"wp:term":[{"taxonomy":"category","embeddable":true,"href":"https:\/\/evertonfc.cz\/index.php\/wp-json\/wp\/v2\/categories?post=12571"},{"taxonomy":"post_tag","embeddable":true,"href":"https:\/\/evertonfc.cz\/index.php\/wp-json\/wp\/v2\/tags?post=12571"}],"curies":[{"name":"wp","href":"https:\/\/api.w.org\/{rel}","templated":true}]}}