{"id":12700,"date":"2020-10-23T19:33:53","date_gmt":"2020-10-23T17:33:53","guid":{"rendered":"https:\/\/evertonfc.cz\/?p=12700"},"modified":"2020-10-23T20:00:24","modified_gmt":"2020-10-23T18:00:24","slug":"preview-southampton-everton-9","status":"publish","type":"post","link":"https:\/\/evertonfc.cz\/index.php\/2020\/10\/23\/preview-southampton-everton-9\/","title":{"rendered":"Preview: Southampton &#8211; Everton"},"content":{"rendered":"<h4>Cesta za titulem zav\u00e1d\u00ed prvn\u00ed t\u00fdm tabulky tentokr\u00e1t na jih Anglie.<\/h4>\n<p>Minul\u00fd t\u00fdden prob\u011bhlo Merseyside derby. Skon\u010dilo rem\u00edzov\u011b a \u010derven\u00e1 men\u0161ina spustila hektolitry slz kv\u016fli dv\u011bma okam\u017eik\u016fm. R\u00fdpnout si do Evertonu bylo v m\u00f3d\u011b, zvl\u00e1\u0161\u0165, kdy\u017e mohutn\u011b p\u0159izvukovali b\u00fdval\u00ed hr\u00e1\u010di RS, kter\u00fdch je v britsk\u00fdch medi\u00edch opravdu ne\u00farekom.<\/p>\n<p>V \u010cech\u00e1ch byl vyp\u00edchnul v\u011bty jako &#8222;kv\u016fli zran\u011bn\u00ed van Dijka neuhrajeme titul&#8220; a &#8222;dvoumilimetrov\u00fd ofsajd nen\u00ed ofsajd&#8220;, jejich\u017e autorem v podcastu Angli\u010dan je \u0161\u00e9fredaktor \u010dtvrtletn\u00edku o fotbalov\u00e9 kultu\u0159e. Z britsk\u00e9ho \u00fahlu pohledu toto t\u00e9ma v\u00fdborn\u011b shrnul Lyndon Lloyd, redaktor Toffeewebu, ve sv\u00e9m \u010dl\u00e1nku<a href=\"https:\/\/www.toffeeweb.com\/season\/20-21\/comment\/editorial\/40071.html\"> &#8222;Red myopia and an embrassing national outcry<\/a>&#8222;. A Pickford? Je mu vyhro\u017eov\u00e1no smrt\u00ed, co\u017e je u fanou\u0161k\u016f RS norm\u00e1ln\u00ed a v\u00fdhr\u016f\u017eky na Internetu \u0159e\u0161\u00ed tamn\u00ed policie. Jen dodejme, \u017ee Everton se \u00fasty Ancelottiho za zran\u011bn\u00ed van Dijka omluvil.<\/p>\n<p>O \u010dem nebylo sporu, to je \u010derven\u00e1 pro Richarlisona. Jeho skluz na Thiaga v posledn\u00ed minut\u011b byla hloupost a nen\u00ed se co divit, \u017ee sud\u00ed Oliver okam\u017eit\u011b tasil (i on se sv\u00e9mu krajanovi omluvil). Brazilsk\u00fd k\u0159\u00eddeln\u00edk si tak odstoj\u00ed z\u00e1pasy proti Southamptonu, Newcastlu a Manchesteru United, k dispozici tedy bude a\u017e po reprezenta\u010dn\u00ed p\u0159est\u00e1vce, tedy proti Fulhamu. Co\u017e n\u00e1s p\u0159iv\u00e1d\u00ed k absenci v dresu host\u016f.<\/p>\n<p>Nejv\u00edc jich je v obran\u011b. Oba prav\u00ed obr\u00e1nci kv\u016fli zran\u011bn\u00ed nebudou, tak\u017ee poprv\u00e9 od za\u010d\u00e1tku nastoup\u00ed nov\u00e1 akvizice z Norwiche Godfrey. \u0160t\u011bst\u00ed, \u017ee m\u00e1 zku\u0161enosti se v\u0161emi t\u0159emi pozicemi v obran\u011b. Stope\u0159i tak\u00e9 budou chyb\u011bt dva, konkr\u00e9tn\u011b Branthwaite a Holgate. Na\u0161t\u011bst\u00ed aspo\u0148 lev\u00fd kraj obrany je zdrav\u00fd a p\u0159i absenci Colemana by mohl m\u00edt Digne dokonce kapit\u00e1nskou p\u00e1sku.<\/p>\n<p>V rehabilitaci pokra\u010duj\u00ed Tosun a Gbamin. Otazn\u00edk se vzn\u00e1\u0161\u00ed nad Rodr\u00edguezem. V\u010dera prob\u011bhly zpr\u00e1vy, \u017ee nebude, ale dnes zvl\u00e1dl aspo\u0148 \u010d\u00e1st tr\u00e9ninku a je jist\u00e1 \u0161ance, \u017ee by mohl b\u00fdt v ned\u011bli v z\u00e1kladn\u00ed sestav\u011b. Pak by Richarlisona pravd\u011bpodobn\u011b nahradil Iwobi, pokud by Kolumbijec hr\u00e1t nemohl, tak se nab\u00edz\u00ed Bernard \u010di Gordon. Z pro mn\u011b nezn\u00e1m\u00fdch d\u016fvod\u016f zl\u00e9 jazyky navrhuj\u00ed Sigurdssona (na k\u0159\u00eddlo). To jsou fale\u0161n\u00e1, fale\u0161n\u00e1 slov\u00ed\u010dka.<\/p>\n<p>Southampton po prvn\u00edch dvou prohr\u00e1ch zam\u00ed\u0159il do klidn\u00e9ho st\u0159edu tabulky na dvan\u00e1ct\u00e9 m\u00edsto, z posledn\u00edch 3 z\u00e1pas\u016f m\u00e1 7 bod\u016f a hlavn\u011b sobotn\u00ed rem\u00edza na Chelsea 3:3 sklidila nejeden pochvaln\u00fd koment\u00e1\u0159. Na posledn\u00ed branku z\u00e1pasu p\u0159ihr\u00e1vala stoperovi Vestergaardovi star\u00e1 zn\u00e1m\u00e1 tv\u00e1\u0159. Walcott ale bude z pochopiteln\u00e9ho d\u016fvodu v ned\u011bli absentovat. Toho by mohl nahradit z\u00e1lo\u017en\u00edk Armstrong, kter\u00fd musel pr\u00e1v\u011b utk\u00e1n\u00ed na Chelsea vynechat kv\u016fli tomu, \u017ee kdy\u017e si plnil reprezenta\u010dn\u00ed povinnosti za Skotsko, tak byl pozitivn\u011b testov\u00e1n na koronavirus. Dal\u0161\u00edmi absent\u00e9ry jsou Smallbone (kvadriceps) a Djenepo (p\u0159itahova\u010d stehenn\u00edho svalu).<\/p>\n<p><strong>Co:\u00a0<\/strong>Southampton FC &#8211; Everton FC, 6. kolo Premier League<br \/>\n<strong>Kdy:\u00a0<\/strong>25. 10. 2020 od 15:00<br \/>\n<strong>TV:\u00a0<\/strong>P\u0159\u00edm\u00fd p\u0159enos na stanici Premier Sport<br \/>\n<strong>Rozhod\u010d\u00ed:\u00a0<\/strong>Kevin Friend &#8211; Simon Beck, Eddie Smart\u00a0<strong>\u010ctvrt\u00fd rozhod\u010d\u00ed:\u00a0<\/strong>Steve Martin<br \/>\n<strong>Videorozhod\u010d\u00ed: <\/strong>Simon Hooper\u00a0<strong>Asistent videorozhod\u010d\u00edho: <\/strong>James Mainwaring<\/p>\n","protected":false},"excerpt":{"rendered":"<p>Zvy\u0161ov\u00e1n\u00ed n\u00e1skoku prob\u011bhne se zm\u011bn\u011bn\u00fdm \u00fatokem.<\/p>\n","protected":false},"author":12,"featured_media":12698,"comment_status":"open","ping_status":"closed","sticky":false,"template":"","format":"standard","meta":{"_eb_attr":"","_monsterinsights_skip_tracking":false,"_monsterinsights_sitenote_active":false,"_monsterinsights_sitenote_note":"","_monsterinsights_sitenote_category":0,"footnotes":""},"categories":[4],"tags":[],"yoast_head":"<!-- This site is optimized with the Yoast SEO plugin v23.4 - https:\/\/yoast.com\/wordpress\/plugins\/seo\/ -->\n<title>Preview: Southampton - Everton - Official Czech &amp; Slovak Everton Supporters&#039; Club<\/title>\n<meta name=\"robots\" content=\"index, follow, max-snippet:-1, max-image-preview:large, max-video-preview:-1\" \/>\n<link rel=\"canonical\" href=\"https:\/\/evertonfc.cz\/index.php\/2020\/10\/23\/preview-southampton-everton-9\/\" \/>\n<meta property=\"og:locale\" content=\"cs_CZ\" \/>\n<meta property=\"og:type\" content=\"article\" \/>\n<meta property=\"og:title\" content=\"Preview: Southampton - Everton - Official Czech &amp; Slovak Everton Supporters&#039; Club\" \/>\n<meta property=\"og:description\" content=\"Zvy\u0161ov\u00e1n\u00ed n\u00e1skoku prob\u011bhne se zm\u011bn\u011bn\u00fdm \u00fatokem.\" \/>\n<meta property=\"og:url\" content=\"https:\/\/evertonfc.cz\/index.php\/2020\/10\/23\/preview-southampton-everton-9\/\" \/>\n<meta property=\"og:site_name\" content=\"Official Czech &amp; Slovak Everton Supporters&#039; Club\" \/>\n<meta property=\"article:publisher\" content=\"https:\/\/www.facebook.com\/everton.fans.cz.sk\" \/>\n<meta property=\"article:published_time\" content=\"2020-10-23T17:33:53+00:00\" \/>\n<meta property=\"article:modified_time\" content=\"2020-10-23T18:00:24+00:00\" \/>\n<meta property=\"og:image\" content=\"https:\/\/evertonfc.cz\/wp-content\/uploads\/2020\/10\/Southampton-VS-Everton-25-10-2020.png.jpg\" \/>\n\t<meta property=\"og:image:width\" content=\"720\" \/>\n\t<meta property=\"og:image:height\" content=\"405\" \/>\n\t<meta property=\"og:image:type\" content=\"image\/jpeg\" \/>\n<meta name=\"author\" content=\"Javor\" \/>\n<meta name=\"twitter:card\" content=\"summary_large_image\" \/>\n<meta name=\"twitter:creator\" content=\"@LoudinJan\" \/>\n<meta name=\"twitter:label1\" content=\"Napsal(a)\" \/>\n\t<meta name=\"twitter:data1\" content=\"Javor\" \/>\n\t<meta name=\"twitter:label2\" content=\"Odhadovan\u00e1 doba \u010dten\u00ed\" \/>\n\t<meta name=\"twitter:data2\" content=\"3 minuty\" \/>\n<script type=\"application\/ld+json\" class=\"yoast-schema-graph\">{\"@context\":\"https:\/\/schema.org\",\"@graph\":[{\"@type\":\"Article\",\"@id\":\"https:\/\/evertonfc.cz\/index.php\/2020\/10\/23\/preview-southampton-everton-9\/#article\",\"isPartOf\":{\"@id\":\"https:\/\/evertonfc.cz\/index.php\/2020\/10\/23\/preview-southampton-everton-9\/\"},\"author\":{\"name\":\"Javor\",\"@id\":\"https:\/\/evertonfc.cz\/#\/schema\/person\/b30daf6a5852f4811f8207a17ec1bf78\"},\"headline\":\"Preview: Southampton &#8211; Everton\",\"datePublished\":\"2020-10-23T17:33:53+00:00\",\"dateModified\":\"2020-10-23T18:00:24+00:00\",\"mainEntityOfPage\":{\"@id\":\"https:\/\/evertonfc.cz\/index.php\/2020\/10\/23\/preview-southampton-everton-9\/\"},\"wordCount\":571,\"commentCount\":13,\"publisher\":{\"@id\":\"https:\/\/evertonfc.cz\/#organization\"},\"image\":{\"@id\":\"https:\/\/evertonfc.cz\/index.php\/2020\/10\/23\/preview-southampton-everton-9\/#primaryimage\"},\"thumbnailUrl\":\"https:\/\/evertonfc.cz\/wp-content\/uploads\/2020\/10\/Southampton-VS-Everton-25-10-2020.png.jpg\",\"articleSection\":[\"Z\u00e1pasy\"],\"inLanguage\":\"cs\",\"potentialAction\":[{\"@type\":\"CommentAction\",\"name\":\"Comment\",\"target\":[\"https:\/\/evertonfc.cz\/index.php\/2020\/10\/23\/preview-southampton-everton-9\/#respond\"]}]},{\"@type\":\"WebPage\",\"@id\":\"https:\/\/evertonfc.cz\/index.php\/2020\/10\/23\/preview-southampton-everton-9\/\",\"url\":\"https:\/\/evertonfc.cz\/index.php\/2020\/10\/23\/preview-southampton-everton-9\/\",\"name\":\"Preview: Southampton - Everton - Official Czech &amp; Slovak Everton Supporters&#039; Club\",\"isPartOf\":{\"@id\":\"https:\/\/evertonfc.cz\/#website\"},\"primaryImageOfPage\":{\"@id\":\"https:\/\/evertonfc.cz\/index.php\/2020\/10\/23\/preview-southampton-everton-9\/#primaryimage\"},\"image\":{\"@id\":\"https:\/\/evertonfc.cz\/index.php\/2020\/10\/23\/preview-southampton-everton-9\/#primaryimage\"},\"thumbnailUrl\":\"https:\/\/evertonfc.cz\/wp-content\/uploads\/2020\/10\/Southampton-VS-Everton-25-10-2020.png.jpg\",\"datePublished\":\"2020-10-23T17:33:53+00:00\",\"dateModified\":\"2020-10-23T18:00:24+00:00\",\"breadcrumb\":{\"@id\":\"https:\/\/evertonfc.cz\/index.php\/2020\/10\/23\/preview-southampton-everton-9\/#breadcrumb\"},\"inLanguage\":\"cs\",\"potentialAction\":[{\"@type\":\"ReadAction\",\"target\":[\"https:\/\/evertonfc.cz\/index.php\/2020\/10\/23\/preview-southampton-everton-9\/\"]}]},{\"@type\":\"ImageObject\",\"inLanguage\":\"cs\",\"@id\":\"https:\/\/evertonfc.cz\/index.php\/2020\/10\/23\/preview-southampton-everton-9\/#primaryimage\",\"url\":\"https:\/\/evertonfc.cz\/wp-content\/uploads\/2020\/10\/Southampton-VS-Everton-25-10-2020.png.jpg\",\"contentUrl\":\"https:\/\/evertonfc.cz\/wp-content\/uploads\/2020\/10\/Southampton-VS-Everton-25-10-2020.png.jpg\",\"width\":720,\"height\":405},{\"@type\":\"BreadcrumbList\",\"@id\":\"https:\/\/evertonfc.cz\/index.php\/2020\/10\/23\/preview-southampton-everton-9\/#breadcrumb\",\"itemListElement\":[{\"@type\":\"ListItem\",\"position\":1,\"name\":\"Home\",\"item\":\"https:\/\/evertonfc.cz\/\"},{\"@type\":\"ListItem\",\"position\":2,\"name\":\"Preview: Southampton &#8211; Everton\"}]},{\"@type\":\"WebSite\",\"@id\":\"https:\/\/evertonfc.cz\/#website\",\"url\":\"https:\/\/evertonfc.cz\/\",\"name\":\"Official Czech &amp; Slovak Everton Supporters&#039; Club\",\"description\":\"\",\"publisher\":{\"@id\":\"https:\/\/evertonfc.cz\/#organization\"},\"potentialAction\":[{\"@type\":\"SearchAction\",\"target\":{\"@type\":\"EntryPoint\",\"urlTemplate\":\"https:\/\/evertonfc.cz\/?s={search_term_string}\"},\"query-input\":{\"@type\":\"PropertyValueSpecification\",\"valueRequired\":true,\"valueName\":\"search_term_string\"}}],\"inLanguage\":\"cs\"},{\"@type\":\"Organization\",\"@id\":\"https:\/\/evertonfc.cz\/#organization\",\"name\":\"Official Czech & Slovak Everton Supporters' Club\",\"url\":\"https:\/\/evertonfc.cz\/\",\"logo\":{\"@type\":\"ImageObject\",\"inLanguage\":\"cs\",\"@id\":\"https:\/\/evertonfc.cz\/#\/schema\/logo\/image\/\",\"url\":\"https:\/\/evertonfc.cz\/wp-content\/uploads\/2019\/05\/logo.png\",\"contentUrl\":\"https:\/\/evertonfc.cz\/wp-content\/uploads\/2019\/05\/logo.png\",\"width\":112,\"height\":112,\"caption\":\"Official Czech & Slovak Everton Supporters' Club\"},\"image\":{\"@id\":\"https:\/\/evertonfc.cz\/#\/schema\/logo\/image\/\"},\"sameAs\":[\"https:\/\/www.facebook.com\/everton.fans.cz.sk\"]},{\"@type\":\"Person\",\"@id\":\"https:\/\/evertonfc.cz\/#\/schema\/person\/b30daf6a5852f4811f8207a17ec1bf78\",\"name\":\"Javor\",\"sameAs\":[\"https:\/\/x.com\/LoudinJan\"],\"url\":\"https:\/\/evertonfc.cz\/index.php\/author\/javor\/\"}]}<\/script>\n<!-- \/ Yoast SEO plugin. -->","yoast_head_json":{"title":"Preview: Southampton - Everton - Official Czech &amp; Slovak Everton Supporters&#039; Club","robots":{"index":"index","follow":"follow","max-snippet":"max-snippet:-1","max-image-preview":"max-image-preview:large","max-video-preview":"max-video-preview:-1"},"canonical":"https:\/\/evertonfc.cz\/index.php\/2020\/10\/23\/preview-southampton-everton-9\/","og_locale":"cs_CZ","og_type":"article","og_title":"Preview: Southampton - Everton - Official Czech &amp; Slovak Everton Supporters&#039; Club","og_description":"Zvy\u0161ov\u00e1n\u00ed n\u00e1skoku prob\u011bhne se zm\u011bn\u011bn\u00fdm \u00fatokem.","og_url":"https:\/\/evertonfc.cz\/index.php\/2020\/10\/23\/preview-southampton-everton-9\/","og_site_name":"Official Czech &amp; Slovak Everton Supporters&#039; Club","article_publisher":"https:\/\/www.facebook.com\/everton.fans.cz.sk","article_published_time":"2020-10-23T17:33:53+00:00","article_modified_time":"2020-10-23T18:00:24+00:00","og_image":[{"width":720,"height":405,"url":"https:\/\/evertonfc.cz\/wp-content\/uploads\/2020\/10\/Southampton-VS-Everton-25-10-2020.png.jpg","type":"image\/jpeg"}],"author":"Javor","twitter_card":"summary_large_image","twitter_creator":"@LoudinJan","twitter_misc":{"Napsal(a)":"Javor","Odhadovan\u00e1 doba \u010dten\u00ed":"3 minuty"},"schema":{"@context":"https:\/\/schema.org","@graph":[{"@type":"Article","@id":"https:\/\/evertonfc.cz\/index.php\/2020\/10\/23\/preview-southampton-everton-9\/#article","isPartOf":{"@id":"https:\/\/evertonfc.cz\/index.php\/2020\/10\/23\/preview-southampton-everton-9\/"},"author":{"name":"Javor","@id":"https:\/\/evertonfc.cz\/#\/schema\/person\/b30daf6a5852f4811f8207a17ec1bf78"},"headline":"Preview: Southampton &#8211; Everton","datePublished":"2020-10-23T17:33:53+00:00","dateModified":"2020-10-23T18:00:24+00:00","mainEntityOfPage":{"@id":"https:\/\/evertonfc.cz\/index.php\/2020\/10\/23\/preview-southampton-everton-9\/"},"wordCount":571,"commentCount":13,"publisher":{"@id":"https:\/\/evertonfc.cz\/#organization"},"image":{"@id":"https:\/\/evertonfc.cz\/index.php\/2020\/10\/23\/preview-southampton-everton-9\/#primaryimage"},"thumbnailUrl":"https:\/\/evertonfc.cz\/wp-content\/uploads\/2020\/10\/Southampton-VS-Everton-25-10-2020.png.jpg","articleSection":["Z\u00e1pasy"],"inLanguage":"cs","potentialAction":[{"@type":"CommentAction","name":"Comment","target":["https:\/\/evertonfc.cz\/index.php\/2020\/10\/23\/preview-southampton-everton-9\/#respond"]}]},{"@type":"WebPage","@id":"https:\/\/evertonfc.cz\/index.php\/2020\/10\/23\/preview-southampton-everton-9\/","url":"https:\/\/evertonfc.cz\/index.php\/2020\/10\/23\/preview-southampton-everton-9\/","name":"Preview: Southampton - Everton - Official Czech &amp; Slovak Everton Supporters&#039; Club","isPartOf":{"@id":"https:\/\/evertonfc.cz\/#website"},"primaryImageOfPage":{"@id":"https:\/\/evertonfc.cz\/index.php\/2020\/10\/23\/preview-southampton-everton-9\/#primaryimage"},"image":{"@id":"https:\/\/evertonfc.cz\/index.php\/2020\/10\/23\/preview-southampton-everton-9\/#primaryimage"},"thumbnailUrl":"https:\/\/evertonfc.cz\/wp-content\/uploads\/2020\/10\/Southampton-VS-Everton-25-10-2020.png.jpg","datePublished":"2020-10-23T17:33:53+00:00","dateModified":"2020-10-23T18:00:24+00:00","breadcrumb":{"@id":"https:\/\/evertonfc.cz\/index.php\/2020\/10\/23\/preview-southampton-everton-9\/#breadcrumb"},"inLanguage":"cs","potentialAction":[{"@type":"ReadAction","target":["https:\/\/evertonfc.cz\/index.php\/2020\/10\/23\/preview-southampton-everton-9\/"]}]},{"@type":"ImageObject","inLanguage":"cs","@id":"https:\/\/evertonfc.cz\/index.php\/2020\/10\/23\/preview-southampton-everton-9\/#primaryimage","url":"https:\/\/evertonfc.cz\/wp-content\/uploads\/2020\/10\/Southampton-VS-Everton-25-10-2020.png.jpg","contentUrl":"https:\/\/evertonfc.cz\/wp-content\/uploads\/2020\/10\/Southampton-VS-Everton-25-10-2020.png.jpg","width":720,"height":405},{"@type":"BreadcrumbList","@id":"https:\/\/evertonfc.cz\/index.php\/2020\/10\/23\/preview-southampton-everton-9\/#breadcrumb","itemListElement":[{"@type":"ListItem","position":1,"name":"Home","item":"https:\/\/evertonfc.cz\/"},{"@type":"ListItem","position":2,"name":"Preview: Southampton &#8211; Everton"}]},{"@type":"WebSite","@id":"https:\/\/evertonfc.cz\/#website","url":"https:\/\/evertonfc.cz\/","name":"Official Czech &amp; Slovak Everton Supporters&#039; Club","description":"","publisher":{"@id":"https:\/\/evertonfc.cz\/#organization"},"potentialAction":[{"@type":"SearchAction","target":{"@type":"EntryPoint","urlTemplate":"https:\/\/evertonfc.cz\/?s={search_term_string}"},"query-input":{"@type":"PropertyValueSpecification","valueRequired":true,"valueName":"search_term_string"}}],"inLanguage":"cs"},{"@type":"Organization","@id":"https:\/\/evertonfc.cz\/#organization","name":"Official Czech & Slovak Everton Supporters' Club","url":"https:\/\/evertonfc.cz\/","logo":{"@type":"ImageObject","inLanguage":"cs","@id":"https:\/\/evertonfc.cz\/#\/schema\/logo\/image\/","url":"https:\/\/evertonfc.cz\/wp-content\/uploads\/2019\/05\/logo.png","contentUrl":"https:\/\/evertonfc.cz\/wp-content\/uploads\/2019\/05\/logo.png","width":112,"height":112,"caption":"Official Czech & Slovak Everton Supporters' Club"},"image":{"@id":"https:\/\/evertonfc.cz\/#\/schema\/logo\/image\/"},"sameAs":["https:\/\/www.facebook.com\/everton.fans.cz.sk"]},{"@type":"Person","@id":"https:\/\/evertonfc.cz\/#\/schema\/person\/b30daf6a5852f4811f8207a17ec1bf78","name":"Javor","sameAs":["https:\/\/x.com\/LoudinJan"],"url":"https:\/\/evertonfc.cz\/index.php\/author\/javor\/"}]}},"_links":{"self":[{"href":"https:\/\/evertonfc.cz\/index.php\/wp-json\/wp\/v2\/posts\/12700"}],"collection":[{"href":"https:\/\/evertonfc.cz\/index.php\/wp-json\/wp\/v2\/posts"}],"about":[{"href":"https:\/\/evertonfc.cz\/index.php\/wp-json\/wp\/v2\/types\/post"}],"author":[{"embeddable":true,"href":"https:\/\/evertonfc.cz\/index.php\/wp-json\/wp\/v2\/users\/12"}],"replies":[{"embeddable":true,"href":"https:\/\/evertonfc.cz\/index.php\/wp-json\/wp\/v2\/comments?post=12700"}],"version-history":[{"count":3,"href":"https:\/\/evertonfc.cz\/index.php\/wp-json\/wp\/v2\/posts\/12700\/revisions"}],"predecessor-version":[{"id":12703,"href":"https:\/\/evertonfc.cz\/index.php\/wp-json\/wp\/v2\/posts\/12700\/revisions\/12703"}],"wp:featuredmedia":[{"embeddable":true,"href":"https:\/\/evertonfc.cz\/index.php\/wp-json\/wp\/v2\/media\/12698"}],"wp:attachment":[{"href":"https:\/\/evertonfc.cz\/index.php\/wp-json\/wp\/v2\/media?parent=12700"}],"wp:term":[{"taxonomy":"category","embeddable":true,"href":"https:\/\/evertonfc.cz\/index.php\/wp-json\/wp\/v2\/categories?post=12700"},{"taxonomy":"post_tag","embeddable":true,"href":"https:\/\/evertonfc.cz\/index.php\/wp-json\/wp\/v2\/tags?post=12700"}],"curies":[{"name":"wp","href":"https:\/\/api.w.org\/{rel}","templated":true}]}}