{"id":12776,"date":"2020-10-31T15:58:26","date_gmt":"2020-10-31T14:58:26","guid":{"rendered":"https:\/\/evertonfc.cz\/?p=12776"},"modified":"2020-10-31T16:47:50","modified_gmt":"2020-10-31T15:47:50","slug":"preview-newcastle-united-everton-9","status":"publish","type":"post","link":"https:\/\/evertonfc.cz\/index.php\/2020\/10\/31\/preview-newcastle-united-everton-9\/","title":{"rendered":"Preview: Newcastle United &#8211; Everton"},"content":{"rendered":"<h4>P\u0159ed t\u011b\u017ekou volbou stoj\u00ed Evertonians tento v\u00edkend. Prvn\u00ed listopadov\u00e9 odpoledne toti\u017e nastoup\u00ed mu\u017esk\u00fd v\u00fdb\u011br ve snaze obh\u00e1jit prvn\u00ed m\u00edsto v lize, t\u00e9m\u011b\u0159 sou\u010dasn\u011b se p\u0159edstav\u00ed \u017eensk\u00fd v\u00fdb\u011br ve fin\u00e1le FA Cupu.<\/h4>\n<h4><strong>D\u011blaj\u00ed si to t\u011b\u017e\u0161\u00ed sami<\/strong><\/h4>\n<p>Konzervativn\u011bj\u0161\u00ed volbou bude sledovat z\u00e1pas na St. James Parku. St\u00e1le bez podpory dom\u00e1c\u00edch p\u0159\u00edznivc\u016f zde \u010dek\u00e1 nevyzpytateln\u00fd t\u00fdm Newcastle United. Man\u010daft, kter\u00fd dle m\u00e9ho vzd\u00e1len\u00e9ho pohledu bojuje l\u00e9ta s kletbou, kterou na n\u011bj a sou\u010dasn\u011b na sebe uvalili sami fanou\u0161ci. Trval\u00e9 spory a nespokojenost s majitelem Mikem Ashleym (sna\u017e\u00edc\u00edm se ze v\u0161ech sil t\u00e9to t\u00edhy zbavit), jako by podkop\u00e1valy dobr\u00e9 v\u00fdsledky, kter\u00e9 se st\u0159\u00eddaj\u00ed se s\u00e9ri\u00ed t\u011bch hor\u0161\u00edch. Ani Steve Bruce nebyl ze za\u010d\u00e1tku, vzhledem k polo\u017ek\u00e1m v \u017eivotopise, obl\u00edbencem. P\u0159esto se zd\u00e1, \u017ee dok\u00e1\u017ee dr\u017eet Straky mezi elitou snadn\u011bji ne\u017e jeho p\u0159edch\u016fdce Rafa Benit\u00e9z.<\/p>\n<p>I p\u0159es n\u011bkolik n\u00e1kladn\u00fdch p\u0159estup\u016f v podob\u011b Almir\u00f3na nebo Joelintona nem\u00e1 t\u00fdm v\u00fdraznou hv\u011bzdu. Pokud bychom n\u011bjak\u00e9 tahouny hledali, pro tuto sez\u00f3nu to je duo Ryan Fraser a Callum Wilson, imigranti z jihu st\u011bhuj\u00edc\u00ed se po sestupu sv\u00fdch Cherries. Dal\u0161\u00ed opora, subjektivn\u011b, ale z\u00e1rove\u0148 z na\u0161eho geografick\u00e9ho pohledu, na\u0161t\u011bst\u00ed do z\u00e1pasu nezas\u00e1hne. Martina D\u00fabravku nahrad\u00ed v brance pravd\u011bpodobn\u011b tak jako v dosavadn\u00edm pr\u016fb\u011bhu ro\u010dn\u00edku Karl Darlow. Brank\u00e1\u0159, kter\u00fd za 6 let v klubu sesb\u00edral 60 z\u00e1pas\u016f. Nerad bych opomn\u011bl na Allana Saint-Maximina, dok\u00e1\u017ee soupe\u0159i zava\u0159it, op\u011bt ale nekonzistentn\u011b.<\/p>\n<h4><strong>Zp\u011bt na v\u00edt\u011bznou kolej<\/strong><\/h4>\n<p>Po p\u0159eru\u0161en\u00ed v\u00edt\u011bzn\u00e9 s\u00e9rie v derby se nepoda\u0159ilo ani vystoupen\u00ed na jihu Anglie. Everton opravdu postr\u00e1dal energii, kterou do ka\u017ed\u00e9ho souboje d\u00e1v\u00e1 Brazilec Richarlison. Velk\u00e1 ztr\u00e1ta z mnoha d\u016fvod\u016f, nav\u00edc jeho n\u00e1hrada se zrovna nevyznamenala. K tomu t\u00fdm p\u0159i\u0161el o dal\u0161\u00ed hr\u00e1\u010de z krajn\u00edch prostor\u016f. Seamus Coleman nedohr\u00e1l pro zran\u011bn\u00ed, Lucas Digne dojel na \u010dervenou stopku. K tomu bude odpo\u010d\u00edvat hlavn\u00ed mozek ofenz\u00edvy James Rodriguez. I kdy\u017e by m\u011b nep\u0159ekvapilo, kdyby i p\u0159es uv\u00e1d\u011bn\u00e1 zran\u011bn\u00ed nebyl na lavi\u010dce jako nouzov\u00e9 \u0159e\u0161en\u00ed.<\/p>\n<p>Na prav\u00fd kraj se uzdravil Jonjoe Kenny, dostane tak patrn\u011b p\u0159ednost p\u0159ed Benem Godfreym. Ten byl proti Saints dost pod tlakem, p\u0159eci jen by asi uv\u00edtal m\u00edsto ve st\u0159edov\u00e9 dvojici. A \u017ee by se tam m\u00edsto asi na\u0161lo. Nalevo se velmi o\u010dek\u00e1v\u00e1 premi\u00e9ra Nielse Nkounkoua (v den z\u00e1pasu mu bude p\u0159esn\u011b 20). Letn\u00ed posila z Marseille nastoupila v poh\u00e1ru a nazna\u010dila, \u017ee nep\u016fjde o n\u00e1kup do akademie. Agiln\u00ed, technicky vysp\u011bl\u00fd styl p\u0159ijde vhod.<\/p>\n<p>V\u00edce otazn\u00edk\u016f je nad slo\u017een\u00edm ofenz\u00edvy, resp. t\u00e9 \u010d\u00e1sti z\u00e1lohy, co m\u00e1 dostat m\u00ed\u010d do branky soupe\u0159e nebo alespo\u0148 k\u00a0DCL. Alex Iwobi p\u0159edvedl v\u00a0Hampshire dal\u0161\u00ed z\u00a0\u0159ady sv\u00fdch mdl\u00fdch v\u00fdkon\u016f a \u0161el ji\u017e o polo\u010dase dol\u016f. Bernard chyb\u011bj\u00edc\u00ed dynamiku do t\u00fdmu nep\u0159inese, je sp\u00ed\u0161e alternativou za Jamese. Anthony Gordon je tak prvn\u00ed volbou. Je tak\u00e9 ur\u010ditou z\u00e1rukou, \u017ee vyu\u017eije p\u0159\u00edle\u017eitost na maximum. Carlo by se mohl nechat nal\u00e1kat na tzv. bezpe\u010dnou variantu a m\u00edsto nasazen\u00ed ofenzivn\u00edho hr\u00e1\u010de vybrat zhu\u0161t\u011bn\u00ed st\u0159edu h\u0159i\u0161t\u011b nap\u0159. o Fabiena Delpha, s\u00a0Gylfim nebo Andr\u00e9 Gomesem. Bohu\u017eel praxe uk\u00e1zala, \u017ee tudy cesta nevede. V\u011bt\u0161inou pak toti\u017e nen\u00ed komu nahr\u00e1vat dop\u0159edu. Je\u0161t\u011b je tady \u0161\u00edlen\u00e1 mo\u017enost, \u017ee bychom vedle DCL postavili dal\u0161\u00edho \u00fato\u010dn\u00edka v\u00a0osob\u011b Ellise Simmse. Ale toho si rad\u011bji nechme jako \u017eol\u00edka.<\/p>\n<h4><strong>Zaj\u00edmavosti z minulosti<\/strong><\/h4>\n<p>Lo\u0148sk\u00fd z\u00e1pas proti Newcastlu na jejich h\u0159i\u0161ti byl prvn\u00ed pro Carla Ancelottiho, pochopiteln\u011b z\u00a0toho byla v\u00fdhra. Asi bychom v\u0161ichni uv\u00edtali, kdyby se obr\u00e1tila karta po 2 z\u00e1pasech s\u00a0vylou\u010den\u00fdm hr\u00e1\u010dem. Zaj\u00edmav\u00e9 je, \u017ee hr\u00e1\u010di Newcastlu vid\u011bli \u010dervenou proti Evertonu \u010dast\u011bji, ne\u017e proti kter\u00e9mukoliv jin\u00e9mu soupe\u0159i v\u00a0PL \u2013 12. Sou\u010dasn\u011b, v\u00a0duelech s\u00a0Magpies bylo odp\u00edsk\u00e1no v\u00a0PL u\u017e 43 penalt (ob\u011b strany dohromady), vy\u0161\u0161\u00ed bilanci jsme s\u00a0nik\u00fdm neposb\u00edrali. Naproti tomu sud\u00ed Stuart Atwell p\u00edsk\u00e1 Everton podvan\u00e1ct\u00e9, ale je\u0161t\u011b se v\u00a0nich pro penaltu nerozhodl. Jo a DCL se trefil proti Newcastlu ve t\u0159ech posledn\u00edch kl\u00e1n\u00edch.<\/p>\n<p><strong>Co:<\/strong> Newcastle United \u2013 Everton FC, 7. kolo Premier League.<br \/>\n<strong>Kdy:<\/strong> ned\u011ble 1.11. 2020 od 15:00<br \/>\n<strong>TV: <\/strong>P\u0159\u00edm\u00fd p\u0159enos na stanici Premier Sport<br \/>\n<strong>Rozhod\u010d\u00ed:<\/strong> Stuart Attwell &#8211; Constantine Hatzidakis, Marc Perry. <strong>\u010ctvrt\u00fd rozhod\u010d\u00ed:<\/strong> Martin Atkinson.<br \/>\n<strong>Videorozhod\u010d\u00ed:<\/strong> Craig Pawson. <strong>Asistent videorozhod\u010d\u00edho:<\/strong> Darren Cann.<\/p>\n","protected":false},"excerpt":{"rendered":"<p>P\u0159ed t\u011b\u017ekou volbou stoj\u00ed Evertonians tento v\u00edkend. Prvn\u00ed listopadov\u00e9 odpoledne toti\u017e nastoup\u00ed mu\u017esk\u00fd v\u00fdb\u011br ve snaze obh\u00e1jit prvn\u00ed m\u00edsto v lize, t\u00e9m\u011b\u0159 sou\u010dasn\u011b se p\u0159edstav\u00ed \u017eensk\u00fd v\u00fdb\u011br ve fin\u00e1le FA Cupu.<\/p>\n","protected":false},"author":10,"featured_media":12773,"comment_status":"open","ping_status":"closed","sticky":false,"template":"","format":"standard","meta":{"_eb_attr":"","_monsterinsights_skip_tracking":false,"_monsterinsights_sitenote_active":false,"_monsterinsights_sitenote_note":"","_monsterinsights_sitenote_category":0,"footnotes":""},"categories":[4],"tags":[],"yoast_head":"<!-- This site is optimized with the Yoast SEO plugin v23.4 - https:\/\/yoast.com\/wordpress\/plugins\/seo\/ -->\n<title>Preview: Newcastle United - Everton - Official Czech &amp; Slovak Everton Supporters&#039; Club<\/title>\n<meta name=\"robots\" content=\"index, follow, max-snippet:-1, max-image-preview:large, max-video-preview:-1\" \/>\n<link rel=\"canonical\" href=\"https:\/\/evertonfc.cz\/index.php\/2020\/10\/31\/preview-newcastle-united-everton-9\/\" \/>\n<meta property=\"og:locale\" content=\"cs_CZ\" \/>\n<meta property=\"og:type\" content=\"article\" \/>\n<meta property=\"og:title\" content=\"Preview: Newcastle United - Everton - Official Czech &amp; Slovak Everton Supporters&#039; Club\" \/>\n<meta property=\"og:description\" content=\"P\u0159ed t\u011b\u017ekou volbou stoj\u00ed Evertonians tento v\u00edkend. Prvn\u00ed listopadov\u00e9 odpoledne toti\u017e nastoup\u00ed mu\u017esk\u00fd v\u00fdb\u011br ve snaze obh\u00e1jit prvn\u00ed m\u00edsto v lize, t\u00e9m\u011b\u0159 sou\u010dasn\u011b se p\u0159edstav\u00ed \u017eensk\u00fd v\u00fdb\u011br ve fin\u00e1le FA Cupu.\" \/>\n<meta property=\"og:url\" content=\"https:\/\/evertonfc.cz\/index.php\/2020\/10\/31\/preview-newcastle-united-everton-9\/\" \/>\n<meta property=\"og:site_name\" content=\"Official Czech &amp; Slovak Everton Supporters&#039; Club\" \/>\n<meta property=\"article:publisher\" content=\"https:\/\/www.facebook.com\/everton.fans.cz.sk\" \/>\n<meta property=\"article:published_time\" content=\"2020-10-31T14:58:26+00:00\" \/>\n<meta property=\"article:modified_time\" content=\"2020-10-31T15:47:50+00:00\" \/>\n<meta property=\"og:image\" content=\"https:\/\/evertonfc.cz\/wp-content\/uploads\/2020\/10\/Newcastle-United-VS-Everton-31-10-2020.jpg\" \/>\n\t<meta property=\"og:image:width\" content=\"720\" \/>\n\t<meta property=\"og:image:height\" content=\"405\" \/>\n\t<meta property=\"og:image:type\" content=\"image\/jpeg\" \/>\n<meta name=\"author\" content=\"Fip\" \/>\n<meta name=\"twitter:card\" content=\"summary_large_image\" \/>\n<meta name=\"twitter:label1\" content=\"Napsal(a)\" \/>\n\t<meta name=\"twitter:data1\" content=\"Fip\" \/>\n\t<meta name=\"twitter:label2\" content=\"Odhadovan\u00e1 doba \u010dten\u00ed\" \/>\n\t<meta name=\"twitter:data2\" content=\"4 minuty\" \/>\n<script type=\"application\/ld+json\" class=\"yoast-schema-graph\">{\"@context\":\"https:\/\/schema.org\",\"@graph\":[{\"@type\":\"Article\",\"@id\":\"https:\/\/evertonfc.cz\/index.php\/2020\/10\/31\/preview-newcastle-united-everton-9\/#article\",\"isPartOf\":{\"@id\":\"https:\/\/evertonfc.cz\/index.php\/2020\/10\/31\/preview-newcastle-united-everton-9\/\"},\"author\":{\"name\":\"Fip\",\"@id\":\"https:\/\/evertonfc.cz\/#\/schema\/person\/35904009755e8eaa0dc1a5f5f0419002\"},\"headline\":\"Preview: Newcastle United &#8211; Everton\",\"datePublished\":\"2020-10-31T14:58:26+00:00\",\"dateModified\":\"2020-10-31T15:47:50+00:00\",\"mainEntityOfPage\":{\"@id\":\"https:\/\/evertonfc.cz\/index.php\/2020\/10\/31\/preview-newcastle-united-everton-9\/\"},\"wordCount\":862,\"commentCount\":23,\"publisher\":{\"@id\":\"https:\/\/evertonfc.cz\/#organization\"},\"image\":{\"@id\":\"https:\/\/evertonfc.cz\/index.php\/2020\/10\/31\/preview-newcastle-united-everton-9\/#primaryimage\"},\"thumbnailUrl\":\"https:\/\/evertonfc.cz\/wp-content\/uploads\/2020\/10\/Newcastle-United-VS-Everton-31-10-2020.jpg\",\"articleSection\":[\"Z\u00e1pasy\"],\"inLanguage\":\"cs\",\"potentialAction\":[{\"@type\":\"CommentAction\",\"name\":\"Comment\",\"target\":[\"https:\/\/evertonfc.cz\/index.php\/2020\/10\/31\/preview-newcastle-united-everton-9\/#respond\"]}]},{\"@type\":\"WebPage\",\"@id\":\"https:\/\/evertonfc.cz\/index.php\/2020\/10\/31\/preview-newcastle-united-everton-9\/\",\"url\":\"https:\/\/evertonfc.cz\/index.php\/2020\/10\/31\/preview-newcastle-united-everton-9\/\",\"name\":\"Preview: Newcastle United - Everton - Official Czech &amp; Slovak Everton Supporters&#039; Club\",\"isPartOf\":{\"@id\":\"https:\/\/evertonfc.cz\/#website\"},\"primaryImageOfPage\":{\"@id\":\"https:\/\/evertonfc.cz\/index.php\/2020\/10\/31\/preview-newcastle-united-everton-9\/#primaryimage\"},\"image\":{\"@id\":\"https:\/\/evertonfc.cz\/index.php\/2020\/10\/31\/preview-newcastle-united-everton-9\/#primaryimage\"},\"thumbnailUrl\":\"https:\/\/evertonfc.cz\/wp-content\/uploads\/2020\/10\/Newcastle-United-VS-Everton-31-10-2020.jpg\",\"datePublished\":\"2020-10-31T14:58:26+00:00\",\"dateModified\":\"2020-10-31T15:47:50+00:00\",\"breadcrumb\":{\"@id\":\"https:\/\/evertonfc.cz\/index.php\/2020\/10\/31\/preview-newcastle-united-everton-9\/#breadcrumb\"},\"inLanguage\":\"cs\",\"potentialAction\":[{\"@type\":\"ReadAction\",\"target\":[\"https:\/\/evertonfc.cz\/index.php\/2020\/10\/31\/preview-newcastle-united-everton-9\/\"]}]},{\"@type\":\"ImageObject\",\"inLanguage\":\"cs\",\"@id\":\"https:\/\/evertonfc.cz\/index.php\/2020\/10\/31\/preview-newcastle-united-everton-9\/#primaryimage\",\"url\":\"https:\/\/evertonfc.cz\/wp-content\/uploads\/2020\/10\/Newcastle-United-VS-Everton-31-10-2020.jpg\",\"contentUrl\":\"https:\/\/evertonfc.cz\/wp-content\/uploads\/2020\/10\/Newcastle-United-VS-Everton-31-10-2020.jpg\",\"width\":720,\"height\":405},{\"@type\":\"BreadcrumbList\",\"@id\":\"https:\/\/evertonfc.cz\/index.php\/2020\/10\/31\/preview-newcastle-united-everton-9\/#breadcrumb\",\"itemListElement\":[{\"@type\":\"ListItem\",\"position\":1,\"name\":\"Home\",\"item\":\"https:\/\/evertonfc.cz\/\"},{\"@type\":\"ListItem\",\"position\":2,\"name\":\"Preview: Newcastle United &#8211; Everton\"}]},{\"@type\":\"WebSite\",\"@id\":\"https:\/\/evertonfc.cz\/#website\",\"url\":\"https:\/\/evertonfc.cz\/\",\"name\":\"Official Czech &amp; Slovak Everton Supporters&#039; Club\",\"description\":\"\",\"publisher\":{\"@id\":\"https:\/\/evertonfc.cz\/#organization\"},\"potentialAction\":[{\"@type\":\"SearchAction\",\"target\":{\"@type\":\"EntryPoint\",\"urlTemplate\":\"https:\/\/evertonfc.cz\/?s={search_term_string}\"},\"query-input\":{\"@type\":\"PropertyValueSpecification\",\"valueRequired\":true,\"valueName\":\"search_term_string\"}}],\"inLanguage\":\"cs\"},{\"@type\":\"Organization\",\"@id\":\"https:\/\/evertonfc.cz\/#organization\",\"name\":\"Official Czech & Slovak Everton Supporters' Club\",\"url\":\"https:\/\/evertonfc.cz\/\",\"logo\":{\"@type\":\"ImageObject\",\"inLanguage\":\"cs\",\"@id\":\"https:\/\/evertonfc.cz\/#\/schema\/logo\/image\/\",\"url\":\"https:\/\/evertonfc.cz\/wp-content\/uploads\/2019\/05\/logo.png\",\"contentUrl\":\"https:\/\/evertonfc.cz\/wp-content\/uploads\/2019\/05\/logo.png\",\"width\":112,\"height\":112,\"caption\":\"Official Czech & Slovak Everton Supporters' Club\"},\"image\":{\"@id\":\"https:\/\/evertonfc.cz\/#\/schema\/logo\/image\/\"},\"sameAs\":[\"https:\/\/www.facebook.com\/everton.fans.cz.sk\"]},{\"@type\":\"Person\",\"@id\":\"https:\/\/evertonfc.cz\/#\/schema\/person\/35904009755e8eaa0dc1a5f5f0419002\",\"name\":\"Fip\",\"url\":\"https:\/\/evertonfc.cz\/index.php\/author\/fip\/\"}]}<\/script>\n<!-- \/ Yoast SEO plugin. -->","yoast_head_json":{"title":"Preview: Newcastle United - Everton - Official Czech &amp; Slovak Everton Supporters&#039; Club","robots":{"index":"index","follow":"follow","max-snippet":"max-snippet:-1","max-image-preview":"max-image-preview:large","max-video-preview":"max-video-preview:-1"},"canonical":"https:\/\/evertonfc.cz\/index.php\/2020\/10\/31\/preview-newcastle-united-everton-9\/","og_locale":"cs_CZ","og_type":"article","og_title":"Preview: Newcastle United - Everton - Official Czech &amp; Slovak Everton Supporters&#039; Club","og_description":"P\u0159ed t\u011b\u017ekou volbou stoj\u00ed Evertonians tento v\u00edkend. Prvn\u00ed listopadov\u00e9 odpoledne toti\u017e nastoup\u00ed mu\u017esk\u00fd v\u00fdb\u011br ve snaze obh\u00e1jit prvn\u00ed m\u00edsto v lize, t\u00e9m\u011b\u0159 sou\u010dasn\u011b se p\u0159edstav\u00ed \u017eensk\u00fd v\u00fdb\u011br ve fin\u00e1le FA Cupu.","og_url":"https:\/\/evertonfc.cz\/index.php\/2020\/10\/31\/preview-newcastle-united-everton-9\/","og_site_name":"Official Czech &amp; Slovak Everton Supporters&#039; Club","article_publisher":"https:\/\/www.facebook.com\/everton.fans.cz.sk","article_published_time":"2020-10-31T14:58:26+00:00","article_modified_time":"2020-10-31T15:47:50+00:00","og_image":[{"width":720,"height":405,"url":"https:\/\/evertonfc.cz\/wp-content\/uploads\/2020\/10\/Newcastle-United-VS-Everton-31-10-2020.jpg","type":"image\/jpeg"}],"author":"Fip","twitter_card":"summary_large_image","twitter_misc":{"Napsal(a)":"Fip","Odhadovan\u00e1 doba \u010dten\u00ed":"4 minuty"},"schema":{"@context":"https:\/\/schema.org","@graph":[{"@type":"Article","@id":"https:\/\/evertonfc.cz\/index.php\/2020\/10\/31\/preview-newcastle-united-everton-9\/#article","isPartOf":{"@id":"https:\/\/evertonfc.cz\/index.php\/2020\/10\/31\/preview-newcastle-united-everton-9\/"},"author":{"name":"Fip","@id":"https:\/\/evertonfc.cz\/#\/schema\/person\/35904009755e8eaa0dc1a5f5f0419002"},"headline":"Preview: Newcastle United &#8211; Everton","datePublished":"2020-10-31T14:58:26+00:00","dateModified":"2020-10-31T15:47:50+00:00","mainEntityOfPage":{"@id":"https:\/\/evertonfc.cz\/index.php\/2020\/10\/31\/preview-newcastle-united-everton-9\/"},"wordCount":862,"commentCount":23,"publisher":{"@id":"https:\/\/evertonfc.cz\/#organization"},"image":{"@id":"https:\/\/evertonfc.cz\/index.php\/2020\/10\/31\/preview-newcastle-united-everton-9\/#primaryimage"},"thumbnailUrl":"https:\/\/evertonfc.cz\/wp-content\/uploads\/2020\/10\/Newcastle-United-VS-Everton-31-10-2020.jpg","articleSection":["Z\u00e1pasy"],"inLanguage":"cs","potentialAction":[{"@type":"CommentAction","name":"Comment","target":["https:\/\/evertonfc.cz\/index.php\/2020\/10\/31\/preview-newcastle-united-everton-9\/#respond"]}]},{"@type":"WebPage","@id":"https:\/\/evertonfc.cz\/index.php\/2020\/10\/31\/preview-newcastle-united-everton-9\/","url":"https:\/\/evertonfc.cz\/index.php\/2020\/10\/31\/preview-newcastle-united-everton-9\/","name":"Preview: Newcastle United - Everton - Official Czech &amp; Slovak Everton Supporters&#039; Club","isPartOf":{"@id":"https:\/\/evertonfc.cz\/#website"},"primaryImageOfPage":{"@id":"https:\/\/evertonfc.cz\/index.php\/2020\/10\/31\/preview-newcastle-united-everton-9\/#primaryimage"},"image":{"@id":"https:\/\/evertonfc.cz\/index.php\/2020\/10\/31\/preview-newcastle-united-everton-9\/#primaryimage"},"thumbnailUrl":"https:\/\/evertonfc.cz\/wp-content\/uploads\/2020\/10\/Newcastle-United-VS-Everton-31-10-2020.jpg","datePublished":"2020-10-31T14:58:26+00:00","dateModified":"2020-10-31T15:47:50+00:00","breadcrumb":{"@id":"https:\/\/evertonfc.cz\/index.php\/2020\/10\/31\/preview-newcastle-united-everton-9\/#breadcrumb"},"inLanguage":"cs","potentialAction":[{"@type":"ReadAction","target":["https:\/\/evertonfc.cz\/index.php\/2020\/10\/31\/preview-newcastle-united-everton-9\/"]}]},{"@type":"ImageObject","inLanguage":"cs","@id":"https:\/\/evertonfc.cz\/index.php\/2020\/10\/31\/preview-newcastle-united-everton-9\/#primaryimage","url":"https:\/\/evertonfc.cz\/wp-content\/uploads\/2020\/10\/Newcastle-United-VS-Everton-31-10-2020.jpg","contentUrl":"https:\/\/evertonfc.cz\/wp-content\/uploads\/2020\/10\/Newcastle-United-VS-Everton-31-10-2020.jpg","width":720,"height":405},{"@type":"BreadcrumbList","@id":"https:\/\/evertonfc.cz\/index.php\/2020\/10\/31\/preview-newcastle-united-everton-9\/#breadcrumb","itemListElement":[{"@type":"ListItem","position":1,"name":"Home","item":"https:\/\/evertonfc.cz\/"},{"@type":"ListItem","position":2,"name":"Preview: Newcastle United &#8211; Everton"}]},{"@type":"WebSite","@id":"https:\/\/evertonfc.cz\/#website","url":"https:\/\/evertonfc.cz\/","name":"Official Czech &amp; Slovak Everton Supporters&#039; Club","description":"","publisher":{"@id":"https:\/\/evertonfc.cz\/#organization"},"potentialAction":[{"@type":"SearchAction","target":{"@type":"EntryPoint","urlTemplate":"https:\/\/evertonfc.cz\/?s={search_term_string}"},"query-input":{"@type":"PropertyValueSpecification","valueRequired":true,"valueName":"search_term_string"}}],"inLanguage":"cs"},{"@type":"Organization","@id":"https:\/\/evertonfc.cz\/#organization","name":"Official Czech & Slovak Everton Supporters' Club","url":"https:\/\/evertonfc.cz\/","logo":{"@type":"ImageObject","inLanguage":"cs","@id":"https:\/\/evertonfc.cz\/#\/schema\/logo\/image\/","url":"https:\/\/evertonfc.cz\/wp-content\/uploads\/2019\/05\/logo.png","contentUrl":"https:\/\/evertonfc.cz\/wp-content\/uploads\/2019\/05\/logo.png","width":112,"height":112,"caption":"Official Czech & Slovak Everton Supporters' Club"},"image":{"@id":"https:\/\/evertonfc.cz\/#\/schema\/logo\/image\/"},"sameAs":["https:\/\/www.facebook.com\/everton.fans.cz.sk"]},{"@type":"Person","@id":"https:\/\/evertonfc.cz\/#\/schema\/person\/35904009755e8eaa0dc1a5f5f0419002","name":"Fip","url":"https:\/\/evertonfc.cz\/index.php\/author\/fip\/"}]}},"_links":{"self":[{"href":"https:\/\/evertonfc.cz\/index.php\/wp-json\/wp\/v2\/posts\/12776"}],"collection":[{"href":"https:\/\/evertonfc.cz\/index.php\/wp-json\/wp\/v2\/posts"}],"about":[{"href":"https:\/\/evertonfc.cz\/index.php\/wp-json\/wp\/v2\/types\/post"}],"author":[{"embeddable":true,"href":"https:\/\/evertonfc.cz\/index.php\/wp-json\/wp\/v2\/users\/10"}],"replies":[{"embeddable":true,"href":"https:\/\/evertonfc.cz\/index.php\/wp-json\/wp\/v2\/comments?post=12776"}],"version-history":[{"count":9,"href":"https:\/\/evertonfc.cz\/index.php\/wp-json\/wp\/v2\/posts\/12776\/revisions"}],"predecessor-version":[{"id":12785,"href":"https:\/\/evertonfc.cz\/index.php\/wp-json\/wp\/v2\/posts\/12776\/revisions\/12785"}],"wp:featuredmedia":[{"embeddable":true,"href":"https:\/\/evertonfc.cz\/index.php\/wp-json\/wp\/v2\/media\/12773"}],"wp:attachment":[{"href":"https:\/\/evertonfc.cz\/index.php\/wp-json\/wp\/v2\/media?parent=12776"}],"wp:term":[{"taxonomy":"category","embeddable":true,"href":"https:\/\/evertonfc.cz\/index.php\/wp-json\/wp\/v2\/categories?post=12776"},{"taxonomy":"post_tag","embeddable":true,"href":"https:\/\/evertonfc.cz\/index.php\/wp-json\/wp\/v2\/tags?post=12776"}],"curies":[{"name":"wp","href":"https:\/\/api.w.org\/{rel}","templated":true}]}}