{"id":12788,"date":"2020-11-01T13:12:23","date_gmt":"2020-11-01T12:12:23","guid":{"rendered":"https:\/\/evertonfc.cz\/?p=12788"},"modified":"2020-11-01T14:58:16","modified_gmt":"2020-11-01T13:58:16","slug":"prejavi-sa-absencia-kvality","status":"publish","type":"post","link":"https:\/\/evertonfc.cz\/index.php\/2020\/11\/01\/prejavi-sa-absencia-kvality\/","title":{"rendered":"Prejav\u00ed sa absencia kvality?"},"content":{"rendered":"<h4>Everton sa dnes predstav\u00ed na p\u00f4de The Magpies. A\u00a0v\u0161etci veria, \u017ee prekon\u00e1 tr\u00e1penie z\u00a0minulot\u00fd\u017ed\u0148ov\u00e9ho v\u00fdletu na St Mary&#8217;s. \u00daloha to v\u0161ak bude e\u0161te \u0165a\u017e\u0161ia.<\/h4>\n<p>Z\u00a0prv\u00e9ho t\u00edmu toti\u017e vypadli pre r\u00f4zne d\u00f4vody k\u013e\u00fa\u010dov\u00e9 opory na krajoch ihriska. Richarlison dostal trojz\u00e1pasov\u00fa stopku po vyl\u00fa\u010den\u00ed v\u00a0derby. James, hoci minul\u00fd t\u00fd\u017ede\u0148 hral, st\u00e1le dolie\u010duje zranenie. V\u00a0dueli s\u00a0Liverpoolom sme pri\u0161li tie\u017e o\u00a0Colemana. A\u00a0by toho nebolo m\u00e1lo, \u010derven\u00fa stopku m\u00e1 na dnes aj Digne.<\/p>\n<h4><strong>Richarlison<\/strong><\/h4>\n<p>Braz\u00edlsky \u00fato\u010dn\u00edk je pre hru Karameliek ekvivalentom viagri. Bez neho potentnos\u0165 \u00fatoku zna\u010dne kles\u00e1. Dokonca a\u017e tak, \u017ee ligov\u00fd z\u00e1pas bez neho Everton e\u0161te nevyhral. Jeho fyzick\u00fd fond je nezanedbate\u013en\u00fd a\u00a0vyu\u017e\u00edva ho ako smerom dopredu, tak pri br\u00e1nen\u00ed. A\u00a0\u0161tatistick\u00fd port\u00e1l WhoScored.com to potvrdzuje.<\/p>\n<p>V priemere za 90 min\u00fat v tejto sez\u00f3ne si prip\u00edsal dvakr\u00e1t viac defenz\u00edvnych z\u00e1krokov ako ktor\u00fdko\u013evek z ostatn\u00fdch \u00fato\u010dn\u00edkov Evertonu. A tie\u017e m\u00e1 najviac odkopnut\u00ed lopty pri br\u00e1nen\u00ed. Je v kon\u0161tantnom stave podporova\u0165 partnera v \u00fatoku, a rovnak\u00fdm dielom aj svojho kolegu v defenz\u00edve. Ne\u00fanavne vyv\u00edja n\u00e1tlak na s\u00fapera pri rozohr\u00e1vke a ud\u00e1va tak rytmus a pr\u00edklad ostatn\u00fdm spoluhr\u00e1\u010dom.<\/p>\n<h4><strong>S\u00e9amus Coleman<\/strong><\/h4>\n<p>Najhor\u0161ie na absencii \u00edrskeho kapit\u00e1na je to, \u017ee ortodoxn\u00e1 n\u00e1hrada na jeho post bola a\u017e dodnes zranen\u00e1. Kenny sa vracia po nieko\u013ekot\u00fd\u017ed\u0148ovej prest\u00e1vke a\u00a0fan\u00fa\u0161ikovia nevedia, \u010di u\u017e nadobudol kond\u00edciu na cel\u00fdch dev\u00e4\u0165desiat min\u00fat. Godfrey je kvalitn\u00fd hr\u00e1\u010d a\u00a0odbr\u00e1ni si svoje. Len\u017ee nie je to prav\u00fd bek.<\/p>\n<p>Jeho pozi\u010dn\u00e1 hra a\u00a0n\u00e1vyky, ktor\u00e9 ho \u0165ahaj\u00fa v\u017edy viac do stredu ihriska, sa nehodia k\u00a0Jamesovi, hr\u00e1\u010dovi, \u010do br\u00e1nenie jednoducho nem\u00e1 v\u00a0krvi. A\u00a0aj keby mal poctivej\u0161ieho spoluhr\u00e1\u010da pred n\u00edm, pravdepodobne to nebude ono. Coleman je zvyknut\u00fd pendlova\u0165 hore dole, podstupova\u0165 s\u00faboje na kr\u00eddle jeden na jedn\u00e9ho, posiela\u0165 centre do oh\u0148a, alebo robi\u0165 v\u00fdpady do vn\u00fatra \u0161estn\u00e1stky. A dnes sa pravdepodobne dozvieme, \u010di to takto bude fungova\u0165 s\u00a0Kennym. Av\u0161ak bez Jamesa, zatia\u013e nepostr\u00e1date\u013en\u00e9ho.<\/p>\n<h4><strong>James Rodr\u00edguez<\/strong><\/h4>\n<p>Tento fenomen\u00e1lny hr\u00e1\u010d to m\u00e1 na ihrisku \u0165a\u017e\u0161ie, ak sa okrem neho nenach\u00e1dzaj\u00fa medzi spoluhr\u00e1\u010dmi \u010fal\u0161ie kreat\u00edvne \/ \u00fato\u010dn\u00e9 hrozby. S\u00faper sa t\u00fdm p\u00e1dom m\u00f4\u017ee s\u00fastredi\u0165 len na neho. Za jeho kr\u00e1tke p\u00f4sobenie v klube sa okam\u017eite stal jedn\u00fdm z najkreat\u00edvnej\u0161\u00edch hr\u00e1\u010dov Premier League.<\/p>\n<p>Iba jedin\u00fd hr\u00e1\u010d v lige zaznamenal viac ako Kolumbij\u010danov\u00fdch sedemn\u00e1s\u0165 vytvoren\u00fdch \u0161anc\u00ed v\u00a0prv\u00fdch \u0161iestich z\u00e1pasoch tejto sez\u00f3ny. A\u00a0to nikto z Evertonu nevytvoril viac po\u010das posledn\u00fdch \u0161trn\u00e1stich z\u00e1pasov minul\u00e9ho ro\u010dn\u00edka. Zo \u0161trn\u00e1stich ligov\u00fdch g\u00f3lov The Toffees sa James podie\u013eal na desiatich z\u00a0nich.<\/p>\n<p>Tromi g\u00f3lmi, tromi asistenciami a \u0161tyrmi pred-asistenciami (1. lige) \u2013 prihr\u00e1vkami predch\u00e1dzaj\u00facimi asistencie. S\u00edce v\u0161etky tri asistencie poch\u00e1dzaj\u00fa zo zahrania \u0161tandardn\u00fdch situ\u00e1cii, ale to v\u00f4bec nez\u013eah\u010duje jeho pr\u00ednos v\u00a0\u00fato\u010denej tretine ihriska. Potvrdzuj\u00fa to op\u00e4\u0165 \u0161tatistiky port\u00e1lu Opta Sports.<\/p>\n<p>James v lige vedie v kateg\u00f3rii \u201exA\u201c s \u010d\u00edslom 1.93 v priemere za 90 min\u00fat \u2013 expected assists (o\u010dak\u00e1van\u00e9 asistencie \u2013 pravdepodobnos\u0165, \u017ee prihr\u00e1vka sa stane asistenciou). A to rovnako celkovo, a aj zo \u0161tandardn\u00fdch situ\u00e1cii.<\/p>\n<p>StatsBomb.com zase vo svojej meranej \u0161tatistike akci\u00ed, ktor\u00e9 ved\u00fa ku strele, tvrd\u00ed, \u017ee Kolumbij\u010dan je len tesne za hr\u00e1\u010dmi ako Salah a De Bruyne. V s\u00fa\u010dasnosti je to v priemere 5,6 za 90 min\u00fat. Takmer dvojn\u00e1sobok ne\u017e ktor\u00fdko\u013evek in\u00fd hr\u00e1\u010d Evertonu od za\u010diatku minulej sez\u00f3ny. Pre porovnanie, najbli\u017e\u0161ie k nemu m\u00e1 Digne (3), potom Sigurdsson (2.9), Richarlison (2.5), Iwobi (2.4) a DCL (1.8).<\/p>\n<h4><strong>Lucas Digne<\/strong><\/h4>\n<p>Posledn\u00fd z\u00e1pas pre Digneho nebol ide\u00e1lny. A\u00a0to nielen pre \u010derven\u00fa kartu. \u00daspe\u0161nos\u0165 prihr\u00e1vok mal len na \u00farovni 75.4 % &#8211; tretiu najmen\u0161iu z\u00a0hr\u00e1\u010dov Evertonu. Taktie\u017e stratil loptu a\u017e 27 kr\u00e1t, \u010do je a\u017e neuverite\u013en\u00e9 \u010d\u00edslo na tak kvalitn\u00e9ho hr\u00e1\u010da. Ale ide sk\u00f4r o\u00a0v\u00fdnimku z\u00a0pravidla. Blb\u00fd de\u0148 potvrdila aj ne\u0161\u0165astn\u00e1 \u010derven\u00e1.<\/p>\n<p>V\u00a0tom stretnut\u00ed toti\u017e aj tak stihol posla\u0165 viac centrovan\u00fdch l\u00f4pt (8), ako ktoko\u013evek in\u00fd. A\u00a0vy\u0161\u0161ie uveden\u00e9 \u010d\u00edsla kreativity s\u00fa takisto d\u00f4kazom, \u017ee Everton disponuje s\u00a0Franc\u00fazom v zostave v\u00e4\u010d\u0161\u00edm \u00fato\u010dn\u00fdm potenci\u00e1lom ne\u017e bez neho. Dok\u00e1\u017ee ho preto Nkounkou zast\u00fapi\u0165? Minim\u00e1lne v\u00a0ofenz\u00edve ur\u010dite \u00e1no.<\/p>\n<p>V\u00e4\u010d\u0161iu pozornos\u0165 by v\u0161ak mal zamera\u0165 na br\u00e1nenie. To je jeho prvorad\u00fd chlieb, \u010doby \u013eav\u00e9ho beka. Inak sa nielen jeho pri\u010dinen\u00edm nepodar\u00ed zlomi\u0165 nemoh\u00facnos\u0165 udr\u017eania \u010dist\u00e9ho konta. Po\u010das posledn\u00fdch siedmych z\u00e1pasov vo v\u0161etk\u00fdch s\u00fa\u0165a\u017eiach sme a\u017e v\u00a0piatich z\u00a0nich inkasovali dokonca dvakr\u00e1t.<\/p>\n<p style=\"text-align: right;\"><span style=\"font-size: 8pt;\">(fotozdroj: Tony McArdle-Everton FC)<\/span><\/p>\n","protected":false},"excerpt":{"rendered":"<p>Everton sa dnes predstav\u00ed na p\u00f4de The Magpies. A v\u0161etci veria, \u017ee prekon\u00e1 tr\u00e1penie z minulot\u00fd\u017ed\u0148ov\u00e9ho v\u00fdletu na St Mary&#8217;s. \u00daloha to v\u0161ak bude e\u0161te \u0165a\u017e\u0161ia.<\/p>\n","protected":false},"author":1,"featured_media":12789,"comment_status":"open","ping_status":"closed","sticky":false,"template":"","format":"standard","meta":{"_eb_attr":"","_monsterinsights_skip_tracking":false,"_monsterinsights_sitenote_active":false,"_monsterinsights_sitenote_note":"","_monsterinsights_sitenote_category":0,"footnotes":""},"categories":[39],"tags":[],"yoast_head":"<!-- This site is optimized with the Yoast SEO plugin v23.4 - https:\/\/yoast.com\/wordpress\/plugins\/seo\/ -->\n<title>Prejav\u00ed sa absencia kvality? - Official Czech &amp; Slovak Everton Supporters&#039; Club<\/title>\n<meta name=\"robots\" content=\"index, follow, max-snippet:-1, max-image-preview:large, max-video-preview:-1\" \/>\n<link rel=\"canonical\" href=\"https:\/\/evertonfc.cz\/index.php\/2020\/11\/01\/prejavi-sa-absencia-kvality\/\" \/>\n<meta property=\"og:locale\" content=\"cs_CZ\" \/>\n<meta property=\"og:type\" content=\"article\" \/>\n<meta property=\"og:title\" content=\"Prejav\u00ed sa absencia kvality? - Official Czech &amp; Slovak Everton Supporters&#039; Club\" \/>\n<meta property=\"og:description\" content=\"Everton sa dnes predstav\u00ed na p\u00f4de The Magpies. A v\u0161etci veria, \u017ee prekon\u00e1 tr\u00e1penie z minulot\u00fd\u017ed\u0148ov\u00e9ho v\u00fdletu na St Mary&#039;s. \u00daloha to v\u0161ak bude e\u0161te \u0165a\u017e\u0161ia.\" \/>\n<meta property=\"og:url\" content=\"https:\/\/evertonfc.cz\/index.php\/2020\/11\/01\/prejavi-sa-absencia-kvality\/\" \/>\n<meta property=\"og:site_name\" content=\"Official Czech &amp; Slovak Everton Supporters&#039; Club\" \/>\n<meta property=\"article:publisher\" content=\"https:\/\/www.facebook.com\/everton.fans.cz.sk\" \/>\n<meta property=\"article:published_time\" content=\"2020-11-01T12:12:23+00:00\" \/>\n<meta property=\"article:modified_time\" content=\"2020-11-01T13:58:16+00:00\" \/>\n<meta property=\"og:image\" content=\"https:\/\/evertonfc.cz\/wp-content\/uploads\/2020\/11\/Coleman-James-Richarlison-Tony-McArdle-Everton-FC-1-11-2020.jpg\" \/>\n\t<meta property=\"og:image:width\" content=\"720\" \/>\n\t<meta property=\"og:image:height\" content=\"405\" \/>\n\t<meta property=\"og:image:type\" content=\"image\/jpeg\" \/>\n<meta name=\"author\" content=\"BlueBlooded\" \/>\n<meta name=\"twitter:card\" content=\"summary_large_image\" \/>\n<meta name=\"twitter:label1\" content=\"Napsal(a)\" \/>\n\t<meta name=\"twitter:data1\" content=\"BlueBlooded\" \/>\n\t<meta name=\"twitter:label2\" content=\"Odhadovan\u00e1 doba \u010dten\u00ed\" \/>\n\t<meta name=\"twitter:data2\" content=\"4 minuty\" \/>\n<script type=\"application\/ld+json\" class=\"yoast-schema-graph\">{\"@context\":\"https:\/\/schema.org\",\"@graph\":[{\"@type\":\"Article\",\"@id\":\"https:\/\/evertonfc.cz\/index.php\/2020\/11\/01\/prejavi-sa-absencia-kvality\/#article\",\"isPartOf\":{\"@id\":\"https:\/\/evertonfc.cz\/index.php\/2020\/11\/01\/prejavi-sa-absencia-kvality\/\"},\"author\":{\"name\":\"BlueBlooded\",\"@id\":\"https:\/\/evertonfc.cz\/#\/schema\/person\/d4493b8cbea51532597fbc4685698916\"},\"headline\":\"Prejav\u00ed sa absencia kvality?\",\"datePublished\":\"2020-11-01T12:12:23+00:00\",\"dateModified\":\"2020-11-01T13:58:16+00:00\",\"mainEntityOfPage\":{\"@id\":\"https:\/\/evertonfc.cz\/index.php\/2020\/11\/01\/prejavi-sa-absencia-kvality\/\"},\"wordCount\":876,\"commentCount\":1,\"publisher\":{\"@id\":\"https:\/\/evertonfc.cz\/#organization\"},\"image\":{\"@id\":\"https:\/\/evertonfc.cz\/index.php\/2020\/11\/01\/prejavi-sa-absencia-kvality\/#primaryimage\"},\"thumbnailUrl\":\"https:\/\/evertonfc.cz\/wp-content\/uploads\/2020\/11\/Coleman-James-Richarlison-Tony-McArdle-Everton-FC-1-11-2020.jpg\",\"articleSection\":[\"Blog\"],\"inLanguage\":\"cs\",\"potentialAction\":[{\"@type\":\"CommentAction\",\"name\":\"Comment\",\"target\":[\"https:\/\/evertonfc.cz\/index.php\/2020\/11\/01\/prejavi-sa-absencia-kvality\/#respond\"]}]},{\"@type\":\"WebPage\",\"@id\":\"https:\/\/evertonfc.cz\/index.php\/2020\/11\/01\/prejavi-sa-absencia-kvality\/\",\"url\":\"https:\/\/evertonfc.cz\/index.php\/2020\/11\/01\/prejavi-sa-absencia-kvality\/\",\"name\":\"Prejav\u00ed sa absencia kvality? - Official Czech &amp; Slovak Everton Supporters&#039; Club\",\"isPartOf\":{\"@id\":\"https:\/\/evertonfc.cz\/#website\"},\"primaryImageOfPage\":{\"@id\":\"https:\/\/evertonfc.cz\/index.php\/2020\/11\/01\/prejavi-sa-absencia-kvality\/#primaryimage\"},\"image\":{\"@id\":\"https:\/\/evertonfc.cz\/index.php\/2020\/11\/01\/prejavi-sa-absencia-kvality\/#primaryimage\"},\"thumbnailUrl\":\"https:\/\/evertonfc.cz\/wp-content\/uploads\/2020\/11\/Coleman-James-Richarlison-Tony-McArdle-Everton-FC-1-11-2020.jpg\",\"datePublished\":\"2020-11-01T12:12:23+00:00\",\"dateModified\":\"2020-11-01T13:58:16+00:00\",\"breadcrumb\":{\"@id\":\"https:\/\/evertonfc.cz\/index.php\/2020\/11\/01\/prejavi-sa-absencia-kvality\/#breadcrumb\"},\"inLanguage\":\"cs\",\"potentialAction\":[{\"@type\":\"ReadAction\",\"target\":[\"https:\/\/evertonfc.cz\/index.php\/2020\/11\/01\/prejavi-sa-absencia-kvality\/\"]}]},{\"@type\":\"ImageObject\",\"inLanguage\":\"cs\",\"@id\":\"https:\/\/evertonfc.cz\/index.php\/2020\/11\/01\/prejavi-sa-absencia-kvality\/#primaryimage\",\"url\":\"https:\/\/evertonfc.cz\/wp-content\/uploads\/2020\/11\/Coleman-James-Richarlison-Tony-McArdle-Everton-FC-1-11-2020.jpg\",\"contentUrl\":\"https:\/\/evertonfc.cz\/wp-content\/uploads\/2020\/11\/Coleman-James-Richarlison-Tony-McArdle-Everton-FC-1-11-2020.jpg\",\"width\":720,\"height\":405},{\"@type\":\"BreadcrumbList\",\"@id\":\"https:\/\/evertonfc.cz\/index.php\/2020\/11\/01\/prejavi-sa-absencia-kvality\/#breadcrumb\",\"itemListElement\":[{\"@type\":\"ListItem\",\"position\":1,\"name\":\"Home\",\"item\":\"https:\/\/evertonfc.cz\/\"},{\"@type\":\"ListItem\",\"position\":2,\"name\":\"Prejav\u00ed sa absencia kvality?\"}]},{\"@type\":\"WebSite\",\"@id\":\"https:\/\/evertonfc.cz\/#website\",\"url\":\"https:\/\/evertonfc.cz\/\",\"name\":\"Official Czech &amp; Slovak Everton Supporters&#039; Club\",\"description\":\"\",\"publisher\":{\"@id\":\"https:\/\/evertonfc.cz\/#organization\"},\"potentialAction\":[{\"@type\":\"SearchAction\",\"target\":{\"@type\":\"EntryPoint\",\"urlTemplate\":\"https:\/\/evertonfc.cz\/?s={search_term_string}\"},\"query-input\":{\"@type\":\"PropertyValueSpecification\",\"valueRequired\":true,\"valueName\":\"search_term_string\"}}],\"inLanguage\":\"cs\"},{\"@type\":\"Organization\",\"@id\":\"https:\/\/evertonfc.cz\/#organization\",\"name\":\"Official Czech & Slovak Everton Supporters' Club\",\"url\":\"https:\/\/evertonfc.cz\/\",\"logo\":{\"@type\":\"ImageObject\",\"inLanguage\":\"cs\",\"@id\":\"https:\/\/evertonfc.cz\/#\/schema\/logo\/image\/\",\"url\":\"https:\/\/evertonfc.cz\/wp-content\/uploads\/2019\/05\/logo.png\",\"contentUrl\":\"https:\/\/evertonfc.cz\/wp-content\/uploads\/2019\/05\/logo.png\",\"width\":112,\"height\":112,\"caption\":\"Official Czech & Slovak Everton Supporters' Club\"},\"image\":{\"@id\":\"https:\/\/evertonfc.cz\/#\/schema\/logo\/image\/\"},\"sameAs\":[\"https:\/\/www.facebook.com\/everton.fans.cz.sk\"]},{\"@type\":\"Person\",\"@id\":\"https:\/\/evertonfc.cz\/#\/schema\/person\/d4493b8cbea51532597fbc4685698916\",\"name\":\"BlueBlooded\",\"url\":\"https:\/\/evertonfc.cz\/index.php\/author\/admin\/\"}]}<\/script>\n<!-- \/ Yoast SEO plugin. -->","yoast_head_json":{"title":"Prejav\u00ed sa absencia kvality? - Official Czech &amp; Slovak Everton Supporters&#039; Club","robots":{"index":"index","follow":"follow","max-snippet":"max-snippet:-1","max-image-preview":"max-image-preview:large","max-video-preview":"max-video-preview:-1"},"canonical":"https:\/\/evertonfc.cz\/index.php\/2020\/11\/01\/prejavi-sa-absencia-kvality\/","og_locale":"cs_CZ","og_type":"article","og_title":"Prejav\u00ed sa absencia kvality? - Official Czech &amp; Slovak Everton Supporters&#039; Club","og_description":"Everton sa dnes predstav\u00ed na p\u00f4de The Magpies. A v\u0161etci veria, \u017ee prekon\u00e1 tr\u00e1penie z minulot\u00fd\u017ed\u0148ov\u00e9ho v\u00fdletu na St Mary's. \u00daloha to v\u0161ak bude e\u0161te \u0165a\u017e\u0161ia.","og_url":"https:\/\/evertonfc.cz\/index.php\/2020\/11\/01\/prejavi-sa-absencia-kvality\/","og_site_name":"Official Czech &amp; Slovak Everton Supporters&#039; Club","article_publisher":"https:\/\/www.facebook.com\/everton.fans.cz.sk","article_published_time":"2020-11-01T12:12:23+00:00","article_modified_time":"2020-11-01T13:58:16+00:00","og_image":[{"width":720,"height":405,"url":"https:\/\/evertonfc.cz\/wp-content\/uploads\/2020\/11\/Coleman-James-Richarlison-Tony-McArdle-Everton-FC-1-11-2020.jpg","type":"image\/jpeg"}],"author":"BlueBlooded","twitter_card":"summary_large_image","twitter_misc":{"Napsal(a)":"BlueBlooded","Odhadovan\u00e1 doba \u010dten\u00ed":"4 minuty"},"schema":{"@context":"https:\/\/schema.org","@graph":[{"@type":"Article","@id":"https:\/\/evertonfc.cz\/index.php\/2020\/11\/01\/prejavi-sa-absencia-kvality\/#article","isPartOf":{"@id":"https:\/\/evertonfc.cz\/index.php\/2020\/11\/01\/prejavi-sa-absencia-kvality\/"},"author":{"name":"BlueBlooded","@id":"https:\/\/evertonfc.cz\/#\/schema\/person\/d4493b8cbea51532597fbc4685698916"},"headline":"Prejav\u00ed sa absencia kvality?","datePublished":"2020-11-01T12:12:23+00:00","dateModified":"2020-11-01T13:58:16+00:00","mainEntityOfPage":{"@id":"https:\/\/evertonfc.cz\/index.php\/2020\/11\/01\/prejavi-sa-absencia-kvality\/"},"wordCount":876,"commentCount":1,"publisher":{"@id":"https:\/\/evertonfc.cz\/#organization"},"image":{"@id":"https:\/\/evertonfc.cz\/index.php\/2020\/11\/01\/prejavi-sa-absencia-kvality\/#primaryimage"},"thumbnailUrl":"https:\/\/evertonfc.cz\/wp-content\/uploads\/2020\/11\/Coleman-James-Richarlison-Tony-McArdle-Everton-FC-1-11-2020.jpg","articleSection":["Blog"],"inLanguage":"cs","potentialAction":[{"@type":"CommentAction","name":"Comment","target":["https:\/\/evertonfc.cz\/index.php\/2020\/11\/01\/prejavi-sa-absencia-kvality\/#respond"]}]},{"@type":"WebPage","@id":"https:\/\/evertonfc.cz\/index.php\/2020\/11\/01\/prejavi-sa-absencia-kvality\/","url":"https:\/\/evertonfc.cz\/index.php\/2020\/11\/01\/prejavi-sa-absencia-kvality\/","name":"Prejav\u00ed sa absencia kvality? - Official Czech &amp; Slovak Everton Supporters&#039; Club","isPartOf":{"@id":"https:\/\/evertonfc.cz\/#website"},"primaryImageOfPage":{"@id":"https:\/\/evertonfc.cz\/index.php\/2020\/11\/01\/prejavi-sa-absencia-kvality\/#primaryimage"},"image":{"@id":"https:\/\/evertonfc.cz\/index.php\/2020\/11\/01\/prejavi-sa-absencia-kvality\/#primaryimage"},"thumbnailUrl":"https:\/\/evertonfc.cz\/wp-content\/uploads\/2020\/11\/Coleman-James-Richarlison-Tony-McArdle-Everton-FC-1-11-2020.jpg","datePublished":"2020-11-01T12:12:23+00:00","dateModified":"2020-11-01T13:58:16+00:00","breadcrumb":{"@id":"https:\/\/evertonfc.cz\/index.php\/2020\/11\/01\/prejavi-sa-absencia-kvality\/#breadcrumb"},"inLanguage":"cs","potentialAction":[{"@type":"ReadAction","target":["https:\/\/evertonfc.cz\/index.php\/2020\/11\/01\/prejavi-sa-absencia-kvality\/"]}]},{"@type":"ImageObject","inLanguage":"cs","@id":"https:\/\/evertonfc.cz\/index.php\/2020\/11\/01\/prejavi-sa-absencia-kvality\/#primaryimage","url":"https:\/\/evertonfc.cz\/wp-content\/uploads\/2020\/11\/Coleman-James-Richarlison-Tony-McArdle-Everton-FC-1-11-2020.jpg","contentUrl":"https:\/\/evertonfc.cz\/wp-content\/uploads\/2020\/11\/Coleman-James-Richarlison-Tony-McArdle-Everton-FC-1-11-2020.jpg","width":720,"height":405},{"@type":"BreadcrumbList","@id":"https:\/\/evertonfc.cz\/index.php\/2020\/11\/01\/prejavi-sa-absencia-kvality\/#breadcrumb","itemListElement":[{"@type":"ListItem","position":1,"name":"Home","item":"https:\/\/evertonfc.cz\/"},{"@type":"ListItem","position":2,"name":"Prejav\u00ed sa absencia kvality?"}]},{"@type":"WebSite","@id":"https:\/\/evertonfc.cz\/#website","url":"https:\/\/evertonfc.cz\/","name":"Official Czech &amp; Slovak Everton Supporters&#039; Club","description":"","publisher":{"@id":"https:\/\/evertonfc.cz\/#organization"},"potentialAction":[{"@type":"SearchAction","target":{"@type":"EntryPoint","urlTemplate":"https:\/\/evertonfc.cz\/?s={search_term_string}"},"query-input":{"@type":"PropertyValueSpecification","valueRequired":true,"valueName":"search_term_string"}}],"inLanguage":"cs"},{"@type":"Organization","@id":"https:\/\/evertonfc.cz\/#organization","name":"Official Czech & Slovak Everton Supporters' Club","url":"https:\/\/evertonfc.cz\/","logo":{"@type":"ImageObject","inLanguage":"cs","@id":"https:\/\/evertonfc.cz\/#\/schema\/logo\/image\/","url":"https:\/\/evertonfc.cz\/wp-content\/uploads\/2019\/05\/logo.png","contentUrl":"https:\/\/evertonfc.cz\/wp-content\/uploads\/2019\/05\/logo.png","width":112,"height":112,"caption":"Official Czech & Slovak Everton Supporters' Club"},"image":{"@id":"https:\/\/evertonfc.cz\/#\/schema\/logo\/image\/"},"sameAs":["https:\/\/www.facebook.com\/everton.fans.cz.sk"]},{"@type":"Person","@id":"https:\/\/evertonfc.cz\/#\/schema\/person\/d4493b8cbea51532597fbc4685698916","name":"BlueBlooded","url":"https:\/\/evertonfc.cz\/index.php\/author\/admin\/"}]}},"_links":{"self":[{"href":"https:\/\/evertonfc.cz\/index.php\/wp-json\/wp\/v2\/posts\/12788"}],"collection":[{"href":"https:\/\/evertonfc.cz\/index.php\/wp-json\/wp\/v2\/posts"}],"about":[{"href":"https:\/\/evertonfc.cz\/index.php\/wp-json\/wp\/v2\/types\/post"}],"author":[{"embeddable":true,"href":"https:\/\/evertonfc.cz\/index.php\/wp-json\/wp\/v2\/users\/1"}],"replies":[{"embeddable":true,"href":"https:\/\/evertonfc.cz\/index.php\/wp-json\/wp\/v2\/comments?post=12788"}],"version-history":[{"count":3,"href":"https:\/\/evertonfc.cz\/index.php\/wp-json\/wp\/v2\/posts\/12788\/revisions"}],"predecessor-version":[{"id":12792,"href":"https:\/\/evertonfc.cz\/index.php\/wp-json\/wp\/v2\/posts\/12788\/revisions\/12792"}],"wp:featuredmedia":[{"embeddable":true,"href":"https:\/\/evertonfc.cz\/index.php\/wp-json\/wp\/v2\/media\/12789"}],"wp:attachment":[{"href":"https:\/\/evertonfc.cz\/index.php\/wp-json\/wp\/v2\/media?parent=12788"}],"wp:term":[{"taxonomy":"category","embeddable":true,"href":"https:\/\/evertonfc.cz\/index.php\/wp-json\/wp\/v2\/categories?post=12788"},{"taxonomy":"post_tag","embeddable":true,"href":"https:\/\/evertonfc.cz\/index.php\/wp-json\/wp\/v2\/tags?post=12788"}],"curies":[{"name":"wp","href":"https:\/\/api.w.org\/{rel}","templated":true}]}}