{"id":12803,"date":"2020-11-01T21:09:13","date_gmt":"2020-11-01T20:09:13","guid":{"rendered":"https:\/\/evertonfc.cz\/?p=12803"},"modified":"2020-11-03T13:16:56","modified_gmt":"2020-11-03T12:16:56","slug":"finale-wfa-cup-everton-w-manchester-city-w-13","status":"publish","type":"post","link":"https:\/\/evertonfc.cz\/index.php\/2020\/11\/01\/finale-wfa-cup-everton-w-manchester-city-w-13\/","title":{"rendered":"Fin\u00e1le WFA Cup: Everton W &#8211; Manchester City W 1:3"},"content":{"rendered":"<h4>Ani t\u0159et\u00ed utk\u00e1n\u00ed s MCI v t\u00e9to sez\u00f3n\u011b nedopadlo pro Everton \u0161\u0165astn\u011b. Ve fin\u00e1le WFA Cup prohr\u00e1ly evertonsk\u00e9 \u017eeny s Citizens 1:3.<\/h4>\n<p>Poprv\u00e9 v historii p\u0159iv\u00edtalo Wembely evertonsk\u00fd \u017eensk\u00fd t\u00fdm. Z\u00e1pas to nebyl ledajak\u00fd. Everton zde usiloval o zisk WFA Cup, soupe\u0159kami mu byly \u017eeny Manchester City. V kornavirov\u00e9 dob\u011b zely ochozy legend\u00e1rn\u00edho stadionu pr\u00e1zdnotou, ale \u00fapln\u011b bez publika se z\u00e1pas neodehr\u00e1val. Z tribun mu p\u0159ihl\u00ed\u017eeli mimo jin\u00e9 mana\u017eer anglick\u00e9 \u017eensk\u00e9 fotbalov\u00e9 reprezentace (a b\u00fdval\u00fd evertonsk\u00fd kapit\u00e1n) Phil Neville a p\u0159edseda Evertonu Bill Kenwright. Willy Kirk spole\u010denskou str\u00e1nku st\u0159etnut\u00ed nepodcenil. Do vymezen\u00e9ho \u00fazem\u00ed se postavil v \u00faboru, se kter\u00fdm by okam\u017eit\u011b mohl vyrazit do westminstersk\u00e9 katedr\u00e1ly na svatebn\u00ed ob\u0159ad a hr\u00e1t p\u0159i n\u011bm hlavn\u00ed roli (ne, nev\u011bstu nemysl\u00edm). Modr\u00e1 r\u016f\u017ee s b\u00edlou stuhou\u00a0 v klop\u011b tmav\u00e9ho obleku byla p\u011bkn\u00fdm dokladem d\u016fle\u017eitosti, kterou n\u00e1\u0161 mana\u017eer st\u0159etnut\u00ed p\u0159ikl\u00e1dal. D\u00e1my v roli dom\u00e1c\u00edch daly p\u0159ednost obl\u00edben\u00e9mu jantarov\u00e9mu dresu. D\u00e9\u0161\u0165 na chv\u00edli ustal a z\u00e1pas mohl za\u010d\u00edt.<\/p>\n<h4>Prvn\u00ed polo\u010das<\/h4>\n<p>Od prvn\u00ed minuty za\u010dal tlak hr\u00e1\u010dek v nebesky modr\u00fdch dresech. A od prvn\u00ed minuty na\u0161e hr\u00e1\u010dky zodpov\u011bdn\u011b a ob\u011btav\u011b br\u00e1nily. Prvn\u00ed st\u0159elu na evertonskou br\u00e1nu vyslala u\u017e ve 2. minut\u011b Chloe Kelly, ale Sandy MacIver m\u00ed\u010d lapila. Pot\u00e9 se na n\u00e1s valila vlna za vlnou, ale hradba jantarov\u00fdch dres\u016f state\u010dn\u011b br\u00e1nila. V prvn\u00ed \u010dtvrthodin\u011b se Everton nemohl dostat \u0159\u00e1dn\u011b do hry. Ofenzivn\u00ed str\u00e1nku v\u011bci zachra\u0148ovala tradi\u010dn\u011b urputn\u00e1 a aktivn\u00ed Hayley Raso sv\u00fdmi v\u00fdpady hluboko na polovinu soupe\u0159ek, bohu\u017eel bez v\u00fdsledku. Od minuty 20. MCI d\u00e1le p\u0159it\u00e1hl \u0161rouby. Kelly jedovat\u011b vyp\u00e1lila, ale MacIver byla na sv\u00e9m m\u00edst\u011b. Ve 23. minut\u011b zahr\u00e1val Everton p\u0159\u00edm\u00fd kop po faulu Bronze na Raso, bohu\u017eel bez k\u00fd\u017een\u00e9ho efektu. O minutu pozd\u011bji zajela ost\u0159e Hayley do soupe\u0159ky, za co\u017e si vyslou\u017eila \u017elutou, ale ani z toho p\u0159\u00edm\u00e9ho kopu nic na\u0161t\u011bst\u00ed nebylo. Ve 25. minut\u011b to Val\u00e8rie zkusila zd\u00e1lky a bez v\u00fdsledku. Ve stejn\u00e9 minut\u011b MacIver bravurn\u00edm v\u00fdb\u011bhem sebrala Ellen White z kopa\u010dky vedouc\u00ed g\u00f3l. Ve 34. minut\u011b po osv\u011bd\u010den\u00e9 spolupr\u00e1ci Moe Wold &#8211; Gauvin m\u00ed\u0159ila francouzsk\u00e1 ostrost\u0159elkyn\u011b hlavou mimo. Ve 40. minut\u011b po rohu MCI si ve v\u00e1pn\u011b na m\u00ed\u010d vysko\u010dila nejvy\u0161\u0161\u00ed hr\u00e1\u010dka na h\u0159i\u0161ti Sam Mewis (183 cm) a hlavou zav\u011bsila &#8211; <strong>0:1<\/strong>. O n\u011bkolik minut pozd\u011bji zkusila tak\u00e9 hlavou odpov\u011bd\u011bt Megan Finnigan (175 cm), bohu\u017eel ne\u00fasp\u011b\u0161n\u011b. T\u011bsn\u011b p\u0159ed polo\u010dasem zlikvidovala Sandy v na\u0161\u00ed br\u00e1n\u011b velmi slibnou p\u0159ihr\u00e1vku do ohn\u011b. Na opa\u010dn\u00e9 stran\u011b h\u0159i\u0161t\u011b byla po \u010dist\u00e9m skluzu Houghton ne\u0161\u0165astn\u011b sejmuta Gauvin a do \u0161aten sotva odkulhala.<\/p>\n<h4>Druh\u00fd polo\u010das<\/h4>\n<p>Do druh\u00e9ho polo\u010dasu Val\u00e8rie nastoupila, i kdy\u017e bylo vid\u011bt, \u017ee j\u00ed koleno bol\u00ed.\u00a0 Everton vyrazil do ofenz\u00edvy. To po s\u00e9rii tvrd\u00fdch souboj\u016f poc\u00edtila hlavn\u011b Hayley na prav\u00e9m k\u0159\u00eddle, ale nic dal\u0161\u00edho z toho nebylo. V na\u0161em v\u00e1pn\u011b se Sandy MacIver op\u011bt zaskv\u011bla perfektn\u00edm z\u00e1krokem po dor\u00e1\u017ece Kelly. V 59. minut\u011b po rohu hlavi\u010dkovala velmi dob\u0159e Damaris (176 cm), ale jej\u00ed pokus byl vyra\u017eena na roh. Po jeho zahr\u00e1n\u00ed pozadu hlavou dopravila m\u00ed\u010d do br\u00e1ny <strong>Val\u00e8rie Gauvin<\/strong> (173 cm) &#8211; <strong>1:1<\/strong>. Everton zv\u00fd\u0161il obr\u00e1tky. Raso kmitala jak div\u00e1 a vybojovala dal\u0161\u00ed p\u0159\u00edm\u00fd kop. Ke g\u00f3lu nevedl. V 72. minut\u011b Nicoline kr\u00e1sn\u011b zakombinovala s Val\u00e8ri\u00ed, jej\u00ed hlavi\u010dka prolet\u011bla 10 cm vedle br\u00e1ny. Hayley byla v 76. minut\u011b vyst\u0159\u00edd\u00e1na Chantelle Boye-Hlorkah, \u010d\u00edm\u017e bohu\u017eel na\u0161e aktivita na prav\u00e9 stran\u011b v\u00fdrazn\u011b opadla. Na druhou stranu to asi uchr\u00e1nilo Raso p\u0159ed druhou \u017elutou. V 85. minut\u011b kr\u00e1snou st\u0159elu Nicoline S\u00f8rensen sm\u011b\u0159uj\u00edc\u00ed do \u0161ibenice vyt\u00e1hla Ellie Roebuck v brance MCI t\u011bsn\u011b nad b\u0159evno. Do konce druh\u00e9 p\u016fle si je\u0161t\u011b Lucy Graham pochroumala kotn\u00edk, a Chloe Kelly s Caroline Weir m\u011bly soustavu \u0161anc\u00ed, kter\u00e9 v\u0161ak m\u00ed\u0159ily vedle nebo do brankov\u00e9 konstrukce. V 95. minut\u011b hlavi\u010dkovala po rohu Damaris nad a \u0161lo se do prodlou\u017een\u00ed.<\/p>\n<h4><strong>Prodlou\u017een\u00ed<\/strong><\/h4>\n<p>Do prodlou\u017een\u00ed nastoupila Simone Magill m\u00edsto Val\u00e8rie Gauvin,\u00a0 Lucy Graham uvolnila sv\u00e9 m\u00edsto Moly Pike a Rikke Sevecke byla vyst\u0159\u00edd\u00e1na Poppy Patinson. Manchester City op\u011bt p\u0159itvrdil. Na\u0161e d\u00e1my ale v\u016fbec necht\u011bly d\u00e1t svou k\u016f\u017ei lacino a vydolovaly v\u0161echny zb\u00fdvaj\u00edc\u00ed s\u00edly. Damaris byla vyst\u0159\u00edd\u00e1na Abbey-Leigh Stringer. Ve 12. minut\u011b prodlou\u017een\u00ed perfektn\u00edm obrann\u00fdm z\u00e1krokem zlikvidovala Megan Finnigan n\u00e1jezd Georgie Stanway, kter\u00e1 u\u017e obe\u0161la na\u0161\u00ed brank\u00e1\u0159ku a sm\u011b\u0159ovala k br\u00e1n\u011b. Pak MacIver n\u00e1dhern\u011b vyrazila hlavi\u010dku Houghton. Ve 111. minut\u011b se Stanway u\u017e do\u010dkala a po nahr\u00e1vce Jess Park p\u0159ekonala Sandy &#8211; <strong>1:2<\/strong>. O \u010dty\u0159i minuty pozd\u011bji byla zne\u0161kodn\u011bna st\u0159ela S\u00f8rensen a Everton vsadil v\u0161e na ofenzivu. T\u011bsn\u011b p\u0159ed kone\u010dn\u00fdm hvizdem si do v\u00e1pna soupe\u0159e zab\u011bhla i MacIver, ale zahran\u00fd p\u0159\u00edm\u00fd kop k vyrovn\u00e1n\u00ed nevedl. Sandy se je\u0161t\u011b sta\u010dila vr\u00e1tit, ale v posledn\u00ed sekund\u011b utk\u00e1n\u00ed byla p\u0159ekon\u00e1na kanadskou reprezentantkou Janine Beckie &#8211; <strong>1:3<\/strong>.<\/p>\n<h4>Shrnut\u00ed<\/h4>\n<p>Ano, Everton toto fin\u00e1lov\u00e9 utk\u00e1n\u00ed prohr\u00e1l. Hr\u00e1\u010dk\u00e1m Manchester City nezb\u00fdv\u00e1 ne\u017e pogratulovat k zaslou\u017een\u00e9mu \u00fasp\u011bchu. Pro Everton m\u016f\u017ee b\u00fdt slabou \u00fat\u011bchou, \u017ee Sandy MacIver byla po pr\u00e1vu jmenov\u00e1na MOTM. Za p\u0159edveden\u00fd v\u00fdkon, se evertonsk\u00e9 d\u00e1my ale v\u016fbec nemus\u00ed styd\u011bt, jakkoliv je jejich zklam\u00e1n\u00ed z v\u00fdsledku nyn\u00ed velik\u00e9. V z\u00e1pase odevzdaly v\u0161echno a nechyb\u011blo zas tak mnoho a mohly se radovat ony. V\u016fbec to nebyla hra ko\u010dky z my\u0161\u00ed, jak by se mo\u017en\u00e1 podle sk\u00f3re nebo pov\u011bsti obou klub\u016f mohlo zd\u00e1t. Jsem p\u0159esv\u011bd\u010den, \u017ee pokud se tento t\u00fdm udr\u017e\u00ed pohromad\u011b, tak n\u00e1\u0161 \u010das je\u0161t\u011b p\u0159ijde. Takto se m\u00e1 hr\u00e1t\u00a0 ve fin\u00e1le FA Cup. Z\u00e1v\u011bre\u010dn\u00e1 standing ovation Billa Kenwrigta byla zcela na m\u00edst\u011b. Well done, ladies!<\/p>\n<p><strong>Branky: <\/strong>Gauvin (60\u00b4) &#8211; Mewis (40\u2019), Stanway (111\u2019), Beckie (120&#8242;)<\/p>\n<p><strong>\u017dlut\u00e9 karty:<\/strong> Raso &#8211; Bronze, Stanway<\/p>\n<p><strong>Everton (4-2-3-1):<\/strong>\u00a0 MacIver; Moe Wold, Finnigan,\u00a0 Sevecke (90\u00b4 Pattinson), Turner; Graham (90\u00b4 Pike), Damaris (99\u00b4 Stringer); Raso (76\u00b4 Boye-Hlorkah), Christiansen, S\u00f8rensen;\u00a0 Gauvin (90\u00b4 Magill)<\/p>\n<p><strong>Manchester City (4-3-3):<\/strong>\u00a0 Roebuck; Bronze, Houghton, Greenwood,\u00a0 Stokes; Mewis, Walsh, Weir; Kelly (118\u00b4 Beckie), White (63\u00b4 Stanway),\u00a0 Lavelle (70\u00b4 Park)<\/p>\n<p><strong>Rozhod\u010d\u00ed: <\/strong>Rebecca Welch<\/p>\n<p style=\"text-align: right\"><span style=\"font-size: 8pt\"><em>Na fotografii: Sandy\u00a0 MacIver<br \/>\n<\/em><\/span><span style=\"font-size: 10.6667px\"><i>Zdroj fotografie: faplayer.thefa.com\/<\/i><\/span><\/p>\n","protected":false},"excerpt":{"rendered":"<p>Ani t\u0159et\u00ed utk\u00e1n\u00ed s MCI v t\u00e9to sez\u00f3n\u011b nedopadlo pro Everton \u0161\u0165astn\u011b. Ve fin\u00e1le WFA Cup prohr\u00e1ly evertonsk\u00e9 \u017eeny s Citizens 1:3.<\/p>\n","protected":false},"author":26,"featured_media":12806,"comment_status":"open","ping_status":"closed","sticky":false,"template":"","format":"standard","meta":{"_eb_attr":"","_monsterinsights_skip_tracking":false,"_monsterinsights_sitenote_active":false,"_monsterinsights_sitenote_note":"","_monsterinsights_sitenote_category":0,"footnotes":""},"categories":[110],"tags":[],"yoast_head":"<!-- This site is optimized with the Yoast SEO plugin v23.4 - https:\/\/yoast.com\/wordpress\/plugins\/seo\/ -->\n<title>Fin\u00e1le WFA Cup: Everton W - Manchester City W 1:3 - Official Czech &amp; Slovak Everton Supporters&#039; Club<\/title>\n<meta name=\"robots\" content=\"index, follow, max-snippet:-1, max-image-preview:large, max-video-preview:-1\" \/>\n<link rel=\"canonical\" href=\"https:\/\/evertonfc.cz\/index.php\/2020\/11\/01\/finale-wfa-cup-everton-w-manchester-city-w-13\/\" \/>\n<meta property=\"og:locale\" content=\"cs_CZ\" \/>\n<meta property=\"og:type\" content=\"article\" \/>\n<meta property=\"og:title\" content=\"Fin\u00e1le WFA Cup: Everton W - Manchester City W 1:3 - Official Czech &amp; Slovak Everton Supporters&#039; Club\" \/>\n<meta property=\"og:description\" content=\"Ani t\u0159et\u00ed utk\u00e1n\u00ed s MCI v t\u00e9to sez\u00f3n\u011b nedopadlo pro Everton \u0161\u0165astn\u011b. Ve fin\u00e1le WFA Cup prohr\u00e1ly evertonsk\u00e9 \u017eeny s Citizens 1:3.\" \/>\n<meta property=\"og:url\" content=\"https:\/\/evertonfc.cz\/index.php\/2020\/11\/01\/finale-wfa-cup-everton-w-manchester-city-w-13\/\" \/>\n<meta property=\"og:site_name\" content=\"Official Czech &amp; Slovak Everton Supporters&#039; Club\" \/>\n<meta property=\"article:publisher\" content=\"https:\/\/www.facebook.com\/everton.fans.cz.sk\" \/>\n<meta property=\"article:published_time\" content=\"2020-11-01T20:09:13+00:00\" \/>\n<meta property=\"article:modified_time\" content=\"2020-11-03T12:16:56+00:00\" \/>\n<meta property=\"og:image\" content=\"https:\/\/evertonfc.cz\/wp-content\/uploads\/2020\/11\/Sandy_Maciver_web.jpg\" \/>\n\t<meta property=\"og:image:width\" content=\"720\" \/>\n\t<meta property=\"og:image:height\" content=\"405\" \/>\n\t<meta property=\"og:image:type\" content=\"image\/jpeg\" \/>\n<meta name=\"author\" content=\"Karamela\" \/>\n<meta name=\"twitter:card\" content=\"summary_large_image\" \/>\n<meta name=\"twitter:label1\" content=\"Napsal(a)\" \/>\n\t<meta name=\"twitter:data1\" content=\"Karamela\" \/>\n\t<meta name=\"twitter:label2\" content=\"Odhadovan\u00e1 doba \u010dten\u00ed\" \/>\n\t<meta name=\"twitter:data2\" content=\"6 minut\" \/>\n<script type=\"application\/ld+json\" class=\"yoast-schema-graph\">{\"@context\":\"https:\/\/schema.org\",\"@graph\":[{\"@type\":\"Article\",\"@id\":\"https:\/\/evertonfc.cz\/index.php\/2020\/11\/01\/finale-wfa-cup-everton-w-manchester-city-w-13\/#article\",\"isPartOf\":{\"@id\":\"https:\/\/evertonfc.cz\/index.php\/2020\/11\/01\/finale-wfa-cup-everton-w-manchester-city-w-13\/\"},\"author\":{\"name\":\"Karamela\",\"@id\":\"https:\/\/evertonfc.cz\/#\/schema\/person\/e9a24a80a32efa1344dd2c4e5882185c\"},\"headline\":\"Fin\u00e1le WFA Cup: Everton W &#8211; Manchester City W 1:3\",\"datePublished\":\"2020-11-01T20:09:13+00:00\",\"dateModified\":\"2020-11-03T12:16:56+00:00\",\"mainEntityOfPage\":{\"@id\":\"https:\/\/evertonfc.cz\/index.php\/2020\/11\/01\/finale-wfa-cup-everton-w-manchester-city-w-13\/\"},\"wordCount\":1193,\"commentCount\":7,\"publisher\":{\"@id\":\"https:\/\/evertonfc.cz\/#organization\"},\"image\":{\"@id\":\"https:\/\/evertonfc.cz\/index.php\/2020\/11\/01\/finale-wfa-cup-everton-w-manchester-city-w-13\/#primaryimage\"},\"thumbnailUrl\":\"https:\/\/evertonfc.cz\/wp-content\/uploads\/2020\/11\/Sandy_Maciver_web.jpg\",\"articleSection\":[\"Everton Women\"],\"inLanguage\":\"cs\",\"potentialAction\":[{\"@type\":\"CommentAction\",\"name\":\"Comment\",\"target\":[\"https:\/\/evertonfc.cz\/index.php\/2020\/11\/01\/finale-wfa-cup-everton-w-manchester-city-w-13\/#respond\"]}]},{\"@type\":\"WebPage\",\"@id\":\"https:\/\/evertonfc.cz\/index.php\/2020\/11\/01\/finale-wfa-cup-everton-w-manchester-city-w-13\/\",\"url\":\"https:\/\/evertonfc.cz\/index.php\/2020\/11\/01\/finale-wfa-cup-everton-w-manchester-city-w-13\/\",\"name\":\"Fin\u00e1le WFA Cup: Everton W - Manchester City W 1:3 - Official Czech &amp; Slovak Everton Supporters&#039; Club\",\"isPartOf\":{\"@id\":\"https:\/\/evertonfc.cz\/#website\"},\"primaryImageOfPage\":{\"@id\":\"https:\/\/evertonfc.cz\/index.php\/2020\/11\/01\/finale-wfa-cup-everton-w-manchester-city-w-13\/#primaryimage\"},\"image\":{\"@id\":\"https:\/\/evertonfc.cz\/index.php\/2020\/11\/01\/finale-wfa-cup-everton-w-manchester-city-w-13\/#primaryimage\"},\"thumbnailUrl\":\"https:\/\/evertonfc.cz\/wp-content\/uploads\/2020\/11\/Sandy_Maciver_web.jpg\",\"datePublished\":\"2020-11-01T20:09:13+00:00\",\"dateModified\":\"2020-11-03T12:16:56+00:00\",\"breadcrumb\":{\"@id\":\"https:\/\/evertonfc.cz\/index.php\/2020\/11\/01\/finale-wfa-cup-everton-w-manchester-city-w-13\/#breadcrumb\"},\"inLanguage\":\"cs\",\"potentialAction\":[{\"@type\":\"ReadAction\",\"target\":[\"https:\/\/evertonfc.cz\/index.php\/2020\/11\/01\/finale-wfa-cup-everton-w-manchester-city-w-13\/\"]}]},{\"@type\":\"ImageObject\",\"inLanguage\":\"cs\",\"@id\":\"https:\/\/evertonfc.cz\/index.php\/2020\/11\/01\/finale-wfa-cup-everton-w-manchester-city-w-13\/#primaryimage\",\"url\":\"https:\/\/evertonfc.cz\/wp-content\/uploads\/2020\/11\/Sandy_Maciver_web.jpg\",\"contentUrl\":\"https:\/\/evertonfc.cz\/wp-content\/uploads\/2020\/11\/Sandy_Maciver_web.jpg\",\"width\":720,\"height\":405,\"caption\":\"Sandy MacIver\"},{\"@type\":\"BreadcrumbList\",\"@id\":\"https:\/\/evertonfc.cz\/index.php\/2020\/11\/01\/finale-wfa-cup-everton-w-manchester-city-w-13\/#breadcrumb\",\"itemListElement\":[{\"@type\":\"ListItem\",\"position\":1,\"name\":\"Home\",\"item\":\"https:\/\/evertonfc.cz\/\"},{\"@type\":\"ListItem\",\"position\":2,\"name\":\"Fin\u00e1le WFA Cup: Everton W &#8211; Manchester City W 1:3\"}]},{\"@type\":\"WebSite\",\"@id\":\"https:\/\/evertonfc.cz\/#website\",\"url\":\"https:\/\/evertonfc.cz\/\",\"name\":\"Official Czech &amp; Slovak Everton Supporters&#039; Club\",\"description\":\"\",\"publisher\":{\"@id\":\"https:\/\/evertonfc.cz\/#organization\"},\"potentialAction\":[{\"@type\":\"SearchAction\",\"target\":{\"@type\":\"EntryPoint\",\"urlTemplate\":\"https:\/\/evertonfc.cz\/?s={search_term_string}\"},\"query-input\":{\"@type\":\"PropertyValueSpecification\",\"valueRequired\":true,\"valueName\":\"search_term_string\"}}],\"inLanguage\":\"cs\"},{\"@type\":\"Organization\",\"@id\":\"https:\/\/evertonfc.cz\/#organization\",\"name\":\"Official Czech & Slovak Everton Supporters' Club\",\"url\":\"https:\/\/evertonfc.cz\/\",\"logo\":{\"@type\":\"ImageObject\",\"inLanguage\":\"cs\",\"@id\":\"https:\/\/evertonfc.cz\/#\/schema\/logo\/image\/\",\"url\":\"https:\/\/evertonfc.cz\/wp-content\/uploads\/2019\/05\/logo.png\",\"contentUrl\":\"https:\/\/evertonfc.cz\/wp-content\/uploads\/2019\/05\/logo.png\",\"width\":112,\"height\":112,\"caption\":\"Official Czech & Slovak Everton Supporters' Club\"},\"image\":{\"@id\":\"https:\/\/evertonfc.cz\/#\/schema\/logo\/image\/\"},\"sameAs\":[\"https:\/\/www.facebook.com\/everton.fans.cz.sk\"]},{\"@type\":\"Person\",\"@id\":\"https:\/\/evertonfc.cz\/#\/schema\/person\/e9a24a80a32efa1344dd2c4e5882185c\",\"name\":\"Karamela\",\"url\":\"https:\/\/evertonfc.cz\/index.php\/author\/karamela\/\"}]}<\/script>\n<!-- \/ Yoast SEO plugin. -->","yoast_head_json":{"title":"Fin\u00e1le WFA Cup: Everton W - Manchester City W 1:3 - Official Czech &amp; Slovak Everton Supporters&#039; Club","robots":{"index":"index","follow":"follow","max-snippet":"max-snippet:-1","max-image-preview":"max-image-preview:large","max-video-preview":"max-video-preview:-1"},"canonical":"https:\/\/evertonfc.cz\/index.php\/2020\/11\/01\/finale-wfa-cup-everton-w-manchester-city-w-13\/","og_locale":"cs_CZ","og_type":"article","og_title":"Fin\u00e1le WFA Cup: Everton W - Manchester City W 1:3 - Official Czech &amp; Slovak Everton Supporters&#039; Club","og_description":"Ani t\u0159et\u00ed utk\u00e1n\u00ed s MCI v t\u00e9to sez\u00f3n\u011b nedopadlo pro Everton \u0161\u0165astn\u011b. Ve fin\u00e1le WFA Cup prohr\u00e1ly evertonsk\u00e9 \u017eeny s Citizens 1:3.","og_url":"https:\/\/evertonfc.cz\/index.php\/2020\/11\/01\/finale-wfa-cup-everton-w-manchester-city-w-13\/","og_site_name":"Official Czech &amp; Slovak Everton Supporters&#039; Club","article_publisher":"https:\/\/www.facebook.com\/everton.fans.cz.sk","article_published_time":"2020-11-01T20:09:13+00:00","article_modified_time":"2020-11-03T12:16:56+00:00","og_image":[{"width":720,"height":405,"url":"https:\/\/evertonfc.cz\/wp-content\/uploads\/2020\/11\/Sandy_Maciver_web.jpg","type":"image\/jpeg"}],"author":"Karamela","twitter_card":"summary_large_image","twitter_misc":{"Napsal(a)":"Karamela","Odhadovan\u00e1 doba \u010dten\u00ed":"6 minut"},"schema":{"@context":"https:\/\/schema.org","@graph":[{"@type":"Article","@id":"https:\/\/evertonfc.cz\/index.php\/2020\/11\/01\/finale-wfa-cup-everton-w-manchester-city-w-13\/#article","isPartOf":{"@id":"https:\/\/evertonfc.cz\/index.php\/2020\/11\/01\/finale-wfa-cup-everton-w-manchester-city-w-13\/"},"author":{"name":"Karamela","@id":"https:\/\/evertonfc.cz\/#\/schema\/person\/e9a24a80a32efa1344dd2c4e5882185c"},"headline":"Fin\u00e1le WFA Cup: Everton W &#8211; Manchester City W 1:3","datePublished":"2020-11-01T20:09:13+00:00","dateModified":"2020-11-03T12:16:56+00:00","mainEntityOfPage":{"@id":"https:\/\/evertonfc.cz\/index.php\/2020\/11\/01\/finale-wfa-cup-everton-w-manchester-city-w-13\/"},"wordCount":1193,"commentCount":7,"publisher":{"@id":"https:\/\/evertonfc.cz\/#organization"},"image":{"@id":"https:\/\/evertonfc.cz\/index.php\/2020\/11\/01\/finale-wfa-cup-everton-w-manchester-city-w-13\/#primaryimage"},"thumbnailUrl":"https:\/\/evertonfc.cz\/wp-content\/uploads\/2020\/11\/Sandy_Maciver_web.jpg","articleSection":["Everton Women"],"inLanguage":"cs","potentialAction":[{"@type":"CommentAction","name":"Comment","target":["https:\/\/evertonfc.cz\/index.php\/2020\/11\/01\/finale-wfa-cup-everton-w-manchester-city-w-13\/#respond"]}]},{"@type":"WebPage","@id":"https:\/\/evertonfc.cz\/index.php\/2020\/11\/01\/finale-wfa-cup-everton-w-manchester-city-w-13\/","url":"https:\/\/evertonfc.cz\/index.php\/2020\/11\/01\/finale-wfa-cup-everton-w-manchester-city-w-13\/","name":"Fin\u00e1le WFA Cup: Everton W - Manchester City W 1:3 - Official Czech &amp; Slovak Everton Supporters&#039; Club","isPartOf":{"@id":"https:\/\/evertonfc.cz\/#website"},"primaryImageOfPage":{"@id":"https:\/\/evertonfc.cz\/index.php\/2020\/11\/01\/finale-wfa-cup-everton-w-manchester-city-w-13\/#primaryimage"},"image":{"@id":"https:\/\/evertonfc.cz\/index.php\/2020\/11\/01\/finale-wfa-cup-everton-w-manchester-city-w-13\/#primaryimage"},"thumbnailUrl":"https:\/\/evertonfc.cz\/wp-content\/uploads\/2020\/11\/Sandy_Maciver_web.jpg","datePublished":"2020-11-01T20:09:13+00:00","dateModified":"2020-11-03T12:16:56+00:00","breadcrumb":{"@id":"https:\/\/evertonfc.cz\/index.php\/2020\/11\/01\/finale-wfa-cup-everton-w-manchester-city-w-13\/#breadcrumb"},"inLanguage":"cs","potentialAction":[{"@type":"ReadAction","target":["https:\/\/evertonfc.cz\/index.php\/2020\/11\/01\/finale-wfa-cup-everton-w-manchester-city-w-13\/"]}]},{"@type":"ImageObject","inLanguage":"cs","@id":"https:\/\/evertonfc.cz\/index.php\/2020\/11\/01\/finale-wfa-cup-everton-w-manchester-city-w-13\/#primaryimage","url":"https:\/\/evertonfc.cz\/wp-content\/uploads\/2020\/11\/Sandy_Maciver_web.jpg","contentUrl":"https:\/\/evertonfc.cz\/wp-content\/uploads\/2020\/11\/Sandy_Maciver_web.jpg","width":720,"height":405,"caption":"Sandy MacIver"},{"@type":"BreadcrumbList","@id":"https:\/\/evertonfc.cz\/index.php\/2020\/11\/01\/finale-wfa-cup-everton-w-manchester-city-w-13\/#breadcrumb","itemListElement":[{"@type":"ListItem","position":1,"name":"Home","item":"https:\/\/evertonfc.cz\/"},{"@type":"ListItem","position":2,"name":"Fin\u00e1le WFA Cup: Everton W &#8211; Manchester City W 1:3"}]},{"@type":"WebSite","@id":"https:\/\/evertonfc.cz\/#website","url":"https:\/\/evertonfc.cz\/","name":"Official Czech &amp; Slovak Everton Supporters&#039; Club","description":"","publisher":{"@id":"https:\/\/evertonfc.cz\/#organization"},"potentialAction":[{"@type":"SearchAction","target":{"@type":"EntryPoint","urlTemplate":"https:\/\/evertonfc.cz\/?s={search_term_string}"},"query-input":{"@type":"PropertyValueSpecification","valueRequired":true,"valueName":"search_term_string"}}],"inLanguage":"cs"},{"@type":"Organization","@id":"https:\/\/evertonfc.cz\/#organization","name":"Official Czech & Slovak Everton Supporters' Club","url":"https:\/\/evertonfc.cz\/","logo":{"@type":"ImageObject","inLanguage":"cs","@id":"https:\/\/evertonfc.cz\/#\/schema\/logo\/image\/","url":"https:\/\/evertonfc.cz\/wp-content\/uploads\/2019\/05\/logo.png","contentUrl":"https:\/\/evertonfc.cz\/wp-content\/uploads\/2019\/05\/logo.png","width":112,"height":112,"caption":"Official Czech & Slovak Everton Supporters' Club"},"image":{"@id":"https:\/\/evertonfc.cz\/#\/schema\/logo\/image\/"},"sameAs":["https:\/\/www.facebook.com\/everton.fans.cz.sk"]},{"@type":"Person","@id":"https:\/\/evertonfc.cz\/#\/schema\/person\/e9a24a80a32efa1344dd2c4e5882185c","name":"Karamela","url":"https:\/\/evertonfc.cz\/index.php\/author\/karamela\/"}]}},"_links":{"self":[{"href":"https:\/\/evertonfc.cz\/index.php\/wp-json\/wp\/v2\/posts\/12803"}],"collection":[{"href":"https:\/\/evertonfc.cz\/index.php\/wp-json\/wp\/v2\/posts"}],"about":[{"href":"https:\/\/evertonfc.cz\/index.php\/wp-json\/wp\/v2\/types\/post"}],"author":[{"embeddable":true,"href":"https:\/\/evertonfc.cz\/index.php\/wp-json\/wp\/v2\/users\/26"}],"replies":[{"embeddable":true,"href":"https:\/\/evertonfc.cz\/index.php\/wp-json\/wp\/v2\/comments?post=12803"}],"version-history":[{"count":31,"href":"https:\/\/evertonfc.cz\/index.php\/wp-json\/wp\/v2\/posts\/12803\/revisions"}],"predecessor-version":[{"id":12837,"href":"https:\/\/evertonfc.cz\/index.php\/wp-json\/wp\/v2\/posts\/12803\/revisions\/12837"}],"wp:featuredmedia":[{"embeddable":true,"href":"https:\/\/evertonfc.cz\/index.php\/wp-json\/wp\/v2\/media\/12806"}],"wp:attachment":[{"href":"https:\/\/evertonfc.cz\/index.php\/wp-json\/wp\/v2\/media?parent=12803"}],"wp:term":[{"taxonomy":"category","embeddable":true,"href":"https:\/\/evertonfc.cz\/index.php\/wp-json\/wp\/v2\/categories?post=12803"},{"taxonomy":"post_tag","embeddable":true,"href":"https:\/\/evertonfc.cz\/index.php\/wp-json\/wp\/v2\/tags?post=12803"}],"curies":[{"name":"wp","href":"https:\/\/api.w.org\/{rel}","templated":true}]}}