{"id":12854,"date":"2020-11-06T17:28:58","date_gmt":"2020-11-06T16:28:58","guid":{"rendered":"https:\/\/evertonfc.cz\/?p=12854"},"modified":"2020-11-07T11:15:18","modified_gmt":"2020-11-07T10:15:18","slug":"preview-everton-manchester-united-12","status":"publish","type":"post","link":"https:\/\/evertonfc.cz\/index.php\/2020\/11\/06\/preview-everton-manchester-united-12\/","title":{"rendered":"Preview: Everton \u2013 Manchester United"},"content":{"rendered":"<h4><span lang=\"SK\">Pre oba t\u00e1bory povinn\u00e1 v\u00fdhra. Po dvoch prehr\u00e1ch v\u00a0rade je v\u0161ak na oboch stran\u00e1ch rozli\u010dn\u00e1 situ\u00e1cia. K\u00fdm prv\u00fd sa sna\u017e\u00ed nadviaza\u0165 na skvel\u00fd za\u010diatok, druh\u00fd sa sna\u017e\u00ed v\u00f4bec za\u010da\u0165.<\/span><\/h4>\n<p>Mo\u017eno tvrd\u00fd opis na stranu s\u00fapera, ale pre klub ve\u013ekosti \u010cerven\u00fdch Diablov s\u00fa to slov\u00e1, ktor\u00e9 dokonale vykres\u013euj\u00fa zaost\u00e1vanie za vysok\u00fdmi \u0161tandardami. Aktu\u00e1lne p\u00e4tn\u00e1ste miesto toti\u017e neznamen\u00e1 len najhor\u0161\u00ed \u0161tart do sez\u00f3ny od n\u00e1stupu Moyesa, ale aj najhor\u0161\u00ed \u0161tart na domovskom Old Trafford za skoro polstoro\u010die.<\/p>\n<p>Veru, sedem rokov po odchode Fergusona sa nejavia zajtraj\u0161ky o\u00a0ni\u010d lep\u0161ie, ako tomu bolo za mana\u017ementu Van Gaala a\u00a0aj Mourinha. A\u00a0to hoci ka\u017ed\u00fd z\u00a0nich, dokonca aj Moyes, obohatil kabinet minim\u00e1lne jednou trofejou. Tie sa tam po\u010d\u00edtaj\u00fa. Len\u017ee tieto \u00faspechy nemali dlh\u00e9ho trvania, sprev\u00e1dzali ich pre\u0161\u013eapy, ve\u013ea vyhoden\u00fdch pe\u0148az\u00ed a\u00a0nuda na trib\u00fanach. D\u00e1 sa to tolerova\u0165?<\/p>\n<h4><strong><em>&#8222;We have not won any trophies. But success going forward is to keep improving the team, keep developing\u201c<\/em><\/strong><\/h4>\n<p>Filozofick\u00e9 slov\u00e1 od Solskj\u00e6ra sa dobre po\u010d\u00favaj\u00fa a d\u00e1vaj\u00fa aj zmysel. Nie\u010do trv\u00e1cne ako odkaz Sira Alexa je \u017eiadan\u00fd, ale zaka\u017ed\u00fdm ke\u010f sa fan\u00fa\u0161ik nad\u00fdchne, je tam to ale. Hodnoty, kult\u00fara a\u00a0identita, ktor\u00e9 sa rodili dek\u00e1dy, sa za p\u00e1r rokov vytratili, a neobnovia sa \u0161mahom kreditky na priemern\u00fdch, hoci drah\u00fdch hr\u00e1\u010dov.<\/p>\n<p>Aspo\u0148 tak sa jav\u00ed politika posledn\u00fdch rokov. Pod\u013ea fan\u00fa\u0161ikov by United nemali nakupova\u0165 najlep\u0161\u00edch hr\u00e1\u010dov len z \u201edobr\u00fdch\u201c t\u00edmov. Treba investova\u0165 viac, mieri\u0165 e\u0161te vy\u0161\u0161ie. A poriadne. Do skuto\u010dn\u00fdch hviezd, ktor\u00e9 sa uk\u00e1\u017eu hlavne na tr\u00e1vnikoch, a nie v m\u00e9di\u00e1ch a na soci\u00e1lnych sie\u0165ach. To sa zatia\u013e nedeje a v\u00fdsledky kol\u00ed\u0161u.<\/p>\n<p>Sta\u010d\u00ed sa pozrie\u0165 na obranu. Za posledn\u00fdch \u0161es\u0165 rokov sa do nej investovalo takmer 270 mili\u00f3nov \u2013 do obrancov, ktor\u00ed s\u00fa aktu\u00e1lne v\u00a0k\u00e1dri. A\u00a0predsa je to v\u00a0s\u00fa\u010dasnosti najv\u00e4\u010d\u0161ia slabina. Pomal\u00e1, nemotorn\u00e1, n\u00e1chyln\u00e1 na chyby. Aj napriek tomu, \u017ee v\u00a0minulom ro\u010dn\u00edku bola tretia najlep\u0161ia, g\u00f3l za City, tri za Liverpoolom. Ako jedin\u00e1 neporazen\u00e1 od febru\u00e1ra a\u017e do konca Covidom-19 pred\u013a\u017eenej sez\u00f3ny.<\/p>\n<h4><strong><em>\u201eForever In Your Debt\u201c<\/em><\/strong><\/h4>\n<p>Ak maj\u00fa moment\u00e1lne Everton a Manchester nie\u010do spolo\u010dn\u00e9, tak je to zadl\u017eenos\u0165. A zd\u00e1 sa, \u017ee v obidvoch pr\u00edpadoch je to rekord. Samozrejme, cifry s\u00fa neporovnate\u013en\u00e9, dlh United \u010din\u00ed takmer pol miliardy. Je to skoro dvojn\u00e1sobok, odkedy sa k slovu na Sir Matt Busby Way dostali americk\u00ed Glazerovci.<\/p>\n<p>A\u00a0to nie to najzauj\u00edmavej\u0161ie. Spom\u00ednan\u00fd dlh nie je v\u00fdstrelok bl\u00e1zniv\u00e9ho hospod\u00e1renia klubu. Ke\u010f ho v\u00a0m\u00e1ji 2005 Malcolm Glazer k\u00fapil, peniaze ktor\u00e9 na to pou\u017eil, si po\u017ei\u010dal. A\u00a0ke\u010f sa tento obchod podaril, dlh previedol na klub samotn\u00fd, ktor\u00fd ho ka\u017edoro\u010dne spl\u00e1ca zo svojho mega obratu (aktu\u00e1lne \u00a3509 mili\u00f3nov). No najv\u00e4\u010d\u0161ia m\u00e1gia spo\u010d\u00edva v\u00a0tom, \u017ee rodina nielen\u017ee neinvestuje do svojej Wall Street hra\u010dky, e\u0161te si nech\u00e1va aj vypl\u00e1ca\u0165 dividendy. Tento rok vy\u0161e 23 mili\u00f3nov libier.<\/p>\n<p>Na z\u00e1ver by som zv\u00fdraznil hr\u00f4zostra\u0161n\u00fa zauj\u00edmavos\u0165. Everton mal pred t\u00fdmto prestupov\u00fdm obdob\u00edm ro\u010dn\u00e9 mzdov\u00e9 n\u00e1klady vo v\u00fd\u0161ke 160 mili\u00f3nov. Manchester 332 \u2013 najvy\u0161\u0161ie v\u00a0Premier League. A\u00a0teraz pomer k\u00a0obratu jednotliv\u00fdch klubov. United 54% &#8211; tret\u00ed najni\u017e\u0161\u00ed po Wolves a Spurs. Everton? 85% !<\/p>\n<h4><strong>Trust is hard to come by in Everton<\/strong><\/h4>\n<p>Apropo Everton&#8230; Po poslednom z\u00e1pase sme zistili z\u00e1va\u017en\u00fa vec. Ancelotti o\u010dividne ned\u00f4veruje hr\u00e1\u010dom druh\u00e9ho sledu. A\u00a0to a\u017e do takej miery, \u017ee je ochotn\u00fd obetova\u0165 hern\u00fd syst\u00e9m a\u00a0filozofiu dominancie nad s\u00faperom. Potvrdil to v\u00a0podstate hne\u010f po z\u00e1vere\u010dnom hvizde, ke\u010f sa postavil pred kamery:<\/p>\n<blockquote><p><em>\u201eVedel som, \u017ee nebudeme ma\u0165 ve\u013ea pr\u00edle\u017eitost\u00ed a priestoru, ale vyhli sme sa proti\u00fatokom a probl\u00e9mom. Chceli sme vyu\u017ei\u0165 in\u00e9 na\u0161e kvality. Povedal som \u2013 s\u00fastre\u010fte sa a nerobte chyby \u2013 aby sme udr\u017eali vyrovnan\u00fa hru, a ak pr\u00edde pr\u00edle\u017eitos\u0165 m\u00f4\u017eeme vyhra\u0165. Ale neprehrajme.\u201c<\/em><\/p><\/blockquote>\n<p>\u00c1no, po prehre na p\u00f4de Southamptonu bolo jasn\u00e9, \u017ee kvalitu niektor\u00fdch hr\u00e1\u010dov jednoducho nedok\u00e1\u017eeme nahradi\u0165. Ale siahnu\u0165 po tak drastickej zmene \u2013 form\u00e1cie 4-3-2-1 a\u017e s\u00a0piatimi stredn\u00fdmi z\u00e1lo\u017en\u00edkmi, tak atrib\u00fatovo podobn\u00fdmi, \u017ee neboli schopn\u00ed akoko\u013evek podporova\u0165 \u00fatok \u2013 mne osobne pri\u0161lo zar\u00e1\u017eaj\u00face.<\/p>\n<p>Naozaj sme bez Richarlisona, Colemana, Digneho a Jamesa ods\u00faden\u00ed pr\u00eds\u0165 na Tyne and Wear len br\u00e1ni\u0165? Ak \u00e1no, potom m\u00e1me v\u00e1\u017eny probl\u00e9m. Alebo aspo\u0148 sme mali. Na zajtra s\u00fa v\u0161etci s v\u00fdnimkou Richarlisona a Delpha k dispoz\u00edcii. A n\u00e1vrat hl\u00e1si aj stop\u00e9r Holgate, ktor\u00fd by mal zvl\u00e1dnu\u0165 porciu min\u00fat po zlomenine palca.<\/p>\n<p>Recept na zajtra bude pozost\u00e1va\u0165 z\u00a0vyvarovania sa individu\u00e1lnych ch\u00fdb v\u00a0obrane. Z\u00e1rove\u0148 v\u0161ak treba vyvin\u00fa\u0165 dostato\u010dn\u00fd tlak na s\u00fapera, a\u00a0ten ur\u010dite po\u013eav\u00ed. Jeho v\u00fdkony toti\u017e pripom\u00ednaj\u00fa s\u00ednusoidu. Dok\u00e1\u017ee prehra\u0165 so Spurs 1:6 a\u00a0n\u00e1sledne vyhra\u0165 nad Keanov\u00fdm PSG, \u010di deklasova\u0165 Nagelsmannove Lipsko.<\/p>\n<h3 style=\"text-align: center;\"><span style=\"color: #3366ff;\"><strong><em>Up The Toffees !!!<\/em><\/strong><\/span><\/h3>\n<hr \/>\n<p><strong>\u010co:<\/strong> Everton FC \u2013 Manchester United FC, 8. kolo Premier League<br \/>\n<strong>Kedy:<\/strong> 7.11. 2020 od 13:30 SE\u010c<br \/>\n<strong>Ako:<\/strong> Premier Sport &#8211; priamy prenos<br \/>\n<strong>Kde:<\/strong> Goodison Park \u2013 Goodison Rd, Liverpool L4 4EL (bez div\u00e1kov)<br \/>\n<strong>Rozhodca:<\/strong> Paul Tierney <strong>Asistenti:<\/strong> S. Burt, S. Bennett <strong>\u0160tvrt\u00fd rozhodca:<\/strong> A. Madley<br \/>\n<strong>VAR: <\/strong>Michael Oliver <strong>Asistent VAR: <\/strong>Constantine Hatzidakis<\/p>\n","protected":false},"excerpt":{"rendered":"<p>Pre oba t\u00e1bory povinn\u00e1 v\u00fdhra. Po dvoch prehr\u00e1ch v rade je v\u0161ak na oboch stran\u00e1ch rozli\u010dn\u00e1 situ\u00e1cia. K\u00fdm prv\u00fd sa sna\u017e\u00ed nadviaza\u0165 na skvel\u00fd za\u010diatok, druh\u00fd sa sna\u017e\u00ed v\u00f4bec za\u010da\u0165.<\/p>\n","protected":false},"author":1,"featured_media":12849,"comment_status":"open","ping_status":"closed","sticky":false,"template":"","format":"standard","meta":{"_eb_attr":"","_monsterinsights_skip_tracking":false,"_monsterinsights_sitenote_active":false,"_monsterinsights_sitenote_note":"","_monsterinsights_sitenote_category":0,"footnotes":""},"categories":[4],"tags":[],"yoast_head":"<!-- This site is optimized with the Yoast SEO plugin v23.4 - https:\/\/yoast.com\/wordpress\/plugins\/seo\/ -->\n<title>Preview: Everton \u2013 Manchester United - Official Czech &amp; Slovak Everton Supporters&#039; Club<\/title>\n<meta name=\"robots\" content=\"index, follow, max-snippet:-1, max-image-preview:large, max-video-preview:-1\" \/>\n<link rel=\"canonical\" href=\"https:\/\/evertonfc.cz\/index.php\/2020\/11\/06\/preview-everton-manchester-united-12\/\" \/>\n<meta property=\"og:locale\" content=\"cs_CZ\" \/>\n<meta property=\"og:type\" content=\"article\" \/>\n<meta property=\"og:title\" content=\"Preview: Everton \u2013 Manchester United - Official Czech &amp; Slovak Everton Supporters&#039; Club\" \/>\n<meta property=\"og:description\" content=\"Pre oba t\u00e1bory povinn\u00e1 v\u00fdhra. Po dvoch prehr\u00e1ch v rade je v\u0161ak na oboch stran\u00e1ch rozli\u010dn\u00e1 situ\u00e1cia. K\u00fdm prv\u00fd sa sna\u017e\u00ed nadviaza\u0165 na skvel\u00fd za\u010diatok, druh\u00fd sa sna\u017e\u00ed v\u00f4bec za\u010da\u0165.\" \/>\n<meta property=\"og:url\" content=\"https:\/\/evertonfc.cz\/index.php\/2020\/11\/06\/preview-everton-manchester-united-12\/\" \/>\n<meta property=\"og:site_name\" content=\"Official Czech &amp; Slovak Everton Supporters&#039; Club\" \/>\n<meta property=\"article:publisher\" content=\"https:\/\/www.facebook.com\/everton.fans.cz.sk\" \/>\n<meta property=\"article:published_time\" content=\"2020-11-06T16:28:58+00:00\" \/>\n<meta property=\"article:modified_time\" content=\"2020-11-07T10:15:18+00:00\" \/>\n<meta property=\"og:image\" content=\"https:\/\/evertonfc.cz\/wp-content\/uploads\/2020\/11\/Everton-VS-Manchester-United-7-11-2020.jpg.jpg\" \/>\n\t<meta property=\"og:image:width\" content=\"720\" \/>\n\t<meta property=\"og:image:height\" content=\"405\" \/>\n\t<meta property=\"og:image:type\" content=\"image\/jpeg\" \/>\n<meta name=\"author\" content=\"BlueBlooded\" \/>\n<meta name=\"twitter:card\" content=\"summary_large_image\" \/>\n<meta name=\"twitter:label1\" content=\"Napsal(a)\" \/>\n\t<meta name=\"twitter:data1\" content=\"BlueBlooded\" \/>\n\t<meta name=\"twitter:label2\" content=\"Odhadovan\u00e1 doba \u010dten\u00ed\" \/>\n\t<meta name=\"twitter:data2\" content=\"5 minut\" \/>\n<script type=\"application\/ld+json\" class=\"yoast-schema-graph\">{\"@context\":\"https:\/\/schema.org\",\"@graph\":[{\"@type\":\"Article\",\"@id\":\"https:\/\/evertonfc.cz\/index.php\/2020\/11\/06\/preview-everton-manchester-united-12\/#article\",\"isPartOf\":{\"@id\":\"https:\/\/evertonfc.cz\/index.php\/2020\/11\/06\/preview-everton-manchester-united-12\/\"},\"author\":{\"name\":\"BlueBlooded\",\"@id\":\"https:\/\/evertonfc.cz\/#\/schema\/person\/d4493b8cbea51532597fbc4685698916\"},\"headline\":\"Preview: Everton \u2013 Manchester United\",\"datePublished\":\"2020-11-06T16:28:58+00:00\",\"dateModified\":\"2020-11-07T10:15:18+00:00\",\"mainEntityOfPage\":{\"@id\":\"https:\/\/evertonfc.cz\/index.php\/2020\/11\/06\/preview-everton-manchester-united-12\/\"},\"wordCount\":976,\"commentCount\":20,\"publisher\":{\"@id\":\"https:\/\/evertonfc.cz\/#organization\"},\"image\":{\"@id\":\"https:\/\/evertonfc.cz\/index.php\/2020\/11\/06\/preview-everton-manchester-united-12\/#primaryimage\"},\"thumbnailUrl\":\"https:\/\/evertonfc.cz\/wp-content\/uploads\/2020\/11\/Everton-VS-Manchester-United-7-11-2020.jpg.jpg\",\"articleSection\":[\"Z\u00e1pasy\"],\"inLanguage\":\"cs\",\"potentialAction\":[{\"@type\":\"CommentAction\",\"name\":\"Comment\",\"target\":[\"https:\/\/evertonfc.cz\/index.php\/2020\/11\/06\/preview-everton-manchester-united-12\/#respond\"]}]},{\"@type\":\"WebPage\",\"@id\":\"https:\/\/evertonfc.cz\/index.php\/2020\/11\/06\/preview-everton-manchester-united-12\/\",\"url\":\"https:\/\/evertonfc.cz\/index.php\/2020\/11\/06\/preview-everton-manchester-united-12\/\",\"name\":\"Preview: Everton \u2013 Manchester United - Official Czech &amp; Slovak Everton Supporters&#039; Club\",\"isPartOf\":{\"@id\":\"https:\/\/evertonfc.cz\/#website\"},\"primaryImageOfPage\":{\"@id\":\"https:\/\/evertonfc.cz\/index.php\/2020\/11\/06\/preview-everton-manchester-united-12\/#primaryimage\"},\"image\":{\"@id\":\"https:\/\/evertonfc.cz\/index.php\/2020\/11\/06\/preview-everton-manchester-united-12\/#primaryimage\"},\"thumbnailUrl\":\"https:\/\/evertonfc.cz\/wp-content\/uploads\/2020\/11\/Everton-VS-Manchester-United-7-11-2020.jpg.jpg\",\"datePublished\":\"2020-11-06T16:28:58+00:00\",\"dateModified\":\"2020-11-07T10:15:18+00:00\",\"breadcrumb\":{\"@id\":\"https:\/\/evertonfc.cz\/index.php\/2020\/11\/06\/preview-everton-manchester-united-12\/#breadcrumb\"},\"inLanguage\":\"cs\",\"potentialAction\":[{\"@type\":\"ReadAction\",\"target\":[\"https:\/\/evertonfc.cz\/index.php\/2020\/11\/06\/preview-everton-manchester-united-12\/\"]}]},{\"@type\":\"ImageObject\",\"inLanguage\":\"cs\",\"@id\":\"https:\/\/evertonfc.cz\/index.php\/2020\/11\/06\/preview-everton-manchester-united-12\/#primaryimage\",\"url\":\"https:\/\/evertonfc.cz\/wp-content\/uploads\/2020\/11\/Everton-VS-Manchester-United-7-11-2020.jpg.jpg\",\"contentUrl\":\"https:\/\/evertonfc.cz\/wp-content\/uploads\/2020\/11\/Everton-VS-Manchester-United-7-11-2020.jpg.jpg\",\"width\":720,\"height\":405},{\"@type\":\"BreadcrumbList\",\"@id\":\"https:\/\/evertonfc.cz\/index.php\/2020\/11\/06\/preview-everton-manchester-united-12\/#breadcrumb\",\"itemListElement\":[{\"@type\":\"ListItem\",\"position\":1,\"name\":\"Home\",\"item\":\"https:\/\/evertonfc.cz\/\"},{\"@type\":\"ListItem\",\"position\":2,\"name\":\"Preview: Everton \u2013 Manchester United\"}]},{\"@type\":\"WebSite\",\"@id\":\"https:\/\/evertonfc.cz\/#website\",\"url\":\"https:\/\/evertonfc.cz\/\",\"name\":\"Official Czech &amp; Slovak Everton Supporters&#039; Club\",\"description\":\"\",\"publisher\":{\"@id\":\"https:\/\/evertonfc.cz\/#organization\"},\"potentialAction\":[{\"@type\":\"SearchAction\",\"target\":{\"@type\":\"EntryPoint\",\"urlTemplate\":\"https:\/\/evertonfc.cz\/?s={search_term_string}\"},\"query-input\":{\"@type\":\"PropertyValueSpecification\",\"valueRequired\":true,\"valueName\":\"search_term_string\"}}],\"inLanguage\":\"cs\"},{\"@type\":\"Organization\",\"@id\":\"https:\/\/evertonfc.cz\/#organization\",\"name\":\"Official Czech & Slovak Everton Supporters' Club\",\"url\":\"https:\/\/evertonfc.cz\/\",\"logo\":{\"@type\":\"ImageObject\",\"inLanguage\":\"cs\",\"@id\":\"https:\/\/evertonfc.cz\/#\/schema\/logo\/image\/\",\"url\":\"https:\/\/evertonfc.cz\/wp-content\/uploads\/2019\/05\/logo.png\",\"contentUrl\":\"https:\/\/evertonfc.cz\/wp-content\/uploads\/2019\/05\/logo.png\",\"width\":112,\"height\":112,\"caption\":\"Official Czech & Slovak Everton Supporters' Club\"},\"image\":{\"@id\":\"https:\/\/evertonfc.cz\/#\/schema\/logo\/image\/\"},\"sameAs\":[\"https:\/\/www.facebook.com\/everton.fans.cz.sk\"]},{\"@type\":\"Person\",\"@id\":\"https:\/\/evertonfc.cz\/#\/schema\/person\/d4493b8cbea51532597fbc4685698916\",\"name\":\"BlueBlooded\",\"url\":\"https:\/\/evertonfc.cz\/index.php\/author\/admin\/\"}]}<\/script>\n<!-- \/ Yoast SEO plugin. -->","yoast_head_json":{"title":"Preview: Everton \u2013 Manchester United - Official Czech &amp; Slovak Everton Supporters&#039; Club","robots":{"index":"index","follow":"follow","max-snippet":"max-snippet:-1","max-image-preview":"max-image-preview:large","max-video-preview":"max-video-preview:-1"},"canonical":"https:\/\/evertonfc.cz\/index.php\/2020\/11\/06\/preview-everton-manchester-united-12\/","og_locale":"cs_CZ","og_type":"article","og_title":"Preview: Everton \u2013 Manchester United - Official Czech &amp; Slovak Everton Supporters&#039; Club","og_description":"Pre oba t\u00e1bory povinn\u00e1 v\u00fdhra. Po dvoch prehr\u00e1ch v rade je v\u0161ak na oboch stran\u00e1ch rozli\u010dn\u00e1 situ\u00e1cia. K\u00fdm prv\u00fd sa sna\u017e\u00ed nadviaza\u0165 na skvel\u00fd za\u010diatok, druh\u00fd sa sna\u017e\u00ed v\u00f4bec za\u010da\u0165.","og_url":"https:\/\/evertonfc.cz\/index.php\/2020\/11\/06\/preview-everton-manchester-united-12\/","og_site_name":"Official Czech &amp; Slovak Everton Supporters&#039; Club","article_publisher":"https:\/\/www.facebook.com\/everton.fans.cz.sk","article_published_time":"2020-11-06T16:28:58+00:00","article_modified_time":"2020-11-07T10:15:18+00:00","og_image":[{"width":720,"height":405,"url":"https:\/\/evertonfc.cz\/wp-content\/uploads\/2020\/11\/Everton-VS-Manchester-United-7-11-2020.jpg.jpg","type":"image\/jpeg"}],"author":"BlueBlooded","twitter_card":"summary_large_image","twitter_misc":{"Napsal(a)":"BlueBlooded","Odhadovan\u00e1 doba \u010dten\u00ed":"5 minut"},"schema":{"@context":"https:\/\/schema.org","@graph":[{"@type":"Article","@id":"https:\/\/evertonfc.cz\/index.php\/2020\/11\/06\/preview-everton-manchester-united-12\/#article","isPartOf":{"@id":"https:\/\/evertonfc.cz\/index.php\/2020\/11\/06\/preview-everton-manchester-united-12\/"},"author":{"name":"BlueBlooded","@id":"https:\/\/evertonfc.cz\/#\/schema\/person\/d4493b8cbea51532597fbc4685698916"},"headline":"Preview: Everton \u2013 Manchester United","datePublished":"2020-11-06T16:28:58+00:00","dateModified":"2020-11-07T10:15:18+00:00","mainEntityOfPage":{"@id":"https:\/\/evertonfc.cz\/index.php\/2020\/11\/06\/preview-everton-manchester-united-12\/"},"wordCount":976,"commentCount":20,"publisher":{"@id":"https:\/\/evertonfc.cz\/#organization"},"image":{"@id":"https:\/\/evertonfc.cz\/index.php\/2020\/11\/06\/preview-everton-manchester-united-12\/#primaryimage"},"thumbnailUrl":"https:\/\/evertonfc.cz\/wp-content\/uploads\/2020\/11\/Everton-VS-Manchester-United-7-11-2020.jpg.jpg","articleSection":["Z\u00e1pasy"],"inLanguage":"cs","potentialAction":[{"@type":"CommentAction","name":"Comment","target":["https:\/\/evertonfc.cz\/index.php\/2020\/11\/06\/preview-everton-manchester-united-12\/#respond"]}]},{"@type":"WebPage","@id":"https:\/\/evertonfc.cz\/index.php\/2020\/11\/06\/preview-everton-manchester-united-12\/","url":"https:\/\/evertonfc.cz\/index.php\/2020\/11\/06\/preview-everton-manchester-united-12\/","name":"Preview: Everton \u2013 Manchester United - Official Czech &amp; Slovak Everton Supporters&#039; Club","isPartOf":{"@id":"https:\/\/evertonfc.cz\/#website"},"primaryImageOfPage":{"@id":"https:\/\/evertonfc.cz\/index.php\/2020\/11\/06\/preview-everton-manchester-united-12\/#primaryimage"},"image":{"@id":"https:\/\/evertonfc.cz\/index.php\/2020\/11\/06\/preview-everton-manchester-united-12\/#primaryimage"},"thumbnailUrl":"https:\/\/evertonfc.cz\/wp-content\/uploads\/2020\/11\/Everton-VS-Manchester-United-7-11-2020.jpg.jpg","datePublished":"2020-11-06T16:28:58+00:00","dateModified":"2020-11-07T10:15:18+00:00","breadcrumb":{"@id":"https:\/\/evertonfc.cz\/index.php\/2020\/11\/06\/preview-everton-manchester-united-12\/#breadcrumb"},"inLanguage":"cs","potentialAction":[{"@type":"ReadAction","target":["https:\/\/evertonfc.cz\/index.php\/2020\/11\/06\/preview-everton-manchester-united-12\/"]}]},{"@type":"ImageObject","inLanguage":"cs","@id":"https:\/\/evertonfc.cz\/index.php\/2020\/11\/06\/preview-everton-manchester-united-12\/#primaryimage","url":"https:\/\/evertonfc.cz\/wp-content\/uploads\/2020\/11\/Everton-VS-Manchester-United-7-11-2020.jpg.jpg","contentUrl":"https:\/\/evertonfc.cz\/wp-content\/uploads\/2020\/11\/Everton-VS-Manchester-United-7-11-2020.jpg.jpg","width":720,"height":405},{"@type":"BreadcrumbList","@id":"https:\/\/evertonfc.cz\/index.php\/2020\/11\/06\/preview-everton-manchester-united-12\/#breadcrumb","itemListElement":[{"@type":"ListItem","position":1,"name":"Home","item":"https:\/\/evertonfc.cz\/"},{"@type":"ListItem","position":2,"name":"Preview: Everton \u2013 Manchester United"}]},{"@type":"WebSite","@id":"https:\/\/evertonfc.cz\/#website","url":"https:\/\/evertonfc.cz\/","name":"Official Czech &amp; Slovak Everton Supporters&#039; Club","description":"","publisher":{"@id":"https:\/\/evertonfc.cz\/#organization"},"potentialAction":[{"@type":"SearchAction","target":{"@type":"EntryPoint","urlTemplate":"https:\/\/evertonfc.cz\/?s={search_term_string}"},"query-input":{"@type":"PropertyValueSpecification","valueRequired":true,"valueName":"search_term_string"}}],"inLanguage":"cs"},{"@type":"Organization","@id":"https:\/\/evertonfc.cz\/#organization","name":"Official Czech & Slovak Everton Supporters' Club","url":"https:\/\/evertonfc.cz\/","logo":{"@type":"ImageObject","inLanguage":"cs","@id":"https:\/\/evertonfc.cz\/#\/schema\/logo\/image\/","url":"https:\/\/evertonfc.cz\/wp-content\/uploads\/2019\/05\/logo.png","contentUrl":"https:\/\/evertonfc.cz\/wp-content\/uploads\/2019\/05\/logo.png","width":112,"height":112,"caption":"Official Czech & Slovak Everton Supporters' Club"},"image":{"@id":"https:\/\/evertonfc.cz\/#\/schema\/logo\/image\/"},"sameAs":["https:\/\/www.facebook.com\/everton.fans.cz.sk"]},{"@type":"Person","@id":"https:\/\/evertonfc.cz\/#\/schema\/person\/d4493b8cbea51532597fbc4685698916","name":"BlueBlooded","url":"https:\/\/evertonfc.cz\/index.php\/author\/admin\/"}]}},"_links":{"self":[{"href":"https:\/\/evertonfc.cz\/index.php\/wp-json\/wp\/v2\/posts\/12854"}],"collection":[{"href":"https:\/\/evertonfc.cz\/index.php\/wp-json\/wp\/v2\/posts"}],"about":[{"href":"https:\/\/evertonfc.cz\/index.php\/wp-json\/wp\/v2\/types\/post"}],"author":[{"embeddable":true,"href":"https:\/\/evertonfc.cz\/index.php\/wp-json\/wp\/v2\/users\/1"}],"replies":[{"embeddable":true,"href":"https:\/\/evertonfc.cz\/index.php\/wp-json\/wp\/v2\/comments?post=12854"}],"version-history":[{"count":7,"href":"https:\/\/evertonfc.cz\/index.php\/wp-json\/wp\/v2\/posts\/12854\/revisions"}],"predecessor-version":[{"id":12863,"href":"https:\/\/evertonfc.cz\/index.php\/wp-json\/wp\/v2\/posts\/12854\/revisions\/12863"}],"wp:featuredmedia":[{"embeddable":true,"href":"https:\/\/evertonfc.cz\/index.php\/wp-json\/wp\/v2\/media\/12849"}],"wp:attachment":[{"href":"https:\/\/evertonfc.cz\/index.php\/wp-json\/wp\/v2\/media?parent=12854"}],"wp:term":[{"taxonomy":"category","embeddable":true,"href":"https:\/\/evertonfc.cz\/index.php\/wp-json\/wp\/v2\/categories?post=12854"},{"taxonomy":"post_tag","embeddable":true,"href":"https:\/\/evertonfc.cz\/index.php\/wp-json\/wp\/v2\/tags?post=12854"}],"curies":[{"name":"wp","href":"https:\/\/api.w.org\/{rel}","templated":true}]}}