{"id":12879,"date":"2020-11-08T17:42:46","date_gmt":"2020-11-08T16:42:46","guid":{"rendered":"https:\/\/evertonfc.cz\/?p=12879"},"modified":"2020-11-08T18:51:02","modified_gmt":"2020-11-08T17:51:02","slug":"everton-manchester-united-13","status":"publish","type":"post","link":"https:\/\/evertonfc.cz\/index.php\/2020\/11\/08\/everton-manchester-united-13\/","title":{"rendered":"Everton &#8211; Manchester United 1:3"},"content":{"rendered":"<h4>United zlep\u0161en\u00fdm v\u00fdkonem v prvn\u00ed p\u016fli udr\u017eeli Solskj\u00e6ra ve funkci.<\/h4>\n<p>Evertonu se uzdravilo n\u011bkolik hr\u00e1\u010d\u016f, obvykl\u00e1 z\u00e1kladn\u00ed sestava tak \u010d\u00edtala dev\u011bt hr\u00e1\u010d\u016f z jeden\u00e1cti mo\u017en\u00fdch &#8211; absent\u00e9ry byli m\u00edrn\u011b zran\u011bn\u00fd Gomes a posledn\u00ed utk\u00e1n\u00ed sv\u00e9ho karetn\u00edho trestu za vylou\u010den\u00ed v derby si odpyk\u00e1val Richarlison. Prvn\u00ed p\u011btiminutovka jednozna\u010dn\u011b pat\u0159ila host\u016fm, ale byl to tlak bez \u0161ance, nato\u017e st\u0159ely. \u0160anci si tedy vzali na starost dom\u00e1c\u00ed &#8211; Bernard p\u011bkn\u011b nacentroval na hlavu Calverta-Lewina, jeho\u017e pokus m\u00ed\u0159il kousek nad. Psala se patn\u00e1ct\u00e1 minuta, kdy\u017e\u00a0 neprom\u011bnili tu svou host\u00e9.<\/p>\n<p>Po rohu na\u0161el Fred Rashforda, kter\u00fd si mi\u010d uk\u00e1zkov\u011b zpracoval leva\u010dkou, ale tou samou nohou poslal m\u00ed\u010d t\u011bsn\u011b vedle vzd\u00e1len\u011bj\u0161\u00ed ty\u010de. A tak se dob\u0159e hraj\u00edc\u00ed Bernard postaral o napln\u011bn\u00ed zn\u00e1m\u00e9ho hesla &#8222;ned\u00e1\u0161-dostane\u0161!&#8220;. V\u00fdkop brank\u00e1\u0159e Pickforda na\u0161el hlavu Calverta-Lewina, kter\u00fd posunul m\u00ed\u010d drobn\u00e9mu Brazilci. Ten jednoduchou kli\u010dkou dovnit\u0159 h\u0159i\u0161t\u011b nachytal Wana-Bissaku a st\u0159elou po zemi k bli\u017e\u0161\u00ed ty\u010di poslal Everton do veden\u00ed &#8211; <strong>1:0!\u00a0<\/strong><\/p>\n<p>To ale trvalo pouze n\u011bkolik minut. Rashford se zast\u0159eloval, Bruno Fernandes u\u017e sk\u00f3roval. Centr Shawa zleva byl p\u0159esn\u00fd, stoper Evertonu Keane si zahr\u00e1l na pietn\u00edho obdivovatele zbl\u00edzka a ze \u0161esti metr\u016f se d\u00e1vaj\u00ed branky snadno &#8211;\u00a0<strong>1:1!\u00a0<\/strong>Dom\u00e1c\u00ed odpov\u011bd\u011bli indiviu\u00e1ln\u00ed akc\u00ed Digneho. Co\u017e o to, byla p\u011bkn\u00e1, ale zasob\u010den\u00ed skon\u010dilo na b\u0159evn\u011b. Nab\u00edhaj\u00edc\u00ed Calvert-Lewin by dostal m\u00ed\u010d na t\u0159ech metrech p\u0159ed brank\u00e1\u0159e (pokud by se Digne nam\u00e1hal p\u0159ihr\u00e1t), co\u017e jasn\u011b ukazoval v mezin\u00e1rodn\u011b srozumiteln\u00e9m gestu &#8211; a m\u011bl pravdu.<\/p>\n<p>Dom\u00e1c\u00ed to mrzelo hned o 3 minuty pozd\u011bji. Kdy\u017e to vy\u0161lo jednou, tak pro\u010d to nezkusit podruh\u00e9, \u017ee? Op\u011bt tedy centr zleva, tentokr\u00e1t od Bruna Fernandese na Martiala. Ten ale m\u00ed\u010d netrefil a kulat\u00fd nesmysl se odrazil do branky od vzd\u00e1len\u011bj\u0161\u00ed ty\u010de &#8211; <strong>1<\/strong><strong>:2!<\/strong> Tentokr\u00e1t defenzivn\u00ed povinnosti (b\u011b\u017eet s protihr\u00e1\u010dem a\u017e do konce akce) nezvl\u00e1dl Allan a Keane t\u00e9\u017e m\u011bl v\u011bd\u011bt, \u017ee m\u00e1 hr\u00e1\u010de za z\u00e1dy. Do konce polo\u010dasu stoj\u00ed za zm\u00ednku u\u017e jen p\u0159ibrousen\u00ed Martiala pr\u00e1v\u011b Keanem, ale rozhod\u010d\u00ed Tierney kartu netasil.<\/p>\n<p>Druh\u00fd polo\u010das za\u010dal tlakem dom\u00e1c\u00edch, celkem dle o\u010dek\u00e1v\u00e1n\u00ed. Jen\u017ee bez \u0161anc\u00ed. Po trestn\u00e9m kopu se k zakon\u010den\u00ed dostal Maguire, kdy\u017e Pickford neudr\u017eel m\u00ed\u010d v rukavic\u00edch, ale rychl\u00e1 reakce obrany a pomalej\u0161\u00ed oto\u010den\u00ed stopera host\u016f znamenaly zakon\u010den\u00ed nad b\u0159evno. I nad\u00e1le pokra\u010doval tlak dom\u00e1c\u00edch, ale dob\u0159e organizovan\u00e1 obrana United je nepou\u0161t\u011bla do \u0161anc\u00ed &#8211; a to i v p\u0159\u00edpad\u011b, \u017ee Everton p\u0159idal pod kotel posl\u00e1n\u00edm Iwobiho a Tosuna na h\u0159i\u0161t\u011b, za\u010dal tedy hr\u00e1t v rozestaven\u00ed 4-4-2.<\/p>\n<p>Tureck\u00fd hro\u0165\u00e1k stihl za sv\u00e9 desetiminutov\u00e9 p\u016fsoben\u00ed v z\u00e1pase dostat \u017elutou kartu. A kdy\u017e Everton poslal v nastaven\u00e9m \u010dase dop\u0159edu v\u0161echny krom\u011b brank\u00e1\u0159e, tak pykal. Host\u00e9 se po ubr\u00e1n\u011bn\u00e9 standardce dostali do p\u0159e\u010d\u00edslen\u00ed 3 na 2 a Bruno Fernandes ji vy\u0159e\u0161il dob\u0159e &#8211; p\u0159ihr\u00e1l doleva Cavanimu, kter\u00fd nem\u011bl probl\u00e9m poslat puml\u00ed\u010d mezi bli\u017e\u0161\u00ed ty\u010d a Pickforda &#8211; <strong>1:3!\u00a0<\/strong><\/p>\n<p>Co \u0159\u00edci z\u00e1v\u011brem? Mus\u00ed b\u00fdt odstran\u011bny chyby v obran\u011b a znovu jsme si ov\u011b\u0159ili, jak v \u00fato\u010dn\u00e9 f\u00e1zi chyb\u00ed Richarlison. Dal\u0161\u00ed t\u0159i z\u00e1pasy jsou proti Fulhamu, Leedsu a Burnley, tak snad p\u0159ibydou n\u011bjak\u00e9 body.<\/p>\n<p><strong>Branky:<\/strong>\u00a0<span data-source=\"lightstreamer\" data-grid=\"main\" data-item=\"item_619671\" data-field=\"scorers\">19. Bernard \u2013 25. a 32. Bruno Fernandes , 90+5. Cavani\u00a0<\/span><\/p>\n<p><strong>Karty: <\/strong>34. Holgate , 45+4. Allan , 86. Tosun, 88. Doucour\u00e9 \u2013 50. B. Fernandes, 83. Fred<\/p>\n<p><strong>Everton FC:<\/strong>\u00a0<span data-source=\"lightstreamer\" data-grid=\"main\" data-item=\"item_619671\" data-field=\"report1\">Pickford \u2013 Coleman, Holgate, M. Keane, Digne \u2013 Doucour\u00e9, Allan, Sigurdsson (66. Iwobi) \u2013 Rodr\u00edguez (80. Tosun), Calvert-Lewin, Bernard<\/span><\/p>\n<p><strong>Manchester United:<\/strong>\u00a0<span data-source=\"lightstreamer\" data-grid=\"main\" data-item=\"item_619671\" data-field=\"report2\">de Gea \u2013 Wan-Bissaka, Lindel\u00f6f, Maguire, Shaw (67. Tuanzebe) \u2013 McTominay, Fred \u2013 Mata (82. Pogba), B. Fernandes, Rashford \u2013 Martial (82. Cavani)<\/span><\/p>\n<p><strong>Rozhod\u010d\u00ed:\u00a0<\/strong>Paul Tierney<\/p>\n<p><strong>Bez div\u00e1k\u016f<\/strong><\/p>\n","protected":false},"excerpt":{"rendered":"<p>United zlep\u0161en\u00fdm v\u00fdkonem v prvn\u00ed p\u016fli udr\u017eeli Solskj\u00e6ra ve funkci.<\/p>\n","protected":false},"author":12,"featured_media":12872,"comment_status":"open","ping_status":"closed","sticky":false,"template":"","format":"standard","meta":{"_eb_attr":"","_monsterinsights_skip_tracking":false,"_monsterinsights_sitenote_active":false,"_monsterinsights_sitenote_note":"","_monsterinsights_sitenote_category":0,"footnotes":""},"categories":[4],"tags":[],"yoast_head":"<!-- This site is optimized with the Yoast SEO plugin v23.4 - https:\/\/yoast.com\/wordpress\/plugins\/seo\/ -->\n<title>Everton - Manchester United 1:3 - Official Czech &amp; Slovak Everton Supporters&#039; Club<\/title>\n<meta name=\"robots\" content=\"index, follow, max-snippet:-1, max-image-preview:large, max-video-preview:-1\" \/>\n<link rel=\"canonical\" href=\"https:\/\/evertonfc.cz\/index.php\/2020\/11\/08\/everton-manchester-united-13\/\" \/>\n<meta property=\"og:locale\" content=\"cs_CZ\" \/>\n<meta property=\"og:type\" content=\"article\" \/>\n<meta property=\"og:title\" content=\"Everton - Manchester United 1:3 - Official Czech &amp; Slovak Everton Supporters&#039; Club\" \/>\n<meta property=\"og:description\" content=\"United zlep\u0161en\u00fdm v\u00fdkonem v prvn\u00ed p\u016fli udr\u017eeli Solskj\u00e6ra ve funkci.\" \/>\n<meta property=\"og:url\" content=\"https:\/\/evertonfc.cz\/index.php\/2020\/11\/08\/everton-manchester-united-13\/\" \/>\n<meta property=\"og:site_name\" content=\"Official Czech &amp; Slovak Everton Supporters&#039; Club\" \/>\n<meta property=\"article:publisher\" content=\"https:\/\/www.facebook.com\/everton.fans.cz.sk\" \/>\n<meta property=\"article:published_time\" content=\"2020-11-08T16:42:46+00:00\" \/>\n<meta property=\"article:modified_time\" content=\"2020-11-08T17:51:02+00:00\" \/>\n<meta property=\"og:image\" content=\"https:\/\/evertonfc.cz\/wp-content\/uploads\/2020\/11\/Everton-1-3-Manchester-United-Carl-Recine-Pool-7-11-2020.jpg\" \/>\n\t<meta property=\"og:image:width\" content=\"720\" \/>\n\t<meta property=\"og:image:height\" content=\"405\" \/>\n\t<meta property=\"og:image:type\" content=\"image\/jpeg\" \/>\n<meta name=\"author\" content=\"Javor\" \/>\n<meta name=\"twitter:card\" content=\"summary_large_image\" \/>\n<meta name=\"twitter:creator\" content=\"@LoudinJan\" \/>\n<meta name=\"twitter:label1\" content=\"Napsal(a)\" \/>\n\t<meta name=\"twitter:data1\" content=\"Javor\" \/>\n\t<meta name=\"twitter:label2\" content=\"Odhadovan\u00e1 doba \u010dten\u00ed\" \/>\n\t<meta name=\"twitter:data2\" content=\"3 minuty\" \/>\n<script type=\"application\/ld+json\" class=\"yoast-schema-graph\">{\"@context\":\"https:\/\/schema.org\",\"@graph\":[{\"@type\":\"Article\",\"@id\":\"https:\/\/evertonfc.cz\/index.php\/2020\/11\/08\/everton-manchester-united-13\/#article\",\"isPartOf\":{\"@id\":\"https:\/\/evertonfc.cz\/index.php\/2020\/11\/08\/everton-manchester-united-13\/\"},\"author\":{\"name\":\"Javor\",\"@id\":\"https:\/\/evertonfc.cz\/#\/schema\/person\/b30daf6a5852f4811f8207a17ec1bf78\"},\"headline\":\"Everton &#8211; Manchester United 1:3\",\"datePublished\":\"2020-11-08T16:42:46+00:00\",\"dateModified\":\"2020-11-08T17:51:02+00:00\",\"mainEntityOfPage\":{\"@id\":\"https:\/\/evertonfc.cz\/index.php\/2020\/11\/08\/everton-manchester-united-13\/\"},\"wordCount\":691,\"commentCount\":7,\"publisher\":{\"@id\":\"https:\/\/evertonfc.cz\/#organization\"},\"image\":{\"@id\":\"https:\/\/evertonfc.cz\/index.php\/2020\/11\/08\/everton-manchester-united-13\/#primaryimage\"},\"thumbnailUrl\":\"https:\/\/evertonfc.cz\/wp-content\/uploads\/2020\/11\/Everton-1-3-Manchester-United-Carl-Recine-Pool-7-11-2020.jpg\",\"articleSection\":[\"Z\u00e1pasy\"],\"inLanguage\":\"cs\",\"potentialAction\":[{\"@type\":\"CommentAction\",\"name\":\"Comment\",\"target\":[\"https:\/\/evertonfc.cz\/index.php\/2020\/11\/08\/everton-manchester-united-13\/#respond\"]}]},{\"@type\":\"WebPage\",\"@id\":\"https:\/\/evertonfc.cz\/index.php\/2020\/11\/08\/everton-manchester-united-13\/\",\"url\":\"https:\/\/evertonfc.cz\/index.php\/2020\/11\/08\/everton-manchester-united-13\/\",\"name\":\"Everton - Manchester United 1:3 - Official Czech &amp; Slovak Everton Supporters&#039; Club\",\"isPartOf\":{\"@id\":\"https:\/\/evertonfc.cz\/#website\"},\"primaryImageOfPage\":{\"@id\":\"https:\/\/evertonfc.cz\/index.php\/2020\/11\/08\/everton-manchester-united-13\/#primaryimage\"},\"image\":{\"@id\":\"https:\/\/evertonfc.cz\/index.php\/2020\/11\/08\/everton-manchester-united-13\/#primaryimage\"},\"thumbnailUrl\":\"https:\/\/evertonfc.cz\/wp-content\/uploads\/2020\/11\/Everton-1-3-Manchester-United-Carl-Recine-Pool-7-11-2020.jpg\",\"datePublished\":\"2020-11-08T16:42:46+00:00\",\"dateModified\":\"2020-11-08T17:51:02+00:00\",\"breadcrumb\":{\"@id\":\"https:\/\/evertonfc.cz\/index.php\/2020\/11\/08\/everton-manchester-united-13\/#breadcrumb\"},\"inLanguage\":\"cs\",\"potentialAction\":[{\"@type\":\"ReadAction\",\"target\":[\"https:\/\/evertonfc.cz\/index.php\/2020\/11\/08\/everton-manchester-united-13\/\"]}]},{\"@type\":\"ImageObject\",\"inLanguage\":\"cs\",\"@id\":\"https:\/\/evertonfc.cz\/index.php\/2020\/11\/08\/everton-manchester-united-13\/#primaryimage\",\"url\":\"https:\/\/evertonfc.cz\/wp-content\/uploads\/2020\/11\/Everton-1-3-Manchester-United-Carl-Recine-Pool-7-11-2020.jpg\",\"contentUrl\":\"https:\/\/evertonfc.cz\/wp-content\/uploads\/2020\/11\/Everton-1-3-Manchester-United-Carl-Recine-Pool-7-11-2020.jpg\",\"width\":720,\"height\":405},{\"@type\":\"BreadcrumbList\",\"@id\":\"https:\/\/evertonfc.cz\/index.php\/2020\/11\/08\/everton-manchester-united-13\/#breadcrumb\",\"itemListElement\":[{\"@type\":\"ListItem\",\"position\":1,\"name\":\"Home\",\"item\":\"https:\/\/evertonfc.cz\/\"},{\"@type\":\"ListItem\",\"position\":2,\"name\":\"Everton &#8211; Manchester United 1:3\"}]},{\"@type\":\"WebSite\",\"@id\":\"https:\/\/evertonfc.cz\/#website\",\"url\":\"https:\/\/evertonfc.cz\/\",\"name\":\"Official Czech &amp; Slovak Everton Supporters&#039; Club\",\"description\":\"\",\"publisher\":{\"@id\":\"https:\/\/evertonfc.cz\/#organization\"},\"potentialAction\":[{\"@type\":\"SearchAction\",\"target\":{\"@type\":\"EntryPoint\",\"urlTemplate\":\"https:\/\/evertonfc.cz\/?s={search_term_string}\"},\"query-input\":{\"@type\":\"PropertyValueSpecification\",\"valueRequired\":true,\"valueName\":\"search_term_string\"}}],\"inLanguage\":\"cs\"},{\"@type\":\"Organization\",\"@id\":\"https:\/\/evertonfc.cz\/#organization\",\"name\":\"Official Czech & Slovak Everton Supporters' Club\",\"url\":\"https:\/\/evertonfc.cz\/\",\"logo\":{\"@type\":\"ImageObject\",\"inLanguage\":\"cs\",\"@id\":\"https:\/\/evertonfc.cz\/#\/schema\/logo\/image\/\",\"url\":\"https:\/\/evertonfc.cz\/wp-content\/uploads\/2019\/05\/logo.png\",\"contentUrl\":\"https:\/\/evertonfc.cz\/wp-content\/uploads\/2019\/05\/logo.png\",\"width\":112,\"height\":112,\"caption\":\"Official Czech & Slovak Everton Supporters' Club\"},\"image\":{\"@id\":\"https:\/\/evertonfc.cz\/#\/schema\/logo\/image\/\"},\"sameAs\":[\"https:\/\/www.facebook.com\/everton.fans.cz.sk\"]},{\"@type\":\"Person\",\"@id\":\"https:\/\/evertonfc.cz\/#\/schema\/person\/b30daf6a5852f4811f8207a17ec1bf78\",\"name\":\"Javor\",\"sameAs\":[\"https:\/\/x.com\/LoudinJan\"],\"url\":\"https:\/\/evertonfc.cz\/index.php\/author\/javor\/\"}]}<\/script>\n<!-- \/ Yoast SEO plugin. -->","yoast_head_json":{"title":"Everton - Manchester United 1:3 - Official Czech &amp; Slovak Everton Supporters&#039; Club","robots":{"index":"index","follow":"follow","max-snippet":"max-snippet:-1","max-image-preview":"max-image-preview:large","max-video-preview":"max-video-preview:-1"},"canonical":"https:\/\/evertonfc.cz\/index.php\/2020\/11\/08\/everton-manchester-united-13\/","og_locale":"cs_CZ","og_type":"article","og_title":"Everton - Manchester United 1:3 - Official Czech &amp; Slovak Everton Supporters&#039; Club","og_description":"United zlep\u0161en\u00fdm v\u00fdkonem v prvn\u00ed p\u016fli udr\u017eeli Solskj\u00e6ra ve funkci.","og_url":"https:\/\/evertonfc.cz\/index.php\/2020\/11\/08\/everton-manchester-united-13\/","og_site_name":"Official Czech &amp; Slovak Everton Supporters&#039; Club","article_publisher":"https:\/\/www.facebook.com\/everton.fans.cz.sk","article_published_time":"2020-11-08T16:42:46+00:00","article_modified_time":"2020-11-08T17:51:02+00:00","og_image":[{"width":720,"height":405,"url":"https:\/\/evertonfc.cz\/wp-content\/uploads\/2020\/11\/Everton-1-3-Manchester-United-Carl-Recine-Pool-7-11-2020.jpg","type":"image\/jpeg"}],"author":"Javor","twitter_card":"summary_large_image","twitter_creator":"@LoudinJan","twitter_misc":{"Napsal(a)":"Javor","Odhadovan\u00e1 doba \u010dten\u00ed":"3 minuty"},"schema":{"@context":"https:\/\/schema.org","@graph":[{"@type":"Article","@id":"https:\/\/evertonfc.cz\/index.php\/2020\/11\/08\/everton-manchester-united-13\/#article","isPartOf":{"@id":"https:\/\/evertonfc.cz\/index.php\/2020\/11\/08\/everton-manchester-united-13\/"},"author":{"name":"Javor","@id":"https:\/\/evertonfc.cz\/#\/schema\/person\/b30daf6a5852f4811f8207a17ec1bf78"},"headline":"Everton &#8211; Manchester United 1:3","datePublished":"2020-11-08T16:42:46+00:00","dateModified":"2020-11-08T17:51:02+00:00","mainEntityOfPage":{"@id":"https:\/\/evertonfc.cz\/index.php\/2020\/11\/08\/everton-manchester-united-13\/"},"wordCount":691,"commentCount":7,"publisher":{"@id":"https:\/\/evertonfc.cz\/#organization"},"image":{"@id":"https:\/\/evertonfc.cz\/index.php\/2020\/11\/08\/everton-manchester-united-13\/#primaryimage"},"thumbnailUrl":"https:\/\/evertonfc.cz\/wp-content\/uploads\/2020\/11\/Everton-1-3-Manchester-United-Carl-Recine-Pool-7-11-2020.jpg","articleSection":["Z\u00e1pasy"],"inLanguage":"cs","potentialAction":[{"@type":"CommentAction","name":"Comment","target":["https:\/\/evertonfc.cz\/index.php\/2020\/11\/08\/everton-manchester-united-13\/#respond"]}]},{"@type":"WebPage","@id":"https:\/\/evertonfc.cz\/index.php\/2020\/11\/08\/everton-manchester-united-13\/","url":"https:\/\/evertonfc.cz\/index.php\/2020\/11\/08\/everton-manchester-united-13\/","name":"Everton - Manchester United 1:3 - Official Czech &amp; Slovak Everton Supporters&#039; Club","isPartOf":{"@id":"https:\/\/evertonfc.cz\/#website"},"primaryImageOfPage":{"@id":"https:\/\/evertonfc.cz\/index.php\/2020\/11\/08\/everton-manchester-united-13\/#primaryimage"},"image":{"@id":"https:\/\/evertonfc.cz\/index.php\/2020\/11\/08\/everton-manchester-united-13\/#primaryimage"},"thumbnailUrl":"https:\/\/evertonfc.cz\/wp-content\/uploads\/2020\/11\/Everton-1-3-Manchester-United-Carl-Recine-Pool-7-11-2020.jpg","datePublished":"2020-11-08T16:42:46+00:00","dateModified":"2020-11-08T17:51:02+00:00","breadcrumb":{"@id":"https:\/\/evertonfc.cz\/index.php\/2020\/11\/08\/everton-manchester-united-13\/#breadcrumb"},"inLanguage":"cs","potentialAction":[{"@type":"ReadAction","target":["https:\/\/evertonfc.cz\/index.php\/2020\/11\/08\/everton-manchester-united-13\/"]}]},{"@type":"ImageObject","inLanguage":"cs","@id":"https:\/\/evertonfc.cz\/index.php\/2020\/11\/08\/everton-manchester-united-13\/#primaryimage","url":"https:\/\/evertonfc.cz\/wp-content\/uploads\/2020\/11\/Everton-1-3-Manchester-United-Carl-Recine-Pool-7-11-2020.jpg","contentUrl":"https:\/\/evertonfc.cz\/wp-content\/uploads\/2020\/11\/Everton-1-3-Manchester-United-Carl-Recine-Pool-7-11-2020.jpg","width":720,"height":405},{"@type":"BreadcrumbList","@id":"https:\/\/evertonfc.cz\/index.php\/2020\/11\/08\/everton-manchester-united-13\/#breadcrumb","itemListElement":[{"@type":"ListItem","position":1,"name":"Home","item":"https:\/\/evertonfc.cz\/"},{"@type":"ListItem","position":2,"name":"Everton &#8211; Manchester United 1:3"}]},{"@type":"WebSite","@id":"https:\/\/evertonfc.cz\/#website","url":"https:\/\/evertonfc.cz\/","name":"Official Czech &amp; Slovak Everton Supporters&#039; Club","description":"","publisher":{"@id":"https:\/\/evertonfc.cz\/#organization"},"potentialAction":[{"@type":"SearchAction","target":{"@type":"EntryPoint","urlTemplate":"https:\/\/evertonfc.cz\/?s={search_term_string}"},"query-input":{"@type":"PropertyValueSpecification","valueRequired":true,"valueName":"search_term_string"}}],"inLanguage":"cs"},{"@type":"Organization","@id":"https:\/\/evertonfc.cz\/#organization","name":"Official Czech & Slovak Everton Supporters' Club","url":"https:\/\/evertonfc.cz\/","logo":{"@type":"ImageObject","inLanguage":"cs","@id":"https:\/\/evertonfc.cz\/#\/schema\/logo\/image\/","url":"https:\/\/evertonfc.cz\/wp-content\/uploads\/2019\/05\/logo.png","contentUrl":"https:\/\/evertonfc.cz\/wp-content\/uploads\/2019\/05\/logo.png","width":112,"height":112,"caption":"Official Czech & Slovak Everton Supporters' Club"},"image":{"@id":"https:\/\/evertonfc.cz\/#\/schema\/logo\/image\/"},"sameAs":["https:\/\/www.facebook.com\/everton.fans.cz.sk"]},{"@type":"Person","@id":"https:\/\/evertonfc.cz\/#\/schema\/person\/b30daf6a5852f4811f8207a17ec1bf78","name":"Javor","sameAs":["https:\/\/x.com\/LoudinJan"],"url":"https:\/\/evertonfc.cz\/index.php\/author\/javor\/"}]}},"_links":{"self":[{"href":"https:\/\/evertonfc.cz\/index.php\/wp-json\/wp\/v2\/posts\/12879"}],"collection":[{"href":"https:\/\/evertonfc.cz\/index.php\/wp-json\/wp\/v2\/posts"}],"about":[{"href":"https:\/\/evertonfc.cz\/index.php\/wp-json\/wp\/v2\/types\/post"}],"author":[{"embeddable":true,"href":"https:\/\/evertonfc.cz\/index.php\/wp-json\/wp\/v2\/users\/12"}],"replies":[{"embeddable":true,"href":"https:\/\/evertonfc.cz\/index.php\/wp-json\/wp\/v2\/comments?post=12879"}],"version-history":[{"count":8,"href":"https:\/\/evertonfc.cz\/index.php\/wp-json\/wp\/v2\/posts\/12879\/revisions"}],"predecessor-version":[{"id":12895,"href":"https:\/\/evertonfc.cz\/index.php\/wp-json\/wp\/v2\/posts\/12879\/revisions\/12895"}],"wp:featuredmedia":[{"embeddable":true,"href":"https:\/\/evertonfc.cz\/index.php\/wp-json\/wp\/v2\/media\/12872"}],"wp:attachment":[{"href":"https:\/\/evertonfc.cz\/index.php\/wp-json\/wp\/v2\/media?parent=12879"}],"wp:term":[{"taxonomy":"category","embeddable":true,"href":"https:\/\/evertonfc.cz\/index.php\/wp-json\/wp\/v2\/categories?post=12879"},{"taxonomy":"post_tag","embeddable":true,"href":"https:\/\/evertonfc.cz\/index.php\/wp-json\/wp\/v2\/tags?post=12879"}],"curies":[{"name":"wp","href":"https:\/\/api.w.org\/{rel}","templated":true}]}}