{"id":12904,"date":"2020-11-12T20:27:55","date_gmt":"2020-11-12T19:27:55","guid":{"rendered":"https:\/\/evertonfc.cz\/?p=12904"},"modified":"2020-11-20T20:17:58","modified_gmt":"2020-11-20T19:17:58","slug":"madridista-o-jamesovi","status":"publish","type":"post","link":"https:\/\/evertonfc.cz\/index.php\/2020\/11\/12\/madridista-o-jamesovi\/","title":{"rendered":"Madridista o Jamesovi"},"content":{"rendered":"<h4>Kolumbijsk\u00e1 futbalov\u00e1 hviezda u\u017e naplno zarez\u00e1va v Premier League. O jeho p\u00f4soben\u00ed v Reale Madrid sme sa porozpr\u00e1vali s La Pe\u00f1a Madridista De Eslovaquia.<\/h4>\n<p><em>Pod\u013ea ich vlastn\u00fdch slov, noblesn\u00e9 pomenovanie ozna\u010duje prv\u00fd ofici\u00e1lny fanklub Realu Madrid na \u00fazem\u00ed Slovenskej republiky. Vznikol v\u00a0roku 2013 a\u00a0m\u00e1 dokonca \u0161tat\u00fat ob\u010dianskeho zdru\u017eenia. Viac o\u00a0tomto zdru\u017een\u00ed fan\u00fa\u0161ikov jedn\u00e9ho zo svetov\u00fdch gigantov futbalu m\u00f4\u017eete n\u00e1js\u0165 na ich str\u00e1nke <strong><a href=\"http:\/\/halamadrid.sk\/\" target=\"_blank\" rel=\"noopener noreferrer\">halamadrid.sk<\/a><\/strong>. Ale po\u010fme k\u00a0\u00fa\u010delu tohto \u010dl\u00e1nku a\u00a0t\u00fdm je rozhovor s\u00a0prezidentom fanklubu, Marekom Vargom.<\/em><\/p>\n<h4><strong>Zdrav\u00edm \u0165a Marek! Som ti v\u010fa\u010dn\u00fd, \u017ee si ochotne prijal ponuku sa s\u00a0nami podeli\u0165 o\u00a0n\u00e1zory na v\u00e1\u0161ho, u\u017e b\u00fdval\u00e9ho hr\u00e1\u010da. Ale e\u0161te predt\u00fdm, ak\u00fd je tvoj pr\u00edbeh n\u00e1klonnosti k\u00a0Realu Madrid? Od prv\u00e9ho o\u010darenia, cez vlastn\u00fa str\u00e1nku a\u017e po fanklub, kde si \u00fastredn\u00e1 postava.<\/strong><\/h4>\n<p>Ahojte. V\u00a0prvom rade som r\u00e1d, \u017ee ste n\u00e1m nap\u00edsali za rozhovor. Aj to je d\u00f4kaz toho, \u017ee futbal sp\u00e1ja a\u00a0te\u0161\u00edm sa na spolupr\u00e1cu v\u00a0bud\u00facnosti. Real Madrid? Ku klubu som sa dostal pred 17 rokmi, ke\u010f sa realizoval prestup Davida Beckhama. Bol som jeho fan\u00fa\u0161ikom a\u00a0fandil som klubu, v\u00a0ktorom p\u00f4sobil. Ako som sa vyv\u00edjal, tak som za\u010dal meni\u0165 n\u00e1zor a\u00a0sk\u00f4r som sa za\u010dal orientova\u0165 na klub. A\u00a0pri Reale Madrid som zostal a\u00a0neviem si moment\u00e1lne predstavi\u0165, \u017ee by som fandil nejak\u00e9mu in\u00e9mu t\u00edmu.<\/p>\n<p>David ma k\u00a0nemu priviedol a\u00a0ja som sa \u010doraz viac za\u010dal o\u00a0klub zauj\u00edma\u0165 do h\u013abky. Bolo to a\u017e do tej miery, \u017ee som sa v\u00a0roku 2013 rozhodol zalo\u017ei\u0165 fanstr\u00e1nku <em>halamadrid.sk<\/em> a\u00a0prin\u00e1\u0161a\u0165 inform\u00e1cie z\u00a0klubu. V\u00a0ten ist\u00fd rok sme z\u00e1rove\u0148 boli v Madride schv\u00e1len\u00ed ako ofici\u00e1lny fanklub Realu Madrid \u2013 La Pe\u00f1a Madridista de Eslovaquia.<\/p>\n<h4><strong>\u0160panielsko m\u00e1 vlastn\u00fa bublinu uctievania futbalu, asi ako ka\u017ed\u00e1 lep\u0161ia liga. Najm\u00e4 ak s\u00fa v\u00a0nej kluby svetov\u00e9ho kalibru. Zah\u013aben\u00ed fan\u00fa\u0161ikovia v\u0161ak zvykn\u00fa ma\u0165 aj \u0161ir\u0161\u00ed preh\u013ead o\u00a0dian\u00ed vo svete. Povedz, \u010do ti napadne prv\u00e9, ke\u010f sa povie Everton? Asociuje sa ti aj nie\u010do in\u00e9 ako men\u00e1 Gravesen \u010di Drenthe?<\/strong><\/h4>\n<p>Gravesen aj Drenthe s\u00fa kapitoly sam\u00e9 o\u00a0sebe, ale nie s\u00fa oni t\u00ed, ktor\u00ed mi hne\u010f pripomen\u00fa Everton. Prv\u00fd, kto ma napadne, ke\u010f sa povie Everton je Wayne Rooney. Je to ve\u013ek\u00e1 legenda anglick\u00e9ho futbalu a\u00a0pr\u00e1ve s\u00a0Evertonom sa mi sp\u00e1jaj\u00fa jeho za\u010diatky.<\/p>\n<h4><strong>James Rodr\u00edguez je len tret\u00edm hr\u00e1\u010dskym artiklom, ktor\u00fd putoval na linke Madrid \u2013 Merseyside. Za\u010dnime od konca. \u010co hovor\u00ed\u0161 na jeho prestup, alebo lep\u0161ie povedan\u00e9 vyslobodenie? Zd\u00e1 sa, \u017ee prekvapiv\u00fd prestup zadarmo, resp. vyplatenie jeho st\u00e1vaj\u00faceho ro\u010dn\u00e9ho kontraktu bola najschodnej\u0161ia mo\u017enos\u0165 pre oba kluby.<\/strong><\/h4>\n<p>Jamesa m\u00e1m r\u00e1d ako hr\u00e1\u010da. \u00daprimne, ke\u010f sa Bayern rozhodol, \u017ee ho neodk\u00fapia, b\u00e1l som sa o to, \u010do s n\u00edm bude v Reale. V lete 2019 som do posledn\u00e9ho okamihu sledoval prestupov\u00e9 okno a to, \u010do sa s n\u00edm bude dia\u0165. Chcel som, aby prest\u00fapil. Tu\u0161il som, \u017ee pri politike Zidana nebude ma\u0165 ve\u013ek\u00fa \u0161ancu presadi\u0165 sa. Pre\u0161iel rok, James sa nepresadil a nevedel som si ni\u010d in\u00e9 predstavi\u0165 ako jeho prestup v lete 2020.<\/p>\n<p>Ten pri\u0161iel a som r\u00e1d, \u017ee odi\u0161iel do Evertonu za Ancelottim, s ktor\u00fdm m\u00e1 ve\u013emi dobr\u00fa spolupr\u00e1cu e\u0161te z \u010dias Realu. Som rad\u0161ej, ke\u010f ho vid\u00edm v Premier League, akoby som ho mal sledova\u0165 v drese Atl\u00e9tica a nebodaj e\u0161te proti n\u00e1m. Ja osobne to beriem pozit\u00edvne, aj ke\u010f odi\u0161iel zadarmo, z jeho poh\u013eadu vyzer\u00e1, \u017ee mu to prospelo a ja budem na\u010falej sledova\u0165 jeho v\u00fdkony vo va\u0161om klube.<\/p>\n<h4><strong>James mohol ale od\u00eds\u0165 u\u017e minul\u00e9 leto. Vehementne sa o\u00a0to sna\u017eil Carlo v\u00a0Neapole, a\u00a0z\u00e1ujem vraj bol aj zo strany mestsk\u00e9ho rivala z\u00a0Atl\u00e9tica. Pre\u010do sa odchod neudial? Real mohol ur\u010dite zarobi\u0165, v\u00a0Bayerne sa James nestratil.<\/strong><\/h4>\n<p>\u00c1no, n\u00e1dejne to vyzeralo aj s\u00a0prestupom do Neapola, a\u00a0e\u0161te n\u00e1dejnej\u0161ie do Atl\u00e9tica. \u010co sa t\u00fdka Neapola tam na seba narazili Aurelio De Laurentiis a\u00a0Florentino P\u00e9rez. Obaja mali o\u00a0prestupe in\u00e9 predstavy, ktor\u00e9 nena\u0161li spolo\u010dn\u00fd prienik a\u00a0jednoducho k\u00a0obchodu nedo\u0161lo. Samozrejme, Florentino chcel z\u00a0toho vy\u0165a\u017ei\u0165 \u010do najviac. \u010co sa t\u00fdka Atl\u00e9tica, tak tam nepozn\u00e1m nejak\u00fd bli\u017e\u0161\u00ed detail, ani sa o\u00a0\u0148om ve\u013emi nep\u00edsalo. Real to \u00fadajne \u201estopol\u201c a\u00a0nepustil Jamesa k\u00a0mestsk\u00e9mu rivalovi.<\/p>\n<h4><strong>V Goodison Parku sa zap\u00edsal Rodr\u00edguez priam \u00fa\u017easne. Z piatich z\u00e1pasov m\u00e1 na konte u\u017e tri g\u00f3ly a tri asistencie. To je u n\u00e1s, bohu\u017eia\u013e, nezvyk. Z jeho hry profituje cel\u00fd t\u00edm, a \u010do je e\u0161te prekvapuj\u00facej\u0161ie, v\u00f4bec sa nezd\u00e1, \u017ee by mu fyzikalita anglick\u00e9ho futbalu robila probl\u00e9m. \u010co m\u00f4\u017eeme od neho \u010daka\u0165 do bud\u00facnosti? Siln\u00e9, slab\u00e9 str\u00e1nky. M\u00e1me sa pripravi\u0165 aj na nejak\u00e9 sklamania?<\/strong><\/h4>\n<p>Sledujem jeho p\u00f4sobenie v\u00a0Evertone od za\u010diatku. Ja ver\u00edm, \u017ee v\u00e1m takto bude pom\u00e1ha\u0165 \u010do najdlh\u0161ie. Jeho siln\u00e9 str\u00e1nky s\u00fa ur\u010dite strely na br\u00e1nu, prihr\u00e1vky, dok\u00e1\u017ee tvori\u0165 hru, m\u00e1 preh\u013ead. Ako jeho slab\u0161iu str\u00e1nku by som uviedol pr\u00e1ve konzistentnos\u0165 formy. Zatia\u013e nedok\u00e1zal svoju formu dr\u017ea\u0165 dlhodobo, v\u017edy mal nejak\u00fd v\u00fdpadok, ktor\u00fd mohol by\u0165 sp\u00f4soben\u00fd aj zranen\u00edm. D\u00fafam, \u017ee sklamania sa v\u00e1m bud\u00fa vyh\u00fdba\u0165 a\u00a0bude iba pr\u00ednosom. Hlavne nech sa mu vyh\u00fdbaj\u00fa spom\u00ednan\u00e9 zranenia. Vtedy si mysl\u00edm, \u017ee budete len profitova\u0165 z\u00a0jeho hry.<\/p>\n<h4><strong>S\u00a0Ancelottim m\u00e1 hr\u00e1\u010d jasn\u00e9 konexie. Do Realu ho priviedol, z\u00a0Realu si ho po\u017ei\u010dal a\u00a0z\u00a0Realu ho aj odviedol pre\u010d. Naopak, pri Zidanovi nadobudol status nepotrebn\u00e9ho. \u010c\u00edm to pod\u013ea teba bolo zapr\u00ed\u010dinen\u00e9? Je v\u00f4bec mo\u017en\u00e9, aby hr\u00e1\u010d svetov\u00fdch kval\u00edt mohol by\u0165 ignorovan\u00fd? Alebo si za to mohol aj James s\u00e1m?<\/strong><\/h4>\n<p>V\u00a0Reale a\u00a0pri Zidanovi je to \u0165a\u017ek\u00e9. To nemysl\u00edm v\u00a0zlom, ale jednoducho ka\u017ed\u00fd tr\u00e9ner m\u00e1 nejak\u00fa svoju politiku. Zidane tam m\u00e1 hr\u00e1\u010dov, ktor\u00ed mu zabezpe\u010dili nieko\u013eko titulov. Stred po\u013ea mal jeden z\u00a0najsilnej\u0161\u00edch na svete. Hr\u00e1\u010di ako Kroos, Modri\u0107, Casemiro, po novom Valverde. James nezapadol do jeho koncepcie a\u00a0je pravda, \u017ee ve\u013ea pr\u00edle\u017eitost\u00ed ani nedostal. Av\u0161ak treba uzna\u0165, \u017ee ke\u010f ju aj dostal, tak ju nedok\u00e1zal vyu\u017ei\u0165.<\/p>\n<p>James u\u017e v\u00a0Reale svoj potenci\u00e1l nemohol naplni\u0165, preto som aj chcel, aby prest\u00fapil. Je to kvalitn\u00fd hr\u00e1\u010d, ale v\u00a0Reale mal cestu \u201ezar\u00faban\u00fa\u201c. \u0164a\u017eko poveda\u0165, \u010di si za to mohol aj s\u00e1m, sk\u00f4r sa prikl\u00e1\u0148am k\u00a0tomu, \u017ee herne nesadol Zidanovi a\u00a0preto aj tak\u00fd hr\u00e1\u010d ako on sa v\u00a0Reale nepresadil.<\/p>\n<h4><strong>Ak si zosumarizuje\u0161 cel\u00fa jeho kari\u00e9ru v\u00a0bielom drese, od jeho pr\u00edchodu po Majstrovstv\u00e1ch 2014, splnil o\u010dak\u00e1vania vzh\u013eadom na signifikantn\u00fa cenovku? Alebo to bol len \u010fal\u0161\u00ed zo zbyto\u010dn\u00fdch \u201eGal\u00e1ctico\u201c n\u00e1kupov?<\/strong><\/h4>\n<p>Mal aj svetl\u00e9 momenty, ale \u017eia\u013e, nebolo ich tak ve\u013ea. Prip\u00edsal by som to p\u00f4sobeniu Carla Ancelottiho na lavi\u010dke Realu. To bolo dobr\u00e9 obdobie aj pre samotn\u00e9ho Jamesa. \u017dia\u013e, po jeho odchode sa ned\u00e1 hovori\u0165 o nejakom \u00faspe\u0161nom p\u00f4soben\u00ed v Reale. Mysl\u00edm si, \u017ee jeho cenovka sa v\u010faka marketingov\u00fdm aktivit\u00e1m vr\u00e1tila, ale \u010do sa t\u00fdka v\u00fdkonov na ihrisku, to je u\u017e in\u00e1 kapitola.<\/p>\n<h4><strong>Ak mi dovol\u00ed\u0161 na z\u00e1ver, nem\u00f4\u017eem nevyu\u017ei\u0165 tento priestor aj na povyzvedanie oh\u013eadom n\u00e1\u0161ho s\u00fa\u010dasn\u00e9ho a\u00a0v\u00e1\u0161ho b\u00fdval\u00e9ho lodivoda. Carlo Ancelotti je u\u017e s\u00a0nami tri\u0161tvrte roka, a\u00a0hoci minul\u00fa sez\u00f3nu to vyzeralo v\u0161elijako, po pr\u00edchode nov\u00fdch (rozumej jeho) pos\u00edl nenech\u00e1va nikoho na pochyb\u00e1ch, \u017ee si nepri\u0161iel do Evertonu len po d\u00f4chodok. \u010co by si n\u00e1m vedel o\u00a0\u0148om v\u00a0skratke poveda\u0165?<\/strong><\/h4>\n<p>Carlo n\u00e1m vyhral tak dlho vyt\u00fa\u017een\u00fa \u201eLa D\u00e9cimu\u201c. Ve\u013emi sympatick\u00fd tr\u00e9ner, s\u00a0ve\u013ek\u00fdmi sk\u00fasenos\u0165ami. M\u00e1m na neho iba dobr\u00e9 spomienky. Mne osobne bolo ve\u013emi \u013e\u00fato, ke\u010f sa ofici\u00e1lne potvrdilo, \u017ee Real Madrid s\u00a0nim nebude \u010falej spolupracova\u0165. No na druhej strane vychoval n\u00e1m tr\u00e9nera, ktor\u00fd dosiahol s\u00a0klubom \u00fa\u017easn\u00e9 veci a\u00a0ver\u00edm, \u017ee e\u0161te dosiahne \u010fal\u0161ie. Boj o\u00a0prv\u00fa \u0161tvorku v\u00a0Premier League bude v\u00a0tomto ro\u010dn\u00edku zauj\u00edmav\u00fd.<\/p>\n<h4><strong>Hotovo, sme na konci. Ve\u013emi pekne ti \u010fakujem za tvoj \u010das a ochotu. Ver\u00edm, \u017ee si to na\u0161i \u010ditatelia u\u017eij\u00fa a ocenia koment\u00e1rmi. Do bud\u00facna prajem ve\u013ea s\u00fa\u0165a\u017en\u00e9ho \u0161\u0165astia Realu, viac v\u00fdhodn\u00fdch obchodov s Evertonom a v\u0161etko dobr\u00e9 v\u00e1\u0161mu fanklubu!<\/strong><\/h4>\n<p>\u010eakujem aj ja ve\u013emi pekne za rozhovor. Pozdravujem fan\u00fa\u0161ikov Evertonu a budem dr\u017ea\u0165 palce.<\/p>\n","protected":false},"excerpt":{"rendered":"<p>Kolumbijsk\u00e1 futbalov\u00e1 hviezda u\u017e naplno zarez\u00e1va v Premier League. O jeho p\u00f4soben\u00ed v Reale Madrid sme sa porozpr\u00e1vali s La Pe\u00f1a Madridista De Eslovaquia.<\/p>\n","protected":false},"author":1,"featured_media":12905,"comment_status":"open","ping_status":"closed","sticky":false,"template":"","format":"standard","meta":{"_eb_attr":"","_monsterinsights_skip_tracking":false,"_monsterinsights_sitenote_active":false,"_monsterinsights_sitenote_note":"","_monsterinsights_sitenote_category":0,"footnotes":""},"categories":[1],"tags":[],"yoast_head":"<!-- This site is optimized with the Yoast SEO plugin v23.4 - https:\/\/yoast.com\/wordpress\/plugins\/seo\/ -->\n<title>Madridista o Jamesovi - Official Czech &amp; Slovak Everton Supporters&#039; Club<\/title>\n<meta name=\"robots\" content=\"index, follow, max-snippet:-1, max-image-preview:large, max-video-preview:-1\" \/>\n<link rel=\"canonical\" href=\"https:\/\/evertonfc.cz\/index.php\/2020\/11\/12\/madridista-o-jamesovi\/\" \/>\n<meta property=\"og:locale\" content=\"cs_CZ\" \/>\n<meta property=\"og:type\" content=\"article\" \/>\n<meta property=\"og:title\" content=\"Madridista o Jamesovi - Official Czech &amp; Slovak Everton Supporters&#039; Club\" \/>\n<meta property=\"og:description\" content=\"Kolumbijsk\u00e1 futbalov\u00e1 hviezda u\u017e naplno zarez\u00e1va v Premier League. O jeho p\u00f4soben\u00ed v Reale Madrid sme sa porozpr\u00e1vali s La Pe\u00f1a Madridista De Eslovaquia.\" \/>\n<meta property=\"og:url\" content=\"https:\/\/evertonfc.cz\/index.php\/2020\/11\/12\/madridista-o-jamesovi\/\" \/>\n<meta property=\"og:site_name\" content=\"Official Czech &amp; Slovak Everton Supporters&#039; Club\" \/>\n<meta property=\"article:publisher\" content=\"https:\/\/www.facebook.com\/everton.fans.cz.sk\" \/>\n<meta property=\"article:published_time\" content=\"2020-11-12T19:27:55+00:00\" \/>\n<meta property=\"article:modified_time\" content=\"2020-11-20T19:17:58+00:00\" \/>\n<meta property=\"og:image\" content=\"https:\/\/evertonfc.cz\/wp-content\/uploads\/2020\/11\/james-rodriguez-rozhovor-12-11-2020.jpg\" \/>\n\t<meta property=\"og:image:width\" content=\"720\" \/>\n\t<meta property=\"og:image:height\" content=\"405\" \/>\n\t<meta property=\"og:image:type\" content=\"image\/jpeg\" \/>\n<meta name=\"author\" content=\"BlueBlooded\" \/>\n<meta name=\"twitter:card\" content=\"summary_large_image\" \/>\n<meta name=\"twitter:label1\" content=\"Napsal(a)\" \/>\n\t<meta name=\"twitter:data1\" content=\"BlueBlooded\" \/>\n\t<meta name=\"twitter:label2\" content=\"Odhadovan\u00e1 doba \u010dten\u00ed\" \/>\n\t<meta name=\"twitter:data2\" content=\"8 minut\" \/>\n<script type=\"application\/ld+json\" class=\"yoast-schema-graph\">{\"@context\":\"https:\/\/schema.org\",\"@graph\":[{\"@type\":\"Article\",\"@id\":\"https:\/\/evertonfc.cz\/index.php\/2020\/11\/12\/madridista-o-jamesovi\/#article\",\"isPartOf\":{\"@id\":\"https:\/\/evertonfc.cz\/index.php\/2020\/11\/12\/madridista-o-jamesovi\/\"},\"author\":{\"name\":\"BlueBlooded\",\"@id\":\"https:\/\/evertonfc.cz\/#\/schema\/person\/d4493b8cbea51532597fbc4685698916\"},\"headline\":\"Madridista o Jamesovi\",\"datePublished\":\"2020-11-12T19:27:55+00:00\",\"dateModified\":\"2020-11-20T19:17:58+00:00\",\"mainEntityOfPage\":{\"@id\":\"https:\/\/evertonfc.cz\/index.php\/2020\/11\/12\/madridista-o-jamesovi\/\"},\"wordCount\":1578,\"commentCount\":0,\"publisher\":{\"@id\":\"https:\/\/evertonfc.cz\/#organization\"},\"image\":{\"@id\":\"https:\/\/evertonfc.cz\/index.php\/2020\/11\/12\/madridista-o-jamesovi\/#primaryimage\"},\"thumbnailUrl\":\"https:\/\/evertonfc.cz\/wp-content\/uploads\/2020\/11\/james-rodriguez-rozhovor-12-11-2020.jpg\",\"articleSection\":[\"Rozhovory\"],\"inLanguage\":\"cs\",\"potentialAction\":[{\"@type\":\"CommentAction\",\"name\":\"Comment\",\"target\":[\"https:\/\/evertonfc.cz\/index.php\/2020\/11\/12\/madridista-o-jamesovi\/#respond\"]}]},{\"@type\":\"WebPage\",\"@id\":\"https:\/\/evertonfc.cz\/index.php\/2020\/11\/12\/madridista-o-jamesovi\/\",\"url\":\"https:\/\/evertonfc.cz\/index.php\/2020\/11\/12\/madridista-o-jamesovi\/\",\"name\":\"Madridista o Jamesovi - Official Czech &amp; Slovak Everton Supporters&#039; Club\",\"isPartOf\":{\"@id\":\"https:\/\/evertonfc.cz\/#website\"},\"primaryImageOfPage\":{\"@id\":\"https:\/\/evertonfc.cz\/index.php\/2020\/11\/12\/madridista-o-jamesovi\/#primaryimage\"},\"image\":{\"@id\":\"https:\/\/evertonfc.cz\/index.php\/2020\/11\/12\/madridista-o-jamesovi\/#primaryimage\"},\"thumbnailUrl\":\"https:\/\/evertonfc.cz\/wp-content\/uploads\/2020\/11\/james-rodriguez-rozhovor-12-11-2020.jpg\",\"datePublished\":\"2020-11-12T19:27:55+00:00\",\"dateModified\":\"2020-11-20T19:17:58+00:00\",\"breadcrumb\":{\"@id\":\"https:\/\/evertonfc.cz\/index.php\/2020\/11\/12\/madridista-o-jamesovi\/#breadcrumb\"},\"inLanguage\":\"cs\",\"potentialAction\":[{\"@type\":\"ReadAction\",\"target\":[\"https:\/\/evertonfc.cz\/index.php\/2020\/11\/12\/madridista-o-jamesovi\/\"]}]},{\"@type\":\"ImageObject\",\"inLanguage\":\"cs\",\"@id\":\"https:\/\/evertonfc.cz\/index.php\/2020\/11\/12\/madridista-o-jamesovi\/#primaryimage\",\"url\":\"https:\/\/evertonfc.cz\/wp-content\/uploads\/2020\/11\/james-rodriguez-rozhovor-12-11-2020.jpg\",\"contentUrl\":\"https:\/\/evertonfc.cz\/wp-content\/uploads\/2020\/11\/james-rodriguez-rozhovor-12-11-2020.jpg\",\"width\":720,\"height\":405},{\"@type\":\"BreadcrumbList\",\"@id\":\"https:\/\/evertonfc.cz\/index.php\/2020\/11\/12\/madridista-o-jamesovi\/#breadcrumb\",\"itemListElement\":[{\"@type\":\"ListItem\",\"position\":1,\"name\":\"Home\",\"item\":\"https:\/\/evertonfc.cz\/\"},{\"@type\":\"ListItem\",\"position\":2,\"name\":\"Madridista o Jamesovi\"}]},{\"@type\":\"WebSite\",\"@id\":\"https:\/\/evertonfc.cz\/#website\",\"url\":\"https:\/\/evertonfc.cz\/\",\"name\":\"Official Czech &amp; Slovak Everton Supporters&#039; Club\",\"description\":\"\",\"publisher\":{\"@id\":\"https:\/\/evertonfc.cz\/#organization\"},\"potentialAction\":[{\"@type\":\"SearchAction\",\"target\":{\"@type\":\"EntryPoint\",\"urlTemplate\":\"https:\/\/evertonfc.cz\/?s={search_term_string}\"},\"query-input\":{\"@type\":\"PropertyValueSpecification\",\"valueRequired\":true,\"valueName\":\"search_term_string\"}}],\"inLanguage\":\"cs\"},{\"@type\":\"Organization\",\"@id\":\"https:\/\/evertonfc.cz\/#organization\",\"name\":\"Official Czech & Slovak Everton Supporters' Club\",\"url\":\"https:\/\/evertonfc.cz\/\",\"logo\":{\"@type\":\"ImageObject\",\"inLanguage\":\"cs\",\"@id\":\"https:\/\/evertonfc.cz\/#\/schema\/logo\/image\/\",\"url\":\"https:\/\/evertonfc.cz\/wp-content\/uploads\/2019\/05\/logo.png\",\"contentUrl\":\"https:\/\/evertonfc.cz\/wp-content\/uploads\/2019\/05\/logo.png\",\"width\":112,\"height\":112,\"caption\":\"Official Czech & Slovak Everton Supporters' Club\"},\"image\":{\"@id\":\"https:\/\/evertonfc.cz\/#\/schema\/logo\/image\/\"},\"sameAs\":[\"https:\/\/www.facebook.com\/everton.fans.cz.sk\"]},{\"@type\":\"Person\",\"@id\":\"https:\/\/evertonfc.cz\/#\/schema\/person\/d4493b8cbea51532597fbc4685698916\",\"name\":\"BlueBlooded\",\"url\":\"https:\/\/evertonfc.cz\/index.php\/author\/admin\/\"}]}<\/script>\n<!-- \/ Yoast SEO plugin. -->","yoast_head_json":{"title":"Madridista o Jamesovi - Official Czech &amp; Slovak Everton Supporters&#039; Club","robots":{"index":"index","follow":"follow","max-snippet":"max-snippet:-1","max-image-preview":"max-image-preview:large","max-video-preview":"max-video-preview:-1"},"canonical":"https:\/\/evertonfc.cz\/index.php\/2020\/11\/12\/madridista-o-jamesovi\/","og_locale":"cs_CZ","og_type":"article","og_title":"Madridista o Jamesovi - Official Czech &amp; Slovak Everton Supporters&#039; Club","og_description":"Kolumbijsk\u00e1 futbalov\u00e1 hviezda u\u017e naplno zarez\u00e1va v Premier League. O jeho p\u00f4soben\u00ed v Reale Madrid sme sa porozpr\u00e1vali s La Pe\u00f1a Madridista De Eslovaquia.","og_url":"https:\/\/evertonfc.cz\/index.php\/2020\/11\/12\/madridista-o-jamesovi\/","og_site_name":"Official Czech &amp; Slovak Everton Supporters&#039; Club","article_publisher":"https:\/\/www.facebook.com\/everton.fans.cz.sk","article_published_time":"2020-11-12T19:27:55+00:00","article_modified_time":"2020-11-20T19:17:58+00:00","og_image":[{"width":720,"height":405,"url":"https:\/\/evertonfc.cz\/wp-content\/uploads\/2020\/11\/james-rodriguez-rozhovor-12-11-2020.jpg","type":"image\/jpeg"}],"author":"BlueBlooded","twitter_card":"summary_large_image","twitter_misc":{"Napsal(a)":"BlueBlooded","Odhadovan\u00e1 doba \u010dten\u00ed":"8 minut"},"schema":{"@context":"https:\/\/schema.org","@graph":[{"@type":"Article","@id":"https:\/\/evertonfc.cz\/index.php\/2020\/11\/12\/madridista-o-jamesovi\/#article","isPartOf":{"@id":"https:\/\/evertonfc.cz\/index.php\/2020\/11\/12\/madridista-o-jamesovi\/"},"author":{"name":"BlueBlooded","@id":"https:\/\/evertonfc.cz\/#\/schema\/person\/d4493b8cbea51532597fbc4685698916"},"headline":"Madridista o Jamesovi","datePublished":"2020-11-12T19:27:55+00:00","dateModified":"2020-11-20T19:17:58+00:00","mainEntityOfPage":{"@id":"https:\/\/evertonfc.cz\/index.php\/2020\/11\/12\/madridista-o-jamesovi\/"},"wordCount":1578,"commentCount":0,"publisher":{"@id":"https:\/\/evertonfc.cz\/#organization"},"image":{"@id":"https:\/\/evertonfc.cz\/index.php\/2020\/11\/12\/madridista-o-jamesovi\/#primaryimage"},"thumbnailUrl":"https:\/\/evertonfc.cz\/wp-content\/uploads\/2020\/11\/james-rodriguez-rozhovor-12-11-2020.jpg","articleSection":["Rozhovory"],"inLanguage":"cs","potentialAction":[{"@type":"CommentAction","name":"Comment","target":["https:\/\/evertonfc.cz\/index.php\/2020\/11\/12\/madridista-o-jamesovi\/#respond"]}]},{"@type":"WebPage","@id":"https:\/\/evertonfc.cz\/index.php\/2020\/11\/12\/madridista-o-jamesovi\/","url":"https:\/\/evertonfc.cz\/index.php\/2020\/11\/12\/madridista-o-jamesovi\/","name":"Madridista o Jamesovi - Official Czech &amp; Slovak Everton Supporters&#039; Club","isPartOf":{"@id":"https:\/\/evertonfc.cz\/#website"},"primaryImageOfPage":{"@id":"https:\/\/evertonfc.cz\/index.php\/2020\/11\/12\/madridista-o-jamesovi\/#primaryimage"},"image":{"@id":"https:\/\/evertonfc.cz\/index.php\/2020\/11\/12\/madridista-o-jamesovi\/#primaryimage"},"thumbnailUrl":"https:\/\/evertonfc.cz\/wp-content\/uploads\/2020\/11\/james-rodriguez-rozhovor-12-11-2020.jpg","datePublished":"2020-11-12T19:27:55+00:00","dateModified":"2020-11-20T19:17:58+00:00","breadcrumb":{"@id":"https:\/\/evertonfc.cz\/index.php\/2020\/11\/12\/madridista-o-jamesovi\/#breadcrumb"},"inLanguage":"cs","potentialAction":[{"@type":"ReadAction","target":["https:\/\/evertonfc.cz\/index.php\/2020\/11\/12\/madridista-o-jamesovi\/"]}]},{"@type":"ImageObject","inLanguage":"cs","@id":"https:\/\/evertonfc.cz\/index.php\/2020\/11\/12\/madridista-o-jamesovi\/#primaryimage","url":"https:\/\/evertonfc.cz\/wp-content\/uploads\/2020\/11\/james-rodriguez-rozhovor-12-11-2020.jpg","contentUrl":"https:\/\/evertonfc.cz\/wp-content\/uploads\/2020\/11\/james-rodriguez-rozhovor-12-11-2020.jpg","width":720,"height":405},{"@type":"BreadcrumbList","@id":"https:\/\/evertonfc.cz\/index.php\/2020\/11\/12\/madridista-o-jamesovi\/#breadcrumb","itemListElement":[{"@type":"ListItem","position":1,"name":"Home","item":"https:\/\/evertonfc.cz\/"},{"@type":"ListItem","position":2,"name":"Madridista o Jamesovi"}]},{"@type":"WebSite","@id":"https:\/\/evertonfc.cz\/#website","url":"https:\/\/evertonfc.cz\/","name":"Official Czech &amp; Slovak Everton Supporters&#039; Club","description":"","publisher":{"@id":"https:\/\/evertonfc.cz\/#organization"},"potentialAction":[{"@type":"SearchAction","target":{"@type":"EntryPoint","urlTemplate":"https:\/\/evertonfc.cz\/?s={search_term_string}"},"query-input":{"@type":"PropertyValueSpecification","valueRequired":true,"valueName":"search_term_string"}}],"inLanguage":"cs"},{"@type":"Organization","@id":"https:\/\/evertonfc.cz\/#organization","name":"Official Czech & Slovak Everton Supporters' Club","url":"https:\/\/evertonfc.cz\/","logo":{"@type":"ImageObject","inLanguage":"cs","@id":"https:\/\/evertonfc.cz\/#\/schema\/logo\/image\/","url":"https:\/\/evertonfc.cz\/wp-content\/uploads\/2019\/05\/logo.png","contentUrl":"https:\/\/evertonfc.cz\/wp-content\/uploads\/2019\/05\/logo.png","width":112,"height":112,"caption":"Official Czech & Slovak Everton Supporters' Club"},"image":{"@id":"https:\/\/evertonfc.cz\/#\/schema\/logo\/image\/"},"sameAs":["https:\/\/www.facebook.com\/everton.fans.cz.sk"]},{"@type":"Person","@id":"https:\/\/evertonfc.cz\/#\/schema\/person\/d4493b8cbea51532597fbc4685698916","name":"BlueBlooded","url":"https:\/\/evertonfc.cz\/index.php\/author\/admin\/"}]}},"_links":{"self":[{"href":"https:\/\/evertonfc.cz\/index.php\/wp-json\/wp\/v2\/posts\/12904"}],"collection":[{"href":"https:\/\/evertonfc.cz\/index.php\/wp-json\/wp\/v2\/posts"}],"about":[{"href":"https:\/\/evertonfc.cz\/index.php\/wp-json\/wp\/v2\/types\/post"}],"author":[{"embeddable":true,"href":"https:\/\/evertonfc.cz\/index.php\/wp-json\/wp\/v2\/users\/1"}],"replies":[{"embeddable":true,"href":"https:\/\/evertonfc.cz\/index.php\/wp-json\/wp\/v2\/comments?post=12904"}],"version-history":[{"count":4,"href":"https:\/\/evertonfc.cz\/index.php\/wp-json\/wp\/v2\/posts\/12904\/revisions"}],"predecessor-version":[{"id":12987,"href":"https:\/\/evertonfc.cz\/index.php\/wp-json\/wp\/v2\/posts\/12904\/revisions\/12987"}],"wp:featuredmedia":[{"embeddable":true,"href":"https:\/\/evertonfc.cz\/index.php\/wp-json\/wp\/v2\/media\/12905"}],"wp:attachment":[{"href":"https:\/\/evertonfc.cz\/index.php\/wp-json\/wp\/v2\/media?parent=12904"}],"wp:term":[{"taxonomy":"category","embeddable":true,"href":"https:\/\/evertonfc.cz\/index.php\/wp-json\/wp\/v2\/categories?post=12904"},{"taxonomy":"post_tag","embeddable":true,"href":"https:\/\/evertonfc.cz\/index.php\/wp-json\/wp\/v2\/tags?post=12904"}],"curies":[{"name":"wp","href":"https:\/\/api.w.org\/{rel}","templated":true}]}}