{"id":12918,"date":"2020-11-14T22:19:34","date_gmt":"2020-11-14T21:19:34","guid":{"rendered":"https:\/\/evertonfc.cz\/?p=12918"},"modified":"2020-11-20T13:43:43","modified_gmt":"2020-11-20T12:43:43","slug":"everton-w-reading-w-11","status":"publish","type":"post","link":"https:\/\/evertonfc.cz\/index.php\/2020\/11\/14\/everton-w-reading-w-11\/","title":{"rendered":"Everton W &#8211; Reading W 1:1"},"content":{"rendered":"<h4>Walton Park dnes k dal\u0161\u00edmu ligov\u00e9mu z\u00e1pasu p\u0159iv\u00edtal n\u00e1v\u0161t\u011bvu Royals a s nimi i rem\u00edzu 1:1.<\/h4>\n<p>T\u011b\u017ek\u00e9 mraky, d\u00e9\u0161\u0165 a v\u00edtr nad severoz\u00e1padn\u00ed Angli\u00ed nazna\u010dily, \u017ee dne\u0161n\u00ed z\u00e1pas nebude proch\u00e1zka r\u016f\u017eov\u00fdm sadem.\u00a0 Evertonu na nejm\u00e9n\u011b dva m\u011bs\u00edce bude chyb\u011bt pro svalov\u00e9 zran\u011bn\u00ed Val\u00e8rie Gauvin. \u0158\u00e1dn\u011b vybavena proti chladu sledovala z\u00e1pas aspo\u0148 z tribuny. Pot\u011b\u0161iteln\u00e9 bylo vid\u011bt Rikke Sevecke zp\u011bt v sestav\u011b &#8211; zran\u011bn\u00ed hlavy ze z\u00e1pasu s Chelsea nebylo zjevn\u011b tak z\u00e1va\u017en\u00e9, jak se mohlo pozorovateli zd\u00e1t.<\/p>\n<h4>Prvn\u00ed polo\u010das<\/h4>\n<p>Za\u010d\u00e1tek byl slibn\u00fd. V prvn\u00ed minut\u011b se dostala ve v\u00e1pn\u011b k m\u00ed\u010di S\u00f8rensen, ale zbl\u00edzka p\u0159est\u0159elila br\u00e1nu. Fanou\u0161ek karamelek si mohl spokojen\u011b mnout ruce: v tomto z\u00e1pase bude Everton jist\u011b dominovat! Bohu\u017eel opak byl pravdou. Reading ve st\u0159edu h\u0159i\u0161t\u011b neposkytoval na\u0161im hr\u00e1\u010dk\u00e1m milimetr prostoru ke kombinaci. Pod tlakem jsme produkovali nep\u0159esn\u00e9 p\u0159ihr\u00e1vky, kter\u00e9 d\u00e1my v \u010derven\u00e9m vyu\u017e\u00edvaly k zakl\u00e1d\u00e1n\u00ed slibn\u00fdch akc\u00ed. Jejich \u0161ance v\u0161ak na\u0161t\u011bst\u00ed zne\u0161kod\u0148ovala MacIver a na\u0161e obrana. V \u00fatoku to S\u00f8rensen opakovan\u011b zkou\u0161ela se st\u0159elami z d\u00e1lky, bohu\u017eel v\u017edy nad. Do velk\u00e9 \u0161ance se probila Raso v 15. minut\u011b,\u00a0 ale ztroskotala na ob\u011btav\u00e9m z\u00e1sahu brank\u00e1\u0159ky Maloney, kter\u00e1 se j\u00ed na posledn\u00ed chv\u00edli vrhla pod nohy pro m\u00ed\u010d.\u00a0 Jinak hra prob\u00edhala pod taktovkou Readingu.\u00a0 Ov\u0161em v 38. minut\u011b po pom\u011brn\u011b non\u0161alantn\u00ed p\u0159ihr\u00e1vce Emslie zpracovala m\u00ed\u010d S\u00f8rensen a velmi p\u011bkn\u011b jej p\u0159edala <strong>Simone Magill<\/strong>, kter\u00e1 oblou\u010dkem hlavou otev\u0159ela sk\u00f3re &#8211; <strong>1:0<\/strong>. Radost Evertonu \u017eel nem\u011bla dlouh\u00e9ho trv\u00e1n\u00ed. Ve 42. minut\u011b Natasha Harding zprava zpoza hranice velk\u00e9ho v\u00e1pna vyslala na\u010dechran\u00fd oblou\u010dek, kter\u00fd Sandy MacIver pova\u017eovala za ne\u0161kodn\u00fd pokus o k\u0159i\u017enou p\u0159ihr\u00e1vku do nikam a n\u011bjak zvl\u00e1\u0161\u0165 se kv\u016fli n\u00ed neexponovala. Bohu\u017eel ve skute\u010dnosti \u0161lo o povedenou st\u0159elu do prav\u00e9ho horn\u00edho rohu na\u0161\u00ed branky, kde tak\u00e9 m\u00ed\u010d opravdu skon\u010dil &#8211; <strong>1:1<\/strong>.<\/p>\n<h4>Druh\u00fd polo\u010das<\/h4>\n<p>Druh\u00fd polo\u010das za\u010dal Everton nad\u011bjn\u011b: Raso velmi dobrou p\u0159ihr\u00e1vkou do v\u00e1pna m\u00e1lem p\u0159im\u011bla obranu Royals k vs\u00edt\u011bn\u00ed vlastn\u00edho g\u00f3lu, Maloney ale na posledn\u00ed chv\u00edli m\u00ed\u010d vyrazila. Evertonsk\u00e1 obrana se vysunula podstatn\u011b v\u00fd\u0161e ne\u017e v prvn\u00edm polo\u010dase a na\u0161\u00ed h\u0159e to na n\u011bjakou dobu pomohlo. Nicoline p\u0159edvedla n\u011bkolik p\u011bkn\u00fdch pas\u016f do ohn\u011b, kde v\u0161ak vesm\u011bs nebyly zu\u017eitkov\u00e1ny. Hlavi\u010dka Emslie po jedn\u00e9 z t\u011bchto p\u0159ihr\u00e1vek byla moc p\u011bkn\u00e1, ale bohu\u017eel t\u011bsn\u011b vyra\u017een\u00e1. Reading v 63. minut\u011b zahrozil z hezky zahran\u00e9ho p\u0159\u00edm\u00e9ho kopu, p\u0159i kter\u00e9m st\u00e1li p\u0159i Evertonu v\u0161ichni <span style=\"text-decoration: line-through;\">ze Southamptonu<\/span> svat\u00ed. M\u00ed\u010d jen t\u011bsn\u011b minul levou \u017eer\u010f na\u0161\u00ed branky. V 65. minut\u011b byl tackle Izzy Christiansen ocen\u011bn jednak \u017elutou kartou a jednak oh\u0148ostrojem nejasn\u00e9ho p\u016fvodu. Ten hru d\u00e1le doprov\u00e1zel po zbytek polo\u010dasu. V 69. minut\u011b MacIver p\u0159edvedla, \u017ee um\u00ed i hlavi\u010dkovat. Vyb\u011bhla si pro vysok\u00fd m\u00ed\u010d za hranice velk\u00e9ho v\u00e1pna a uv\u011bdomila si, \u017ee rukama na n\u011bj nesm\u00ed. Hlavou jej dost odv\u00e1\u017en\u011b poslala d\u00e1le ke sv\u00e9 pr\u00e1zdn\u00e9 br\u00e1n\u011b a je\u0161t\u011b v\u010das jej chytila do n\u00e1ru\u010de. Oba t\u00fdmy ukazovaly, \u017ee se s rem\u00edzou nespokoj\u00ed, ale sk\u00f3re z\u016fst\u00e1valo nezm\u011bn\u011bn\u00e9. V nastaven\u00e9m \u010dase mohla z\u00e1pas rozhodnout Megan Finnigan, ale jej\u00ed hlavi\u010dku se Maloney povedlo \u0161pi\u010dkami prst\u016f vyt\u011bsnit mimo branku. A to byla posledn\u00ed \u0161ance z\u00e1pasu.<\/p>\n<h4>Shrnut\u00ed<\/h4>\n<p>Pokud jsem po z\u00e1pase s Chelsea nebo se Citizens tvrdil, \u017ee vzdor pro n\u00e1s velmi nep\u0159\u00edzniv\u011b vypadaj\u00edc\u00edmu sk\u00f3re jsme odehr\u00e1li slu\u0161n\u00fd z\u00e1pas, dnes mus\u00edm napsat, \u017ee vzdor rem\u00edze jsme odehr\u00e1li z\u00e1pas mizern\u00fd.\u00a0 Pokud n\u00e1s soupe\u0159 p\u0159iprav\u00ed o mo\u017enost rozehr\u00e1vky vprost\u0159ed h\u0159i\u0161t\u011b, jsme jen obt\u00ed\u017en\u011b schopni vybudovat nebezpe\u010dnou akci. Co\u017e jsme mohli vid\u011bt u\u017e v leto\u0161n\u00edm z\u00e1pase se Seagulls. Nav\u00edc jsem\u00a0 m\u011bl pocit, \u017ee \u017e\u00e1dn\u00e1 z hr\u00e1\u010dek nen\u00ed dnes ve sv\u00e9 k\u016f\u017ei. Po ztr\u00e1t\u011b m\u00ed\u010de se jen m\u00e1lokter\u00e1 hned vracela pokusit se jej znovu z\u00edskat, co\u017e na\u0161e d\u00e1my za\u010d\u00e1tkem sez\u00f3ny zdobilo. Val\u00e9rie v \u00fatoky citeln\u011b chyb\u00ed, jej\u00ed zabij\u00e1ck\u00fd instinkt ve v\u00e1pn\u011b se n\u00e1m nahradit nepoda\u0159ilo. P\u0159\u00ed\u0161t\u00ed z\u00e1pas je 18.11. derby v Conti Cupu. Zde mus\u00edme usp\u011bt. Nejen z d\u016fvodu presti\u017ee nebo postupu. Ale hlavn\u011b k uji\u0161t\u011bn\u00ed se, \u017ee st\u00e1le dok\u00e1\u017eeme dov\u00e9st z\u00e1pas do v\u00edt\u011bzn\u00e9ho konce. Come on, you blue girls!<\/p>\n<p style=\"text-align: right;\"><span style=\"font-size: 8pt;\"><em>Fotografie: Ingrid Moe Wold nem\u00e1 komu p\u0159ihr\u00e1t (zdroj fotografie: The FA Player)<\/em><\/span><\/p>\n<p><strong>Branky: <\/strong>Magill (39\u00b4) &#8211; Harding (42\u00b4)<\/p>\n<p><strong>\u017dK: <\/strong>Christiansen (70\u00b4)<\/p>\n<p><strong>Everton (4-3-3):<\/strong> MacIver &#8211; Moe Wold, Turner, Finnigan, Sevecke &#8211; Christiansen, Graham, Raso &#8211;\u00a0 Magill (Boye-Hlorkah 82\u00b4), Emslie, S\u00f8rensen<\/p>\n<p><strong>Reading (4-5-1): <\/strong>Maloney &#8211; Leine, Mitchell (Woodham 45\u00b4), Bartrip, Rowe &#8211;\u00a0 Harding, Fishlock, James, Eikeland, Chaplen (Williams 62\u00b4) &#8211; Carter (Bruton 62\u00b4)<\/p>\n<p><strong>Rozhod\u010d\u00ed: <\/strong>Emily Heaslip<\/p>\n","protected":false},"excerpt":{"rendered":"<p>Walton Park dnes k dal\u0161\u00edmu ligov\u00e9mu z\u00e1pasu p\u0159iv\u00edtal n\u00e1v\u0161t\u011bvu Royals a s nimi i rem\u00edzu 1:1.\u00a0<\/p>\n","protected":false},"author":26,"featured_media":12917,"comment_status":"open","ping_status":"closed","sticky":false,"template":"","format":"standard","meta":{"_eb_attr":"","_monsterinsights_skip_tracking":false,"_monsterinsights_sitenote_active":false,"_monsterinsights_sitenote_note":"","_monsterinsights_sitenote_category":0,"footnotes":""},"categories":[110],"tags":[],"yoast_head":"<!-- This site is optimized with the Yoast SEO plugin v23.4 - https:\/\/yoast.com\/wordpress\/plugins\/seo\/ -->\n<title>Everton W - Reading W 1:1 - Official Czech &amp; Slovak Everton Supporters&#039; Club<\/title>\n<meta name=\"robots\" content=\"index, follow, max-snippet:-1, max-image-preview:large, max-video-preview:-1\" \/>\n<link rel=\"canonical\" href=\"https:\/\/evertonfc.cz\/index.php\/2020\/11\/14\/everton-w-reading-w-11\/\" \/>\n<meta property=\"og:locale\" content=\"cs_CZ\" \/>\n<meta property=\"og:type\" content=\"article\" \/>\n<meta property=\"og:title\" content=\"Everton W - Reading W 1:1 - Official Czech &amp; Slovak Everton Supporters&#039; Club\" \/>\n<meta property=\"og:description\" content=\"Walton Park dnes k dal\u0161\u00edmu ligov\u00e9mu z\u00e1pasu p\u0159iv\u00edtal n\u00e1v\u0161t\u011bvu Royals a s nimi i rem\u00edzu 1:1.\u00a0\" \/>\n<meta property=\"og:url\" content=\"https:\/\/evertonfc.cz\/index.php\/2020\/11\/14\/everton-w-reading-w-11\/\" \/>\n<meta property=\"og:site_name\" content=\"Official Czech &amp; Slovak Everton Supporters&#039; Club\" \/>\n<meta property=\"article:publisher\" content=\"https:\/\/www.facebook.com\/everton.fans.cz.sk\" \/>\n<meta property=\"article:published_time\" content=\"2020-11-14T21:19:34+00:00\" \/>\n<meta property=\"article:modified_time\" content=\"2020-11-20T12:43:43+00:00\" \/>\n<meta property=\"og:image\" content=\"https:\/\/evertonfc.cz\/wp-content\/uploads\/2020\/11\/Moe_Wold_web_14_11_20.jpg\" \/>\n\t<meta property=\"og:image:width\" content=\"720\" \/>\n\t<meta property=\"og:image:height\" content=\"405\" \/>\n\t<meta property=\"og:image:type\" content=\"image\/jpeg\" \/>\n<meta name=\"author\" content=\"Karamela\" \/>\n<meta name=\"twitter:card\" content=\"summary_large_image\" \/>\n<meta name=\"twitter:label1\" content=\"Napsal(a)\" \/>\n\t<meta name=\"twitter:data1\" content=\"Karamela\" \/>\n\t<meta name=\"twitter:label2\" content=\"Odhadovan\u00e1 doba \u010dten\u00ed\" \/>\n\t<meta name=\"twitter:data2\" content=\"5 minut\" \/>\n<script type=\"application\/ld+json\" class=\"yoast-schema-graph\">{\"@context\":\"https:\/\/schema.org\",\"@graph\":[{\"@type\":\"Article\",\"@id\":\"https:\/\/evertonfc.cz\/index.php\/2020\/11\/14\/everton-w-reading-w-11\/#article\",\"isPartOf\":{\"@id\":\"https:\/\/evertonfc.cz\/index.php\/2020\/11\/14\/everton-w-reading-w-11\/\"},\"author\":{\"name\":\"Karamela\",\"@id\":\"https:\/\/evertonfc.cz\/#\/schema\/person\/e9a24a80a32efa1344dd2c4e5882185c\"},\"headline\":\"Everton W &#8211; Reading W 1:1\",\"datePublished\":\"2020-11-14T21:19:34+00:00\",\"dateModified\":\"2020-11-20T12:43:43+00:00\",\"mainEntityOfPage\":{\"@id\":\"https:\/\/evertonfc.cz\/index.php\/2020\/11\/14\/everton-w-reading-w-11\/\"},\"wordCount\":927,\"commentCount\":3,\"publisher\":{\"@id\":\"https:\/\/evertonfc.cz\/#organization\"},\"image\":{\"@id\":\"https:\/\/evertonfc.cz\/index.php\/2020\/11\/14\/everton-w-reading-w-11\/#primaryimage\"},\"thumbnailUrl\":\"https:\/\/evertonfc.cz\/wp-content\/uploads\/2020\/11\/Moe_Wold_web_14_11_20.jpg\",\"articleSection\":[\"Everton Women\"],\"inLanguage\":\"cs\",\"potentialAction\":[{\"@type\":\"CommentAction\",\"name\":\"Comment\",\"target\":[\"https:\/\/evertonfc.cz\/index.php\/2020\/11\/14\/everton-w-reading-w-11\/#respond\"]}]},{\"@type\":\"WebPage\",\"@id\":\"https:\/\/evertonfc.cz\/index.php\/2020\/11\/14\/everton-w-reading-w-11\/\",\"url\":\"https:\/\/evertonfc.cz\/index.php\/2020\/11\/14\/everton-w-reading-w-11\/\",\"name\":\"Everton W - Reading W 1:1 - Official Czech &amp; Slovak Everton Supporters&#039; Club\",\"isPartOf\":{\"@id\":\"https:\/\/evertonfc.cz\/#website\"},\"primaryImageOfPage\":{\"@id\":\"https:\/\/evertonfc.cz\/index.php\/2020\/11\/14\/everton-w-reading-w-11\/#primaryimage\"},\"image\":{\"@id\":\"https:\/\/evertonfc.cz\/index.php\/2020\/11\/14\/everton-w-reading-w-11\/#primaryimage\"},\"thumbnailUrl\":\"https:\/\/evertonfc.cz\/wp-content\/uploads\/2020\/11\/Moe_Wold_web_14_11_20.jpg\",\"datePublished\":\"2020-11-14T21:19:34+00:00\",\"dateModified\":\"2020-11-20T12:43:43+00:00\",\"breadcrumb\":{\"@id\":\"https:\/\/evertonfc.cz\/index.php\/2020\/11\/14\/everton-w-reading-w-11\/#breadcrumb\"},\"inLanguage\":\"cs\",\"potentialAction\":[{\"@type\":\"ReadAction\",\"target\":[\"https:\/\/evertonfc.cz\/index.php\/2020\/11\/14\/everton-w-reading-w-11\/\"]}]},{\"@type\":\"ImageObject\",\"inLanguage\":\"cs\",\"@id\":\"https:\/\/evertonfc.cz\/index.php\/2020\/11\/14\/everton-w-reading-w-11\/#primaryimage\",\"url\":\"https:\/\/evertonfc.cz\/wp-content\/uploads\/2020\/11\/Moe_Wold_web_14_11_20.jpg\",\"contentUrl\":\"https:\/\/evertonfc.cz\/wp-content\/uploads\/2020\/11\/Moe_Wold_web_14_11_20.jpg\",\"width\":720,\"height\":405},{\"@type\":\"BreadcrumbList\",\"@id\":\"https:\/\/evertonfc.cz\/index.php\/2020\/11\/14\/everton-w-reading-w-11\/#breadcrumb\",\"itemListElement\":[{\"@type\":\"ListItem\",\"position\":1,\"name\":\"Home\",\"item\":\"https:\/\/evertonfc.cz\/\"},{\"@type\":\"ListItem\",\"position\":2,\"name\":\"Everton W &#8211; Reading W 1:1\"}]},{\"@type\":\"WebSite\",\"@id\":\"https:\/\/evertonfc.cz\/#website\",\"url\":\"https:\/\/evertonfc.cz\/\",\"name\":\"Official Czech &amp; Slovak Everton Supporters&#039; Club\",\"description\":\"\",\"publisher\":{\"@id\":\"https:\/\/evertonfc.cz\/#organization\"},\"potentialAction\":[{\"@type\":\"SearchAction\",\"target\":{\"@type\":\"EntryPoint\",\"urlTemplate\":\"https:\/\/evertonfc.cz\/?s={search_term_string}\"},\"query-input\":{\"@type\":\"PropertyValueSpecification\",\"valueRequired\":true,\"valueName\":\"search_term_string\"}}],\"inLanguage\":\"cs\"},{\"@type\":\"Organization\",\"@id\":\"https:\/\/evertonfc.cz\/#organization\",\"name\":\"Official Czech & Slovak Everton Supporters' Club\",\"url\":\"https:\/\/evertonfc.cz\/\",\"logo\":{\"@type\":\"ImageObject\",\"inLanguage\":\"cs\",\"@id\":\"https:\/\/evertonfc.cz\/#\/schema\/logo\/image\/\",\"url\":\"https:\/\/evertonfc.cz\/wp-content\/uploads\/2019\/05\/logo.png\",\"contentUrl\":\"https:\/\/evertonfc.cz\/wp-content\/uploads\/2019\/05\/logo.png\",\"width\":112,\"height\":112,\"caption\":\"Official Czech & Slovak Everton Supporters' Club\"},\"image\":{\"@id\":\"https:\/\/evertonfc.cz\/#\/schema\/logo\/image\/\"},\"sameAs\":[\"https:\/\/www.facebook.com\/everton.fans.cz.sk\"]},{\"@type\":\"Person\",\"@id\":\"https:\/\/evertonfc.cz\/#\/schema\/person\/e9a24a80a32efa1344dd2c4e5882185c\",\"name\":\"Karamela\",\"url\":\"https:\/\/evertonfc.cz\/index.php\/author\/karamela\/\"}]}<\/script>\n<!-- \/ Yoast SEO plugin. -->","yoast_head_json":{"title":"Everton W - Reading W 1:1 - Official Czech &amp; Slovak Everton Supporters&#039; Club","robots":{"index":"index","follow":"follow","max-snippet":"max-snippet:-1","max-image-preview":"max-image-preview:large","max-video-preview":"max-video-preview:-1"},"canonical":"https:\/\/evertonfc.cz\/index.php\/2020\/11\/14\/everton-w-reading-w-11\/","og_locale":"cs_CZ","og_type":"article","og_title":"Everton W - Reading W 1:1 - Official Czech &amp; Slovak Everton Supporters&#039; Club","og_description":"Walton Park dnes k dal\u0161\u00edmu ligov\u00e9mu z\u00e1pasu p\u0159iv\u00edtal n\u00e1v\u0161t\u011bvu Royals a s nimi i rem\u00edzu 1:1.\u00a0","og_url":"https:\/\/evertonfc.cz\/index.php\/2020\/11\/14\/everton-w-reading-w-11\/","og_site_name":"Official Czech &amp; Slovak Everton Supporters&#039; Club","article_publisher":"https:\/\/www.facebook.com\/everton.fans.cz.sk","article_published_time":"2020-11-14T21:19:34+00:00","article_modified_time":"2020-11-20T12:43:43+00:00","og_image":[{"width":720,"height":405,"url":"https:\/\/evertonfc.cz\/wp-content\/uploads\/2020\/11\/Moe_Wold_web_14_11_20.jpg","type":"image\/jpeg"}],"author":"Karamela","twitter_card":"summary_large_image","twitter_misc":{"Napsal(a)":"Karamela","Odhadovan\u00e1 doba \u010dten\u00ed":"5 minut"},"schema":{"@context":"https:\/\/schema.org","@graph":[{"@type":"Article","@id":"https:\/\/evertonfc.cz\/index.php\/2020\/11\/14\/everton-w-reading-w-11\/#article","isPartOf":{"@id":"https:\/\/evertonfc.cz\/index.php\/2020\/11\/14\/everton-w-reading-w-11\/"},"author":{"name":"Karamela","@id":"https:\/\/evertonfc.cz\/#\/schema\/person\/e9a24a80a32efa1344dd2c4e5882185c"},"headline":"Everton W &#8211; Reading W 1:1","datePublished":"2020-11-14T21:19:34+00:00","dateModified":"2020-11-20T12:43:43+00:00","mainEntityOfPage":{"@id":"https:\/\/evertonfc.cz\/index.php\/2020\/11\/14\/everton-w-reading-w-11\/"},"wordCount":927,"commentCount":3,"publisher":{"@id":"https:\/\/evertonfc.cz\/#organization"},"image":{"@id":"https:\/\/evertonfc.cz\/index.php\/2020\/11\/14\/everton-w-reading-w-11\/#primaryimage"},"thumbnailUrl":"https:\/\/evertonfc.cz\/wp-content\/uploads\/2020\/11\/Moe_Wold_web_14_11_20.jpg","articleSection":["Everton Women"],"inLanguage":"cs","potentialAction":[{"@type":"CommentAction","name":"Comment","target":["https:\/\/evertonfc.cz\/index.php\/2020\/11\/14\/everton-w-reading-w-11\/#respond"]}]},{"@type":"WebPage","@id":"https:\/\/evertonfc.cz\/index.php\/2020\/11\/14\/everton-w-reading-w-11\/","url":"https:\/\/evertonfc.cz\/index.php\/2020\/11\/14\/everton-w-reading-w-11\/","name":"Everton W - Reading W 1:1 - Official Czech &amp; Slovak Everton Supporters&#039; Club","isPartOf":{"@id":"https:\/\/evertonfc.cz\/#website"},"primaryImageOfPage":{"@id":"https:\/\/evertonfc.cz\/index.php\/2020\/11\/14\/everton-w-reading-w-11\/#primaryimage"},"image":{"@id":"https:\/\/evertonfc.cz\/index.php\/2020\/11\/14\/everton-w-reading-w-11\/#primaryimage"},"thumbnailUrl":"https:\/\/evertonfc.cz\/wp-content\/uploads\/2020\/11\/Moe_Wold_web_14_11_20.jpg","datePublished":"2020-11-14T21:19:34+00:00","dateModified":"2020-11-20T12:43:43+00:00","breadcrumb":{"@id":"https:\/\/evertonfc.cz\/index.php\/2020\/11\/14\/everton-w-reading-w-11\/#breadcrumb"},"inLanguage":"cs","potentialAction":[{"@type":"ReadAction","target":["https:\/\/evertonfc.cz\/index.php\/2020\/11\/14\/everton-w-reading-w-11\/"]}]},{"@type":"ImageObject","inLanguage":"cs","@id":"https:\/\/evertonfc.cz\/index.php\/2020\/11\/14\/everton-w-reading-w-11\/#primaryimage","url":"https:\/\/evertonfc.cz\/wp-content\/uploads\/2020\/11\/Moe_Wold_web_14_11_20.jpg","contentUrl":"https:\/\/evertonfc.cz\/wp-content\/uploads\/2020\/11\/Moe_Wold_web_14_11_20.jpg","width":720,"height":405},{"@type":"BreadcrumbList","@id":"https:\/\/evertonfc.cz\/index.php\/2020\/11\/14\/everton-w-reading-w-11\/#breadcrumb","itemListElement":[{"@type":"ListItem","position":1,"name":"Home","item":"https:\/\/evertonfc.cz\/"},{"@type":"ListItem","position":2,"name":"Everton W &#8211; Reading W 1:1"}]},{"@type":"WebSite","@id":"https:\/\/evertonfc.cz\/#website","url":"https:\/\/evertonfc.cz\/","name":"Official Czech &amp; Slovak Everton Supporters&#039; Club","description":"","publisher":{"@id":"https:\/\/evertonfc.cz\/#organization"},"potentialAction":[{"@type":"SearchAction","target":{"@type":"EntryPoint","urlTemplate":"https:\/\/evertonfc.cz\/?s={search_term_string}"},"query-input":{"@type":"PropertyValueSpecification","valueRequired":true,"valueName":"search_term_string"}}],"inLanguage":"cs"},{"@type":"Organization","@id":"https:\/\/evertonfc.cz\/#organization","name":"Official Czech & Slovak Everton Supporters' Club","url":"https:\/\/evertonfc.cz\/","logo":{"@type":"ImageObject","inLanguage":"cs","@id":"https:\/\/evertonfc.cz\/#\/schema\/logo\/image\/","url":"https:\/\/evertonfc.cz\/wp-content\/uploads\/2019\/05\/logo.png","contentUrl":"https:\/\/evertonfc.cz\/wp-content\/uploads\/2019\/05\/logo.png","width":112,"height":112,"caption":"Official Czech & Slovak Everton Supporters' Club"},"image":{"@id":"https:\/\/evertonfc.cz\/#\/schema\/logo\/image\/"},"sameAs":["https:\/\/www.facebook.com\/everton.fans.cz.sk"]},{"@type":"Person","@id":"https:\/\/evertonfc.cz\/#\/schema\/person\/e9a24a80a32efa1344dd2c4e5882185c","name":"Karamela","url":"https:\/\/evertonfc.cz\/index.php\/author\/karamela\/"}]}},"_links":{"self":[{"href":"https:\/\/evertonfc.cz\/index.php\/wp-json\/wp\/v2\/posts\/12918"}],"collection":[{"href":"https:\/\/evertonfc.cz\/index.php\/wp-json\/wp\/v2\/posts"}],"about":[{"href":"https:\/\/evertonfc.cz\/index.php\/wp-json\/wp\/v2\/types\/post"}],"author":[{"embeddable":true,"href":"https:\/\/evertonfc.cz\/index.php\/wp-json\/wp\/v2\/users\/26"}],"replies":[{"embeddable":true,"href":"https:\/\/evertonfc.cz\/index.php\/wp-json\/wp\/v2\/comments?post=12918"}],"version-history":[{"count":12,"href":"https:\/\/evertonfc.cz\/index.php\/wp-json\/wp\/v2\/posts\/12918\/revisions"}],"predecessor-version":[{"id":12930,"href":"https:\/\/evertonfc.cz\/index.php\/wp-json\/wp\/v2\/posts\/12918\/revisions\/12930"}],"wp:featuredmedia":[{"embeddable":true,"href":"https:\/\/evertonfc.cz\/index.php\/wp-json\/wp\/v2\/media\/12917"}],"wp:attachment":[{"href":"https:\/\/evertonfc.cz\/index.php\/wp-json\/wp\/v2\/media?parent=12918"}],"wp:term":[{"taxonomy":"category","embeddable":true,"href":"https:\/\/evertonfc.cz\/index.php\/wp-json\/wp\/v2\/categories?post=12918"},{"taxonomy":"post_tag","embeddable":true,"href":"https:\/\/evertonfc.cz\/index.php\/wp-json\/wp\/v2\/tags?post=12918"}],"curies":[{"name":"wp","href":"https:\/\/api.w.org\/{rel}","templated":true}]}}