{"id":12931,"date":"2020-11-16T11:53:09","date_gmt":"2020-11-16T10:53:09","guid":{"rendered":"https:\/\/evertonfc.cz\/?p=12931"},"modified":"2020-11-16T11:53:09","modified_gmt":"2020-11-16T10:53:09","slug":"druha-sanca-pre-tosuna","status":"publish","type":"post","link":"https:\/\/evertonfc.cz\/index.php\/2020\/11\/16\/druha-sanca-pre-tosuna\/","title":{"rendered":"Druh\u00e1 \u0161anca pre Tosuna?"},"content":{"rendered":"<h4>Tureck\u00fd \u00fato\u010dn\u00edk sa od prestupu na Merseyside doteraz v\u00fdrazne nepresadil. Ako podpis Allardycea pod Silvom nehr\u00e1val, no zd\u00e1 sa, \u017ee Ancelotti ho neodpisuje.<\/h4>\n<p>Tosun sa fan\u00fa\u0161ikom najnov\u0161ie pripomenul ako n\u00e1hradn\u00edk z lavi\u010dky tento mesiac v ligov\u00fdch stretnutiach proti Newcastle a Manchesteru United, \u010do bol\u00ed jeho prv\u00e9 s\u00fa\u0165a\u017en\u00e9 min\u00faty vo farb\u00e1ch Evertonu odo d\u0148a, kedy bol Ancelotti v decembri vymenovan\u00fd za mana\u017e\u00e9ra. 29-ro\u010dn\u00fd hrotov\u00fd \u00fato\u010dn\u00edk pri\u0161iel do klubu v janu\u00e1ri 2018, a za\u010diatkom tohto roka odi\u0161iel na hos\u0165ovanie do Crystal Palace.<\/p>\n<p>To bolo v\u0161ak pred\u010dasne ukon\u010den\u00e9, nako\u013eko si pri nepr\u00edjemnom dopade na tr\u00e9ningu privodil zranenie predn\u00e9ho skr\u00ed\u017een\u00e9ho v\u00e4zu. V marci podst\u00fapil oper\u00e1ciu kr\u00e1tko pred jarn\u00fdm pozastaven\u00edm ligy. Jeho zotavenie potom za\u010dalo denn\u00fdmi sedeniami prostredn\u00edctvom videohovoru s fyzioterapeutom prv\u00e9ho t\u00edmu Carlom Howartom a Dannym Donachiem, ved\u00facim lek\u00e1rskeho oddelenia Evertone. Dohliadali na ka\u017ed\u00fd krok Tosunovho rehabilita\u010dn\u00e9ho programu a Howarth sa k hr\u00e1\u010dovi pripojil na jeho dvojt\u00fd\u017ed\u0148ovej letnej rodinnej dovolenke v Turecku.<\/p>\n<p><em>\u201eChcem po\u010fakova\u0165 v\u0161etk\u00fdm v klube. P\u00e1n Moshiri, Marcel (Brands), Carl, Danny, v\u0161etci. Bol som st\u00e1le v Crystal Palace, ke\u010f som sa zranil, ale Everton sa o m\u0148a staral ako o \u010dlena rodiny. Ve\u013emi mi pomohli. Ke\u010f som i\u0161iel cez letn\u00fa prest\u00e1vku do Turecka, sp\u00fdtal som sa Marcela, \u010di by som mohol vzia\u0165 so sebou fyzioterapeuta. <\/em><em>Everton zaplatil za Carlove letenky a ubytovanie, a ka\u017ed\u00fd de\u0148 sme pracovali tri alebo \u0161tyri hodiny. <\/em><em>Nemuseli to robi\u0165.&#8220;<\/em><\/p>\n<p><em>\u201eBol to znak toho, ako ve\u013emi sa o m\u0148a klub star\u00e1. Danny a Carl mi ve\u013emi pomohli od za\u010diatku m\u00f4jho zotavovania. A cez reprezenta\u010dn\u00fa prest\u00e1vku mi volaj\u00fa ka\u017ed\u00fd de\u0148, aby zistili, ako sa c\u00edtim, ak\u00fd bol tr\u00e9ning, ak\u00e9 m\u00e1m koleno &#8211; stra\u0161ne mi pomohli. Teraz d\u00fafam, \u017ee ke\u010f budem \u00faplne fit, budem m\u00f4c\u0165 hra\u0165 dlh\u0161ie a viac pom\u00e1ha\u0165 t\u00edmu.&#8220;<\/em><\/p>\n<h4>Konkurencia je ve\u013ek\u00e1<\/h4>\n<p>Po\u010das kr\u00e1tkej p\u00f4\u017ei\u010dky v\u00a0Lond\u00fdne (stihol zasiahnu\u0165 len do piatich duelov) sk\u00f3roval Tosun raz &#8211; proti Manchesteru City. Po \u00faspe\u0161nej rekonvalescencii trv\u00e1 na tom, \u017ee je Evertonu nie\u010do dl\u017en\u00fd. Za\u010da\u0165 spl\u00e1ca\u0165 m\u00f4\u017ee u\u017e sobotnou n\u00e1v\u0161tevou Fulhamu. Ancelottiho zverencov toti\u017e \u010dak\u00e1 9 z\u00e1pasov za 42 dn\u00ed.<\/p>\n<p><em>\u201eKe\u010f za\u010dala sez\u00f3na, t\u00edm na m\u0148a s nov\u00fdmi hr\u00e1\u010dmi urobil ve\u013ek\u00fd dojem.&#8220; <\/em>uviedol Tosun.<em> \u201ePrv\u00fd z\u00e1pas proti Tottenhamu bol neuverite\u013en\u00fd. Bol som nad\u0161en\u00fd, \u017ee som sa dostal do t\u00edmu, a ka\u017ed\u00fd de\u0148 som pracoval viac a viac. Za\u010dali sme ve\u013emi dobre a hrali sme naozaj dobr\u00e9 z\u00e1pasy, ale potom sme mali mal\u00e9 zl\u00e9 obdobie.&#8220;<\/em><\/p>\n<p><em>\u201eZranenia a vyl\u00fa\u010denia pre Richarlisona a Lucasa Digneho, ktor\u00ed s\u00fa pre n\u00e1\u0161 t\u00edm obaja ve\u013emi d\u00f4le\u017eit\u00ed. D\u00fafajme, \u017ee po medzin\u00e1rodnej prest\u00e1vke bud\u00fa v\u0161etci k dispoz\u00edcii. Sme psychicky ve\u013emi siln\u00fd t\u00edm a m\u00f4\u017eeme meni\u0165 veci v n\u00e1\u0161 prospech. Z t\u00fdchto troch zl\u00fdch prehier porastieme a za\u010dneme znova vyhr\u00e1va\u0165.&#8220;<\/em><\/p>\n<h4>Nechcel od\u00eds\u0165 z Evertonu<\/h4>\n<p>Cenk \u010falej tvrd\u00ed, \u017ee nikdy nemal v \u00famysle prest\u00fapi\u0165 natrvalo do Crystal Palace, a\u00a0to aj napriek 20 mili\u00f3novej k\u00fapnej opcii v zmluve z minulej sez\u00f3ny s The Eagles. Everton bol pripraven\u00fd Tosuna preda\u0165.<\/p>\n<p>Pre klubov\u00fd web ale povedal, \u017ee i\u0161iel do Palace s n\u00e1dejou <em>\u201ez\u00edska\u0165 p\u00e1r min\u00fat, z\u00edska\u0165 istotu a vr\u00e1ti\u0165 sa do Evertonu silnej\u0161\u00ed pre t\u00fato sez\u00f3nu\u201c<\/em>. Toto potvrdzuje aj jeho otec vo vyjadren\u00ed pre tureck\u00e9 m\u00e9di\u00e1, v s\u00favislosti s prestupov\u00fdmi \u0161pekul\u00e1ciami, ktor\u00e9 ho sp\u00e1jaj\u00fa s b\u00fdval\u00fdm klubom \u2013 Be\u015fikta\u015fom Istanbul.<\/p>\n<p><em>\u201eV\u017edy vieme o z\u00e1ujme Be\u015fikta\u015fu. Vieme, \u017ee ak sa vr\u00e1time do Turecka, existuje mo\u017enos\u0165 hra\u0165 tam. \u010eakujeme prezidentovi za tento z\u00e1ujem. Moment\u00e1lne v\u0161ak Cenk o odchode neuva\u017euje. S tr\u00e9nerom Ancelottim m\u00e1 ve\u013emi dobr\u00e9 vz\u0165ahy. Kv\u00f4li nemu dokonca predal troch \u00fato\u010dn\u00edkov. Cenkovi ve\u013emi d\u00f4veruje, tak\u017ee tam Cenk ostane. Nemysl\u00edme si, \u017ee ho Ancelotti pred\u00e1. Ale ak Everton z\u00edska hviezdneho \u00fato\u010dn\u00edka, a Cenkove \u0161ance bud\u00fa ni\u017e\u0161ie, potom je mo\u017en\u00e9 o takom kroku uva\u017eova\u0165. Zatia\u013e sa v\u0161ak ni\u010d tak\u00e9 nedeje. Everton tie\u017e nem\u00e1 v \u00famysle vzda\u0165 sa ho.\u201c<\/em><\/p>\n<h4>Dostane viac, ne\u017e len p\u00e1r min\u00fat?<\/h4>\n<p>Ako sa vyvinie situ\u00e1cia do bud\u00facna, je \u0165a\u017eko predpoveda\u0165. Ale n\u00e1zor redakcie je ten, \u017ee ak by sa Turek nezranil, a\u00a0Orli z\u00a0Lond\u00fdna by mali z\u00e1ujem, prestup by sa uskuto\u010dnil. Len\u017ee kto by u\u017e k\u00fapil hr\u00e1\u010da \u010derstvo po pravdepodobne najhor\u0161om futbalovom zranen\u00ed? Klub si ale bol vedom\u00fd, \u017ee Tosun sa v\u00a0priebehu sez\u00f3ny vr\u00e1ti, a\u00a0asi aj preto odobrili odchod mlad\u00e9ho Kean do PSG. E\u0161te v\u00a0lete Cenk povedal:<\/p>\n<p><em>\u201eS Carlom Ancelottim m\u00e1m vlastne dobr\u00e9 vz\u0165ahy. Nechcel, aby som v\u00a0zime odi\u0161iel, ale vtedy som myslel na Euro 2020. Nehral som, ale v tr\u00e9ningu som v\u017edy d\u00e1val zo seba maximum. Ak budem ma\u0165 \u0161ancu, chcem pokra\u010dova\u0165 v Evertone, ale ak nebudem, budem h\u013eada\u0165 \u010fal\u0161ie pr\u00edle\u017eitosti. Ver\u00edm, \u017ee ak sa vr\u00e1tim vo forme, mohol by som ma\u0165 \u0161ancu hra\u0165 v Evertone na bud\u00facu sez\u00f3nu. Chcem hra\u0165 spolu s Calvert-Lewinom v rozostaven\u00ed 4-4-2.\u201c<\/em><\/p>\n<p>Moment\u00e1lne je reprezenta\u010dn\u00e1 prest\u00e1vka a Tosun za svoju vlas\u0165 nast\u00fapil v z\u00e1klade v \u00favodn\u00fdch dvoch z\u00e1pasoch proti Chorv\u00e1tsku a Rusku. Prip\u00edsal si dva g\u00f3ly z pokutov\u00fdch kopov a jednu asistenciu. Tak\u00e1 forma by bola v Evertone v\u00edtan\u00e1, ale pr\u00edle\u017eitos\u0165 pr\u00edde sporadicky. Aj kv\u00f4li u\u017e inej form\u00e1cii 4-3-3. Preto \u0148ou nesmie mrha\u0165. <em>&#8222;Bude to pre m\u0148a skuto\u010dne ve\u013ek\u00e1 pr\u00edle\u017eitos\u0165.&#8220;<\/em> povedal Tosun v rozhovore pre EFC z istanbulskej tr\u00e9ningovej z\u00e1kladne.<\/p>\n<p><em>\u201eDominic a Richarlison s\u00fa na tom naozaj dobre. Nie s\u00fa to v\u0161ak roboti, nem\u00f4\u017eu hra\u0165 ka\u017ed\u00fd z\u00e1pas. C\u00edtim sa ako nov\u00e1 posila pre Everton. V\u0161etky veci, ktor\u00e9 som doteraz urobil zle, u\u017e viac neurob\u00edm. Teraz som in\u00fd. Tr\u00e9nujem a pripravujem sa lep\u0161ie, aby som t\u00edmu viac pomohol. Mus\u00edm by\u0165 fit a ke\u010f dostanem pr\u00edle\u017eitos\u0165.\u201c<\/em><\/p>\n<p><em>\u201eMus\u00edm t\u00fa \u0161ancu vyu\u017ei\u0165, by\u0165 v\u00a0dian\u00ed, sk\u00f3rova\u0165 a pom\u00f4c\u0165 t\u00edmu. Takto sa pripravujem na \u010fal\u0161ie z\u00e1pasy. Medzin\u00e1rodn\u00e9 z\u00e1pasy mi pom\u00f4\u017eu. M\u00e1me teraz tri a budem ma\u0165 p\u00e1r min\u00fat na to, aby som sa fyzicky zlep\u0161il. Po siedmich alebo \u00f4smich mesiacoch, kedy nehr\u00e1te, fyzicky nie ste na tom tak dobre. Iba z tr\u00e9ningu iba z\u00a0tr\u00e9ningu sa to ned\u00e1 z\u00edska\u0165. Z\u00e1pasy s\u00fa \u00faplne odli\u0161n\u00e9. Krok za krokom budem lep\u0161\u00ed a silnej\u0161\u00ed.&#8220;<\/em><\/p>\n<p style=\"text-align: right;\"><span style=\"font-size: 8pt;\">(fotozdroj: fanatik.com.tr)<\/span><\/p>\n","protected":false},"excerpt":{"rendered":"<p>Tureck\u00fd \u00fato\u010dn\u00edk sa od prestupu na Merseyside doteraz v\u00fdrazne nepresadil. Ako podpis Allardycea pod Silvom nehr\u00e1val, no zd\u00e1 sa, \u017ee Ancelotti ho neodpisuje.<\/p>\n","protected":false},"author":1,"featured_media":12932,"comment_status":"open","ping_status":"closed","sticky":false,"template":"","format":"standard","meta":{"_eb_attr":"","_monsterinsights_skip_tracking":false,"_monsterinsights_sitenote_active":false,"_monsterinsights_sitenote_note":"","_monsterinsights_sitenote_category":0,"footnotes":""},"categories":[1],"tags":[],"yoast_head":"<!-- This site is optimized with the Yoast SEO plugin v23.4 - https:\/\/yoast.com\/wordpress\/plugins\/seo\/ -->\n<title>Druh\u00e1 \u0161anca pre Tosuna? - Official Czech &amp; Slovak Everton Supporters&#039; Club<\/title>\n<meta name=\"robots\" content=\"index, follow, max-snippet:-1, max-image-preview:large, max-video-preview:-1\" \/>\n<link rel=\"canonical\" href=\"https:\/\/evertonfc.cz\/index.php\/2020\/11\/16\/druha-sanca-pre-tosuna\/\" \/>\n<meta property=\"og:locale\" content=\"cs_CZ\" \/>\n<meta property=\"og:type\" content=\"article\" \/>\n<meta property=\"og:title\" content=\"Druh\u00e1 \u0161anca pre Tosuna? - Official Czech &amp; Slovak Everton Supporters&#039; Club\" \/>\n<meta property=\"og:description\" content=\"Tureck\u00fd \u00fato\u010dn\u00edk sa od prestupu na Merseyside doteraz v\u00fdrazne nepresadil. Ako podpis Allardycea pod Silvom nehr\u00e1val, no zd\u00e1 sa, \u017ee Ancelotti ho neodpisuje.\" \/>\n<meta property=\"og:url\" content=\"https:\/\/evertonfc.cz\/index.php\/2020\/11\/16\/druha-sanca-pre-tosuna\/\" \/>\n<meta property=\"og:site_name\" content=\"Official Czech &amp; Slovak Everton Supporters&#039; Club\" \/>\n<meta property=\"article:publisher\" content=\"https:\/\/www.facebook.com\/everton.fans.cz.sk\" \/>\n<meta property=\"article:published_time\" content=\"2020-11-16T10:53:09+00:00\" \/>\n<meta property=\"og:image\" content=\"https:\/\/evertonfc.cz\/wp-content\/uploads\/2020\/11\/Cenk-Tosun-fanatik.com_.tr-16-11-2020.jpeg\" \/>\n\t<meta property=\"og:image:width\" content=\"720\" \/>\n\t<meta property=\"og:image:height\" content=\"405\" \/>\n\t<meta property=\"og:image:type\" content=\"image\/jpeg\" \/>\n<meta name=\"author\" content=\"BlueBlooded\" \/>\n<meta name=\"twitter:card\" content=\"summary_large_image\" \/>\n<meta name=\"twitter:label1\" content=\"Napsal(a)\" \/>\n\t<meta name=\"twitter:data1\" content=\"BlueBlooded\" \/>\n\t<meta name=\"twitter:label2\" content=\"Odhadovan\u00e1 doba \u010dten\u00ed\" \/>\n\t<meta name=\"twitter:data2\" content=\"6 minut\" \/>\n<script type=\"application\/ld+json\" class=\"yoast-schema-graph\">{\"@context\":\"https:\/\/schema.org\",\"@graph\":[{\"@type\":\"Article\",\"@id\":\"https:\/\/evertonfc.cz\/index.php\/2020\/11\/16\/druha-sanca-pre-tosuna\/#article\",\"isPartOf\":{\"@id\":\"https:\/\/evertonfc.cz\/index.php\/2020\/11\/16\/druha-sanca-pre-tosuna\/\"},\"author\":{\"name\":\"BlueBlooded\",\"@id\":\"https:\/\/evertonfc.cz\/#\/schema\/person\/d4493b8cbea51532597fbc4685698916\"},\"headline\":\"Druh\u00e1 \u0161anca pre Tosuna?\",\"datePublished\":\"2020-11-16T10:53:09+00:00\",\"dateModified\":\"2020-11-16T10:53:09+00:00\",\"mainEntityOfPage\":{\"@id\":\"https:\/\/evertonfc.cz\/index.php\/2020\/11\/16\/druha-sanca-pre-tosuna\/\"},\"wordCount\":1215,\"commentCount\":3,\"publisher\":{\"@id\":\"https:\/\/evertonfc.cz\/#organization\"},\"image\":{\"@id\":\"https:\/\/evertonfc.cz\/index.php\/2020\/11\/16\/druha-sanca-pre-tosuna\/#primaryimage\"},\"thumbnailUrl\":\"https:\/\/evertonfc.cz\/wp-content\/uploads\/2020\/11\/Cenk-Tosun-fanatik.com_.tr-16-11-2020.jpeg\",\"articleSection\":[\"Rozhovory\"],\"inLanguage\":\"cs\",\"potentialAction\":[{\"@type\":\"CommentAction\",\"name\":\"Comment\",\"target\":[\"https:\/\/evertonfc.cz\/index.php\/2020\/11\/16\/druha-sanca-pre-tosuna\/#respond\"]}]},{\"@type\":\"WebPage\",\"@id\":\"https:\/\/evertonfc.cz\/index.php\/2020\/11\/16\/druha-sanca-pre-tosuna\/\",\"url\":\"https:\/\/evertonfc.cz\/index.php\/2020\/11\/16\/druha-sanca-pre-tosuna\/\",\"name\":\"Druh\u00e1 \u0161anca pre Tosuna? - Official Czech &amp; Slovak Everton Supporters&#039; Club\",\"isPartOf\":{\"@id\":\"https:\/\/evertonfc.cz\/#website\"},\"primaryImageOfPage\":{\"@id\":\"https:\/\/evertonfc.cz\/index.php\/2020\/11\/16\/druha-sanca-pre-tosuna\/#primaryimage\"},\"image\":{\"@id\":\"https:\/\/evertonfc.cz\/index.php\/2020\/11\/16\/druha-sanca-pre-tosuna\/#primaryimage\"},\"thumbnailUrl\":\"https:\/\/evertonfc.cz\/wp-content\/uploads\/2020\/11\/Cenk-Tosun-fanatik.com_.tr-16-11-2020.jpeg\",\"datePublished\":\"2020-11-16T10:53:09+00:00\",\"dateModified\":\"2020-11-16T10:53:09+00:00\",\"breadcrumb\":{\"@id\":\"https:\/\/evertonfc.cz\/index.php\/2020\/11\/16\/druha-sanca-pre-tosuna\/#breadcrumb\"},\"inLanguage\":\"cs\",\"potentialAction\":[{\"@type\":\"ReadAction\",\"target\":[\"https:\/\/evertonfc.cz\/index.php\/2020\/11\/16\/druha-sanca-pre-tosuna\/\"]}]},{\"@type\":\"ImageObject\",\"inLanguage\":\"cs\",\"@id\":\"https:\/\/evertonfc.cz\/index.php\/2020\/11\/16\/druha-sanca-pre-tosuna\/#primaryimage\",\"url\":\"https:\/\/evertonfc.cz\/wp-content\/uploads\/2020\/11\/Cenk-Tosun-fanatik.com_.tr-16-11-2020.jpeg\",\"contentUrl\":\"https:\/\/evertonfc.cz\/wp-content\/uploads\/2020\/11\/Cenk-Tosun-fanatik.com_.tr-16-11-2020.jpeg\",\"width\":720,\"height\":405},{\"@type\":\"BreadcrumbList\",\"@id\":\"https:\/\/evertonfc.cz\/index.php\/2020\/11\/16\/druha-sanca-pre-tosuna\/#breadcrumb\",\"itemListElement\":[{\"@type\":\"ListItem\",\"position\":1,\"name\":\"Home\",\"item\":\"https:\/\/evertonfc.cz\/\"},{\"@type\":\"ListItem\",\"position\":2,\"name\":\"Druh\u00e1 \u0161anca pre Tosuna?\"}]},{\"@type\":\"WebSite\",\"@id\":\"https:\/\/evertonfc.cz\/#website\",\"url\":\"https:\/\/evertonfc.cz\/\",\"name\":\"Official Czech &amp; Slovak Everton Supporters&#039; Club\",\"description\":\"\",\"publisher\":{\"@id\":\"https:\/\/evertonfc.cz\/#organization\"},\"potentialAction\":[{\"@type\":\"SearchAction\",\"target\":{\"@type\":\"EntryPoint\",\"urlTemplate\":\"https:\/\/evertonfc.cz\/?s={search_term_string}\"},\"query-input\":{\"@type\":\"PropertyValueSpecification\",\"valueRequired\":true,\"valueName\":\"search_term_string\"}}],\"inLanguage\":\"cs\"},{\"@type\":\"Organization\",\"@id\":\"https:\/\/evertonfc.cz\/#organization\",\"name\":\"Official Czech & Slovak Everton Supporters' Club\",\"url\":\"https:\/\/evertonfc.cz\/\",\"logo\":{\"@type\":\"ImageObject\",\"inLanguage\":\"cs\",\"@id\":\"https:\/\/evertonfc.cz\/#\/schema\/logo\/image\/\",\"url\":\"https:\/\/evertonfc.cz\/wp-content\/uploads\/2019\/05\/logo.png\",\"contentUrl\":\"https:\/\/evertonfc.cz\/wp-content\/uploads\/2019\/05\/logo.png\",\"width\":112,\"height\":112,\"caption\":\"Official Czech & Slovak Everton Supporters' Club\"},\"image\":{\"@id\":\"https:\/\/evertonfc.cz\/#\/schema\/logo\/image\/\"},\"sameAs\":[\"https:\/\/www.facebook.com\/everton.fans.cz.sk\"]},{\"@type\":\"Person\",\"@id\":\"https:\/\/evertonfc.cz\/#\/schema\/person\/d4493b8cbea51532597fbc4685698916\",\"name\":\"BlueBlooded\",\"url\":\"https:\/\/evertonfc.cz\/index.php\/author\/admin\/\"}]}<\/script>\n<!-- \/ Yoast SEO plugin. -->","yoast_head_json":{"title":"Druh\u00e1 \u0161anca pre Tosuna? - Official Czech &amp; Slovak Everton Supporters&#039; Club","robots":{"index":"index","follow":"follow","max-snippet":"max-snippet:-1","max-image-preview":"max-image-preview:large","max-video-preview":"max-video-preview:-1"},"canonical":"https:\/\/evertonfc.cz\/index.php\/2020\/11\/16\/druha-sanca-pre-tosuna\/","og_locale":"cs_CZ","og_type":"article","og_title":"Druh\u00e1 \u0161anca pre Tosuna? - Official Czech &amp; Slovak Everton Supporters&#039; Club","og_description":"Tureck\u00fd \u00fato\u010dn\u00edk sa od prestupu na Merseyside doteraz v\u00fdrazne nepresadil. Ako podpis Allardycea pod Silvom nehr\u00e1val, no zd\u00e1 sa, \u017ee Ancelotti ho neodpisuje.","og_url":"https:\/\/evertonfc.cz\/index.php\/2020\/11\/16\/druha-sanca-pre-tosuna\/","og_site_name":"Official Czech &amp; Slovak Everton Supporters&#039; Club","article_publisher":"https:\/\/www.facebook.com\/everton.fans.cz.sk","article_published_time":"2020-11-16T10:53:09+00:00","og_image":[{"width":720,"height":405,"url":"https:\/\/evertonfc.cz\/wp-content\/uploads\/2020\/11\/Cenk-Tosun-fanatik.com_.tr-16-11-2020.jpeg","type":"image\/jpeg"}],"author":"BlueBlooded","twitter_card":"summary_large_image","twitter_misc":{"Napsal(a)":"BlueBlooded","Odhadovan\u00e1 doba \u010dten\u00ed":"6 minut"},"schema":{"@context":"https:\/\/schema.org","@graph":[{"@type":"Article","@id":"https:\/\/evertonfc.cz\/index.php\/2020\/11\/16\/druha-sanca-pre-tosuna\/#article","isPartOf":{"@id":"https:\/\/evertonfc.cz\/index.php\/2020\/11\/16\/druha-sanca-pre-tosuna\/"},"author":{"name":"BlueBlooded","@id":"https:\/\/evertonfc.cz\/#\/schema\/person\/d4493b8cbea51532597fbc4685698916"},"headline":"Druh\u00e1 \u0161anca pre Tosuna?","datePublished":"2020-11-16T10:53:09+00:00","dateModified":"2020-11-16T10:53:09+00:00","mainEntityOfPage":{"@id":"https:\/\/evertonfc.cz\/index.php\/2020\/11\/16\/druha-sanca-pre-tosuna\/"},"wordCount":1215,"commentCount":3,"publisher":{"@id":"https:\/\/evertonfc.cz\/#organization"},"image":{"@id":"https:\/\/evertonfc.cz\/index.php\/2020\/11\/16\/druha-sanca-pre-tosuna\/#primaryimage"},"thumbnailUrl":"https:\/\/evertonfc.cz\/wp-content\/uploads\/2020\/11\/Cenk-Tosun-fanatik.com_.tr-16-11-2020.jpeg","articleSection":["Rozhovory"],"inLanguage":"cs","potentialAction":[{"@type":"CommentAction","name":"Comment","target":["https:\/\/evertonfc.cz\/index.php\/2020\/11\/16\/druha-sanca-pre-tosuna\/#respond"]}]},{"@type":"WebPage","@id":"https:\/\/evertonfc.cz\/index.php\/2020\/11\/16\/druha-sanca-pre-tosuna\/","url":"https:\/\/evertonfc.cz\/index.php\/2020\/11\/16\/druha-sanca-pre-tosuna\/","name":"Druh\u00e1 \u0161anca pre Tosuna? - Official Czech &amp; Slovak Everton Supporters&#039; Club","isPartOf":{"@id":"https:\/\/evertonfc.cz\/#website"},"primaryImageOfPage":{"@id":"https:\/\/evertonfc.cz\/index.php\/2020\/11\/16\/druha-sanca-pre-tosuna\/#primaryimage"},"image":{"@id":"https:\/\/evertonfc.cz\/index.php\/2020\/11\/16\/druha-sanca-pre-tosuna\/#primaryimage"},"thumbnailUrl":"https:\/\/evertonfc.cz\/wp-content\/uploads\/2020\/11\/Cenk-Tosun-fanatik.com_.tr-16-11-2020.jpeg","datePublished":"2020-11-16T10:53:09+00:00","dateModified":"2020-11-16T10:53:09+00:00","breadcrumb":{"@id":"https:\/\/evertonfc.cz\/index.php\/2020\/11\/16\/druha-sanca-pre-tosuna\/#breadcrumb"},"inLanguage":"cs","potentialAction":[{"@type":"ReadAction","target":["https:\/\/evertonfc.cz\/index.php\/2020\/11\/16\/druha-sanca-pre-tosuna\/"]}]},{"@type":"ImageObject","inLanguage":"cs","@id":"https:\/\/evertonfc.cz\/index.php\/2020\/11\/16\/druha-sanca-pre-tosuna\/#primaryimage","url":"https:\/\/evertonfc.cz\/wp-content\/uploads\/2020\/11\/Cenk-Tosun-fanatik.com_.tr-16-11-2020.jpeg","contentUrl":"https:\/\/evertonfc.cz\/wp-content\/uploads\/2020\/11\/Cenk-Tosun-fanatik.com_.tr-16-11-2020.jpeg","width":720,"height":405},{"@type":"BreadcrumbList","@id":"https:\/\/evertonfc.cz\/index.php\/2020\/11\/16\/druha-sanca-pre-tosuna\/#breadcrumb","itemListElement":[{"@type":"ListItem","position":1,"name":"Home","item":"https:\/\/evertonfc.cz\/"},{"@type":"ListItem","position":2,"name":"Druh\u00e1 \u0161anca pre Tosuna?"}]},{"@type":"WebSite","@id":"https:\/\/evertonfc.cz\/#website","url":"https:\/\/evertonfc.cz\/","name":"Official Czech &amp; Slovak Everton Supporters&#039; Club","description":"","publisher":{"@id":"https:\/\/evertonfc.cz\/#organization"},"potentialAction":[{"@type":"SearchAction","target":{"@type":"EntryPoint","urlTemplate":"https:\/\/evertonfc.cz\/?s={search_term_string}"},"query-input":{"@type":"PropertyValueSpecification","valueRequired":true,"valueName":"search_term_string"}}],"inLanguage":"cs"},{"@type":"Organization","@id":"https:\/\/evertonfc.cz\/#organization","name":"Official Czech & Slovak Everton Supporters' Club","url":"https:\/\/evertonfc.cz\/","logo":{"@type":"ImageObject","inLanguage":"cs","@id":"https:\/\/evertonfc.cz\/#\/schema\/logo\/image\/","url":"https:\/\/evertonfc.cz\/wp-content\/uploads\/2019\/05\/logo.png","contentUrl":"https:\/\/evertonfc.cz\/wp-content\/uploads\/2019\/05\/logo.png","width":112,"height":112,"caption":"Official Czech & Slovak Everton Supporters' Club"},"image":{"@id":"https:\/\/evertonfc.cz\/#\/schema\/logo\/image\/"},"sameAs":["https:\/\/www.facebook.com\/everton.fans.cz.sk"]},{"@type":"Person","@id":"https:\/\/evertonfc.cz\/#\/schema\/person\/d4493b8cbea51532597fbc4685698916","name":"BlueBlooded","url":"https:\/\/evertonfc.cz\/index.php\/author\/admin\/"}]}},"_links":{"self":[{"href":"https:\/\/evertonfc.cz\/index.php\/wp-json\/wp\/v2\/posts\/12931"}],"collection":[{"href":"https:\/\/evertonfc.cz\/index.php\/wp-json\/wp\/v2\/posts"}],"about":[{"href":"https:\/\/evertonfc.cz\/index.php\/wp-json\/wp\/v2\/types\/post"}],"author":[{"embeddable":true,"href":"https:\/\/evertonfc.cz\/index.php\/wp-json\/wp\/v2\/users\/1"}],"replies":[{"embeddable":true,"href":"https:\/\/evertonfc.cz\/index.php\/wp-json\/wp\/v2\/comments?post=12931"}],"version-history":[{"count":7,"href":"https:\/\/evertonfc.cz\/index.php\/wp-json\/wp\/v2\/posts\/12931\/revisions"}],"predecessor-version":[{"id":12939,"href":"https:\/\/evertonfc.cz\/index.php\/wp-json\/wp\/v2\/posts\/12931\/revisions\/12939"}],"wp:featuredmedia":[{"embeddable":true,"href":"https:\/\/evertonfc.cz\/index.php\/wp-json\/wp\/v2\/media\/12932"}],"wp:attachment":[{"href":"https:\/\/evertonfc.cz\/index.php\/wp-json\/wp\/v2\/media?parent=12931"}],"wp:term":[{"taxonomy":"category","embeddable":true,"href":"https:\/\/evertonfc.cz\/index.php\/wp-json\/wp\/v2\/categories?post=12931"},{"taxonomy":"post_tag","embeddable":true,"href":"https:\/\/evertonfc.cz\/index.php\/wp-json\/wp\/v2\/tags?post=12931"}],"curies":[{"name":"wp","href":"https:\/\/api.w.org\/{rel}","templated":true}]}}