{"id":12941,"date":"2020-11-20T20:55:21","date_gmt":"2020-11-20T19:55:21","guid":{"rendered":"https:\/\/evertonfc.cz\/?p=12941"},"modified":"2020-12-17T22:32:35","modified_gmt":"2020-12-17T21:32:35","slug":"fcbayern-sk-velmi-platna-posila","status":"publish","type":"post","link":"https:\/\/evertonfc.cz\/index.php\/2020\/11\/20\/fcbayern-sk-velmi-platna-posila\/","title":{"rendered":"FCBayern.sk: \u201eVe\u013emi platn\u00e1 posila\u201c"},"content":{"rendered":"<h4>James Rodr\u00edguez u\u017e ok\u00fasil tri najlep\u0161ie ligy v Eur\u00f3pe. O\u00a0jeho dvojro\u010dnom hos\u0165ovan\u00ed v\u00a0nemeckom Mn\u00edchove sme sa porozpr\u00e1vali s\u00a0Martinom, dlhoro\u010dn\u00fdm fan\u00fa\u0161ikom FC Bayern.<\/h4>\n<p><em>Die Roten. Najv\u00e4\u010d\u0161\u00ed futbalov\u00fd klub v\u00a0Spolkovej republike Nemecko. Takmer dvojn\u00e1sobn\u00fd po\u010det \u010dlenov ne\u017e u\u00a0konkurencie reflektuje \u00faspechy tohto giganta, ktor\u00e9ho kedysi raz zdolal aj n\u00e1\u0161 Everton. A\u00a0veru, bola to pam\u00e4tn\u00e1 chv\u00ed\u013ea. O\u00a0tom, o\u00a0Ancelottim, ale hlavne o\u00a0Jamesovi sme spovedali dlhoro\u010dn\u00e9ho fan\u00fa\u0161ika Martina, ktor\u00fd podobne neziskovo ako my, vedie str\u00e1nku <strong><a href=\"http:\/\/fcbayern.sk\" target=\"_blank\" rel=\"noopener noreferrer\">fcbayern.sk<\/a><\/strong>.<\/em><\/p>\n<h4><strong>Ahoj Martin! Ve\u013emi pekne ti \u010fakujem, \u017ee si bez v\u00e1hania prijal moju ponuku vyspoveda\u0165 \u0165a z\u00a0kolumbijsk\u00fdch d\u00f4vodov. Najprv v\u0161ak prezra\u010f, \u010do \u0165a priviedlo k obdivovaniu\u00a0Bayernu Mn\u00edchov? Od objavenia a\u017e po vlastn\u00fa str\u00e1nku, kde poskytuje\u0161 informa\u010dn\u00fd servis o\u00a0naj\u00faspe\u0161nej\u0161om klube v Nemecku.<\/strong><\/h4>\n<p>Ahoj Roman. Dovo\u013e mi, aby som sa \u00favodom fan\u00fa\u0161ikom Evertonu trochu predstavil. Vol\u00e1m sa Martin, priatelia a\u00a0kamar\u00e1ti ma volaj\u00fa Ma\u0165a\u0161. Narodil som sa a cel\u00fd svoj doteraj\u0161\u00ed \u017eivot som pre\u017eil v Ko\u0161iciach. K futbalov\u00e9mu fandeniu ma ako mal\u00e9ho chlapca priviedol m\u00f4j otec. Ten ako roden\u00fd Ko\u0161i\u010dan fandil odmali\u010dka \u017elto-modr\u00fdm farb\u00e1m VSS Ko\u0161ice a \u010dasto spom\u00ednal na \u00e9ru VSS na \u0161tadi\u00f3ne na Solovjevovej ulici.<\/p>\n<p>Ja som svoj prv\u00fd futbalov\u00fd z\u00e1pas v roli div\u00e1ka videl na dnes u\u017e neexistuj\u00facom \u0161tadi\u00f3ne vo V\u0161e\u0161portovom are\u00e1li. Nesk\u00f4r som patril k fanklubu VSS Ko\u0161ice. Mnoh\u00ed moji priatelia z\u00a0fanklubu ale fandili aj nejak\u00e9mu zahrani\u010dn\u00e9mu t\u00edmu a\u00a0ke\u010f\u017ee mne odjak\u017eiva imponovali nemeck\u00e9 vlastnosti ako nezlomn\u00e1 v\u00f4\u013ea, prec\u00edznos\u0165 a\u00a0zmysel pre detail, tak som za\u010dal fandi\u0165 nemeckej jednotke &#8211; mn\u00edchovsk\u00e9mu FC Bayern. P\u00edsal sa rok 1997. Postupom \u010dasu fandenie prer\u00e1stlo vo v\u00e1\u0161e\u0148 a v \u017eivotn\u00fd \u0161t\u00fdl.<\/p>\n<p>Sledujem podrobne v\u0161etky z\u00e1pasy a celkov\u00e9 dianie v klube. Z\u00e1le\u017e\u00ed mi na v\u00fdsledkoch, ako aj na smerovan\u00ed klubu. Neust\u00e1le som ale prem\u00fd\u0161\u013eal ako z \u00facty k hist\u00f3rii a trad\u00edcii FC Bayern Mn\u00edchov zanecha\u0165 nejak\u00fa stopu v\u00a0slovenskom digit\u00e1lnom svete. N\u00e1sledne vznikol v\u00a0mojej hlave n\u00e1pad na zalo\u017eenie slovenskej webstr\u00e1nky <em><a href=\"http:\/\/fcbayern.sk\" target=\"_blank\" rel=\"noopener noreferrer\">fcbayern.sk<\/a><\/em>, ktor\u00fd sa v\u00a0realitu premenil v\u00a0roku 2010.<\/p>\n<h4><strong>Bundesliga m\u00e1 svoje \u0161pecifick\u00e9 \u010daro, kult\u00faru a trad\u00edcie. A dianie v\u00a0nej dok\u00e1\u017ee fan\u00fa\u0161ika tot\u00e1lne pohlti\u0165. No Everton nemus\u00ed by\u0165 nezn\u00e1my ani tam. Predstav\u00ed\u0161 si pri \u0148om aj nie\u010do in\u00e9, ne\u017e rok 1985 a semifin\u00e1le Poh\u00e1ra v\u00ed\u0165azov poh\u00e1rov? V\u00a0na\u0161om modrom folkl\u00f3re je toto dvojkolov\u00e9 stretnutie doslova legend\u00e1rne.<\/strong><\/h4>\n<p>Pri vysloven\u00ed slova Everton mi ako prv\u00e9 napadne tradi\u010dn\u00fd anglick\u00fd t\u00edm z\u00a0mesta The Beatles, sl\u00e1vneho Liverpoolu. Na (pre v\u00e1s legend\u00e1rny) rok 1985 m\u00e1te z\u00a0pochopite\u013en\u00fdch d\u00f4vodov lep\u0161ie spomienky ako fan\u00fa\u0161ikovia FC Bayern. Prv\u00fd z\u00e1pas semifin\u00e1le PVP v\u00a0Mn\u00edchove sa skon\u010dil bezg\u00f3lovou rem\u00edzou a\u00a0po prvom pol\u010dase odvetn\u00e9ho z\u00e1pasu sme v Goodison Parku vyhr\u00e1vali g\u00f3lom Dietra Hoenessa.<\/p>\n<p>Druh\u00fd pol\u010das sme ale absol\u00fatne nezvl\u00e1dli a\u00a0po troch g\u00f3loch v\u00a0na\u0161ej sieti sme z\u00a0PVP vypadli. Rotterdamsk\u00e9 fin\u00e1le n\u00e1sledne va\u0161i chlapci op\u00e4\u0165 troma g\u00f3lmi ovl\u00e1dli, zdolali Rapid Viede\u0148 v\u00a0pomere 3:1 a\u00a0te\u0161ili sa z\u00a0historickej trofeje Poh\u00e1ra v\u00ed\u0165azov poh\u00e1rov pre Everton. Tento rok bol ale zauj\u00edmav\u00fd aj pre slovensk\u00fdch fan\u00fa\u0161ikov. V\u00a0druhom kole si Everton na ceste za triumfom zmeral sily s\u00a0Interom Bratislava, a zastavil sa t\u00fdm p\u00e1dom aj na legend\u00e1rnych bratislavsk\u00fdch Pasienkoch.<\/p>\n<h4><strong>Ak ma znalosti neklam\u00fa, James Rodr\u00edguez je len tret\u00edm hr\u00e1\u010dom, ktor\u00fd obliekol farby oboch klubov. Zvy\u0161n\u00ed dvaja s\u00fa Stefan Wessels a\u00a0Landon Donovan. Nikto v\u0161ak neprest\u00fapil priamo na linke Bavorsko \u2013 Merseyside. Je pod\u013ea teba niekto, kto by to mohol v\u00a0doh\u013eadnej dobe zmeni\u0165? O\u00a0Richarlisona je ve\u013ek\u00fd z\u00e1ujem v\u00a0\u0160panielsku a\u00a0ur\u010dite by sa nestratil ani v\u00a0Bundeslige napr\u00edklad. Alebo je v\u00a0Allianz Arene niekto, kto by mohol z\u00a0r\u00f4znych d\u00f4vodov putova\u0165 opa\u010dn\u00fdm smerom?<\/strong><\/h4>\n<p>Napriek v\u00ed\u0165azstv\u00e1m a\u00a0\u00faspechom FC Bayern v\u00a0poslednej dobe n\u00e1s, pod\u013ea m\u00f4jho n\u00e1zoru, st\u00e1le tla\u010d\u00ed top\u00e1nka v\u00a0obrane. Preto si v\u00a0na\u0161om drese dok\u00e1\u017eem predstavi\u0165 napr\u00edklad Lucasa Digneho. Ur\u010dite by som ale uv\u00edtal aj n\u00e1vrat Jamesa Rodr\u00edgueza, ktor\u00fd bol pod\u013ea m\u0148a v\u00a0Bayerne ve\u013emi platnou posilou.\u00a0Bol som sklaman\u00fd, ke\u010f po\u017eiadal vedenie klubu aby si neuplatnilo opciu na jeho k\u00fapu. Opa\u010dn\u00fdm smerom je to ale trochu zlo\u017eitej\u0161ie. Ve\u013emi ner\u00e1d by som pri\u0161iel o\u00a0platn\u00e9ho hr\u00e1\u010da, a\u00a0rovnako ner\u00e1d by som k\u00a0v\u00e1m posielal niekoho, kto by v\u00a0mu\u017estve narobil viac \u0161kody ako \u00fa\u017eitku.<\/p>\n<h4><strong>V\u00a0kr\u00e1\u013eovskej modrej za\u010dal James priam raketovo. Zo siedmych stretnut\u00ed vo v\u0161etk\u00fdch s\u00fa\u0165a\u017eiach vydoloval tri g\u00f3ly a\u00a0tri asistencie. Na Everton nev\u00eddan\u00e1 forma. Pozdvihol aj hr\u00e1\u010dov okolo seba, a\u00a0tvrd\u00fd pr\u00edstup ostrovnej hry mu v\u00f4bec nevad\u00ed. Prekvapuje \u0165a, s akou \u013eahkos\u0165ou sa aklimatizoval? Bolo tomu tak aj na nemeck\u00fdch tr\u00e1vnikoch?<\/strong><\/h4>\n<p>Neprekvapuje. Po\u010das svojej kari\u00e9ry vystriedal James nieko\u013eko mu\u017estiev a\u00a0kraj\u00edn (Porto, Monaco, Madrid, Mn\u00edchov) a\u00a0v\u0161ade dok\u00e1zal by\u0165 platn\u00fdm a\u00a0rozdielov\u00fdm hr\u00e1\u010dom. V\u00a0premi\u00e9rovej sez\u00f3ne 2017\/2018 v\u00a0Mn\u00edchove odohral 39 z\u00e1pasov a\u00a0strelil osem g\u00f3lov. Na svoj prv\u00fd g\u00f3l v\u00a0na\u0161om drese potreboval iba 41 z\u00e1pasov\u00fdch min\u00fat. V\u00a0prvom z\u00e1pase odohral ako striedaj\u00faci hr\u00e1\u010d iba dvan\u00e1s\u0165 min\u00fat. V\u00a0druhom z\u00e1pase, kde nast\u00fapil v\u00a0z\u00e1kladnej zostave, sa strelecky presadil u\u017e v\u00a029. min\u00fate.<\/p>\n<h4><strong>Kolumbij\u010dan aktu\u00e1lne hr\u00e1va na poz\u00edcii falo\u0161n\u00e9ho prav\u00e9ho kr\u00eddla vo form\u00e1cii 4-3-3, odkia\u013e si zbieha do stredu ihriska. Nech\u00e1vam t\u00fdm ale zna\u010dne odkryt\u00fa prav\u00fa obranu. Pod\u013ea tvojich sk\u00fasenost\u00ed z\u00a0Bayernu, kde je James najplatnej\u0161\u00ed pre t\u00edm najviac? Ako som zistil, po odchode Ancelottiho ho Heynckes dok\u00e1zal vyu\u017ei\u0165 aj ako deep-lying playmakera.<\/strong><\/h4>\n<p>Jupp Heynckes rozhodne vedel, \u010do rob\u00ed, a\u00a0tak si mysl\u00edm, \u017ee poz\u00edcia v strede po\u013ea je pre Jamesa spr\u00e1vna. Ke\u010f m\u00e1 tento hr\u00e1\u010d loptu, dokonale zvl\u00e1da dlh\u0161ie a\u00a0zlo\u017eitej\u0161ie prihr\u00e1vky a\u00a0dok\u00e1\u017ee perfektne ud\u00e1va\u0165 potrebn\u00e9 tempo hry. Br\u00e1nenie ale naozaj nepatr\u00ed medzi jeho siln\u00e9 str\u00e1nky, rovnako ako je tomu u\u00a0v\u00e4\u010d\u0161iny Juhoameri\u010danov.<\/p>\n<h4><strong>Po zhrnut\u00ed si jeho dvoch sez\u00f3n na hos\u0165ovan\u00ed v\u00a0\u010dervenom drese, splnil o\u010dak\u00e1vania vzh\u013eadom na signifikantn\u00fd poplatok (pod\u013ea m\u00e9di\u00ed 13 mili\u00f3nov \u20ac)? Alebo bolo nevyu\u017eitie k\u00fapnej opcie za 42 mili\u00f3nov dobr\u00fdm krokom pre obe strany? Hr\u00e1\u010d samotn\u00fd nesk\u00f4r potvrdil, \u017ee osobne po\u017eiadal klub, aby ho nechal vr\u00e1ti\u0165 sa do Madridu.<\/strong><\/h4>\n<p>O\u010dak\u00e1vania ur\u010dite splnil. 67 s\u00fa\u0165a\u017en\u00fdch z\u00e1pasov, 15 g\u00f3lov, 20 g\u00f3lov\u00fdch prihr\u00e1vok, 2 nemeck\u00e9 tituly, Nemeck\u00fd poh\u00e1r a Superpoh\u00e1r je za dve sez\u00f3ny pekn\u00e1 vizitka. \u010co sa t\u00fdka opcie, tak nako\u013eko samotn\u00fd hr\u00e1\u010d po\u017eiadal vedenie Bayernu aby si ju neuplat\u0148ovalo, je polemika oh\u013eadne spr\u00e1vnosti tohto rozhodnutia vlastne bezpredmetn\u00e1. Mysl\u00edm si ale, \u017ee drviv\u00e1 v\u00e4\u010d\u0161ina fan\u00fa\u0161ikov by si uplatnenie opcie priala.<\/p>\n<h4><strong>Neodpustil by som si, ak by som pre na\u0161ich \u010ditate\u013eov nepovyzvedal aj o Carlovi\u00a0Ancelottim. To je \u010fal\u0161ia postava, ktor\u00e1 n\u00e1s u\u017e nepriamo sp\u00e1ja. Zatia\u013e to vyzer\u00e1, \u017ee projekt, ktor\u00e9mu u\u00a0n\u00e1s vel\u00ed, mieri vysoko. Vie\u0161 n\u00e1m nie\u010do o \u0148om na\u010drtn\u00fa\u0165 z\u00a0jeho anga\u017em\u00e1nu v\u00a0Bavorsku, \u010doby n\u00e1stupcu po Guardiolovi?<\/strong><\/h4>\n<p>Asi cel\u00fd svet vie, ak\u00fd \u0161t\u00fdl hry v\u0161tepuje tr\u00e9ner Guardiola mu\u017estv\u00e1m, ktor\u00e9 vedie. Po jeho odchode dlh\u0161iu dobu volala odborn\u00e1 aj fan\u00fa\u0161ikovsk\u00e1 obec v\u00a0Nemecku. Ke\u010f sa tak stalo, jeho n\u00e1stupcom sa stal Carlo Ancelotti. Ten v\u00a0prvej sez\u00f3ne s\u00edce doviedol t\u00edm k\u00a0zisku double, v\u00a0Lige majstrov sme ale v\u00a0\u0161tvr\u0165fin\u00e1le nesta\u010dili na Real Madrid. Nasleduj\u00facu sez\u00f3nu sme s\u00edce neza\u010dali zle, ale v\u00a06.kole Bundesligy pri\u0161la dom\u00e1ca rem\u00edza s\u00a0Wolfsburgom 2:2, ke\u010f sme po prvom pol\u010dase vyhr\u00e1vali 2:0.<\/p>\n<p>Nasledovala hanebn\u00e1 prehra v Par\u00ed\u017ei s\u00a0PSG rozdielom triedy 3:0 a\u00a0vedeniu do\u0161la trpezlivos\u0165. No a ako je to u\u017e v\u00a0tak\u00fdchto pr\u00edpadoch zvykom, prv\u00fdm na mu\u0161ke je tr\u00e9ner. Carlo Ancelotti sa tak musel por\u00fa\u010da\u0165. Nezodpovedanou ot\u00e1zkou tak ost\u00e1va, ak\u00e9 \u00faspechy by dosiahol\/nedosiahol, ak by dostal dlh\u0161iu d\u00f4veru. On ale nikdy predt\u00fdm nehral ani nep\u00f4sobil v\u00a0Nemecku, a\u00a0preto si mysl\u00edm, \u017ee mu poriadne nesadla \u0161pecifick\u00e1 nemeck\u00e1 mentalita. Bayern z\u00edskal v\u00e4\u010d\u0161inu svojich trofej\u00ed pod veden\u00edm nemeck\u00e9ho tr\u00e9nera.<\/p>\n<p>Za m\u0148a je toto t\u00e1 spr\u00e1vna cesta. T\u00fdm ale v\u00a0\u017eiadnom pr\u00edpade nechcem zni\u017eova\u0165 kvality tr\u00e9nera Ancelottiho. Ve\u010f koniec koncov patr\u00ed medzi h\u0155stku osobnost\u00ed, ktor\u00e9 vyhrali Ligu majstrov ako hr\u00e1\u010d aj ako tr\u00e9ner. Len proste spojenie Ancelotti &#8211; Bayern nefungovalo k\u00a0obojstrannej spokojnosti. Ost\u00e1va len d\u00fafa\u0165, \u017ee bude lep\u0161ie fungova\u0165 spojenie Ancelotti &#8211; Everton.<\/p>\n<h4><strong>Tak, a\u00a0tu kon\u010d\u00edme. Ve\u013ek\u00e1 v\u010faka za tvoj \u010das a\u00a0dobr\u00fa v\u00f4\u013eu. Sn\u00e1\u010f to na\u0161i n\u00e1v\u0161tevn\u00edci\u00a0ocenia a ohodnotia koment\u00e1rmi. Do bud\u00facnosti ti prajem \u00faspechy s\u00a0tvojou str\u00e1nkou, \u010falej ve\u013ea \u00faspechov Bayernu, a\u00a0v\u00a0bl\u00edzkej dobe sn\u00e1\u010f spolo\u010dn\u00e9 z\u00e1pasy s\u00a0Evertonom v\u00a0Lige majstrov!<\/strong><\/h4>\n<p>Roman nie je za\u010d. Rovnako ja ti \u010fakujem za pr\u00edle\u017eitos\u0165 prezentova\u0165 svoje n\u00e1zory na va\u0161ej webstr\u00e1nke. Prajem fan\u00fa\u0161ikom Evertonu ve\u013ea \u0161\u0165astn\u00fdch a\u00a0radostn\u00fdch chv\u00ed\u013e pri sledovan\u00ed z\u00e1pasov v\u00e1\u0161ho milovan\u00e9ho klubu. Hr\u00e1\u010dom pevn\u00e9 zdravie a\u00a0ve\u013ea \u0161portov\u00fdch \u00faspechov aby v\u00e1s mohli te\u0161i\u0165 svoj\u00edm umen\u00edm.<\/p>\n<p>Dr\u017e\u00edm palce, aby sa \u010doskoro zlomila negat\u00edvna s\u00e9ria z\u00a0posledn\u00fdch z\u00e1pasov a\u00a0mu\u017estvo sa vr\u00e1tilo na v\u00ed\u0165azn\u00fa vlnu. Rovnako prajem, aby ste v\u00a0pr\u00e1ve prebiehaj\u00facej sez\u00f3ne skon\u010dili minim\u00e1lne do 4. miesta zaru\u010duj\u00faceho \u00fa\u010das\u0165 v\u00a0Lige majstrov. A\u00a0na z\u00e1ver n\u00e1m \u00faplne v\u0161etk\u00fdm prajem, aby sa \u010do najsk\u00f4r skon\u010dila t\u00e1to celosvetov\u00e1 pand\u00e9mia a aby sa vr\u00e1til \u017eivot do norm\u00e1lu a\u00a0fan\u00fa\u0161ikovia na futbalov\u00e9 \u0161tadi\u00f3ny.<\/p>\n<p>L\u00fa\u010dim sa s na\u0161im tradi\u010dn\u00fdm pozdravom Mia san Mia.<\/p>\n<p><em>Ma\u0165a\u0161<\/em><\/p>\n","protected":false},"excerpt":{"rendered":"<p>James Rodr\u00edguez u\u017e ok\u00fasil tri najlep\u0161ie ligy v Eur\u00f3pe. O jeho dvojro\u010dnom hos\u0165ovan\u00ed v nemeckom Mn\u00edchove sme sa porozpr\u00e1vali s Martinom, dlhoro\u010dn\u00fdm fan\u00fa\u0161ikom FC Bayern.<\/p>\n","protected":false},"author":1,"featured_media":12942,"comment_status":"open","ping_status":"closed","sticky":false,"template":"","format":"standard","meta":{"_eb_attr":"","_monsterinsights_skip_tracking":false,"_monsterinsights_sitenote_active":false,"_monsterinsights_sitenote_note":"","_monsterinsights_sitenote_category":0,"footnotes":""},"categories":[1],"tags":[],"yoast_head":"<!-- This site is optimized with the Yoast SEO plugin v23.4 - https:\/\/yoast.com\/wordpress\/plugins\/seo\/ -->\n<title>FCBayern.sk: \u201eVe\u013emi platn\u00e1 posila\u201c - Official Czech &amp; Slovak Everton Supporters&#039; Club<\/title>\n<meta name=\"robots\" content=\"index, follow, max-snippet:-1, max-image-preview:large, max-video-preview:-1\" \/>\n<link rel=\"canonical\" href=\"https:\/\/evertonfc.cz\/index.php\/2020\/11\/20\/fcbayern-sk-velmi-platna-posila\/\" \/>\n<meta property=\"og:locale\" content=\"cs_CZ\" \/>\n<meta property=\"og:type\" content=\"article\" \/>\n<meta property=\"og:title\" content=\"FCBayern.sk: \u201eVe\u013emi platn\u00e1 posila\u201c - Official Czech &amp; Slovak Everton Supporters&#039; Club\" \/>\n<meta property=\"og:description\" content=\"James Rodr\u00edguez u\u017e ok\u00fasil tri najlep\u0161ie ligy v Eur\u00f3pe. O jeho dvojro\u010dnom hos\u0165ovan\u00ed v nemeckom Mn\u00edchove sme sa porozpr\u00e1vali s Martinom, dlhoro\u010dn\u00fdm fan\u00fa\u0161ikom FC Bayern.\" \/>\n<meta property=\"og:url\" content=\"https:\/\/evertonfc.cz\/index.php\/2020\/11\/20\/fcbayern-sk-velmi-platna-posila\/\" \/>\n<meta property=\"og:site_name\" content=\"Official Czech &amp; Slovak Everton Supporters&#039; Club\" \/>\n<meta property=\"article:publisher\" content=\"https:\/\/www.facebook.com\/everton.fans.cz.sk\" \/>\n<meta property=\"article:published_time\" content=\"2020-11-20T19:55:21+00:00\" \/>\n<meta property=\"article:modified_time\" content=\"2020-12-17T21:32:35+00:00\" \/>\n<meta property=\"og:image\" content=\"https:\/\/evertonfc.cz\/wp-content\/uploads\/2020\/11\/James-Rodriguez-Bundesliga.com-20-11-2020.jpg\" \/>\n\t<meta property=\"og:image:width\" content=\"720\" \/>\n\t<meta property=\"og:image:height\" content=\"405\" \/>\n\t<meta property=\"og:image:type\" content=\"image\/jpeg\" \/>\n<meta name=\"author\" content=\"BlueBlooded\" \/>\n<meta name=\"twitter:card\" content=\"summary_large_image\" \/>\n<meta name=\"twitter:label1\" content=\"Napsal(a)\" \/>\n\t<meta name=\"twitter:data1\" content=\"BlueBlooded\" \/>\n\t<meta name=\"twitter:label2\" content=\"Odhadovan\u00e1 doba \u010dten\u00ed\" \/>\n\t<meta name=\"twitter:data2\" content=\"9 minut\" \/>\n<script type=\"application\/ld+json\" class=\"yoast-schema-graph\">{\"@context\":\"https:\/\/schema.org\",\"@graph\":[{\"@type\":\"Article\",\"@id\":\"https:\/\/evertonfc.cz\/index.php\/2020\/11\/20\/fcbayern-sk-velmi-platna-posila\/#article\",\"isPartOf\":{\"@id\":\"https:\/\/evertonfc.cz\/index.php\/2020\/11\/20\/fcbayern-sk-velmi-platna-posila\/\"},\"author\":{\"name\":\"BlueBlooded\",\"@id\":\"https:\/\/evertonfc.cz\/#\/schema\/person\/d4493b8cbea51532597fbc4685698916\"},\"headline\":\"FCBayern.sk: \u201eVe\u013emi platn\u00e1 posila\u201c\",\"datePublished\":\"2020-11-20T19:55:21+00:00\",\"dateModified\":\"2020-12-17T21:32:35+00:00\",\"mainEntityOfPage\":{\"@id\":\"https:\/\/evertonfc.cz\/index.php\/2020\/11\/20\/fcbayern-sk-velmi-platna-posila\/\"},\"wordCount\":1847,\"commentCount\":2,\"publisher\":{\"@id\":\"https:\/\/evertonfc.cz\/#organization\"},\"image\":{\"@id\":\"https:\/\/evertonfc.cz\/index.php\/2020\/11\/20\/fcbayern-sk-velmi-platna-posila\/#primaryimage\"},\"thumbnailUrl\":\"https:\/\/evertonfc.cz\/wp-content\/uploads\/2020\/11\/James-Rodriguez-Bundesliga.com-20-11-2020.jpg\",\"articleSection\":[\"Rozhovory\"],\"inLanguage\":\"cs\",\"potentialAction\":[{\"@type\":\"CommentAction\",\"name\":\"Comment\",\"target\":[\"https:\/\/evertonfc.cz\/index.php\/2020\/11\/20\/fcbayern-sk-velmi-platna-posila\/#respond\"]}]},{\"@type\":\"WebPage\",\"@id\":\"https:\/\/evertonfc.cz\/index.php\/2020\/11\/20\/fcbayern-sk-velmi-platna-posila\/\",\"url\":\"https:\/\/evertonfc.cz\/index.php\/2020\/11\/20\/fcbayern-sk-velmi-platna-posila\/\",\"name\":\"FCBayern.sk: \u201eVe\u013emi platn\u00e1 posila\u201c - Official Czech &amp; Slovak Everton Supporters&#039; Club\",\"isPartOf\":{\"@id\":\"https:\/\/evertonfc.cz\/#website\"},\"primaryImageOfPage\":{\"@id\":\"https:\/\/evertonfc.cz\/index.php\/2020\/11\/20\/fcbayern-sk-velmi-platna-posila\/#primaryimage\"},\"image\":{\"@id\":\"https:\/\/evertonfc.cz\/index.php\/2020\/11\/20\/fcbayern-sk-velmi-platna-posila\/#primaryimage\"},\"thumbnailUrl\":\"https:\/\/evertonfc.cz\/wp-content\/uploads\/2020\/11\/James-Rodriguez-Bundesliga.com-20-11-2020.jpg\",\"datePublished\":\"2020-11-20T19:55:21+00:00\",\"dateModified\":\"2020-12-17T21:32:35+00:00\",\"breadcrumb\":{\"@id\":\"https:\/\/evertonfc.cz\/index.php\/2020\/11\/20\/fcbayern-sk-velmi-platna-posila\/#breadcrumb\"},\"inLanguage\":\"cs\",\"potentialAction\":[{\"@type\":\"ReadAction\",\"target\":[\"https:\/\/evertonfc.cz\/index.php\/2020\/11\/20\/fcbayern-sk-velmi-platna-posila\/\"]}]},{\"@type\":\"ImageObject\",\"inLanguage\":\"cs\",\"@id\":\"https:\/\/evertonfc.cz\/index.php\/2020\/11\/20\/fcbayern-sk-velmi-platna-posila\/#primaryimage\",\"url\":\"https:\/\/evertonfc.cz\/wp-content\/uploads\/2020\/11\/James-Rodriguez-Bundesliga.com-20-11-2020.jpg\",\"contentUrl\":\"https:\/\/evertonfc.cz\/wp-content\/uploads\/2020\/11\/James-Rodriguez-Bundesliga.com-20-11-2020.jpg\",\"width\":720,\"height\":405},{\"@type\":\"BreadcrumbList\",\"@id\":\"https:\/\/evertonfc.cz\/index.php\/2020\/11\/20\/fcbayern-sk-velmi-platna-posila\/#breadcrumb\",\"itemListElement\":[{\"@type\":\"ListItem\",\"position\":1,\"name\":\"Home\",\"item\":\"https:\/\/evertonfc.cz\/\"},{\"@type\":\"ListItem\",\"position\":2,\"name\":\"FCBayern.sk: \u201eVe\u013emi platn\u00e1 posila\u201c\"}]},{\"@type\":\"WebSite\",\"@id\":\"https:\/\/evertonfc.cz\/#website\",\"url\":\"https:\/\/evertonfc.cz\/\",\"name\":\"Official Czech &amp; Slovak Everton Supporters&#039; Club\",\"description\":\"\",\"publisher\":{\"@id\":\"https:\/\/evertonfc.cz\/#organization\"},\"potentialAction\":[{\"@type\":\"SearchAction\",\"target\":{\"@type\":\"EntryPoint\",\"urlTemplate\":\"https:\/\/evertonfc.cz\/?s={search_term_string}\"},\"query-input\":{\"@type\":\"PropertyValueSpecification\",\"valueRequired\":true,\"valueName\":\"search_term_string\"}}],\"inLanguage\":\"cs\"},{\"@type\":\"Organization\",\"@id\":\"https:\/\/evertonfc.cz\/#organization\",\"name\":\"Official Czech & Slovak Everton Supporters' Club\",\"url\":\"https:\/\/evertonfc.cz\/\",\"logo\":{\"@type\":\"ImageObject\",\"inLanguage\":\"cs\",\"@id\":\"https:\/\/evertonfc.cz\/#\/schema\/logo\/image\/\",\"url\":\"https:\/\/evertonfc.cz\/wp-content\/uploads\/2019\/05\/logo.png\",\"contentUrl\":\"https:\/\/evertonfc.cz\/wp-content\/uploads\/2019\/05\/logo.png\",\"width\":112,\"height\":112,\"caption\":\"Official Czech & Slovak Everton Supporters' Club\"},\"image\":{\"@id\":\"https:\/\/evertonfc.cz\/#\/schema\/logo\/image\/\"},\"sameAs\":[\"https:\/\/www.facebook.com\/everton.fans.cz.sk\"]},{\"@type\":\"Person\",\"@id\":\"https:\/\/evertonfc.cz\/#\/schema\/person\/d4493b8cbea51532597fbc4685698916\",\"name\":\"BlueBlooded\",\"url\":\"https:\/\/evertonfc.cz\/index.php\/author\/admin\/\"}]}<\/script>\n<!-- \/ Yoast SEO plugin. -->","yoast_head_json":{"title":"FCBayern.sk: \u201eVe\u013emi platn\u00e1 posila\u201c - Official Czech &amp; Slovak Everton Supporters&#039; Club","robots":{"index":"index","follow":"follow","max-snippet":"max-snippet:-1","max-image-preview":"max-image-preview:large","max-video-preview":"max-video-preview:-1"},"canonical":"https:\/\/evertonfc.cz\/index.php\/2020\/11\/20\/fcbayern-sk-velmi-platna-posila\/","og_locale":"cs_CZ","og_type":"article","og_title":"FCBayern.sk: \u201eVe\u013emi platn\u00e1 posila\u201c - Official Czech &amp; Slovak Everton Supporters&#039; Club","og_description":"James Rodr\u00edguez u\u017e ok\u00fasil tri najlep\u0161ie ligy v Eur\u00f3pe. O jeho dvojro\u010dnom hos\u0165ovan\u00ed v nemeckom Mn\u00edchove sme sa porozpr\u00e1vali s Martinom, dlhoro\u010dn\u00fdm fan\u00fa\u0161ikom FC Bayern.","og_url":"https:\/\/evertonfc.cz\/index.php\/2020\/11\/20\/fcbayern-sk-velmi-platna-posila\/","og_site_name":"Official Czech &amp; Slovak Everton Supporters&#039; Club","article_publisher":"https:\/\/www.facebook.com\/everton.fans.cz.sk","article_published_time":"2020-11-20T19:55:21+00:00","article_modified_time":"2020-12-17T21:32:35+00:00","og_image":[{"width":720,"height":405,"url":"https:\/\/evertonfc.cz\/wp-content\/uploads\/2020\/11\/James-Rodriguez-Bundesliga.com-20-11-2020.jpg","type":"image\/jpeg"}],"author":"BlueBlooded","twitter_card":"summary_large_image","twitter_misc":{"Napsal(a)":"BlueBlooded","Odhadovan\u00e1 doba \u010dten\u00ed":"9 minut"},"schema":{"@context":"https:\/\/schema.org","@graph":[{"@type":"Article","@id":"https:\/\/evertonfc.cz\/index.php\/2020\/11\/20\/fcbayern-sk-velmi-platna-posila\/#article","isPartOf":{"@id":"https:\/\/evertonfc.cz\/index.php\/2020\/11\/20\/fcbayern-sk-velmi-platna-posila\/"},"author":{"name":"BlueBlooded","@id":"https:\/\/evertonfc.cz\/#\/schema\/person\/d4493b8cbea51532597fbc4685698916"},"headline":"FCBayern.sk: \u201eVe\u013emi platn\u00e1 posila\u201c","datePublished":"2020-11-20T19:55:21+00:00","dateModified":"2020-12-17T21:32:35+00:00","mainEntityOfPage":{"@id":"https:\/\/evertonfc.cz\/index.php\/2020\/11\/20\/fcbayern-sk-velmi-platna-posila\/"},"wordCount":1847,"commentCount":2,"publisher":{"@id":"https:\/\/evertonfc.cz\/#organization"},"image":{"@id":"https:\/\/evertonfc.cz\/index.php\/2020\/11\/20\/fcbayern-sk-velmi-platna-posila\/#primaryimage"},"thumbnailUrl":"https:\/\/evertonfc.cz\/wp-content\/uploads\/2020\/11\/James-Rodriguez-Bundesliga.com-20-11-2020.jpg","articleSection":["Rozhovory"],"inLanguage":"cs","potentialAction":[{"@type":"CommentAction","name":"Comment","target":["https:\/\/evertonfc.cz\/index.php\/2020\/11\/20\/fcbayern-sk-velmi-platna-posila\/#respond"]}]},{"@type":"WebPage","@id":"https:\/\/evertonfc.cz\/index.php\/2020\/11\/20\/fcbayern-sk-velmi-platna-posila\/","url":"https:\/\/evertonfc.cz\/index.php\/2020\/11\/20\/fcbayern-sk-velmi-platna-posila\/","name":"FCBayern.sk: \u201eVe\u013emi platn\u00e1 posila\u201c - Official Czech &amp; Slovak Everton Supporters&#039; Club","isPartOf":{"@id":"https:\/\/evertonfc.cz\/#website"},"primaryImageOfPage":{"@id":"https:\/\/evertonfc.cz\/index.php\/2020\/11\/20\/fcbayern-sk-velmi-platna-posila\/#primaryimage"},"image":{"@id":"https:\/\/evertonfc.cz\/index.php\/2020\/11\/20\/fcbayern-sk-velmi-platna-posila\/#primaryimage"},"thumbnailUrl":"https:\/\/evertonfc.cz\/wp-content\/uploads\/2020\/11\/James-Rodriguez-Bundesliga.com-20-11-2020.jpg","datePublished":"2020-11-20T19:55:21+00:00","dateModified":"2020-12-17T21:32:35+00:00","breadcrumb":{"@id":"https:\/\/evertonfc.cz\/index.php\/2020\/11\/20\/fcbayern-sk-velmi-platna-posila\/#breadcrumb"},"inLanguage":"cs","potentialAction":[{"@type":"ReadAction","target":["https:\/\/evertonfc.cz\/index.php\/2020\/11\/20\/fcbayern-sk-velmi-platna-posila\/"]}]},{"@type":"ImageObject","inLanguage":"cs","@id":"https:\/\/evertonfc.cz\/index.php\/2020\/11\/20\/fcbayern-sk-velmi-platna-posila\/#primaryimage","url":"https:\/\/evertonfc.cz\/wp-content\/uploads\/2020\/11\/James-Rodriguez-Bundesliga.com-20-11-2020.jpg","contentUrl":"https:\/\/evertonfc.cz\/wp-content\/uploads\/2020\/11\/James-Rodriguez-Bundesliga.com-20-11-2020.jpg","width":720,"height":405},{"@type":"BreadcrumbList","@id":"https:\/\/evertonfc.cz\/index.php\/2020\/11\/20\/fcbayern-sk-velmi-platna-posila\/#breadcrumb","itemListElement":[{"@type":"ListItem","position":1,"name":"Home","item":"https:\/\/evertonfc.cz\/"},{"@type":"ListItem","position":2,"name":"FCBayern.sk: \u201eVe\u013emi platn\u00e1 posila\u201c"}]},{"@type":"WebSite","@id":"https:\/\/evertonfc.cz\/#website","url":"https:\/\/evertonfc.cz\/","name":"Official Czech &amp; Slovak Everton Supporters&#039; Club","description":"","publisher":{"@id":"https:\/\/evertonfc.cz\/#organization"},"potentialAction":[{"@type":"SearchAction","target":{"@type":"EntryPoint","urlTemplate":"https:\/\/evertonfc.cz\/?s={search_term_string}"},"query-input":{"@type":"PropertyValueSpecification","valueRequired":true,"valueName":"search_term_string"}}],"inLanguage":"cs"},{"@type":"Organization","@id":"https:\/\/evertonfc.cz\/#organization","name":"Official Czech & Slovak Everton Supporters' Club","url":"https:\/\/evertonfc.cz\/","logo":{"@type":"ImageObject","inLanguage":"cs","@id":"https:\/\/evertonfc.cz\/#\/schema\/logo\/image\/","url":"https:\/\/evertonfc.cz\/wp-content\/uploads\/2019\/05\/logo.png","contentUrl":"https:\/\/evertonfc.cz\/wp-content\/uploads\/2019\/05\/logo.png","width":112,"height":112,"caption":"Official Czech & Slovak Everton Supporters' Club"},"image":{"@id":"https:\/\/evertonfc.cz\/#\/schema\/logo\/image\/"},"sameAs":["https:\/\/www.facebook.com\/everton.fans.cz.sk"]},{"@type":"Person","@id":"https:\/\/evertonfc.cz\/#\/schema\/person\/d4493b8cbea51532597fbc4685698916","name":"BlueBlooded","url":"https:\/\/evertonfc.cz\/index.php\/author\/admin\/"}]}},"_links":{"self":[{"href":"https:\/\/evertonfc.cz\/index.php\/wp-json\/wp\/v2\/posts\/12941"}],"collection":[{"href":"https:\/\/evertonfc.cz\/index.php\/wp-json\/wp\/v2\/posts"}],"about":[{"href":"https:\/\/evertonfc.cz\/index.php\/wp-json\/wp\/v2\/types\/post"}],"author":[{"embeddable":true,"href":"https:\/\/evertonfc.cz\/index.php\/wp-json\/wp\/v2\/users\/1"}],"replies":[{"embeddable":true,"href":"https:\/\/evertonfc.cz\/index.php\/wp-json\/wp\/v2\/comments?post=12941"}],"version-history":[{"count":7,"href":"https:\/\/evertonfc.cz\/index.php\/wp-json\/wp\/v2\/posts\/12941\/revisions"}],"predecessor-version":[{"id":13003,"href":"https:\/\/evertonfc.cz\/index.php\/wp-json\/wp\/v2\/posts\/12941\/revisions\/13003"}],"wp:featuredmedia":[{"embeddable":true,"href":"https:\/\/evertonfc.cz\/index.php\/wp-json\/wp\/v2\/media\/12942"}],"wp:attachment":[{"href":"https:\/\/evertonfc.cz\/index.php\/wp-json\/wp\/v2\/media?parent=12941"}],"wp:term":[{"taxonomy":"category","embeddable":true,"href":"https:\/\/evertonfc.cz\/index.php\/wp-json\/wp\/v2\/categories?post=12941"},{"taxonomy":"post_tag","embeddable":true,"href":"https:\/\/evertonfc.cz\/index.php\/wp-json\/wp\/v2\/tags?post=12941"}],"curies":[{"name":"wp","href":"https:\/\/api.w.org\/{rel}","templated":true}]}}