{"id":12993,"date":"2020-11-21T11:33:18","date_gmt":"2020-11-21T10:33:18","guid":{"rendered":"https:\/\/evertonfc.cz\/?p=12993"},"modified":"2020-11-27T15:16:49","modified_gmt":"2020-11-27T14:16:49","slug":"preview-fulham-everton-6","status":"publish","type":"post","link":"https:\/\/evertonfc.cz\/index.php\/2020\/11\/21\/preview-fulham-everton-6\/","title":{"rendered":"Preview: Fulham &#8211; Everton"},"content":{"rendered":"<h4>Carlo a v\u0161ichni Evertonians cht\u011bj\u00ed zastavit nelichotiv\u00e9 s\u00e9rie. Ur\u010dit\u011b bychom se cht\u011bli vr\u00e1tit do doby p\u0159ed p\u0159edch\u00e1zej\u00edc\u00ed repres\u00edvn\u00ed pauzou. Zcela jist\u011b po tom tou\u017e\u00ed i hr\u00e1\u010di v modr\u00e9m. Fulham ale nebude cht\u00edt p\u0159ibl\u00ed\u017eit se n\u00e1vratu do Champu.<\/h4>\n<p>Kvalifikace na Euro, kde se p\u0159edstav\u00ed t\u00e9m\u011b\u0159 polovina t\u00fdm\u016f ze \u00fa\u010dastn\u011bn\u00fdch t\u00fdm\u016f, je za n\u00e1mi, dal\u0161\u00ed p\u0159eru\u0161en\u00ed sout\u011b\u017ee by m\u011blo nastat a\u017e v b\u0159eznu. Do ur\u010dit\u00e9 m\u00edry skon\u010dila pro Evertonians l\u00e9pe ne\u017e ta p\u0159edchoz\u00ed, hr\u00e1\u010di se vrac\u00ed vesm\u011bs zdrav\u00ed. Co v\u00edc, vrac\u00ed se nepostradateln\u00fd h\u0159\u00ed\u0161n\u00edk.<\/p>\n<h4><strong>Po roce zase nov\u00fd Fulham<\/strong><\/h4>\n<p>Cottagers hraj\u00ed na dom\u00e1cky p\u016fsob\u00edc\u00edm stadionu, maj\u00ed mlad\u00e9ho anglick\u00e9ho mana\u017eera a \u0159adu zaj\u00edmav\u00fdch hr\u00e1\u010d\u016f. Pro mnoh\u00e9 sympatick\u00fd t\u00fdm. No. Po n\u00e1vratu na nejvy\u0161\u0161\u00ed level ostrovn\u00ed kopan\u00e9 do\u0161lo podobn\u011b jako p\u0159ed 2 lety k\u00a0velk\u00e9mu nakupov\u00e1n\u00ed. Aby ne, za Fulhamem stoj\u00ed jeden z\u00a0nejbohat\u0161\u00edch vlastn\u00edk\u016f ve fotbale \u2013 Shadid Khan (v neofici\u00e1ln\u00edm po\u0159ad\u00ed na 4. m\u00edst\u011b za majiteli Citizens, Gunners a Abramovi\u010dem). P\u0159esto, \u0159ada z\u00a0hr\u00e1\u010d\u016f p\u0159i\u0161la na hostov\u00e1n\u00ed, asi pro p\u0159\u00edpad, kdyby to letos zase nevy\u0161lo. Mezi posilami najdeme \u0159adu hr\u00e1\u010d\u016f, jejich\u017e jm\u00e9na jsme sl\u00fdch\u00e1vali i ve spojen\u00ed s\u00a0na\u0161\u00edm klubem. Dorazilo duo Lemina-Reed ze Sottonu, Adarabioyo uprchl z\u00a0Manchesteru, Holan\u010fan Kenny Tete a d\u00e1nsk\u00fd stoper Andersen hostuj\u00ed z\u00a0Lyonu, Ar\u00e9ola z\u00a0Pa\u0159\u00edze, n\u011bkdej\u0161\u00ed hr\u00e1\u010d Albionu Loftus-Cheek z Chelsea.<\/p>\n<h4><strong>Na\u0161i furianti<\/strong><\/h4>\n<p>V\u00fd\u010det nekon\u010d\u00ed, dal\u0161\u00edho zap\u016fj\u010den\u00e9ho hr\u00e1\u010de zn\u00e1me v\u0161ichni velmi dob\u0159e. Ademola Lookman zapo\u010dal kari\u00e9ru v Evertonu pohotov\u00fdm pr\u016fst\u0159elem Caballera p\u0159i pam\u00e1tn\u00e9 demolici. Jinak mu ale ani Koeman, ani Silva ned\u016fv\u011b\u0159ovali. Ale ani dal\u0161\u00ed \u0161tace nebyla kari\u00e9rn\u00edm sestupem, v\u017edy\u0165 Lipsko nahromadilo za t\u011bch p\u00e1r let existence celou galaxii hv\u011bzdi\u010dek. Ade se dostal do pov\u011bdom\u00ed fanou\u0161k\u016f nevyda\u0159enou kopi\u00ed slavn\u00e9 Panenkovy penalty v posledn\u00edm z\u00e1pase. Jinak ale zat\u00edm vytvo\u0159il v nov\u00e9m p\u016fsobi\u0161ti dobr\u00fd dojem, rozhodn\u011b ho nelze pova\u017eovat za promarn\u011bn\u00fd talent. Naopak, pr\u00e1v\u011b ona penalta je potvrzen\u00edm, \u017ee odvaha k n\u00e1padit\u00fdm \u0159e\u0161en\u00edm jej neopustila. A \u017ee hr\u00e1\u010d, kter\u00fd dok\u00e1\u017ee z ni\u010deho ud\u011blat n\u011bco, m\u016f\u017ee chyb\u011bt, v\u00edme sv\u00e9. Jen ta realizace se n\u011bkdy nepovede, ale Lookman se bude cht\u00edt proti n\u00e1m jist\u011b vyt\u00e1hnout.<\/p>\n<p>Minulost minim\u00e1ln\u011b na Finch Farm m\u00e1 za sebou i dal\u0161\u00ed posila, z hrout\u00edc\u00edho Wiganu p\u0159ich\u00e1zej\u00edc\u00ed americk\u00fd reprezentant Antonee Robinson. Pravda, za a t\u00fdm toho mnoho nenahr\u00e1l, o to v\u00edce nad\u011bj\u00ed se k n\u011bmu mezi stoupenci na\u0161\u00ed v\u00edry up\u00ednalo. Ani v Lancashire se neztratil, a tak je po dvou letech op\u011bt v k\u00e1dru mu\u017estva z Premier League a hned v z\u00e1kladu.<\/p>\n<p>Alespo\u0148 defenz\u00edvn\u00ed projev t\u00fdmu se tak zlep\u0161il, po\u010det inkasovan\u00fdch branek klesl o 70 procent. Zm\u011bnu oproti z\u00e1\u0159\u00ed ale p\u0159ineslo pr\u00e1v\u011b chvatn\u00e9 posilov\u00e1n\u00ed v posledn\u00edch f\u00e1z\u00edch p\u0159estupn\u00edho obdob\u00ed. Tyto obchody p\u0159ipravily o hrac\u00ed \u010das \u0159adu opor lo\u0148sk\u00e9 postupov\u00e9 sez\u00f3ny, nap\u0159\u00edklad nejlep\u0161\u00edho brank\u00e1\u0159e druh\u00e9 ligy, slovensk\u00e9ho reprezentanta Mareka Rod\u00e1ka. Alphonse Ar\u00e9ola se ale zat\u00edm ukazuje ve v\u00fdborn\u00e9m sv\u011btle a nebude snadn\u00e9 ho p\u0159ekonat.<\/p>\n<h4><strong>Restart II.<\/strong><\/h4>\n<p>Na listopadov\u00e9 n\u00e1rodn\u00ed kola nebude \u0159ada hr\u00e1\u010d\u016f vzpom\u00ednat v dobr\u00e9m. Na vlastn\u00edm displeji jsem byl sv\u011bdkem \u010d\u00e1sti kolumbijsk\u00e9 popravy v Quitu. James se ocitl \u010dasto mimo hru a jej\u00ed tempo a dok\u00e1zal, \u017ee kdy\u017e to nejde cel\u00e9mu t\u00fdmu, ani superstar nic nezm\u016f\u017ee. Je cosi shnil\u00e9ho v kolumbijsk\u00e9m fotbalov\u00e9m kartelu. Mina se tomuto trapasu vyhnul, dostal \u010dervenou u\u017e v tom p\u0159edchoz\u00edm, s Uruguay\u00ed. Gylfi Th\u00f3ra jsem zahl\u00e9dl v bar\u00e1\u017ei s Ma\u010farskem. \u0160\u0165astn\u00e1 trefa z p\u0159\u00edm\u00e9ho kopu byla labut\u00ed p\u00edsn\u00ed islandsk\u00e9 zlat\u00e9 generace, kter\u00e9 p\u0159eci jen do\u0161ly s\u00edly. Tosun spadnul o t\u0159\u00eddu n\u00ed\u017e. DCL se sice trefil, ale ani on, ani Pickford, ani Keane, nebo v\u016fbec cel\u00fd man\u010daft Albionu se do fin\u00e1le Ligy n\u00e1rod\u016f nedostal. Tam se pro zm\u011bnu pod\u00edv\u00e1 Lucas Digne s Les Bleus. Richarlison se prosadil za Kan\u00e1rky, do jejich\u017e v\u00fdb\u011bru se dostal i Allan. Ostatn\u00ed tak po r\u016fznu, chyb\u00ed Coleman a Covid.<\/p>\n<h4><strong>N\u00e1vrat ztracen\u00e9ho (Richarli)syna\u00a0<\/strong><\/h4>\n<p>V\u0161ichni se u\u017e ale t\u011b\u0161\u00edme na n\u00e1vrat Richarlisona, jeho\u017e drav\u00fd styl t\u00fdmu chyb\u011bl v\u00edc, ne\u017e si kdo troufal p\u0159edstavit. Od p\u0159estupu z Watfordu Toffees nevyhr\u00e1li \u017e\u00e1dn\u00fd z\u00e1pas, ve kter\u00e9m Brazilec chyb\u011bl. To mluv\u00ed za v\u0161e. Ide\u00e1ln\u00ed slo\u017een\u00ed dvojice stoper\u016f je\u0161t\u011b nezn\u00e1me, ale odpov\u011bd\u00ed asi v\u011bt\u0161iny Evertonians by byla ta bez Miny. \u0160anci o repar\u00e1t sv\u00e9 uvadaj\u00edc\u00ed pov\u011bsti dostane vpravo Kenny a m\u016f\u017ee to b\u00fdt jedna z posledn\u00edch. Z\u00e1loha je trochu z\u00e1hada, m\u00e1lokdo z nov\u011b zkou\u0161en\u00fdch se uk\u00e1zal v dobr\u00e9m sv\u011btle. N\u00e1vrat rychlonoh\u00e9ho Brazilce ale m\u011bn\u00ed cel\u00e9 paradigma. Roz\u0161\u00ed\u0159en\u00ed mobility t\u00fdmu o druh\u00e9 skute\u010dn\u00e9 k\u0159\u00eddlo je tak\u00e9 varianta, kter\u00e1 zat\u00edm nenaplnila o\u010dek\u00e1v\u00e1n\u00ed. Je to na tob\u011b, Carlo!<\/p>\n<h4><strong>Kdo s\u00a0koho<\/strong><\/h4>\n<p>Everton hraje proti Fulhamu velmi r\u00e1d. Ale jen doma, kde m\u00e1me stoprocentn\u00ed bilanci. Venku to je v\u00a0EPL dost na houby, 3 v\u00fdhry, 2 rem\u00edzy a 9 proher.<\/p>\n<p>Everton 22. listopadu nevyhr\u00e1l u\u017e 10 z\u00e1pas\u016f, naposledy v\u00a0roce 1969. A z\u00a0t\u011bch deseti bodoval jen dvakr\u00e1t.<\/p>\n<p>Pokud by se DCL poda\u0159ilo vst\u0159elit branku, dohnal by tren\u00e9ra rezervy Davida Unswortha na \u0161est\u00e9m m\u00edst\u011b na\u0161ich st\u0159elc\u016f v\u00a0EPL (33 branek).<\/p>\n<p>S\u00e9rii proher zmi\u0148ovat nebudu, ale n\u011bco z toho si pamatuj\u00ed v\u0161ichni i s podpr\u016fm\u011brnou pam\u011bt\u00ed, jako nap\u0159\u00edklad j\u00e1 a delf\u00edn Filip. COYB!<\/p>\n<p><strong>Co:<\/strong> Fulham FC \u2013 Everton FC, 9. kolo Premier League.<br \/>\n<strong>Kdy:<\/strong> 22.11.2020, 13:00 SE\u010c.<br \/>\n<strong>Kde:<\/strong> Craven Cottage.<br \/>\n<strong>TV:<\/strong> Premier Sport \u2013 p\u0159\u00edm\u00fd p\u0159enos.<br \/>\n<strong>Rozhod\u010d\u00ed:<\/strong> Andy Madley <strong>Asistenti:<\/strong> \u00a0Eddie Smart, Derek Eaton <strong>VAR:<\/strong> Lee Mason <strong>Asistent VAR:<\/strong> Graham Scott<\/p>\n","protected":false},"excerpt":{"rendered":"<p>Carlo a v\u0161ichni Evertonians cht\u011bj\u00ed zastavit nelichotiv\u00e9 s\u00e9rie. Ur\u010dit\u011b bychom se cht\u011bli vr\u00e1tit do doby p\u0159ed p\u0159edch\u00e1zej\u00edc\u00ed repres\u00edvn\u00ed pauzou. Zcela jist\u011b po tom tou\u017e\u00ed i hr\u00e1\u010di v modr\u00e9m. Fulham ale nebude cht\u00edt p\u0159ibl\u00ed\u017eit se n\u00e1vratu do Champu. <\/p>\n","protected":false},"author":10,"featured_media":12988,"comment_status":"open","ping_status":"closed","sticky":false,"template":"","format":"standard","meta":{"_eb_attr":"","_monsterinsights_skip_tracking":false,"_monsterinsights_sitenote_active":false,"_monsterinsights_sitenote_note":"","_monsterinsights_sitenote_category":0,"footnotes":""},"categories":[4],"tags":[],"yoast_head":"<!-- This site is optimized with the Yoast SEO plugin v23.4 - https:\/\/yoast.com\/wordpress\/plugins\/seo\/ -->\n<title>Preview: Fulham - Everton - Official Czech &amp; Slovak Everton Supporters&#039; Club<\/title>\n<meta name=\"robots\" content=\"index, follow, max-snippet:-1, max-image-preview:large, max-video-preview:-1\" \/>\n<link rel=\"canonical\" href=\"https:\/\/evertonfc.cz\/index.php\/2020\/11\/21\/preview-fulham-everton-6\/\" \/>\n<meta property=\"og:locale\" content=\"cs_CZ\" \/>\n<meta property=\"og:type\" content=\"article\" \/>\n<meta property=\"og:title\" content=\"Preview: Fulham - Everton - Official Czech &amp; Slovak Everton Supporters&#039; Club\" \/>\n<meta property=\"og:description\" content=\"Carlo a v\u0161ichni Evertonians cht\u011bj\u00ed zastavit nelichotiv\u00e9 s\u00e9rie. Ur\u010dit\u011b bychom se cht\u011bli vr\u00e1tit do doby p\u0159ed p\u0159edch\u00e1zej\u00edc\u00ed repres\u00edvn\u00ed pauzou. Zcela jist\u011b po tom tou\u017e\u00ed i hr\u00e1\u010di v modr\u00e9m. Fulham ale nebude cht\u00edt p\u0159ibl\u00ed\u017eit se n\u00e1vratu do Champu.\" \/>\n<meta property=\"og:url\" content=\"https:\/\/evertonfc.cz\/index.php\/2020\/11\/21\/preview-fulham-everton-6\/\" \/>\n<meta property=\"og:site_name\" content=\"Official Czech &amp; Slovak Everton Supporters&#039; Club\" \/>\n<meta property=\"article:publisher\" content=\"https:\/\/www.facebook.com\/everton.fans.cz.sk\" \/>\n<meta property=\"article:published_time\" content=\"2020-11-21T10:33:18+00:00\" \/>\n<meta property=\"article:modified_time\" content=\"2020-11-27T14:16:49+00:00\" \/>\n<meta property=\"og:image\" content=\"https:\/\/evertonfc.cz\/wp-content\/uploads\/2020\/11\/Fulham-VS-Everton-20-11-2020.jpg\" \/>\n\t<meta property=\"og:image:width\" content=\"720\" \/>\n\t<meta property=\"og:image:height\" content=\"405\" \/>\n\t<meta property=\"og:image:type\" content=\"image\/jpeg\" \/>\n<meta name=\"author\" content=\"Fip\" \/>\n<meta name=\"twitter:card\" content=\"summary_large_image\" \/>\n<meta name=\"twitter:label1\" content=\"Napsal(a)\" \/>\n\t<meta name=\"twitter:data1\" content=\"Fip\" \/>\n\t<meta name=\"twitter:label2\" content=\"Odhadovan\u00e1 doba \u010dten\u00ed\" \/>\n\t<meta name=\"twitter:data2\" content=\"6 minut\" \/>\n<script type=\"application\/ld+json\" class=\"yoast-schema-graph\">{\"@context\":\"https:\/\/schema.org\",\"@graph\":[{\"@type\":\"Article\",\"@id\":\"https:\/\/evertonfc.cz\/index.php\/2020\/11\/21\/preview-fulham-everton-6\/#article\",\"isPartOf\":{\"@id\":\"https:\/\/evertonfc.cz\/index.php\/2020\/11\/21\/preview-fulham-everton-6\/\"},\"author\":{\"name\":\"Fip\",\"@id\":\"https:\/\/evertonfc.cz\/#\/schema\/person\/35904009755e8eaa0dc1a5f5f0419002\"},\"headline\":\"Preview: Fulham &#8211; Everton\",\"datePublished\":\"2020-11-21T10:33:18+00:00\",\"dateModified\":\"2020-11-27T14:16:49+00:00\",\"mainEntityOfPage\":{\"@id\":\"https:\/\/evertonfc.cz\/index.php\/2020\/11\/21\/preview-fulham-everton-6\/\"},\"wordCount\":1105,\"commentCount\":13,\"publisher\":{\"@id\":\"https:\/\/evertonfc.cz\/#organization\"},\"image\":{\"@id\":\"https:\/\/evertonfc.cz\/index.php\/2020\/11\/21\/preview-fulham-everton-6\/#primaryimage\"},\"thumbnailUrl\":\"https:\/\/evertonfc.cz\/wp-content\/uploads\/2020\/11\/Fulham-VS-Everton-20-11-2020.jpg\",\"articleSection\":[\"Z\u00e1pasy\"],\"inLanguage\":\"cs\",\"potentialAction\":[{\"@type\":\"CommentAction\",\"name\":\"Comment\",\"target\":[\"https:\/\/evertonfc.cz\/index.php\/2020\/11\/21\/preview-fulham-everton-6\/#respond\"]}]},{\"@type\":\"WebPage\",\"@id\":\"https:\/\/evertonfc.cz\/index.php\/2020\/11\/21\/preview-fulham-everton-6\/\",\"url\":\"https:\/\/evertonfc.cz\/index.php\/2020\/11\/21\/preview-fulham-everton-6\/\",\"name\":\"Preview: Fulham - Everton - Official Czech &amp; Slovak Everton Supporters&#039; Club\",\"isPartOf\":{\"@id\":\"https:\/\/evertonfc.cz\/#website\"},\"primaryImageOfPage\":{\"@id\":\"https:\/\/evertonfc.cz\/index.php\/2020\/11\/21\/preview-fulham-everton-6\/#primaryimage\"},\"image\":{\"@id\":\"https:\/\/evertonfc.cz\/index.php\/2020\/11\/21\/preview-fulham-everton-6\/#primaryimage\"},\"thumbnailUrl\":\"https:\/\/evertonfc.cz\/wp-content\/uploads\/2020\/11\/Fulham-VS-Everton-20-11-2020.jpg\",\"datePublished\":\"2020-11-21T10:33:18+00:00\",\"dateModified\":\"2020-11-27T14:16:49+00:00\",\"breadcrumb\":{\"@id\":\"https:\/\/evertonfc.cz\/index.php\/2020\/11\/21\/preview-fulham-everton-6\/#breadcrumb\"},\"inLanguage\":\"cs\",\"potentialAction\":[{\"@type\":\"ReadAction\",\"target\":[\"https:\/\/evertonfc.cz\/index.php\/2020\/11\/21\/preview-fulham-everton-6\/\"]}]},{\"@type\":\"ImageObject\",\"inLanguage\":\"cs\",\"@id\":\"https:\/\/evertonfc.cz\/index.php\/2020\/11\/21\/preview-fulham-everton-6\/#primaryimage\",\"url\":\"https:\/\/evertonfc.cz\/wp-content\/uploads\/2020\/11\/Fulham-VS-Everton-20-11-2020.jpg\",\"contentUrl\":\"https:\/\/evertonfc.cz\/wp-content\/uploads\/2020\/11\/Fulham-VS-Everton-20-11-2020.jpg\",\"width\":720,\"height\":405},{\"@type\":\"BreadcrumbList\",\"@id\":\"https:\/\/evertonfc.cz\/index.php\/2020\/11\/21\/preview-fulham-everton-6\/#breadcrumb\",\"itemListElement\":[{\"@type\":\"ListItem\",\"position\":1,\"name\":\"Home\",\"item\":\"https:\/\/evertonfc.cz\/\"},{\"@type\":\"ListItem\",\"position\":2,\"name\":\"Preview: Fulham &#8211; Everton\"}]},{\"@type\":\"WebSite\",\"@id\":\"https:\/\/evertonfc.cz\/#website\",\"url\":\"https:\/\/evertonfc.cz\/\",\"name\":\"Official Czech &amp; Slovak Everton Supporters&#039; Club\",\"description\":\"\",\"publisher\":{\"@id\":\"https:\/\/evertonfc.cz\/#organization\"},\"potentialAction\":[{\"@type\":\"SearchAction\",\"target\":{\"@type\":\"EntryPoint\",\"urlTemplate\":\"https:\/\/evertonfc.cz\/?s={search_term_string}\"},\"query-input\":{\"@type\":\"PropertyValueSpecification\",\"valueRequired\":true,\"valueName\":\"search_term_string\"}}],\"inLanguage\":\"cs\"},{\"@type\":\"Organization\",\"@id\":\"https:\/\/evertonfc.cz\/#organization\",\"name\":\"Official Czech & Slovak Everton Supporters' Club\",\"url\":\"https:\/\/evertonfc.cz\/\",\"logo\":{\"@type\":\"ImageObject\",\"inLanguage\":\"cs\",\"@id\":\"https:\/\/evertonfc.cz\/#\/schema\/logo\/image\/\",\"url\":\"https:\/\/evertonfc.cz\/wp-content\/uploads\/2019\/05\/logo.png\",\"contentUrl\":\"https:\/\/evertonfc.cz\/wp-content\/uploads\/2019\/05\/logo.png\",\"width\":112,\"height\":112,\"caption\":\"Official Czech & Slovak Everton Supporters' Club\"},\"image\":{\"@id\":\"https:\/\/evertonfc.cz\/#\/schema\/logo\/image\/\"},\"sameAs\":[\"https:\/\/www.facebook.com\/everton.fans.cz.sk\"]},{\"@type\":\"Person\",\"@id\":\"https:\/\/evertonfc.cz\/#\/schema\/person\/35904009755e8eaa0dc1a5f5f0419002\",\"name\":\"Fip\",\"url\":\"https:\/\/evertonfc.cz\/index.php\/author\/fip\/\"}]}<\/script>\n<!-- \/ Yoast SEO plugin. -->","yoast_head_json":{"title":"Preview: Fulham - Everton - Official Czech &amp; Slovak Everton Supporters&#039; Club","robots":{"index":"index","follow":"follow","max-snippet":"max-snippet:-1","max-image-preview":"max-image-preview:large","max-video-preview":"max-video-preview:-1"},"canonical":"https:\/\/evertonfc.cz\/index.php\/2020\/11\/21\/preview-fulham-everton-6\/","og_locale":"cs_CZ","og_type":"article","og_title":"Preview: Fulham - Everton - Official Czech &amp; Slovak Everton Supporters&#039; Club","og_description":"Carlo a v\u0161ichni Evertonians cht\u011bj\u00ed zastavit nelichotiv\u00e9 s\u00e9rie. Ur\u010dit\u011b bychom se cht\u011bli vr\u00e1tit do doby p\u0159ed p\u0159edch\u00e1zej\u00edc\u00ed repres\u00edvn\u00ed pauzou. Zcela jist\u011b po tom tou\u017e\u00ed i hr\u00e1\u010di v modr\u00e9m. Fulham ale nebude cht\u00edt p\u0159ibl\u00ed\u017eit se n\u00e1vratu do Champu.","og_url":"https:\/\/evertonfc.cz\/index.php\/2020\/11\/21\/preview-fulham-everton-6\/","og_site_name":"Official Czech &amp; Slovak Everton Supporters&#039; Club","article_publisher":"https:\/\/www.facebook.com\/everton.fans.cz.sk","article_published_time":"2020-11-21T10:33:18+00:00","article_modified_time":"2020-11-27T14:16:49+00:00","og_image":[{"width":720,"height":405,"url":"https:\/\/evertonfc.cz\/wp-content\/uploads\/2020\/11\/Fulham-VS-Everton-20-11-2020.jpg","type":"image\/jpeg"}],"author":"Fip","twitter_card":"summary_large_image","twitter_misc":{"Napsal(a)":"Fip","Odhadovan\u00e1 doba \u010dten\u00ed":"6 minut"},"schema":{"@context":"https:\/\/schema.org","@graph":[{"@type":"Article","@id":"https:\/\/evertonfc.cz\/index.php\/2020\/11\/21\/preview-fulham-everton-6\/#article","isPartOf":{"@id":"https:\/\/evertonfc.cz\/index.php\/2020\/11\/21\/preview-fulham-everton-6\/"},"author":{"name":"Fip","@id":"https:\/\/evertonfc.cz\/#\/schema\/person\/35904009755e8eaa0dc1a5f5f0419002"},"headline":"Preview: Fulham &#8211; Everton","datePublished":"2020-11-21T10:33:18+00:00","dateModified":"2020-11-27T14:16:49+00:00","mainEntityOfPage":{"@id":"https:\/\/evertonfc.cz\/index.php\/2020\/11\/21\/preview-fulham-everton-6\/"},"wordCount":1105,"commentCount":13,"publisher":{"@id":"https:\/\/evertonfc.cz\/#organization"},"image":{"@id":"https:\/\/evertonfc.cz\/index.php\/2020\/11\/21\/preview-fulham-everton-6\/#primaryimage"},"thumbnailUrl":"https:\/\/evertonfc.cz\/wp-content\/uploads\/2020\/11\/Fulham-VS-Everton-20-11-2020.jpg","articleSection":["Z\u00e1pasy"],"inLanguage":"cs","potentialAction":[{"@type":"CommentAction","name":"Comment","target":["https:\/\/evertonfc.cz\/index.php\/2020\/11\/21\/preview-fulham-everton-6\/#respond"]}]},{"@type":"WebPage","@id":"https:\/\/evertonfc.cz\/index.php\/2020\/11\/21\/preview-fulham-everton-6\/","url":"https:\/\/evertonfc.cz\/index.php\/2020\/11\/21\/preview-fulham-everton-6\/","name":"Preview: Fulham - Everton - Official Czech &amp; Slovak Everton Supporters&#039; Club","isPartOf":{"@id":"https:\/\/evertonfc.cz\/#website"},"primaryImageOfPage":{"@id":"https:\/\/evertonfc.cz\/index.php\/2020\/11\/21\/preview-fulham-everton-6\/#primaryimage"},"image":{"@id":"https:\/\/evertonfc.cz\/index.php\/2020\/11\/21\/preview-fulham-everton-6\/#primaryimage"},"thumbnailUrl":"https:\/\/evertonfc.cz\/wp-content\/uploads\/2020\/11\/Fulham-VS-Everton-20-11-2020.jpg","datePublished":"2020-11-21T10:33:18+00:00","dateModified":"2020-11-27T14:16:49+00:00","breadcrumb":{"@id":"https:\/\/evertonfc.cz\/index.php\/2020\/11\/21\/preview-fulham-everton-6\/#breadcrumb"},"inLanguage":"cs","potentialAction":[{"@type":"ReadAction","target":["https:\/\/evertonfc.cz\/index.php\/2020\/11\/21\/preview-fulham-everton-6\/"]}]},{"@type":"ImageObject","inLanguage":"cs","@id":"https:\/\/evertonfc.cz\/index.php\/2020\/11\/21\/preview-fulham-everton-6\/#primaryimage","url":"https:\/\/evertonfc.cz\/wp-content\/uploads\/2020\/11\/Fulham-VS-Everton-20-11-2020.jpg","contentUrl":"https:\/\/evertonfc.cz\/wp-content\/uploads\/2020\/11\/Fulham-VS-Everton-20-11-2020.jpg","width":720,"height":405},{"@type":"BreadcrumbList","@id":"https:\/\/evertonfc.cz\/index.php\/2020\/11\/21\/preview-fulham-everton-6\/#breadcrumb","itemListElement":[{"@type":"ListItem","position":1,"name":"Home","item":"https:\/\/evertonfc.cz\/"},{"@type":"ListItem","position":2,"name":"Preview: Fulham &#8211; Everton"}]},{"@type":"WebSite","@id":"https:\/\/evertonfc.cz\/#website","url":"https:\/\/evertonfc.cz\/","name":"Official Czech &amp; Slovak Everton Supporters&#039; Club","description":"","publisher":{"@id":"https:\/\/evertonfc.cz\/#organization"},"potentialAction":[{"@type":"SearchAction","target":{"@type":"EntryPoint","urlTemplate":"https:\/\/evertonfc.cz\/?s={search_term_string}"},"query-input":{"@type":"PropertyValueSpecification","valueRequired":true,"valueName":"search_term_string"}}],"inLanguage":"cs"},{"@type":"Organization","@id":"https:\/\/evertonfc.cz\/#organization","name":"Official Czech & Slovak Everton Supporters' Club","url":"https:\/\/evertonfc.cz\/","logo":{"@type":"ImageObject","inLanguage":"cs","@id":"https:\/\/evertonfc.cz\/#\/schema\/logo\/image\/","url":"https:\/\/evertonfc.cz\/wp-content\/uploads\/2019\/05\/logo.png","contentUrl":"https:\/\/evertonfc.cz\/wp-content\/uploads\/2019\/05\/logo.png","width":112,"height":112,"caption":"Official Czech & Slovak Everton Supporters' Club"},"image":{"@id":"https:\/\/evertonfc.cz\/#\/schema\/logo\/image\/"},"sameAs":["https:\/\/www.facebook.com\/everton.fans.cz.sk"]},{"@type":"Person","@id":"https:\/\/evertonfc.cz\/#\/schema\/person\/35904009755e8eaa0dc1a5f5f0419002","name":"Fip","url":"https:\/\/evertonfc.cz\/index.php\/author\/fip\/"}]}},"_links":{"self":[{"href":"https:\/\/evertonfc.cz\/index.php\/wp-json\/wp\/v2\/posts\/12993"}],"collection":[{"href":"https:\/\/evertonfc.cz\/index.php\/wp-json\/wp\/v2\/posts"}],"about":[{"href":"https:\/\/evertonfc.cz\/index.php\/wp-json\/wp\/v2\/types\/post"}],"author":[{"embeddable":true,"href":"https:\/\/evertonfc.cz\/index.php\/wp-json\/wp\/v2\/users\/10"}],"replies":[{"embeddable":true,"href":"https:\/\/evertonfc.cz\/index.php\/wp-json\/wp\/v2\/comments?post=12993"}],"version-history":[{"count":7,"href":"https:\/\/evertonfc.cz\/index.php\/wp-json\/wp\/v2\/posts\/12993\/revisions"}],"predecessor-version":[{"id":13001,"href":"https:\/\/evertonfc.cz\/index.php\/wp-json\/wp\/v2\/posts\/12993\/revisions\/13001"}],"wp:featuredmedia":[{"embeddable":true,"href":"https:\/\/evertonfc.cz\/index.php\/wp-json\/wp\/v2\/media\/12988"}],"wp:attachment":[{"href":"https:\/\/evertonfc.cz\/index.php\/wp-json\/wp\/v2\/media?parent=12993"}],"wp:term":[{"taxonomy":"category","embeddable":true,"href":"https:\/\/evertonfc.cz\/index.php\/wp-json\/wp\/v2\/categories?post=12993"},{"taxonomy":"post_tag","embeddable":true,"href":"https:\/\/evertonfc.cz\/index.php\/wp-json\/wp\/v2\/tags?post=12993"}],"curies":[{"name":"wp","href":"https:\/\/api.w.org\/{rel}","templated":true}]}}