{"id":13007,"date":"2020-11-23T19:19:59","date_gmt":"2020-11-23T18:19:59","guid":{"rendered":"https:\/\/evertonfc.cz\/?p=13007"},"modified":"2020-11-23T19:19:59","modified_gmt":"2020-11-23T18:19:59","slug":"judging-blue-fulham-23","status":"publish","type":"post","link":"https:\/\/evertonfc.cz\/index.php\/2020\/11\/23\/judging-blue-fulham-23\/","title":{"rendered":"Judging Blue: Fulham 2:3"},"content":{"rendered":"<h4>Hodnocen\u00ed hr\u00e1\u010d\u016f po t\u011bsn\u00e9 v\u00fdh\u0159e nad Fulhamem. N\u00e1zory jsou zaujat\u00e9ho charakteru a nemus\u00ed se shodovat s realitou. Doporu\u010duje se komentovat podobn\u00fdm zp\u016fsobem.<\/h4>\n<h4><u>Obrana<\/u><u>:<\/u><\/h4>\n<ul>\n<li><strong><em>Pickford\u00a0<\/em><\/strong>(GK) \u2013 norm\u00e1ln\u00ed, solidn\u00ed v\u00fdkon od brank\u00e1\u0159sk\u00e9 jedni\u010dky. Co m\u011bl chytit, to chytil, za g\u00f3ly nemohl = <strong>7<\/strong><strong><br \/>\n<\/strong><\/li>\n<\/ul>\n<ul>\n<li><strong><em>Iwobi<\/em><\/strong> (RWB) &#8211; norm\u00e1ln\u011b k\u0159\u00eddlo, kter\u00e9 um\u00ed i ze st\u0159edu z\u00e1lo\u017en\u00ed \u0159ady, pro toto utk\u00e1n\u00ed solidn\u00ed prav\u00fd obr\u00e1nce. Spolu s Dignem a Calvertem-Lewinem pat\u0159il mezi t\u0159i nejlep\u0161\u00ed, dozadu si odehr\u00e1l sv\u00e9 a p\u0159edev\u0161\u00edm v prvn\u00ed p\u016fli dob\u0159e podporoval \u00fatok = <strong>6,5<\/strong><\/li>\n<\/ul>\n<ul>\n<li><strong><em>Godfrey <\/em><\/strong>(CB) \u2013 je vid\u011bt, \u017ee se mus\u00ed adaptovat,\u00a0sm\u011brem dop\u0159edu byl ne\u0161kodn\u00fd, zavinil penaltu, ze kter\u00e9 branka na\u0161t\u011bst\u00ed nepadla =<strong> 5,5<\/strong><\/li>\n<\/ul>\n<ul>\n<li><strong><em>Mina <\/em><\/strong>(CB) \u2013 ze stopersk\u00e9 trojice byl ur\u010dit\u011b nejslab\u0161\u00ed, potvrzuje svoje sp\u00ed\u0161e pr\u016fm\u011brn\u00e9 kvality. Jeho ne\u0161ikovn\u00e1 te\u010d (a nen\u00ed to poprv\u00e9) se nav\u00edc podepsala na druh\u00e9m g\u00f3lu Fulhamu, doby, kdy byl aspo\u0148 nebezpe\u010dn\u00fd hlavi\u010dk\u00e1\u0159 p\u0159i \u00fato\u010dn\u00fdch standardk\u00e1ch, jsou pry\u010d = <strong>5<\/strong><\/li>\n<\/ul>\n<ul>\n<li><strong><em>Keane <\/em><\/strong>(CB) \u2013 organizaci obrany zvl\u00e1dl, Fulham nebyl pu\u0161t\u011bn do vylo\u017een\u00e9 \u0161ance, ale i on se svezl s hor\u0161\u00edm v\u00fdkonem ve druh\u00e9 p\u016fli = <strong>6<\/strong><strong><br \/>\n<\/strong><\/li>\n<\/ul>\n<ul>\n<li><strong><em>Digne\u00a0<\/em><\/strong>(LWB) \u2013 dv\u011b p\u0159ihr\u00e1vky na g\u00f3l p\u0159i v\u00fdh\u0159e 3:2, to od sv\u00e9ho krajn\u00edho obr\u00e1nce chcete, hlavn\u011b kv\u016fli tomu druh\u00fd nejlep\u0161\u00ed hr\u00e1\u010d t\u00fdmu =\u00a0<strong>7<\/strong><\/li>\n<\/ul>\n<h4><u>Z\u00e1loha<\/u><u>:<\/u><\/h4>\n<ul>\n<li><strong><em>Doucour\u00e9 <\/em><\/strong>(CM) \u2013 je dost, \u017ee se na\u0161e osmi\u010dka kone\u010dn\u011b trefila, i hlavi\u010dka to byla p\u011bkn\u00e1, ale tak\u00e9 jeden z hlavn\u00edch vin\u00edk\u016f \u0161patn\u00e9ho v\u00fdkonu ve druh\u00e9 p\u016fli, nech\u00e1v\u00e1 obrovsk\u00e9 mezery p\u0159ed obranou =\u00a0<strong>6<\/strong><\/li>\n<\/ul>\n<ul>\n<li><strong><em>Allan\u00a0<\/em><\/strong>(CM) \u2013 u\u017e m\u00e1 za sebou lep\u0161\u00ed utk\u00e1n\u00ed, hodn\u011b na n\u011bm byla zn\u00e1t \u00fanava z reprezentace, stejn\u011b jako Doucour\u00e9 je vinen obrovsk\u00fdmi mezerami p\u0159ed obranou, co\u017e je prim\u00e1rn\u011b jeho pr\u00e1ce, m\u011bl b\u00fdt st\u0159id\u00e1n =\u00a0<strong>5,5<\/strong><\/li>\n<\/ul>\n<h4><u>\u00datok<\/u><u>:<\/u><\/h4>\n<ul>\n<li><strong><em>James <\/em><\/strong>(RW) \u2013 zjevn\u011b si rozum\u00ed s Dignem, kolumbijsk\u00e1 des\u00edtka si p\u0159ipsala na sv\u00e9 konto dv\u011b druh\u00e9 asistence, m\u011bl b\u00fdt st\u0159\u00edd\u00e1n d\u0159\u00edv kv\u016fli \u00fanav\u011b (viz Allan), do budoucna je nutno vy\u0159e\u0161it, jak to bude s jeho br\u00e1n\u011bn\u00edm, p\u0159\u00edpadn\u011b kdo bude br\u00e1nit m\u00edsto n\u011bj, soupe\u0159i se jeho nevracen\u00ed nau\u010dili vyu\u017e\u00edvat = <strong>6,5<\/strong><\/li>\n<\/ul>\n<ul>\n<li><strong><em>Calvert-Lewin <\/em><\/strong>(ST) \u2013 dv\u011b branky od sv\u00e9ho hro\u0165\u00e1ka p\u0159i v\u00fdh\u0159e 3:2 samoz\u0159ejm\u011b chcete. Op\u011bt uk\u00e1zal, jak skv\u011ble um\u00ed zakon\u010dovat jedn\u00edm dotekem, je prvn\u00ed v tabulce st\u0159elc\u016f.\u00a0 Nediv\u00edm se, \u017ee je p\u0159irovn\u00e1v\u00e1n k Linekerovi, &#8222;zalepit&#8220; balon taky um\u00ed moc p\u011bkn\u011b =<strong> 7,5<\/strong><\/li>\n<\/ul>\n<ul>\n<li><strong><em>Richarlison\u00a0<\/em><\/strong>(LW) \u2013 jeho p\u0159\u00edtomnost byla sm\u011brem dop\u0159edu zn\u00e1t, vylo\u017eenou \u0161anci nem\u011bl, p\u0159ihr\u00e1val na prvn\u00ed branku, celkov\u011b solidn\u00ed v\u00fdkon =\u00a0<strong>7<\/strong><\/li>\n<\/ul>\n<h4><u>St\u0159\u00edd\u00e1n\u00ed<\/u><u>:<\/u><\/h4>\n<ul>\n<li><strong><em>Davies <\/em><\/strong>(CM) \u2013 pomohl s ubr\u00e1n\u011bn\u00edm v\u00edt\u011bzstv\u00ed, chybu neud\u011blal =\u00a0<strong>6<\/strong><\/li>\n<\/ul>\n<ul>\n<li><strong><em>Sigurdsson <\/em><\/strong>(CM) \u2013 nehodnocen, odehr\u00e1l m\u00e1lo minut<\/li>\n<\/ul>\n","protected":false},"excerpt":{"rendered":"<p>Hodnocen\u00ed hr\u00e1\u010d\u016f po t\u011bsn\u00e9 v\u00fdh\u0159e nad Fulhamem. N\u00e1zory jsou zaujat\u00e9ho charakteru a nemus\u00ed se shodovat s realitou. Doporu\u010duje se komentovat podobn\u00fdm zp\u016fsobem.<\/p>\n","protected":false},"author":12,"featured_media":12876,"comment_status":"open","ping_status":"closed","sticky":false,"template":"","format":"standard","meta":{"_eb_attr":"","_monsterinsights_skip_tracking":false,"_monsterinsights_sitenote_active":false,"_monsterinsights_sitenote_note":"","_monsterinsights_sitenote_category":0,"footnotes":""},"categories":[39],"tags":[],"yoast_head":"<!-- This site is optimized with the Yoast SEO plugin v23.4 - https:\/\/yoast.com\/wordpress\/plugins\/seo\/ -->\n<title>Judging Blue: Fulham 2:3 - Official Czech &amp; Slovak Everton Supporters&#039; Club<\/title>\n<meta name=\"robots\" content=\"index, follow, max-snippet:-1, max-image-preview:large, max-video-preview:-1\" \/>\n<link rel=\"canonical\" href=\"https:\/\/evertonfc.cz\/index.php\/2020\/11\/23\/judging-blue-fulham-23\/\" \/>\n<meta property=\"og:locale\" content=\"cs_CZ\" \/>\n<meta property=\"og:type\" content=\"article\" \/>\n<meta property=\"og:title\" content=\"Judging Blue: Fulham 2:3 - Official Czech &amp; Slovak Everton Supporters&#039; Club\" \/>\n<meta property=\"og:description\" content=\"Hodnocen\u00ed hr\u00e1\u010d\u016f po t\u011bsn\u00e9 v\u00fdh\u0159e nad Fulhamem. N\u00e1zory jsou zaujat\u00e9ho charakteru a nemus\u00ed se shodovat s realitou. Doporu\u010duje se komentovat podobn\u00fdm zp\u016fsobem.\" \/>\n<meta property=\"og:url\" content=\"https:\/\/evertonfc.cz\/index.php\/2020\/11\/23\/judging-blue-fulham-23\/\" \/>\n<meta property=\"og:site_name\" content=\"Official Czech &amp; Slovak Everton Supporters&#039; Club\" \/>\n<meta property=\"article:publisher\" content=\"https:\/\/www.facebook.com\/everton.fans.cz.sk\" \/>\n<meta property=\"article:published_time\" content=\"2020-11-23T18:19:59+00:00\" \/>\n<meta property=\"og:image\" content=\"https:\/\/evertonfc.cz\/wp-content\/uploads\/2020\/11\/Judging-Blue.jpg\" \/>\n\t<meta property=\"og:image:width\" content=\"720\" \/>\n\t<meta property=\"og:image:height\" content=\"405\" \/>\n\t<meta property=\"og:image:type\" content=\"image\/jpeg\" \/>\n<meta name=\"author\" content=\"Javor\" \/>\n<meta name=\"twitter:card\" content=\"summary_large_image\" \/>\n<meta name=\"twitter:creator\" content=\"@LoudinJan\" \/>\n<meta name=\"twitter:label1\" content=\"Napsal(a)\" \/>\n\t<meta name=\"twitter:data1\" content=\"Javor\" \/>\n\t<meta name=\"twitter:label2\" content=\"Odhadovan\u00e1 doba \u010dten\u00ed\" \/>\n\t<meta name=\"twitter:data2\" content=\"3 minuty\" \/>\n<script type=\"application\/ld+json\" class=\"yoast-schema-graph\">{\"@context\":\"https:\/\/schema.org\",\"@graph\":[{\"@type\":\"Article\",\"@id\":\"https:\/\/evertonfc.cz\/index.php\/2020\/11\/23\/judging-blue-fulham-23\/#article\",\"isPartOf\":{\"@id\":\"https:\/\/evertonfc.cz\/index.php\/2020\/11\/23\/judging-blue-fulham-23\/\"},\"author\":{\"name\":\"Javor\",\"@id\":\"https:\/\/evertonfc.cz\/#\/schema\/person\/b30daf6a5852f4811f8207a17ec1bf78\"},\"headline\":\"Judging Blue: Fulham 2:3\",\"datePublished\":\"2020-11-23T18:19:59+00:00\",\"dateModified\":\"2020-11-23T18:19:59+00:00\",\"mainEntityOfPage\":{\"@id\":\"https:\/\/evertonfc.cz\/index.php\/2020\/11\/23\/judging-blue-fulham-23\/\"},\"wordCount\":511,\"commentCount\":3,\"publisher\":{\"@id\":\"https:\/\/evertonfc.cz\/#organization\"},\"image\":{\"@id\":\"https:\/\/evertonfc.cz\/index.php\/2020\/11\/23\/judging-blue-fulham-23\/#primaryimage\"},\"thumbnailUrl\":\"https:\/\/evertonfc.cz\/wp-content\/uploads\/2020\/11\/Judging-Blue.jpg\",\"articleSection\":[\"Blog\"],\"inLanguage\":\"cs\",\"potentialAction\":[{\"@type\":\"CommentAction\",\"name\":\"Comment\",\"target\":[\"https:\/\/evertonfc.cz\/index.php\/2020\/11\/23\/judging-blue-fulham-23\/#respond\"]}]},{\"@type\":\"WebPage\",\"@id\":\"https:\/\/evertonfc.cz\/index.php\/2020\/11\/23\/judging-blue-fulham-23\/\",\"url\":\"https:\/\/evertonfc.cz\/index.php\/2020\/11\/23\/judging-blue-fulham-23\/\",\"name\":\"Judging Blue: Fulham 2:3 - Official Czech &amp; Slovak Everton Supporters&#039; Club\",\"isPartOf\":{\"@id\":\"https:\/\/evertonfc.cz\/#website\"},\"primaryImageOfPage\":{\"@id\":\"https:\/\/evertonfc.cz\/index.php\/2020\/11\/23\/judging-blue-fulham-23\/#primaryimage\"},\"image\":{\"@id\":\"https:\/\/evertonfc.cz\/index.php\/2020\/11\/23\/judging-blue-fulham-23\/#primaryimage\"},\"thumbnailUrl\":\"https:\/\/evertonfc.cz\/wp-content\/uploads\/2020\/11\/Judging-Blue.jpg\",\"datePublished\":\"2020-11-23T18:19:59+00:00\",\"dateModified\":\"2020-11-23T18:19:59+00:00\",\"breadcrumb\":{\"@id\":\"https:\/\/evertonfc.cz\/index.php\/2020\/11\/23\/judging-blue-fulham-23\/#breadcrumb\"},\"inLanguage\":\"cs\",\"potentialAction\":[{\"@type\":\"ReadAction\",\"target\":[\"https:\/\/evertonfc.cz\/index.php\/2020\/11\/23\/judging-blue-fulham-23\/\"]}]},{\"@type\":\"ImageObject\",\"inLanguage\":\"cs\",\"@id\":\"https:\/\/evertonfc.cz\/index.php\/2020\/11\/23\/judging-blue-fulham-23\/#primaryimage\",\"url\":\"https:\/\/evertonfc.cz\/wp-content\/uploads\/2020\/11\/Judging-Blue.jpg\",\"contentUrl\":\"https:\/\/evertonfc.cz\/wp-content\/uploads\/2020\/11\/Judging-Blue.jpg\",\"width\":720,\"height\":405},{\"@type\":\"BreadcrumbList\",\"@id\":\"https:\/\/evertonfc.cz\/index.php\/2020\/11\/23\/judging-blue-fulham-23\/#breadcrumb\",\"itemListElement\":[{\"@type\":\"ListItem\",\"position\":1,\"name\":\"Home\",\"item\":\"https:\/\/evertonfc.cz\/\"},{\"@type\":\"ListItem\",\"position\":2,\"name\":\"Judging Blue: Fulham 2:3\"}]},{\"@type\":\"WebSite\",\"@id\":\"https:\/\/evertonfc.cz\/#website\",\"url\":\"https:\/\/evertonfc.cz\/\",\"name\":\"Official Czech &amp; Slovak Everton Supporters&#039; Club\",\"description\":\"\",\"publisher\":{\"@id\":\"https:\/\/evertonfc.cz\/#organization\"},\"potentialAction\":[{\"@type\":\"SearchAction\",\"target\":{\"@type\":\"EntryPoint\",\"urlTemplate\":\"https:\/\/evertonfc.cz\/?s={search_term_string}\"},\"query-input\":{\"@type\":\"PropertyValueSpecification\",\"valueRequired\":true,\"valueName\":\"search_term_string\"}}],\"inLanguage\":\"cs\"},{\"@type\":\"Organization\",\"@id\":\"https:\/\/evertonfc.cz\/#organization\",\"name\":\"Official Czech & Slovak Everton Supporters' Club\",\"url\":\"https:\/\/evertonfc.cz\/\",\"logo\":{\"@type\":\"ImageObject\",\"inLanguage\":\"cs\",\"@id\":\"https:\/\/evertonfc.cz\/#\/schema\/logo\/image\/\",\"url\":\"https:\/\/evertonfc.cz\/wp-content\/uploads\/2019\/05\/logo.png\",\"contentUrl\":\"https:\/\/evertonfc.cz\/wp-content\/uploads\/2019\/05\/logo.png\",\"width\":112,\"height\":112,\"caption\":\"Official Czech & Slovak Everton Supporters' Club\"},\"image\":{\"@id\":\"https:\/\/evertonfc.cz\/#\/schema\/logo\/image\/\"},\"sameAs\":[\"https:\/\/www.facebook.com\/everton.fans.cz.sk\"]},{\"@type\":\"Person\",\"@id\":\"https:\/\/evertonfc.cz\/#\/schema\/person\/b30daf6a5852f4811f8207a17ec1bf78\",\"name\":\"Javor\",\"sameAs\":[\"https:\/\/x.com\/LoudinJan\"],\"url\":\"https:\/\/evertonfc.cz\/index.php\/author\/javor\/\"}]}<\/script>\n<!-- \/ Yoast SEO plugin. -->","yoast_head_json":{"title":"Judging Blue: Fulham 2:3 - Official Czech &amp; Slovak Everton Supporters&#039; Club","robots":{"index":"index","follow":"follow","max-snippet":"max-snippet:-1","max-image-preview":"max-image-preview:large","max-video-preview":"max-video-preview:-1"},"canonical":"https:\/\/evertonfc.cz\/index.php\/2020\/11\/23\/judging-blue-fulham-23\/","og_locale":"cs_CZ","og_type":"article","og_title":"Judging Blue: Fulham 2:3 - Official Czech &amp; Slovak Everton Supporters&#039; Club","og_description":"Hodnocen\u00ed hr\u00e1\u010d\u016f po t\u011bsn\u00e9 v\u00fdh\u0159e nad Fulhamem. N\u00e1zory jsou zaujat\u00e9ho charakteru a nemus\u00ed se shodovat s realitou. Doporu\u010duje se komentovat podobn\u00fdm zp\u016fsobem.","og_url":"https:\/\/evertonfc.cz\/index.php\/2020\/11\/23\/judging-blue-fulham-23\/","og_site_name":"Official Czech &amp; Slovak Everton Supporters&#039; Club","article_publisher":"https:\/\/www.facebook.com\/everton.fans.cz.sk","article_published_time":"2020-11-23T18:19:59+00:00","og_image":[{"width":720,"height":405,"url":"https:\/\/evertonfc.cz\/wp-content\/uploads\/2020\/11\/Judging-Blue.jpg","type":"image\/jpeg"}],"author":"Javor","twitter_card":"summary_large_image","twitter_creator":"@LoudinJan","twitter_misc":{"Napsal(a)":"Javor","Odhadovan\u00e1 doba \u010dten\u00ed":"3 minuty"},"schema":{"@context":"https:\/\/schema.org","@graph":[{"@type":"Article","@id":"https:\/\/evertonfc.cz\/index.php\/2020\/11\/23\/judging-blue-fulham-23\/#article","isPartOf":{"@id":"https:\/\/evertonfc.cz\/index.php\/2020\/11\/23\/judging-blue-fulham-23\/"},"author":{"name":"Javor","@id":"https:\/\/evertonfc.cz\/#\/schema\/person\/b30daf6a5852f4811f8207a17ec1bf78"},"headline":"Judging Blue: Fulham 2:3","datePublished":"2020-11-23T18:19:59+00:00","dateModified":"2020-11-23T18:19:59+00:00","mainEntityOfPage":{"@id":"https:\/\/evertonfc.cz\/index.php\/2020\/11\/23\/judging-blue-fulham-23\/"},"wordCount":511,"commentCount":3,"publisher":{"@id":"https:\/\/evertonfc.cz\/#organization"},"image":{"@id":"https:\/\/evertonfc.cz\/index.php\/2020\/11\/23\/judging-blue-fulham-23\/#primaryimage"},"thumbnailUrl":"https:\/\/evertonfc.cz\/wp-content\/uploads\/2020\/11\/Judging-Blue.jpg","articleSection":["Blog"],"inLanguage":"cs","potentialAction":[{"@type":"CommentAction","name":"Comment","target":["https:\/\/evertonfc.cz\/index.php\/2020\/11\/23\/judging-blue-fulham-23\/#respond"]}]},{"@type":"WebPage","@id":"https:\/\/evertonfc.cz\/index.php\/2020\/11\/23\/judging-blue-fulham-23\/","url":"https:\/\/evertonfc.cz\/index.php\/2020\/11\/23\/judging-blue-fulham-23\/","name":"Judging Blue: Fulham 2:3 - Official Czech &amp; Slovak Everton Supporters&#039; Club","isPartOf":{"@id":"https:\/\/evertonfc.cz\/#website"},"primaryImageOfPage":{"@id":"https:\/\/evertonfc.cz\/index.php\/2020\/11\/23\/judging-blue-fulham-23\/#primaryimage"},"image":{"@id":"https:\/\/evertonfc.cz\/index.php\/2020\/11\/23\/judging-blue-fulham-23\/#primaryimage"},"thumbnailUrl":"https:\/\/evertonfc.cz\/wp-content\/uploads\/2020\/11\/Judging-Blue.jpg","datePublished":"2020-11-23T18:19:59+00:00","dateModified":"2020-11-23T18:19:59+00:00","breadcrumb":{"@id":"https:\/\/evertonfc.cz\/index.php\/2020\/11\/23\/judging-blue-fulham-23\/#breadcrumb"},"inLanguage":"cs","potentialAction":[{"@type":"ReadAction","target":["https:\/\/evertonfc.cz\/index.php\/2020\/11\/23\/judging-blue-fulham-23\/"]}]},{"@type":"ImageObject","inLanguage":"cs","@id":"https:\/\/evertonfc.cz\/index.php\/2020\/11\/23\/judging-blue-fulham-23\/#primaryimage","url":"https:\/\/evertonfc.cz\/wp-content\/uploads\/2020\/11\/Judging-Blue.jpg","contentUrl":"https:\/\/evertonfc.cz\/wp-content\/uploads\/2020\/11\/Judging-Blue.jpg","width":720,"height":405},{"@type":"BreadcrumbList","@id":"https:\/\/evertonfc.cz\/index.php\/2020\/11\/23\/judging-blue-fulham-23\/#breadcrumb","itemListElement":[{"@type":"ListItem","position":1,"name":"Home","item":"https:\/\/evertonfc.cz\/"},{"@type":"ListItem","position":2,"name":"Judging Blue: Fulham 2:3"}]},{"@type":"WebSite","@id":"https:\/\/evertonfc.cz\/#website","url":"https:\/\/evertonfc.cz\/","name":"Official Czech &amp; Slovak Everton Supporters&#039; Club","description":"","publisher":{"@id":"https:\/\/evertonfc.cz\/#organization"},"potentialAction":[{"@type":"SearchAction","target":{"@type":"EntryPoint","urlTemplate":"https:\/\/evertonfc.cz\/?s={search_term_string}"},"query-input":{"@type":"PropertyValueSpecification","valueRequired":true,"valueName":"search_term_string"}}],"inLanguage":"cs"},{"@type":"Organization","@id":"https:\/\/evertonfc.cz\/#organization","name":"Official Czech & Slovak Everton Supporters' Club","url":"https:\/\/evertonfc.cz\/","logo":{"@type":"ImageObject","inLanguage":"cs","@id":"https:\/\/evertonfc.cz\/#\/schema\/logo\/image\/","url":"https:\/\/evertonfc.cz\/wp-content\/uploads\/2019\/05\/logo.png","contentUrl":"https:\/\/evertonfc.cz\/wp-content\/uploads\/2019\/05\/logo.png","width":112,"height":112,"caption":"Official Czech & Slovak Everton Supporters' Club"},"image":{"@id":"https:\/\/evertonfc.cz\/#\/schema\/logo\/image\/"},"sameAs":["https:\/\/www.facebook.com\/everton.fans.cz.sk"]},{"@type":"Person","@id":"https:\/\/evertonfc.cz\/#\/schema\/person\/b30daf6a5852f4811f8207a17ec1bf78","name":"Javor","sameAs":["https:\/\/x.com\/LoudinJan"],"url":"https:\/\/evertonfc.cz\/index.php\/author\/javor\/"}]}},"_links":{"self":[{"href":"https:\/\/evertonfc.cz\/index.php\/wp-json\/wp\/v2\/posts\/13007"}],"collection":[{"href":"https:\/\/evertonfc.cz\/index.php\/wp-json\/wp\/v2\/posts"}],"about":[{"href":"https:\/\/evertonfc.cz\/index.php\/wp-json\/wp\/v2\/types\/post"}],"author":[{"embeddable":true,"href":"https:\/\/evertonfc.cz\/index.php\/wp-json\/wp\/v2\/users\/12"}],"replies":[{"embeddable":true,"href":"https:\/\/evertonfc.cz\/index.php\/wp-json\/wp\/v2\/comments?post=13007"}],"version-history":[{"count":4,"href":"https:\/\/evertonfc.cz\/index.php\/wp-json\/wp\/v2\/posts\/13007\/revisions"}],"predecessor-version":[{"id":13022,"href":"https:\/\/evertonfc.cz\/index.php\/wp-json\/wp\/v2\/posts\/13007\/revisions\/13022"}],"wp:featuredmedia":[{"embeddable":true,"href":"https:\/\/evertonfc.cz\/index.php\/wp-json\/wp\/v2\/media\/12876"}],"wp:attachment":[{"href":"https:\/\/evertonfc.cz\/index.php\/wp-json\/wp\/v2\/media?parent=13007"}],"wp:term":[{"taxonomy":"category","embeddable":true,"href":"https:\/\/evertonfc.cz\/index.php\/wp-json\/wp\/v2\/categories?post=13007"},{"taxonomy":"post_tag","embeddable":true,"href":"https:\/\/evertonfc.cz\/index.php\/wp-json\/wp\/v2\/tags?post=13007"}],"curies":[{"name":"wp","href":"https:\/\/api.w.org\/{rel}","templated":true}]}}