{"id":13032,"date":"2020-11-27T21:23:50","date_gmt":"2020-11-27T20:23:50","guid":{"rendered":"https:\/\/evertonfc.cz\/?p=13032"},"modified":"2020-11-27T22:56:51","modified_gmt":"2020-11-27T21:56:51","slug":"preview-everton-leeds-united","status":"publish","type":"post","link":"https:\/\/evertonfc.cz\/index.php\/2020\/11\/27\/preview-everton-leeds-united\/","title":{"rendered":"Preview: Everton &#8211; Leeds United"},"content":{"rendered":"<h4>S\u00e9rie z\u00e1pas\u016f proti slab\u0161\u00edm t\u00fdm\u016fm pokra\u010duje&#8230;<\/h4>\n<p>Na Fulhamu se splnila povinnost, ale i kv\u016fli tomu, \u017ee Cottagers neum\u00ed zahr\u00e1vat penalty. Nicm\u00e9n\u011b je tu dal\u0161\u00ed kolo a na Goodison Park p\u0159ij\u00ed\u017ed\u00ed znovu nov\u00e1\u010dek. Kdy\u017e t\u00fdm z Elland Road hr\u00e1l naposledy proti Evertonu, tak se psal rok 2003, Moyes byl je\u0161t\u011b na za\u010d\u00e1tku sv\u00e9ho anga\u017em\u00e1 v klubu a v \u00fatoku se to\u010dila trojice Ferguson-Radzinski-Rooney. Pr\u00e1v\u011b sou\u010dasn\u00fd asistent mana\u017eera vzpom\u00edn\u00e1 na utk\u00e1n\u00ed ze z\u00e1\u0159\u00ed 2003 na Goodison Road celkem r\u00e1d, g\u00f3lem p\u0159isp\u011bl k v\u00edt\u011bzstv\u00ed 4:0. Ze zn\u00e1m\u011bj\u0161\u00edch jmen tehdej\u0161\u00edho k\u00e1dru Leedsu p\u0159ipomenu aspo\u0148 Pennanta, Viduku \u010di budouc\u00edho plejera Evertonu Lennona.<\/p>\n<p>Rozepisovat tu s\u00e1hodlouze historii klubu smysl nem\u00e1, tak jen stru\u010dn\u011b konstatuji, \u017ee vyhr\u00e1l t\u0159i tituly a suver\u00e9nn\u011b nej\u00fasp\u011b\u0161n\u011bj\u0161\u00edm obdob\u00edm byla 60. l\u00e9ta a prvn\u00ed polovina t\u011bch 70. pod veden\u00edm Dona Revieho, kdy klub vyhr\u00e1l dva tituly, p\u011btkr\u00e1t byl druh\u00fd a \u010dty\u0159ikr\u00e1t hr\u00e1l fin\u00e1le Anglick\u00e9ho poh\u00e1ru, p\u0159i\u010dem\u017e jedno zvl\u00e1dl vyhr\u00e1t. V z\u00e1lo\u017en\u00ed \u0159ad\u011b z\u00e1\u0159ila dvojice Bremner a Yorath, v \u00fatoku Lorimer a Jordan. Posledn\u00ed titul je ze sez\u00f3ny 1991-1992, z\u00e1loha ve slo\u017een\u00ed Speed-Batty-McAllister-Strachan nem\u011bla konkurenci a podeps\u00e1n\u00ed Cantony na druhou polovinu sez\u00f3ny klubu taky neu\u0161kodilo.<\/p>\n<p>Leeds m\u00e1 jako nov\u00e1\u010dek jedinou ambici &#8211; zachr\u00e1nit se. V sou\u010dasnosti je s pasivn\u00edm sk\u00f3re \u010dtrn\u00e1ct\u00fd, p\u0159i\u010dem\u017e pozn\u00e1v\u00e1 strasti prvn\u00ed sez\u00f3ny v Premier League. \u010cty\u0159i body z posledn\u00edch p\u011bti z\u00e1pas\u016f opravdu nejsou v\u011bci, kterou se klub m\u016f\u017ee chlubit. Co\u017e o to, start byl p\u011bkn\u00fd, ale n\u011bjak do\u0161el dech &#8211; v posledn\u00edm z\u00e1pase nedok\u00e1zali doma porazit Arsenal, kter\u00fd dohr\u00e1val o deseti a v p\u0159edchoz\u00edch dvou dostali od Crystalu Palace a od Leicesteru \u010dty\u0159g\u00f3lov\u00fd p\u0159\u00edd\u011bl. Obrana m\u00e1 rozhodn\u011b d\u00edry a \u00fatok Evertonu v \u010dele s Calvertem-Lewinem by je m\u011bl vyu\u017e\u00edt.<\/p>\n<p>Host\u016fm budou chyb\u011bt Hernandez, Llorente a Shackleton, dlouhodob\u00fdm absent\u00e9rem je b\u00fdval\u00fd Evertonian Forshaw. Dom\u00e1c\u00ed ale maj\u00ed \u0161patnou zpr\u00e1vu ze v\u010derej\u0161ka. Na tr\u00e9ninku si v\u00e1\u017en\u011b zranil kotn\u00edk Digne a jeho absenci odhadl mana\u017eer Ancelotti na 2-3 m\u011bs\u00edce. Podstoupit operaci by m\u011bl v pond\u011bl\u00ed. No a kdy\u017e vememe v \u00favahu, \u017ee nen\u00ed k dispozici kapit\u00e1n Coleman a Kennyho v ned\u011bli nebyl ani na lavi\u010dce, tak m\u00e1 Everton r\u00e1zem probl\u00e9my s krajn\u00edmi obr\u00e1nci. Nab\u00edz\u00ed se hr\u00e1t se t\u0159emi stopery a obsadit Nkounkoua s Iwobim do rol\u00ed wingback\u016f. Jen dopln\u00edm, \u017ee Gbamin by m\u011bl za\u010d\u00edt tr\u00e9novat s prvn\u00edm t\u00fddnem za dva t\u00fddny.<\/p>\n<p><strong>Co:\u00a0<\/strong>Everton FC &#8211; Leeds United FC, 10. kolo Premier League<br \/>\n<strong>Kdy:\u00a0<\/strong>28. 11. 2020 od 18:30<br \/>\n<strong>Kde:<\/strong> Goodison Park<br \/>\n<strong>TV:\u00a0<\/strong>P\u0159\u00edm\u00fd p\u0159enos na stanici Premier Sport<br \/>\n<strong>Rozhod\u010d\u00ed:\u00a0<\/strong>Chris Kavangh &#8211; Dan Cook, Constantine Hatzidakis\u00a0<strong>\u010ctvrt\u00fd rozhod\u010d\u00ed:\u00a0<\/strong>Darren England<br \/>\n<strong>Videorozhod\u010d\u00ed:\u00a0<\/strong>Andre Marriner\u00a0<strong>Asistent videorozhod\u010d\u00edho:<\/strong>\u00a0Lee Betts<\/p>\n","protected":false},"excerpt":{"rendered":"<p>S\u00e9rie z\u00e1pas\u016f proti slab\u0161\u00edm t\u00fdm\u016fm pokra\u010duje&#8230;<\/p>\n","protected":false},"author":12,"featured_media":13029,"comment_status":"open","ping_status":"closed","sticky":false,"template":"","format":"standard","meta":{"_eb_attr":"","_monsterinsights_skip_tracking":false,"_monsterinsights_sitenote_active":false,"_monsterinsights_sitenote_note":"","_monsterinsights_sitenote_category":0,"footnotes":""},"categories":[4],"tags":[],"yoast_head":"<!-- This site is optimized with the Yoast SEO plugin v23.4 - https:\/\/yoast.com\/wordpress\/plugins\/seo\/ -->\n<title>Preview: Everton - Leeds United - Official Czech &amp; Slovak Everton Supporters&#039; Club<\/title>\n<meta name=\"description\" content=\"S\u00e9rie z\u00e1pas\u016f proti slab\u0161\u00edm t\u00fdm\u016fm pokra\u010duje...\" \/>\n<meta name=\"robots\" content=\"index, follow, max-snippet:-1, max-image-preview:large, max-video-preview:-1\" \/>\n<link rel=\"canonical\" href=\"https:\/\/evertonfc.cz\/index.php\/2020\/11\/27\/preview-everton-leeds-united\/\" \/>\n<meta property=\"og:locale\" content=\"cs_CZ\" \/>\n<meta property=\"og:type\" content=\"article\" \/>\n<meta property=\"og:title\" content=\"Preview: Everton - Leeds United - Official Czech &amp; Slovak Everton Supporters&#039; Club\" \/>\n<meta property=\"og:description\" content=\"S\u00e9rie z\u00e1pas\u016f proti slab\u0161\u00edm t\u00fdm\u016fm pokra\u010duje...\" \/>\n<meta property=\"og:url\" content=\"https:\/\/evertonfc.cz\/index.php\/2020\/11\/27\/preview-everton-leeds-united\/\" \/>\n<meta property=\"og:site_name\" content=\"Official Czech &amp; Slovak Everton Supporters&#039; Club\" \/>\n<meta property=\"article:publisher\" content=\"https:\/\/www.facebook.com\/everton.fans.cz.sk\" \/>\n<meta property=\"article:published_time\" content=\"2020-11-27T20:23:50+00:00\" \/>\n<meta property=\"article:modified_time\" content=\"2020-11-27T21:56:51+00:00\" \/>\n<meta property=\"og:image\" content=\"https:\/\/evertonfc.cz\/wp-content\/uploads\/2020\/11\/Everton-VS-Leeds-United-27-11-2020.jpg\" \/>\n\t<meta property=\"og:image:width\" content=\"720\" \/>\n\t<meta property=\"og:image:height\" content=\"405\" \/>\n\t<meta property=\"og:image:type\" content=\"image\/jpeg\" \/>\n<meta name=\"author\" content=\"Javor\" \/>\n<meta name=\"twitter:card\" content=\"summary_large_image\" \/>\n<meta name=\"twitter:creator\" content=\"@LoudinJan\" \/>\n<meta name=\"twitter:label1\" content=\"Napsal(a)\" \/>\n\t<meta name=\"twitter:data1\" content=\"Javor\" \/>\n\t<meta name=\"twitter:label2\" content=\"Odhadovan\u00e1 doba \u010dten\u00ed\" \/>\n\t<meta name=\"twitter:data2\" content=\"3 minuty\" \/>\n<script type=\"application\/ld+json\" class=\"yoast-schema-graph\">{\"@context\":\"https:\/\/schema.org\",\"@graph\":[{\"@type\":\"Article\",\"@id\":\"https:\/\/evertonfc.cz\/index.php\/2020\/11\/27\/preview-everton-leeds-united\/#article\",\"isPartOf\":{\"@id\":\"https:\/\/evertonfc.cz\/index.php\/2020\/11\/27\/preview-everton-leeds-united\/\"},\"author\":{\"name\":\"Javor\",\"@id\":\"https:\/\/evertonfc.cz\/#\/schema\/person\/b30daf6a5852f4811f8207a17ec1bf78\"},\"headline\":\"Preview: Everton &#8211; Leeds United\",\"datePublished\":\"2020-11-27T20:23:50+00:00\",\"dateModified\":\"2020-11-27T21:56:51+00:00\",\"mainEntityOfPage\":{\"@id\":\"https:\/\/evertonfc.cz\/index.php\/2020\/11\/27\/preview-everton-leeds-united\/\"},\"wordCount\":550,\"commentCount\":15,\"publisher\":{\"@id\":\"https:\/\/evertonfc.cz\/#organization\"},\"image\":{\"@id\":\"https:\/\/evertonfc.cz\/index.php\/2020\/11\/27\/preview-everton-leeds-united\/#primaryimage\"},\"thumbnailUrl\":\"https:\/\/evertonfc.cz\/wp-content\/uploads\/2020\/11\/Everton-VS-Leeds-United-27-11-2020.jpg\",\"articleSection\":[\"Z\u00e1pasy\"],\"inLanguage\":\"cs\",\"potentialAction\":[{\"@type\":\"CommentAction\",\"name\":\"Comment\",\"target\":[\"https:\/\/evertonfc.cz\/index.php\/2020\/11\/27\/preview-everton-leeds-united\/#respond\"]}]},{\"@type\":\"WebPage\",\"@id\":\"https:\/\/evertonfc.cz\/index.php\/2020\/11\/27\/preview-everton-leeds-united\/\",\"url\":\"https:\/\/evertonfc.cz\/index.php\/2020\/11\/27\/preview-everton-leeds-united\/\",\"name\":\"Preview: Everton - Leeds United - Official Czech &amp; Slovak Everton Supporters&#039; Club\",\"isPartOf\":{\"@id\":\"https:\/\/evertonfc.cz\/#website\"},\"primaryImageOfPage\":{\"@id\":\"https:\/\/evertonfc.cz\/index.php\/2020\/11\/27\/preview-everton-leeds-united\/#primaryimage\"},\"image\":{\"@id\":\"https:\/\/evertonfc.cz\/index.php\/2020\/11\/27\/preview-everton-leeds-united\/#primaryimage\"},\"thumbnailUrl\":\"https:\/\/evertonfc.cz\/wp-content\/uploads\/2020\/11\/Everton-VS-Leeds-United-27-11-2020.jpg\",\"datePublished\":\"2020-11-27T20:23:50+00:00\",\"dateModified\":\"2020-11-27T21:56:51+00:00\",\"description\":\"S\u00e9rie z\u00e1pas\u016f proti slab\u0161\u00edm t\u00fdm\u016fm pokra\u010duje...\",\"breadcrumb\":{\"@id\":\"https:\/\/evertonfc.cz\/index.php\/2020\/11\/27\/preview-everton-leeds-united\/#breadcrumb\"},\"inLanguage\":\"cs\",\"potentialAction\":[{\"@type\":\"ReadAction\",\"target\":[\"https:\/\/evertonfc.cz\/index.php\/2020\/11\/27\/preview-everton-leeds-united\/\"]}]},{\"@type\":\"ImageObject\",\"inLanguage\":\"cs\",\"@id\":\"https:\/\/evertonfc.cz\/index.php\/2020\/11\/27\/preview-everton-leeds-united\/#primaryimage\",\"url\":\"https:\/\/evertonfc.cz\/wp-content\/uploads\/2020\/11\/Everton-VS-Leeds-United-27-11-2020.jpg\",\"contentUrl\":\"https:\/\/evertonfc.cz\/wp-content\/uploads\/2020\/11\/Everton-VS-Leeds-United-27-11-2020.jpg\",\"width\":720,\"height\":405},{\"@type\":\"BreadcrumbList\",\"@id\":\"https:\/\/evertonfc.cz\/index.php\/2020\/11\/27\/preview-everton-leeds-united\/#breadcrumb\",\"itemListElement\":[{\"@type\":\"ListItem\",\"position\":1,\"name\":\"Home\",\"item\":\"https:\/\/evertonfc.cz\/\"},{\"@type\":\"ListItem\",\"position\":2,\"name\":\"Preview: Everton &#8211; Leeds United\"}]},{\"@type\":\"WebSite\",\"@id\":\"https:\/\/evertonfc.cz\/#website\",\"url\":\"https:\/\/evertonfc.cz\/\",\"name\":\"Official Czech &amp; Slovak Everton Supporters&#039; Club\",\"description\":\"\",\"publisher\":{\"@id\":\"https:\/\/evertonfc.cz\/#organization\"},\"potentialAction\":[{\"@type\":\"SearchAction\",\"target\":{\"@type\":\"EntryPoint\",\"urlTemplate\":\"https:\/\/evertonfc.cz\/?s={search_term_string}\"},\"query-input\":{\"@type\":\"PropertyValueSpecification\",\"valueRequired\":true,\"valueName\":\"search_term_string\"}}],\"inLanguage\":\"cs\"},{\"@type\":\"Organization\",\"@id\":\"https:\/\/evertonfc.cz\/#organization\",\"name\":\"Official Czech & Slovak Everton Supporters' Club\",\"url\":\"https:\/\/evertonfc.cz\/\",\"logo\":{\"@type\":\"ImageObject\",\"inLanguage\":\"cs\",\"@id\":\"https:\/\/evertonfc.cz\/#\/schema\/logo\/image\/\",\"url\":\"https:\/\/evertonfc.cz\/wp-content\/uploads\/2019\/05\/logo.png\",\"contentUrl\":\"https:\/\/evertonfc.cz\/wp-content\/uploads\/2019\/05\/logo.png\",\"width\":112,\"height\":112,\"caption\":\"Official Czech & Slovak Everton Supporters' Club\"},\"image\":{\"@id\":\"https:\/\/evertonfc.cz\/#\/schema\/logo\/image\/\"},\"sameAs\":[\"https:\/\/www.facebook.com\/everton.fans.cz.sk\"]},{\"@type\":\"Person\",\"@id\":\"https:\/\/evertonfc.cz\/#\/schema\/person\/b30daf6a5852f4811f8207a17ec1bf78\",\"name\":\"Javor\",\"sameAs\":[\"https:\/\/x.com\/LoudinJan\"],\"url\":\"https:\/\/evertonfc.cz\/index.php\/author\/javor\/\"}]}<\/script>\n<!-- \/ Yoast SEO plugin. -->","yoast_head_json":{"title":"Preview: Everton - Leeds United - Official Czech &amp; Slovak Everton Supporters&#039; Club","description":"S\u00e9rie z\u00e1pas\u016f proti slab\u0161\u00edm t\u00fdm\u016fm pokra\u010duje...","robots":{"index":"index","follow":"follow","max-snippet":"max-snippet:-1","max-image-preview":"max-image-preview:large","max-video-preview":"max-video-preview:-1"},"canonical":"https:\/\/evertonfc.cz\/index.php\/2020\/11\/27\/preview-everton-leeds-united\/","og_locale":"cs_CZ","og_type":"article","og_title":"Preview: Everton - Leeds United - Official Czech &amp; Slovak Everton Supporters&#039; Club","og_description":"S\u00e9rie z\u00e1pas\u016f proti slab\u0161\u00edm t\u00fdm\u016fm pokra\u010duje...","og_url":"https:\/\/evertonfc.cz\/index.php\/2020\/11\/27\/preview-everton-leeds-united\/","og_site_name":"Official Czech &amp; Slovak Everton Supporters&#039; Club","article_publisher":"https:\/\/www.facebook.com\/everton.fans.cz.sk","article_published_time":"2020-11-27T20:23:50+00:00","article_modified_time":"2020-11-27T21:56:51+00:00","og_image":[{"width":720,"height":405,"url":"https:\/\/evertonfc.cz\/wp-content\/uploads\/2020\/11\/Everton-VS-Leeds-United-27-11-2020.jpg","type":"image\/jpeg"}],"author":"Javor","twitter_card":"summary_large_image","twitter_creator":"@LoudinJan","twitter_misc":{"Napsal(a)":"Javor","Odhadovan\u00e1 doba \u010dten\u00ed":"3 minuty"},"schema":{"@context":"https:\/\/schema.org","@graph":[{"@type":"Article","@id":"https:\/\/evertonfc.cz\/index.php\/2020\/11\/27\/preview-everton-leeds-united\/#article","isPartOf":{"@id":"https:\/\/evertonfc.cz\/index.php\/2020\/11\/27\/preview-everton-leeds-united\/"},"author":{"name":"Javor","@id":"https:\/\/evertonfc.cz\/#\/schema\/person\/b30daf6a5852f4811f8207a17ec1bf78"},"headline":"Preview: Everton &#8211; Leeds United","datePublished":"2020-11-27T20:23:50+00:00","dateModified":"2020-11-27T21:56:51+00:00","mainEntityOfPage":{"@id":"https:\/\/evertonfc.cz\/index.php\/2020\/11\/27\/preview-everton-leeds-united\/"},"wordCount":550,"commentCount":15,"publisher":{"@id":"https:\/\/evertonfc.cz\/#organization"},"image":{"@id":"https:\/\/evertonfc.cz\/index.php\/2020\/11\/27\/preview-everton-leeds-united\/#primaryimage"},"thumbnailUrl":"https:\/\/evertonfc.cz\/wp-content\/uploads\/2020\/11\/Everton-VS-Leeds-United-27-11-2020.jpg","articleSection":["Z\u00e1pasy"],"inLanguage":"cs","potentialAction":[{"@type":"CommentAction","name":"Comment","target":["https:\/\/evertonfc.cz\/index.php\/2020\/11\/27\/preview-everton-leeds-united\/#respond"]}]},{"@type":"WebPage","@id":"https:\/\/evertonfc.cz\/index.php\/2020\/11\/27\/preview-everton-leeds-united\/","url":"https:\/\/evertonfc.cz\/index.php\/2020\/11\/27\/preview-everton-leeds-united\/","name":"Preview: Everton - Leeds United - Official Czech &amp; Slovak Everton Supporters&#039; Club","isPartOf":{"@id":"https:\/\/evertonfc.cz\/#website"},"primaryImageOfPage":{"@id":"https:\/\/evertonfc.cz\/index.php\/2020\/11\/27\/preview-everton-leeds-united\/#primaryimage"},"image":{"@id":"https:\/\/evertonfc.cz\/index.php\/2020\/11\/27\/preview-everton-leeds-united\/#primaryimage"},"thumbnailUrl":"https:\/\/evertonfc.cz\/wp-content\/uploads\/2020\/11\/Everton-VS-Leeds-United-27-11-2020.jpg","datePublished":"2020-11-27T20:23:50+00:00","dateModified":"2020-11-27T21:56:51+00:00","description":"S\u00e9rie z\u00e1pas\u016f proti slab\u0161\u00edm t\u00fdm\u016fm pokra\u010duje...","breadcrumb":{"@id":"https:\/\/evertonfc.cz\/index.php\/2020\/11\/27\/preview-everton-leeds-united\/#breadcrumb"},"inLanguage":"cs","potentialAction":[{"@type":"ReadAction","target":["https:\/\/evertonfc.cz\/index.php\/2020\/11\/27\/preview-everton-leeds-united\/"]}]},{"@type":"ImageObject","inLanguage":"cs","@id":"https:\/\/evertonfc.cz\/index.php\/2020\/11\/27\/preview-everton-leeds-united\/#primaryimage","url":"https:\/\/evertonfc.cz\/wp-content\/uploads\/2020\/11\/Everton-VS-Leeds-United-27-11-2020.jpg","contentUrl":"https:\/\/evertonfc.cz\/wp-content\/uploads\/2020\/11\/Everton-VS-Leeds-United-27-11-2020.jpg","width":720,"height":405},{"@type":"BreadcrumbList","@id":"https:\/\/evertonfc.cz\/index.php\/2020\/11\/27\/preview-everton-leeds-united\/#breadcrumb","itemListElement":[{"@type":"ListItem","position":1,"name":"Home","item":"https:\/\/evertonfc.cz\/"},{"@type":"ListItem","position":2,"name":"Preview: Everton &#8211; Leeds United"}]},{"@type":"WebSite","@id":"https:\/\/evertonfc.cz\/#website","url":"https:\/\/evertonfc.cz\/","name":"Official Czech &amp; Slovak Everton Supporters&#039; Club","description":"","publisher":{"@id":"https:\/\/evertonfc.cz\/#organization"},"potentialAction":[{"@type":"SearchAction","target":{"@type":"EntryPoint","urlTemplate":"https:\/\/evertonfc.cz\/?s={search_term_string}"},"query-input":{"@type":"PropertyValueSpecification","valueRequired":true,"valueName":"search_term_string"}}],"inLanguage":"cs"},{"@type":"Organization","@id":"https:\/\/evertonfc.cz\/#organization","name":"Official Czech & Slovak Everton Supporters' Club","url":"https:\/\/evertonfc.cz\/","logo":{"@type":"ImageObject","inLanguage":"cs","@id":"https:\/\/evertonfc.cz\/#\/schema\/logo\/image\/","url":"https:\/\/evertonfc.cz\/wp-content\/uploads\/2019\/05\/logo.png","contentUrl":"https:\/\/evertonfc.cz\/wp-content\/uploads\/2019\/05\/logo.png","width":112,"height":112,"caption":"Official Czech & Slovak Everton Supporters' Club"},"image":{"@id":"https:\/\/evertonfc.cz\/#\/schema\/logo\/image\/"},"sameAs":["https:\/\/www.facebook.com\/everton.fans.cz.sk"]},{"@type":"Person","@id":"https:\/\/evertonfc.cz\/#\/schema\/person\/b30daf6a5852f4811f8207a17ec1bf78","name":"Javor","sameAs":["https:\/\/x.com\/LoudinJan"],"url":"https:\/\/evertonfc.cz\/index.php\/author\/javor\/"}]}},"_links":{"self":[{"href":"https:\/\/evertonfc.cz\/index.php\/wp-json\/wp\/v2\/posts\/13032"}],"collection":[{"href":"https:\/\/evertonfc.cz\/index.php\/wp-json\/wp\/v2\/posts"}],"about":[{"href":"https:\/\/evertonfc.cz\/index.php\/wp-json\/wp\/v2\/types\/post"}],"author":[{"embeddable":true,"href":"https:\/\/evertonfc.cz\/index.php\/wp-json\/wp\/v2\/users\/12"}],"replies":[{"embeddable":true,"href":"https:\/\/evertonfc.cz\/index.php\/wp-json\/wp\/v2\/comments?post=13032"}],"version-history":[{"count":5,"href":"https:\/\/evertonfc.cz\/index.php\/wp-json\/wp\/v2\/posts\/13032\/revisions"}],"predecessor-version":[{"id":13038,"href":"https:\/\/evertonfc.cz\/index.php\/wp-json\/wp\/v2\/posts\/13032\/revisions\/13038"}],"wp:featuredmedia":[{"embeddable":true,"href":"https:\/\/evertonfc.cz\/index.php\/wp-json\/wp\/v2\/media\/13029"}],"wp:attachment":[{"href":"https:\/\/evertonfc.cz\/index.php\/wp-json\/wp\/v2\/media?parent=13032"}],"wp:term":[{"taxonomy":"category","embeddable":true,"href":"https:\/\/evertonfc.cz\/index.php\/wp-json\/wp\/v2\/categories?post=13032"},{"taxonomy":"post_tag","embeddable":true,"href":"https:\/\/evertonfc.cz\/index.php\/wp-json\/wp\/v2\/tags?post=13032"}],"curies":[{"name":"wp","href":"https:\/\/api.w.org\/{rel}","templated":true}]}}