{"id":13041,"date":"2020-11-28T15:50:23","date_gmt":"2020-11-28T14:50:23","guid":{"rendered":"https:\/\/evertonfc.cz\/?p=13041"},"modified":"2020-11-28T23:41:23","modified_gmt":"2020-11-28T22:41:23","slug":"gomes-sa-stale-neciti-fit","status":"publish","type":"post","link":"https:\/\/evertonfc.cz\/index.php\/2020\/11\/28\/gomes-sa-stale-neciti-fit\/","title":{"rendered":"Gomes sa st\u00e1le nec\u00edti fit"},"content":{"rendered":"<h4>Portugalsk\u00fd \u0161p\u00edlmacher sa v\u00fdkonovo po skvelom za\u010diatku sez\u00f3ny odml\u010dal. Stratil miesto v\u00a0z\u00e1kladnej zostave a\u00a0st\u00e1le sa sna\u017e\u00ed nadviaza\u0165 na v\u00fdkony spred zlomeniny \u010dlenka.<\/h4>\n<p>N\u00e1vrat stredn\u00e9ho z\u00e1lo\u017en\u00edka z v\u00e1\u017eneho zranenia sa musel pozastavi\u0165, ke\u010f sa v marci futbalov\u00fd svet prestal to\u010di\u0165 pre pand\u00e9miu koronav\u00edrusu. Portugal\u010dan nast\u00fapil len na dve stretnutia po r\u00fdchlom n\u00e1vrate z oper\u00e1cie, a sez\u00f3na 2019\/20 bola odlo\u017een\u00e1 na neur\u010dito. Ke\u010f sa rozhovoril pre z\u00e1pasov\u00fd program Evertonu pre tohtov\u00edkendov\u00fa n\u00e1v\u0161tevu Leeds United v Goodison Parku, Gomes pripustil, \u017ee po preru\u0161ovan\u00fdch dvan\u00e1stich mesiacoch sa st\u00e1le sna\u017e\u00ed dosiahnu\u0165 pln\u00fa kond\u00edciu a z\u00e1sadn\u00fdm sp\u00f4sobom prispie\u0165 k novej sez\u00f3ne.<\/p>\n<p><em>\u201ePravdou je, \u017ee sa st\u00e1le sna\u017e\u00edm n\u00e1js\u0165 svoj najlep\u0161\u00ed pocit, dosta\u0165 sa do kond\u00edcie, pripravi\u0165 sa na sto percent na cel\u00fd z\u00e1pas.\u201c<\/em> uviedol Gomes. <em>\u201eV posledn\u00fdch mesiacoch, po pand\u00e9mii, som to mal fyzicky \u0165a\u017ek\u00e9. M\u00f4\u017ee sa zmeni\u0165 ve\u013ea detailov, napr\u00edklad moja postava alebo to, ako fit sa c\u00edtim. Ke\u010f sme sa vr\u00e1tili po prvom lockdowne, mal som na jednom mieste mal\u00e9 zranenie, potom na inom mieste nie\u010do in\u00e9, a to v\u0161etko preto\u017ee som sa sna\u017eil niektor\u00e9 veci kompenzova\u0165 po n\u00e1vrate z ve\u013ek\u00e9ho zranenia.\u201c<\/em><\/p>\n<p>Gomes, ktor\u00e9ho prvotn\u00fd n\u00e1vrat po zranen\u00ed pri\u0161iel z lavi\u010dky proti Arsenalu vo febru\u00e1ri, nastal presne 112 dn\u00ed po ne\u0161\u0165astnom z\u00e1pase s Tottenhamom Hotspur. Po re\u0161tarte ligy pravidelne hr\u00e1val pod Carlom Ancelottim, ale po troch otv\u00e1rac\u00edch z\u00e1pasoch Evertonu novej sez\u00f3ny hral len v dvoch z posledn\u00fdch \u0161iestich z\u00e1pasov. Uplynul\u00e9 dva duely Evertonu sledoval z lavi\u010dky po jeho poslednom vyst\u00fapen\u00ed, nemastnej neslanej dom\u00e1cej prehre 1:2 proti Newcastle United, ktor\u00e9 sa hralo pred \u0161tyrmi t\u00fd\u017ed\u0148ami.<\/p>\n<p><em>\u201eSna\u017eil som sa da\u0165 do poriadku a znovu z\u00edska\u0165 silu. Mali sme kr\u00e1tku pr\u00edpravu pred deviatimi z\u00e1pasmi v rozmedz\u00ed dvoch mesiacov. Potom sme mali kr\u00e1tku prest\u00e1vku a \u010fal\u0161iu mal\u00fa predsez\u00f3nu, ke\u010f som potreboval min\u00faty. Bolo by pre m\u0148a ide\u00e1lne ma\u0165 v\u0161etok ten \u010das na zotavenie a norm\u00e1lnu pr\u00edpravu. Teraz pracujem na tom, aby som sa c\u00edtil \u010do najlep\u0161ie, sna\u017e\u00edm sa ma\u0165 istotu, ke\u010f hr\u00e1me. Ale viac ako \u010doko\u013evek in\u00e9 sa sna\u017e\u00edm fyzicky zlep\u0161ova\u0165.\u201c<\/em><\/p>\n<h4>Ancelottiho starostlivos\u0165<\/h4>\n<p>Dvadsa\u0165sedemro\u010dn\u00fd hr\u00e1\u010d prizn\u00e1va z\u00e1pasenie s v\u00e1\u017enym zranen\u00edm, ktor\u00e9 si vyn\u00fatilo zmenu jeho osobnosti k lep\u0161iemu. Andr\u00e9 bol pand\u00e9miou dokonca aj osobne zasiahnut\u00fd, ke\u010f zomrela jeho babi\u010dka z matkinej strany. T\u00e1 \u017eila v rodinnom dome, ktor\u00fd Gomes opustil ako sedemn\u00e1s\u0165ro\u010dn\u00fd pre ponuku od portugalskej Benficy Lisabon. V septembri, ke\u010f zomrela, hr\u00e1\u010d nemohol cestova\u0165 za svojou rodinou.<\/p>\n<p><em>\u201eChcete hra\u0165, tak ak nehr\u00e1te, bude v\u00e1s to tr\u00e1pi\u0165 &#8211; inak je nie\u010do zle, v\u0161ak?\u201c<\/em> povedal Gomes. <em>\u201eAle Carlo sa chce v\u017edy s vami rozpr\u00e1va\u0165, aby ste pochopili, o \u010do ide. Niekedy sa in\u00fdm hr\u00e1\u010dom dar\u00ed lep\u0161ie&#8230; tak to je teraz. Ale najd\u00f4le\u017eitej\u0161ou vecou ke\u010f nehr\u00e1te je, \u017ee mana\u017e\u00e9r b\u00fdva skuto\u010dne r\u00e1d hr\u00e1\u010dom nabl\u00edzku. Nez\u00e1le\u017e\u00ed na tom, \u010di s\u00fa to hr\u00e1\u010di, ktor\u00ed hraj\u00fa pravidelne, s\u00fa len na lavi\u010dke alebo v h\u013eadisku &#8211; hovor\u00ed s ka\u017ed\u00fdm.\u201c<\/em><\/p>\n<p><em>\u201e\u010clovek sa c\u00edti pohodlne s t\u00fdm, \u010do hovor\u00ed. V\u0161etci hr\u00e1\u010di s\u00fa d\u00f4le\u017eit\u00ed v r\u00f4znych situ\u00e1ci\u00e1ch, ale iba jeden\u00e1s\u0165 m\u00f4\u017ee nast\u00fapi\u0165. S\u00fa\u010das\u0165ou mojej pr\u00e1ce je urobi\u0165 v\u0161etko pre to, aby som sa vr\u00e1til sp\u00e4\u0165. T\u00fato sez\u00f3nu to bolo \u0165a\u017ek\u00e9. Pri\u0161iel som po ve\u013ekom zranen\u00ed a sna\u017eil som sa dosta\u0165 do perfektnej formy a c\u00edti\u0165 sa na ihrisku naozaj dobre a pracova\u0165 na tom. Chcem pom\u00f4c\u0165 t\u00edmu dosiahnu\u0165 ciele, ktor\u00e9 o\u010dak\u00e1vame tento rok.\u201c<\/em><\/p>\n<p style=\"text-align: right;\"><span style=\"font-size: 8pt;\">(fotozdroj: evertonfc.com)<\/span><\/p>\n","protected":false},"excerpt":{"rendered":"<p>Portugalsk\u00fd \u0161p\u00edlmacher sa v\u00fdkonovo po skvelom za\u010diatku sez\u00f3ny odml\u010dal. Stratil miesto v\u00a0z\u00e1kladnej zostave a\u00a0st\u00e1le sa sna\u017e\u00ed nadviaza\u0165 na v\u00fdkony spred zlomeniny \u010dlenka.<\/p>\n","protected":false},"author":1,"featured_media":13042,"comment_status":"open","ping_status":"closed","sticky":false,"template":"","format":"standard","meta":{"_eb_attr":"","_monsterinsights_skip_tracking":false,"_monsterinsights_sitenote_active":false,"_monsterinsights_sitenote_note":"","_monsterinsights_sitenote_category":0,"footnotes":""},"categories":[1],"tags":[],"yoast_head":"<!-- This site is optimized with the Yoast SEO plugin v23.4 - https:\/\/yoast.com\/wordpress\/plugins\/seo\/ -->\n<title>Gomes sa st\u00e1le nec\u00edti fit - Official Czech &amp; Slovak Everton Supporters&#039; Club<\/title>\n<meta name=\"robots\" content=\"index, follow, max-snippet:-1, max-image-preview:large, max-video-preview:-1\" \/>\n<link rel=\"canonical\" href=\"https:\/\/evertonfc.cz\/index.php\/2020\/11\/28\/gomes-sa-stale-neciti-fit\/\" \/>\n<meta property=\"og:locale\" content=\"cs_CZ\" \/>\n<meta property=\"og:type\" content=\"article\" \/>\n<meta property=\"og:title\" content=\"Gomes sa st\u00e1le nec\u00edti fit - Official Czech &amp; Slovak Everton Supporters&#039; Club\" \/>\n<meta property=\"og:description\" content=\"Portugalsk\u00fd \u0161p\u00edlmacher sa v\u00fdkonovo po skvelom za\u010diatku sez\u00f3ny odml\u010dal. Stratil miesto v\u00a0z\u00e1kladnej zostave a\u00a0st\u00e1le sa sna\u017e\u00ed nadviaza\u0165 na v\u00fdkony spred zlomeniny \u010dlenka.\" \/>\n<meta property=\"og:url\" content=\"https:\/\/evertonfc.cz\/index.php\/2020\/11\/28\/gomes-sa-stale-neciti-fit\/\" \/>\n<meta property=\"og:site_name\" content=\"Official Czech &amp; Slovak Everton Supporters&#039; Club\" \/>\n<meta property=\"article:publisher\" content=\"https:\/\/www.facebook.com\/everton.fans.cz.sk\" \/>\n<meta property=\"article:published_time\" content=\"2020-11-28T14:50:23+00:00\" \/>\n<meta property=\"article:modified_time\" content=\"2020-11-28T22:41:23+00:00\" \/>\n<meta property=\"og:image\" content=\"https:\/\/evertonfc.cz\/wp-content\/uploads\/2020\/11\/Gomes-training-4.11.20-Everton-FC.com-28-11-2020.jpg\" \/>\n\t<meta property=\"og:image:width\" content=\"720\" \/>\n\t<meta property=\"og:image:height\" content=\"405\" \/>\n\t<meta property=\"og:image:type\" content=\"image\/jpeg\" \/>\n<meta name=\"author\" content=\"BlueBlooded\" \/>\n<meta name=\"twitter:card\" content=\"summary_large_image\" \/>\n<meta name=\"twitter:label1\" content=\"Napsal(a)\" \/>\n\t<meta name=\"twitter:data1\" content=\"BlueBlooded\" \/>\n\t<meta name=\"twitter:label2\" content=\"Odhadovan\u00e1 doba \u010dten\u00ed\" \/>\n\t<meta name=\"twitter:data2\" content=\"3 minuty\" \/>\n<script type=\"application\/ld+json\" class=\"yoast-schema-graph\">{\"@context\":\"https:\/\/schema.org\",\"@graph\":[{\"@type\":\"Article\",\"@id\":\"https:\/\/evertonfc.cz\/index.php\/2020\/11\/28\/gomes-sa-stale-neciti-fit\/#article\",\"isPartOf\":{\"@id\":\"https:\/\/evertonfc.cz\/index.php\/2020\/11\/28\/gomes-sa-stale-neciti-fit\/\"},\"author\":{\"name\":\"BlueBlooded\",\"@id\":\"https:\/\/evertonfc.cz\/#\/schema\/person\/d4493b8cbea51532597fbc4685698916\"},\"headline\":\"Gomes sa st\u00e1le nec\u00edti fit\",\"datePublished\":\"2020-11-28T14:50:23+00:00\",\"dateModified\":\"2020-11-28T22:41:23+00:00\",\"mainEntityOfPage\":{\"@id\":\"https:\/\/evertonfc.cz\/index.php\/2020\/11\/28\/gomes-sa-stale-neciti-fit\/\"},\"wordCount\":702,\"commentCount\":0,\"publisher\":{\"@id\":\"https:\/\/evertonfc.cz\/#organization\"},\"image\":{\"@id\":\"https:\/\/evertonfc.cz\/index.php\/2020\/11\/28\/gomes-sa-stale-neciti-fit\/#primaryimage\"},\"thumbnailUrl\":\"https:\/\/evertonfc.cz\/wp-content\/uploads\/2020\/11\/Gomes-training-4.11.20-Everton-FC.com-28-11-2020.jpg\",\"articleSection\":[\"Rozhovory\"],\"inLanguage\":\"cs\",\"potentialAction\":[{\"@type\":\"CommentAction\",\"name\":\"Comment\",\"target\":[\"https:\/\/evertonfc.cz\/index.php\/2020\/11\/28\/gomes-sa-stale-neciti-fit\/#respond\"]}]},{\"@type\":\"WebPage\",\"@id\":\"https:\/\/evertonfc.cz\/index.php\/2020\/11\/28\/gomes-sa-stale-neciti-fit\/\",\"url\":\"https:\/\/evertonfc.cz\/index.php\/2020\/11\/28\/gomes-sa-stale-neciti-fit\/\",\"name\":\"Gomes sa st\u00e1le nec\u00edti fit - Official Czech &amp; Slovak Everton Supporters&#039; Club\",\"isPartOf\":{\"@id\":\"https:\/\/evertonfc.cz\/#website\"},\"primaryImageOfPage\":{\"@id\":\"https:\/\/evertonfc.cz\/index.php\/2020\/11\/28\/gomes-sa-stale-neciti-fit\/#primaryimage\"},\"image\":{\"@id\":\"https:\/\/evertonfc.cz\/index.php\/2020\/11\/28\/gomes-sa-stale-neciti-fit\/#primaryimage\"},\"thumbnailUrl\":\"https:\/\/evertonfc.cz\/wp-content\/uploads\/2020\/11\/Gomes-training-4.11.20-Everton-FC.com-28-11-2020.jpg\",\"datePublished\":\"2020-11-28T14:50:23+00:00\",\"dateModified\":\"2020-11-28T22:41:23+00:00\",\"breadcrumb\":{\"@id\":\"https:\/\/evertonfc.cz\/index.php\/2020\/11\/28\/gomes-sa-stale-neciti-fit\/#breadcrumb\"},\"inLanguage\":\"cs\",\"potentialAction\":[{\"@type\":\"ReadAction\",\"target\":[\"https:\/\/evertonfc.cz\/index.php\/2020\/11\/28\/gomes-sa-stale-neciti-fit\/\"]}]},{\"@type\":\"ImageObject\",\"inLanguage\":\"cs\",\"@id\":\"https:\/\/evertonfc.cz\/index.php\/2020\/11\/28\/gomes-sa-stale-neciti-fit\/#primaryimage\",\"url\":\"https:\/\/evertonfc.cz\/wp-content\/uploads\/2020\/11\/Gomes-training-4.11.20-Everton-FC.com-28-11-2020.jpg\",\"contentUrl\":\"https:\/\/evertonfc.cz\/wp-content\/uploads\/2020\/11\/Gomes-training-4.11.20-Everton-FC.com-28-11-2020.jpg\",\"width\":720,\"height\":405},{\"@type\":\"BreadcrumbList\",\"@id\":\"https:\/\/evertonfc.cz\/index.php\/2020\/11\/28\/gomes-sa-stale-neciti-fit\/#breadcrumb\",\"itemListElement\":[{\"@type\":\"ListItem\",\"position\":1,\"name\":\"Home\",\"item\":\"https:\/\/evertonfc.cz\/\"},{\"@type\":\"ListItem\",\"position\":2,\"name\":\"Gomes sa st\u00e1le nec\u00edti fit\"}]},{\"@type\":\"WebSite\",\"@id\":\"https:\/\/evertonfc.cz\/#website\",\"url\":\"https:\/\/evertonfc.cz\/\",\"name\":\"Official Czech &amp; Slovak Everton Supporters&#039; Club\",\"description\":\"\",\"publisher\":{\"@id\":\"https:\/\/evertonfc.cz\/#organization\"},\"potentialAction\":[{\"@type\":\"SearchAction\",\"target\":{\"@type\":\"EntryPoint\",\"urlTemplate\":\"https:\/\/evertonfc.cz\/?s={search_term_string}\"},\"query-input\":{\"@type\":\"PropertyValueSpecification\",\"valueRequired\":true,\"valueName\":\"search_term_string\"}}],\"inLanguage\":\"cs\"},{\"@type\":\"Organization\",\"@id\":\"https:\/\/evertonfc.cz\/#organization\",\"name\":\"Official Czech & Slovak Everton Supporters' Club\",\"url\":\"https:\/\/evertonfc.cz\/\",\"logo\":{\"@type\":\"ImageObject\",\"inLanguage\":\"cs\",\"@id\":\"https:\/\/evertonfc.cz\/#\/schema\/logo\/image\/\",\"url\":\"https:\/\/evertonfc.cz\/wp-content\/uploads\/2019\/05\/logo.png\",\"contentUrl\":\"https:\/\/evertonfc.cz\/wp-content\/uploads\/2019\/05\/logo.png\",\"width\":112,\"height\":112,\"caption\":\"Official Czech & Slovak Everton Supporters' Club\"},\"image\":{\"@id\":\"https:\/\/evertonfc.cz\/#\/schema\/logo\/image\/\"},\"sameAs\":[\"https:\/\/www.facebook.com\/everton.fans.cz.sk\"]},{\"@type\":\"Person\",\"@id\":\"https:\/\/evertonfc.cz\/#\/schema\/person\/d4493b8cbea51532597fbc4685698916\",\"name\":\"BlueBlooded\",\"url\":\"https:\/\/evertonfc.cz\/index.php\/author\/admin\/\"}]}<\/script>\n<!-- \/ Yoast SEO plugin. -->","yoast_head_json":{"title":"Gomes sa st\u00e1le nec\u00edti fit - Official Czech &amp; Slovak Everton Supporters&#039; Club","robots":{"index":"index","follow":"follow","max-snippet":"max-snippet:-1","max-image-preview":"max-image-preview:large","max-video-preview":"max-video-preview:-1"},"canonical":"https:\/\/evertonfc.cz\/index.php\/2020\/11\/28\/gomes-sa-stale-neciti-fit\/","og_locale":"cs_CZ","og_type":"article","og_title":"Gomes sa st\u00e1le nec\u00edti fit - Official Czech &amp; Slovak Everton Supporters&#039; Club","og_description":"Portugalsk\u00fd \u0161p\u00edlmacher sa v\u00fdkonovo po skvelom za\u010diatku sez\u00f3ny odml\u010dal. Stratil miesto v\u00a0z\u00e1kladnej zostave a\u00a0st\u00e1le sa sna\u017e\u00ed nadviaza\u0165 na v\u00fdkony spred zlomeniny \u010dlenka.","og_url":"https:\/\/evertonfc.cz\/index.php\/2020\/11\/28\/gomes-sa-stale-neciti-fit\/","og_site_name":"Official Czech &amp; Slovak Everton Supporters&#039; Club","article_publisher":"https:\/\/www.facebook.com\/everton.fans.cz.sk","article_published_time":"2020-11-28T14:50:23+00:00","article_modified_time":"2020-11-28T22:41:23+00:00","og_image":[{"width":720,"height":405,"url":"https:\/\/evertonfc.cz\/wp-content\/uploads\/2020\/11\/Gomes-training-4.11.20-Everton-FC.com-28-11-2020.jpg","type":"image\/jpeg"}],"author":"BlueBlooded","twitter_card":"summary_large_image","twitter_misc":{"Napsal(a)":"BlueBlooded","Odhadovan\u00e1 doba \u010dten\u00ed":"3 minuty"},"schema":{"@context":"https:\/\/schema.org","@graph":[{"@type":"Article","@id":"https:\/\/evertonfc.cz\/index.php\/2020\/11\/28\/gomes-sa-stale-neciti-fit\/#article","isPartOf":{"@id":"https:\/\/evertonfc.cz\/index.php\/2020\/11\/28\/gomes-sa-stale-neciti-fit\/"},"author":{"name":"BlueBlooded","@id":"https:\/\/evertonfc.cz\/#\/schema\/person\/d4493b8cbea51532597fbc4685698916"},"headline":"Gomes sa st\u00e1le nec\u00edti fit","datePublished":"2020-11-28T14:50:23+00:00","dateModified":"2020-11-28T22:41:23+00:00","mainEntityOfPage":{"@id":"https:\/\/evertonfc.cz\/index.php\/2020\/11\/28\/gomes-sa-stale-neciti-fit\/"},"wordCount":702,"commentCount":0,"publisher":{"@id":"https:\/\/evertonfc.cz\/#organization"},"image":{"@id":"https:\/\/evertonfc.cz\/index.php\/2020\/11\/28\/gomes-sa-stale-neciti-fit\/#primaryimage"},"thumbnailUrl":"https:\/\/evertonfc.cz\/wp-content\/uploads\/2020\/11\/Gomes-training-4.11.20-Everton-FC.com-28-11-2020.jpg","articleSection":["Rozhovory"],"inLanguage":"cs","potentialAction":[{"@type":"CommentAction","name":"Comment","target":["https:\/\/evertonfc.cz\/index.php\/2020\/11\/28\/gomes-sa-stale-neciti-fit\/#respond"]}]},{"@type":"WebPage","@id":"https:\/\/evertonfc.cz\/index.php\/2020\/11\/28\/gomes-sa-stale-neciti-fit\/","url":"https:\/\/evertonfc.cz\/index.php\/2020\/11\/28\/gomes-sa-stale-neciti-fit\/","name":"Gomes sa st\u00e1le nec\u00edti fit - Official Czech &amp; Slovak Everton Supporters&#039; Club","isPartOf":{"@id":"https:\/\/evertonfc.cz\/#website"},"primaryImageOfPage":{"@id":"https:\/\/evertonfc.cz\/index.php\/2020\/11\/28\/gomes-sa-stale-neciti-fit\/#primaryimage"},"image":{"@id":"https:\/\/evertonfc.cz\/index.php\/2020\/11\/28\/gomes-sa-stale-neciti-fit\/#primaryimage"},"thumbnailUrl":"https:\/\/evertonfc.cz\/wp-content\/uploads\/2020\/11\/Gomes-training-4.11.20-Everton-FC.com-28-11-2020.jpg","datePublished":"2020-11-28T14:50:23+00:00","dateModified":"2020-11-28T22:41:23+00:00","breadcrumb":{"@id":"https:\/\/evertonfc.cz\/index.php\/2020\/11\/28\/gomes-sa-stale-neciti-fit\/#breadcrumb"},"inLanguage":"cs","potentialAction":[{"@type":"ReadAction","target":["https:\/\/evertonfc.cz\/index.php\/2020\/11\/28\/gomes-sa-stale-neciti-fit\/"]}]},{"@type":"ImageObject","inLanguage":"cs","@id":"https:\/\/evertonfc.cz\/index.php\/2020\/11\/28\/gomes-sa-stale-neciti-fit\/#primaryimage","url":"https:\/\/evertonfc.cz\/wp-content\/uploads\/2020\/11\/Gomes-training-4.11.20-Everton-FC.com-28-11-2020.jpg","contentUrl":"https:\/\/evertonfc.cz\/wp-content\/uploads\/2020\/11\/Gomes-training-4.11.20-Everton-FC.com-28-11-2020.jpg","width":720,"height":405},{"@type":"BreadcrumbList","@id":"https:\/\/evertonfc.cz\/index.php\/2020\/11\/28\/gomes-sa-stale-neciti-fit\/#breadcrumb","itemListElement":[{"@type":"ListItem","position":1,"name":"Home","item":"https:\/\/evertonfc.cz\/"},{"@type":"ListItem","position":2,"name":"Gomes sa st\u00e1le nec\u00edti fit"}]},{"@type":"WebSite","@id":"https:\/\/evertonfc.cz\/#website","url":"https:\/\/evertonfc.cz\/","name":"Official Czech &amp; Slovak Everton Supporters&#039; Club","description":"","publisher":{"@id":"https:\/\/evertonfc.cz\/#organization"},"potentialAction":[{"@type":"SearchAction","target":{"@type":"EntryPoint","urlTemplate":"https:\/\/evertonfc.cz\/?s={search_term_string}"},"query-input":{"@type":"PropertyValueSpecification","valueRequired":true,"valueName":"search_term_string"}}],"inLanguage":"cs"},{"@type":"Organization","@id":"https:\/\/evertonfc.cz\/#organization","name":"Official Czech & Slovak Everton Supporters' Club","url":"https:\/\/evertonfc.cz\/","logo":{"@type":"ImageObject","inLanguage":"cs","@id":"https:\/\/evertonfc.cz\/#\/schema\/logo\/image\/","url":"https:\/\/evertonfc.cz\/wp-content\/uploads\/2019\/05\/logo.png","contentUrl":"https:\/\/evertonfc.cz\/wp-content\/uploads\/2019\/05\/logo.png","width":112,"height":112,"caption":"Official Czech & Slovak Everton Supporters' Club"},"image":{"@id":"https:\/\/evertonfc.cz\/#\/schema\/logo\/image\/"},"sameAs":["https:\/\/www.facebook.com\/everton.fans.cz.sk"]},{"@type":"Person","@id":"https:\/\/evertonfc.cz\/#\/schema\/person\/d4493b8cbea51532597fbc4685698916","name":"BlueBlooded","url":"https:\/\/evertonfc.cz\/index.php\/author\/admin\/"}]}},"_links":{"self":[{"href":"https:\/\/evertonfc.cz\/index.php\/wp-json\/wp\/v2\/posts\/13041"}],"collection":[{"href":"https:\/\/evertonfc.cz\/index.php\/wp-json\/wp\/v2\/posts"}],"about":[{"href":"https:\/\/evertonfc.cz\/index.php\/wp-json\/wp\/v2\/types\/post"}],"author":[{"embeddable":true,"href":"https:\/\/evertonfc.cz\/index.php\/wp-json\/wp\/v2\/users\/1"}],"replies":[{"embeddable":true,"href":"https:\/\/evertonfc.cz\/index.php\/wp-json\/wp\/v2\/comments?post=13041"}],"version-history":[{"count":6,"href":"https:\/\/evertonfc.cz\/index.php\/wp-json\/wp\/v2\/posts\/13041\/revisions"}],"predecessor-version":[{"id":13048,"href":"https:\/\/evertonfc.cz\/index.php\/wp-json\/wp\/v2\/posts\/13041\/revisions\/13048"}],"wp:featuredmedia":[{"embeddable":true,"href":"https:\/\/evertonfc.cz\/index.php\/wp-json\/wp\/v2\/media\/13042"}],"wp:attachment":[{"href":"https:\/\/evertonfc.cz\/index.php\/wp-json\/wp\/v2\/media?parent=13041"}],"wp:term":[{"taxonomy":"category","embeddable":true,"href":"https:\/\/evertonfc.cz\/index.php\/wp-json\/wp\/v2\/categories?post=13041"},{"taxonomy":"post_tag","embeddable":true,"href":"https:\/\/evertonfc.cz\/index.php\/wp-json\/wp\/v2\/tags?post=13041"}],"curies":[{"name":"wp","href":"https:\/\/api.w.org\/{rel}","templated":true}]}}