{"id":13075,"date":"2020-12-04T20:43:04","date_gmt":"2020-12-04T19:43:04","guid":{"rendered":"https:\/\/evertonfc.cz\/?p=13075"},"modified":"2020-12-05T16:25:52","modified_gmt":"2020-12-05T15:25:52","slug":"preview-burnley-everton-5","status":"publish","type":"post","link":"https:\/\/evertonfc.cz\/index.php\/2020\/12\/04\/preview-burnley-everton-5\/","title":{"rendered":"Preview: Burnley \u2013 Everton"},"content":{"rendered":"<h4>Druh\u00fd najhor\u0161\u00ed \u00fatok verzus tretia najhor\u0161ia obrana. Kto bude hra\u0165 pr\u00edm? Ot\u00e1zka jeden\u00e1steho ligov\u00e9ho kola, ktor\u00e9 \u00favodn\u00fdm v\u00fdkopom otvor\u00ed duel \u00f4smeho s dev\u00e4tn\u00e1stym.<\/h4>\n<p>\u00d4sme s\u00fa Karamelky a\u00a0moment\u00e1lne chutia slano. K\u00fdm za\u010diatok bol doslova presladen\u00fd, moment\u00e1lna forma troch bodov z\u00a0piatich z\u00e1pasov nie je to, \u010do by sme o\u010dak\u00e1vali. Na pln\u00fd plyn by sme do Vianoc aj tak ur\u010dite ne\u0161li, no tak\u00fdto markantn\u00fd prepad je alarmuj\u00faci. Na vine je viacero faktorov, ktor\u00e9 pozn\u00e1me.<\/p>\n<p>V prvom rade s\u00fa to absencie k\u013e\u00fa\u010dov\u00fdch hr\u00e1\u010dov a chyby v obrane. Hlavne tie zranenia sa od derby nahromadili a st\u00e1le sa objavia na jednom alebo dvoch postoch. Na t\u00fato chv\u00ed\u013eu s\u00fa nepokryt\u00e9 kraje obrany. Ch\u00fdba st\u00e1le Digne po oper\u00e1cii \u010dlenka, a Coleman, ktor\u00fd tr\u00e9nuje individu\u00e1lne. Vlastne, pokryt\u00e9 s\u00fa, len\u017ee ned\u00f4vera Ancelottiho v mlad\u0161\u00edch a nesk\u00fasenej\u0161\u00edch je zrejm\u00e1. A to aj bez toho, aby to v\u00f4bec vysk\u00fa\u0161al, zariskoval.<\/p>\n<h4><strong><em>\u201eI think it&#8217;s an emergency. It is only for this reason.\u201c<\/em><\/strong><\/h4>\n<p>Pod\u013ea vlastn\u00fdch slov je syst\u00e9m s\u00a0tromi stop\u00e9rmi n\u00fadzov\u00e1 mo\u017enos\u0165. Je fajn ako alternat\u00edva, ale ner\u00e1ta sa s\u00a0\u0148ou, \u010doby preferovanou taktickou vo\u013ebou. Zodpovedaj\u00fa tomu aj \u0161tatistiky. Ak n\u00e1m, dok\u00e1\u017ee da\u0165 tr\u00e1piaci sa Fulham dva g\u00f3ly z\u00a0otvorenej hry, m\u00f4\u017eeme gratulova\u0165 Pickfordovi, \u017ee n\u00e1m Leeds nenadelil aj p\u00e4\u0165.<\/p>\n<p>Defenz\u00edvne to bol toti\u017e n\u00e1\u0161 najhor\u0161\u00ed z\u00e1pas za posledn\u00e9 tri roky, ke\u010f sme s\u00faperovi dovolili naakumulova\u0165 neuverite\u013ene vysok\u00e9 mno\u017estvo kvalitn\u00fdch \u0161anc\u00ed, z\u00a0\u010doho \u0161tatistiky us\u00fadili a\u017e vy\u0161e tri o\u010dak\u00e1van\u00e9 g\u00f3ly v\u00a0prospech s\u00fapera. Iste, Bielsov United je kvalitn\u00e9 mu\u017estvo. Ich intenz\u00edvny futbal e\u0161te kdekoho potr\u00e1pi.<\/p>\n<p>N\u00e1s v\u0161ak m\u00e1 \u0165a\u017ei\u0165 na srdci vlastn\u00fd futbal. Iba \u0161es\u0165 t\u00edmov umo\u017enilo s\u00faperom v tejto sez\u00f3ne viac \u00faspe\u0161n\u00fdch prihr\u00e1vok do ich vlastnej obrannej tretiny ihriska. A\u00a0\u010do je hor\u0161ie, s\u00fa iba \u0161tyri t\u00edmy, ktor\u00e9 dovolili protivn\u00edkom viac \u00faspe\u0161n\u00fdch prihr\u00e1vok do svojho pokutov\u00e9ho \u00fazemia. A\u00a0to sa ner\u00e1taj\u00fa \u0161tandardn\u00e9 situ\u00e1cie. Ch\u00fdba teda o\u010dividne pressing a\u00a0agresivita bez lopty. Everton je jednoducho vzadu pas\u00edvny.<\/p>\n<h4><strong>Can&#8217;t Get Worse<\/strong><\/h4>\n<p>Ak som predt\u00fdm p\u00edsal o\u00a0pasivite v\u00a0na\u0161ej obrane, sobotn\u00fd oponent to m\u00e1 presne naopak. Burnley doposia\u013e vystrelilo na br\u00e1nu len 83 kr\u00e1t. Pre porovnanie \u2013 Liverpool 163, Leeds 153&#8230; Everton 116. A\u00a0ak vezmeme do \u00favahy len strely na br\u00e1nu (24), tak potom je jasn\u00e9, pre\u010do The Clarets disponuj\u00fa tak \u0161ialene nepotentn\u00fdm \u00fatokom, \u010d\u00edtaj\u00facim len \u0161tyri g\u00f3ly. V\u00a0profesion\u00e1lnom futbale v\u00a0Anglicku nie je nikto hor\u0161\u00ed.<\/p>\n<p>Sean Dyche sa ale na ekvilibrium dvoch najslab\u0161\u00edch \u010dinnost\u00ed t\u00edmov spolieha\u0165 nebude. Bude op\u00e4\u0165 veri\u0165 po\u010detn\u00fdm charakterom v\u00a0\u0161atni, uprednost\u0148uj\u00facim sebaobetovanie a nezi\u0161tnos\u0165 pred vlastn\u00fdmi \u00faspechmi. To je mentalita hr\u00e1\u010dov a\u00a0identita klubu, ktor\u00fa dok\u00e1zal za osem rokov a 359 z\u00e1pasov vybudova\u0165.<\/p>\n<h4><strong>No Money, No Funny<\/strong><\/h4>\n<p>V\u00a0Premier League s\u00fa jedin\u00ed a\u00a0jedine\u010dn\u00ed. Oso\u010dovan\u00ed ako dinosaury. Ve\u010f \u017eiadny in\u00fd brank\u00e1r neposiela 89% svojich prihr\u00e1vok v\u00fdkopom, a\u00a0\u017eiadny in\u00fd t\u00edm nenakop\u00e1va loptu \u0161tvrtinu \u010dasu z\u00a0celkov\u00e9ho po\u010dtu pokusov o\u00a0prihr\u00e1vku. V\u00a0tom je to \u010daro. Ak ich chcete nachyta\u0165 napr\u00edklad pressingom, proste v\u00e1s premostia.<\/p>\n<p>Pred dvomi rokmi Eur\u00f3pska liga, dnes sa zd\u00e1, \u017ee boj o\u00a0z\u00e1chranu. \u010co sa zmenilo? V\u00a0podstate ni\u010d, st\u00e1le sa neinvestuje. Amb\u00edcie klubu zdr\u017eiava nedostato\u010dne bohat\u00fd majite\u013e Mike Garlick, a\u00a0nov\u00fd investor na obzore v\u00a0podobe ALK Capital LLC nie a nie pretavi\u0165 obchod do v\u00ed\u0165azn\u00e9ho konca. St\u00e1le v\u0161ak \u010dmuch\u00e1 okolo egyptsk\u00fd obchodn\u00edk Mohamed El Kashashy. Tak\u017ee, kto vie, mo\u017eno u\u017e v\u00a0janu\u00e1ri napne Burnley svaly.<\/p>\n<blockquote><p><em>\u201eKeby som i\u0161iel do in\u00e9ho klubu, s in\u00fdmi hr\u00e1\u010dmi, verte mi, hral by som inak.\u201c<\/em>\u00a0 &#8211; <span style=\"font-size: 12pt;\">Sean Dyche<\/span><\/p><\/blockquote>\n<h3 style=\"text-align: center;\"><span style=\"color: #3366ff;\"><strong><em>Up The Toffees !!!<\/em><\/strong><\/span><\/h3>\n<p><u>Forma s\u00fapera:<\/u><\/p>\n<table class=\"head_to_head h2h_home\" style=\"width: 99.8933%;\">\n<tbody>\n<tr class=\"odd highlight\">\n<td style=\"width: 142px;\"><span class=\"date\">28.11.20<\/span><\/td>\n<td class=\"flag_td \" style=\"width: 61px;\" title=\"Premier League (Anglicko)\">PL<\/td>\n<td class=\"name\" style=\"width: 244px;\"><strong>Manchester City<\/strong><\/td>\n<td class=\"name highTeam\" style=\"width: 216px;\">Burnley<\/td>\n<td class=\"\" style=\"width: 86px;\"><span class=\"score\"><strong>5 : 0<\/strong><\/span><\/td>\n<\/tr>\n<tr class=\"even highlight\">\n<td style=\"width: 142px;\"><span class=\"date\">23.11.20<\/span><\/td>\n<td class=\"flag_td \" style=\"width: 61px;\" title=\"Premier League (Anglicko)\">PL<\/td>\n<td class=\"name highTeam\" style=\"width: 244px;\"><strong>Burnley<\/strong><\/td>\n<td class=\"name\" style=\"width: 216px;\">Crystal Palace<\/td>\n<td class=\"\" style=\"width: 86px;\"><span class=\"score\"><strong>1 : 0<\/strong><\/span><\/td>\n<\/tr>\n<tr class=\"odd highlight\">\n<td style=\"width: 142px;\"><span class=\"date\">06.11.20<\/span><\/td>\n<td class=\"flag_td \" style=\"width: 61px;\" title=\"Premier League (Anglicko)\">PL<\/td>\n<td class=\"name\" style=\"width: 244px;\">Brighton<\/td>\n<td class=\"name highTeam\" style=\"width: 216px;\">Burnley<\/td>\n<td class=\"\" style=\"width: 86px;\"><span class=\"score\"><strong>0 : 0<\/strong><\/span><\/td>\n<\/tr>\n<tr class=\"even highlight\">\n<td style=\"width: 142px;\"><span class=\"date\">31.10.20<\/span><\/td>\n<td class=\"flag_td \" style=\"width: 61px;\" title=\"Premier League (Anglicko)\">PL<\/td>\n<td class=\"name highTeam\" style=\"width: 244px;\">Burnley<\/td>\n<td class=\"name\" style=\"width: 216px;\"><strong>Chelsea<\/strong><\/td>\n<td class=\"\" style=\"width: 86px;\"><span class=\"score\"><strong>0 : 3<\/strong><\/span><\/td>\n<\/tr>\n<tr class=\"odd highlight highlighted\" title=\"Klikni pre detail z\u00e1pasu!\">\n<td style=\"width: 142px;\"><span class=\"date\">26.10.20<\/span><\/td>\n<td class=\"flag_td \" style=\"width: 61px;\" title=\"Premier League (Anglicko)\">PL<\/td>\n<td class=\"name highTeam\" style=\"width: 244px;\">Burnley<\/td>\n<td class=\"name\" style=\"width: 216px;\"><strong>Tottenham<\/strong><\/td>\n<td class=\"\" style=\"width: 86px;\"><span class=\"score\"><strong>0 : 1<\/strong><\/span><\/td>\n<\/tr>\n<\/tbody>\n<\/table>\n<hr \/>\n<p><strong>\u010co:<\/strong> Burnley FC \u2013 Everton FC, 11. kolo Premier League<br \/>\n<strong>Kedy:<\/strong> 5.12. 2020 od 13:30 SE\u010c<br \/>\n<strong>Ako:<\/strong> Premier Sport &#8211; priamy prenos<br \/>\n<strong>Kde:<\/strong> Turf Moor \u2013 Harry Potts Way, Burnley BB10 4BX (bez div\u00e1kov)<br \/>\n<strong>Rozhodca:<\/strong> Anthony Taylor <strong>Asistenti:<\/strong> G. Beswick, J. Mainwaring <strong>\u0160tvrt\u00fd rozhodca:<\/strong> C. Kavanagh<br \/>\n<strong>VAR: <\/strong>Mike Dean <strong>Asistent VAR: <\/strong>Peter Kirkup<\/p>\n","protected":false},"excerpt":{"rendered":"<p>Druh\u00fd najhor\u0161\u00ed \u00fatok verzus tretia najhor\u0161ia obrana. Kto bude hra\u0165 pr\u00edm? Ot\u00e1zka jeden\u00e1steho ligov\u00e9ho kola, ktor\u00e9 \u00favodn\u00fdm v\u00fdkopom otvor\u00ed duel \u00f4smeho s\u00a0dev\u00e4tn\u00e1stym.<\/p>\n","protected":false},"author":1,"featured_media":13078,"comment_status":"open","ping_status":"closed","sticky":false,"template":"","format":"standard","meta":{"_eb_attr":"","_monsterinsights_skip_tracking":false,"_monsterinsights_sitenote_active":false,"_monsterinsights_sitenote_note":"","_monsterinsights_sitenote_category":0,"footnotes":""},"categories":[4],"tags":[],"yoast_head":"<!-- This site is optimized with the Yoast SEO plugin v23.4 - https:\/\/yoast.com\/wordpress\/plugins\/seo\/ -->\n<title>Preview: Burnley \u2013 Everton - Official Czech &amp; Slovak Everton Supporters&#039; Club<\/title>\n<meta name=\"robots\" content=\"index, follow, max-snippet:-1, max-image-preview:large, max-video-preview:-1\" \/>\n<link rel=\"canonical\" href=\"https:\/\/evertonfc.cz\/index.php\/2020\/12\/04\/preview-burnley-everton-5\/\" \/>\n<meta property=\"og:locale\" content=\"cs_CZ\" \/>\n<meta property=\"og:type\" content=\"article\" \/>\n<meta property=\"og:title\" content=\"Preview: Burnley \u2013 Everton - Official Czech &amp; Slovak Everton Supporters&#039; Club\" \/>\n<meta property=\"og:description\" content=\"Druh\u00fd najhor\u0161\u00ed \u00fatok verzus tretia najhor\u0161ia obrana. Kto bude hra\u0165 pr\u00edm? Ot\u00e1zka jeden\u00e1steho ligov\u00e9ho kola, ktor\u00e9 \u00favodn\u00fdm v\u00fdkopom otvor\u00ed duel \u00f4smeho s\u00a0dev\u00e4tn\u00e1stym.\" \/>\n<meta property=\"og:url\" content=\"https:\/\/evertonfc.cz\/index.php\/2020\/12\/04\/preview-burnley-everton-5\/\" \/>\n<meta property=\"og:site_name\" content=\"Official Czech &amp; Slovak Everton Supporters&#039; Club\" \/>\n<meta property=\"article:publisher\" content=\"https:\/\/www.facebook.com\/everton.fans.cz.sk\" \/>\n<meta property=\"article:published_time\" content=\"2020-12-04T19:43:04+00:00\" \/>\n<meta property=\"article:modified_time\" content=\"2020-12-05T15:25:52+00:00\" \/>\n<meta property=\"og:image\" content=\"https:\/\/evertonfc.cz\/wp-content\/uploads\/2020\/12\/Burnley-VS-Everton-5-12-2020.jpg\" \/>\n\t<meta property=\"og:image:width\" content=\"720\" \/>\n\t<meta property=\"og:image:height\" content=\"405\" \/>\n\t<meta property=\"og:image:type\" content=\"image\/jpeg\" \/>\n<meta name=\"author\" content=\"BlueBlooded\" \/>\n<meta name=\"twitter:card\" content=\"summary_large_image\" \/>\n<meta name=\"twitter:label1\" content=\"Napsal(a)\" \/>\n\t<meta name=\"twitter:data1\" content=\"BlueBlooded\" \/>\n\t<meta name=\"twitter:label2\" content=\"Odhadovan\u00e1 doba \u010dten\u00ed\" \/>\n\t<meta name=\"twitter:data2\" content=\"4 minuty\" \/>\n<script type=\"application\/ld+json\" class=\"yoast-schema-graph\">{\"@context\":\"https:\/\/schema.org\",\"@graph\":[{\"@type\":\"Article\",\"@id\":\"https:\/\/evertonfc.cz\/index.php\/2020\/12\/04\/preview-burnley-everton-5\/#article\",\"isPartOf\":{\"@id\":\"https:\/\/evertonfc.cz\/index.php\/2020\/12\/04\/preview-burnley-everton-5\/\"},\"author\":{\"name\":\"BlueBlooded\",\"@id\":\"https:\/\/evertonfc.cz\/#\/schema\/person\/d4493b8cbea51532597fbc4685698916\"},\"headline\":\"Preview: Burnley \u2013 Everton\",\"datePublished\":\"2020-12-04T19:43:04+00:00\",\"dateModified\":\"2020-12-05T15:25:52+00:00\",\"mainEntityOfPage\":{\"@id\":\"https:\/\/evertonfc.cz\/index.php\/2020\/12\/04\/preview-burnley-everton-5\/\"},\"wordCount\":764,\"commentCount\":5,\"publisher\":{\"@id\":\"https:\/\/evertonfc.cz\/#organization\"},\"image\":{\"@id\":\"https:\/\/evertonfc.cz\/index.php\/2020\/12\/04\/preview-burnley-everton-5\/#primaryimage\"},\"thumbnailUrl\":\"https:\/\/evertonfc.cz\/wp-content\/uploads\/2020\/12\/Burnley-VS-Everton-5-12-2020.jpg\",\"articleSection\":[\"Z\u00e1pasy\"],\"inLanguage\":\"cs\",\"potentialAction\":[{\"@type\":\"CommentAction\",\"name\":\"Comment\",\"target\":[\"https:\/\/evertonfc.cz\/index.php\/2020\/12\/04\/preview-burnley-everton-5\/#respond\"]}]},{\"@type\":\"WebPage\",\"@id\":\"https:\/\/evertonfc.cz\/index.php\/2020\/12\/04\/preview-burnley-everton-5\/\",\"url\":\"https:\/\/evertonfc.cz\/index.php\/2020\/12\/04\/preview-burnley-everton-5\/\",\"name\":\"Preview: Burnley \u2013 Everton - Official Czech &amp; Slovak Everton Supporters&#039; Club\",\"isPartOf\":{\"@id\":\"https:\/\/evertonfc.cz\/#website\"},\"primaryImageOfPage\":{\"@id\":\"https:\/\/evertonfc.cz\/index.php\/2020\/12\/04\/preview-burnley-everton-5\/#primaryimage\"},\"image\":{\"@id\":\"https:\/\/evertonfc.cz\/index.php\/2020\/12\/04\/preview-burnley-everton-5\/#primaryimage\"},\"thumbnailUrl\":\"https:\/\/evertonfc.cz\/wp-content\/uploads\/2020\/12\/Burnley-VS-Everton-5-12-2020.jpg\",\"datePublished\":\"2020-12-04T19:43:04+00:00\",\"dateModified\":\"2020-12-05T15:25:52+00:00\",\"breadcrumb\":{\"@id\":\"https:\/\/evertonfc.cz\/index.php\/2020\/12\/04\/preview-burnley-everton-5\/#breadcrumb\"},\"inLanguage\":\"cs\",\"potentialAction\":[{\"@type\":\"ReadAction\",\"target\":[\"https:\/\/evertonfc.cz\/index.php\/2020\/12\/04\/preview-burnley-everton-5\/\"]}]},{\"@type\":\"ImageObject\",\"inLanguage\":\"cs\",\"@id\":\"https:\/\/evertonfc.cz\/index.php\/2020\/12\/04\/preview-burnley-everton-5\/#primaryimage\",\"url\":\"https:\/\/evertonfc.cz\/wp-content\/uploads\/2020\/12\/Burnley-VS-Everton-5-12-2020.jpg\",\"contentUrl\":\"https:\/\/evertonfc.cz\/wp-content\/uploads\/2020\/12\/Burnley-VS-Everton-5-12-2020.jpg\",\"width\":720,\"height\":405},{\"@type\":\"BreadcrumbList\",\"@id\":\"https:\/\/evertonfc.cz\/index.php\/2020\/12\/04\/preview-burnley-everton-5\/#breadcrumb\",\"itemListElement\":[{\"@type\":\"ListItem\",\"position\":1,\"name\":\"Home\",\"item\":\"https:\/\/evertonfc.cz\/\"},{\"@type\":\"ListItem\",\"position\":2,\"name\":\"Preview: Burnley \u2013 Everton\"}]},{\"@type\":\"WebSite\",\"@id\":\"https:\/\/evertonfc.cz\/#website\",\"url\":\"https:\/\/evertonfc.cz\/\",\"name\":\"Official Czech &amp; Slovak Everton Supporters&#039; Club\",\"description\":\"\",\"publisher\":{\"@id\":\"https:\/\/evertonfc.cz\/#organization\"},\"potentialAction\":[{\"@type\":\"SearchAction\",\"target\":{\"@type\":\"EntryPoint\",\"urlTemplate\":\"https:\/\/evertonfc.cz\/?s={search_term_string}\"},\"query-input\":{\"@type\":\"PropertyValueSpecification\",\"valueRequired\":true,\"valueName\":\"search_term_string\"}}],\"inLanguage\":\"cs\"},{\"@type\":\"Organization\",\"@id\":\"https:\/\/evertonfc.cz\/#organization\",\"name\":\"Official Czech & Slovak Everton Supporters' Club\",\"url\":\"https:\/\/evertonfc.cz\/\",\"logo\":{\"@type\":\"ImageObject\",\"inLanguage\":\"cs\",\"@id\":\"https:\/\/evertonfc.cz\/#\/schema\/logo\/image\/\",\"url\":\"https:\/\/evertonfc.cz\/wp-content\/uploads\/2019\/05\/logo.png\",\"contentUrl\":\"https:\/\/evertonfc.cz\/wp-content\/uploads\/2019\/05\/logo.png\",\"width\":112,\"height\":112,\"caption\":\"Official Czech & Slovak Everton Supporters' Club\"},\"image\":{\"@id\":\"https:\/\/evertonfc.cz\/#\/schema\/logo\/image\/\"},\"sameAs\":[\"https:\/\/www.facebook.com\/everton.fans.cz.sk\"]},{\"@type\":\"Person\",\"@id\":\"https:\/\/evertonfc.cz\/#\/schema\/person\/d4493b8cbea51532597fbc4685698916\",\"name\":\"BlueBlooded\",\"url\":\"https:\/\/evertonfc.cz\/index.php\/author\/admin\/\"}]}<\/script>\n<!-- \/ Yoast SEO plugin. -->","yoast_head_json":{"title":"Preview: Burnley \u2013 Everton - Official Czech &amp; Slovak Everton Supporters&#039; Club","robots":{"index":"index","follow":"follow","max-snippet":"max-snippet:-1","max-image-preview":"max-image-preview:large","max-video-preview":"max-video-preview:-1"},"canonical":"https:\/\/evertonfc.cz\/index.php\/2020\/12\/04\/preview-burnley-everton-5\/","og_locale":"cs_CZ","og_type":"article","og_title":"Preview: Burnley \u2013 Everton - Official Czech &amp; Slovak Everton Supporters&#039; Club","og_description":"Druh\u00fd najhor\u0161\u00ed \u00fatok verzus tretia najhor\u0161ia obrana. Kto bude hra\u0165 pr\u00edm? Ot\u00e1zka jeden\u00e1steho ligov\u00e9ho kola, ktor\u00e9 \u00favodn\u00fdm v\u00fdkopom otvor\u00ed duel \u00f4smeho s\u00a0dev\u00e4tn\u00e1stym.","og_url":"https:\/\/evertonfc.cz\/index.php\/2020\/12\/04\/preview-burnley-everton-5\/","og_site_name":"Official Czech &amp; Slovak Everton Supporters&#039; Club","article_publisher":"https:\/\/www.facebook.com\/everton.fans.cz.sk","article_published_time":"2020-12-04T19:43:04+00:00","article_modified_time":"2020-12-05T15:25:52+00:00","og_image":[{"width":720,"height":405,"url":"https:\/\/evertonfc.cz\/wp-content\/uploads\/2020\/12\/Burnley-VS-Everton-5-12-2020.jpg","type":"image\/jpeg"}],"author":"BlueBlooded","twitter_card":"summary_large_image","twitter_misc":{"Napsal(a)":"BlueBlooded","Odhadovan\u00e1 doba \u010dten\u00ed":"4 minuty"},"schema":{"@context":"https:\/\/schema.org","@graph":[{"@type":"Article","@id":"https:\/\/evertonfc.cz\/index.php\/2020\/12\/04\/preview-burnley-everton-5\/#article","isPartOf":{"@id":"https:\/\/evertonfc.cz\/index.php\/2020\/12\/04\/preview-burnley-everton-5\/"},"author":{"name":"BlueBlooded","@id":"https:\/\/evertonfc.cz\/#\/schema\/person\/d4493b8cbea51532597fbc4685698916"},"headline":"Preview: Burnley \u2013 Everton","datePublished":"2020-12-04T19:43:04+00:00","dateModified":"2020-12-05T15:25:52+00:00","mainEntityOfPage":{"@id":"https:\/\/evertonfc.cz\/index.php\/2020\/12\/04\/preview-burnley-everton-5\/"},"wordCount":764,"commentCount":5,"publisher":{"@id":"https:\/\/evertonfc.cz\/#organization"},"image":{"@id":"https:\/\/evertonfc.cz\/index.php\/2020\/12\/04\/preview-burnley-everton-5\/#primaryimage"},"thumbnailUrl":"https:\/\/evertonfc.cz\/wp-content\/uploads\/2020\/12\/Burnley-VS-Everton-5-12-2020.jpg","articleSection":["Z\u00e1pasy"],"inLanguage":"cs","potentialAction":[{"@type":"CommentAction","name":"Comment","target":["https:\/\/evertonfc.cz\/index.php\/2020\/12\/04\/preview-burnley-everton-5\/#respond"]}]},{"@type":"WebPage","@id":"https:\/\/evertonfc.cz\/index.php\/2020\/12\/04\/preview-burnley-everton-5\/","url":"https:\/\/evertonfc.cz\/index.php\/2020\/12\/04\/preview-burnley-everton-5\/","name":"Preview: Burnley \u2013 Everton - Official Czech &amp; Slovak Everton Supporters&#039; Club","isPartOf":{"@id":"https:\/\/evertonfc.cz\/#website"},"primaryImageOfPage":{"@id":"https:\/\/evertonfc.cz\/index.php\/2020\/12\/04\/preview-burnley-everton-5\/#primaryimage"},"image":{"@id":"https:\/\/evertonfc.cz\/index.php\/2020\/12\/04\/preview-burnley-everton-5\/#primaryimage"},"thumbnailUrl":"https:\/\/evertonfc.cz\/wp-content\/uploads\/2020\/12\/Burnley-VS-Everton-5-12-2020.jpg","datePublished":"2020-12-04T19:43:04+00:00","dateModified":"2020-12-05T15:25:52+00:00","breadcrumb":{"@id":"https:\/\/evertonfc.cz\/index.php\/2020\/12\/04\/preview-burnley-everton-5\/#breadcrumb"},"inLanguage":"cs","potentialAction":[{"@type":"ReadAction","target":["https:\/\/evertonfc.cz\/index.php\/2020\/12\/04\/preview-burnley-everton-5\/"]}]},{"@type":"ImageObject","inLanguage":"cs","@id":"https:\/\/evertonfc.cz\/index.php\/2020\/12\/04\/preview-burnley-everton-5\/#primaryimage","url":"https:\/\/evertonfc.cz\/wp-content\/uploads\/2020\/12\/Burnley-VS-Everton-5-12-2020.jpg","contentUrl":"https:\/\/evertonfc.cz\/wp-content\/uploads\/2020\/12\/Burnley-VS-Everton-5-12-2020.jpg","width":720,"height":405},{"@type":"BreadcrumbList","@id":"https:\/\/evertonfc.cz\/index.php\/2020\/12\/04\/preview-burnley-everton-5\/#breadcrumb","itemListElement":[{"@type":"ListItem","position":1,"name":"Home","item":"https:\/\/evertonfc.cz\/"},{"@type":"ListItem","position":2,"name":"Preview: Burnley \u2013 Everton"}]},{"@type":"WebSite","@id":"https:\/\/evertonfc.cz\/#website","url":"https:\/\/evertonfc.cz\/","name":"Official Czech &amp; Slovak Everton Supporters&#039; Club","description":"","publisher":{"@id":"https:\/\/evertonfc.cz\/#organization"},"potentialAction":[{"@type":"SearchAction","target":{"@type":"EntryPoint","urlTemplate":"https:\/\/evertonfc.cz\/?s={search_term_string}"},"query-input":{"@type":"PropertyValueSpecification","valueRequired":true,"valueName":"search_term_string"}}],"inLanguage":"cs"},{"@type":"Organization","@id":"https:\/\/evertonfc.cz\/#organization","name":"Official Czech & Slovak Everton Supporters' Club","url":"https:\/\/evertonfc.cz\/","logo":{"@type":"ImageObject","inLanguage":"cs","@id":"https:\/\/evertonfc.cz\/#\/schema\/logo\/image\/","url":"https:\/\/evertonfc.cz\/wp-content\/uploads\/2019\/05\/logo.png","contentUrl":"https:\/\/evertonfc.cz\/wp-content\/uploads\/2019\/05\/logo.png","width":112,"height":112,"caption":"Official Czech & Slovak Everton Supporters' Club"},"image":{"@id":"https:\/\/evertonfc.cz\/#\/schema\/logo\/image\/"},"sameAs":["https:\/\/www.facebook.com\/everton.fans.cz.sk"]},{"@type":"Person","@id":"https:\/\/evertonfc.cz\/#\/schema\/person\/d4493b8cbea51532597fbc4685698916","name":"BlueBlooded","url":"https:\/\/evertonfc.cz\/index.php\/author\/admin\/"}]}},"_links":{"self":[{"href":"https:\/\/evertonfc.cz\/index.php\/wp-json\/wp\/v2\/posts\/13075"}],"collection":[{"href":"https:\/\/evertonfc.cz\/index.php\/wp-json\/wp\/v2\/posts"}],"about":[{"href":"https:\/\/evertonfc.cz\/index.php\/wp-json\/wp\/v2\/types\/post"}],"author":[{"embeddable":true,"href":"https:\/\/evertonfc.cz\/index.php\/wp-json\/wp\/v2\/users\/1"}],"replies":[{"embeddable":true,"href":"https:\/\/evertonfc.cz\/index.php\/wp-json\/wp\/v2\/comments?post=13075"}],"version-history":[{"count":5,"href":"https:\/\/evertonfc.cz\/index.php\/wp-json\/wp\/v2\/posts\/13075\/revisions"}],"predecessor-version":[{"id":13085,"href":"https:\/\/evertonfc.cz\/index.php\/wp-json\/wp\/v2\/posts\/13075\/revisions\/13085"}],"wp:featuredmedia":[{"embeddable":true,"href":"https:\/\/evertonfc.cz\/index.php\/wp-json\/wp\/v2\/media\/13078"}],"wp:attachment":[{"href":"https:\/\/evertonfc.cz\/index.php\/wp-json\/wp\/v2\/media?parent=13075"}],"wp:term":[{"taxonomy":"category","embeddable":true,"href":"https:\/\/evertonfc.cz\/index.php\/wp-json\/wp\/v2\/categories?post=13075"},{"taxonomy":"post_tag","embeddable":true,"href":"https:\/\/evertonfc.cz\/index.php\/wp-json\/wp\/v2\/tags?post=13075"}],"curies":[{"name":"wp","href":"https:\/\/api.w.org\/{rel}","templated":true}]}}