{"id":13110,"date":"2020-12-06T21:01:32","date_gmt":"2020-12-06T20:01:32","guid":{"rendered":"https:\/\/evertonfc.cz\/?p=13110"},"modified":"2020-12-07T09:16:11","modified_gmt":"2020-12-07T08:16:11","slug":"everton-w-manchester-city-w-03","status":"publish","type":"post","link":"https:\/\/evertonfc.cz\/index.php\/2020\/12\/06\/everton-w-manchester-city-w-03\/","title":{"rendered":"Everton W &#8211; Manchester City W 0:3"},"content":{"rendered":"<h4>Pot\u0159et\u00ed v t\u00e9to sez\u00f3n\u011b se st\u0159etl \u017eensk\u00fd t\u00fdm Evertonu s kolegyn\u011bmi z Manchester City. Ani toto utk\u00e1n\u00ed nep\u0159ineslo (p\u0159\u00edjemn\u00e9) p\u0159ekvapen\u00ed a host\u00e9 zv\u00edt\u011bzili 3:0.<\/h4>\n<p>Pohled na soupisku vyvolal ve fanou\u0161ku karamelek obavy: pro\u0159\u00eddl\u00e1 lavi\u010dka, na kter\u00e9 se s Tinjou Korpela se\u0161ly pouze 4 hr\u00e1\u010dky: Pattinson, Clinton, Boye-Hlorkah a Pike. Sevecke nepustilo do utk\u00e1n\u00ed poran\u011bn\u00e9 stehno z tr\u00e9ninku. O p\u0159\u00ed\u010din\u011b absence Emslie a Magill mi nen\u00ed nic zn\u00e1mo. A Gauvin si ve Francii st\u00e1le l\u00e9\u010d\u00ed svalov\u00e9 zran\u011bn\u00ed. Do startovn\u00ed sestavy se tak vr\u00e1tily Clemaron a Stringer, za Sevecke v obran\u011b zasko\u010dila Damaris. Sbor rozhod\u010d\u00edch i n\u011bkter\u00e9 hr\u00e1\u010dky dnes nastoupily na h\u0159i\u0161t\u011b s duhov\u00fdmi tkani\u010dkami v kopa\u010dk\u00e1ch nebo s duhov\u00fdmi stu\u017ekami ve vlasech. Projevily t\u00edm svoj\u00ed \u00fa\u010dast na Rainbow Laces Day, kter\u00fd bude 9.12. a kter\u00fd si klade si za c\u00edl vytvo\u0159it ve sportu\u00a0 prost\u0159ed\u00ed vst\u0159\u00edcn\u011bj\u0161\u00ed k LGBT komunit\u011b.\u00a0 Po n\u00e1stupu na h\u0159i\u0161t\u011b se v\u00fdkop musel je\u0161t\u011b chv\u00edli pozdr\u017eet, proto\u017ee rozhod\u010d\u00ed narychlo l\u00e1tala d\u00edru nalezenou v s\u00edti evertonsk\u00e9 br\u00e1ny.<\/p>\n<h4>Prvn\u00ed polo\u010das<\/h4>\n<p>Everton za\u010dal utk\u00e1n\u00ed slu\u0161n\u011b. Jako prvn\u00ed sice zahrozily ve 2. minut\u011b hr\u00e1\u010dky City, ale spolupr\u00e1ce S\u00f8rensen a Raso p\u0159inesla slibnou situaci o n\u011bkolik minut pozd\u011bji. Bohu\u017eel Hayley minula v rozhoduj\u00edc\u00edm momentu m\u00ed\u010d a z druh\u00e9 vlny dor\u00e1\u017eej\u00edc\u00ed Stringer vyst\u0159elila v\u00fdrazn\u011b nad. Ani soustava evertonsk\u00fdch roh\u016f\u00a0 po \u010dtvrthodin\u011b hry g\u00f3l nep\u0159inesla. Ve 25. minut\u011b ude\u0159ili Citizens: na hranici ofsajdu nab\u00edhaj\u00edc\u00ed Ellen White hlavou z v\u00e1pna p\u0159elobovala MacIver &#8211; <strong>0:1<\/strong>. O minutu pozd\u011bji po ledabyle br\u00e1n\u011bn\u00e9m rohu p\u0159idala dal\u0161\u00ed g\u00f3l hlavou Gemma Bonner &#8211; <strong>0:2<\/strong>. Everton se pokusil odpov\u011bd\u011bt, ale pr\u016fnik Raso do v\u00e1pna vedl jen ke kolizi s brank\u00e1\u0159kou a k n\u00e1sledn\u00e9 \u017elut\u00e9 kart\u011b pro Australanku. Pot\u00e9 byla hra v\u00edcem\u00e9n\u011b vyrovanan\u00e1. Vyplaven\u00ed hormon\u016f \u0161t\u011bst\u00ed do evertonsk\u00e9 cirkulace mohla zp\u016fsobit st\u0159ela\u00a0 S\u00f8rensen zleva, bohu\u017eel byla chycen\u00e1. Kdy\u017e u\u017e to vypadalo, \u017ee p\u0159i\u0161el \u010das na kr\u00e1tkou relaxaci v \u0161atn\u00e1ch, p\u0159i\u0161el t\u0159et\u00ed g\u00f3l. P\u0159i n\u011bm si na p\u0159ihr\u00e1vku Caroline Weir nasko\u010dila Janine Beckie a hlavou zv\u00fd\u0161ila na <strong>0:3<\/strong>.<\/p>\n<h4>Druh\u00fd polo\u010das<\/h4>\n<p>Nen\u00ed t\u0159eba chodit kolem hork\u00e9 ka\u0161e a pr\u016fb\u011bh polo\u010dasu lze shrnout do konstatov\u00e1n\u00ed, \u017ee druh\u00e1 p\u016fle prob\u00edhala bezpe\u010dn\u011b v re\u017eii Citizens. Neb\u00fdt ne\u00fanavn\u00e9 Raso, nebyla by v\u016fbec \u017e\u00e1dn\u00e1 chv\u00edle, p\u0159i kter\u00e9 by fanou\u0161ek Evertonu mohl aspo\u0148 doufat v \u00fapravu sk\u00f3re. Po vyst\u0159\u00edd\u00e1n\u00ed Hayley v 77. minut\u011b ustala i tato aktivita (ojedin\u011blou v\u00fdjimkou byla hlavi\u010dka Boye-Hlorkah p\u0159\u00edmo do brank\u00e1\u0159ky) a Everton se zam\u011b\u0159il na kontrolov\u00e1n\u00ed sk\u00f3re. Co\u017e se nakonec povedlo, \u010dtvrt\u00fd g\u00f3l se ob\u010dank\u00e1m skute\u010dn\u011b d\u00e1t nepoda\u0159ilo. Ale nen\u00ed to trochu m\u00e1lo, Antone Pavlovi\u010di?<\/p>\n<h4>Shrnut\u00ed<\/h4>\n<p>Z\u00e1kladn\u00ed sestava mnoho ofenzivn\u00edch nad\u011bj\u00ed nevzbuzovala. Magill a Emslie citeln\u011b chyb\u011bly. Bez Claire postr\u00e1dala\u00a0 Raso obvyklou partnerku a\u00a0 jej\u00ed osamocen\u00e9 pr\u016fniky do v\u00e1pna soupe\u0159ek byly eliminov\u00e1ny.\u00a0 S\u00f8rensen vp\u0159edu mi dvakr\u00e1t \u0161\u0165astn\u00e1 nep\u0159i\u0161la. V Evertonu se j\u00ed da\u0159\u00ed v\u00edce, pokud m\u016f\u017ee ze stran serv\u00edrovat zda\u0159il\u00e9 pasy do v\u00e1pna. Christiansen byla dnes relativn\u011b vzadu, jej\u00ed obvykl\u00e1 funkce box to box z\u00e1lo\u017enice t\u00edm mysl\u00edm citeln\u011b utrp\u011bla. Snad pouze Damaris na lev\u00e9m beku nep\u016fsobila jako v\u00fdchodisko z nouze. Aktu\u00e1ln\u011b jsme os\u00eddlili p\u00e1tou p\u0159\u00ed\u010dku v tabulce WSL. Dle zpr\u00e1v by p\u0159\u00ed\u0161t\u00ed ned\u011bli proti Birminghamu u\u017e m\u011bly b\u00fdt k dispozici Sevecke i Magill. M\u016f\u017eeme tedy doufat ve t\u0159i body. Budou se n\u00e1m velmi hodit. Come on, you blue girls!<\/p>\n<p style=\"text-align: right;\"><em><span style=\"font-size: 8pt;\">Fotografie: Damaris, White, MacIver (zdroj: Martin Rickett, The Guardian)<\/span><\/em><\/p>\n<p><strong>Branky: <\/strong>White (25\u00b4), Bonner (26\u00b4), Beckie (45+\u00b4)<\/p>\n<p><strong>\u017dK: <\/strong>Raso, Clemaron, Sorensen<\/p>\n<p><strong>Everton (4-2-2-2<\/strong>): MacIver &#8211; Moe Wold,\u00a0 Finnigan, Damaris, Turner &#8211; Clemaron (77\u00b4Boye-Hlorkah), Stringer &#8211; Christiansen, Graham &#8211; S\u00f8rensenn, Raso (77\u00b4Pike)<\/p>\n<p><strong>Manchester City (4-2-3-1)<\/strong>: Roebuck &#8211; Bronze, Houghton, Bonner (64\u00b4Greenwood), Stokes &#8211; Walsh, Scott &#8211; Weir (64\u00b4 Mewis), Beckie (71\u00b4 Hemp), Lavelle (45\u00b4 Kelly)- White (76\u00b4Stanway)<\/p>\n<p><strong>Rozhod\u010d\u00ed<\/strong>: Stacey Pearson<\/p>\n","protected":false},"excerpt":{"rendered":"<p>Pot\u0159et\u00ed v t\u00e9to sez\u00f3n\u011b se st\u0159etl \u017eensk\u00fd t\u00fdm Evertonu s kolegyn\u011bmi z Manchester City. Ani toto utk\u00e1n\u00ed nep\u0159ineslo (p\u0159\u00edjemn\u00e9) p\u0159ekvapen\u00ed a host\u00e9 zv\u00edt\u011bzili 3:0.<\/p>\n","protected":false},"author":26,"featured_media":13114,"comment_status":"open","ping_status":"closed","sticky":false,"template":"","format":"standard","meta":{"_eb_attr":"","_monsterinsights_skip_tracking":false,"_monsterinsights_sitenote_active":false,"_monsterinsights_sitenote_note":"","_monsterinsights_sitenote_category":0,"footnotes":""},"categories":[110],"tags":[],"yoast_head":"<!-- This site is optimized with the Yoast SEO plugin v23.4 - https:\/\/yoast.com\/wordpress\/plugins\/seo\/ -->\n<title>Everton W - Manchester City W 0:3 - Official Czech &amp; Slovak Everton Supporters&#039; Club<\/title>\n<meta name=\"robots\" content=\"index, follow, max-snippet:-1, max-image-preview:large, max-video-preview:-1\" \/>\n<link rel=\"canonical\" href=\"https:\/\/evertonfc.cz\/index.php\/2020\/12\/06\/everton-w-manchester-city-w-03\/\" \/>\n<meta property=\"og:locale\" content=\"cs_CZ\" \/>\n<meta property=\"og:type\" content=\"article\" \/>\n<meta property=\"og:title\" content=\"Everton W - Manchester City W 0:3 - Official Czech &amp; Slovak Everton Supporters&#039; Club\" \/>\n<meta property=\"og:description\" content=\"Pot\u0159et\u00ed v t\u00e9to sez\u00f3n\u011b se st\u0159etl \u017eensk\u00fd t\u00fdm Evertonu s kolegyn\u011bmi z Manchester City. Ani toto utk\u00e1n\u00ed nep\u0159ineslo (p\u0159\u00edjemn\u00e9) p\u0159ekvapen\u00ed a host\u00e9 zv\u00edt\u011bzili 3:0.\" \/>\n<meta property=\"og:url\" content=\"https:\/\/evertonfc.cz\/index.php\/2020\/12\/06\/everton-w-manchester-city-w-03\/\" \/>\n<meta property=\"og:site_name\" content=\"Official Czech &amp; Slovak Everton Supporters&#039; Club\" \/>\n<meta property=\"article:publisher\" content=\"https:\/\/www.facebook.com\/everton.fans.cz.sk\" \/>\n<meta property=\"article:published_time\" content=\"2020-12-06T20:01:32+00:00\" \/>\n<meta property=\"article:modified_time\" content=\"2020-12-07T08:16:11+00:00\" \/>\n<meta property=\"og:image\" content=\"https:\/\/evertonfc.cz\/wp-content\/uploads\/2020\/12\/Damaris_Everton_MCI_6_12_20_web.jpg\" \/>\n\t<meta property=\"og:image:width\" content=\"720\" \/>\n\t<meta property=\"og:image:height\" content=\"405\" \/>\n\t<meta property=\"og:image:type\" content=\"image\/jpeg\" \/>\n<meta name=\"author\" content=\"Karamela\" \/>\n<meta name=\"twitter:card\" content=\"summary_large_image\" \/>\n<meta name=\"twitter:label1\" content=\"Napsal(a)\" \/>\n\t<meta name=\"twitter:data1\" content=\"Karamela\" \/>\n\t<meta name=\"twitter:label2\" content=\"Odhadovan\u00e1 doba \u010dten\u00ed\" \/>\n\t<meta name=\"twitter:data2\" content=\"4 minuty\" \/>\n<script type=\"application\/ld+json\" class=\"yoast-schema-graph\">{\"@context\":\"https:\/\/schema.org\",\"@graph\":[{\"@type\":\"Article\",\"@id\":\"https:\/\/evertonfc.cz\/index.php\/2020\/12\/06\/everton-w-manchester-city-w-03\/#article\",\"isPartOf\":{\"@id\":\"https:\/\/evertonfc.cz\/index.php\/2020\/12\/06\/everton-w-manchester-city-w-03\/\"},\"author\":{\"name\":\"Karamela\",\"@id\":\"https:\/\/evertonfc.cz\/#\/schema\/person\/e9a24a80a32efa1344dd2c4e5882185c\"},\"headline\":\"Everton W &#8211; Manchester City W 0:3\",\"datePublished\":\"2020-12-06T20:01:32+00:00\",\"dateModified\":\"2020-12-07T08:16:11+00:00\",\"mainEntityOfPage\":{\"@id\":\"https:\/\/evertonfc.cz\/index.php\/2020\/12\/06\/everton-w-manchester-city-w-03\/\"},\"wordCount\":765,\"commentCount\":2,\"publisher\":{\"@id\":\"https:\/\/evertonfc.cz\/#organization\"},\"image\":{\"@id\":\"https:\/\/evertonfc.cz\/index.php\/2020\/12\/06\/everton-w-manchester-city-w-03\/#primaryimage\"},\"thumbnailUrl\":\"https:\/\/evertonfc.cz\/wp-content\/uploads\/2020\/12\/Damaris_Everton_MCI_6_12_20_web.jpg\",\"articleSection\":[\"Everton Women\"],\"inLanguage\":\"cs\",\"potentialAction\":[{\"@type\":\"CommentAction\",\"name\":\"Comment\",\"target\":[\"https:\/\/evertonfc.cz\/index.php\/2020\/12\/06\/everton-w-manchester-city-w-03\/#respond\"]}]},{\"@type\":\"WebPage\",\"@id\":\"https:\/\/evertonfc.cz\/index.php\/2020\/12\/06\/everton-w-manchester-city-w-03\/\",\"url\":\"https:\/\/evertonfc.cz\/index.php\/2020\/12\/06\/everton-w-manchester-city-w-03\/\",\"name\":\"Everton W - Manchester City W 0:3 - Official Czech &amp; Slovak Everton Supporters&#039; Club\",\"isPartOf\":{\"@id\":\"https:\/\/evertonfc.cz\/#website\"},\"primaryImageOfPage\":{\"@id\":\"https:\/\/evertonfc.cz\/index.php\/2020\/12\/06\/everton-w-manchester-city-w-03\/#primaryimage\"},\"image\":{\"@id\":\"https:\/\/evertonfc.cz\/index.php\/2020\/12\/06\/everton-w-manchester-city-w-03\/#primaryimage\"},\"thumbnailUrl\":\"https:\/\/evertonfc.cz\/wp-content\/uploads\/2020\/12\/Damaris_Everton_MCI_6_12_20_web.jpg\",\"datePublished\":\"2020-12-06T20:01:32+00:00\",\"dateModified\":\"2020-12-07T08:16:11+00:00\",\"breadcrumb\":{\"@id\":\"https:\/\/evertonfc.cz\/index.php\/2020\/12\/06\/everton-w-manchester-city-w-03\/#breadcrumb\"},\"inLanguage\":\"cs\",\"potentialAction\":[{\"@type\":\"ReadAction\",\"target\":[\"https:\/\/evertonfc.cz\/index.php\/2020\/12\/06\/everton-w-manchester-city-w-03\/\"]}]},{\"@type\":\"ImageObject\",\"inLanguage\":\"cs\",\"@id\":\"https:\/\/evertonfc.cz\/index.php\/2020\/12\/06\/everton-w-manchester-city-w-03\/#primaryimage\",\"url\":\"https:\/\/evertonfc.cz\/wp-content\/uploads\/2020\/12\/Damaris_Everton_MCI_6_12_20_web.jpg\",\"contentUrl\":\"https:\/\/evertonfc.cz\/wp-content\/uploads\/2020\/12\/Damaris_Everton_MCI_6_12_20_web.jpg\",\"width\":720,\"height\":405},{\"@type\":\"BreadcrumbList\",\"@id\":\"https:\/\/evertonfc.cz\/index.php\/2020\/12\/06\/everton-w-manchester-city-w-03\/#breadcrumb\",\"itemListElement\":[{\"@type\":\"ListItem\",\"position\":1,\"name\":\"Home\",\"item\":\"https:\/\/evertonfc.cz\/\"},{\"@type\":\"ListItem\",\"position\":2,\"name\":\"Everton W &#8211; Manchester City W 0:3\"}]},{\"@type\":\"WebSite\",\"@id\":\"https:\/\/evertonfc.cz\/#website\",\"url\":\"https:\/\/evertonfc.cz\/\",\"name\":\"Official Czech &amp; Slovak Everton Supporters&#039; Club\",\"description\":\"\",\"publisher\":{\"@id\":\"https:\/\/evertonfc.cz\/#organization\"},\"potentialAction\":[{\"@type\":\"SearchAction\",\"target\":{\"@type\":\"EntryPoint\",\"urlTemplate\":\"https:\/\/evertonfc.cz\/?s={search_term_string}\"},\"query-input\":{\"@type\":\"PropertyValueSpecification\",\"valueRequired\":true,\"valueName\":\"search_term_string\"}}],\"inLanguage\":\"cs\"},{\"@type\":\"Organization\",\"@id\":\"https:\/\/evertonfc.cz\/#organization\",\"name\":\"Official Czech & Slovak Everton Supporters' Club\",\"url\":\"https:\/\/evertonfc.cz\/\",\"logo\":{\"@type\":\"ImageObject\",\"inLanguage\":\"cs\",\"@id\":\"https:\/\/evertonfc.cz\/#\/schema\/logo\/image\/\",\"url\":\"https:\/\/evertonfc.cz\/wp-content\/uploads\/2019\/05\/logo.png\",\"contentUrl\":\"https:\/\/evertonfc.cz\/wp-content\/uploads\/2019\/05\/logo.png\",\"width\":112,\"height\":112,\"caption\":\"Official Czech & Slovak Everton Supporters' Club\"},\"image\":{\"@id\":\"https:\/\/evertonfc.cz\/#\/schema\/logo\/image\/\"},\"sameAs\":[\"https:\/\/www.facebook.com\/everton.fans.cz.sk\"]},{\"@type\":\"Person\",\"@id\":\"https:\/\/evertonfc.cz\/#\/schema\/person\/e9a24a80a32efa1344dd2c4e5882185c\",\"name\":\"Karamela\",\"url\":\"https:\/\/evertonfc.cz\/index.php\/author\/karamela\/\"}]}<\/script>\n<!-- \/ Yoast SEO plugin. -->","yoast_head_json":{"title":"Everton W - Manchester City W 0:3 - Official Czech &amp; Slovak Everton Supporters&#039; Club","robots":{"index":"index","follow":"follow","max-snippet":"max-snippet:-1","max-image-preview":"max-image-preview:large","max-video-preview":"max-video-preview:-1"},"canonical":"https:\/\/evertonfc.cz\/index.php\/2020\/12\/06\/everton-w-manchester-city-w-03\/","og_locale":"cs_CZ","og_type":"article","og_title":"Everton W - Manchester City W 0:3 - Official Czech &amp; Slovak Everton Supporters&#039; Club","og_description":"Pot\u0159et\u00ed v t\u00e9to sez\u00f3n\u011b se st\u0159etl \u017eensk\u00fd t\u00fdm Evertonu s kolegyn\u011bmi z Manchester City. Ani toto utk\u00e1n\u00ed nep\u0159ineslo (p\u0159\u00edjemn\u00e9) p\u0159ekvapen\u00ed a host\u00e9 zv\u00edt\u011bzili 3:0.","og_url":"https:\/\/evertonfc.cz\/index.php\/2020\/12\/06\/everton-w-manchester-city-w-03\/","og_site_name":"Official Czech &amp; Slovak Everton Supporters&#039; Club","article_publisher":"https:\/\/www.facebook.com\/everton.fans.cz.sk","article_published_time":"2020-12-06T20:01:32+00:00","article_modified_time":"2020-12-07T08:16:11+00:00","og_image":[{"width":720,"height":405,"url":"https:\/\/evertonfc.cz\/wp-content\/uploads\/2020\/12\/Damaris_Everton_MCI_6_12_20_web.jpg","type":"image\/jpeg"}],"author":"Karamela","twitter_card":"summary_large_image","twitter_misc":{"Napsal(a)":"Karamela","Odhadovan\u00e1 doba \u010dten\u00ed":"4 minuty"},"schema":{"@context":"https:\/\/schema.org","@graph":[{"@type":"Article","@id":"https:\/\/evertonfc.cz\/index.php\/2020\/12\/06\/everton-w-manchester-city-w-03\/#article","isPartOf":{"@id":"https:\/\/evertonfc.cz\/index.php\/2020\/12\/06\/everton-w-manchester-city-w-03\/"},"author":{"name":"Karamela","@id":"https:\/\/evertonfc.cz\/#\/schema\/person\/e9a24a80a32efa1344dd2c4e5882185c"},"headline":"Everton W &#8211; Manchester City W 0:3","datePublished":"2020-12-06T20:01:32+00:00","dateModified":"2020-12-07T08:16:11+00:00","mainEntityOfPage":{"@id":"https:\/\/evertonfc.cz\/index.php\/2020\/12\/06\/everton-w-manchester-city-w-03\/"},"wordCount":765,"commentCount":2,"publisher":{"@id":"https:\/\/evertonfc.cz\/#organization"},"image":{"@id":"https:\/\/evertonfc.cz\/index.php\/2020\/12\/06\/everton-w-manchester-city-w-03\/#primaryimage"},"thumbnailUrl":"https:\/\/evertonfc.cz\/wp-content\/uploads\/2020\/12\/Damaris_Everton_MCI_6_12_20_web.jpg","articleSection":["Everton Women"],"inLanguage":"cs","potentialAction":[{"@type":"CommentAction","name":"Comment","target":["https:\/\/evertonfc.cz\/index.php\/2020\/12\/06\/everton-w-manchester-city-w-03\/#respond"]}]},{"@type":"WebPage","@id":"https:\/\/evertonfc.cz\/index.php\/2020\/12\/06\/everton-w-manchester-city-w-03\/","url":"https:\/\/evertonfc.cz\/index.php\/2020\/12\/06\/everton-w-manchester-city-w-03\/","name":"Everton W - Manchester City W 0:3 - Official Czech &amp; Slovak Everton Supporters&#039; Club","isPartOf":{"@id":"https:\/\/evertonfc.cz\/#website"},"primaryImageOfPage":{"@id":"https:\/\/evertonfc.cz\/index.php\/2020\/12\/06\/everton-w-manchester-city-w-03\/#primaryimage"},"image":{"@id":"https:\/\/evertonfc.cz\/index.php\/2020\/12\/06\/everton-w-manchester-city-w-03\/#primaryimage"},"thumbnailUrl":"https:\/\/evertonfc.cz\/wp-content\/uploads\/2020\/12\/Damaris_Everton_MCI_6_12_20_web.jpg","datePublished":"2020-12-06T20:01:32+00:00","dateModified":"2020-12-07T08:16:11+00:00","breadcrumb":{"@id":"https:\/\/evertonfc.cz\/index.php\/2020\/12\/06\/everton-w-manchester-city-w-03\/#breadcrumb"},"inLanguage":"cs","potentialAction":[{"@type":"ReadAction","target":["https:\/\/evertonfc.cz\/index.php\/2020\/12\/06\/everton-w-manchester-city-w-03\/"]}]},{"@type":"ImageObject","inLanguage":"cs","@id":"https:\/\/evertonfc.cz\/index.php\/2020\/12\/06\/everton-w-manchester-city-w-03\/#primaryimage","url":"https:\/\/evertonfc.cz\/wp-content\/uploads\/2020\/12\/Damaris_Everton_MCI_6_12_20_web.jpg","contentUrl":"https:\/\/evertonfc.cz\/wp-content\/uploads\/2020\/12\/Damaris_Everton_MCI_6_12_20_web.jpg","width":720,"height":405},{"@type":"BreadcrumbList","@id":"https:\/\/evertonfc.cz\/index.php\/2020\/12\/06\/everton-w-manchester-city-w-03\/#breadcrumb","itemListElement":[{"@type":"ListItem","position":1,"name":"Home","item":"https:\/\/evertonfc.cz\/"},{"@type":"ListItem","position":2,"name":"Everton W &#8211; Manchester City W 0:3"}]},{"@type":"WebSite","@id":"https:\/\/evertonfc.cz\/#website","url":"https:\/\/evertonfc.cz\/","name":"Official Czech &amp; Slovak Everton Supporters&#039; Club","description":"","publisher":{"@id":"https:\/\/evertonfc.cz\/#organization"},"potentialAction":[{"@type":"SearchAction","target":{"@type":"EntryPoint","urlTemplate":"https:\/\/evertonfc.cz\/?s={search_term_string}"},"query-input":{"@type":"PropertyValueSpecification","valueRequired":true,"valueName":"search_term_string"}}],"inLanguage":"cs"},{"@type":"Organization","@id":"https:\/\/evertonfc.cz\/#organization","name":"Official Czech & Slovak Everton Supporters' Club","url":"https:\/\/evertonfc.cz\/","logo":{"@type":"ImageObject","inLanguage":"cs","@id":"https:\/\/evertonfc.cz\/#\/schema\/logo\/image\/","url":"https:\/\/evertonfc.cz\/wp-content\/uploads\/2019\/05\/logo.png","contentUrl":"https:\/\/evertonfc.cz\/wp-content\/uploads\/2019\/05\/logo.png","width":112,"height":112,"caption":"Official Czech & Slovak Everton Supporters' Club"},"image":{"@id":"https:\/\/evertonfc.cz\/#\/schema\/logo\/image\/"},"sameAs":["https:\/\/www.facebook.com\/everton.fans.cz.sk"]},{"@type":"Person","@id":"https:\/\/evertonfc.cz\/#\/schema\/person\/e9a24a80a32efa1344dd2c4e5882185c","name":"Karamela","url":"https:\/\/evertonfc.cz\/index.php\/author\/karamela\/"}]}},"_links":{"self":[{"href":"https:\/\/evertonfc.cz\/index.php\/wp-json\/wp\/v2\/posts\/13110"}],"collection":[{"href":"https:\/\/evertonfc.cz\/index.php\/wp-json\/wp\/v2\/posts"}],"about":[{"href":"https:\/\/evertonfc.cz\/index.php\/wp-json\/wp\/v2\/types\/post"}],"author":[{"embeddable":true,"href":"https:\/\/evertonfc.cz\/index.php\/wp-json\/wp\/v2\/users\/26"}],"replies":[{"embeddable":true,"href":"https:\/\/evertonfc.cz\/index.php\/wp-json\/wp\/v2\/comments?post=13110"}],"version-history":[{"count":9,"href":"https:\/\/evertonfc.cz\/index.php\/wp-json\/wp\/v2\/posts\/13110\/revisions"}],"predecessor-version":[{"id":13120,"href":"https:\/\/evertonfc.cz\/index.php\/wp-json\/wp\/v2\/posts\/13110\/revisions\/13120"}],"wp:featuredmedia":[{"embeddable":true,"href":"https:\/\/evertonfc.cz\/index.php\/wp-json\/wp\/v2\/media\/13114"}],"wp:attachment":[{"href":"https:\/\/evertonfc.cz\/index.php\/wp-json\/wp\/v2\/media?parent=13110"}],"wp:term":[{"taxonomy":"category","embeddable":true,"href":"https:\/\/evertonfc.cz\/index.php\/wp-json\/wp\/v2\/categories?post=13110"},{"taxonomy":"post_tag","embeddable":true,"href":"https:\/\/evertonfc.cz\/index.php\/wp-json\/wp\/v2\/tags?post=13110"}],"curies":[{"name":"wp","href":"https:\/\/api.w.org\/{rel}","templated":true}]}}