{"id":13147,"date":"2020-12-13T10:56:27","date_gmt":"2020-12-13T09:56:27","guid":{"rendered":"https:\/\/evertonfc.cz\/?p=13147"},"modified":"2020-12-15T21:04:24","modified_gmt":"2020-12-15T20:04:24","slug":"everton-chelsea-10-3","status":"publish","type":"post","link":"https:\/\/evertonfc.cz\/index.php\/2020\/12\/13\/everton-chelsea-10-3\/","title":{"rendered":"Everton &#8211; Chelsea 1:0"},"content":{"rendered":"<h4>Everton si vyzkou\u0161el novinku zavedenou v Premier League. Na stadionu se, pova\u017ete, objevili \u017eiv\u00ed div\u00e1ci. Pro za\u010d\u00e1tek jich bylo 2000 a mo\u017en\u00e1 to byla jejich p\u0159\u00edtomnost, co nabudilo t\u00fdm k bojovn\u00e9mu nasazen\u00ed. Odm\u011bnou pak v\u0161em byl sladk\u00fd pocit v\u00edt\u011bzstv\u00ed nad silnou Chelsea.<\/h4>\n<p>Toffees o\u010dividn\u011b necht\u011bli p\u0159\u00edchoz\u00ed zklamat a i bez n\u011bkolika \u010dl\u00e1nk\u016f z\u00e1kladn\u00ed jeden\u00e1ctky byla z t\u00fdmu c\u00edtit motivace. P\u0159ipom\u00edn\u00e1m, \u017ee to byl tento soupe\u0159 z Lond\u00fdna, kter\u00fd poskytl odraz ze dna po konci Silvovy \u00e9ry. Tehdy byl u kormidla do\u010dasn\u011b Duncan Ferguson a na to se opravdu jen tak nezapomene.<\/p>\n<p>Mnoh\u00e9 se zm\u011bnilo od lo\u0148sk\u00e9ho listopadu a Mod\u0159\u00ed z hlavn\u00edho m\u011bsta posilovali asi ze v\u0161ech sil. Vyzobali ta nejlep\u0161\u00ed sem\u00ednka buj\u00edc\u00ed v evropsk\u00e9m fotbale, aby rozkvetla do kr\u00e1sy. Havertz, Werner, Zijech, Chilwell, zku\u0161enostmi obrn\u011bn\u00fd Thiago Silva; jedin\u00fd ekvivalent m\u011b napad\u00e1 t\u00fdm poskl\u00e1dan\u00fd blah\u00e9 pam\u011bti Roberta Mart\u00edneze. Ov\u0161em za jinou cenu.<\/p>\n<h4><strong>Prvn\u00ed polo\u010das<\/strong><\/h4>\n<p>Toffees vyb\u011bhli na h\u0159i\u0161t\u011b bez prav\u00fdch krajn\u00edch bek\u016f, ale o to v\u00edce semknut\u00ed \u010delit vln\u011b v\u00edt\u011bzstv\u00ed, na kter\u00e9 se veze soupe\u0159. Prvn\u00ed sice zahrozili surfa\u0159i, oble\u010den\u00ed do n\u011b\u010deho, co barvou p\u0159ipom\u00ednalo n\u011bco zmrzl\u00e9ho a vzorem parkety, ale Havertz neposunul Reece Jamesovi ide\u00e1ln\u011b a tak stihl Godfrey doklouzat s bokem.<\/p>\n<p>Pak na p\u00e1r minut p\u0159evzal aktivitu Everton, Richarlison si vym\u011bnil m\u00ed\u010d s islandsk\u00fdm duhov\u00fdm kapit\u00e1nem, Mendy u\u017e mu zp\u00e1tky nep\u0159ihr\u00e1l a sobecky chytil m\u00ed\u010d do rukou. Po chv\u00edli z rohu Mina hlavi\u010dkoval nad. Chv\u00edli se nic ned\u011blo, host\u00e9 dr\u017eeli m\u00ed\u010d, ale p\u0159ev\u00e1\u017en\u011b na sv\u00e9 p\u016flce. Jako deus ex machina ude\u0159ilo do Mendyho. Nejd\u0159\u00edve se srazil se sv\u00fdm Jamesem, chvilku poleh\u00e1val. A za chv\u00edli to p\u0159i\u0161lo.<\/p>\n<h4><strong>Jedna nula<\/strong><\/h4>\n<p>Za\u010dal to mu\u017e v zelen\u00e9m \u00faboru dlouh\u00fdm v\u00fdkopem, kter\u00fd si p\u0159ivlastnil DCL. Mendy si ho cht\u011bl p\u0159ivlastnit, jen\u017ee ouha. Kdy\u017e dorazil na m\u00edsto, m\u00ed\u010d i Dominic u\u017e byli o kus jinde a b\u00e1c, penalta. P\u0159ed dv\u011bma lety se tahali o pozici nejlep\u0161\u00edho st\u0159elce t\u00fdmu, v\u010dera ve\u010der se Richarlison a Sigurdsson cht\u011bli pokusit dostat se znovu na kolej. M\u00e1lo platn\u00e9, ur\u010den\u00fd exekutor je Gylfi. Ale \u017e\u00e1dn\u00e1 zl\u00e1 krev, Brazilec se podvolil. Kapit\u00e1n se k m\u00ed\u010di postavil, jako by nebylo nic sna\u017e\u0161\u00edho a poslal m\u00ed\u010d do s\u00edt\u011b, jako by nikdy nechybil. To bylo radosti!<\/p>\n<h4><strong>Furt je\u0161t\u011b prvn\u00ed polo\u010das<\/strong><\/h4>\n<p>Ale po\u0159\u00e1d nebyl konec. Vlastn\u011b byla teprve 25. minuta. Richarlison si vy\u0159izoval \u00fa\u010dty s Jamesem (a dost, \u0159\u00edkejme mu prost\u011b Reece), snad proto, \u017ee mu jeho \u00fa\u010des \u00e0\u00a0la uschl\u00fd v\u00e1no\u010dn\u00ed strome\u010dek m\u00e1val a\u017e \u010dasto p\u0159ed obli\u010dejem. Ten sam\u00fd pak z v\u00e1pna vyslal tvrdou r\u00e1nu a Pickford ji m\u00e1vnut\u00edm sv\u00e9 kouzeln\u00e9 rukavice vytla\u010dil na ty\u010d. Zasahoval po chv\u00edli i proti Zoumovi.<\/p>\n<p>Polo\u010das se dohr\u00e1val s kolizemi, Reece zajel do Godfreyho a j\u00e1 si u\u017e myslel, \u017ee Jon Moss karti\u010dku tajn\u011b vyt\u00e1hl. Mina a\u00a0 Richarlison si l\u00edzali r\u00e1ny z p\u0159edchoz\u00edch souboj\u016f, Pickford si p\u0159i odkopu lehl do tr\u00e1vy, s n\u00ed\u017e t\u00e9m\u011b\u0159 splynul. Reece a Chilwell hr\u00e1li p\u0159es na\u0161e v\u00e1pno na t\u0159et\u00edho, nikdo se o to ale nestaral. Rich se Siggym \u0161li do brejku, ale prvn\u00edho p\u0159i st\u0159ele zjevn\u011b limitovala n\u011bjak\u00e1 bol\u00edstka. Pickford s Minou pokou\u0161eli \u0161t\u011bst\u00ed a sv\u00e9 zdrav\u00ed\u010dko dal\u0161\u00ed sr\u00e1\u017ekou, pravdou je, \u017ee Kolumbijce poslala na (pick)brod Hora s k\u0159estn\u00edm Mason. P\u0159ed p\u0159est\u00e1vkou je\u0161t\u011b Kant\u00e9 sejmul Allana.<\/p>\n<h4><strong>Druh\u00e1 p\u016fle<\/strong><\/h4>\n<p>Z\u00e1pas byl st\u00e1le otev\u0159en\u00fd a sk\u00f3re se mohlo snadno jakkoliv m\u011bnit. P\u0159esto jsem m\u011bl pocit, \u017ee tohle prost\u011b mus\u00ed dopadnout dob\u0159e. Mo\u017en\u00e1 proto, \u017ee jsem st\u00e1le usp\u00e1val dcerku. Z\u00e1pletku nezvykl\u00e9 poh\u00e1dce p\u0159inesl Pickford, kdy\u017e po mendyovsku boxoval na prahu v\u00e1pna m\u00ed\u010d k Mountovi. Jeho lob ale vytla\u010dila dobr\u00e1 v\u00edla do s\u00edt\u011b za b\u0159evnem. Host\u00e9 v nad\u011bji, \u017ee n\u00e1s k n\u011bjak\u00e9 chyb\u011b donut\u00ed, pos\u00edlali do v\u00e1pna centry, ale obrana je spolehliv\u011b odvracela. Nebo se pavouk Mina rozt\u00e1hl a zabr\u00e1nil Havertzov\u011b st\u0159ele. Everton se osm\u011blil a kapit\u00e1n\u016fv centr uko\u0159istil Mina p\u0159ed DCL.<\/p>\n<h4><strong>Kone\u010dn\u011b sp\u00ed<\/strong><\/h4>\n<p>Reece dostal \u017elutou, kdy\u017e ubl\u00ed\u017eil Allanovi. Kam se pod\u011bla prvn\u00ed \u017elut\u00e1? Vymazal ji n\u011bkdo Mossovi z not\u00fdsku? Matouc\u00ed, na\u0161t\u011bst\u00ed Aurinka u\u017e v tu chv\u00edli kone\u010dn\u011b spala. P\u0159i\u0161la tak o z\u00e1sah VAR. Iwobi poslal DCL do samostatn\u00e9ho \u00faniku. P\u0159i slalomu v pokutov\u00e9m \u00fazem\u00ed ho zboural Chilwell a Jon Moss nezav\u00e1hal. Videorozhod\u010d\u00ed ale v\u0161emu pom\u011brn\u011b rychle u\u010dinil p\u0159\u00edtr\u017e. DCL by pot\u0159eboval sklen\u011bnou st\u011bnu, aby to ubrzdil na \u00farovni Zoumova posledn\u00edho fald\u00edku. DCL alespo\u0148 vybojoval \u017elutou na Thiago Silvovi.<\/p>\n<h4><strong>Z\u00e1v\u011br<\/strong><\/h4>\n<p>Holgate vyslal Iwobiho, tomu se nepoda\u0159ilo odcentrovat. Hr\u00e1li jsme o \u010das, Godfrey i Holgate po colemanovsku vyvezli m\u00ed\u010d snad o 60 yard\u016f. Rovnov\u00e1ha sil se ale vychylovala na stranu Chelsea, usiluj\u00edc\u00ed o vyrovn\u00e1n\u00ed. V\u0161em t\u011bmto pokus\u016fm se do cesty postavil zejm\u00e9na Michael Keane, kter\u00fd odhlavi\u010dkoval a odkopnul, co se dalo. Everton vyu\u017eil sem tam otev\u0159en\u00ed hry a p\u00e1rkr\u00e1t se dostal do slibn\u00e9ho brejku, v\u017edy ale chyb\u011bl kousek, v\u00edc s\u00edly pro Richarlisona a p\u00e1r decimetr\u016f pro Doucour\u00e9ho.<\/p>\n<p>Nejhor\u0161\u00ed p\u0159i\u0161lo v posledn\u00ed desetiminutovce, kdy\u017e p\u0159\u00edm\u00fd kop skon\u010dil na ty\u010di. Sm\u016fla pro Mounta, \u0161t\u011bst\u00ed pro Pickforda, kter\u00fd nebyl na dosah. Giroud nalo\u017eil s dobrou p\u0159ihr\u00e1vkou od Wernera tak, \u017ee to ani nevypadalo tak nebezpe\u010dn\u011b, jak to bylo. Everton v\u00edt\u011bzstv\u00ed udr\u017eel, kdy\u017e o \u010das si zahr\u00e1li a\u017e u rohov\u00e9ho praporku st\u0159\u00eddaj\u00edc\u00ed Gomes a t\u00e9m\u011b\u0159 zapomenut\u00fd Kenny.<\/p>\n<p>V\u0161echno dob\u0159e dopadlo, a jestli to moc nerozmaz\u00e1vali, tak se raduj\u00ed dote\u010f. Vyplatila se s\u00e1zka na osv\u011bd\u010den\u00fd recept z druh\u00e9 t\u0159etiny minul\u00e9 sez\u00f3ny. Obvykl\u00fd probl\u00e9m s p\u0159echodem do \u00fatoku p\u0159i absenci hlavn\u00edch hybatel\u016f se tentokr\u00e1t nedostavil. T\u0159i body, se kter\u00fdmi m\u00e1lokdo po\u010d\u00edtal, jsou doma a Everton je do\u010dasn\u011b sedm\u00fd.<\/p>\n<p style=\"text-align: right;\"><span style=\"font-size: 8pt;\">(fotozdroj: Pool\/Reuters)<\/span><\/p>\n<p><strong>Branka:<\/strong> 22. Sigurdsson z penalty<\/p>\n<p><strong>\u017dlut\u00e9 karty:<\/strong> 2. Richarlison, 80. Doucour\u00e9 &#8211; 48. Kant\u00e9, 59. James, 65. T.Silva.<\/p>\n<p><strong>Everton:<\/strong> Pickford &#8211; Holgate, Keane, Mina, Godfrey &#8211; Allan, Sigurdsson (83. Gomes), Doucour\u00e9 &#8211; Iwobi (86. Davies), Richarlison (90. Kenny), Calvert-Lewin.<\/p>\n<p><strong>Chelsea:<\/strong> Mendy &#8211; James, Zouma, T.Silva, Chilwell &#8211; Kant\u00e9, Kova\u010di\u0107 (82. Gilmour), Mount &#8211; Giroud, Havertz (68. Abraham), Werner.<\/p>\n<p><strong>Rozhod\u010d\u00ed:<\/strong> Jon Moss\u00a0 <strong>Div\u00e1ci:<\/strong> 2000<\/p>\n","protected":false},"excerpt":{"rendered":"<p>Everton si vyzkou\u0161el novinku zavedenou v Premier League. Na stadionu se, pova\u017ete, objevili \u017eiv\u00ed div\u00e1ci. Pro za\u010d\u00e1tek jich bylo 2000 a mo\u017en\u00e1 to byla jejich p\u0159\u00edtomnost, co nabudilo t\u00fdm k bojovn\u00e9mu nasazen\u00ed. Odm\u011bnou pak v\u0161em byl sladk\u00fd pocit v\u00edt\u011bzstv\u00ed nad silnou Chelsea.<\/p>\n","protected":false},"author":10,"featured_media":13146,"comment_status":"open","ping_status":"closed","sticky":false,"template":"","format":"standard","meta":{"_eb_attr":"","_monsterinsights_skip_tracking":false,"_monsterinsights_sitenote_active":false,"_monsterinsights_sitenote_note":"","_monsterinsights_sitenote_category":0,"footnotes":""},"categories":[4],"tags":[],"yoast_head":"<!-- This site is optimized with the Yoast SEO plugin v23.4 - https:\/\/yoast.com\/wordpress\/plugins\/seo\/ -->\n<title>Everton - Chelsea 1:0 - Official Czech &amp; Slovak Everton Supporters&#039; Club<\/title>\n<meta name=\"robots\" content=\"index, follow, max-snippet:-1, max-image-preview:large, max-video-preview:-1\" \/>\n<link rel=\"canonical\" href=\"https:\/\/evertonfc.cz\/index.php\/2020\/12\/13\/everton-chelsea-10-3\/\" \/>\n<meta property=\"og:locale\" content=\"cs_CZ\" \/>\n<meta property=\"og:type\" content=\"article\" \/>\n<meta property=\"og:title\" content=\"Everton - Chelsea 1:0 - Official Czech &amp; Slovak Everton Supporters&#039; Club\" \/>\n<meta property=\"og:description\" content=\"Everton si vyzkou\u0161el novinku zavedenou v Premier League. Na stadionu se, pova\u017ete, objevili \u017eiv\u00ed div\u00e1ci. Pro za\u010d\u00e1tek jich bylo 2000 a mo\u017en\u00e1 to byla jejich p\u0159\u00edtomnost, co nabudilo t\u00fdm k bojovn\u00e9mu nasazen\u00ed. Odm\u011bnou pak v\u0161em byl sladk\u00fd pocit v\u00edt\u011bzstv\u00ed nad silnou Chelsea.\" \/>\n<meta property=\"og:url\" content=\"https:\/\/evertonfc.cz\/index.php\/2020\/12\/13\/everton-chelsea-10-3\/\" \/>\n<meta property=\"og:site_name\" content=\"Official Czech &amp; Slovak Everton Supporters&#039; Club\" \/>\n<meta property=\"article:publisher\" content=\"https:\/\/www.facebook.com\/everton.fans.cz.sk\" \/>\n<meta property=\"article:published_time\" content=\"2020-12-13T09:56:27+00:00\" \/>\n<meta property=\"article:modified_time\" content=\"2020-12-15T20:04:24+00:00\" \/>\n<meta property=\"og:image\" content=\"https:\/\/evertonfc.cz\/wp-content\/uploads\/2020\/12\/gylfivchelsea.jpg\" \/>\n\t<meta property=\"og:image:width\" content=\"720\" \/>\n\t<meta property=\"og:image:height\" content=\"405\" \/>\n\t<meta property=\"og:image:type\" content=\"image\/jpeg\" \/>\n<meta name=\"author\" content=\"Fip\" \/>\n<meta name=\"twitter:card\" content=\"summary_large_image\" \/>\n<meta name=\"twitter:label1\" content=\"Napsal(a)\" \/>\n\t<meta name=\"twitter:data1\" content=\"Fip\" \/>\n\t<meta name=\"twitter:label2\" content=\"Odhadovan\u00e1 doba \u010dten\u00ed\" \/>\n\t<meta name=\"twitter:data2\" content=\"6 minut\" \/>\n<script type=\"application\/ld+json\" class=\"yoast-schema-graph\">{\"@context\":\"https:\/\/schema.org\",\"@graph\":[{\"@type\":\"Article\",\"@id\":\"https:\/\/evertonfc.cz\/index.php\/2020\/12\/13\/everton-chelsea-10-3\/#article\",\"isPartOf\":{\"@id\":\"https:\/\/evertonfc.cz\/index.php\/2020\/12\/13\/everton-chelsea-10-3\/\"},\"author\":{\"name\":\"Fip\",\"@id\":\"https:\/\/evertonfc.cz\/#\/schema\/person\/35904009755e8eaa0dc1a5f5f0419002\"},\"headline\":\"Everton &#8211; Chelsea 1:0\",\"datePublished\":\"2020-12-13T09:56:27+00:00\",\"dateModified\":\"2020-12-15T20:04:24+00:00\",\"mainEntityOfPage\":{\"@id\":\"https:\/\/evertonfc.cz\/index.php\/2020\/12\/13\/everton-chelsea-10-3\/\"},\"wordCount\":1196,\"commentCount\":2,\"publisher\":{\"@id\":\"https:\/\/evertonfc.cz\/#organization\"},\"image\":{\"@id\":\"https:\/\/evertonfc.cz\/index.php\/2020\/12\/13\/everton-chelsea-10-3\/#primaryimage\"},\"thumbnailUrl\":\"https:\/\/evertonfc.cz\/wp-content\/uploads\/2020\/12\/gylfivchelsea.jpg\",\"articleSection\":[\"Z\u00e1pasy\"],\"inLanguage\":\"cs\",\"potentialAction\":[{\"@type\":\"CommentAction\",\"name\":\"Comment\",\"target\":[\"https:\/\/evertonfc.cz\/index.php\/2020\/12\/13\/everton-chelsea-10-3\/#respond\"]}]},{\"@type\":\"WebPage\",\"@id\":\"https:\/\/evertonfc.cz\/index.php\/2020\/12\/13\/everton-chelsea-10-3\/\",\"url\":\"https:\/\/evertonfc.cz\/index.php\/2020\/12\/13\/everton-chelsea-10-3\/\",\"name\":\"Everton - Chelsea 1:0 - Official Czech &amp; Slovak Everton Supporters&#039; Club\",\"isPartOf\":{\"@id\":\"https:\/\/evertonfc.cz\/#website\"},\"primaryImageOfPage\":{\"@id\":\"https:\/\/evertonfc.cz\/index.php\/2020\/12\/13\/everton-chelsea-10-3\/#primaryimage\"},\"image\":{\"@id\":\"https:\/\/evertonfc.cz\/index.php\/2020\/12\/13\/everton-chelsea-10-3\/#primaryimage\"},\"thumbnailUrl\":\"https:\/\/evertonfc.cz\/wp-content\/uploads\/2020\/12\/gylfivchelsea.jpg\",\"datePublished\":\"2020-12-13T09:56:27+00:00\",\"dateModified\":\"2020-12-15T20:04:24+00:00\",\"breadcrumb\":{\"@id\":\"https:\/\/evertonfc.cz\/index.php\/2020\/12\/13\/everton-chelsea-10-3\/#breadcrumb\"},\"inLanguage\":\"cs\",\"potentialAction\":[{\"@type\":\"ReadAction\",\"target\":[\"https:\/\/evertonfc.cz\/index.php\/2020\/12\/13\/everton-chelsea-10-3\/\"]}]},{\"@type\":\"ImageObject\",\"inLanguage\":\"cs\",\"@id\":\"https:\/\/evertonfc.cz\/index.php\/2020\/12\/13\/everton-chelsea-10-3\/#primaryimage\",\"url\":\"https:\/\/evertonfc.cz\/wp-content\/uploads\/2020\/12\/gylfivchelsea.jpg\",\"contentUrl\":\"https:\/\/evertonfc.cz\/wp-content\/uploads\/2020\/12\/gylfivchelsea.jpg\",\"width\":720,\"height\":405},{\"@type\":\"BreadcrumbList\",\"@id\":\"https:\/\/evertonfc.cz\/index.php\/2020\/12\/13\/everton-chelsea-10-3\/#breadcrumb\",\"itemListElement\":[{\"@type\":\"ListItem\",\"position\":1,\"name\":\"Home\",\"item\":\"https:\/\/evertonfc.cz\/\"},{\"@type\":\"ListItem\",\"position\":2,\"name\":\"Everton &#8211; Chelsea 1:0\"}]},{\"@type\":\"WebSite\",\"@id\":\"https:\/\/evertonfc.cz\/#website\",\"url\":\"https:\/\/evertonfc.cz\/\",\"name\":\"Official Czech &amp; Slovak Everton Supporters&#039; Club\",\"description\":\"\",\"publisher\":{\"@id\":\"https:\/\/evertonfc.cz\/#organization\"},\"potentialAction\":[{\"@type\":\"SearchAction\",\"target\":{\"@type\":\"EntryPoint\",\"urlTemplate\":\"https:\/\/evertonfc.cz\/?s={search_term_string}\"},\"query-input\":{\"@type\":\"PropertyValueSpecification\",\"valueRequired\":true,\"valueName\":\"search_term_string\"}}],\"inLanguage\":\"cs\"},{\"@type\":\"Organization\",\"@id\":\"https:\/\/evertonfc.cz\/#organization\",\"name\":\"Official Czech & Slovak Everton Supporters' Club\",\"url\":\"https:\/\/evertonfc.cz\/\",\"logo\":{\"@type\":\"ImageObject\",\"inLanguage\":\"cs\",\"@id\":\"https:\/\/evertonfc.cz\/#\/schema\/logo\/image\/\",\"url\":\"https:\/\/evertonfc.cz\/wp-content\/uploads\/2019\/05\/logo.png\",\"contentUrl\":\"https:\/\/evertonfc.cz\/wp-content\/uploads\/2019\/05\/logo.png\",\"width\":112,\"height\":112,\"caption\":\"Official Czech & Slovak Everton Supporters' Club\"},\"image\":{\"@id\":\"https:\/\/evertonfc.cz\/#\/schema\/logo\/image\/\"},\"sameAs\":[\"https:\/\/www.facebook.com\/everton.fans.cz.sk\"]},{\"@type\":\"Person\",\"@id\":\"https:\/\/evertonfc.cz\/#\/schema\/person\/35904009755e8eaa0dc1a5f5f0419002\",\"name\":\"Fip\",\"url\":\"https:\/\/evertonfc.cz\/index.php\/author\/fip\/\"}]}<\/script>\n<!-- \/ Yoast SEO plugin. -->","yoast_head_json":{"title":"Everton - Chelsea 1:0 - Official Czech &amp; Slovak Everton Supporters&#039; Club","robots":{"index":"index","follow":"follow","max-snippet":"max-snippet:-1","max-image-preview":"max-image-preview:large","max-video-preview":"max-video-preview:-1"},"canonical":"https:\/\/evertonfc.cz\/index.php\/2020\/12\/13\/everton-chelsea-10-3\/","og_locale":"cs_CZ","og_type":"article","og_title":"Everton - Chelsea 1:0 - Official Czech &amp; Slovak Everton Supporters&#039; Club","og_description":"Everton si vyzkou\u0161el novinku zavedenou v Premier League. Na stadionu se, pova\u017ete, objevili \u017eiv\u00ed div\u00e1ci. Pro za\u010d\u00e1tek jich bylo 2000 a mo\u017en\u00e1 to byla jejich p\u0159\u00edtomnost, co nabudilo t\u00fdm k bojovn\u00e9mu nasazen\u00ed. Odm\u011bnou pak v\u0161em byl sladk\u00fd pocit v\u00edt\u011bzstv\u00ed nad silnou Chelsea.","og_url":"https:\/\/evertonfc.cz\/index.php\/2020\/12\/13\/everton-chelsea-10-3\/","og_site_name":"Official Czech &amp; Slovak Everton Supporters&#039; Club","article_publisher":"https:\/\/www.facebook.com\/everton.fans.cz.sk","article_published_time":"2020-12-13T09:56:27+00:00","article_modified_time":"2020-12-15T20:04:24+00:00","og_image":[{"width":720,"height":405,"url":"https:\/\/evertonfc.cz\/wp-content\/uploads\/2020\/12\/gylfivchelsea.jpg","type":"image\/jpeg"}],"author":"Fip","twitter_card":"summary_large_image","twitter_misc":{"Napsal(a)":"Fip","Odhadovan\u00e1 doba \u010dten\u00ed":"6 minut"},"schema":{"@context":"https:\/\/schema.org","@graph":[{"@type":"Article","@id":"https:\/\/evertonfc.cz\/index.php\/2020\/12\/13\/everton-chelsea-10-3\/#article","isPartOf":{"@id":"https:\/\/evertonfc.cz\/index.php\/2020\/12\/13\/everton-chelsea-10-3\/"},"author":{"name":"Fip","@id":"https:\/\/evertonfc.cz\/#\/schema\/person\/35904009755e8eaa0dc1a5f5f0419002"},"headline":"Everton &#8211; Chelsea 1:0","datePublished":"2020-12-13T09:56:27+00:00","dateModified":"2020-12-15T20:04:24+00:00","mainEntityOfPage":{"@id":"https:\/\/evertonfc.cz\/index.php\/2020\/12\/13\/everton-chelsea-10-3\/"},"wordCount":1196,"commentCount":2,"publisher":{"@id":"https:\/\/evertonfc.cz\/#organization"},"image":{"@id":"https:\/\/evertonfc.cz\/index.php\/2020\/12\/13\/everton-chelsea-10-3\/#primaryimage"},"thumbnailUrl":"https:\/\/evertonfc.cz\/wp-content\/uploads\/2020\/12\/gylfivchelsea.jpg","articleSection":["Z\u00e1pasy"],"inLanguage":"cs","potentialAction":[{"@type":"CommentAction","name":"Comment","target":["https:\/\/evertonfc.cz\/index.php\/2020\/12\/13\/everton-chelsea-10-3\/#respond"]}]},{"@type":"WebPage","@id":"https:\/\/evertonfc.cz\/index.php\/2020\/12\/13\/everton-chelsea-10-3\/","url":"https:\/\/evertonfc.cz\/index.php\/2020\/12\/13\/everton-chelsea-10-3\/","name":"Everton - Chelsea 1:0 - Official Czech &amp; Slovak Everton Supporters&#039; Club","isPartOf":{"@id":"https:\/\/evertonfc.cz\/#website"},"primaryImageOfPage":{"@id":"https:\/\/evertonfc.cz\/index.php\/2020\/12\/13\/everton-chelsea-10-3\/#primaryimage"},"image":{"@id":"https:\/\/evertonfc.cz\/index.php\/2020\/12\/13\/everton-chelsea-10-3\/#primaryimage"},"thumbnailUrl":"https:\/\/evertonfc.cz\/wp-content\/uploads\/2020\/12\/gylfivchelsea.jpg","datePublished":"2020-12-13T09:56:27+00:00","dateModified":"2020-12-15T20:04:24+00:00","breadcrumb":{"@id":"https:\/\/evertonfc.cz\/index.php\/2020\/12\/13\/everton-chelsea-10-3\/#breadcrumb"},"inLanguage":"cs","potentialAction":[{"@type":"ReadAction","target":["https:\/\/evertonfc.cz\/index.php\/2020\/12\/13\/everton-chelsea-10-3\/"]}]},{"@type":"ImageObject","inLanguage":"cs","@id":"https:\/\/evertonfc.cz\/index.php\/2020\/12\/13\/everton-chelsea-10-3\/#primaryimage","url":"https:\/\/evertonfc.cz\/wp-content\/uploads\/2020\/12\/gylfivchelsea.jpg","contentUrl":"https:\/\/evertonfc.cz\/wp-content\/uploads\/2020\/12\/gylfivchelsea.jpg","width":720,"height":405},{"@type":"BreadcrumbList","@id":"https:\/\/evertonfc.cz\/index.php\/2020\/12\/13\/everton-chelsea-10-3\/#breadcrumb","itemListElement":[{"@type":"ListItem","position":1,"name":"Home","item":"https:\/\/evertonfc.cz\/"},{"@type":"ListItem","position":2,"name":"Everton &#8211; Chelsea 1:0"}]},{"@type":"WebSite","@id":"https:\/\/evertonfc.cz\/#website","url":"https:\/\/evertonfc.cz\/","name":"Official Czech &amp; Slovak Everton Supporters&#039; Club","description":"","publisher":{"@id":"https:\/\/evertonfc.cz\/#organization"},"potentialAction":[{"@type":"SearchAction","target":{"@type":"EntryPoint","urlTemplate":"https:\/\/evertonfc.cz\/?s={search_term_string}"},"query-input":{"@type":"PropertyValueSpecification","valueRequired":true,"valueName":"search_term_string"}}],"inLanguage":"cs"},{"@type":"Organization","@id":"https:\/\/evertonfc.cz\/#organization","name":"Official Czech & Slovak Everton Supporters' Club","url":"https:\/\/evertonfc.cz\/","logo":{"@type":"ImageObject","inLanguage":"cs","@id":"https:\/\/evertonfc.cz\/#\/schema\/logo\/image\/","url":"https:\/\/evertonfc.cz\/wp-content\/uploads\/2019\/05\/logo.png","contentUrl":"https:\/\/evertonfc.cz\/wp-content\/uploads\/2019\/05\/logo.png","width":112,"height":112,"caption":"Official Czech & Slovak Everton Supporters' Club"},"image":{"@id":"https:\/\/evertonfc.cz\/#\/schema\/logo\/image\/"},"sameAs":["https:\/\/www.facebook.com\/everton.fans.cz.sk"]},{"@type":"Person","@id":"https:\/\/evertonfc.cz\/#\/schema\/person\/35904009755e8eaa0dc1a5f5f0419002","name":"Fip","url":"https:\/\/evertonfc.cz\/index.php\/author\/fip\/"}]}},"_links":{"self":[{"href":"https:\/\/evertonfc.cz\/index.php\/wp-json\/wp\/v2\/posts\/13147"}],"collection":[{"href":"https:\/\/evertonfc.cz\/index.php\/wp-json\/wp\/v2\/posts"}],"about":[{"href":"https:\/\/evertonfc.cz\/index.php\/wp-json\/wp\/v2\/types\/post"}],"author":[{"embeddable":true,"href":"https:\/\/evertonfc.cz\/index.php\/wp-json\/wp\/v2\/users\/10"}],"replies":[{"embeddable":true,"href":"https:\/\/evertonfc.cz\/index.php\/wp-json\/wp\/v2\/comments?post=13147"}],"version-history":[{"count":9,"href":"https:\/\/evertonfc.cz\/index.php\/wp-json\/wp\/v2\/posts\/13147\/revisions"}],"predecessor-version":[{"id":13173,"href":"https:\/\/evertonfc.cz\/index.php\/wp-json\/wp\/v2\/posts\/13147\/revisions\/13173"}],"wp:featuredmedia":[{"embeddable":true,"href":"https:\/\/evertonfc.cz\/index.php\/wp-json\/wp\/v2\/media\/13146"}],"wp:attachment":[{"href":"https:\/\/evertonfc.cz\/index.php\/wp-json\/wp\/v2\/media?parent=13147"}],"wp:term":[{"taxonomy":"category","embeddable":true,"href":"https:\/\/evertonfc.cz\/index.php\/wp-json\/wp\/v2\/categories?post=13147"},{"taxonomy":"post_tag","embeddable":true,"href":"https:\/\/evertonfc.cz\/index.php\/wp-json\/wp\/v2\/tags?post=13147"}],"curies":[{"name":"wp","href":"https:\/\/api.w.org\/{rel}","templated":true}]}}