{"id":13175,"date":"2020-12-16T13:30:04","date_gmt":"2020-12-16T12:30:04","guid":{"rendered":"https:\/\/evertonfc.cz\/?p=13175"},"modified":"2020-12-16T21:01:05","modified_gmt":"2020-12-16T20:01:05","slug":"preview-leicester-city-everton-7","status":"publish","type":"post","link":"https:\/\/evertonfc.cz\/index.php\/2020\/12\/16\/preview-leicester-city-everton-7\/","title":{"rendered":"Preview: Leicester City \u2013 Everton"},"content":{"rendered":"<h4>Z\u00e1pas ka\u017ed\u00e9 tri dni prin\u00e1\u0161a v\u00a0r\u00fdchlom slede nov\u00e9ho oponenta. Tretie L\u00ed\u0161ky v\u00a0tabu\u013eke budeme musie\u0165 preveri\u0165 na ich vlastnom tr\u00e1vniku, no bez\u00a0podpory div\u00e1kov.<\/h4>\n<p>Na t\u00fa si zatia\u013e v\u00a0Leicestershire bud\u00fa musie\u0165 toti\u017e po\u010dka\u0165. U\u017e dnes sa m\u00e1 rozhodn\u00fa\u0165 o\u00a0nov\u00fdch opatreniach, ktor\u00e9 maj\u00fa plati\u0165 po\u010das sviatkov a\u00a0v\u00a0hre je aj zn\u00ed\u017eenie stup\u0148a v\u00a0s\u00fa\u010dasnosti platn\u00fdch COVID opatren\u00ed. Leicester sa nach\u00e1dza v\u00a0z\u00f3ne \u201eTier 3\u201c, \u010di\u017ee najpr\u00edsnej\u0161ej, s\u00a0najhor\u0161ou epidemiologickou situ\u00e1ciou. Na \u0161tadi\u00f3n teda div\u00e1ci nesm\u00fa, na rozdiel od Merseyside, kde je v\u00a0s\u00fa\u010dasnosti zaveden\u00fd \u201eTier 2\u201c.<\/p>\n<p>N\u00e1m v\u00a0tomto stupni povolen\u00fdch dvetis\u00edc div\u00e1kov n\u00e1ramne pomohlo. Chelsea odi\u0161la domov napr\u00e1zdno a\u00a0Carlo dal aspo\u0148 na chv\u00ed\u013eu zabudn\u00fa\u0165 na hr\u00f4zostra\u0161n\u00fa novembrov\u00fa formu. Dokonca vytiahol aj st\u00e1vku na istotu, ke\u010f relat\u00edvne v\u0161etk\u00fdch hr\u00e1\u010dov umiestnil do preferovan\u00fdch poz\u00edcii v rigidnom syst\u00e9me 4-2-3-1. Jedine Godfrey ako \u013eav\u00fd bek sa mohol c\u00edti\u0165 nekomfortne, ale vidie\u0165 to rozhodne nebolo, ke\u010f vymazal Havertza aj s\u00a0Reecom Jamesom na pravom kr\u00eddle. Budeme teda vidie\u0165 repete?<\/p>\n<h4><strong><em>\u201eThe squad is practically the same.\u201d<\/em><\/strong><\/h4>\n<p>Je to vysoko pravdepodobn\u00e9. Nov\u00e9 zranenia na\u0161\u0165astie nepribudli, av\u0161ak zatia\u013e sa ani nikto plne nevylie\u010dil, respekt\u00edve nedostal do dostato\u010dnej kond\u00edcie. Delph a\u00a0Gbamin s\u00fa mimo a Ancelotti nechce riskova\u0165 nasadenie Colemana. Hoci u\u017e tr\u00e9nuje s t\u00edmom, rad\u0161ej ho po\u0161etr\u00ed na v\u00edkend doma proti\u00a0The Gunners. M\u00fadro.<\/p>\n<p>Na tla\u010dovke nech\u00fdbal ani novin\u00e1r, predpoklad\u00e1m kolumbijsk\u00fd, \u0161peci\u00e1lne zameran\u00fd len na Jamesa Rodr\u00edgueza. Kde je, \u010do rob\u00ed, ako sa m\u00e1 a\u00a0pre\u010do nehr\u00e1? Nu\u017e, zvykajme si, tak\u00fdto status sme v\u00a0kab\u00edne e\u0161te nemali. Tak\u017ee, James je na Finch Farm, predv\u010derom za\u010dal individu\u00e1lny tr\u00e9ning a\u00a0dnes hra\u0165 nebude. Jeho stav po zranen\u00ed l\u00fdtka sa posudzuje na dennej b\u00e1ze, tak\u017ee nie je vyl\u00fa\u010den\u00e9, \u017ee nebude hra\u0165 ani v\u00a0sobotu. Ur\u010dite v\u0161ak v\u0161etci ocenia fit verziu na\u0161ej superstar, ako zombie m\u00e1tohu v\u00a060. min\u00fate.<\/p>\n<h4><strong><em>\u201eIn this moment I prefer more experienced players.&#8220;<\/em><\/strong><\/h4>\n<p>Mason Holgate a Ben Godfrey na krajoch obrany s\u00fa v s\u00fa\u010dasnosti asi to najmen\u0161ie zlo, ak\u00e9 m\u00f4\u017ee mana\u017e\u00e9r v Evertone zvoli\u0165. Holgate na pravom beku vyr\u00e1stol v Barnsley a spo\u010diatku anga\u017em\u00e1nu v EFC tam aj nastupoval. Godfrey m\u00e1 in\u00e9 sk\u00fasenosti najm\u00e4 z poz\u00edcie defenz\u00edvneho \u0161t\u00edtu, ale jeho fyzick\u00e1 predispoz\u00edcia mu umo\u017e\u0148uje zvl\u00e1dnu\u0165 aj atletickej\u0161iu rolu na kraji. Pri br\u00e1nen\u00ed mu prava\u010dka nezavadzia, dokonca to m\u00f4\u017ee by\u0165 v ist\u00fdch situ\u00e1ci\u00e1ch aj v\u00fdhoda, opa\u010dn\u00e9 je to ale smerom dopredu. Pri defenz\u00edvnych probl\u00e9moch The Toffees v\u0161ak menej iniciat\u00edvny beci p\u00f4sobia uis\u0165uj\u00faco pri n\u00e1hodn\u00fdch strat\u00e1ch lopty a prepadoch v strede ihriska.<\/p>\n<p>Mo\u017eno aj to je jeden z d\u00f4vodov, pre\u010do sa do zostavy nedost\u00e1va Nkounkou alebo Kenny. Druh\u00fdm d\u00f4vodom je jednozna\u010dne nesk\u00fasenos\u0165, hoci pri Kennym toto zd\u00f4vodnenie neplat\u00ed a fan\u00fa\u0161ikovia na\u010falej dumaj\u00fa. Na ot\u00e1zku, \u010di s\u00fa za ignorovan\u00edm mlad\u00e9ho Franc\u00faza disciplin\u00e1rne probl\u00e9my, Ancelotti odvetil:<\/p>\n<p><em>\u201eNie nie. Rozhodne nie. Je to taktick\u00e9 rozhodnutie.<\/em> <em>Hoci si mysl\u00edm, \u017ee si viedol dobre a dar\u00ed sa mu. Ale aby bol v k\u00e1dri, aby bol v t\u00edme, potrebuje viac sk\u00fasenost\u00ed. Je to pre neho prv\u00fd rok na \u0161pi\u010dkovej \u00farovni ako profesion\u00e1la, mus\u00ed sa zdokona\u013eova\u0165, a to rob\u00ed. O jeho profesionalite niet poch\u00fdb<\/em>.&#8220; vyjadril sa Ancelotti. <em>\u201e<\/em><em>Je skuto\u010dne s\u00fastreden\u00fd na tr\u00e9ning, bude hra\u0165, ale v tejto chv\u00edli d\u00e1vam prednos\u0165 sk\u00fasenej\u0161\u00edm hr\u00e1\u010dom. Nemysl\u00edm si, \u017ee je to pre neho \u0165a\u017ek\u00e9, preto\u017ee ch\u00e1pe pr\u00edle\u017eitos\u0165 spolupracova\u0165 s nami na zlep\u0161en\u00ed a pomoci mu\u017estvu. S ostatn\u00fdmi m\u00e1 dobr\u00fd vz\u0165ah.\u201c<\/em><\/p>\n<p>Talian na z\u00e1ver dod\u00e1va:<em> \u201eNerob\u00ed mi nijak\u00e9 probl\u00e9my, preto\u017ee ch\u00e1pe svoje postavenie v tejto situ\u00e1cii.<\/em> <em>Je hr\u00e1\u010dom pre s\u00fa\u010dasnos\u0165, aj ke\u010f ve\u013ea nehr\u00e1, ale pracujeme aj na bud\u00facnosti pre t\u00fdchto mlad\u00fdch hr\u00e1\u010dov. To ist\u00e9 si mysl\u00edm o Anthony Gordonovi, Jarradovi Branthwaitovi, ktor\u00ed s\u00fa skuto\u010dne, skuto\u010dne mlad\u00ed, a s\u00fa tu, aby s nami spolupracovali a sna\u017eili sa porozumie\u0165 a zdokonali\u0165 svoje vedomosti.\u201c<\/em><\/p>\n<h4><strong>Just the start for talented young Leicester<\/strong><\/h4>\n<p>Brendan Rodgers je presn\u00fdm opakom. M\u00e1 k dispoz\u00edcii tie\u017e mlad\u00fd k\u00e1der, nap\u013a\u0148a ho rozv\u00edja\u0165 talenty, a aj napriek \u0165a\u017ek\u00fdm z\u00e1pasom, \u010di hor\u0161ej forme t\u00edmu sa ich neboj\u00ed nasadi\u0165 do frontovej l\u00ednie. Nekupuje hotov\u00fdch hr\u00e1\u010dov, ale zna\u010dn\u00fd potenci\u00e1l. Nie v\u017edy lacn\u00fd samozrejme, preto nev\u00e1ha a nasadzuje ich. V istom zmysle funguje Leicester tak, ako by chcel Everton pod Brandsom tesne pred pr\u00edchodom Ancelottiho.<\/p>\n<p>Ot\u00e1zka je, \u010di tak\u00fdchto hr\u00e1\u010dov po p\u00e1r sez\u00f3nach dok\u00e1\u017ee udr\u017ea\u0165. Len Ndidi, Tielemans a Maddison, v\u0161etci 24 rokov, by mohli klubu zarobi\u0165 aj 250 mili\u00f3nov. Klub s\u00edce m\u00e1 dostatok prostriedkov &#8211; patri\u010dne ich vyu\u017e\u00edva aj na vlastn\u00fa infra\u0161trukt\u00faru, buduje sa nov\u00e9 tr\u00e9ningov\u00e9 centrum a v pl\u00e1ne je aj zv\u00fd\u0161enie kapacity \u0161tadi\u00f3na na 40 000 fan\u00fa\u0161ikov \u2013 ale ak by sa po sebe opakovali deviate miesta v lige, hviezdy p\u00f4jdu za lep\u0161\u00edm. Vi\u010f pr\u00edklad na Merseyside. Av\u0161ak ich druh\u00e9 najlep\u0161ie umiestnenie za posledn\u00fdch 60 rokov nie\u010do nazna\u010duje.<\/p>\n<p>Ak sa zv\u00fd\u0161i h\u013abka k\u00e1dra, mo\u017eno sa u\u017e nebude opakova\u0165 stratenie 14 bodov\u00e9ho n\u00e1skoku na miestenke v\u00a0Lige majstrov. Lebo herne si m\u00f4\u017eu dupn\u00fa\u0165 pri ka\u017edom s\u00faperovi. Flexibiln\u00fd Rodgers vyzrel. Strieda form\u00e1cie aj taktiky, a viac menej \u00faspe\u0161ne prisp\u00f4sobuje rot\u00e1ciu n\u00e1ro\u010dn\u00e9mu eur\u00f3pskemu kalend\u00e1ru a\u00a0zraneniam.<\/p>\n<p>Tie moment\u00e1lne lie\u010dia \u00c7a\u011flar S\u00f6y\u00fcnc\u00fc a Ricardo Pereira. Timothy Castagne bol tie\u017e mimo dva mesiace. V\u0161etci traja ur\u010dite ch\u00fdbali, ke\u010f L\u00ed\u0161ky pod\u013eahli v okt\u00f3bri naraz West Hamu aj Aston Ville, \u010di nemilo prekvapili pred dvomi t\u00fd\u017ed\u0148ami s Fulhamom. V\u017edy sa v\u0161ak dok\u00e1zali spam\u00e4ta\u0165, tak\u017ee, \u010do tak \u010fal\u0161\u00ed z\u00e1drhel?<\/p>\n<h3 style=\"text-align: center;\"><span style=\"color: #3366ff;\"><strong><em>Up The Toffees !!!<\/em><\/strong><\/span><\/h3>\n<p><u>Forma s\u00fapera:<\/u><\/p>\n<table class=\"head_to_head h2h_home\" style=\"width: 99.8667%;\">\n<tbody>\n<tr class=\"highlight odd\">\n<td style=\"width: 20.1602%;\"><span class=\"date\">13.12.20<\/span><\/td>\n<td class=\"flag_td \" style=\"width: 11.8825%;\" title=\"Premier League (Anglicko)\">PL<\/td>\n<td class=\"name highTeam\" style=\"width: 27.6369%;\"><strong>Leicester<\/strong><\/td>\n<td class=\"name\" style=\"width: 24.9666%;\">Brighton<\/td>\n<td class=\"\" style=\"width: 15.2202%; text-align: center;\"><span class=\"score\"><strong>3 : 0<\/strong><\/span><\/td>\n<\/tr>\n<tr class=\"highlight even\">\n<td style=\"width: 20.1602%;\"><span class=\"date\">10.12.20<\/span><\/td>\n<td class=\"flag_td \" style=\"width: 11.8825%;\" title=\"Eur\u00f3pska liga (Eur\u00f3pa)\">EL<\/td>\n<td class=\"name highTeam\" style=\"width: 27.6369%;\"><strong>Leicester<\/strong><\/td>\n<td class=\"name\" style=\"width: 24.9666%;\">AEK<\/td>\n<td class=\"\" style=\"width: 15.2202%; text-align: center;\"><span class=\"score\"><strong>2 : 0<\/strong><\/span><\/td>\n<\/tr>\n<tr class=\"highlight odd\">\n<td style=\"width: 20.1602%;\"><span class=\"date\">06.12.20<\/span><\/td>\n<td class=\"flag_td \" style=\"width: 11.8825%;\" title=\"Premier League (Anglicko)\">PL<\/td>\n<td class=\"name\" style=\"width: 27.6369%;\">Sheffield Utd<\/td>\n<td class=\"name highTeam\" style=\"width: 24.9666%;\"><strong>Leicester<\/strong><\/td>\n<td class=\"\" style=\"width: 15.2202%; text-align: center;\"><span class=\"score\"><strong>1 : 2<\/strong><\/span><\/td>\n<\/tr>\n<tr class=\"highlight even\">\n<td style=\"width: 20.1602%;\"><span class=\"date\">03.12.20<\/span><\/td>\n<td class=\"flag_td \" style=\"width: 11.8825%;\" title=\"Eur\u00f3pska liga (Eur\u00f3pa)\">EL<\/td>\n<td class=\"name\" style=\"width: 27.6369%;\"><strong>Zorya<\/strong><\/td>\n<td class=\"name highTeam\" style=\"width: 24.9666%;\">Leicester<\/td>\n<td class=\"\" style=\"width: 15.2202%; text-align: center;\"><span class=\"score\"><strong>1 : 0<\/strong><\/span><\/td>\n<\/tr>\n<tr class=\"highlight odd\">\n<td style=\"width: 20.1602%;\"><span class=\"date\">30.11.20<\/span><\/td>\n<td class=\"flag_td \" style=\"width: 11.8825%;\" title=\"Premier League (Anglicko)\">PL<\/td>\n<td class=\"name highTeam\" style=\"width: 27.6369%;\">Leicester<\/td>\n<td class=\"name\" style=\"width: 24.9666%;\"><strong>Fulham<\/strong><\/td>\n<td class=\"\" style=\"width: 15.2202%; text-align: center;\"><span class=\"score\"><strong>1 : 2<\/strong><\/span><\/td>\n<\/tr>\n<\/tbody>\n<\/table>\n<h4 style=\"text-align: center;\">\u0160tatistick\u00e9 okienko:<\/h4>\n<ul style=\"list-style-type: square;\">\n<li>Toto bude 100. z\u00e1pas Evertonu v Premier League, ktor\u00fd sa bude hra\u0165 v stredu &#8211; v tento de\u0148 sme vyhrali iba 29,3% svojich z\u00e1pasov (W29 D29 L41). Iba vo \u0161tvrtok m\u00e1me ni\u017e\u0161iu mieru v\u00fdhier (12,5% &#8211; 1 \/ 8).<\/li>\n<li>Po tom, \u010do sa 13 z prv\u00fdch 18 z\u00e1pasov Premier League medzi Leicesterom a Evertonom skon\u010dilo nerozhodne, \u017eiadne z posledn\u00fdch 10 stretnut\u00ed v s\u00fa\u0165a\u017ei neskon\u010dilo rem\u00edzou (po p\u00e4\u0165 v\u00fdhier).<\/li>\n<li>Carlo Ancelotti vyhral v\u0161etky tri dueli s Brendanom Rodgersom vo v\u0161etk\u00fdch s\u00fa\u0165a\u017eiach &#8211; dvakr\u00e1t zv\u00ed\u0165azil s Realom Madrid v sez\u00f3ne 2014\/15 proti Liverpoolu v Lige majstrov a s Evertonom proti Leicesteru v j\u00fali.<\/li>\n<li>\u00dato\u010dn\u00edk Leicesteru Kelechi Iheanacho sk\u00f3roval v ka\u017edom zo svojich posledn\u00fdch dvoch vyst\u00fapen\u00ed v Premier League proti Evertonu, oba g\u00f3ly vsietil ako striedaj\u00faci hr\u00e1\u010d. Jedin\u00fdmi dvoma hr\u00e1\u010dmi, ktor\u00ed sk\u00f3rovali ako n\u00e1hradn\u00edci v troch po sebe id\u00facich vyst\u00fapeniach proti s\u00faperovi, s\u00fa Julian Joachim proti Derby (1996-97) a Olivier Giroud proti Southamptonu (2017-18).<\/li>\n<\/ul>\n<hr \/>\n<p><strong>\u010co:<\/strong> Leicester City FC \u2013 Everton FC, 13. kolo Premier League<br \/>\n<strong>Kedy:<\/strong> 16.12. 2020 od 19:00 SE\u010c<br \/>\n<strong>Ako:<\/strong> Premier Sport &#8211; priamy prenos<br \/>\n<strong>Kde:<\/strong> King Power Stadium \u2013 Filbert Way, Leicester LE2 7FL (bez div\u00e1kov)<br \/>\n<strong>Rozhodca:<\/strong> Lee Mason <strong>Asistenti:<\/strong> A. Holmes, D. Robathan <strong>\u0160tvrt\u00fd rozhodca:<\/strong> J. Moss<br \/>\n<strong>VAR: <\/strong>Darren England <strong>Asistent VAR: <\/strong>Derek Eaton<\/p>\n","protected":false},"excerpt":{"rendered":"<p>Z\u00e1pas ka\u017ed\u00e9 tri dni prin\u00e1\u0161a v r\u00fdchlom slede nov\u00e9ho oponenta. Tretie L\u00ed\u0161ky v tabu\u013eke budeme musie\u0165 preveri\u0165 na ich vlastnom tr\u00e1vniku, no bez podpory div\u00e1kov.<\/p>\n","protected":false},"author":1,"featured_media":13180,"comment_status":"open","ping_status":"closed","sticky":false,"template":"","format":"standard","meta":{"_eb_attr":"","_monsterinsights_skip_tracking":false,"_monsterinsights_sitenote_active":false,"_monsterinsights_sitenote_note":"","_monsterinsights_sitenote_category":0,"footnotes":""},"categories":[4],"tags":[],"yoast_head":"<!-- This site is optimized with the Yoast SEO plugin v23.4 - https:\/\/yoast.com\/wordpress\/plugins\/seo\/ -->\n<title>Preview: Leicester City \u2013 Everton - Official Czech &amp; Slovak Everton Supporters&#039; Club<\/title>\n<meta name=\"robots\" content=\"index, follow, max-snippet:-1, max-image-preview:large, max-video-preview:-1\" \/>\n<link rel=\"canonical\" href=\"https:\/\/evertonfc.cz\/index.php\/2020\/12\/16\/preview-leicester-city-everton-7\/\" \/>\n<meta property=\"og:locale\" content=\"cs_CZ\" \/>\n<meta property=\"og:type\" content=\"article\" \/>\n<meta property=\"og:title\" content=\"Preview: Leicester City \u2013 Everton - Official Czech &amp; Slovak Everton Supporters&#039; Club\" \/>\n<meta property=\"og:description\" content=\"Z\u00e1pas ka\u017ed\u00e9 tri dni prin\u00e1\u0161a v r\u00fdchlom slede nov\u00e9ho oponenta. Tretie L\u00ed\u0161ky v tabu\u013eke budeme musie\u0165 preveri\u0165 na ich vlastnom tr\u00e1vniku, no bez podpory div\u00e1kov.\" \/>\n<meta property=\"og:url\" content=\"https:\/\/evertonfc.cz\/index.php\/2020\/12\/16\/preview-leicester-city-everton-7\/\" \/>\n<meta property=\"og:site_name\" content=\"Official Czech &amp; Slovak Everton Supporters&#039; Club\" \/>\n<meta property=\"article:publisher\" content=\"https:\/\/www.facebook.com\/everton.fans.cz.sk\" \/>\n<meta property=\"article:published_time\" content=\"2020-12-16T12:30:04+00:00\" \/>\n<meta property=\"article:modified_time\" content=\"2020-12-16T20:01:05+00:00\" \/>\n<meta property=\"og:image\" content=\"https:\/\/evertonfc.cz\/wp-content\/uploads\/2020\/12\/Leicester-City-VS-Everton.jpg\" \/>\n\t<meta property=\"og:image:width\" content=\"720\" \/>\n\t<meta property=\"og:image:height\" content=\"405\" \/>\n\t<meta property=\"og:image:type\" content=\"image\/jpeg\" \/>\n<meta name=\"author\" content=\"BlueBlooded\" \/>\n<meta name=\"twitter:card\" content=\"summary_large_image\" \/>\n<meta name=\"twitter:label1\" content=\"Napsal(a)\" \/>\n\t<meta name=\"twitter:data1\" content=\"BlueBlooded\" \/>\n\t<meta name=\"twitter:label2\" content=\"Odhadovan\u00e1 doba \u010dten\u00ed\" \/>\n\t<meta name=\"twitter:data2\" content=\"7 minut\" \/>\n<script type=\"application\/ld+json\" class=\"yoast-schema-graph\">{\"@context\":\"https:\/\/schema.org\",\"@graph\":[{\"@type\":\"Article\",\"@id\":\"https:\/\/evertonfc.cz\/index.php\/2020\/12\/16\/preview-leicester-city-everton-7\/#article\",\"isPartOf\":{\"@id\":\"https:\/\/evertonfc.cz\/index.php\/2020\/12\/16\/preview-leicester-city-everton-7\/\"},\"author\":{\"name\":\"BlueBlooded\",\"@id\":\"https:\/\/evertonfc.cz\/#\/schema\/person\/d4493b8cbea51532597fbc4685698916\"},\"headline\":\"Preview: Leicester City \u2013 Everton\",\"datePublished\":\"2020-12-16T12:30:04+00:00\",\"dateModified\":\"2020-12-16T20:01:05+00:00\",\"mainEntityOfPage\":{\"@id\":\"https:\/\/evertonfc.cz\/index.php\/2020\/12\/16\/preview-leicester-city-everton-7\/\"},\"wordCount\":1351,\"commentCount\":6,\"publisher\":{\"@id\":\"https:\/\/evertonfc.cz\/#organization\"},\"image\":{\"@id\":\"https:\/\/evertonfc.cz\/index.php\/2020\/12\/16\/preview-leicester-city-everton-7\/#primaryimage\"},\"thumbnailUrl\":\"https:\/\/evertonfc.cz\/wp-content\/uploads\/2020\/12\/Leicester-City-VS-Everton.jpg\",\"articleSection\":[\"Z\u00e1pasy\"],\"inLanguage\":\"cs\",\"potentialAction\":[{\"@type\":\"CommentAction\",\"name\":\"Comment\",\"target\":[\"https:\/\/evertonfc.cz\/index.php\/2020\/12\/16\/preview-leicester-city-everton-7\/#respond\"]}]},{\"@type\":\"WebPage\",\"@id\":\"https:\/\/evertonfc.cz\/index.php\/2020\/12\/16\/preview-leicester-city-everton-7\/\",\"url\":\"https:\/\/evertonfc.cz\/index.php\/2020\/12\/16\/preview-leicester-city-everton-7\/\",\"name\":\"Preview: Leicester City \u2013 Everton - Official Czech &amp; Slovak Everton Supporters&#039; Club\",\"isPartOf\":{\"@id\":\"https:\/\/evertonfc.cz\/#website\"},\"primaryImageOfPage\":{\"@id\":\"https:\/\/evertonfc.cz\/index.php\/2020\/12\/16\/preview-leicester-city-everton-7\/#primaryimage\"},\"image\":{\"@id\":\"https:\/\/evertonfc.cz\/index.php\/2020\/12\/16\/preview-leicester-city-everton-7\/#primaryimage\"},\"thumbnailUrl\":\"https:\/\/evertonfc.cz\/wp-content\/uploads\/2020\/12\/Leicester-City-VS-Everton.jpg\",\"datePublished\":\"2020-12-16T12:30:04+00:00\",\"dateModified\":\"2020-12-16T20:01:05+00:00\",\"breadcrumb\":{\"@id\":\"https:\/\/evertonfc.cz\/index.php\/2020\/12\/16\/preview-leicester-city-everton-7\/#breadcrumb\"},\"inLanguage\":\"cs\",\"potentialAction\":[{\"@type\":\"ReadAction\",\"target\":[\"https:\/\/evertonfc.cz\/index.php\/2020\/12\/16\/preview-leicester-city-everton-7\/\"]}]},{\"@type\":\"ImageObject\",\"inLanguage\":\"cs\",\"@id\":\"https:\/\/evertonfc.cz\/index.php\/2020\/12\/16\/preview-leicester-city-everton-7\/#primaryimage\",\"url\":\"https:\/\/evertonfc.cz\/wp-content\/uploads\/2020\/12\/Leicester-City-VS-Everton.jpg\",\"contentUrl\":\"https:\/\/evertonfc.cz\/wp-content\/uploads\/2020\/12\/Leicester-City-VS-Everton.jpg\",\"width\":720,\"height\":405},{\"@type\":\"BreadcrumbList\",\"@id\":\"https:\/\/evertonfc.cz\/index.php\/2020\/12\/16\/preview-leicester-city-everton-7\/#breadcrumb\",\"itemListElement\":[{\"@type\":\"ListItem\",\"position\":1,\"name\":\"Home\",\"item\":\"https:\/\/evertonfc.cz\/\"},{\"@type\":\"ListItem\",\"position\":2,\"name\":\"Preview: Leicester City \u2013 Everton\"}]},{\"@type\":\"WebSite\",\"@id\":\"https:\/\/evertonfc.cz\/#website\",\"url\":\"https:\/\/evertonfc.cz\/\",\"name\":\"Official Czech &amp; Slovak Everton Supporters&#039; Club\",\"description\":\"\",\"publisher\":{\"@id\":\"https:\/\/evertonfc.cz\/#organization\"},\"potentialAction\":[{\"@type\":\"SearchAction\",\"target\":{\"@type\":\"EntryPoint\",\"urlTemplate\":\"https:\/\/evertonfc.cz\/?s={search_term_string}\"},\"query-input\":{\"@type\":\"PropertyValueSpecification\",\"valueRequired\":true,\"valueName\":\"search_term_string\"}}],\"inLanguage\":\"cs\"},{\"@type\":\"Organization\",\"@id\":\"https:\/\/evertonfc.cz\/#organization\",\"name\":\"Official Czech & Slovak Everton Supporters' Club\",\"url\":\"https:\/\/evertonfc.cz\/\",\"logo\":{\"@type\":\"ImageObject\",\"inLanguage\":\"cs\",\"@id\":\"https:\/\/evertonfc.cz\/#\/schema\/logo\/image\/\",\"url\":\"https:\/\/evertonfc.cz\/wp-content\/uploads\/2019\/05\/logo.png\",\"contentUrl\":\"https:\/\/evertonfc.cz\/wp-content\/uploads\/2019\/05\/logo.png\",\"width\":112,\"height\":112,\"caption\":\"Official Czech & Slovak Everton Supporters' Club\"},\"image\":{\"@id\":\"https:\/\/evertonfc.cz\/#\/schema\/logo\/image\/\"},\"sameAs\":[\"https:\/\/www.facebook.com\/everton.fans.cz.sk\"]},{\"@type\":\"Person\",\"@id\":\"https:\/\/evertonfc.cz\/#\/schema\/person\/d4493b8cbea51532597fbc4685698916\",\"name\":\"BlueBlooded\",\"url\":\"https:\/\/evertonfc.cz\/index.php\/author\/admin\/\"}]}<\/script>\n<!-- \/ Yoast SEO plugin. -->","yoast_head_json":{"title":"Preview: Leicester City \u2013 Everton - Official Czech &amp; Slovak Everton Supporters&#039; Club","robots":{"index":"index","follow":"follow","max-snippet":"max-snippet:-1","max-image-preview":"max-image-preview:large","max-video-preview":"max-video-preview:-1"},"canonical":"https:\/\/evertonfc.cz\/index.php\/2020\/12\/16\/preview-leicester-city-everton-7\/","og_locale":"cs_CZ","og_type":"article","og_title":"Preview: Leicester City \u2013 Everton - Official Czech &amp; Slovak Everton Supporters&#039; Club","og_description":"Z\u00e1pas ka\u017ed\u00e9 tri dni prin\u00e1\u0161a v r\u00fdchlom slede nov\u00e9ho oponenta. Tretie L\u00ed\u0161ky v tabu\u013eke budeme musie\u0165 preveri\u0165 na ich vlastnom tr\u00e1vniku, no bez podpory div\u00e1kov.","og_url":"https:\/\/evertonfc.cz\/index.php\/2020\/12\/16\/preview-leicester-city-everton-7\/","og_site_name":"Official Czech &amp; Slovak Everton Supporters&#039; Club","article_publisher":"https:\/\/www.facebook.com\/everton.fans.cz.sk","article_published_time":"2020-12-16T12:30:04+00:00","article_modified_time":"2020-12-16T20:01:05+00:00","og_image":[{"width":720,"height":405,"url":"https:\/\/evertonfc.cz\/wp-content\/uploads\/2020\/12\/Leicester-City-VS-Everton.jpg","type":"image\/jpeg"}],"author":"BlueBlooded","twitter_card":"summary_large_image","twitter_misc":{"Napsal(a)":"BlueBlooded","Odhadovan\u00e1 doba \u010dten\u00ed":"7 minut"},"schema":{"@context":"https:\/\/schema.org","@graph":[{"@type":"Article","@id":"https:\/\/evertonfc.cz\/index.php\/2020\/12\/16\/preview-leicester-city-everton-7\/#article","isPartOf":{"@id":"https:\/\/evertonfc.cz\/index.php\/2020\/12\/16\/preview-leicester-city-everton-7\/"},"author":{"name":"BlueBlooded","@id":"https:\/\/evertonfc.cz\/#\/schema\/person\/d4493b8cbea51532597fbc4685698916"},"headline":"Preview: Leicester City \u2013 Everton","datePublished":"2020-12-16T12:30:04+00:00","dateModified":"2020-12-16T20:01:05+00:00","mainEntityOfPage":{"@id":"https:\/\/evertonfc.cz\/index.php\/2020\/12\/16\/preview-leicester-city-everton-7\/"},"wordCount":1351,"commentCount":6,"publisher":{"@id":"https:\/\/evertonfc.cz\/#organization"},"image":{"@id":"https:\/\/evertonfc.cz\/index.php\/2020\/12\/16\/preview-leicester-city-everton-7\/#primaryimage"},"thumbnailUrl":"https:\/\/evertonfc.cz\/wp-content\/uploads\/2020\/12\/Leicester-City-VS-Everton.jpg","articleSection":["Z\u00e1pasy"],"inLanguage":"cs","potentialAction":[{"@type":"CommentAction","name":"Comment","target":["https:\/\/evertonfc.cz\/index.php\/2020\/12\/16\/preview-leicester-city-everton-7\/#respond"]}]},{"@type":"WebPage","@id":"https:\/\/evertonfc.cz\/index.php\/2020\/12\/16\/preview-leicester-city-everton-7\/","url":"https:\/\/evertonfc.cz\/index.php\/2020\/12\/16\/preview-leicester-city-everton-7\/","name":"Preview: Leicester City \u2013 Everton - Official Czech &amp; Slovak Everton Supporters&#039; Club","isPartOf":{"@id":"https:\/\/evertonfc.cz\/#website"},"primaryImageOfPage":{"@id":"https:\/\/evertonfc.cz\/index.php\/2020\/12\/16\/preview-leicester-city-everton-7\/#primaryimage"},"image":{"@id":"https:\/\/evertonfc.cz\/index.php\/2020\/12\/16\/preview-leicester-city-everton-7\/#primaryimage"},"thumbnailUrl":"https:\/\/evertonfc.cz\/wp-content\/uploads\/2020\/12\/Leicester-City-VS-Everton.jpg","datePublished":"2020-12-16T12:30:04+00:00","dateModified":"2020-12-16T20:01:05+00:00","breadcrumb":{"@id":"https:\/\/evertonfc.cz\/index.php\/2020\/12\/16\/preview-leicester-city-everton-7\/#breadcrumb"},"inLanguage":"cs","potentialAction":[{"@type":"ReadAction","target":["https:\/\/evertonfc.cz\/index.php\/2020\/12\/16\/preview-leicester-city-everton-7\/"]}]},{"@type":"ImageObject","inLanguage":"cs","@id":"https:\/\/evertonfc.cz\/index.php\/2020\/12\/16\/preview-leicester-city-everton-7\/#primaryimage","url":"https:\/\/evertonfc.cz\/wp-content\/uploads\/2020\/12\/Leicester-City-VS-Everton.jpg","contentUrl":"https:\/\/evertonfc.cz\/wp-content\/uploads\/2020\/12\/Leicester-City-VS-Everton.jpg","width":720,"height":405},{"@type":"BreadcrumbList","@id":"https:\/\/evertonfc.cz\/index.php\/2020\/12\/16\/preview-leicester-city-everton-7\/#breadcrumb","itemListElement":[{"@type":"ListItem","position":1,"name":"Home","item":"https:\/\/evertonfc.cz\/"},{"@type":"ListItem","position":2,"name":"Preview: Leicester City \u2013 Everton"}]},{"@type":"WebSite","@id":"https:\/\/evertonfc.cz\/#website","url":"https:\/\/evertonfc.cz\/","name":"Official Czech &amp; Slovak Everton Supporters&#039; Club","description":"","publisher":{"@id":"https:\/\/evertonfc.cz\/#organization"},"potentialAction":[{"@type":"SearchAction","target":{"@type":"EntryPoint","urlTemplate":"https:\/\/evertonfc.cz\/?s={search_term_string}"},"query-input":{"@type":"PropertyValueSpecification","valueRequired":true,"valueName":"search_term_string"}}],"inLanguage":"cs"},{"@type":"Organization","@id":"https:\/\/evertonfc.cz\/#organization","name":"Official Czech & Slovak Everton Supporters' Club","url":"https:\/\/evertonfc.cz\/","logo":{"@type":"ImageObject","inLanguage":"cs","@id":"https:\/\/evertonfc.cz\/#\/schema\/logo\/image\/","url":"https:\/\/evertonfc.cz\/wp-content\/uploads\/2019\/05\/logo.png","contentUrl":"https:\/\/evertonfc.cz\/wp-content\/uploads\/2019\/05\/logo.png","width":112,"height":112,"caption":"Official Czech & Slovak Everton Supporters' Club"},"image":{"@id":"https:\/\/evertonfc.cz\/#\/schema\/logo\/image\/"},"sameAs":["https:\/\/www.facebook.com\/everton.fans.cz.sk"]},{"@type":"Person","@id":"https:\/\/evertonfc.cz\/#\/schema\/person\/d4493b8cbea51532597fbc4685698916","name":"BlueBlooded","url":"https:\/\/evertonfc.cz\/index.php\/author\/admin\/"}]}},"_links":{"self":[{"href":"https:\/\/evertonfc.cz\/index.php\/wp-json\/wp\/v2\/posts\/13175"}],"collection":[{"href":"https:\/\/evertonfc.cz\/index.php\/wp-json\/wp\/v2\/posts"}],"about":[{"href":"https:\/\/evertonfc.cz\/index.php\/wp-json\/wp\/v2\/types\/post"}],"author":[{"embeddable":true,"href":"https:\/\/evertonfc.cz\/index.php\/wp-json\/wp\/v2\/users\/1"}],"replies":[{"embeddable":true,"href":"https:\/\/evertonfc.cz\/index.php\/wp-json\/wp\/v2\/comments?post=13175"}],"version-history":[{"count":11,"href":"https:\/\/evertonfc.cz\/index.php\/wp-json\/wp\/v2\/posts\/13175\/revisions"}],"predecessor-version":[{"id":13188,"href":"https:\/\/evertonfc.cz\/index.php\/wp-json\/wp\/v2\/posts\/13175\/revisions\/13188"}],"wp:featuredmedia":[{"embeddable":true,"href":"https:\/\/evertonfc.cz\/index.php\/wp-json\/wp\/v2\/media\/13180"}],"wp:attachment":[{"href":"https:\/\/evertonfc.cz\/index.php\/wp-json\/wp\/v2\/media?parent=13175"}],"wp:term":[{"taxonomy":"category","embeddable":true,"href":"https:\/\/evertonfc.cz\/index.php\/wp-json\/wp\/v2\/categories?post=13175"},{"taxonomy":"post_tag","embeddable":true,"href":"https:\/\/evertonfc.cz\/index.php\/wp-json\/wp\/v2\/tags?post=13175"}],"curies":[{"name":"wp","href":"https:\/\/api.w.org\/{rel}","templated":true}]}}