{"id":13210,"date":"2020-12-17T23:01:08","date_gmt":"2020-12-17T22:01:08","guid":{"rendered":"https:\/\/evertonfc.cz\/?p=13210"},"modified":"2020-12-18T09:28:27","modified_gmt":"2020-12-18T08:28:27","slug":"clc-everton-w-manchester-united-w-1-0","status":"publish","type":"post","link":"https:\/\/evertonfc.cz\/index.php\/2020\/12\/17\/clc-everton-w-manchester-united-w-1-0\/","title":{"rendered":"CLC: Everton W &#8211; Manchester United W 1-0"},"content":{"rendered":"<h4>Ani dom\u00e1c\u00ed v\u00edt\u011bzstv\u00ed 1-0 nad Manchester United nesta\u010dilo Evertonu k postupu do dal\u0161\u00ed f\u00e1ze Continental League Cup.<\/h4>\n<p>Hrstka pokusn\u00fdch div\u00e1k\u016f na Walton Hall Park p\u0159ihl\u00ed\u017eela z\u00e1pasu, ve kter\u00e9m se \u017eensk\u00fd t\u00fdm Evertonu utkal se \u017eenami Manchetser United. K postupu do vy\u0159azovac\u00ed f\u00e1ze poh\u00e1ru jsme pot\u0159ebovali vyhr\u00e1t nejm\u00e9n\u011b o p\u011bt g\u00f3l\u016f a t\u00edm postoupit z druh\u00e9ho m\u00edsta skupiny. \u0160ance host\u00ed na dal\u0161\u00ed postup byly nulov\u00e9 u\u017e p\u0159ed z\u00e1pasem. Sevecke, Emslie a Gauvin\u00a0 byly st\u00e1le mimo hru. Do sestavy se vr\u00e1tila Magill, za Sevecke na lev\u00e9m beku zasko\u010dila Damaris. Mezi ty\u010de nastoupila Sandy MacIver, z\u00e1da j\u00ed z lavi\u010dky kryla 18let\u00e1 brank\u00e1\u0159sk\u00e1 nad\u011bje Anna Pedersen. K p\u016fvodn\u00edmu odlo\u017een\u00ed z\u00e1pasu o 42 dn\u00ed se p\u0159idalo dal\u0161\u00edch 20 minut pro (ji\u017e tradi\u010dn\u00ed) l\u00e1t\u00e1n\u00ed d\u00edry v brankov\u00e9 s\u00edti.<\/p>\n<h4>Prvn\u00ed polo\u010das<\/h4>\n<p>za\u010daly d\u00e1my v \u010derven\u00e9m ost\u0159e. V 16. minut\u011b zbl\u00edzka vychytala MacIver st\u0159elu Jane Ross a i v dal\u0161\u00edch minut\u00e1ch United na dom\u00e1c\u00ed br\u00e1nu zle dot\u00edraly.\u00a0 Hra se p\u0159iost\u0159ila i po fyzick\u00e9 str\u00e1nce, v 35. minut\u011b byla drsn\u011b sejmuta na\u0161e Ma\u00e9va Clemaron a o p\u00e1r minut pozd\u011bji \u017ealostn\u011b pozd\u011b na\u010dasovan\u00fd tackle skolil Izzy Christiansen. Do p\u0159est\u00e1vky bojoval Everton sice srdnat\u011b, ale seri\u00f3zn\u011b ohrozit br\u00e1nu rud\u00fdch \u010f\u00e1blic se mu nepovedlo. Naopak t\u011bsn\u011b p\u0159ed p\u0159est\u00e1vkou zlikvidovala MacIver dalekonosnou pumelici Ona Batlle.<\/p>\n<h4><strong>Druh\u00fd polo\u010das<\/strong><\/h4>\n<p>p\u0159inesl podstatnou zm\u011bnu: na h\u0159i\u0161t\u011b se v\u0159\u00edtila Hayley Raso se sv\u00fdm obvykl\u00fdm temperamentem. A kyvadlo se za\u010dalo vychylovat na spr\u00e1vnou, tedy na kr\u00e1lovsky modrou stranu. Nejprve Raso sama vyzkou\u0161ela z mal\u00e9ho v\u00e1pna reflexy Mary Earps, kter\u00e9 se pro tentokr\u00e1t uk\u00e1zaly jako dostate\u010dn\u011b rychl\u00e9. V 61. minut\u011b se m\u00ed\u010d za z\u00e1da Earps dostal, ale g\u00f3l nebyl uzn\u00e1n. Na schv\u00e1lenou branku bylo t\u0159eba vy\u010dkat a\u017e do 74. minuty. Hayley Raso z lev\u00e9ho k\u0159\u00eddla protan\u010dila do v\u00e1pna, kde p\u0159ihr\u00e1vkou &#8211; nep\u0159ihr\u00e1vkou na\u0161la <strong>Lucy Graham<\/strong>, kter\u00e1 dorazila m\u00ed\u010d do s\u00edt\u011b United &#8211; <strong>1:0<\/strong>. MUTD ale uk\u00e1zal, \u017ee postoupit sice nem\u016f\u017ee, ale utk\u00e1n\u00ed vyhr\u00e1t rozhodn\u011b chce. Postupn\u011b se na evertonskou branku valila vlna z vlnou a MacIver musela p\u0159edv\u00e9st p\u00e1r p\u011bkn\u00fdch z\u00e1krok\u016f ze sv\u00e9ho rejst\u0159\u00edku. T\u011bsn\u00e9 v\u00edtezstv\u00ed tak bylo uh\u00e1jeno.<\/p>\n<h4>Shrnut\u00ed<\/h4>\n<p>Huben\u00e9 v\u00edtezstv\u00ed v p\u0159edchoz\u00edm Conti Cup derby m\u011blo sv\u00e9 n\u00e1sledky: u\u017e p\u0159ed z\u00e1pasem bylo velmi pravd\u011bpodobn\u00e9, \u017ee i kdy\u017e se n\u00e1m povede zv\u00edt\u011bzit, nebude to brankov\u00fdm rozd\u00edlem dostate\u010dn\u00fdm pro dal\u0161\u00ed postup. To se tak\u00e9 stalo. Zv\u00edt\u011bzili jsme v\u0161ak nad vedouc\u00edm t\u00fdmem prozatimn\u00ed WSL tabulky, co\u017e je velmi pot\u011b\u0161iteln\u00e9. P\u0159ed n\u00e1sleduj\u00edc\u00edm z\u00e1pasem s Arsenalem a p\u0159ed lednovou repr\u00edzou s United to na\u0161emu sebev\u011bdom\u00ed m\u016f\u017ee velmi prosp\u011bt. Je pravda, \u017ee prvn\u00ed polo\u010das m\u011bl k sebev\u011bdom\u00e9mu v\u00fdkonu daleko, ale tento deficit se poda\u0159ilo nahradit ob\u011btavost\u00ed a \u0161t\u011bst\u00edm.\u00a0 V druh\u00e9 p\u016fli uk\u00e1zala Hayley, pro\u010d je pro n\u00e1s nepostradateln\u00e1 (rozd\u00edl ve h\u0159e s a bez l\u00e9taj\u00edc\u00ed Australanky je mo\u017en\u00e1 a\u017e p\u0159\u00edli\u0161 n\u00e1padn\u00fd). A Damaris sv\u00fdmi v\u00fdkony na beku ukazuje, \u017ee i kdy\u017e nejde o jej\u00ed b\u011b\u017enou pozici, je schopna tak\u00e9 tuto funkci v\u00fdborn\u011b zastat. Tak\u017ee i p\u0159es zat\u00edm st\u00e1le trvaj\u00edc\u00ed absenci na\u0161ich d\u016fle\u017eit\u00fdch hr\u00e1\u010dek je v\u00fdhled do dal\u0161\u00edch z\u00e1pas\u016f mo\u017en\u00e9 ozna\u010dit jako m\u00edrn\u011b optimistick\u00fd. Come on, you blue girls!<\/p>\n<p style=\"text-align: right;\"><span style=\"font-size: 8pt;\"><em>Fotografie: Lucy Graham (zdroj : \u00a0Charlotte Tattersall\/Getty Images)<\/em><\/span><\/p>\n<p><strong>Branky:<\/strong> Graham (74. minuta)<\/p>\n<p><strong>\u017dK:<\/strong> Stringer (50. minuta)<\/p>\n<p><strong>Everton (4-3-3)<\/strong>: MacIver &#8211; Moe Wold (63\u00b4 Pattinson), Finnigan, Damaris, Turner (88\u00b4Clinton) &#8211; Clemaron (45\u00b4 Pike), Christiansen, Stringer &#8211; Graham, Magill (45\u00b4 Raso), S\u00f8rensen (68\u00b4Boye-Hlorkah)<\/p>\n<p><strong>Manchester United (4-2-3-1)<\/strong>: Earps &#8211; Batlle, Turner, McManus, Okvist &#8211; Ladd, Groenen (63\u00b4 Heath) &#8211; Sigsworth (63\u00b4 Toone), Zelem, Galton (55\u00b4 Hanson)-\u00a0 Ross (76\u00b4 Fuso)<\/p>\n","protected":false},"excerpt":{"rendered":"<p>Ani dom\u00e1c\u00ed v\u00edt\u011bzstv\u00ed 1-0 nad Manchester United nesta\u010dilo Evertonu k postupu do dal\u0161\u00ed f\u00e1ze Continental League Cup.<\/p>\n","protected":false},"author":26,"featured_media":13221,"comment_status":"open","ping_status":"closed","sticky":false,"template":"","format":"standard","meta":{"_eb_attr":"","_monsterinsights_skip_tracking":false,"_monsterinsights_sitenote_active":false,"_monsterinsights_sitenote_note":"","_monsterinsights_sitenote_category":0,"footnotes":""},"categories":[110],"tags":[],"yoast_head":"<!-- This site is optimized with the Yoast SEO plugin v23.4 - https:\/\/yoast.com\/wordpress\/plugins\/seo\/ -->\n<title>CLC: Everton W - Manchester United W 1-0 - Official Czech &amp; Slovak Everton Supporters&#039; Club<\/title>\n<meta name=\"robots\" content=\"index, follow, max-snippet:-1, max-image-preview:large, max-video-preview:-1\" \/>\n<link rel=\"canonical\" href=\"https:\/\/evertonfc.cz\/index.php\/2020\/12\/17\/clc-everton-w-manchester-united-w-1-0\/\" \/>\n<meta property=\"og:locale\" content=\"cs_CZ\" \/>\n<meta property=\"og:type\" content=\"article\" \/>\n<meta property=\"og:title\" content=\"CLC: Everton W - Manchester United W 1-0 - Official Czech &amp; Slovak Everton Supporters&#039; Club\" \/>\n<meta property=\"og:description\" content=\"Ani dom\u00e1c\u00ed v\u00edt\u011bzstv\u00ed 1-0 nad Manchester United nesta\u010dilo Evertonu k postupu do dal\u0161\u00ed f\u00e1ze Continental League Cup.\" \/>\n<meta property=\"og:url\" content=\"https:\/\/evertonfc.cz\/index.php\/2020\/12\/17\/clc-everton-w-manchester-united-w-1-0\/\" \/>\n<meta property=\"og:site_name\" content=\"Official Czech &amp; Slovak Everton Supporters&#039; Club\" \/>\n<meta property=\"article:publisher\" content=\"https:\/\/www.facebook.com\/everton.fans.cz.sk\" \/>\n<meta property=\"article:published_time\" content=\"2020-12-17T22:01:08+00:00\" \/>\n<meta property=\"article:modified_time\" content=\"2020-12-18T08:28:27+00:00\" \/>\n<meta property=\"og:image\" content=\"https:\/\/evertonfc.cz\/wp-content\/uploads\/2020\/12\/Lucy_Graham_16_12_2020_web.jpg\" \/>\n\t<meta property=\"og:image:width\" content=\"720\" \/>\n\t<meta property=\"og:image:height\" content=\"405\" \/>\n\t<meta property=\"og:image:type\" content=\"image\/jpeg\" \/>\n<meta name=\"author\" content=\"Karamela\" \/>\n<meta name=\"twitter:card\" content=\"summary_large_image\" \/>\n<meta name=\"twitter:label1\" content=\"Napsal(a)\" \/>\n\t<meta name=\"twitter:data1\" content=\"Karamela\" \/>\n\t<meta name=\"twitter:label2\" content=\"Odhadovan\u00e1 doba \u010dten\u00ed\" \/>\n\t<meta name=\"twitter:data2\" content=\"4 minuty\" \/>\n<script type=\"application\/ld+json\" class=\"yoast-schema-graph\">{\"@context\":\"https:\/\/schema.org\",\"@graph\":[{\"@type\":\"Article\",\"@id\":\"https:\/\/evertonfc.cz\/index.php\/2020\/12\/17\/clc-everton-w-manchester-united-w-1-0\/#article\",\"isPartOf\":{\"@id\":\"https:\/\/evertonfc.cz\/index.php\/2020\/12\/17\/clc-everton-w-manchester-united-w-1-0\/\"},\"author\":{\"name\":\"Karamela\",\"@id\":\"https:\/\/evertonfc.cz\/#\/schema\/person\/e9a24a80a32efa1344dd2c4e5882185c\"},\"headline\":\"CLC: Everton W &#8211; Manchester United W 1-0\",\"datePublished\":\"2020-12-17T22:01:08+00:00\",\"dateModified\":\"2020-12-18T08:28:27+00:00\",\"mainEntityOfPage\":{\"@id\":\"https:\/\/evertonfc.cz\/index.php\/2020\/12\/17\/clc-everton-w-manchester-united-w-1-0\/\"},\"wordCount\":740,\"commentCount\":0,\"publisher\":{\"@id\":\"https:\/\/evertonfc.cz\/#organization\"},\"image\":{\"@id\":\"https:\/\/evertonfc.cz\/index.php\/2020\/12\/17\/clc-everton-w-manchester-united-w-1-0\/#primaryimage\"},\"thumbnailUrl\":\"https:\/\/evertonfc.cz\/wp-content\/uploads\/2020\/12\/Lucy_Graham_16_12_2020_web.jpg\",\"articleSection\":[\"Everton Women\"],\"inLanguage\":\"cs\",\"potentialAction\":[{\"@type\":\"CommentAction\",\"name\":\"Comment\",\"target\":[\"https:\/\/evertonfc.cz\/index.php\/2020\/12\/17\/clc-everton-w-manchester-united-w-1-0\/#respond\"]}]},{\"@type\":\"WebPage\",\"@id\":\"https:\/\/evertonfc.cz\/index.php\/2020\/12\/17\/clc-everton-w-manchester-united-w-1-0\/\",\"url\":\"https:\/\/evertonfc.cz\/index.php\/2020\/12\/17\/clc-everton-w-manchester-united-w-1-0\/\",\"name\":\"CLC: Everton W - Manchester United W 1-0 - Official Czech &amp; Slovak Everton Supporters&#039; Club\",\"isPartOf\":{\"@id\":\"https:\/\/evertonfc.cz\/#website\"},\"primaryImageOfPage\":{\"@id\":\"https:\/\/evertonfc.cz\/index.php\/2020\/12\/17\/clc-everton-w-manchester-united-w-1-0\/#primaryimage\"},\"image\":{\"@id\":\"https:\/\/evertonfc.cz\/index.php\/2020\/12\/17\/clc-everton-w-manchester-united-w-1-0\/#primaryimage\"},\"thumbnailUrl\":\"https:\/\/evertonfc.cz\/wp-content\/uploads\/2020\/12\/Lucy_Graham_16_12_2020_web.jpg\",\"datePublished\":\"2020-12-17T22:01:08+00:00\",\"dateModified\":\"2020-12-18T08:28:27+00:00\",\"breadcrumb\":{\"@id\":\"https:\/\/evertonfc.cz\/index.php\/2020\/12\/17\/clc-everton-w-manchester-united-w-1-0\/#breadcrumb\"},\"inLanguage\":\"cs\",\"potentialAction\":[{\"@type\":\"ReadAction\",\"target\":[\"https:\/\/evertonfc.cz\/index.php\/2020\/12\/17\/clc-everton-w-manchester-united-w-1-0\/\"]}]},{\"@type\":\"ImageObject\",\"inLanguage\":\"cs\",\"@id\":\"https:\/\/evertonfc.cz\/index.php\/2020\/12\/17\/clc-everton-w-manchester-united-w-1-0\/#primaryimage\",\"url\":\"https:\/\/evertonfc.cz\/wp-content\/uploads\/2020\/12\/Lucy_Graham_16_12_2020_web.jpg\",\"contentUrl\":\"https:\/\/evertonfc.cz\/wp-content\/uploads\/2020\/12\/Lucy_Graham_16_12_2020_web.jpg\",\"width\":720,\"height\":405},{\"@type\":\"BreadcrumbList\",\"@id\":\"https:\/\/evertonfc.cz\/index.php\/2020\/12\/17\/clc-everton-w-manchester-united-w-1-0\/#breadcrumb\",\"itemListElement\":[{\"@type\":\"ListItem\",\"position\":1,\"name\":\"Home\",\"item\":\"https:\/\/evertonfc.cz\/\"},{\"@type\":\"ListItem\",\"position\":2,\"name\":\"CLC: Everton W &#8211; Manchester United W 1-0\"}]},{\"@type\":\"WebSite\",\"@id\":\"https:\/\/evertonfc.cz\/#website\",\"url\":\"https:\/\/evertonfc.cz\/\",\"name\":\"Official Czech &amp; Slovak Everton Supporters&#039; Club\",\"description\":\"\",\"publisher\":{\"@id\":\"https:\/\/evertonfc.cz\/#organization\"},\"potentialAction\":[{\"@type\":\"SearchAction\",\"target\":{\"@type\":\"EntryPoint\",\"urlTemplate\":\"https:\/\/evertonfc.cz\/?s={search_term_string}\"},\"query-input\":{\"@type\":\"PropertyValueSpecification\",\"valueRequired\":true,\"valueName\":\"search_term_string\"}}],\"inLanguage\":\"cs\"},{\"@type\":\"Organization\",\"@id\":\"https:\/\/evertonfc.cz\/#organization\",\"name\":\"Official Czech & Slovak Everton Supporters' Club\",\"url\":\"https:\/\/evertonfc.cz\/\",\"logo\":{\"@type\":\"ImageObject\",\"inLanguage\":\"cs\",\"@id\":\"https:\/\/evertonfc.cz\/#\/schema\/logo\/image\/\",\"url\":\"https:\/\/evertonfc.cz\/wp-content\/uploads\/2019\/05\/logo.png\",\"contentUrl\":\"https:\/\/evertonfc.cz\/wp-content\/uploads\/2019\/05\/logo.png\",\"width\":112,\"height\":112,\"caption\":\"Official Czech & Slovak Everton Supporters' Club\"},\"image\":{\"@id\":\"https:\/\/evertonfc.cz\/#\/schema\/logo\/image\/\"},\"sameAs\":[\"https:\/\/www.facebook.com\/everton.fans.cz.sk\"]},{\"@type\":\"Person\",\"@id\":\"https:\/\/evertonfc.cz\/#\/schema\/person\/e9a24a80a32efa1344dd2c4e5882185c\",\"name\":\"Karamela\",\"url\":\"https:\/\/evertonfc.cz\/index.php\/author\/karamela\/\"}]}<\/script>\n<!-- \/ Yoast SEO plugin. -->","yoast_head_json":{"title":"CLC: Everton W - Manchester United W 1-0 - Official Czech &amp; Slovak Everton Supporters&#039; Club","robots":{"index":"index","follow":"follow","max-snippet":"max-snippet:-1","max-image-preview":"max-image-preview:large","max-video-preview":"max-video-preview:-1"},"canonical":"https:\/\/evertonfc.cz\/index.php\/2020\/12\/17\/clc-everton-w-manchester-united-w-1-0\/","og_locale":"cs_CZ","og_type":"article","og_title":"CLC: Everton W - Manchester United W 1-0 - Official Czech &amp; Slovak Everton Supporters&#039; Club","og_description":"Ani dom\u00e1c\u00ed v\u00edt\u011bzstv\u00ed 1-0 nad Manchester United nesta\u010dilo Evertonu k postupu do dal\u0161\u00ed f\u00e1ze Continental League Cup.","og_url":"https:\/\/evertonfc.cz\/index.php\/2020\/12\/17\/clc-everton-w-manchester-united-w-1-0\/","og_site_name":"Official Czech &amp; Slovak Everton Supporters&#039; Club","article_publisher":"https:\/\/www.facebook.com\/everton.fans.cz.sk","article_published_time":"2020-12-17T22:01:08+00:00","article_modified_time":"2020-12-18T08:28:27+00:00","og_image":[{"width":720,"height":405,"url":"https:\/\/evertonfc.cz\/wp-content\/uploads\/2020\/12\/Lucy_Graham_16_12_2020_web.jpg","type":"image\/jpeg"}],"author":"Karamela","twitter_card":"summary_large_image","twitter_misc":{"Napsal(a)":"Karamela","Odhadovan\u00e1 doba \u010dten\u00ed":"4 minuty"},"schema":{"@context":"https:\/\/schema.org","@graph":[{"@type":"Article","@id":"https:\/\/evertonfc.cz\/index.php\/2020\/12\/17\/clc-everton-w-manchester-united-w-1-0\/#article","isPartOf":{"@id":"https:\/\/evertonfc.cz\/index.php\/2020\/12\/17\/clc-everton-w-manchester-united-w-1-0\/"},"author":{"name":"Karamela","@id":"https:\/\/evertonfc.cz\/#\/schema\/person\/e9a24a80a32efa1344dd2c4e5882185c"},"headline":"CLC: Everton W &#8211; Manchester United W 1-0","datePublished":"2020-12-17T22:01:08+00:00","dateModified":"2020-12-18T08:28:27+00:00","mainEntityOfPage":{"@id":"https:\/\/evertonfc.cz\/index.php\/2020\/12\/17\/clc-everton-w-manchester-united-w-1-0\/"},"wordCount":740,"commentCount":0,"publisher":{"@id":"https:\/\/evertonfc.cz\/#organization"},"image":{"@id":"https:\/\/evertonfc.cz\/index.php\/2020\/12\/17\/clc-everton-w-manchester-united-w-1-0\/#primaryimage"},"thumbnailUrl":"https:\/\/evertonfc.cz\/wp-content\/uploads\/2020\/12\/Lucy_Graham_16_12_2020_web.jpg","articleSection":["Everton Women"],"inLanguage":"cs","potentialAction":[{"@type":"CommentAction","name":"Comment","target":["https:\/\/evertonfc.cz\/index.php\/2020\/12\/17\/clc-everton-w-manchester-united-w-1-0\/#respond"]}]},{"@type":"WebPage","@id":"https:\/\/evertonfc.cz\/index.php\/2020\/12\/17\/clc-everton-w-manchester-united-w-1-0\/","url":"https:\/\/evertonfc.cz\/index.php\/2020\/12\/17\/clc-everton-w-manchester-united-w-1-0\/","name":"CLC: Everton W - Manchester United W 1-0 - Official Czech &amp; Slovak Everton Supporters&#039; Club","isPartOf":{"@id":"https:\/\/evertonfc.cz\/#website"},"primaryImageOfPage":{"@id":"https:\/\/evertonfc.cz\/index.php\/2020\/12\/17\/clc-everton-w-manchester-united-w-1-0\/#primaryimage"},"image":{"@id":"https:\/\/evertonfc.cz\/index.php\/2020\/12\/17\/clc-everton-w-manchester-united-w-1-0\/#primaryimage"},"thumbnailUrl":"https:\/\/evertonfc.cz\/wp-content\/uploads\/2020\/12\/Lucy_Graham_16_12_2020_web.jpg","datePublished":"2020-12-17T22:01:08+00:00","dateModified":"2020-12-18T08:28:27+00:00","breadcrumb":{"@id":"https:\/\/evertonfc.cz\/index.php\/2020\/12\/17\/clc-everton-w-manchester-united-w-1-0\/#breadcrumb"},"inLanguage":"cs","potentialAction":[{"@type":"ReadAction","target":["https:\/\/evertonfc.cz\/index.php\/2020\/12\/17\/clc-everton-w-manchester-united-w-1-0\/"]}]},{"@type":"ImageObject","inLanguage":"cs","@id":"https:\/\/evertonfc.cz\/index.php\/2020\/12\/17\/clc-everton-w-manchester-united-w-1-0\/#primaryimage","url":"https:\/\/evertonfc.cz\/wp-content\/uploads\/2020\/12\/Lucy_Graham_16_12_2020_web.jpg","contentUrl":"https:\/\/evertonfc.cz\/wp-content\/uploads\/2020\/12\/Lucy_Graham_16_12_2020_web.jpg","width":720,"height":405},{"@type":"BreadcrumbList","@id":"https:\/\/evertonfc.cz\/index.php\/2020\/12\/17\/clc-everton-w-manchester-united-w-1-0\/#breadcrumb","itemListElement":[{"@type":"ListItem","position":1,"name":"Home","item":"https:\/\/evertonfc.cz\/"},{"@type":"ListItem","position":2,"name":"CLC: Everton W &#8211; Manchester United W 1-0"}]},{"@type":"WebSite","@id":"https:\/\/evertonfc.cz\/#website","url":"https:\/\/evertonfc.cz\/","name":"Official Czech &amp; Slovak Everton Supporters&#039; Club","description":"","publisher":{"@id":"https:\/\/evertonfc.cz\/#organization"},"potentialAction":[{"@type":"SearchAction","target":{"@type":"EntryPoint","urlTemplate":"https:\/\/evertonfc.cz\/?s={search_term_string}"},"query-input":{"@type":"PropertyValueSpecification","valueRequired":true,"valueName":"search_term_string"}}],"inLanguage":"cs"},{"@type":"Organization","@id":"https:\/\/evertonfc.cz\/#organization","name":"Official Czech & Slovak Everton Supporters' Club","url":"https:\/\/evertonfc.cz\/","logo":{"@type":"ImageObject","inLanguage":"cs","@id":"https:\/\/evertonfc.cz\/#\/schema\/logo\/image\/","url":"https:\/\/evertonfc.cz\/wp-content\/uploads\/2019\/05\/logo.png","contentUrl":"https:\/\/evertonfc.cz\/wp-content\/uploads\/2019\/05\/logo.png","width":112,"height":112,"caption":"Official Czech & Slovak Everton Supporters' Club"},"image":{"@id":"https:\/\/evertonfc.cz\/#\/schema\/logo\/image\/"},"sameAs":["https:\/\/www.facebook.com\/everton.fans.cz.sk"]},{"@type":"Person","@id":"https:\/\/evertonfc.cz\/#\/schema\/person\/e9a24a80a32efa1344dd2c4e5882185c","name":"Karamela","url":"https:\/\/evertonfc.cz\/index.php\/author\/karamela\/"}]}},"_links":{"self":[{"href":"https:\/\/evertonfc.cz\/index.php\/wp-json\/wp\/v2\/posts\/13210"}],"collection":[{"href":"https:\/\/evertonfc.cz\/index.php\/wp-json\/wp\/v2\/posts"}],"about":[{"href":"https:\/\/evertonfc.cz\/index.php\/wp-json\/wp\/v2\/types\/post"}],"author":[{"embeddable":true,"href":"https:\/\/evertonfc.cz\/index.php\/wp-json\/wp\/v2\/users\/26"}],"replies":[{"embeddable":true,"href":"https:\/\/evertonfc.cz\/index.php\/wp-json\/wp\/v2\/comments?post=13210"}],"version-history":[{"count":17,"href":"https:\/\/evertonfc.cz\/index.php\/wp-json\/wp\/v2\/posts\/13210\/revisions"}],"predecessor-version":[{"id":13235,"href":"https:\/\/evertonfc.cz\/index.php\/wp-json\/wp\/v2\/posts\/13210\/revisions\/13235"}],"wp:featuredmedia":[{"embeddable":true,"href":"https:\/\/evertonfc.cz\/index.php\/wp-json\/wp\/v2\/media\/13221"}],"wp:attachment":[{"href":"https:\/\/evertonfc.cz\/index.php\/wp-json\/wp\/v2\/media?parent=13210"}],"wp:term":[{"taxonomy":"category","embeddable":true,"href":"https:\/\/evertonfc.cz\/index.php\/wp-json\/wp\/v2\/categories?post=13210"},{"taxonomy":"post_tag","embeddable":true,"href":"https:\/\/evertonfc.cz\/index.php\/wp-json\/wp\/v2\/tags?post=13210"}],"curies":[{"name":"wp","href":"https:\/\/api.w.org\/{rel}","templated":true}]}}