{"id":13238,"date":"2020-12-18T14:43:03","date_gmt":"2020-12-18T13:43:03","guid":{"rendered":"https:\/\/evertonfc.cz\/?p=13238"},"modified":"2020-12-22T11:59:23","modified_gmt":"2020-12-22T10:59:23","slug":"judging-blue-leicester-city-20","status":"publish","type":"post","link":"https:\/\/evertonfc.cz\/index.php\/2020\/12\/18\/judging-blue-leicester-city-20\/","title":{"rendered":"Judging Blue: Leicester City 0:2"},"content":{"rendered":"<h4>Dal\u0161\u00ed 3 body na konto Evertonu na \u00fakor soupe\u0159e z boj\u016f o poh\u00e1rov\u00e9 p\u0159\u00ed\u010dky. Hodnotil jsem hr\u00e1\u010de tak subjektivn\u011b, a\u017e jsem se rad\u011bji pod\u00edval na data. Op\u011bt, p\u0159ihl\u00e9dl jsem k nim nekonzistentn\u011b. Proto kritizujte, h\u00e1zejte a kamenujte, erm, tedy komentujte, dle libosti.<\/h4>\n<p>Evertonu se poda\u0159ilo zopakovat t\u00fdmov\u00fd v\u00fdkon z v\u00edkendu s podobn\u00fdm v\u00fdsledkem. Toffees se mohli spolehnout na hlavn\u011b v\u00fdbornou obranu, kompaktn\u00ed blok, kter\u00fd soupe\u0159 nedok\u00e1zal rozlousknout. Naproti tomu dok\u00e1zal b\u00fdt nebezpe\u010dn\u00fd, p\u0159esto\u017ee na\u0161i nejlep\u0161\u00ed nahr\u00e1va\u010di chyb\u011bli. Poj\u010fme se tedy rovnou pod\u00edvat na jednotlivce.<\/p>\n<h4><span style=\"text-decoration: underline;\"><span style=\"font-size: 14pt;\"><strong>Obrana:<\/strong><\/span><\/span><\/h4>\n<ul>\n<li><strong>Robin Olsen<\/strong> (GK) &#8211; Moc si nezachytal. A to ani v tomto z\u00e1pase. Vardyho hlavi\u010dku p\u0159edv\u00eddal a st\u00e1l tam, kam p\u0159i\u0161la. Under si na n\u011bj nep\u0159i\u0161el. Zbytek sta\u010dilo vytla\u010dit o\u010dima. Nohou rozehr\u00e1val dost a m\u011bl jsem pocit, \u017ee p\u0159esn\u011b a (ch)ladn\u011b, a\u017e na whoscored.com jsem zjistil, \u017ee jen na 50%. Ale \u017e\u00e1dnou chybu jsem prost\u011b nezaznamenal. S p\u0159ihl\u00e9dnut\u00edm k tomu, \u017ee si moc nezahraje, p\u016fsobil ledov\u00fdm klidem, co\u017e obran\u011b vylo\u017een\u011b prosp\u00edv\u00e1. A Jordan alespo\u0148 vid\u00ed, \u017ee na to nen\u00ed s\u00e1m = <strong>6<\/strong><\/li>\n<li><strong>Mason Holgate<\/strong> (RB) &#8211; Hr\u00e1\u010d, kter\u00fd dok\u00e1\u017ee p\u0159itvrdit. N\u011bkdy upadne, kdy\u017e nemus\u00ed. Neboj\u00ed se n\u011bkomu ukopnout hlavu, kdy\u017e jde o to d\u00e1t g\u00f3l. Tak\u017ee charakter, co je v t\u00fdmu pot\u0159eba. OK, n\u011bkdy se zapomene a chyb\u00ed, ale obrana skv\u011ble spolupracovala a vypom\u00e1hala si. D\u016fle\u017eit\u00fd g\u00f3l a l\u00edb\u00ed se mi, \u017ee hr\u00e1\u010di si navz\u00e1jem p\u0159ej\u00ed, to bude asi ta bainesovsk\u00e1 chemie. Ob\u010das mu ut\u00edkal Barnes, Vardy p\u0159i sv\u00e9 \u0161anci tak\u00e9 p\u0159i\u0161el z jeho strany, byla i karti\u010dka, sumasum\u00e1rum = <strong>8<\/strong><\/li>\n<li><strong>Michael Keane <\/strong>(CB) &#8211; Op\u011bt vytvo\u0159il neproniknutelnou hr\u00e1z na mal\u00e9m v\u00e1pn\u011b. Dok\u00e1zal zblokovat st\u0159eleck\u00e9 pokusy, kdy\u017e bylo t\u0159eba. Ve vzduchu je v sou\u010dasnosti neporaziteln\u00fd. M\u011bl velk\u00fd pod\u00edl na druh\u00e9 brance, p\u0159i roz\u00edch je z nejaktivn\u011bj\u0161\u00edch = <strong>8<\/strong><\/li>\n<li><strong>Yerry Mina <\/strong>(CB) &#8211; Sekundoval Keanovi a udr\u017eeli soupe\u0159e na uzd\u011b, vyhr\u00e1l vzdu\u0161n\u00e9 souboje a p\u0159idal n\u011bkolik konstruktivn\u00edch p\u0159ihr\u00e1vek. S dobrou \u00fasp\u011b\u0161nost\u00ed. Co bych mu vytkl, je ob\u010das takov\u00e9 laxn\u00ed odvr\u00e1cen\u00ed m\u00ed\u010de, kde hroz\u00ed nebezpe\u010d\u00ed z druh\u00e9 vlny = <strong>7<\/strong><\/li>\n<li><strong>Ben Godfrey <\/strong>(LB) &#8211; Neboj\u00ed se vyt\u00e1hnout m\u00ed\u010d, ale zbyte\u010dn\u011b neriskuje. Na jeho stran\u011b malilinko zlobili Justin s\u00a0 Underem, ale na\u0161t\u011bst\u00ed z toho nic nebylo. Povinnosti si splnil, na posledn\u00ed chv\u00edli vyskota\u010dil a chytil Ayozeho ad. do ofsajdov\u00e9 pasti. = <strong>7<\/strong><\/li>\n<\/ul>\n<h4><span style=\"text-decoration: underline;\"><span style=\"font-size: 14pt;\"><strong>Z\u00e1loha:<\/strong><\/span><\/span><\/h4>\n<ul>\n<li><strong>Allan<\/strong> (DM) &#8211; Smola\u0159 z\u00e1pasu. 40 minut \u0159\u00eddil defenz\u00edvu, p\u0159ipom\u00ednal pokyny spoluhr\u00e1\u010d\u016fm, t\u00e9m\u011b\u0159 bezchybn\u011b rozehr\u00e1val. P\u0159i rutinn\u00edm n\u00e1vratu do obrany vypov\u011bd\u011bl slu\u017ebu zadn\u00ed stehenn\u00ed sval a do\u0161lo a\u017e na nos\u00edtka. V\u00fdborn\u011b pou\u017e\u00edv\u00e1 v souboj\u00edch t\u011blo, nebude snadn\u00e9 ho nahradit = <strong>7<\/strong><\/li>\n<li><strong>Abdoulaye Doucour\u00e9<\/strong> (DM) &#8211; Dvakr\u00e1t kl\u00ed\u010dov\u011b vyp\u00edchl m\u00ed\u010d v obran\u011b. Dle m\u00e9ho pocitu, kdy\u017e se m\u00e1 soust\u0159edit na jedno, jde mu to k duhu. Alespo\u0148 nebude muset st\u0159\u00edlet. Mohl by b\u00fdt alternativou za Allana. Mus\u00edm \u0159\u00edct, \u017ee t\u00fdm p\u016fsob\u00ed mnohem kompaktn\u011bji, kdy\u017e dozadu br\u00e1n\u00ed v\u0161ichni. Pro m\u011b MOTM. = <strong>8<\/strong><\/li>\n<li><strong>Gylfi Sigurdsson <\/strong>(CAM) &#8211; Rozum\u011bl si s Richarlisonem a dok\u00e1zali spolu n\u011bkolikr\u00e1t zakombinovat. Rozehr\u00e1val v\u0161echny standardn\u00ed situace a nakonec to klaplo. Role kapit\u00e1na mu sv\u011bd\u010d\u00ed, podobn\u011b jako v reprezentaci. Vrac\u00ed se mu sebev\u011bdom\u00ed, co\u017e je pro n\u00e1s ur\u010dit\u011b dob\u0159e = <strong>7<\/strong><\/li>\n<\/ul>\n<h4><span style=\"text-decoration: underline;\"><span style=\"font-size: 14pt;\"><strong>\u00datok:<\/strong><\/span><\/span><\/h4>\n<ul>\n<li><strong>Alex Iwobi<\/strong> (RW) &#8211; Dal\u0161\u00ed hr\u00e1\u010d v konjunktu\u0159e. V\u00fdborn\u011b pot\u00e1hne bal\u00f3n, vy\u0161lo mu to 5 z 5, ale fin\u00e1ln\u00ed p\u0159ihr\u00e1vka je n\u011bkdy zbrkl\u00e1. Pot\u0159eboval by drb\u00e1n\u00ed, podobn\u011b jako prase nebo Richarlison. Mysl\u00edm vst\u0159elit branku = <strong>7<\/strong><\/li>\n<li><strong>Dominic Calvert-Lewin<\/strong> (CF) &#8211; Klasick\u00e1 pozice, \u010dasto d\u011bl\u00e1 k\u0159ov\u00ed pro ostatn\u00ed, spousta hlavi\u010dek. T\u011b\u017eko mu n\u011bco vytknout, nen\u00ed ka\u017ed\u00fd den posv\u00edcen\u00ed, hlavou nezam\u00ed\u0159il p\u0159esn\u011b, st\u0159elu mu vyrazil Schmeichel na b\u0159evno = <strong>7<\/strong><\/li>\n<li><strong>Richarlison<\/strong> (LW) &#8211; Do branky jsem si mnul ruce, jak mu napa\u0159\u00edm p\u011btku nebo tak n\u011bco. Sobeck\u00fd projev, zma\u0159en\u00e9 pr\u016fniky. Ale ani na n\u011bj se \u010dlov\u011bk nem\u016f\u017ee zlobit dlouho. T\u0159\u00edbodov\u00e1 st\u0159ela se snad dala chytat, na druhou stranu byla dostate\u010dn\u011b prudk\u00e1 i m\u00ed\u0159en\u00e1 na to, aby i p\u0159es z\u00e1sah do branky zaplula, p\u0159ed Kasperem nep\u0159\u00edjemn\u011b odsko\u010dila. Pak bylo vid\u011bt, \u017ee u\u017e si nepot\u0159ebuje tolik dokazovat, rozehr\u00e1l a i s m\u00ed\u010dem si pohr\u00e1l = <strong>8<\/strong><\/li>\n<\/ul>\n<h4><span style=\"text-decoration: underline;\"><span style=\"font-size: 14pt;\"><strong>St\u0159\u00edd\u00e1n\u00ed:<\/strong><\/span><\/span><\/h4>\n<ul>\n<li><strong>Andre Gomes<\/strong> (CM) &#8211; Dvakr\u00e1t nesta\u010dil na Ayozeho, jednou ze souboje odlet\u011bl a podruh\u00e9 tak dlouho v\u00e1hal, a\u017e jeho ne\u0161ikovn\u00fd z\u00e1krok ve v\u00e1pn\u011b musel \u0159e\u0161it VAR a to m\u011bl velk\u00e9 \u0161t\u011bst\u00ed. P\u0159izn\u00e1m se, nezn\u00e1m aktu\u00e1ln\u00ed literu pravidel, ale jeho dotyk m\u00ed\u010de na odebr\u00e1n\u00ed nesta\u010dil. Byl sou\u010d\u00e1st\u00ed bloku, kter\u00fd soupe\u0159e do dal\u0161\u00edch \u0161anc\u00ed nepustil, ale ve st\u0159edu byl jeho nejslab\u0161\u00edm \u010dl\u00e1nkem = <strong>5<\/strong><\/li>\n<li><strong>Anthony Gordon <\/strong>(CF) &#8211; P\u0159i\u0161el, vid\u011bl, zv\u00edt\u011bzil. T\u0159ikr\u00e1t p\u0159ihr\u00e1val, dvakr\u00e1t p\u0159esn\u011b. 4 minuty. = <strong>N\/A<\/strong><\/li>\n<li><strong>IDK &#8211; Jonjoe Kenny<\/strong>: Nahradil prav\u00e9 k\u0159\u00eddlo, aby vyztu\u017eil pravou defenz\u00edvu. Dle WS 2 \u00fasp\u011b\u0161n\u00e9 p\u0159ihr\u00e1vky za 3 minutky. = <strong>N\/A<\/strong><\/li>\n<\/ul>\n","protected":false},"excerpt":{"rendered":"<p>Dal\u0161\u00ed 3 body na konto Evertonu na \u00fakor soupe\u0159e z boji o poh\u00e1rov\u00e9 p\u0159\u00ed\u010dky. Hodnotil jsem hr\u00e1\u010de tak subjektivn\u011b, a\u017e jsem se rad\u011bji pod\u00edval na data. Op\u011bt, p\u0159ihl\u00e9dl jsem k nim nekonzistentn\u011b. Proto kritizujte, h\u00e1zejte a kamenujte, erm tedy komentujte dle libosti.<\/p>\n","protected":false},"author":10,"featured_media":12876,"comment_status":"open","ping_status":"closed","sticky":false,"template":"","format":"standard","meta":{"_eb_attr":"","_monsterinsights_skip_tracking":false,"_monsterinsights_sitenote_active":false,"_monsterinsights_sitenote_note":"","_monsterinsights_sitenote_category":0,"footnotes":""},"categories":[39],"tags":[],"yoast_head":"<!-- This site is optimized with the Yoast SEO plugin v23.4 - https:\/\/yoast.com\/wordpress\/plugins\/seo\/ -->\n<title>Judging Blue: Leicester City 0:2 - Official Czech &amp; Slovak Everton Supporters&#039; Club<\/title>\n<meta name=\"robots\" content=\"index, follow, max-snippet:-1, max-image-preview:large, max-video-preview:-1\" \/>\n<link rel=\"canonical\" href=\"https:\/\/evertonfc.cz\/index.php\/2020\/12\/18\/judging-blue-leicester-city-20\/\" \/>\n<meta property=\"og:locale\" content=\"cs_CZ\" \/>\n<meta property=\"og:type\" content=\"article\" \/>\n<meta property=\"og:title\" content=\"Judging Blue: Leicester City 0:2 - Official Czech &amp; Slovak Everton Supporters&#039; Club\" \/>\n<meta property=\"og:description\" content=\"Dal\u0161\u00ed 3 body na konto Evertonu na \u00fakor soupe\u0159e z boji o poh\u00e1rov\u00e9 p\u0159\u00ed\u010dky. Hodnotil jsem hr\u00e1\u010de tak subjektivn\u011b, a\u017e jsem se rad\u011bji pod\u00edval na data. Op\u011bt, p\u0159ihl\u00e9dl jsem k nim nekonzistentn\u011b. Proto kritizujte, h\u00e1zejte a kamenujte, erm tedy komentujte dle libosti.\" \/>\n<meta property=\"og:url\" content=\"https:\/\/evertonfc.cz\/index.php\/2020\/12\/18\/judging-blue-leicester-city-20\/\" \/>\n<meta property=\"og:site_name\" content=\"Official Czech &amp; Slovak Everton Supporters&#039; Club\" \/>\n<meta property=\"article:publisher\" content=\"https:\/\/www.facebook.com\/everton.fans.cz.sk\" \/>\n<meta property=\"article:published_time\" content=\"2020-12-18T13:43:03+00:00\" \/>\n<meta property=\"article:modified_time\" content=\"2020-12-22T10:59:23+00:00\" \/>\n<meta property=\"og:image\" content=\"https:\/\/evertonfc.cz\/wp-content\/uploads\/2020\/11\/Judging-Blue.jpg\" \/>\n\t<meta property=\"og:image:width\" content=\"720\" \/>\n\t<meta property=\"og:image:height\" content=\"405\" \/>\n\t<meta property=\"og:image:type\" content=\"image\/jpeg\" \/>\n<meta name=\"author\" content=\"Fip\" \/>\n<meta name=\"twitter:card\" content=\"summary_large_image\" \/>\n<meta name=\"twitter:label1\" content=\"Napsal(a)\" \/>\n\t<meta name=\"twitter:data1\" content=\"Fip\" \/>\n\t<meta name=\"twitter:label2\" content=\"Odhadovan\u00e1 doba \u010dten\u00ed\" \/>\n\t<meta name=\"twitter:data2\" content=\"5 minut\" \/>\n<script type=\"application\/ld+json\" class=\"yoast-schema-graph\">{\"@context\":\"https:\/\/schema.org\",\"@graph\":[{\"@type\":\"Article\",\"@id\":\"https:\/\/evertonfc.cz\/index.php\/2020\/12\/18\/judging-blue-leicester-city-20\/#article\",\"isPartOf\":{\"@id\":\"https:\/\/evertonfc.cz\/index.php\/2020\/12\/18\/judging-blue-leicester-city-20\/\"},\"author\":{\"name\":\"Fip\",\"@id\":\"https:\/\/evertonfc.cz\/#\/schema\/person\/35904009755e8eaa0dc1a5f5f0419002\"},\"headline\":\"Judging Blue: Leicester City 0:2\",\"datePublished\":\"2020-12-18T13:43:03+00:00\",\"dateModified\":\"2020-12-22T10:59:23+00:00\",\"mainEntityOfPage\":{\"@id\":\"https:\/\/evertonfc.cz\/index.php\/2020\/12\/18\/judging-blue-leicester-city-20\/\"},\"wordCount\":959,\"commentCount\":1,\"publisher\":{\"@id\":\"https:\/\/evertonfc.cz\/#organization\"},\"image\":{\"@id\":\"https:\/\/evertonfc.cz\/index.php\/2020\/12\/18\/judging-blue-leicester-city-20\/#primaryimage\"},\"thumbnailUrl\":\"https:\/\/evertonfc.cz\/wp-content\/uploads\/2020\/11\/Judging-Blue.jpg\",\"articleSection\":[\"Blog\"],\"inLanguage\":\"cs\",\"potentialAction\":[{\"@type\":\"CommentAction\",\"name\":\"Comment\",\"target\":[\"https:\/\/evertonfc.cz\/index.php\/2020\/12\/18\/judging-blue-leicester-city-20\/#respond\"]}]},{\"@type\":\"WebPage\",\"@id\":\"https:\/\/evertonfc.cz\/index.php\/2020\/12\/18\/judging-blue-leicester-city-20\/\",\"url\":\"https:\/\/evertonfc.cz\/index.php\/2020\/12\/18\/judging-blue-leicester-city-20\/\",\"name\":\"Judging Blue: Leicester City 0:2 - Official Czech &amp; Slovak Everton Supporters&#039; Club\",\"isPartOf\":{\"@id\":\"https:\/\/evertonfc.cz\/#website\"},\"primaryImageOfPage\":{\"@id\":\"https:\/\/evertonfc.cz\/index.php\/2020\/12\/18\/judging-blue-leicester-city-20\/#primaryimage\"},\"image\":{\"@id\":\"https:\/\/evertonfc.cz\/index.php\/2020\/12\/18\/judging-blue-leicester-city-20\/#primaryimage\"},\"thumbnailUrl\":\"https:\/\/evertonfc.cz\/wp-content\/uploads\/2020\/11\/Judging-Blue.jpg\",\"datePublished\":\"2020-12-18T13:43:03+00:00\",\"dateModified\":\"2020-12-22T10:59:23+00:00\",\"breadcrumb\":{\"@id\":\"https:\/\/evertonfc.cz\/index.php\/2020\/12\/18\/judging-blue-leicester-city-20\/#breadcrumb\"},\"inLanguage\":\"cs\",\"potentialAction\":[{\"@type\":\"ReadAction\",\"target\":[\"https:\/\/evertonfc.cz\/index.php\/2020\/12\/18\/judging-blue-leicester-city-20\/\"]}]},{\"@type\":\"ImageObject\",\"inLanguage\":\"cs\",\"@id\":\"https:\/\/evertonfc.cz\/index.php\/2020\/12\/18\/judging-blue-leicester-city-20\/#primaryimage\",\"url\":\"https:\/\/evertonfc.cz\/wp-content\/uploads\/2020\/11\/Judging-Blue.jpg\",\"contentUrl\":\"https:\/\/evertonfc.cz\/wp-content\/uploads\/2020\/11\/Judging-Blue.jpg\",\"width\":720,\"height\":405},{\"@type\":\"BreadcrumbList\",\"@id\":\"https:\/\/evertonfc.cz\/index.php\/2020\/12\/18\/judging-blue-leicester-city-20\/#breadcrumb\",\"itemListElement\":[{\"@type\":\"ListItem\",\"position\":1,\"name\":\"Home\",\"item\":\"https:\/\/evertonfc.cz\/\"},{\"@type\":\"ListItem\",\"position\":2,\"name\":\"Judging Blue: Leicester City 0:2\"}]},{\"@type\":\"WebSite\",\"@id\":\"https:\/\/evertonfc.cz\/#website\",\"url\":\"https:\/\/evertonfc.cz\/\",\"name\":\"Official Czech &amp; Slovak Everton Supporters&#039; Club\",\"description\":\"\",\"publisher\":{\"@id\":\"https:\/\/evertonfc.cz\/#organization\"},\"potentialAction\":[{\"@type\":\"SearchAction\",\"target\":{\"@type\":\"EntryPoint\",\"urlTemplate\":\"https:\/\/evertonfc.cz\/?s={search_term_string}\"},\"query-input\":{\"@type\":\"PropertyValueSpecification\",\"valueRequired\":true,\"valueName\":\"search_term_string\"}}],\"inLanguage\":\"cs\"},{\"@type\":\"Organization\",\"@id\":\"https:\/\/evertonfc.cz\/#organization\",\"name\":\"Official Czech & Slovak Everton Supporters' Club\",\"url\":\"https:\/\/evertonfc.cz\/\",\"logo\":{\"@type\":\"ImageObject\",\"inLanguage\":\"cs\",\"@id\":\"https:\/\/evertonfc.cz\/#\/schema\/logo\/image\/\",\"url\":\"https:\/\/evertonfc.cz\/wp-content\/uploads\/2019\/05\/logo.png\",\"contentUrl\":\"https:\/\/evertonfc.cz\/wp-content\/uploads\/2019\/05\/logo.png\",\"width\":112,\"height\":112,\"caption\":\"Official Czech & Slovak Everton Supporters' Club\"},\"image\":{\"@id\":\"https:\/\/evertonfc.cz\/#\/schema\/logo\/image\/\"},\"sameAs\":[\"https:\/\/www.facebook.com\/everton.fans.cz.sk\"]},{\"@type\":\"Person\",\"@id\":\"https:\/\/evertonfc.cz\/#\/schema\/person\/35904009755e8eaa0dc1a5f5f0419002\",\"name\":\"Fip\",\"url\":\"https:\/\/evertonfc.cz\/index.php\/author\/fip\/\"}]}<\/script>\n<!-- \/ Yoast SEO plugin. -->","yoast_head_json":{"title":"Judging Blue: Leicester City 0:2 - Official Czech &amp; Slovak Everton Supporters&#039; Club","robots":{"index":"index","follow":"follow","max-snippet":"max-snippet:-1","max-image-preview":"max-image-preview:large","max-video-preview":"max-video-preview:-1"},"canonical":"https:\/\/evertonfc.cz\/index.php\/2020\/12\/18\/judging-blue-leicester-city-20\/","og_locale":"cs_CZ","og_type":"article","og_title":"Judging Blue: Leicester City 0:2 - Official Czech &amp; Slovak Everton Supporters&#039; Club","og_description":"Dal\u0161\u00ed 3 body na konto Evertonu na \u00fakor soupe\u0159e z boji o poh\u00e1rov\u00e9 p\u0159\u00ed\u010dky. Hodnotil jsem hr\u00e1\u010de tak subjektivn\u011b, a\u017e jsem se rad\u011bji pod\u00edval na data. Op\u011bt, p\u0159ihl\u00e9dl jsem k nim nekonzistentn\u011b. Proto kritizujte, h\u00e1zejte a kamenujte, erm tedy komentujte dle libosti.","og_url":"https:\/\/evertonfc.cz\/index.php\/2020\/12\/18\/judging-blue-leicester-city-20\/","og_site_name":"Official Czech &amp; Slovak Everton Supporters&#039; Club","article_publisher":"https:\/\/www.facebook.com\/everton.fans.cz.sk","article_published_time":"2020-12-18T13:43:03+00:00","article_modified_time":"2020-12-22T10:59:23+00:00","og_image":[{"width":720,"height":405,"url":"https:\/\/evertonfc.cz\/wp-content\/uploads\/2020\/11\/Judging-Blue.jpg","type":"image\/jpeg"}],"author":"Fip","twitter_card":"summary_large_image","twitter_misc":{"Napsal(a)":"Fip","Odhadovan\u00e1 doba \u010dten\u00ed":"5 minut"},"schema":{"@context":"https:\/\/schema.org","@graph":[{"@type":"Article","@id":"https:\/\/evertonfc.cz\/index.php\/2020\/12\/18\/judging-blue-leicester-city-20\/#article","isPartOf":{"@id":"https:\/\/evertonfc.cz\/index.php\/2020\/12\/18\/judging-blue-leicester-city-20\/"},"author":{"name":"Fip","@id":"https:\/\/evertonfc.cz\/#\/schema\/person\/35904009755e8eaa0dc1a5f5f0419002"},"headline":"Judging Blue: Leicester City 0:2","datePublished":"2020-12-18T13:43:03+00:00","dateModified":"2020-12-22T10:59:23+00:00","mainEntityOfPage":{"@id":"https:\/\/evertonfc.cz\/index.php\/2020\/12\/18\/judging-blue-leicester-city-20\/"},"wordCount":959,"commentCount":1,"publisher":{"@id":"https:\/\/evertonfc.cz\/#organization"},"image":{"@id":"https:\/\/evertonfc.cz\/index.php\/2020\/12\/18\/judging-blue-leicester-city-20\/#primaryimage"},"thumbnailUrl":"https:\/\/evertonfc.cz\/wp-content\/uploads\/2020\/11\/Judging-Blue.jpg","articleSection":["Blog"],"inLanguage":"cs","potentialAction":[{"@type":"CommentAction","name":"Comment","target":["https:\/\/evertonfc.cz\/index.php\/2020\/12\/18\/judging-blue-leicester-city-20\/#respond"]}]},{"@type":"WebPage","@id":"https:\/\/evertonfc.cz\/index.php\/2020\/12\/18\/judging-blue-leicester-city-20\/","url":"https:\/\/evertonfc.cz\/index.php\/2020\/12\/18\/judging-blue-leicester-city-20\/","name":"Judging Blue: Leicester City 0:2 - Official Czech &amp; Slovak Everton Supporters&#039; Club","isPartOf":{"@id":"https:\/\/evertonfc.cz\/#website"},"primaryImageOfPage":{"@id":"https:\/\/evertonfc.cz\/index.php\/2020\/12\/18\/judging-blue-leicester-city-20\/#primaryimage"},"image":{"@id":"https:\/\/evertonfc.cz\/index.php\/2020\/12\/18\/judging-blue-leicester-city-20\/#primaryimage"},"thumbnailUrl":"https:\/\/evertonfc.cz\/wp-content\/uploads\/2020\/11\/Judging-Blue.jpg","datePublished":"2020-12-18T13:43:03+00:00","dateModified":"2020-12-22T10:59:23+00:00","breadcrumb":{"@id":"https:\/\/evertonfc.cz\/index.php\/2020\/12\/18\/judging-blue-leicester-city-20\/#breadcrumb"},"inLanguage":"cs","potentialAction":[{"@type":"ReadAction","target":["https:\/\/evertonfc.cz\/index.php\/2020\/12\/18\/judging-blue-leicester-city-20\/"]}]},{"@type":"ImageObject","inLanguage":"cs","@id":"https:\/\/evertonfc.cz\/index.php\/2020\/12\/18\/judging-blue-leicester-city-20\/#primaryimage","url":"https:\/\/evertonfc.cz\/wp-content\/uploads\/2020\/11\/Judging-Blue.jpg","contentUrl":"https:\/\/evertonfc.cz\/wp-content\/uploads\/2020\/11\/Judging-Blue.jpg","width":720,"height":405},{"@type":"BreadcrumbList","@id":"https:\/\/evertonfc.cz\/index.php\/2020\/12\/18\/judging-blue-leicester-city-20\/#breadcrumb","itemListElement":[{"@type":"ListItem","position":1,"name":"Home","item":"https:\/\/evertonfc.cz\/"},{"@type":"ListItem","position":2,"name":"Judging Blue: Leicester City 0:2"}]},{"@type":"WebSite","@id":"https:\/\/evertonfc.cz\/#website","url":"https:\/\/evertonfc.cz\/","name":"Official Czech &amp; Slovak Everton Supporters&#039; Club","description":"","publisher":{"@id":"https:\/\/evertonfc.cz\/#organization"},"potentialAction":[{"@type":"SearchAction","target":{"@type":"EntryPoint","urlTemplate":"https:\/\/evertonfc.cz\/?s={search_term_string}"},"query-input":{"@type":"PropertyValueSpecification","valueRequired":true,"valueName":"search_term_string"}}],"inLanguage":"cs"},{"@type":"Organization","@id":"https:\/\/evertonfc.cz\/#organization","name":"Official Czech & Slovak Everton Supporters' Club","url":"https:\/\/evertonfc.cz\/","logo":{"@type":"ImageObject","inLanguage":"cs","@id":"https:\/\/evertonfc.cz\/#\/schema\/logo\/image\/","url":"https:\/\/evertonfc.cz\/wp-content\/uploads\/2019\/05\/logo.png","contentUrl":"https:\/\/evertonfc.cz\/wp-content\/uploads\/2019\/05\/logo.png","width":112,"height":112,"caption":"Official Czech & Slovak Everton Supporters' Club"},"image":{"@id":"https:\/\/evertonfc.cz\/#\/schema\/logo\/image\/"},"sameAs":["https:\/\/www.facebook.com\/everton.fans.cz.sk"]},{"@type":"Person","@id":"https:\/\/evertonfc.cz\/#\/schema\/person\/35904009755e8eaa0dc1a5f5f0419002","name":"Fip","url":"https:\/\/evertonfc.cz\/index.php\/author\/fip\/"}]}},"_links":{"self":[{"href":"https:\/\/evertonfc.cz\/index.php\/wp-json\/wp\/v2\/posts\/13238"}],"collection":[{"href":"https:\/\/evertonfc.cz\/index.php\/wp-json\/wp\/v2\/posts"}],"about":[{"href":"https:\/\/evertonfc.cz\/index.php\/wp-json\/wp\/v2\/types\/post"}],"author":[{"embeddable":true,"href":"https:\/\/evertonfc.cz\/index.php\/wp-json\/wp\/v2\/users\/10"}],"replies":[{"embeddable":true,"href":"https:\/\/evertonfc.cz\/index.php\/wp-json\/wp\/v2\/comments?post=13238"}],"version-history":[{"count":7,"href":"https:\/\/evertonfc.cz\/index.php\/wp-json\/wp\/v2\/posts\/13238\/revisions"}],"predecessor-version":[{"id":13296,"href":"https:\/\/evertonfc.cz\/index.php\/wp-json\/wp\/v2\/posts\/13238\/revisions\/13296"}],"wp:featuredmedia":[{"embeddable":true,"href":"https:\/\/evertonfc.cz\/index.php\/wp-json\/wp\/v2\/media\/12876"}],"wp:attachment":[{"href":"https:\/\/evertonfc.cz\/index.php\/wp-json\/wp\/v2\/media?parent=13238"}],"wp:term":[{"taxonomy":"category","embeddable":true,"href":"https:\/\/evertonfc.cz\/index.php\/wp-json\/wp\/v2\/categories?post=13238"},{"taxonomy":"post_tag","embeddable":true,"href":"https:\/\/evertonfc.cz\/index.php\/wp-json\/wp\/v2\/tags?post=13238"}],"curies":[{"name":"wp","href":"https:\/\/api.w.org\/{rel}","templated":true}]}}