{"id":13245,"date":"2020-12-19T15:04:09","date_gmt":"2020-12-19T14:04:09","guid":{"rendered":"https:\/\/evertonfc.cz\/?p=13245"},"modified":"2020-12-20T16:32:37","modified_gmt":"2020-12-20T15:32:37","slug":"preview-everton-arsenal-12","status":"publish","type":"post","link":"https:\/\/evertonfc.cz\/index.php\/2020\/12\/19\/preview-everton-arsenal-12\/","title":{"rendered":"Preview: Everton \u2013 Arsenal"},"content":{"rendered":"<h4>Na Goodison Park zav\u00edta b\u00fdval\u00e1 hr\u00e1\u010dska ikona. V\u00a0poz\u00edcii mana\u017e\u00e9ra The Gunners sa bude usilova\u0165 o\u00a0tak \u201epotrebn\u00fd v\u00fdsledok\u201c. Ancelotti mu to v\u0161ak ur\u010dite neu\u013eah\u010d\u00ed.<\/h4>\n<p>Nov\u00e9 mil\u00e9nium \u010dl\u00e1nkov za\u010dnem men\u0161\u00edm zamyslen\u00edm sa. Ke\u010f sa de\u0148 pred menovan\u00edm Carla Ancelottiho v Evertone dostal do \u010dela Arsenalu Mikel Arteta, v\u00a0hlave sa mi za\u010dali vyn\u00e1ra\u0165 jemn\u00e9 pocity z\u00e1visti. Kto vyr\u00e1stol na \u00e9re Moyesa, a\u00a0sledoval aj hr\u00e1\u010dsku virtuozitu <em>\u201ethe best little Spaniard we know\u201c, <\/em>pravdepodobne vie o\u00a0\u010dom asi p\u00ed\u0161em. Neb\u00e1\u0165 sa, \u017eiadne reklam\u00e1cie talianskeho strat\u00e9ga, len vytriezvenie z\u00a0myln\u00e9ho poh\u013eadu. Arteta bol toti\u017e jeden z\u00a0hr\u00e1\u010dov, ktor\u00ed formovali moju l\u00e1sku k\u00a0modrej.<\/p>\n<h4><strong><em>\u201eIt was part of some conversations but I decided to take my route.\u201c<\/em><\/strong><\/h4>\n<p>No a\u00a0ke\u010f n\u00e1sledne doviedol \u010derven\u00fd Lond\u00fdn k\u00a014. triumfu v\u00a0FA Cupe a Community Shield, tie pocity sa trochu zn\u00e1sobili. Na\u0161\u0165astie mi na du\u0161i u\u013eavilo jeho vyjadrenie, ktor\u00fdm nepriamo nazna\u010dil, \u017ee si Everton \u201enevybral\u201c hoci bol osloven\u00fd. Samozrejme, nem\u00f4\u017eeme toto tvrdenie bra\u0165 tak, \u017ee bol kandid\u00e1t \u010d\u00edslo jeden a\u00a0Brands s\u00a0Moshirim sa museli uch\u00fdli\u0165 k\u00a0druhoradej vo\u013ebe overen\u00e9ho \u0161es\u0165desiatnika.<\/p>\n<p>To ur\u010dite nie. Mno\u017estvo premenn\u00fdch odohralo svoju rolu a dokonca si to m\u00f4\u017eem aj pre nedostatok faktov zle vysvet\u013eova\u0165. Ale mne osobne to d\u00e1va v\u00fdznam z h\u013eadiska srdciarsk\u00e9ho, \u017ee nebol nikdy na podobnej vlnovej d\u013a\u017eke, ako treb\u00e1rs Tim Cahill \u010di Duncan Ferguson. Inak by nie\u010do tak\u00e9 s ve\u013ekou pravdepodobnos\u0165ou nepovedal. Jeho hr\u00e1\u010dsky odchod bolel, aktu\u00e1lne je mi v\u0161ak jeho situ\u00e1cia v roli \u0161\u00e9fa lavi\u010dky oponenta prakticky ukradnut\u00e1. O tej v\u0161ak ni\u017e\u0161ie. Ku cti mu v\u0161ak sl\u00fa\u017ei vzorn\u00e9 vyjadrovanie sa o Karamelk\u00e1ch, a to v\u017edy len v dobrom a s re\u0161pektom.<\/p>\n<h4><strong><em>\u201eOur defensive ability doesn\u2019t depend on if James is there or not.\u201c<\/em><\/strong><\/h4>\n<p>Sp\u00e4\u0165 do objekt\u00edvneho sveta inform\u00e1ci\u00ed, faktov a vyjadren\u00ed. Kon\u0161tatujem, \u017ee Everton je op\u00e4\u0165 v laufe. Svoje posledn\u00e9 dve stretnutia vyhral ako jedin\u00fd v lige, a to s \u010dist\u00fdmi kontami. To sa r\u00e1ta mo\u017eno viac, ako ke\u010f sme prestrie\u013eavali s\u00faperov na za\u010diatku sez\u00f3ny hokejov\u00fdmi v\u00fdsledkami. Preto sa objavili aj \u00favahy, \u010do za t\u00fdm m\u00f4\u017ee by\u0165. James Rodr\u00edguez pr\u00e1ve tieto duely vynechal, nahradil ho otu\u017een\u00fd Islan\u010fan, a t\u00edm sa prezentuje ve\u013emi urputn\u00fdm br\u00e1nen\u00edm a nebezpe\u010dn\u00fdmi proti\u00fatokmi. Dokonca aj pressing je vidite\u013en\u00fd.<\/p>\n<p>Ale nie je vysoko v \u00fatoku, sk\u00f4r od polovice ihriska, kde je priestor men\u0161\u00ed a hospod\u00e1renie s energiou hr\u00e1\u010dov \u00faspornej\u0161ie. Tak\u017ee, m\u00f4\u017ee za to absencia Jamesa? M\u00f4j osobn\u00fd n\u00e1zor je, \u017ee sa to zatia\u013e ned\u00e1 dok\u00e1za\u0165. Kolumbij\u010dan zatia\u013e nehral v novo nasadenom syst\u00e9me 4-2-3-1 so stredn\u00fdmi obrancami po krajoch obrany. A Carlo tie\u017e tvrd\u00ed, \u017ee d\u00f4le\u017eitej\u0161ia je lep\u0161ia koncentr\u00e1cia hr\u00e1\u010dov a spolupr\u00e1ca z\u00e1lohy s obranou v n\u00edzkom defenz\u00edvnom bloku.<\/p>\n<p>Tam sa stiesnen\u00e9 veci dej\u00fa pomal\u0161ie a\u00a0v\u00a0men\u0161om mo\u017enom priestore pre s\u00fapera. \u010c\u00edslo 19 aj tak vraj nebolo k\u00fapen\u00e9 pre br\u00e1nenie, a\u00a0keby bolo tak aj za\u00fakolovan\u00e9, nedostali by sme z\u00a0neho 100% v\u00a0\u00fatoku. To d\u00e1va zmysel. Ale e\u0161te si po\u010dk\u00e1me na fyzick\u00fd d\u00f4kaz a\u00a0o\u010dn\u00fd test, preto\u017ee James do z\u00e1pasu nenast\u00fapi. A\u017e v\u00a0stredu.<\/p>\n<h4><strong><em>\u201eSeamus has a strong desire to play.\u201c<\/em><\/strong><\/h4>\n<p>Naopak, Coleman je pripraven\u00fd a\u00a0v\u0161etk\u00fdch ur\u010dite zauj\u00edma, \u010di Carlo opust\u00ed v\u00ed\u0165azn\u00fd recept so \u0161tyrmi stredn\u00fdmi obrancami. Fabian Delph m\u00e1 st\u00e1le individu\u00e1lny program a\u00a0pri Allanovi tie\u017e m\u00f4\u017eeme r\u00e1ta\u0165 s\u00a0minim\u00e1lne \u0161iestimi a\u017e \u00f4smimi t\u00fd\u017ed\u0148ami. \u010co medzi tromi \u017er\u010fami? Olsen doposia\u013e nechyboval.<\/p>\n<p>Ancelotti postav\u00ed Pickforda. Jeho v\u00fdmena na Leicester mala znamena\u0165 len v\u00fdkonov\u00fa rot\u00e1ciu, ktorou chce sk\u00fasen\u00fd mana\u017e\u00e9r eliminova\u0165 v\u00fdskyt potenci\u00e1lnych ch\u00fdb. Op\u00e4\u0165 logika na mieste. Pod\u013ea vlastn\u00fdch slov by r\u00e1d doprial min\u00faty aj L\u00f6sslovi a\u00a0Virginiovi. Tr\u00e9nuj\u00fa vraj svedomite a\u00a0s\u00fa dobr\u00ed. Len\u017ee <em>\u201eob\u010das nem\u00f4\u017ee robi\u0165 to, \u010do by chcel\u201c<\/em>.<br \/>\nAj v\u00e1m sa var\u00ed procesor? \u010co to ako\u017ee znamen\u00e1?<\/p>\n<h4><strong><em>\u201eWe need a\u00a0result.&#8220;<\/em><\/strong><\/h4>\n<p>Arsenal a\u00a0p\u00e4tn\u00e1ste miesto v\u00a0tabu\u013eke po\u010das hektick\u00e9ho zimn\u00e9ho programu? To nielen \u017ee neznie famili\u00e1rne, ale aj hroz\u00ed pohromou. Je to ich najhor\u0161\u00ed ligov\u00fd \u0161tart od roku 1974. Tridsa\u0165osemro\u010dn\u00fd Mikel sa nevyhov\u00e1ra, berie kritiku na seba, no z\u00e1rove\u0148 vyz\u00fdva v\u0161etk\u00fdch okolo, aby d\u00e1vali zo seba maximum.<\/p>\n<p>Nem\u00e1 toti\u017e \u013eahk\u00fa \u00falohu. Na plecia si zobral \u0161truktur\u00e1lne zmeny, ktor\u00e9 nie s\u00fa v\u017edy zlu\u010dite\u013en\u00e9 s\u00a0v\u00fdsledkami na ihrisku. Najm\u00e4 ak zded\u00edte mu\u017estvo zrel\u00e9 na prestavbu. Vy\u0161\u0161ie spom\u00ednan\u00e9 \u00faspechy za tak kr\u00e1tku dobu ur\u010dite zv\u00fd\u0161ili n\u00e1roky. Nov\u00fd kontrakt Aubameyanga, Partey za 45 mili\u00f3nov, kde je kaz?<\/p>\n<p>V\u00fdsledkov\u00e9 zlep\u0161enie proti TOP 6 t\u00edmom mo\u017eno zakr\u00fdvalo, a\u017e doteraz, probl\u00e9my, ktor\u00e9 trv\u00e1 vyrie\u0161i\u0165 aj nieko\u013eko prestupov\u00fdch okien. Za ten rok pri kormidle sa v\u00a0\u0161tatistik\u00e1ch umiest\u0148oval \u0160paniel v\u00a0dolnej polovici tabu\u013eky, \u010do sa striel a\u00a0o\u010dak\u00e1van\u00fdch g\u00f3lov t\u00fdka. Zranite\u013enos\u0165 v\u00a0pred vlastnou br\u00e1nou tie\u017e nepom\u00e1ha. Hor\u0161\u00ed v o\u010dak\u00e1van\u00fdch inkasovan\u00fdch g\u00f3loch s\u00fa len Sheffield, West Ham a\u00a0Newcastle.<\/p>\n<p>Zjednodu\u0161ene, Arsenal po v\u00e4\u010d\u0161inu minulej sez\u00f3ny d\u00e1val viac g\u00f3lov, ako pod\u013ea matematiky mal, a p\u00fa\u0161\u0165al ove\u013ea menej, ako sa vypo\u010d\u00edtalo. Teraz sa v\u0161ak zrkadlo obr\u00e1tilo a\u00a0ukazuje vlastn\u00fd, prav\u00fd obraz. Zdeden\u00ed hr\u00e1\u010di sklamali aj tr\u00e9nerov pred n\u00edm. \u017diadne prekvapenia. Ale s\u00e1m si nepom\u00e1ha, ak slepo ver\u00ed vlastn\u00fdm \u0165a\u017en\u00fdm <del>som\u00e1rom<\/del> ko\u0148om ako Xhaka. Kult\u00faru v\u00a0\u0161atni nezmen\u00ed razom, ani ju nepozdvihne vyl\u00fa\u010den\u00edm sk\u00fasen\u00fdch hr\u00e1\u010dov typu \u00d6zil, ktor\u00ed mu potom ch\u00fdbaj\u00fa na ihrisku v\u00a0podobe zlep\u0161en\u00fdch \u0161tatist\u00edk. Tie proti n\u00e1m ur\u010dite nevylep\u0161\u00ed vykartovan\u00fd Gabriel a\u00a0podobne nedisciplinovan\u00fd Xhaka. Martinelli je s\u00a0ot\u00e1znikom po zranen\u00ed kolena a\u00a0Partey je chvalabohu mimo.<\/p>\n<h4><strong><em>\u201eWe know that it is not good enough.\u201c<\/em><\/strong><\/h4>\n<p>Arsenal kr\u00e1\u010da cestou dlhodob\u00e9ho projetku. \u010cisto chladnokrvne, nem\u00e1 zmysel od neho upusti\u0165. Samozrejme, pokia\u013e nie je ohrozen\u00e1 existencia na vrchole. A\u00a0pr\u00e1ve v\u00a0tom tkvie probl\u00e9m. L\u00ednia je moment\u00e1lne pr\u00edli\u0161 tenk\u00e1 a\u00a0risk pr\u00edli\u0161 ve\u013ek\u00fd. Vianoce s\u00a0nov\u00fdm rokom neodp\u00fa\u0161\u0165aj\u00fa, s\u00fa doslovo k\u013e\u00fa\u010dov\u00e9 pre kone\u010dn\u00e9 umiestnenie, \u010di boj o z\u00e1chranu. Preto by mali Gunners zabra\u0165, no nie hne\u010f. Sta\u010d\u00ed a\u017e po \u010fal\u0161om kole&#8230;<\/p>\n<h3 style=\"text-align: center;\"><span style=\"color: #3366ff;\"><strong><em>Up The Toffees !!!<\/em><\/strong><\/span><\/h3>\n<p><u>Forma s\u00fapera:<\/u><\/p>\n<table class=\"head_to_head h2h_away\" style=\"width: 99.8667%;\">\n<tbody>\n<tr class=\"highlight odd\">\n<td style=\"width: 162px;\"><span class=\"date\">16.12.20<\/span><\/td>\n<td class=\"flag_td \" style=\"width: 70px;\" title=\"Premier League (Anglicko)\">PL<\/td>\n<td class=\"name highTeam\" style=\"width: 190px;\">Arsenal<\/td>\n<td class=\"name\" style=\"width: 230px;\">Southampton<\/td>\n<td class=\"\" style=\"width: 97px;\"><span class=\"score\"><strong>1 : 1<\/strong><\/span><\/td>\n<\/tr>\n<tr class=\"highlight even\">\n<td style=\"width: 162px;\"><span class=\"date\">13.12.20<\/span><\/td>\n<td class=\"flag_td \" style=\"width: 70px;\" title=\"Premier League (Anglicko)\">PL<\/td>\n<td class=\"name highTeam\" style=\"width: 190px;\">Arsenal<\/td>\n<td class=\"name\" style=\"width: 230px;\"><strong>Burnley<\/strong><\/td>\n<td class=\"\" style=\"width: 97px;\"><span class=\"score\"><strong>0 : 1<\/strong><\/span><\/td>\n<\/tr>\n<tr class=\"highlight odd\">\n<td style=\"width: 162px;\"><span class=\"date\">10.12.20<\/span><\/td>\n<td class=\"flag_td \" style=\"width: 70px;\" title=\"Eur\u00f3pska liga (Eur\u00f3pa)\">EL<\/td>\n<td class=\"name\" style=\"width: 190px;\">Dundalk<\/td>\n<td class=\"name highTeam\" style=\"width: 230px;\"><strong>Arsenal<\/strong><\/td>\n<td class=\"\" style=\"width: 97px;\"><span class=\"score\"><strong>2 : 4<\/strong><\/span><\/td>\n<\/tr>\n<tr class=\"highlight even\">\n<td style=\"width: 162px;\"><span class=\"date\">06.12.20<\/span><\/td>\n<td class=\"flag_td \" style=\"width: 70px;\" title=\"Premier League (Anglicko)\">PL<\/td>\n<td class=\"name\" style=\"width: 190px;\"><strong>Tottenham<\/strong><\/td>\n<td class=\"name highTeam\" style=\"width: 230px;\">Arsenal<\/td>\n<td class=\"\" style=\"width: 97px;\"><span class=\"score\"><strong>2 : 0<\/strong><\/span><\/td>\n<\/tr>\n<tr class=\"highlight odd\">\n<td style=\"width: 162px;\"><span class=\"date\">03.12.20<\/span><\/td>\n<td class=\"flag_td \" style=\"width: 70px;\" title=\"Eur\u00f3pska liga (Eur\u00f3pa)\">EL<\/td>\n<td class=\"name highTeam\" style=\"width: 190px;\"><strong>Arsenal<\/strong><\/td>\n<td class=\"name\" style=\"width: 230px;\">Rapid Viede\u0148<\/td>\n<td class=\"\" style=\"width: 97px;\"><span class=\"score\"><strong>4 : 1<\/strong><\/span><\/td>\n<\/tr>\n<\/tbody>\n<\/table>\n<p><strong>\u0160tatistick\u00e9 okienko:<\/strong><\/p>\n<ul>\n<li>Arsenal v Premier League vyhral proti Evertonu viac z\u00e1pasov (34) a strelil viac g\u00f3lov (110), ne\u017e proti in\u00fdm s\u00faperom v s\u00fa\u0165a\u017ei. Ich 110 g\u00f3lov proti The Toffees je viac, ne\u017e ktor\u00e1ko\u013evek strana vsietila proti in\u00e9mu t\u00edmu v hist\u00f3rii Premier League.<\/li>\n<li>Everton si udr\u017eal \u010dist\u00e9 konto vo svojich posledn\u00fdch dvoch dom\u00e1cich z\u00e1pasoch v Premier League proti Arsenalu (W1 D1). Naposledy doma tri za sebou udr\u017eal s Kanoniermi od novembra 1966 do apr\u00edla 1969.<\/li>\n<li>Odkedy Arsenal v \u00favodn\u00fd de\u0148 zv\u00ed\u0165azil nad Fulhamom 0:3, sk\u00f3roval v posledn\u00fdch piatich ligov\u00fdch z\u00e1pasoch na ihrisku s\u00fapera iba dvakr\u00e1t (W1 D1 L3). V posledn\u00fdch dvoch v\u0161ak nedok\u00e1zal vsieti\u0165. Kanonieri naposledy absolvovali tri ligov\u00e9 z\u00e1pasy vonku bez g\u00f3lu v septembri 2017.<\/li>\n<li>Everton nevyhral svoj posledn\u00fd ligov\u00fd z\u00e1pas pred Vianocami v \u017eiadnej zo svojich posledn\u00fdch \u0161iestich sez\u00f3n (D2 L4). Naposledy pri v\u00ed\u0165azstve 2:1 v z\u00e1pase proti Swansea City v decembri 2013.<\/li>\n<\/ul>\n<hr \/>\n<p><strong>\u010co:<\/strong> Everton FC \u2013 Arsenal FC, 14. kolo Premier League<br \/>\n<strong>Kedy:<\/strong> 19.12. 2020 od 18:30 SE\u010c<br \/>\n<strong>Ako:<\/strong> Premier Sport &#8211; priamy prenos<br \/>\n<strong>Kde:<\/strong> Goodison Park \u2013 Goodison Rd, Liverpool L4 4EL (povolen\u00e1 kapacita: 2000)<br \/>\n<strong>Rozhodca:<\/strong> Andre Marriner <strong>Asistenti:<\/strong> S. Ledger, S. Long <strong>\u0160tvrt\u00fd rozhodca:<\/strong> P. Tierney<br \/>\n<strong>VAR: <\/strong>Michael Oliver <strong>Asistent VAR: <\/strong>James Mainwaring<\/p>\n","protected":false},"excerpt":{"rendered":"<p>Na Goodison Park zav\u00edta b\u00fdval\u00e1 hr\u00e1\u010dska ikona. V\u00a0poz\u00edcii mana\u017e\u00e9ra The Gunners sa bude usilova\u0165 o\u00a0tak \u201epotrebn\u00fd v\u00fdsledok\u201c. Ancelotti mu to v\u0161ak ur\u010dite neu\u013eah\u010d\u00ed.<\/p>\n","protected":false},"author":1,"featured_media":13247,"comment_status":"open","ping_status":"closed","sticky":false,"template":"","format":"standard","meta":{"_eb_attr":"","_monsterinsights_skip_tracking":false,"_monsterinsights_sitenote_active":false,"_monsterinsights_sitenote_note":"","_monsterinsights_sitenote_category":0,"footnotes":""},"categories":[4],"tags":[],"yoast_head":"<!-- This site is optimized with the Yoast SEO plugin v23.4 - https:\/\/yoast.com\/wordpress\/plugins\/seo\/ -->\n<title>Preview: Everton \u2013 Arsenal - Official Czech &amp; Slovak Everton Supporters&#039; Club<\/title>\n<meta name=\"robots\" content=\"index, follow, max-snippet:-1, max-image-preview:large, max-video-preview:-1\" \/>\n<link rel=\"canonical\" href=\"https:\/\/evertonfc.cz\/index.php\/2020\/12\/19\/preview-everton-arsenal-12\/\" \/>\n<meta property=\"og:locale\" content=\"cs_CZ\" \/>\n<meta property=\"og:type\" content=\"article\" \/>\n<meta property=\"og:title\" content=\"Preview: Everton \u2013 Arsenal - Official Czech &amp; Slovak Everton Supporters&#039; Club\" \/>\n<meta property=\"og:description\" content=\"Na Goodison Park zav\u00edta b\u00fdval\u00e1 hr\u00e1\u010dska ikona. V\u00a0poz\u00edcii mana\u017e\u00e9ra The Gunners sa bude usilova\u0165 o\u00a0tak \u201epotrebn\u00fd v\u00fdsledok\u201c. Ancelotti mu to v\u0161ak ur\u010dite neu\u013eah\u010d\u00ed.\" \/>\n<meta property=\"og:url\" content=\"https:\/\/evertonfc.cz\/index.php\/2020\/12\/19\/preview-everton-arsenal-12\/\" \/>\n<meta property=\"og:site_name\" content=\"Official Czech &amp; Slovak Everton Supporters&#039; Club\" \/>\n<meta property=\"article:publisher\" content=\"https:\/\/www.facebook.com\/everton.fans.cz.sk\" \/>\n<meta property=\"article:published_time\" content=\"2020-12-19T14:04:09+00:00\" \/>\n<meta property=\"article:modified_time\" content=\"2020-12-20T15:32:37+00:00\" \/>\n<meta property=\"og:image\" content=\"https:\/\/evertonfc.cz\/wp-content\/uploads\/2020\/12\/Everton-VS-Arsenal-NIGHT.jpg\" \/>\n\t<meta property=\"og:image:width\" content=\"720\" \/>\n\t<meta property=\"og:image:height\" content=\"405\" \/>\n\t<meta property=\"og:image:type\" content=\"image\/jpeg\" \/>\n<meta name=\"author\" content=\"BlueBlooded\" \/>\n<meta name=\"twitter:card\" content=\"summary_large_image\" \/>\n<meta name=\"twitter:label1\" content=\"Napsal(a)\" \/>\n\t<meta name=\"twitter:data1\" content=\"BlueBlooded\" \/>\n\t<meta name=\"twitter:label2\" content=\"Odhadovan\u00e1 doba \u010dten\u00ed\" \/>\n\t<meta name=\"twitter:data2\" content=\"7 minut\" \/>\n<script type=\"application\/ld+json\" class=\"yoast-schema-graph\">{\"@context\":\"https:\/\/schema.org\",\"@graph\":[{\"@type\":\"Article\",\"@id\":\"https:\/\/evertonfc.cz\/index.php\/2020\/12\/19\/preview-everton-arsenal-12\/#article\",\"isPartOf\":{\"@id\":\"https:\/\/evertonfc.cz\/index.php\/2020\/12\/19\/preview-everton-arsenal-12\/\"},\"author\":{\"name\":\"BlueBlooded\",\"@id\":\"https:\/\/evertonfc.cz\/#\/schema\/person\/d4493b8cbea51532597fbc4685698916\"},\"headline\":\"Preview: Everton \u2013 Arsenal\",\"datePublished\":\"2020-12-19T14:04:09+00:00\",\"dateModified\":\"2020-12-20T15:32:37+00:00\",\"mainEntityOfPage\":{\"@id\":\"https:\/\/evertonfc.cz\/index.php\/2020\/12\/19\/preview-everton-arsenal-12\/\"},\"wordCount\":1418,\"commentCount\":5,\"publisher\":{\"@id\":\"https:\/\/evertonfc.cz\/#organization\"},\"image\":{\"@id\":\"https:\/\/evertonfc.cz\/index.php\/2020\/12\/19\/preview-everton-arsenal-12\/#primaryimage\"},\"thumbnailUrl\":\"https:\/\/evertonfc.cz\/wp-content\/uploads\/2020\/12\/Everton-VS-Arsenal-NIGHT.jpg\",\"articleSection\":[\"Z\u00e1pasy\"],\"inLanguage\":\"cs\",\"potentialAction\":[{\"@type\":\"CommentAction\",\"name\":\"Comment\",\"target\":[\"https:\/\/evertonfc.cz\/index.php\/2020\/12\/19\/preview-everton-arsenal-12\/#respond\"]}]},{\"@type\":\"WebPage\",\"@id\":\"https:\/\/evertonfc.cz\/index.php\/2020\/12\/19\/preview-everton-arsenal-12\/\",\"url\":\"https:\/\/evertonfc.cz\/index.php\/2020\/12\/19\/preview-everton-arsenal-12\/\",\"name\":\"Preview: Everton \u2013 Arsenal - Official Czech &amp; Slovak Everton Supporters&#039; Club\",\"isPartOf\":{\"@id\":\"https:\/\/evertonfc.cz\/#website\"},\"primaryImageOfPage\":{\"@id\":\"https:\/\/evertonfc.cz\/index.php\/2020\/12\/19\/preview-everton-arsenal-12\/#primaryimage\"},\"image\":{\"@id\":\"https:\/\/evertonfc.cz\/index.php\/2020\/12\/19\/preview-everton-arsenal-12\/#primaryimage\"},\"thumbnailUrl\":\"https:\/\/evertonfc.cz\/wp-content\/uploads\/2020\/12\/Everton-VS-Arsenal-NIGHT.jpg\",\"datePublished\":\"2020-12-19T14:04:09+00:00\",\"dateModified\":\"2020-12-20T15:32:37+00:00\",\"breadcrumb\":{\"@id\":\"https:\/\/evertonfc.cz\/index.php\/2020\/12\/19\/preview-everton-arsenal-12\/#breadcrumb\"},\"inLanguage\":\"cs\",\"potentialAction\":[{\"@type\":\"ReadAction\",\"target\":[\"https:\/\/evertonfc.cz\/index.php\/2020\/12\/19\/preview-everton-arsenal-12\/\"]}]},{\"@type\":\"ImageObject\",\"inLanguage\":\"cs\",\"@id\":\"https:\/\/evertonfc.cz\/index.php\/2020\/12\/19\/preview-everton-arsenal-12\/#primaryimage\",\"url\":\"https:\/\/evertonfc.cz\/wp-content\/uploads\/2020\/12\/Everton-VS-Arsenal-NIGHT.jpg\",\"contentUrl\":\"https:\/\/evertonfc.cz\/wp-content\/uploads\/2020\/12\/Everton-VS-Arsenal-NIGHT.jpg\",\"width\":720,\"height\":405},{\"@type\":\"BreadcrumbList\",\"@id\":\"https:\/\/evertonfc.cz\/index.php\/2020\/12\/19\/preview-everton-arsenal-12\/#breadcrumb\",\"itemListElement\":[{\"@type\":\"ListItem\",\"position\":1,\"name\":\"Home\",\"item\":\"https:\/\/evertonfc.cz\/\"},{\"@type\":\"ListItem\",\"position\":2,\"name\":\"Preview: Everton \u2013 Arsenal\"}]},{\"@type\":\"WebSite\",\"@id\":\"https:\/\/evertonfc.cz\/#website\",\"url\":\"https:\/\/evertonfc.cz\/\",\"name\":\"Official Czech &amp; Slovak Everton Supporters&#039; Club\",\"description\":\"\",\"publisher\":{\"@id\":\"https:\/\/evertonfc.cz\/#organization\"},\"potentialAction\":[{\"@type\":\"SearchAction\",\"target\":{\"@type\":\"EntryPoint\",\"urlTemplate\":\"https:\/\/evertonfc.cz\/?s={search_term_string}\"},\"query-input\":{\"@type\":\"PropertyValueSpecification\",\"valueRequired\":true,\"valueName\":\"search_term_string\"}}],\"inLanguage\":\"cs\"},{\"@type\":\"Organization\",\"@id\":\"https:\/\/evertonfc.cz\/#organization\",\"name\":\"Official Czech & Slovak Everton Supporters' Club\",\"url\":\"https:\/\/evertonfc.cz\/\",\"logo\":{\"@type\":\"ImageObject\",\"inLanguage\":\"cs\",\"@id\":\"https:\/\/evertonfc.cz\/#\/schema\/logo\/image\/\",\"url\":\"https:\/\/evertonfc.cz\/wp-content\/uploads\/2019\/05\/logo.png\",\"contentUrl\":\"https:\/\/evertonfc.cz\/wp-content\/uploads\/2019\/05\/logo.png\",\"width\":112,\"height\":112,\"caption\":\"Official Czech & Slovak Everton Supporters' Club\"},\"image\":{\"@id\":\"https:\/\/evertonfc.cz\/#\/schema\/logo\/image\/\"},\"sameAs\":[\"https:\/\/www.facebook.com\/everton.fans.cz.sk\"]},{\"@type\":\"Person\",\"@id\":\"https:\/\/evertonfc.cz\/#\/schema\/person\/d4493b8cbea51532597fbc4685698916\",\"name\":\"BlueBlooded\",\"url\":\"https:\/\/evertonfc.cz\/index.php\/author\/admin\/\"}]}<\/script>\n<!-- \/ Yoast SEO plugin. -->","yoast_head_json":{"title":"Preview: Everton \u2013 Arsenal - Official Czech &amp; Slovak Everton Supporters&#039; Club","robots":{"index":"index","follow":"follow","max-snippet":"max-snippet:-1","max-image-preview":"max-image-preview:large","max-video-preview":"max-video-preview:-1"},"canonical":"https:\/\/evertonfc.cz\/index.php\/2020\/12\/19\/preview-everton-arsenal-12\/","og_locale":"cs_CZ","og_type":"article","og_title":"Preview: Everton \u2013 Arsenal - Official Czech &amp; Slovak Everton Supporters&#039; Club","og_description":"Na Goodison Park zav\u00edta b\u00fdval\u00e1 hr\u00e1\u010dska ikona. V\u00a0poz\u00edcii mana\u017e\u00e9ra The Gunners sa bude usilova\u0165 o\u00a0tak \u201epotrebn\u00fd v\u00fdsledok\u201c. Ancelotti mu to v\u0161ak ur\u010dite neu\u013eah\u010d\u00ed.","og_url":"https:\/\/evertonfc.cz\/index.php\/2020\/12\/19\/preview-everton-arsenal-12\/","og_site_name":"Official Czech &amp; Slovak Everton Supporters&#039; Club","article_publisher":"https:\/\/www.facebook.com\/everton.fans.cz.sk","article_published_time":"2020-12-19T14:04:09+00:00","article_modified_time":"2020-12-20T15:32:37+00:00","og_image":[{"width":720,"height":405,"url":"https:\/\/evertonfc.cz\/wp-content\/uploads\/2020\/12\/Everton-VS-Arsenal-NIGHT.jpg","type":"image\/jpeg"}],"author":"BlueBlooded","twitter_card":"summary_large_image","twitter_misc":{"Napsal(a)":"BlueBlooded","Odhadovan\u00e1 doba \u010dten\u00ed":"7 minut"},"schema":{"@context":"https:\/\/schema.org","@graph":[{"@type":"Article","@id":"https:\/\/evertonfc.cz\/index.php\/2020\/12\/19\/preview-everton-arsenal-12\/#article","isPartOf":{"@id":"https:\/\/evertonfc.cz\/index.php\/2020\/12\/19\/preview-everton-arsenal-12\/"},"author":{"name":"BlueBlooded","@id":"https:\/\/evertonfc.cz\/#\/schema\/person\/d4493b8cbea51532597fbc4685698916"},"headline":"Preview: Everton \u2013 Arsenal","datePublished":"2020-12-19T14:04:09+00:00","dateModified":"2020-12-20T15:32:37+00:00","mainEntityOfPage":{"@id":"https:\/\/evertonfc.cz\/index.php\/2020\/12\/19\/preview-everton-arsenal-12\/"},"wordCount":1418,"commentCount":5,"publisher":{"@id":"https:\/\/evertonfc.cz\/#organization"},"image":{"@id":"https:\/\/evertonfc.cz\/index.php\/2020\/12\/19\/preview-everton-arsenal-12\/#primaryimage"},"thumbnailUrl":"https:\/\/evertonfc.cz\/wp-content\/uploads\/2020\/12\/Everton-VS-Arsenal-NIGHT.jpg","articleSection":["Z\u00e1pasy"],"inLanguage":"cs","potentialAction":[{"@type":"CommentAction","name":"Comment","target":["https:\/\/evertonfc.cz\/index.php\/2020\/12\/19\/preview-everton-arsenal-12\/#respond"]}]},{"@type":"WebPage","@id":"https:\/\/evertonfc.cz\/index.php\/2020\/12\/19\/preview-everton-arsenal-12\/","url":"https:\/\/evertonfc.cz\/index.php\/2020\/12\/19\/preview-everton-arsenal-12\/","name":"Preview: Everton \u2013 Arsenal - Official Czech &amp; Slovak Everton Supporters&#039; Club","isPartOf":{"@id":"https:\/\/evertonfc.cz\/#website"},"primaryImageOfPage":{"@id":"https:\/\/evertonfc.cz\/index.php\/2020\/12\/19\/preview-everton-arsenal-12\/#primaryimage"},"image":{"@id":"https:\/\/evertonfc.cz\/index.php\/2020\/12\/19\/preview-everton-arsenal-12\/#primaryimage"},"thumbnailUrl":"https:\/\/evertonfc.cz\/wp-content\/uploads\/2020\/12\/Everton-VS-Arsenal-NIGHT.jpg","datePublished":"2020-12-19T14:04:09+00:00","dateModified":"2020-12-20T15:32:37+00:00","breadcrumb":{"@id":"https:\/\/evertonfc.cz\/index.php\/2020\/12\/19\/preview-everton-arsenal-12\/#breadcrumb"},"inLanguage":"cs","potentialAction":[{"@type":"ReadAction","target":["https:\/\/evertonfc.cz\/index.php\/2020\/12\/19\/preview-everton-arsenal-12\/"]}]},{"@type":"ImageObject","inLanguage":"cs","@id":"https:\/\/evertonfc.cz\/index.php\/2020\/12\/19\/preview-everton-arsenal-12\/#primaryimage","url":"https:\/\/evertonfc.cz\/wp-content\/uploads\/2020\/12\/Everton-VS-Arsenal-NIGHT.jpg","contentUrl":"https:\/\/evertonfc.cz\/wp-content\/uploads\/2020\/12\/Everton-VS-Arsenal-NIGHT.jpg","width":720,"height":405},{"@type":"BreadcrumbList","@id":"https:\/\/evertonfc.cz\/index.php\/2020\/12\/19\/preview-everton-arsenal-12\/#breadcrumb","itemListElement":[{"@type":"ListItem","position":1,"name":"Home","item":"https:\/\/evertonfc.cz\/"},{"@type":"ListItem","position":2,"name":"Preview: Everton \u2013 Arsenal"}]},{"@type":"WebSite","@id":"https:\/\/evertonfc.cz\/#website","url":"https:\/\/evertonfc.cz\/","name":"Official Czech &amp; Slovak Everton Supporters&#039; Club","description":"","publisher":{"@id":"https:\/\/evertonfc.cz\/#organization"},"potentialAction":[{"@type":"SearchAction","target":{"@type":"EntryPoint","urlTemplate":"https:\/\/evertonfc.cz\/?s={search_term_string}"},"query-input":{"@type":"PropertyValueSpecification","valueRequired":true,"valueName":"search_term_string"}}],"inLanguage":"cs"},{"@type":"Organization","@id":"https:\/\/evertonfc.cz\/#organization","name":"Official Czech & Slovak Everton Supporters' Club","url":"https:\/\/evertonfc.cz\/","logo":{"@type":"ImageObject","inLanguage":"cs","@id":"https:\/\/evertonfc.cz\/#\/schema\/logo\/image\/","url":"https:\/\/evertonfc.cz\/wp-content\/uploads\/2019\/05\/logo.png","contentUrl":"https:\/\/evertonfc.cz\/wp-content\/uploads\/2019\/05\/logo.png","width":112,"height":112,"caption":"Official Czech & Slovak Everton Supporters' Club"},"image":{"@id":"https:\/\/evertonfc.cz\/#\/schema\/logo\/image\/"},"sameAs":["https:\/\/www.facebook.com\/everton.fans.cz.sk"]},{"@type":"Person","@id":"https:\/\/evertonfc.cz\/#\/schema\/person\/d4493b8cbea51532597fbc4685698916","name":"BlueBlooded","url":"https:\/\/evertonfc.cz\/index.php\/author\/admin\/"}]}},"_links":{"self":[{"href":"https:\/\/evertonfc.cz\/index.php\/wp-json\/wp\/v2\/posts\/13245"}],"collection":[{"href":"https:\/\/evertonfc.cz\/index.php\/wp-json\/wp\/v2\/posts"}],"about":[{"href":"https:\/\/evertonfc.cz\/index.php\/wp-json\/wp\/v2\/types\/post"}],"author":[{"embeddable":true,"href":"https:\/\/evertonfc.cz\/index.php\/wp-json\/wp\/v2\/users\/1"}],"replies":[{"embeddable":true,"href":"https:\/\/evertonfc.cz\/index.php\/wp-json\/wp\/v2\/comments?post=13245"}],"version-history":[{"count":6,"href":"https:\/\/evertonfc.cz\/index.php\/wp-json\/wp\/v2\/posts\/13245\/revisions"}],"predecessor-version":[{"id":13270,"href":"https:\/\/evertonfc.cz\/index.php\/wp-json\/wp\/v2\/posts\/13245\/revisions\/13270"}],"wp:featuredmedia":[{"embeddable":true,"href":"https:\/\/evertonfc.cz\/index.php\/wp-json\/wp\/v2\/media\/13247"}],"wp:attachment":[{"href":"https:\/\/evertonfc.cz\/index.php\/wp-json\/wp\/v2\/media?parent=13245"}],"wp:term":[{"taxonomy":"category","embeddable":true,"href":"https:\/\/evertonfc.cz\/index.php\/wp-json\/wp\/v2\/categories?post=13245"},{"taxonomy":"post_tag","embeddable":true,"href":"https:\/\/evertonfc.cz\/index.php\/wp-json\/wp\/v2\/tags?post=13245"}],"curies":[{"name":"wp","href":"https:\/\/api.w.org\/{rel}","templated":true}]}}