{"id":13253,"date":"2020-12-20T12:02:13","date_gmt":"2020-12-20T11:02:13","guid":{"rendered":"https:\/\/evertonfc.cz\/?p=13253"},"modified":"2021-11-01T08:59:26","modified_gmt":"2021-11-01T07:59:26","slug":"everton-arsenal-21-2","status":"publish","type":"post","link":"https:\/\/evertonfc.cz\/index.php\/2020\/12\/20\/everton-arsenal-21-2\/","title":{"rendered":"Everton &#8211; Arsenal 2:1"},"content":{"rendered":"<h4>Everton pokra\u010duje ve zlep\u0161en\u00fdch v\u00fdkonech a proti tr\u00e1p\u00edc\u00edmu se Arsenalu uhr\u00e1l t\u011bsn\u00e9 v\u00edt\u011bzstv\u00ed. To Karamelky posunulo na druh\u00e9 m\u00edsto ne\u00fapln\u00e9 tabulky, zat\u00edmco Kanon\u00fd\u0159i se nebezpe\u010dn\u011b p\u0159ibli\u017euj\u00ed sestupov\u00fdm p\u0159\u00ed\u010dk\u00e1m.<\/h4>\n<p>P\u0159i sledov\u00e1n\u00ed z\u00e1pasu jsem si nemohl nevzpomenout na z\u00e1pas ze 7. dubna minul\u00e9ho roku. Tou dobou mu\u017estvo je\u0161t\u011b (bohu\u017eel) vedl Marco Silva, n\u00e1lada mezi fanou\u0161ky byla kv\u016fli tomu v\u0161elijak\u00e1 a Gunners \u0161li do z\u00e1pasu jednozna\u010dn\u011b jako favorit na 3 body. O to v\u011bt\u0161\u00ed pak byla radost z urvan\u00e9 v\u00fdhry g\u00f3lem Phila Jagielky z \u00favodu utk\u00e1n\u00ed. Dost jsem ten ve\u010der doufal, \u017ee dostane \u0161anci legend\u00e1rn\u00ed Petr \u010cech, abych ho alespo\u0148 jednou vid\u011bl chytat na\u017eivo. No, nestalo se, ale i tak si pamatuji perfektn\u00ed atmosf\u00e9ru p\u0159i slaven\u00ed v\u00fdhry nad slavn\u00fdm klubem.<\/p>\n<p>Silva na\u0161t\u011bst\u00ed loni dostal k v\u00e1noc\u016fm pad\u00e1ka a i proto tentokr\u00e1t \u0161el do utk\u00e1n\u00ed jako m\u00edrn\u00fd favorit dom\u00e1c\u00ed klub. Carlo Ancelloti vsadil na rozestaven\u00ed 4-2-3-1, a\u010d byl od za\u010d\u00e1tku p\u0159ipraven uzdraven\u00fd kapit\u00e1n Seamus Coleman, zku\u0161en\u00fd italsk\u00fd strat\u00e9g ponechal obranu beze zm\u011bny a Coleman \u010dekal na svou \u0161anci jako n\u00e1hradn\u00edk. Kv\u016fli zran\u011bn\u00ed Allana v z\u00e1kladu dostal \u0161anci na pozici defensivn\u00edho z\u00e1lo\u017en\u00edka Tom Davies. Hostuj\u00edc\u00ed mana\u017eer Mikel Arteta se vr\u00e1til na star\u00e9 zn\u00e1m\u00e9 m\u00edsto, p\u0159ece jen v modr\u00e9m dresu odehr\u00e1l \u00factyhodn\u00fdch 174 z\u00e1pas\u016f. Vsadil na rozestaven\u00ed 4-3-3, hv\u011bzdn\u00fd \u00fato\u010dn\u00edk Aubameyang nebyl fit kv\u016fli zran\u011bn\u00ed.<\/p>\n<h4>\u00davod z\u00e1pasu a prvn\u00ed branka<\/h4>\n<p>\u00davod z\u00e1pasu p\u0159inesl typick\u00e9 o\u0165uk\u00e1v\u00e1n\u00ed, nic, co by st\u00e1lo za pozornost fanou\u0161k\u016f jedn\u00e9 nebo druh\u00e9 strany. Everton m\u011bl na za\u010d\u00e1tku utk\u00e1n\u00ed v\u011bt\u0161\u00ed dr\u017een\u00ed m\u00ed\u010de a sna\u017eil se kontrolovat hru, co\u017e vy\u00fastilo prvn\u00ed \u0161anc\u00ed v patn\u00e1ct\u00e9 minut\u011b. K m\u00ed\u010di se na st\u0159edov\u00e9m kruhu dostal Michael Keane, pot\u00e1hl si m\u00ed\u010d sm\u011brem k br\u00e1n\u011b a nehodlal v\u016fbec nic vym\u00fd\u0161let. Jeho prudk\u00e1 st\u0159ela z dobr\u00fdch 30 metr\u016f skon\u010dila t\u011bsn\u011b vedle ty\u010de, sv\u016fj t\u0159et\u00ed ligov\u00fd z\u00e1sah v t\u00e9to sez\u00f3n\u011b bohu\u017eel nep\u0159idal.<\/p>\n<p>To ale dom\u00e1c\u00ed fanou\u0161ky netr\u00e1pilo moc dlouho. Hern\u00ed p\u0159evahu ze za\u010d\u00e1tku utk\u00e1n\u00ed p\u0159etavili hr\u00e1\u010di v modr\u00e9m ve 22. minut\u011b. M\u00ed\u010d po lev\u00e9m k\u0159\u00eddle vyvezl Richarlison, p\u0159es Daviese se dostal m\u00ed\u010d na prav\u00e9 k\u0159\u00eddlo k Iwobimu. Ten si v\u0161iml nab\u00edhaj\u00edc\u00edho Calverta-Lewina a poslal mu kr\u00e1sn\u00fd centr do v\u00e1pna. Hlavi\u010dka na\u0161eho nejlep\u0161\u00edho st\u0159elce by nejsp\u00ed\u0161e m\u00ed\u0159ila mimo, kdyby si ji do vlastn\u00ed s\u00edt\u011b nesrazil Rob Holding\u00a0 &#8211; <strong>1:0<\/strong> pro dom\u00e1c\u00ed!<\/p>\n<h4>Zm\u011bna obrazu hry, bohu\u017eel i sk\u00f3re<\/h4>\n<p>Po vst\u0159elen\u00e9m g\u00f3lu Arsenal za\u0159adil vy\u0161\u0161\u00ed stupe\u0148, v\u017edy\u0165 dal\u0161\u00ed ztr\u00e1ta je tak\u00e9 to posledn\u00ed, co by lond\u00fdnsk\u00fd klub pot\u0159eboval. To by mo\u017en\u00e1 a\u017e tolik nevadilo, kdyby z\u00e1rove\u0148 dom\u00e1c\u00ed nep\u0159epli na br\u00e1n\u011bn\u00ed g\u00f3lov\u00e9ho n\u00e1skoku. Pokud n\u011bco hr\u00e1\u010d\u016fm z Goodison Parku v posledn\u00edch z\u00e1pasech chyb\u00ed, je to ur\u010dit\u011b dr\u017een\u00ed m\u00ed\u010de. A stejn\u011b to bohu\u017eel vypadalo i dnes. U\u017e ve 24. minut\u011b se v pokutov\u00e9m \u00fazem\u00ed Evertonu objevil osamocen\u00fd Nketiah, kter\u00fd svou st\u0159elu na zadn\u00ed ty\u010d na\u0161t\u011bst\u00ed neum\u00edstil p\u0159esn\u011b. O p\u00e1r minut pozd\u011bji u\u017e p\u0159i\u0161el zaslou\u017een\u00fd trest. P\u0159i nen\u00e1padn\u00e9 akci se sna\u017eil o n\u00e1b\u011bh ve v\u00e1pn\u011b Maitland-Niles, kter\u00e9ho ne\u0161ikovn\u011b fauloval Tom Davies. Na\u0159\u00edzenou penaltu n\u00e1sledn\u011b bezpe\u010dn\u011b prom\u011bnil P\u00e9p\u00e9.<\/p>\n<h4>Yerry Christmas !<\/h4>\n<p>V n\u00e1sleduj\u00edc\u00edch minut\u00e1ch p\u0159edvedl Dominic Calvert-Lewin, v jak\u00e9ho hr\u00e1\u010de pod veden\u00edm Ancellotiho a Fergusona vyrostl. Nejd\u0159\u00edve po kr\u00e1sn\u00e9m s\u00f3lu donutil faulovat hostuj\u00edc\u00edho Tiernyho, kter\u00fd vid\u011bl \u017elutou kartu. To podstatn\u011bj\u0161\u00ed se ale odehr\u00e1lo na konci prvn\u00ed p\u016fle. Calvert-Lewin si navedl m\u00ed\u010d ke st\u0159ele na hranici v\u00e1pna. I ve skluzu trefil m\u00ed\u010d par\u00e1dn\u011b, radost z g\u00f3lu mu ale pokazil g\u00f3lman Arsenalu Leno, kter\u00fd m\u00ed\u010d perfektn\u011b vyt\u00e1hl z lev\u00e9ho horn\u00edho rohu br\u00e1ny. N\u00e1sledn\u00fd rohov\u00fd kop zahr\u00e1val Sigurdsson, kr\u00e1sn\u00fd n\u00e1b\u011bh p\u0159edvedl urostl\u00fd kolumbijsk\u00fd stoper Yerry Mina, poslal m\u00ed\u010d hlavou t\u00e9m\u011b\u0159 do stejn\u00e9ho m\u00edsta, ale jeho radost u\u017e nikdo nezkazil &#8211; <strong>2:1. <\/strong>Nejeden fanou\u0161ek Evertonu te\u010f ur\u010dit\u011b p\u0159em\u00fd\u0161l\u00ed, jestli to Mina d\u011bl\u00e1 schv\u00e1ln\u011b, nebo m\u00e1 prost\u011b perfektn\u00ed na\u010dasov\u00e1n\u00ed, g\u00f3ly do \u0161atny rozhodn\u011b um\u00ed&#8230;<\/p>\n<h4>Druh\u00fd polo\u010das &#8211; honba kanon\u00fdr\u016f za vyrovn\u00e1n\u00edm<\/h4>\n<p>Do druh\u00e9ho polo\u010dasu nastoupily oba t\u00fdmy beze zm\u011bn a celou druhou p\u016fli charakterizovaly zoufal\u00e9 snahy o vyrovn\u00e1n\u00ed ze strany Arsenalu. Velmi bl\u00edzko k tomu Gunners m\u011bli u\u017e v 54. minut\u011b, kdy z lev\u00e9 stany p\u0159ilet\u011bl do v\u00e1pna dom\u00e1c\u00edch centr, kter\u00fd Jordan Pickford nedok\u00e1zal zkrotit. Do m\u00ed\u010de se op\u0159el opod\u00e1l stoj\u00edc\u00ed David Luiz, ale bohu\u017eel trefil pouze spojnici b\u0159evna a ty\u010de. Tohle si Pickford za r\u00e1me\u010dek rozhodn\u011b ned\u00e1, Luiz nast\u011bst\u00ed ale tak\u00e9 ne.<\/p>\n<h4>Bez m\u00ed\u010de, hlavn\u011b s body<\/h4>\n<p>Arsenal v prvn\u00edch deseti minut\u00e1ch druh\u00e9 p\u016fle dr\u017eel m\u00ed\u010d a\u017e 80% \u010dasu, Everton se sna\u017eil spol\u00e9hat na proti\u00fatoky a efektivitu v zakon\u010den\u00ed. Celkov\u011b byl druh\u00fd polo\u010das o dost m\u00e9n\u011b z\u00e1\u017eivn\u00fd ne\u017e ten prvn\u00ed, Mikel Arteta se sna\u017eil o\u017eivit hru Kanon\u00fdr\u016f t\u0159emi st\u0159\u00edd\u00e1n\u00edmi v rychl\u00e9m sledu. Na h\u0159i\u0161t\u011b se postupn\u011b dostali Willock, Martinelli a Lacazette, ale ani jeden z nich na\u0161t\u011bst\u00ed nebyl rozhoduj\u00edc\u00edm faktorem, kter\u00fd by n\u011bjak ovlivnil kone\u010dn\u00fd v\u00fdsledek.<\/p>\n<p>Ze z\u00e1v\u011bre\u010dn\u00e9ho tlaku g\u00f3l nepadl &#8211; tak\u00e9 d\u00edky velmi dobr\u00e9mu z\u00e1kroku Pickforda a dom\u00e1c\u00ed Toffees tak slav\u00ed dal\u0161\u00ed v\u00fdhru.<\/p>\n<p style=\"text-align: right;\"><span style=\"font-size: 8pt;\">(foto zdroj: Pool)<\/span><\/p>\n<p><strong>Branky:<\/strong> 22&#8242; Holding (vl.), 45&#8242; Mina &#8211; 35&#8242; P\u00e9p\u00e9 (P)<\/p>\n<p><strong>\u017dK:<\/strong> 90+2&#8242; Calvert-Lewin &#8211; 15&#8242; Elneny , 40&#8242; Tierney , 91&#8242; Willock<\/p>\n<p><strong>Everton:<\/strong> Pickford &#8211; Godfrey, Keane, Mina, Holgate &#8211; Davies, Doucour\u00e9 &#8211; Richarlison(90+1&#8242; Kenny), Sigurdsson, Iwobi(83&#8217;Coleman) &#8211; Calvert-Lewin(90+2&#8242; Tosun)<\/p>\n<p><strong>Arsenal:<\/strong> Leno &#8211; Tierney, Luiz, Holding &#8211; Saka, Elneny(64&#8217;Willock), Ceballos, Maitland-Niles &#8211; Willian, Nketiah(76&#8217;Lacazette), P\u00e9p\u00e9(71&#8217;Martinelli)<\/p>\n<p><strong>Rozhod\u010d\u00ed:<\/strong> A. Marriner\u00a0 <strong>Div\u00e1ci:<\/strong> 2000<\/p>\n","protected":false},"excerpt":{"rendered":"<p>Everton pokra\u010duje ve zlep\u0161en\u00fdch v\u00fdkonech a proti tr\u00e1p\u00edc\u00edmu se Arsenalu uhr\u00e1l t\u011bsn\u00e9 v\u00edt\u011bzstv\u00ed. To Karamelky posunulo na druh\u00e9 m\u00edsto ne\u00fapln\u00e9 tabulky, zat\u00edmco Kanon\u00fd\u0159i se nebezpe\u010dn\u011b p\u0159ibli\u017euj\u00ed sestupov\u00fdm p\u0159\u00ed\u010dk\u00e1m. <\/p>\n","protected":false},"author":562,"featured_media":13255,"comment_status":"open","ping_status":"closed","sticky":false,"template":"","format":"standard","meta":{"_eb_attr":"","_monsterinsights_skip_tracking":false,"_monsterinsights_sitenote_active":false,"_monsterinsights_sitenote_note":"","_monsterinsights_sitenote_category":0,"footnotes":""},"categories":[4],"tags":[],"yoast_head":"<!-- This site is optimized with the Yoast SEO plugin v23.4 - https:\/\/yoast.com\/wordpress\/plugins\/seo\/ -->\n<title>Everton - Arsenal 2:1 - Official Czech &amp; Slovak Everton Supporters&#039; Club<\/title>\n<meta name=\"robots\" content=\"index, follow, max-snippet:-1, max-image-preview:large, max-video-preview:-1\" \/>\n<link rel=\"canonical\" href=\"https:\/\/evertonfc.cz\/index.php\/2020\/12\/20\/everton-arsenal-21-2\/\" \/>\n<meta property=\"og:locale\" content=\"cs_CZ\" \/>\n<meta property=\"og:type\" content=\"article\" \/>\n<meta property=\"og:title\" content=\"Everton - Arsenal 2:1 - Official Czech &amp; Slovak Everton Supporters&#039; Club\" \/>\n<meta property=\"og:description\" content=\"Everton pokra\u010duje ve zlep\u0161en\u00fdch v\u00fdkonech a proti tr\u00e1p\u00edc\u00edmu se Arsenalu uhr\u00e1l t\u011bsn\u00e9 v\u00edt\u011bzstv\u00ed. To Karamelky posunulo na druh\u00e9 m\u00edsto ne\u00fapln\u00e9 tabulky, zat\u00edmco Kanon\u00fd\u0159i se nebezpe\u010dn\u011b p\u0159ibli\u017euj\u00ed sestupov\u00fdm p\u0159\u00ed\u010dk\u00e1m.\" \/>\n<meta property=\"og:url\" content=\"https:\/\/evertonfc.cz\/index.php\/2020\/12\/20\/everton-arsenal-21-2\/\" \/>\n<meta property=\"og:site_name\" content=\"Official Czech &amp; Slovak Everton Supporters&#039; Club\" \/>\n<meta property=\"article:publisher\" content=\"https:\/\/www.facebook.com\/everton.fans.cz.sk\" \/>\n<meta property=\"article:published_time\" content=\"2020-12-20T11:02:13+00:00\" \/>\n<meta property=\"article:modified_time\" content=\"2021-11-01T07:59:26+00:00\" \/>\n<meta property=\"og:image\" content=\"https:\/\/evertonfc.cz\/wp-content\/uploads\/2020\/12\/everton-2-1-arsenal-19-12-2020.jpg\" \/>\n\t<meta property=\"og:image:width\" content=\"720\" \/>\n\t<meta property=\"og:image:height\" content=\"405\" \/>\n\t<meta property=\"og:image:type\" content=\"image\/jpeg\" \/>\n<meta name=\"author\" content=\"Petr\" \/>\n<meta name=\"twitter:card\" content=\"summary_large_image\" \/>\n<meta name=\"twitter:label1\" content=\"Napsal(a)\" \/>\n\t<meta name=\"twitter:data1\" content=\"Petr\" \/>\n\t<meta name=\"twitter:label2\" content=\"Odhadovan\u00e1 doba \u010dten\u00ed\" \/>\n\t<meta name=\"twitter:data2\" content=\"6 minut\" \/>\n<script type=\"application\/ld+json\" class=\"yoast-schema-graph\">{\"@context\":\"https:\/\/schema.org\",\"@graph\":[{\"@type\":\"Article\",\"@id\":\"https:\/\/evertonfc.cz\/index.php\/2020\/12\/20\/everton-arsenal-21-2\/#article\",\"isPartOf\":{\"@id\":\"https:\/\/evertonfc.cz\/index.php\/2020\/12\/20\/everton-arsenal-21-2\/\"},\"author\":{\"name\":\"Petr\",\"@id\":\"https:\/\/evertonfc.cz\/#\/schema\/person\/5b54d20cd919070efc6fd6f92621fc50\"},\"headline\":\"Everton &#8211; Arsenal 2:1\",\"datePublished\":\"2020-12-20T11:02:13+00:00\",\"dateModified\":\"2021-11-01T07:59:26+00:00\",\"mainEntityOfPage\":{\"@id\":\"https:\/\/evertonfc.cz\/index.php\/2020\/12\/20\/everton-arsenal-21-2\/\"},\"wordCount\":1140,\"commentCount\":8,\"publisher\":{\"@id\":\"https:\/\/evertonfc.cz\/#organization\"},\"image\":{\"@id\":\"https:\/\/evertonfc.cz\/index.php\/2020\/12\/20\/everton-arsenal-21-2\/#primaryimage\"},\"thumbnailUrl\":\"https:\/\/evertonfc.cz\/wp-content\/uploads\/2020\/12\/everton-2-1-arsenal-19-12-2020.jpg\",\"articleSection\":[\"Z\u00e1pasy\"],\"inLanguage\":\"cs\",\"potentialAction\":[{\"@type\":\"CommentAction\",\"name\":\"Comment\",\"target\":[\"https:\/\/evertonfc.cz\/index.php\/2020\/12\/20\/everton-arsenal-21-2\/#respond\"]}]},{\"@type\":\"WebPage\",\"@id\":\"https:\/\/evertonfc.cz\/index.php\/2020\/12\/20\/everton-arsenal-21-2\/\",\"url\":\"https:\/\/evertonfc.cz\/index.php\/2020\/12\/20\/everton-arsenal-21-2\/\",\"name\":\"Everton - Arsenal 2:1 - Official Czech &amp; Slovak Everton Supporters&#039; Club\",\"isPartOf\":{\"@id\":\"https:\/\/evertonfc.cz\/#website\"},\"primaryImageOfPage\":{\"@id\":\"https:\/\/evertonfc.cz\/index.php\/2020\/12\/20\/everton-arsenal-21-2\/#primaryimage\"},\"image\":{\"@id\":\"https:\/\/evertonfc.cz\/index.php\/2020\/12\/20\/everton-arsenal-21-2\/#primaryimage\"},\"thumbnailUrl\":\"https:\/\/evertonfc.cz\/wp-content\/uploads\/2020\/12\/everton-2-1-arsenal-19-12-2020.jpg\",\"datePublished\":\"2020-12-20T11:02:13+00:00\",\"dateModified\":\"2021-11-01T07:59:26+00:00\",\"breadcrumb\":{\"@id\":\"https:\/\/evertonfc.cz\/index.php\/2020\/12\/20\/everton-arsenal-21-2\/#breadcrumb\"},\"inLanguage\":\"cs\",\"potentialAction\":[{\"@type\":\"ReadAction\",\"target\":[\"https:\/\/evertonfc.cz\/index.php\/2020\/12\/20\/everton-arsenal-21-2\/\"]}]},{\"@type\":\"ImageObject\",\"inLanguage\":\"cs\",\"@id\":\"https:\/\/evertonfc.cz\/index.php\/2020\/12\/20\/everton-arsenal-21-2\/#primaryimage\",\"url\":\"https:\/\/evertonfc.cz\/wp-content\/uploads\/2020\/12\/everton-2-1-arsenal-19-12-2020.jpg\",\"contentUrl\":\"https:\/\/evertonfc.cz\/wp-content\/uploads\/2020\/12\/everton-2-1-arsenal-19-12-2020.jpg\",\"width\":720,\"height\":405,\"caption\":\"Everton-Arsenal 2:1\"},{\"@type\":\"BreadcrumbList\",\"@id\":\"https:\/\/evertonfc.cz\/index.php\/2020\/12\/20\/everton-arsenal-21-2\/#breadcrumb\",\"itemListElement\":[{\"@type\":\"ListItem\",\"position\":1,\"name\":\"Home\",\"item\":\"https:\/\/evertonfc.cz\/\"},{\"@type\":\"ListItem\",\"position\":2,\"name\":\"Everton &#8211; Arsenal 2:1\"}]},{\"@type\":\"WebSite\",\"@id\":\"https:\/\/evertonfc.cz\/#website\",\"url\":\"https:\/\/evertonfc.cz\/\",\"name\":\"Official Czech &amp; Slovak Everton Supporters&#039; Club\",\"description\":\"\",\"publisher\":{\"@id\":\"https:\/\/evertonfc.cz\/#organization\"},\"potentialAction\":[{\"@type\":\"SearchAction\",\"target\":{\"@type\":\"EntryPoint\",\"urlTemplate\":\"https:\/\/evertonfc.cz\/?s={search_term_string}\"},\"query-input\":{\"@type\":\"PropertyValueSpecification\",\"valueRequired\":true,\"valueName\":\"search_term_string\"}}],\"inLanguage\":\"cs\"},{\"@type\":\"Organization\",\"@id\":\"https:\/\/evertonfc.cz\/#organization\",\"name\":\"Official Czech & Slovak Everton Supporters' Club\",\"url\":\"https:\/\/evertonfc.cz\/\",\"logo\":{\"@type\":\"ImageObject\",\"inLanguage\":\"cs\",\"@id\":\"https:\/\/evertonfc.cz\/#\/schema\/logo\/image\/\",\"url\":\"https:\/\/evertonfc.cz\/wp-content\/uploads\/2019\/05\/logo.png\",\"contentUrl\":\"https:\/\/evertonfc.cz\/wp-content\/uploads\/2019\/05\/logo.png\",\"width\":112,\"height\":112,\"caption\":\"Official Czech & Slovak Everton Supporters' Club\"},\"image\":{\"@id\":\"https:\/\/evertonfc.cz\/#\/schema\/logo\/image\/\"},\"sameAs\":[\"https:\/\/www.facebook.com\/everton.fans.cz.sk\"]},{\"@type\":\"Person\",\"@id\":\"https:\/\/evertonfc.cz\/#\/schema\/person\/5b54d20cd919070efc6fd6f92621fc50\",\"name\":\"Petr\",\"url\":\"https:\/\/evertonfc.cz\/index.php\/author\/petr\/\"}]}<\/script>\n<!-- \/ Yoast SEO plugin. -->","yoast_head_json":{"title":"Everton - Arsenal 2:1 - Official Czech &amp; Slovak Everton Supporters&#039; Club","robots":{"index":"index","follow":"follow","max-snippet":"max-snippet:-1","max-image-preview":"max-image-preview:large","max-video-preview":"max-video-preview:-1"},"canonical":"https:\/\/evertonfc.cz\/index.php\/2020\/12\/20\/everton-arsenal-21-2\/","og_locale":"cs_CZ","og_type":"article","og_title":"Everton - Arsenal 2:1 - Official Czech &amp; Slovak Everton Supporters&#039; Club","og_description":"Everton pokra\u010duje ve zlep\u0161en\u00fdch v\u00fdkonech a proti tr\u00e1p\u00edc\u00edmu se Arsenalu uhr\u00e1l t\u011bsn\u00e9 v\u00edt\u011bzstv\u00ed. To Karamelky posunulo na druh\u00e9 m\u00edsto ne\u00fapln\u00e9 tabulky, zat\u00edmco Kanon\u00fd\u0159i se nebezpe\u010dn\u011b p\u0159ibli\u017euj\u00ed sestupov\u00fdm p\u0159\u00ed\u010dk\u00e1m.","og_url":"https:\/\/evertonfc.cz\/index.php\/2020\/12\/20\/everton-arsenal-21-2\/","og_site_name":"Official Czech &amp; Slovak Everton Supporters&#039; Club","article_publisher":"https:\/\/www.facebook.com\/everton.fans.cz.sk","article_published_time":"2020-12-20T11:02:13+00:00","article_modified_time":"2021-11-01T07:59:26+00:00","og_image":[{"width":720,"height":405,"url":"https:\/\/evertonfc.cz\/wp-content\/uploads\/2020\/12\/everton-2-1-arsenal-19-12-2020.jpg","type":"image\/jpeg"}],"author":"Petr","twitter_card":"summary_large_image","twitter_misc":{"Napsal(a)":"Petr","Odhadovan\u00e1 doba \u010dten\u00ed":"6 minut"},"schema":{"@context":"https:\/\/schema.org","@graph":[{"@type":"Article","@id":"https:\/\/evertonfc.cz\/index.php\/2020\/12\/20\/everton-arsenal-21-2\/#article","isPartOf":{"@id":"https:\/\/evertonfc.cz\/index.php\/2020\/12\/20\/everton-arsenal-21-2\/"},"author":{"name":"Petr","@id":"https:\/\/evertonfc.cz\/#\/schema\/person\/5b54d20cd919070efc6fd6f92621fc50"},"headline":"Everton &#8211; Arsenal 2:1","datePublished":"2020-12-20T11:02:13+00:00","dateModified":"2021-11-01T07:59:26+00:00","mainEntityOfPage":{"@id":"https:\/\/evertonfc.cz\/index.php\/2020\/12\/20\/everton-arsenal-21-2\/"},"wordCount":1140,"commentCount":8,"publisher":{"@id":"https:\/\/evertonfc.cz\/#organization"},"image":{"@id":"https:\/\/evertonfc.cz\/index.php\/2020\/12\/20\/everton-arsenal-21-2\/#primaryimage"},"thumbnailUrl":"https:\/\/evertonfc.cz\/wp-content\/uploads\/2020\/12\/everton-2-1-arsenal-19-12-2020.jpg","articleSection":["Z\u00e1pasy"],"inLanguage":"cs","potentialAction":[{"@type":"CommentAction","name":"Comment","target":["https:\/\/evertonfc.cz\/index.php\/2020\/12\/20\/everton-arsenal-21-2\/#respond"]}]},{"@type":"WebPage","@id":"https:\/\/evertonfc.cz\/index.php\/2020\/12\/20\/everton-arsenal-21-2\/","url":"https:\/\/evertonfc.cz\/index.php\/2020\/12\/20\/everton-arsenal-21-2\/","name":"Everton - Arsenal 2:1 - Official Czech &amp; Slovak Everton Supporters&#039; Club","isPartOf":{"@id":"https:\/\/evertonfc.cz\/#website"},"primaryImageOfPage":{"@id":"https:\/\/evertonfc.cz\/index.php\/2020\/12\/20\/everton-arsenal-21-2\/#primaryimage"},"image":{"@id":"https:\/\/evertonfc.cz\/index.php\/2020\/12\/20\/everton-arsenal-21-2\/#primaryimage"},"thumbnailUrl":"https:\/\/evertonfc.cz\/wp-content\/uploads\/2020\/12\/everton-2-1-arsenal-19-12-2020.jpg","datePublished":"2020-12-20T11:02:13+00:00","dateModified":"2021-11-01T07:59:26+00:00","breadcrumb":{"@id":"https:\/\/evertonfc.cz\/index.php\/2020\/12\/20\/everton-arsenal-21-2\/#breadcrumb"},"inLanguage":"cs","potentialAction":[{"@type":"ReadAction","target":["https:\/\/evertonfc.cz\/index.php\/2020\/12\/20\/everton-arsenal-21-2\/"]}]},{"@type":"ImageObject","inLanguage":"cs","@id":"https:\/\/evertonfc.cz\/index.php\/2020\/12\/20\/everton-arsenal-21-2\/#primaryimage","url":"https:\/\/evertonfc.cz\/wp-content\/uploads\/2020\/12\/everton-2-1-arsenal-19-12-2020.jpg","contentUrl":"https:\/\/evertonfc.cz\/wp-content\/uploads\/2020\/12\/everton-2-1-arsenal-19-12-2020.jpg","width":720,"height":405,"caption":"Everton-Arsenal 2:1"},{"@type":"BreadcrumbList","@id":"https:\/\/evertonfc.cz\/index.php\/2020\/12\/20\/everton-arsenal-21-2\/#breadcrumb","itemListElement":[{"@type":"ListItem","position":1,"name":"Home","item":"https:\/\/evertonfc.cz\/"},{"@type":"ListItem","position":2,"name":"Everton &#8211; Arsenal 2:1"}]},{"@type":"WebSite","@id":"https:\/\/evertonfc.cz\/#website","url":"https:\/\/evertonfc.cz\/","name":"Official Czech &amp; Slovak Everton Supporters&#039; Club","description":"","publisher":{"@id":"https:\/\/evertonfc.cz\/#organization"},"potentialAction":[{"@type":"SearchAction","target":{"@type":"EntryPoint","urlTemplate":"https:\/\/evertonfc.cz\/?s={search_term_string}"},"query-input":{"@type":"PropertyValueSpecification","valueRequired":true,"valueName":"search_term_string"}}],"inLanguage":"cs"},{"@type":"Organization","@id":"https:\/\/evertonfc.cz\/#organization","name":"Official Czech & Slovak Everton Supporters' Club","url":"https:\/\/evertonfc.cz\/","logo":{"@type":"ImageObject","inLanguage":"cs","@id":"https:\/\/evertonfc.cz\/#\/schema\/logo\/image\/","url":"https:\/\/evertonfc.cz\/wp-content\/uploads\/2019\/05\/logo.png","contentUrl":"https:\/\/evertonfc.cz\/wp-content\/uploads\/2019\/05\/logo.png","width":112,"height":112,"caption":"Official Czech & Slovak Everton Supporters' Club"},"image":{"@id":"https:\/\/evertonfc.cz\/#\/schema\/logo\/image\/"},"sameAs":["https:\/\/www.facebook.com\/everton.fans.cz.sk"]},{"@type":"Person","@id":"https:\/\/evertonfc.cz\/#\/schema\/person\/5b54d20cd919070efc6fd6f92621fc50","name":"Petr","url":"https:\/\/evertonfc.cz\/index.php\/author\/petr\/"}]}},"_links":{"self":[{"href":"https:\/\/evertonfc.cz\/index.php\/wp-json\/wp\/v2\/posts\/13253"}],"collection":[{"href":"https:\/\/evertonfc.cz\/index.php\/wp-json\/wp\/v2\/posts"}],"about":[{"href":"https:\/\/evertonfc.cz\/index.php\/wp-json\/wp\/v2\/types\/post"}],"author":[{"embeddable":true,"href":"https:\/\/evertonfc.cz\/index.php\/wp-json\/wp\/v2\/users\/562"}],"replies":[{"embeddable":true,"href":"https:\/\/evertonfc.cz\/index.php\/wp-json\/wp\/v2\/comments?post=13253"}],"version-history":[{"count":16,"href":"https:\/\/evertonfc.cz\/index.php\/wp-json\/wp\/v2\/posts\/13253\/revisions"}],"predecessor-version":[{"id":16852,"href":"https:\/\/evertonfc.cz\/index.php\/wp-json\/wp\/v2\/posts\/13253\/revisions\/16852"}],"wp:featuredmedia":[{"embeddable":true,"href":"https:\/\/evertonfc.cz\/index.php\/wp-json\/wp\/v2\/media\/13255"}],"wp:attachment":[{"href":"https:\/\/evertonfc.cz\/index.php\/wp-json\/wp\/v2\/media?parent=13253"}],"wp:term":[{"taxonomy":"category","embeddable":true,"href":"https:\/\/evertonfc.cz\/index.php\/wp-json\/wp\/v2\/categories?post=13253"},{"taxonomy":"post_tag","embeddable":true,"href":"https:\/\/evertonfc.cz\/index.php\/wp-json\/wp\/v2\/tags?post=13253"}],"curies":[{"name":"wp","href":"https:\/\/api.w.org\/{rel}","templated":true}]}}