{"id":13305,"date":"2020-12-23T10:26:02","date_gmt":"2020-12-23T09:26:02","guid":{"rendered":"https:\/\/evertonfc.cz\/?p=13305"},"modified":"2021-02-13T10:25:37","modified_gmt":"2021-02-13T09:25:37","slug":"preview-everton-manchester-united-13","status":"publish","type":"post","link":"https:\/\/evertonfc.cz\/index.php\/2020\/12\/23\/preview-everton-manchester-united-13\/","title":{"rendered":"LC Preview: Everton &#8211; Manchester United"},"content":{"rendered":"<h4>Posledn\u00ed \u010dtvrtfin\u00e1le Ligov\u00e9ho poh\u00e1ru p\u0159in\u00e1\u0161\u00ed st\u0159et ligov\u00fdch tabulkov\u00fdch soused\u016f &#8211; a t\u00fdm\u016f, kter\u00e9 jsou ve form\u011b.<\/h4>\n<p>Je to tak &#8211; v Goodison Parku dnes ve\u010der uvid\u00edme z\u00e1pas t\u0159et\u00edho na h\u0159i\u0161ti \u010dtvrt\u00e9ho. Oba t\u00fdmy maj\u00ed 26 bod\u016f, p\u0159i\u010dem\u017e host\u00e9 maj\u00ed odehr\u00e1no o jeden \u0161p\u00edl m\u00e9n\u011b &#8211; term\u00edn dohr\u00e1vky na h\u0159i\u0161ti Burnley je\u0161t\u011b nen\u00ed zn\u00e1m. A mnou zmi\u0148ovan\u00e1 forma je nasnad\u011b &#8211; Everton po p\u0159ekvapiv\u00e9 proh\u0159e doma s Leedsem uhr\u00e1l v posledn\u00edch \u010dty\u0159ech z\u00e1pasech 10 bod\u016f, konkr\u00e9tn\u011b za rem\u00edzu v Burnley a zaknihoval v\u00fdhry nad Leicesterem, Arsenalem a Chelsea. Forma Manchesteru United? 4 v\u00fdhry z posledn\u00edch p\u011bti ligov\u00fdch z\u00e1pas\u016f a rem\u00edza v derby = moc p\u011bkn\u00fdch 13 bod\u016f z 15 mo\u017en\u00fdch. Dnes ve\u010der je na co se t\u011b\u0161it &#8211; a to plat\u00ed i pro neutr\u00e1ly.<\/p>\n<p>Ligov\u00fd poh\u00e1r v t\u00e9hle sez\u00f3n\u011b je hr\u00e1n zvl\u00e1\u0161tn\u00edm zp\u016fsobem, skoro v\u0161e bylo odehr\u00e1no v z\u00e1\u0159\u00ed, semifin\u00e1le se hraje na za\u010d\u00e1tku ledna a fin\u00e1le bylo posunuto a\u017e na posledn\u00ed dubnovou ned\u011bli. Nav\u00edc oproti minul\u00e9 sez\u00f3n\u011b bylo semifin\u00e1le zkr\u00e1ceno na jeden z\u00e1pas, tak\u017ee, jak prav\u00ed klasik, chce to nacvi\u010dit los. A j\u00e1 osobn\u011b u\u017e m\u00e1m p\u0159\u00edpadn\u00e9ho soupe\u0159e v dal\u0161\u00edm kole vybran\u00e9ho.<\/p>\n<p>Co stoj\u00ed za v\u00fdsledkov\u00fdm a tabulkov\u00fdm vzestupem Evertonu? Nepochybn\u011b prim\u00e1rn\u011b v\u00fdrazn\u011b zlep\u0161en\u00e1 obrann\u00e1 hra. Ji\u017e n\u011bjakou dobu zran\u011bn\u00e9 l\u00fdtko nepou\u0161t\u00ed do hry Jamese Rodr\u00edgueze, t\u00fdm tak trochu postr\u00e1d\u00e1 invenci v \u00fato\u010dn\u00e9 f\u00e1zi hry. Ale jeho n\u00e1hrada Sigurdsson je mnohem ochotn\u011bj\u0161\u00ed br\u00e1nit, ob\u010das vymysl\u00ed p\u011bknou p\u0159ihr\u00e1vku \u010di ze standardky p\u0159ihraje na g\u00f3l &#8211; a ono to funguje. Samoz\u0159ejm\u011b t\u00fdmu prosp\u00edv\u00e1, \u017ee Pickford omezil sv\u00e9 zkraty na minimum a ponechal si naopak ob\u010dasn\u00e9 z\u00e1zra\u010dn\u00e9 \u010dapnut\u00ed. T\u00e9\u017e to vypad\u00e1, \u017ee dvojice Godfrey a Mina se ji\u017e kone\u010dn\u011b adaptovala, pri\u010dem\u017e kolumbijsk\u00fd stoper m\u00e1 r\u00e1d st\u0159\u00edlen\u00ed branek v 45. minut\u011b &#8211; vs\u00edtil v n\u00ed zat\u00edm v\u0161echny sv\u00e9 branky za Everton.<\/p>\n<p>Kolumbijsk\u00fd z\u00e1lo\u017en\u00edk st\u00e1le nen\u00ed k dispozici, ale m\u011bl by b\u00fdt brzy, snad ji\u017e v sobotu proti Sheffieldu United, v hor\u0161\u00edm p\u0159\u00edpad\u011b v pond\u011bl\u00ed proti Manchesteru City. Zat\u00edm tr\u00e9nuje s\u00e1m. Chyb\u011bt bude i trojice Allan-Delph-Digne. O francouzsk\u00e9ho obr\u00e1nce m\u00e1 z\u00e1jem Manchester City, Everton zah\u00e1jil vyjedn\u00e1v\u00e1n\u00ed s n\u00edm o nov\u00e9 smlouv\u011b. Host\u00e9 nem\u016f\u017eou po\u010d\u00edtat pro dne\u0161n\u00ed ve\u010der se slu\u017ebami Aarona Wan-Bissaky a Scotta McTominaye, stejn\u011b jako Phila Jonese a Marcose Roja. Mana\u017eer Solskj\u00e6r se netaj\u00ed t\u00edm, \u017ee k\u00e1dr proto\u010d\u00ed a \u0161anci tak dostanou n\u00e1hradn\u00edci.<\/p>\n<p>P. S. V sobotu rem\u00edzka, Ole, jo?<\/p>\n<p><strong>Co:\u00a0<\/strong>Everton FC &#8211; Manchester United FC, \u010dtvrtfin\u00e1le Ligov\u00e9ho poh\u00e1ru<br \/>\n<strong>Kdy:\u00a0<\/strong>23. 12. 2020 od 21:00<br \/>\n<strong>Kde:\u00a0<\/strong>Goodison Park<br \/>\n<strong>TV:\u00a0<\/strong>P\u0159\u00edm\u00fd p\u0159enos na stanici Nova sport 1<br \/>\n<strong>Rozhod\u010d\u00ed:\u00a0<\/strong>Andy Madley &#8211; Edward Smart, Adrian Holmes\u00a0<strong>\u010ctvrt\u00fd rozhod\u010d\u00ed:\u00a0<\/strong>Andre Marriner<\/p>\n","protected":false},"excerpt":{"rendered":"<p>Posledn\u00ed \u010dtvrtfin\u00e1le Ligov\u00e9ho poh\u00e1ru p\u0159in\u00e1\u0161\u00ed st\u0159et ligov\u00fdch tabulkov\u00fdch soused\u016f &#8211; a t\u00fdm\u016f, kter\u00e9 jsou ve form\u011b.<\/p>\n","protected":false},"author":12,"featured_media":13299,"comment_status":"open","ping_status":"closed","sticky":false,"template":"","format":"standard","meta":{"_eb_attr":"","_monsterinsights_skip_tracking":false,"_monsterinsights_sitenote_active":false,"_monsterinsights_sitenote_note":"","_monsterinsights_sitenote_category":0,"footnotes":""},"categories":[4],"tags":[],"yoast_head":"<!-- This site is optimized with the Yoast SEO plugin v23.4 - https:\/\/yoast.com\/wordpress\/plugins\/seo\/ -->\n<title>LC Preview: Everton - Manchester United - Official Czech &amp; Slovak Everton Supporters&#039; Club<\/title>\n<meta name=\"robots\" content=\"index, follow, max-snippet:-1, max-image-preview:large, max-video-preview:-1\" \/>\n<link rel=\"canonical\" href=\"https:\/\/evertonfc.cz\/index.php\/2020\/12\/23\/preview-everton-manchester-united-13\/\" \/>\n<meta property=\"og:locale\" content=\"cs_CZ\" \/>\n<meta property=\"og:type\" content=\"article\" \/>\n<meta property=\"og:title\" content=\"LC Preview: Everton - Manchester United - Official Czech &amp; Slovak Everton Supporters&#039; Club\" \/>\n<meta property=\"og:description\" content=\"Posledn\u00ed \u010dtvrtfin\u00e1le Ligov\u00e9ho poh\u00e1ru p\u0159in\u00e1\u0161\u00ed st\u0159et ligov\u00fdch tabulkov\u00fdch soused\u016f - a t\u00fdm\u016f, kter\u00e9 jsou ve form\u011b.\" \/>\n<meta property=\"og:url\" content=\"https:\/\/evertonfc.cz\/index.php\/2020\/12\/23\/preview-everton-manchester-united-13\/\" \/>\n<meta property=\"og:site_name\" content=\"Official Czech &amp; Slovak Everton Supporters&#039; Club\" \/>\n<meta property=\"article:publisher\" content=\"https:\/\/www.facebook.com\/everton.fans.cz.sk\" \/>\n<meta property=\"article:published_time\" content=\"2020-12-23T09:26:02+00:00\" \/>\n<meta property=\"article:modified_time\" content=\"2021-02-13T09:25:37+00:00\" \/>\n<meta property=\"og:image\" content=\"https:\/\/evertonfc.cz\/wp-content\/uploads\/2020\/12\/Everton-LC-Manchester-United-23-12-2020.jpg\" \/>\n\t<meta property=\"og:image:width\" content=\"720\" \/>\n\t<meta property=\"og:image:height\" content=\"405\" \/>\n\t<meta property=\"og:image:type\" content=\"image\/jpeg\" \/>\n<meta name=\"author\" content=\"Javor\" \/>\n<meta name=\"twitter:card\" content=\"summary_large_image\" \/>\n<meta name=\"twitter:creator\" content=\"@LoudinJan\" \/>\n<meta name=\"twitter:label1\" content=\"Napsal(a)\" \/>\n\t<meta name=\"twitter:data1\" content=\"Javor\" \/>\n\t<meta name=\"twitter:label2\" content=\"Odhadovan\u00e1 doba \u010dten\u00ed\" \/>\n\t<meta name=\"twitter:data2\" content=\"3 minuty\" \/>\n<script type=\"application\/ld+json\" class=\"yoast-schema-graph\">{\"@context\":\"https:\/\/schema.org\",\"@graph\":[{\"@type\":\"Article\",\"@id\":\"https:\/\/evertonfc.cz\/index.php\/2020\/12\/23\/preview-everton-manchester-united-13\/#article\",\"isPartOf\":{\"@id\":\"https:\/\/evertonfc.cz\/index.php\/2020\/12\/23\/preview-everton-manchester-united-13\/\"},\"author\":{\"name\":\"Javor\",\"@id\":\"https:\/\/evertonfc.cz\/#\/schema\/person\/b30daf6a5852f4811f8207a17ec1bf78\"},\"headline\":\"LC Preview: Everton &#8211; Manchester United\",\"datePublished\":\"2020-12-23T09:26:02+00:00\",\"dateModified\":\"2021-02-13T09:25:37+00:00\",\"mainEntityOfPage\":{\"@id\":\"https:\/\/evertonfc.cz\/index.php\/2020\/12\/23\/preview-everton-manchester-united-13\/\"},\"wordCount\":560,\"commentCount\":14,\"publisher\":{\"@id\":\"https:\/\/evertonfc.cz\/#organization\"},\"image\":{\"@id\":\"https:\/\/evertonfc.cz\/index.php\/2020\/12\/23\/preview-everton-manchester-united-13\/#primaryimage\"},\"thumbnailUrl\":\"https:\/\/evertonfc.cz\/wp-content\/uploads\/2020\/12\/Everton-LC-Manchester-United-23-12-2020.jpg\",\"articleSection\":[\"Z\u00e1pasy\"],\"inLanguage\":\"cs\",\"potentialAction\":[{\"@type\":\"CommentAction\",\"name\":\"Comment\",\"target\":[\"https:\/\/evertonfc.cz\/index.php\/2020\/12\/23\/preview-everton-manchester-united-13\/#respond\"]}]},{\"@type\":\"WebPage\",\"@id\":\"https:\/\/evertonfc.cz\/index.php\/2020\/12\/23\/preview-everton-manchester-united-13\/\",\"url\":\"https:\/\/evertonfc.cz\/index.php\/2020\/12\/23\/preview-everton-manchester-united-13\/\",\"name\":\"LC Preview: Everton - Manchester United - Official Czech &amp; Slovak Everton Supporters&#039; Club\",\"isPartOf\":{\"@id\":\"https:\/\/evertonfc.cz\/#website\"},\"primaryImageOfPage\":{\"@id\":\"https:\/\/evertonfc.cz\/index.php\/2020\/12\/23\/preview-everton-manchester-united-13\/#primaryimage\"},\"image\":{\"@id\":\"https:\/\/evertonfc.cz\/index.php\/2020\/12\/23\/preview-everton-manchester-united-13\/#primaryimage\"},\"thumbnailUrl\":\"https:\/\/evertonfc.cz\/wp-content\/uploads\/2020\/12\/Everton-LC-Manchester-United-23-12-2020.jpg\",\"datePublished\":\"2020-12-23T09:26:02+00:00\",\"dateModified\":\"2021-02-13T09:25:37+00:00\",\"breadcrumb\":{\"@id\":\"https:\/\/evertonfc.cz\/index.php\/2020\/12\/23\/preview-everton-manchester-united-13\/#breadcrumb\"},\"inLanguage\":\"cs\",\"potentialAction\":[{\"@type\":\"ReadAction\",\"target\":[\"https:\/\/evertonfc.cz\/index.php\/2020\/12\/23\/preview-everton-manchester-united-13\/\"]}]},{\"@type\":\"ImageObject\",\"inLanguage\":\"cs\",\"@id\":\"https:\/\/evertonfc.cz\/index.php\/2020\/12\/23\/preview-everton-manchester-united-13\/#primaryimage\",\"url\":\"https:\/\/evertonfc.cz\/wp-content\/uploads\/2020\/12\/Everton-LC-Manchester-United-23-12-2020.jpg\",\"contentUrl\":\"https:\/\/evertonfc.cz\/wp-content\/uploads\/2020\/12\/Everton-LC-Manchester-United-23-12-2020.jpg\",\"width\":720,\"height\":405},{\"@type\":\"BreadcrumbList\",\"@id\":\"https:\/\/evertonfc.cz\/index.php\/2020\/12\/23\/preview-everton-manchester-united-13\/#breadcrumb\",\"itemListElement\":[{\"@type\":\"ListItem\",\"position\":1,\"name\":\"Home\",\"item\":\"https:\/\/evertonfc.cz\/\"},{\"@type\":\"ListItem\",\"position\":2,\"name\":\"LC Preview: Everton &#8211; Manchester United\"}]},{\"@type\":\"WebSite\",\"@id\":\"https:\/\/evertonfc.cz\/#website\",\"url\":\"https:\/\/evertonfc.cz\/\",\"name\":\"Official Czech &amp; Slovak Everton Supporters&#039; Club\",\"description\":\"\",\"publisher\":{\"@id\":\"https:\/\/evertonfc.cz\/#organization\"},\"potentialAction\":[{\"@type\":\"SearchAction\",\"target\":{\"@type\":\"EntryPoint\",\"urlTemplate\":\"https:\/\/evertonfc.cz\/?s={search_term_string}\"},\"query-input\":{\"@type\":\"PropertyValueSpecification\",\"valueRequired\":true,\"valueName\":\"search_term_string\"}}],\"inLanguage\":\"cs\"},{\"@type\":\"Organization\",\"@id\":\"https:\/\/evertonfc.cz\/#organization\",\"name\":\"Official Czech & Slovak Everton Supporters' Club\",\"url\":\"https:\/\/evertonfc.cz\/\",\"logo\":{\"@type\":\"ImageObject\",\"inLanguage\":\"cs\",\"@id\":\"https:\/\/evertonfc.cz\/#\/schema\/logo\/image\/\",\"url\":\"https:\/\/evertonfc.cz\/wp-content\/uploads\/2019\/05\/logo.png\",\"contentUrl\":\"https:\/\/evertonfc.cz\/wp-content\/uploads\/2019\/05\/logo.png\",\"width\":112,\"height\":112,\"caption\":\"Official Czech & Slovak Everton Supporters' Club\"},\"image\":{\"@id\":\"https:\/\/evertonfc.cz\/#\/schema\/logo\/image\/\"},\"sameAs\":[\"https:\/\/www.facebook.com\/everton.fans.cz.sk\"]},{\"@type\":\"Person\",\"@id\":\"https:\/\/evertonfc.cz\/#\/schema\/person\/b30daf6a5852f4811f8207a17ec1bf78\",\"name\":\"Javor\",\"sameAs\":[\"https:\/\/x.com\/LoudinJan\"],\"url\":\"https:\/\/evertonfc.cz\/index.php\/author\/javor\/\"}]}<\/script>\n<!-- \/ Yoast SEO plugin. -->","yoast_head_json":{"title":"LC Preview: Everton - Manchester United - Official Czech &amp; Slovak Everton Supporters&#039; Club","robots":{"index":"index","follow":"follow","max-snippet":"max-snippet:-1","max-image-preview":"max-image-preview:large","max-video-preview":"max-video-preview:-1"},"canonical":"https:\/\/evertonfc.cz\/index.php\/2020\/12\/23\/preview-everton-manchester-united-13\/","og_locale":"cs_CZ","og_type":"article","og_title":"LC Preview: Everton - Manchester United - Official Czech &amp; Slovak Everton Supporters&#039; Club","og_description":"Posledn\u00ed \u010dtvrtfin\u00e1le Ligov\u00e9ho poh\u00e1ru p\u0159in\u00e1\u0161\u00ed st\u0159et ligov\u00fdch tabulkov\u00fdch soused\u016f - a t\u00fdm\u016f, kter\u00e9 jsou ve form\u011b.","og_url":"https:\/\/evertonfc.cz\/index.php\/2020\/12\/23\/preview-everton-manchester-united-13\/","og_site_name":"Official Czech &amp; Slovak Everton Supporters&#039; Club","article_publisher":"https:\/\/www.facebook.com\/everton.fans.cz.sk","article_published_time":"2020-12-23T09:26:02+00:00","article_modified_time":"2021-02-13T09:25:37+00:00","og_image":[{"width":720,"height":405,"url":"https:\/\/evertonfc.cz\/wp-content\/uploads\/2020\/12\/Everton-LC-Manchester-United-23-12-2020.jpg","type":"image\/jpeg"}],"author":"Javor","twitter_card":"summary_large_image","twitter_creator":"@LoudinJan","twitter_misc":{"Napsal(a)":"Javor","Odhadovan\u00e1 doba \u010dten\u00ed":"3 minuty"},"schema":{"@context":"https:\/\/schema.org","@graph":[{"@type":"Article","@id":"https:\/\/evertonfc.cz\/index.php\/2020\/12\/23\/preview-everton-manchester-united-13\/#article","isPartOf":{"@id":"https:\/\/evertonfc.cz\/index.php\/2020\/12\/23\/preview-everton-manchester-united-13\/"},"author":{"name":"Javor","@id":"https:\/\/evertonfc.cz\/#\/schema\/person\/b30daf6a5852f4811f8207a17ec1bf78"},"headline":"LC Preview: Everton &#8211; Manchester United","datePublished":"2020-12-23T09:26:02+00:00","dateModified":"2021-02-13T09:25:37+00:00","mainEntityOfPage":{"@id":"https:\/\/evertonfc.cz\/index.php\/2020\/12\/23\/preview-everton-manchester-united-13\/"},"wordCount":560,"commentCount":14,"publisher":{"@id":"https:\/\/evertonfc.cz\/#organization"},"image":{"@id":"https:\/\/evertonfc.cz\/index.php\/2020\/12\/23\/preview-everton-manchester-united-13\/#primaryimage"},"thumbnailUrl":"https:\/\/evertonfc.cz\/wp-content\/uploads\/2020\/12\/Everton-LC-Manchester-United-23-12-2020.jpg","articleSection":["Z\u00e1pasy"],"inLanguage":"cs","potentialAction":[{"@type":"CommentAction","name":"Comment","target":["https:\/\/evertonfc.cz\/index.php\/2020\/12\/23\/preview-everton-manchester-united-13\/#respond"]}]},{"@type":"WebPage","@id":"https:\/\/evertonfc.cz\/index.php\/2020\/12\/23\/preview-everton-manchester-united-13\/","url":"https:\/\/evertonfc.cz\/index.php\/2020\/12\/23\/preview-everton-manchester-united-13\/","name":"LC Preview: Everton - Manchester United - Official Czech &amp; Slovak Everton Supporters&#039; Club","isPartOf":{"@id":"https:\/\/evertonfc.cz\/#website"},"primaryImageOfPage":{"@id":"https:\/\/evertonfc.cz\/index.php\/2020\/12\/23\/preview-everton-manchester-united-13\/#primaryimage"},"image":{"@id":"https:\/\/evertonfc.cz\/index.php\/2020\/12\/23\/preview-everton-manchester-united-13\/#primaryimage"},"thumbnailUrl":"https:\/\/evertonfc.cz\/wp-content\/uploads\/2020\/12\/Everton-LC-Manchester-United-23-12-2020.jpg","datePublished":"2020-12-23T09:26:02+00:00","dateModified":"2021-02-13T09:25:37+00:00","breadcrumb":{"@id":"https:\/\/evertonfc.cz\/index.php\/2020\/12\/23\/preview-everton-manchester-united-13\/#breadcrumb"},"inLanguage":"cs","potentialAction":[{"@type":"ReadAction","target":["https:\/\/evertonfc.cz\/index.php\/2020\/12\/23\/preview-everton-manchester-united-13\/"]}]},{"@type":"ImageObject","inLanguage":"cs","@id":"https:\/\/evertonfc.cz\/index.php\/2020\/12\/23\/preview-everton-manchester-united-13\/#primaryimage","url":"https:\/\/evertonfc.cz\/wp-content\/uploads\/2020\/12\/Everton-LC-Manchester-United-23-12-2020.jpg","contentUrl":"https:\/\/evertonfc.cz\/wp-content\/uploads\/2020\/12\/Everton-LC-Manchester-United-23-12-2020.jpg","width":720,"height":405},{"@type":"BreadcrumbList","@id":"https:\/\/evertonfc.cz\/index.php\/2020\/12\/23\/preview-everton-manchester-united-13\/#breadcrumb","itemListElement":[{"@type":"ListItem","position":1,"name":"Home","item":"https:\/\/evertonfc.cz\/"},{"@type":"ListItem","position":2,"name":"LC Preview: Everton &#8211; Manchester United"}]},{"@type":"WebSite","@id":"https:\/\/evertonfc.cz\/#website","url":"https:\/\/evertonfc.cz\/","name":"Official Czech &amp; Slovak Everton Supporters&#039; Club","description":"","publisher":{"@id":"https:\/\/evertonfc.cz\/#organization"},"potentialAction":[{"@type":"SearchAction","target":{"@type":"EntryPoint","urlTemplate":"https:\/\/evertonfc.cz\/?s={search_term_string}"},"query-input":{"@type":"PropertyValueSpecification","valueRequired":true,"valueName":"search_term_string"}}],"inLanguage":"cs"},{"@type":"Organization","@id":"https:\/\/evertonfc.cz\/#organization","name":"Official Czech & Slovak Everton Supporters' Club","url":"https:\/\/evertonfc.cz\/","logo":{"@type":"ImageObject","inLanguage":"cs","@id":"https:\/\/evertonfc.cz\/#\/schema\/logo\/image\/","url":"https:\/\/evertonfc.cz\/wp-content\/uploads\/2019\/05\/logo.png","contentUrl":"https:\/\/evertonfc.cz\/wp-content\/uploads\/2019\/05\/logo.png","width":112,"height":112,"caption":"Official Czech & Slovak Everton Supporters' Club"},"image":{"@id":"https:\/\/evertonfc.cz\/#\/schema\/logo\/image\/"},"sameAs":["https:\/\/www.facebook.com\/everton.fans.cz.sk"]},{"@type":"Person","@id":"https:\/\/evertonfc.cz\/#\/schema\/person\/b30daf6a5852f4811f8207a17ec1bf78","name":"Javor","sameAs":["https:\/\/x.com\/LoudinJan"],"url":"https:\/\/evertonfc.cz\/index.php\/author\/javor\/"}]}},"_links":{"self":[{"href":"https:\/\/evertonfc.cz\/index.php\/wp-json\/wp\/v2\/posts\/13305"}],"collection":[{"href":"https:\/\/evertonfc.cz\/index.php\/wp-json\/wp\/v2\/posts"}],"about":[{"href":"https:\/\/evertonfc.cz\/index.php\/wp-json\/wp\/v2\/types\/post"}],"author":[{"embeddable":true,"href":"https:\/\/evertonfc.cz\/index.php\/wp-json\/wp\/v2\/users\/12"}],"replies":[{"embeddable":true,"href":"https:\/\/evertonfc.cz\/index.php\/wp-json\/wp\/v2\/comments?post=13305"}],"version-history":[{"count":4,"href":"https:\/\/evertonfc.cz\/index.php\/wp-json\/wp\/v2\/posts\/13305\/revisions"}],"predecessor-version":[{"id":14109,"href":"https:\/\/evertonfc.cz\/index.php\/wp-json\/wp\/v2\/posts\/13305\/revisions\/14109"}],"wp:featuredmedia":[{"embeddable":true,"href":"https:\/\/evertonfc.cz\/index.php\/wp-json\/wp\/v2\/media\/13299"}],"wp:attachment":[{"href":"https:\/\/evertonfc.cz\/index.php\/wp-json\/wp\/v2\/media?parent=13305"}],"wp:term":[{"taxonomy":"category","embeddable":true,"href":"https:\/\/evertonfc.cz\/index.php\/wp-json\/wp\/v2\/categories?post=13305"},{"taxonomy":"post_tag","embeddable":true,"href":"https:\/\/evertonfc.cz\/index.php\/wp-json\/wp\/v2\/tags?post=13305"}],"curies":[{"name":"wp","href":"https:\/\/api.w.org\/{rel}","templated":true}]}}