{"id":13310,"date":"2020-12-24T15:44:53","date_gmt":"2020-12-24T14:44:53","guid":{"rendered":"https:\/\/evertonfc.cz\/?p=13310"},"modified":"2020-12-26T13:26:33","modified_gmt":"2020-12-26T12:26:33","slug":"everton-manchester-united-02-2","status":"publish","type":"post","link":"https:\/\/evertonfc.cz\/index.php\/2020\/12\/24\/everton-manchester-united-02-2\/","title":{"rendered":"Everton \u2013 Manchester United 0:2"},"content":{"rendered":"<h4>Frustruj\u00faci v\u00fdkon, pln\u00fd nes\u00fastredenia, laxnosti s lep\u0161\u00edm s\u00faperom, n\u00e1s vyprevadil z poh\u00e1rovej s\u00fa\u0165a\u017ee, ktor\u00fa sme nikdy nevyhrali. A Ligov\u00fd poh\u00e1r sa hr\u00e1 od sez\u00f3ny 1960\/61.<\/h4>\n<p>U\u017e ke\u010f Ancelottimu na strieda\u010dke vypad\u00e1va \u017euva\u010dka z \u00fast, viete, \u017ee nie\u010do nie je s kostoln\u00fdm poriadkom. Preto som aj uva\u017eoval, \u010di nasadi\u0165 tvrd\u00fa cenz\u00faru na webe a nekazi\u0165 si t\u00fdm Vianoce, no redaktorsk\u00fd in\u0161tinkt zv\u00ed\u0165azil. Aspo\u0148 \u010diasto\u010dne, lebo rozpitv\u00e1va\u0165 zl\u00fd v\u00fdkon The Toffees je to posledn\u00e9, \u010do chcem na \u0160tedr\u00fd de\u0148 robi\u0165, po\u0165a\u017emo ak som cel\u00fd de\u0148 hladn\u00fd. Pod strom\u010dek sme teda postup nedostali&#8230;<\/p>\n<p>Everton nast\u00fapil s tromi obmenami v zostave. V br\u00e1ne Olsen, pred n\u00edm napravo Coleman a v z\u00e1lohe Gomes. United naopak zvolili a\u017e dev\u00e4\u0165 zmien, no obraz hry ukazoval zrkadlovo. Prv\u00fa polhodinu sme vyzerali ako po\u010das letnej pr\u00edpravy, neschopn\u00ed posklada\u0165 kombin\u00e1ciu \u010d\u00edtaj\u00fac aspo\u0148 tri presn\u00e9 prihr\u00e1vky.<\/p>\n<p>Manchester bol pre zmenu \u017eiv\u00fd, neb\u00e1l sa hra\u0165 na jeden dotyk, a u\u017e v\u00f4bec si nerobil \u0165a\u017ek\u00fa hlavu z chor\u00e1lov<em> \u201eOh Manchester is full of shit\u201c<\/em>. Ve\u013emi \u013eahko sa mohol uja\u0165 viacg\u00f3lov\u00e9ho vedenia, len\u017ee zbyto\u010dn\u00e9 finti\u010dky a pon\u00fakanie lep\u0161\u00edch pr\u00edle\u017eitost\u00ed spoluhr\u00e1\u010dom sa ob\u010das nevypl\u00e1ca. Aj preto bol stav a\u017e do z\u00e1veru stretnutia 0:0.<\/p>\n<p>Hodnotenia hr\u00e1\u010dov si nech\u00e1m na zajtra, nechcem by\u0165 pr\u00edli\u0161 zl\u00fd (&#8230;mhmm, c\u00edtim rybu!), ale pochvalu si ve\u013ea z nich nezasl\u00fa\u017ei. Na\u0161e \u0161ance a nen\u00e1dejn\u00e9 akcie m\u00f4\u017eete n\u00e1js\u0165 v zostrihoch, ku ktor\u00fdm priklad\u00e1m aj link na cel\u00fd z\u00e1pas. Pozor, kv\u00f4li autorsk\u00fdm pr\u00e1vam bude jeho funk\u010dnos\u0165 len do\u010dasn\u00e1, tak\u017ee kto zme\u0161kal, nech sa pon\u00e1h\u013ea.<\/p>\n<p>S\u00faper n\u00e1m zlomil v\u00e4z a\u017e dve min\u00faty pred koncom riadneho hracieho \u010dasu. Martial prihral kolmo Cavanimu a ten \u00faplne jednoducho, bez z\u00e1sahu prihliadaj\u00facich obrancov, vystrelil \u013eava\u010dkou z hranice ve\u013ek\u00e9ho v\u00e1pna a rozvlnil Olsenovu sie\u0165 \u2013 0:1. Ak\u00e9 jednoduch\u00e9, povedal by nejeden a pri jednom ani neostalo.<\/p>\n<p>Pri snahe vyrovna\u0165 vrhli modr\u00ed v\u0161etko dopredu, tak\u017ee sa nevyhnutne zrodili \u00faniky United, z ktor\u00fdch jeden znamenal kone\u010dn\u00fd verdikt 0:2 \u2013 Tosun stratil loptu po pokazenej prihr\u00e1vke na \u0161es\u0165 metrov a Rashford s Martialom si dali rady s rezignovanou obranou. To u\u017e bolo aj celkom tr\u00e1pne, tak\u017ee si u\u017eime Vianoce priatelia. V sobotu n\u00e1s \u010dak\u00e1 posledn\u00fd Sheffield a to zav\u00e1\u0148a <del>kapustnicou<\/del> nevyhnutn\u00fdm stroskotan\u00edm.<\/p>\n<h4>\u0160tatistick\u00e9 okienko:<\/h4>\n<ul>\n<li>Everton v druhom pol\u010dase nedok\u00e1zal zaregistrova\u0165 ani jednu strelu na br\u00e1nu, ke\u010f si Gylfi Sigurdsson prip\u00edsal 42 percent v\u0161etk\u00fdch striel svojho t\u00edmu po\u010das cel\u00e9ho z\u00e1pasu (3\/7).<\/li>\n<li>United s\u00fa prv\u00fdm t\u00edmom, ktor\u00fd vyhral na Evertone dvakr\u00e1t v tej istej sez\u00f3ne od Chelsea v kampani 2007\/8.<\/li>\n<li>Cavaniho v\u00ed\u0165azn\u00fd g\u00f3l stretnutia vzi\u0161iel z jeho \u0161tvrtej strely na br\u00e1nu v z\u00e1pase, \u010do je o jednu viac, ako sa cel\u00e9mu Evertonu dokopy podarilo.<\/li>\n<\/ul>\n<h4>Carlo Ancelotti:<\/h4>\n<blockquote><p><em>&#8222;Sme sklaman\u00ed, preto\u017ee to bola pre n\u00e1s d\u00f4le\u017eit\u00e1 s\u00fa\u0165a\u017e. Ne\u013eutujeme ni\u010d, t\u00edm predviedol dobr\u00fd v\u00fdkon. Mali sme \u0165a\u017ek\u00fd \u00favod, ale po 20 min\u00fatach sme mali defenz\u00edvnu kontrolu. V druhom pol\u010dase sme ned\u00e1vali \u017eiadne pr\u00edle\u017eitosti t\u00edmu, ktor\u00fd je skuto\u010dne siln\u00fd. Br\u00e1nili sme, boli sme dobr\u00ed a\u017e do konca, boli sme bl\u00edzko k penalt\u00e1m, ale ka\u017edop\u00e1dne \u017eiadne v\u00fd\u010ditky, absol\u00fatne.&#8220;<\/em><\/p><\/blockquote>\n<hr \/>\n<p><strong>Zostrihy:<\/strong> <a href=\"https:\/\/www.fullmatchesandshows.com\/2020\/12\/23\/everton-vs-manchester-united-highlights-full-match-5\/\" target=\"_blank\" rel=\"noopener noreferrer\">fullmatchesandshows.com<\/a><\/p>\n<p><strong>Mu\u017e z\u00e1pasu:<\/strong> Edinson Cavani (Sky \/ BBC)<\/p>\n<p><strong>G\u00f3ly:<\/strong> 88\u00b4 Cavani (Martial), 90+6\u00b4 Martial (Rashford)<\/p>\n<p><strong>\u017dlt\u00e9 karty:<\/strong> 57\u00b4 Pogba, 90\u00b4 Tuanzebe, 90+1\u00b4 Martial, 90+6\u00b4 Shaw<\/p>\n<p><strong>Manchester United FC:<\/strong> Henderson \u2013 Tuanzebe, Bailly, Maguire, Telles (84\u00b4 Shaw) \u2013 Pogba, Mati\u0107 \u2013 Greenwood (67\u00b4 Rashford), Fernandes, Van de Beek (67\u00b4 Martial) \u2013 Cavani<\/p>\n<p><strong>Everton FC:<\/strong> Olsen \u2013 Coleman, Keane, Mina, Godfrey \u2013 Doucour\u00e9 (89\u00b4 Tosun), Gomes (58\u00b4 Davies) \u2013 Iwobi, Sigurdsson, Richarlison (56\u00b4 Bernard) \u2013 Calvert-Lewin<\/p>\n<p><strong>Rozhodca:<\/strong> Andrew Madley\u00a0 <strong>Po\u010det div\u00e1kov:<\/strong> 2000, Goodison Park (Liverpool)<\/p>\n","protected":false},"excerpt":{"rendered":"<p>Frustruj\u00faci v\u00fdkon, pln\u00fd nes\u00fastredenia, laxnosti s lep\u0161\u00edm s\u00faperom, n\u00e1s vyprevadil z poh\u00e1rovej s\u00fa\u0165a\u017ee, ktor\u00fa sme nikdy nevyhrali. A Ligov\u00fd poh\u00e1r sa hr\u00e1 od sez\u00f3ny 1960\/61.<\/p>\n","protected":false},"author":1,"featured_media":13311,"comment_status":"open","ping_status":"closed","sticky":false,"template":"","format":"standard","meta":{"_eb_attr":"","_monsterinsights_skip_tracking":false,"_monsterinsights_sitenote_active":false,"_monsterinsights_sitenote_note":"","_monsterinsights_sitenote_category":0,"footnotes":""},"categories":[4],"tags":[],"yoast_head":"<!-- This site is optimized with the Yoast SEO plugin v23.4 - https:\/\/yoast.com\/wordpress\/plugins\/seo\/ -->\n<title>Everton \u2013 Manchester United 0:2 - Official Czech &amp; Slovak Everton Supporters&#039; Club<\/title>\n<meta name=\"robots\" content=\"index, follow, max-snippet:-1, max-image-preview:large, max-video-preview:-1\" \/>\n<link rel=\"canonical\" href=\"https:\/\/evertonfc.cz\/index.php\/2020\/12\/24\/everton-manchester-united-02-2\/\" \/>\n<meta property=\"og:locale\" content=\"cs_CZ\" \/>\n<meta property=\"og:type\" content=\"article\" \/>\n<meta property=\"og:title\" content=\"Everton \u2013 Manchester United 0:2 - Official Czech &amp; Slovak Everton Supporters&#039; Club\" \/>\n<meta property=\"og:description\" content=\"Frustruj\u00faci v\u00fdkon, pln\u00fd nes\u00fastredenia, laxnosti s lep\u0161\u00edm s\u00faperom, n\u00e1s vyprevadil z poh\u00e1rovej s\u00fa\u0165a\u017ee, ktor\u00fa sme nikdy nevyhrali. A Ligov\u00fd poh\u00e1r sa hr\u00e1 od sez\u00f3ny 1960\/61.\" \/>\n<meta property=\"og:url\" content=\"https:\/\/evertonfc.cz\/index.php\/2020\/12\/24\/everton-manchester-united-02-2\/\" \/>\n<meta property=\"og:site_name\" content=\"Official Czech &amp; Slovak Everton Supporters&#039; Club\" \/>\n<meta property=\"article:publisher\" content=\"https:\/\/www.facebook.com\/everton.fans.cz.sk\" \/>\n<meta property=\"article:published_time\" content=\"2020-12-24T14:44:53+00:00\" \/>\n<meta property=\"article:modified_time\" content=\"2020-12-26T12:26:33+00:00\" \/>\n<meta property=\"og:image\" content=\"https:\/\/evertonfc.cz\/wp-content\/uploads\/2020\/12\/EFL-Cup-Everton-0-2-Manchester-United-24-12-2020-Clive-Brunskill.jpg\" \/>\n\t<meta property=\"og:image:width\" content=\"720\" \/>\n\t<meta property=\"og:image:height\" content=\"405\" \/>\n\t<meta property=\"og:image:type\" content=\"image\/jpeg\" \/>\n<meta name=\"author\" content=\"BlueBlooded\" \/>\n<meta name=\"twitter:card\" content=\"summary_large_image\" \/>\n<meta name=\"twitter:label1\" content=\"Napsal(a)\" \/>\n\t<meta name=\"twitter:data1\" content=\"BlueBlooded\" \/>\n\t<meta name=\"twitter:label2\" content=\"Odhadovan\u00e1 doba \u010dten\u00ed\" \/>\n\t<meta name=\"twitter:data2\" content=\"3 minuty\" \/>\n<script type=\"application\/ld+json\" class=\"yoast-schema-graph\">{\"@context\":\"https:\/\/schema.org\",\"@graph\":[{\"@type\":\"Article\",\"@id\":\"https:\/\/evertonfc.cz\/index.php\/2020\/12\/24\/everton-manchester-united-02-2\/#article\",\"isPartOf\":{\"@id\":\"https:\/\/evertonfc.cz\/index.php\/2020\/12\/24\/everton-manchester-united-02-2\/\"},\"author\":{\"name\":\"BlueBlooded\",\"@id\":\"https:\/\/evertonfc.cz\/#\/schema\/person\/d4493b8cbea51532597fbc4685698916\"},\"headline\":\"Everton \u2013 Manchester United 0:2\",\"datePublished\":\"2020-12-24T14:44:53+00:00\",\"dateModified\":\"2020-12-26T12:26:33+00:00\",\"mainEntityOfPage\":{\"@id\":\"https:\/\/evertonfc.cz\/index.php\/2020\/12\/24\/everton-manchester-united-02-2\/\"},\"wordCount\":680,\"commentCount\":5,\"publisher\":{\"@id\":\"https:\/\/evertonfc.cz\/#organization\"},\"image\":{\"@id\":\"https:\/\/evertonfc.cz\/index.php\/2020\/12\/24\/everton-manchester-united-02-2\/#primaryimage\"},\"thumbnailUrl\":\"https:\/\/evertonfc.cz\/wp-content\/uploads\/2020\/12\/EFL-Cup-Everton-0-2-Manchester-United-24-12-2020-Clive-Brunskill.jpg\",\"articleSection\":[\"Z\u00e1pasy\"],\"inLanguage\":\"cs\",\"potentialAction\":[{\"@type\":\"CommentAction\",\"name\":\"Comment\",\"target\":[\"https:\/\/evertonfc.cz\/index.php\/2020\/12\/24\/everton-manchester-united-02-2\/#respond\"]}]},{\"@type\":\"WebPage\",\"@id\":\"https:\/\/evertonfc.cz\/index.php\/2020\/12\/24\/everton-manchester-united-02-2\/\",\"url\":\"https:\/\/evertonfc.cz\/index.php\/2020\/12\/24\/everton-manchester-united-02-2\/\",\"name\":\"Everton \u2013 Manchester United 0:2 - Official Czech &amp; Slovak Everton Supporters&#039; Club\",\"isPartOf\":{\"@id\":\"https:\/\/evertonfc.cz\/#website\"},\"primaryImageOfPage\":{\"@id\":\"https:\/\/evertonfc.cz\/index.php\/2020\/12\/24\/everton-manchester-united-02-2\/#primaryimage\"},\"image\":{\"@id\":\"https:\/\/evertonfc.cz\/index.php\/2020\/12\/24\/everton-manchester-united-02-2\/#primaryimage\"},\"thumbnailUrl\":\"https:\/\/evertonfc.cz\/wp-content\/uploads\/2020\/12\/EFL-Cup-Everton-0-2-Manchester-United-24-12-2020-Clive-Brunskill.jpg\",\"datePublished\":\"2020-12-24T14:44:53+00:00\",\"dateModified\":\"2020-12-26T12:26:33+00:00\",\"breadcrumb\":{\"@id\":\"https:\/\/evertonfc.cz\/index.php\/2020\/12\/24\/everton-manchester-united-02-2\/#breadcrumb\"},\"inLanguage\":\"cs\",\"potentialAction\":[{\"@type\":\"ReadAction\",\"target\":[\"https:\/\/evertonfc.cz\/index.php\/2020\/12\/24\/everton-manchester-united-02-2\/\"]}]},{\"@type\":\"ImageObject\",\"inLanguage\":\"cs\",\"@id\":\"https:\/\/evertonfc.cz\/index.php\/2020\/12\/24\/everton-manchester-united-02-2\/#primaryimage\",\"url\":\"https:\/\/evertonfc.cz\/wp-content\/uploads\/2020\/12\/EFL-Cup-Everton-0-2-Manchester-United-24-12-2020-Clive-Brunskill.jpg\",\"contentUrl\":\"https:\/\/evertonfc.cz\/wp-content\/uploads\/2020\/12\/EFL-Cup-Everton-0-2-Manchester-United-24-12-2020-Clive-Brunskill.jpg\",\"width\":720,\"height\":405},{\"@type\":\"BreadcrumbList\",\"@id\":\"https:\/\/evertonfc.cz\/index.php\/2020\/12\/24\/everton-manchester-united-02-2\/#breadcrumb\",\"itemListElement\":[{\"@type\":\"ListItem\",\"position\":1,\"name\":\"Home\",\"item\":\"https:\/\/evertonfc.cz\/\"},{\"@type\":\"ListItem\",\"position\":2,\"name\":\"Everton \u2013 Manchester United 0:2\"}]},{\"@type\":\"WebSite\",\"@id\":\"https:\/\/evertonfc.cz\/#website\",\"url\":\"https:\/\/evertonfc.cz\/\",\"name\":\"Official Czech &amp; Slovak Everton Supporters&#039; Club\",\"description\":\"\",\"publisher\":{\"@id\":\"https:\/\/evertonfc.cz\/#organization\"},\"potentialAction\":[{\"@type\":\"SearchAction\",\"target\":{\"@type\":\"EntryPoint\",\"urlTemplate\":\"https:\/\/evertonfc.cz\/?s={search_term_string}\"},\"query-input\":{\"@type\":\"PropertyValueSpecification\",\"valueRequired\":true,\"valueName\":\"search_term_string\"}}],\"inLanguage\":\"cs\"},{\"@type\":\"Organization\",\"@id\":\"https:\/\/evertonfc.cz\/#organization\",\"name\":\"Official Czech & Slovak Everton Supporters' Club\",\"url\":\"https:\/\/evertonfc.cz\/\",\"logo\":{\"@type\":\"ImageObject\",\"inLanguage\":\"cs\",\"@id\":\"https:\/\/evertonfc.cz\/#\/schema\/logo\/image\/\",\"url\":\"https:\/\/evertonfc.cz\/wp-content\/uploads\/2019\/05\/logo.png\",\"contentUrl\":\"https:\/\/evertonfc.cz\/wp-content\/uploads\/2019\/05\/logo.png\",\"width\":112,\"height\":112,\"caption\":\"Official Czech & Slovak Everton Supporters' Club\"},\"image\":{\"@id\":\"https:\/\/evertonfc.cz\/#\/schema\/logo\/image\/\"},\"sameAs\":[\"https:\/\/www.facebook.com\/everton.fans.cz.sk\"]},{\"@type\":\"Person\",\"@id\":\"https:\/\/evertonfc.cz\/#\/schema\/person\/d4493b8cbea51532597fbc4685698916\",\"name\":\"BlueBlooded\",\"url\":\"https:\/\/evertonfc.cz\/index.php\/author\/admin\/\"}]}<\/script>\n<!-- \/ Yoast SEO plugin. -->","yoast_head_json":{"title":"Everton \u2013 Manchester United 0:2 - Official Czech &amp; Slovak Everton Supporters&#039; Club","robots":{"index":"index","follow":"follow","max-snippet":"max-snippet:-1","max-image-preview":"max-image-preview:large","max-video-preview":"max-video-preview:-1"},"canonical":"https:\/\/evertonfc.cz\/index.php\/2020\/12\/24\/everton-manchester-united-02-2\/","og_locale":"cs_CZ","og_type":"article","og_title":"Everton \u2013 Manchester United 0:2 - Official Czech &amp; Slovak Everton Supporters&#039; Club","og_description":"Frustruj\u00faci v\u00fdkon, pln\u00fd nes\u00fastredenia, laxnosti s lep\u0161\u00edm s\u00faperom, n\u00e1s vyprevadil z poh\u00e1rovej s\u00fa\u0165a\u017ee, ktor\u00fa sme nikdy nevyhrali. A Ligov\u00fd poh\u00e1r sa hr\u00e1 od sez\u00f3ny 1960\/61.","og_url":"https:\/\/evertonfc.cz\/index.php\/2020\/12\/24\/everton-manchester-united-02-2\/","og_site_name":"Official Czech &amp; Slovak Everton Supporters&#039; Club","article_publisher":"https:\/\/www.facebook.com\/everton.fans.cz.sk","article_published_time":"2020-12-24T14:44:53+00:00","article_modified_time":"2020-12-26T12:26:33+00:00","og_image":[{"width":720,"height":405,"url":"https:\/\/evertonfc.cz\/wp-content\/uploads\/2020\/12\/EFL-Cup-Everton-0-2-Manchester-United-24-12-2020-Clive-Brunskill.jpg","type":"image\/jpeg"}],"author":"BlueBlooded","twitter_card":"summary_large_image","twitter_misc":{"Napsal(a)":"BlueBlooded","Odhadovan\u00e1 doba \u010dten\u00ed":"3 minuty"},"schema":{"@context":"https:\/\/schema.org","@graph":[{"@type":"Article","@id":"https:\/\/evertonfc.cz\/index.php\/2020\/12\/24\/everton-manchester-united-02-2\/#article","isPartOf":{"@id":"https:\/\/evertonfc.cz\/index.php\/2020\/12\/24\/everton-manchester-united-02-2\/"},"author":{"name":"BlueBlooded","@id":"https:\/\/evertonfc.cz\/#\/schema\/person\/d4493b8cbea51532597fbc4685698916"},"headline":"Everton \u2013 Manchester United 0:2","datePublished":"2020-12-24T14:44:53+00:00","dateModified":"2020-12-26T12:26:33+00:00","mainEntityOfPage":{"@id":"https:\/\/evertonfc.cz\/index.php\/2020\/12\/24\/everton-manchester-united-02-2\/"},"wordCount":680,"commentCount":5,"publisher":{"@id":"https:\/\/evertonfc.cz\/#organization"},"image":{"@id":"https:\/\/evertonfc.cz\/index.php\/2020\/12\/24\/everton-manchester-united-02-2\/#primaryimage"},"thumbnailUrl":"https:\/\/evertonfc.cz\/wp-content\/uploads\/2020\/12\/EFL-Cup-Everton-0-2-Manchester-United-24-12-2020-Clive-Brunskill.jpg","articleSection":["Z\u00e1pasy"],"inLanguage":"cs","potentialAction":[{"@type":"CommentAction","name":"Comment","target":["https:\/\/evertonfc.cz\/index.php\/2020\/12\/24\/everton-manchester-united-02-2\/#respond"]}]},{"@type":"WebPage","@id":"https:\/\/evertonfc.cz\/index.php\/2020\/12\/24\/everton-manchester-united-02-2\/","url":"https:\/\/evertonfc.cz\/index.php\/2020\/12\/24\/everton-manchester-united-02-2\/","name":"Everton \u2013 Manchester United 0:2 - Official Czech &amp; Slovak Everton Supporters&#039; Club","isPartOf":{"@id":"https:\/\/evertonfc.cz\/#website"},"primaryImageOfPage":{"@id":"https:\/\/evertonfc.cz\/index.php\/2020\/12\/24\/everton-manchester-united-02-2\/#primaryimage"},"image":{"@id":"https:\/\/evertonfc.cz\/index.php\/2020\/12\/24\/everton-manchester-united-02-2\/#primaryimage"},"thumbnailUrl":"https:\/\/evertonfc.cz\/wp-content\/uploads\/2020\/12\/EFL-Cup-Everton-0-2-Manchester-United-24-12-2020-Clive-Brunskill.jpg","datePublished":"2020-12-24T14:44:53+00:00","dateModified":"2020-12-26T12:26:33+00:00","breadcrumb":{"@id":"https:\/\/evertonfc.cz\/index.php\/2020\/12\/24\/everton-manchester-united-02-2\/#breadcrumb"},"inLanguage":"cs","potentialAction":[{"@type":"ReadAction","target":["https:\/\/evertonfc.cz\/index.php\/2020\/12\/24\/everton-manchester-united-02-2\/"]}]},{"@type":"ImageObject","inLanguage":"cs","@id":"https:\/\/evertonfc.cz\/index.php\/2020\/12\/24\/everton-manchester-united-02-2\/#primaryimage","url":"https:\/\/evertonfc.cz\/wp-content\/uploads\/2020\/12\/EFL-Cup-Everton-0-2-Manchester-United-24-12-2020-Clive-Brunskill.jpg","contentUrl":"https:\/\/evertonfc.cz\/wp-content\/uploads\/2020\/12\/EFL-Cup-Everton-0-2-Manchester-United-24-12-2020-Clive-Brunskill.jpg","width":720,"height":405},{"@type":"BreadcrumbList","@id":"https:\/\/evertonfc.cz\/index.php\/2020\/12\/24\/everton-manchester-united-02-2\/#breadcrumb","itemListElement":[{"@type":"ListItem","position":1,"name":"Home","item":"https:\/\/evertonfc.cz\/"},{"@type":"ListItem","position":2,"name":"Everton \u2013 Manchester United 0:2"}]},{"@type":"WebSite","@id":"https:\/\/evertonfc.cz\/#website","url":"https:\/\/evertonfc.cz\/","name":"Official Czech &amp; Slovak Everton Supporters&#039; Club","description":"","publisher":{"@id":"https:\/\/evertonfc.cz\/#organization"},"potentialAction":[{"@type":"SearchAction","target":{"@type":"EntryPoint","urlTemplate":"https:\/\/evertonfc.cz\/?s={search_term_string}"},"query-input":{"@type":"PropertyValueSpecification","valueRequired":true,"valueName":"search_term_string"}}],"inLanguage":"cs"},{"@type":"Organization","@id":"https:\/\/evertonfc.cz\/#organization","name":"Official Czech & Slovak Everton Supporters' Club","url":"https:\/\/evertonfc.cz\/","logo":{"@type":"ImageObject","inLanguage":"cs","@id":"https:\/\/evertonfc.cz\/#\/schema\/logo\/image\/","url":"https:\/\/evertonfc.cz\/wp-content\/uploads\/2019\/05\/logo.png","contentUrl":"https:\/\/evertonfc.cz\/wp-content\/uploads\/2019\/05\/logo.png","width":112,"height":112,"caption":"Official Czech & Slovak Everton Supporters' Club"},"image":{"@id":"https:\/\/evertonfc.cz\/#\/schema\/logo\/image\/"},"sameAs":["https:\/\/www.facebook.com\/everton.fans.cz.sk"]},{"@type":"Person","@id":"https:\/\/evertonfc.cz\/#\/schema\/person\/d4493b8cbea51532597fbc4685698916","name":"BlueBlooded","url":"https:\/\/evertonfc.cz\/index.php\/author\/admin\/"}]}},"_links":{"self":[{"href":"https:\/\/evertonfc.cz\/index.php\/wp-json\/wp\/v2\/posts\/13310"}],"collection":[{"href":"https:\/\/evertonfc.cz\/index.php\/wp-json\/wp\/v2\/posts"}],"about":[{"href":"https:\/\/evertonfc.cz\/index.php\/wp-json\/wp\/v2\/types\/post"}],"author":[{"embeddable":true,"href":"https:\/\/evertonfc.cz\/index.php\/wp-json\/wp\/v2\/users\/1"}],"replies":[{"embeddable":true,"href":"https:\/\/evertonfc.cz\/index.php\/wp-json\/wp\/v2\/comments?post=13310"}],"version-history":[{"count":12,"href":"https:\/\/evertonfc.cz\/index.php\/wp-json\/wp\/v2\/posts\/13310\/revisions"}],"predecessor-version":[{"id":13331,"href":"https:\/\/evertonfc.cz\/index.php\/wp-json\/wp\/v2\/posts\/13310\/revisions\/13331"}],"wp:featuredmedia":[{"embeddable":true,"href":"https:\/\/evertonfc.cz\/index.php\/wp-json\/wp\/v2\/media\/13311"}],"wp:attachment":[{"href":"https:\/\/evertonfc.cz\/index.php\/wp-json\/wp\/v2\/media?parent=13310"}],"wp:term":[{"taxonomy":"category","embeddable":true,"href":"https:\/\/evertonfc.cz\/index.php\/wp-json\/wp\/v2\/categories?post=13310"},{"taxonomy":"post_tag","embeddable":true,"href":"https:\/\/evertonfc.cz\/index.php\/wp-json\/wp\/v2\/tags?post=13310"}],"curies":[{"name":"wp","href":"https:\/\/api.w.org\/{rel}","templated":true}]}}