{"id":13323,"date":"2020-12-26T12:50:08","date_gmt":"2020-12-26T11:50:08","guid":{"rendered":"https:\/\/evertonfc.cz\/?p=13323"},"modified":"2020-12-26T12:52:44","modified_gmt":"2020-12-26T11:52:44","slug":"judging-blue-manchester-united-02","status":"publish","type":"post","link":"https:\/\/evertonfc.cz\/index.php\/2020\/12\/26\/judging-blue-manchester-united-02\/","title":{"rendered":"Judging Blue: Manchester United 0:2"},"content":{"rendered":"<h4>Hodnotenie hr\u00e1\u010dov po vyraden\u00ed od The Red Devils. N\u00e1zory s\u00fa zaujat\u00e9ho charakteru a nemusia sa zhodova\u0165 s realitou. Odpor\u00fa\u010da sa komentova\u0165 podobn\u00fdm sp\u00f4sobom.<\/h4>\n<h4><u>Obrana<\/u><u>:<\/u><\/h4>\n<ul>\n<li><strong><em>Olsen <\/em><\/strong>(GK) \u2013 Za\u010diatok mal hr\u00f4zostra\u0161n\u00fd, ke\u010f na\u0148ho Cavani tla\u010dil pri rozohr\u00e1vke. A to sme si mysleli, \u017ee na vyr\u00e1banie ch\u00fdb s nedbalosti m\u00e1me Pickyho. Na\u0161\u0165astie sa postupom \u010dasu uk\u013eudnil a zop\u00e1r z\u00e1krokmi n\u00e1s aj dr\u017eal nad vodou a\u017e do 88. min\u00faty. Vtedy u\u017e nemal n\u00e1rok pri pre\u010d\u00edslen\u00ed s\u00faperom. = <strong>6<br \/>\n<\/strong><\/li>\n<\/ul>\n<ul>\n<li><strong><em>Coleman <\/em><\/strong>(RB) \u2013 Dobr\u00fd n\u00e1vrat po zranen\u00ed. Vzadu bol sol\u00eddny, z\u00e1br\u00e1nil Van de Beekovi v jasnom g\u00f3le. No smerom dopredu bolo vidie\u0165 nejak\u00fa t\u00fa hrdzu po dlh\u0161ej pauze. Samozrejme, ne\u010dak\u00e1m, \u017ee vymysl\u00ed asistenciu ako James, ale pri niektor\u00fdch rie\u0161eniach som sa chytal za hlavu. = <strong>6<\/strong><\/li>\n<\/ul>\n<ul>\n<li><strong><em>Mina <\/em><\/strong>(CB) \u2013 Lep\u0161\u00ed z dvojice stredn\u00fdch obrancov. Vyzeral istej\u0161ie a hlavne nev\u00e1hal pri rozhodovan\u00ed sa a mal dobr\u00fa pozi\u010dn\u00fa hr\u00fa. Inak sa nepam\u00e4t\u00e1m sa na ni\u010d konkr\u00e9tne, \u010do by som mohol vypichn\u00fa\u0165. = <strong>7<\/strong><\/li>\n<\/ul>\n<ul>\n<li><strong><em>Keane <\/em><\/strong>(CB) \u2013 Takmer daroval otv\u00e1rac\u00ed g\u00f3l s\u00faperovi, ke\u010f nespracoval prihr\u00e1vku od Iwobiho. Aj to bol znak toho, \u017ee do z\u00e1pasu nast\u00fapil a\u017e pr\u00edli\u0161 uvo\u013enene. Potom sa v\u0161ak nad sebou zamyslel a u\u017e to bol poctiv\u00fd ostra\u017eit\u00fd Keane. Mo\u017eno mohol spravi\u0165 viac pri prvom g\u00f3le, ke\u010f op\u00e4\u0165 raz v\u00e1hal, \u010di m\u00e1 vyst\u00fapi\u0165 proti Martialovi alebo nie. Napokon sa zastavil v polovici. = <strong>6<br \/>\n<\/strong><\/li>\n<\/ul>\n<ul>\n<li><strong><em>Godfrey <\/em><\/strong>(LB) \u2013 Ob\u010das prestrelil so svoj\u00edm odhadom spr\u00e1vania sa lopty, ob\u010das si skomplikoval situ\u00e1ciu, ale ni\u010d stra\u0161n\u00e9 to nebolo. Najm\u00e4 ak st\u00e1le zv\u00e1\u017eime fakt, \u017ee hr\u00e1 na neprirodzenej poz\u00edcii. P\u00e1\u010dia sa mi jeho v\u00fdpady s loptou, hoci im ch\u00fdba kone\u010dn\u00fd produkt, a to v podobe centru. Zatia\u013e som si ale nezodpovedal ot\u00e1zku, \u010di mohol spravi\u0165 nie\u010do viac s Cavanim pri g\u00f3le. = <strong>6<\/strong><\/li>\n<\/ul>\n<h4><u>Z\u00e1loha<\/u><u>:<\/u><\/h4>\n<ul>\n<li><strong><em>Doucour\u00e9 <\/em><\/strong>(CM) \u2013 Ne\u00fanavn\u00fd ako v\u017edy, ale pri absencii Allana by som ja osobne ocenil, ak by bol viac pozi\u010dne disciplinovanej\u0161\u00ed, a nechal pressing na in\u00fdch. Lebo ak to potom nevyjde, \u010do je \u010dast\u00fd \u00fakaz, v\u00fdrazne ch\u00fdba vzadu. Zvl\u00e1\u0161tne, \u017ee bol striedan\u00fd, ale pre jeho vy\u0165a\u017eenos\u0165 je to pochopite\u013en\u00e9. = <strong>6<\/strong><\/li>\n<\/ul>\n<ul>\n<li><strong><em>Gomes <\/em><\/strong>(CM) \u2013 \u010co sa stalo s Portugal\u010danom? Po stup\u0148uj\u00facich sa v\u00fdkonoch z lavi\u010dky nast\u00fapil do stretnutia ako prv\u00fdkr\u00e1t po zranen\u00ed. Bol pomal\u00fd, neostra\u017eit\u00fd a neodv\u00e1\u017eny. Volil alibistick\u00e9 prihr\u00e1vky a bojoval o loptu bez potrebn\u00e9ho nasadenia. Aj preto sme z lavi\u010dky mohli po\u010du\u0165 z\u00fafal\u00e9 v\u00fdkriky: <em>&#8222;Second balls Andr\u00e9, second balls!&#8220; <\/em>Nemilosrdne vystriedan\u00fd. = <strong>4<\/strong><\/li>\n<\/ul>\n<ul>\n<li><strong><em>Sigurdsson <\/em><\/strong>(AM) \u2013 Hoci jeho ne\u00fanavn\u00e9 sna\u017eenie neprinieslo na papieri ni\u010d, ale na m\u0148a spravil obrovsk\u00fd dojem. Bol jasne frustrovan\u00fd, \u017ee sa mu nedar\u00ed ovplyvni\u0165 z\u00e1pas na v\u00fdsledkovej tabuli a d\u00e1val to aj patri\u010dne najavo nielen gestami, ale aj nezlomnos\u0165ou v pokra\u010dovan\u00ed sizyfovskej pr\u00e1ce. Z toho by si mali bra\u0165 pr\u00edklad v\u0161etci. Ve\u013ek\u00e1 \u0161koda preto, \u017ee jeho priamy kop neskon\u010dil v sieti. = <strong>8<\/strong><\/li>\n<\/ul>\n<h4><u>\u00datok<\/u><u>:<\/u><\/h4>\n<ul>\n<li><strong><em>Iwobi <\/em><\/strong>(RM) \u2013 De\u0148 blbec by si mohol vybera\u0165 na tr\u00e9ningu, nie v poh\u00e1rovom dueli. Hoci si prip\u00edsal p\u00e1r vytvoren\u00fdch \u0161anci, ako pri hlavi\u010dke Sigurdssona, a\u017e pr\u00edli\u0161 \u010dasto kazil jednoduch\u00e9 prihr\u00e1vky a ob\u010das sa na\u0161iel aj na hru\u0161k\u00e1ch, mimo svojej poz\u00edcie. Je to takzvan\u00fd &#8222;iwobistruj\u00faci&#8220; hr\u00e1\u010d. = <strong>5<\/strong><\/li>\n<\/ul>\n<ul>\n<li><strong><em>Calvert-Lewin <\/em><\/strong>(ST) \u2013 Ch\u00fdbaj\u00fa mu jednoducho jeho dvorn\u00ed nahr\u00e1va\u010di v podobe Digneho a Jamesa. Bez potrebn\u00e9ho z\u00e1sobovania nie je efekt\u00edvny. Pr\u00e1ve na tom je postaven\u00e1 jeho skvel\u00e1 forma. A preto u\u017e \u0161tyri z\u00e1pasy nedal g\u00f3l. Ur\u010dite by mu prospela aj prest\u00e1vka. = <strong>6<\/strong><\/li>\n<\/ul>\n<ul>\n<li><strong><em>Richarlison <\/em><\/strong>(LM) \u2013 V\u00f4bec sa nedostal do z\u00e1pasu \u010do sa \u00fato\u010dnej hry t\u00fdka. Pracoval v\u0161ak tvrdo pre t\u00edm, ako vlastne v\u017edy. \u0160koda, \u017ee ho potom vyradili hokejov\u00fdm z\u00e1krokom. = <strong>5<\/strong><\/li>\n<\/ul>\n<h4><u>Striedania:<\/u><\/h4>\n<ul>\n<li><strong><em>Davies <\/em><\/strong>(CM) \u2013 Bol lep\u0161\u00ed ne\u017e Gomes, ale nie v\u00fdrazne. Mo\u017eno sa od neho o\u010dak\u00e1valo v\u00e4\u010d\u0161ie ovplyvnenie hry Evertonu. Rozm\u00fd\u0161\u013eam, pre\u010do po dobrom z\u00e1pase s Arsenalom nenast\u00fapil v z\u00e1klade aj v poh\u00e1ri? = <strong>5<\/strong><\/li>\n<\/ul>\n<ul>\n<li><strong><em>Bernard <\/em><\/strong>(LM) \u2013 Jedno slovo. Neefekt\u00edvny. V zime pravdepodobne od\u00edde. Mal by pre vlastn\u00e9 dobro. Ancelotti ho v jeho syst\u00e9me jednoducho nevid\u00ed a nevie\/nechce vyu\u017ei\u0165. = <strong>5<\/strong><\/li>\n<\/ul>\n<ul>\n<li><strong><em>Tosun<\/em><\/strong> (ST) \u2013 Pri\u0161iel v 89. min\u00fate a stratil loptu, ktor\u00e1 viedla k druh\u00e9mu g\u00f3lu. = <strong>N\/A<\/strong><\/li>\n<\/ul>\n","protected":false},"excerpt":{"rendered":"<p>Hodnotenie hr\u00e1\u010dov po vyraden\u00ed od The Red Devils. N\u00e1zory s\u00fa zaujat\u00e9ho charakteru a nemusia sa zhodova\u0165 s realitou. Odpor\u00fa\u010da sa komentova\u0165 podobn\u00fdm sp\u00f4sobom.<\/p>\n","protected":false},"author":1,"featured_media":12876,"comment_status":"open","ping_status":"closed","sticky":false,"template":"","format":"standard","meta":{"_eb_attr":"","_monsterinsights_skip_tracking":false,"_monsterinsights_sitenote_active":false,"_monsterinsights_sitenote_note":"","_monsterinsights_sitenote_category":0,"footnotes":""},"categories":[39],"tags":[],"yoast_head":"<!-- This site is optimized with the Yoast SEO plugin v23.4 - https:\/\/yoast.com\/wordpress\/plugins\/seo\/ -->\n<title>Judging Blue: Manchester United 0:2 - Official Czech &amp; Slovak Everton Supporters&#039; Club<\/title>\n<meta name=\"robots\" content=\"index, follow, max-snippet:-1, max-image-preview:large, max-video-preview:-1\" \/>\n<link rel=\"canonical\" href=\"https:\/\/evertonfc.cz\/index.php\/2020\/12\/26\/judging-blue-manchester-united-02\/\" \/>\n<meta property=\"og:locale\" content=\"cs_CZ\" \/>\n<meta property=\"og:type\" content=\"article\" \/>\n<meta property=\"og:title\" content=\"Judging Blue: Manchester United 0:2 - Official Czech &amp; Slovak Everton Supporters&#039; Club\" \/>\n<meta property=\"og:description\" content=\"Hodnotenie hr\u00e1\u010dov po vyraden\u00ed od The Red Devils. N\u00e1zory s\u00fa zaujat\u00e9ho charakteru a nemusia sa zhodova\u0165 s realitou. Odpor\u00fa\u010da sa komentova\u0165 podobn\u00fdm sp\u00f4sobom.\" \/>\n<meta property=\"og:url\" content=\"https:\/\/evertonfc.cz\/index.php\/2020\/12\/26\/judging-blue-manchester-united-02\/\" \/>\n<meta property=\"og:site_name\" content=\"Official Czech &amp; Slovak Everton Supporters&#039; Club\" \/>\n<meta property=\"article:publisher\" content=\"https:\/\/www.facebook.com\/everton.fans.cz.sk\" \/>\n<meta property=\"article:published_time\" content=\"2020-12-26T11:50:08+00:00\" \/>\n<meta property=\"article:modified_time\" content=\"2020-12-26T11:52:44+00:00\" \/>\n<meta property=\"og:image\" content=\"https:\/\/evertonfc.cz\/wp-content\/uploads\/2020\/11\/Judging-Blue.jpg\" \/>\n\t<meta property=\"og:image:width\" content=\"720\" \/>\n\t<meta property=\"og:image:height\" content=\"405\" \/>\n\t<meta property=\"og:image:type\" content=\"image\/jpeg\" \/>\n<meta name=\"author\" content=\"BlueBlooded\" \/>\n<meta name=\"twitter:card\" content=\"summary_large_image\" \/>\n<meta name=\"twitter:label1\" content=\"Napsal(a)\" \/>\n\t<meta name=\"twitter:data1\" content=\"BlueBlooded\" \/>\n\t<meta name=\"twitter:label2\" content=\"Odhadovan\u00e1 doba \u010dten\u00ed\" \/>\n\t<meta name=\"twitter:data2\" content=\"4 minuty\" \/>\n<script type=\"application\/ld+json\" class=\"yoast-schema-graph\">{\"@context\":\"https:\/\/schema.org\",\"@graph\":[{\"@type\":\"Article\",\"@id\":\"https:\/\/evertonfc.cz\/index.php\/2020\/12\/26\/judging-blue-manchester-united-02\/#article\",\"isPartOf\":{\"@id\":\"https:\/\/evertonfc.cz\/index.php\/2020\/12\/26\/judging-blue-manchester-united-02\/\"},\"author\":{\"name\":\"BlueBlooded\",\"@id\":\"https:\/\/evertonfc.cz\/#\/schema\/person\/d4493b8cbea51532597fbc4685698916\"},\"headline\":\"Judging Blue: Manchester United 0:2\",\"datePublished\":\"2020-12-26T11:50:08+00:00\",\"dateModified\":\"2020-12-26T11:52:44+00:00\",\"mainEntityOfPage\":{\"@id\":\"https:\/\/evertonfc.cz\/index.php\/2020\/12\/26\/judging-blue-manchester-united-02\/\"},\"wordCount\":783,\"commentCount\":3,\"publisher\":{\"@id\":\"https:\/\/evertonfc.cz\/#organization\"},\"image\":{\"@id\":\"https:\/\/evertonfc.cz\/index.php\/2020\/12\/26\/judging-blue-manchester-united-02\/#primaryimage\"},\"thumbnailUrl\":\"https:\/\/evertonfc.cz\/wp-content\/uploads\/2020\/11\/Judging-Blue.jpg\",\"articleSection\":[\"Blog\"],\"inLanguage\":\"cs\",\"potentialAction\":[{\"@type\":\"CommentAction\",\"name\":\"Comment\",\"target\":[\"https:\/\/evertonfc.cz\/index.php\/2020\/12\/26\/judging-blue-manchester-united-02\/#respond\"]}]},{\"@type\":\"WebPage\",\"@id\":\"https:\/\/evertonfc.cz\/index.php\/2020\/12\/26\/judging-blue-manchester-united-02\/\",\"url\":\"https:\/\/evertonfc.cz\/index.php\/2020\/12\/26\/judging-blue-manchester-united-02\/\",\"name\":\"Judging Blue: Manchester United 0:2 - Official Czech &amp; Slovak Everton Supporters&#039; Club\",\"isPartOf\":{\"@id\":\"https:\/\/evertonfc.cz\/#website\"},\"primaryImageOfPage\":{\"@id\":\"https:\/\/evertonfc.cz\/index.php\/2020\/12\/26\/judging-blue-manchester-united-02\/#primaryimage\"},\"image\":{\"@id\":\"https:\/\/evertonfc.cz\/index.php\/2020\/12\/26\/judging-blue-manchester-united-02\/#primaryimage\"},\"thumbnailUrl\":\"https:\/\/evertonfc.cz\/wp-content\/uploads\/2020\/11\/Judging-Blue.jpg\",\"datePublished\":\"2020-12-26T11:50:08+00:00\",\"dateModified\":\"2020-12-26T11:52:44+00:00\",\"breadcrumb\":{\"@id\":\"https:\/\/evertonfc.cz\/index.php\/2020\/12\/26\/judging-blue-manchester-united-02\/#breadcrumb\"},\"inLanguage\":\"cs\",\"potentialAction\":[{\"@type\":\"ReadAction\",\"target\":[\"https:\/\/evertonfc.cz\/index.php\/2020\/12\/26\/judging-blue-manchester-united-02\/\"]}]},{\"@type\":\"ImageObject\",\"inLanguage\":\"cs\",\"@id\":\"https:\/\/evertonfc.cz\/index.php\/2020\/12\/26\/judging-blue-manchester-united-02\/#primaryimage\",\"url\":\"https:\/\/evertonfc.cz\/wp-content\/uploads\/2020\/11\/Judging-Blue.jpg\",\"contentUrl\":\"https:\/\/evertonfc.cz\/wp-content\/uploads\/2020\/11\/Judging-Blue.jpg\",\"width\":720,\"height\":405},{\"@type\":\"BreadcrumbList\",\"@id\":\"https:\/\/evertonfc.cz\/index.php\/2020\/12\/26\/judging-blue-manchester-united-02\/#breadcrumb\",\"itemListElement\":[{\"@type\":\"ListItem\",\"position\":1,\"name\":\"Home\",\"item\":\"https:\/\/evertonfc.cz\/\"},{\"@type\":\"ListItem\",\"position\":2,\"name\":\"Judging Blue: Manchester United 0:2\"}]},{\"@type\":\"WebSite\",\"@id\":\"https:\/\/evertonfc.cz\/#website\",\"url\":\"https:\/\/evertonfc.cz\/\",\"name\":\"Official Czech &amp; Slovak Everton Supporters&#039; Club\",\"description\":\"\",\"publisher\":{\"@id\":\"https:\/\/evertonfc.cz\/#organization\"},\"potentialAction\":[{\"@type\":\"SearchAction\",\"target\":{\"@type\":\"EntryPoint\",\"urlTemplate\":\"https:\/\/evertonfc.cz\/?s={search_term_string}\"},\"query-input\":{\"@type\":\"PropertyValueSpecification\",\"valueRequired\":true,\"valueName\":\"search_term_string\"}}],\"inLanguage\":\"cs\"},{\"@type\":\"Organization\",\"@id\":\"https:\/\/evertonfc.cz\/#organization\",\"name\":\"Official Czech & Slovak Everton Supporters' Club\",\"url\":\"https:\/\/evertonfc.cz\/\",\"logo\":{\"@type\":\"ImageObject\",\"inLanguage\":\"cs\",\"@id\":\"https:\/\/evertonfc.cz\/#\/schema\/logo\/image\/\",\"url\":\"https:\/\/evertonfc.cz\/wp-content\/uploads\/2019\/05\/logo.png\",\"contentUrl\":\"https:\/\/evertonfc.cz\/wp-content\/uploads\/2019\/05\/logo.png\",\"width\":112,\"height\":112,\"caption\":\"Official Czech & Slovak Everton Supporters' Club\"},\"image\":{\"@id\":\"https:\/\/evertonfc.cz\/#\/schema\/logo\/image\/\"},\"sameAs\":[\"https:\/\/www.facebook.com\/everton.fans.cz.sk\"]},{\"@type\":\"Person\",\"@id\":\"https:\/\/evertonfc.cz\/#\/schema\/person\/d4493b8cbea51532597fbc4685698916\",\"name\":\"BlueBlooded\",\"url\":\"https:\/\/evertonfc.cz\/index.php\/author\/admin\/\"}]}<\/script>\n<!-- \/ Yoast SEO plugin. -->","yoast_head_json":{"title":"Judging Blue: Manchester United 0:2 - Official Czech &amp; Slovak Everton Supporters&#039; Club","robots":{"index":"index","follow":"follow","max-snippet":"max-snippet:-1","max-image-preview":"max-image-preview:large","max-video-preview":"max-video-preview:-1"},"canonical":"https:\/\/evertonfc.cz\/index.php\/2020\/12\/26\/judging-blue-manchester-united-02\/","og_locale":"cs_CZ","og_type":"article","og_title":"Judging Blue: Manchester United 0:2 - Official Czech &amp; Slovak Everton Supporters&#039; Club","og_description":"Hodnotenie hr\u00e1\u010dov po vyraden\u00ed od The Red Devils. N\u00e1zory s\u00fa zaujat\u00e9ho charakteru a nemusia sa zhodova\u0165 s realitou. Odpor\u00fa\u010da sa komentova\u0165 podobn\u00fdm sp\u00f4sobom.","og_url":"https:\/\/evertonfc.cz\/index.php\/2020\/12\/26\/judging-blue-manchester-united-02\/","og_site_name":"Official Czech &amp; Slovak Everton Supporters&#039; Club","article_publisher":"https:\/\/www.facebook.com\/everton.fans.cz.sk","article_published_time":"2020-12-26T11:50:08+00:00","article_modified_time":"2020-12-26T11:52:44+00:00","og_image":[{"width":720,"height":405,"url":"https:\/\/evertonfc.cz\/wp-content\/uploads\/2020\/11\/Judging-Blue.jpg","type":"image\/jpeg"}],"author":"BlueBlooded","twitter_card":"summary_large_image","twitter_misc":{"Napsal(a)":"BlueBlooded","Odhadovan\u00e1 doba \u010dten\u00ed":"4 minuty"},"schema":{"@context":"https:\/\/schema.org","@graph":[{"@type":"Article","@id":"https:\/\/evertonfc.cz\/index.php\/2020\/12\/26\/judging-blue-manchester-united-02\/#article","isPartOf":{"@id":"https:\/\/evertonfc.cz\/index.php\/2020\/12\/26\/judging-blue-manchester-united-02\/"},"author":{"name":"BlueBlooded","@id":"https:\/\/evertonfc.cz\/#\/schema\/person\/d4493b8cbea51532597fbc4685698916"},"headline":"Judging Blue: Manchester United 0:2","datePublished":"2020-12-26T11:50:08+00:00","dateModified":"2020-12-26T11:52:44+00:00","mainEntityOfPage":{"@id":"https:\/\/evertonfc.cz\/index.php\/2020\/12\/26\/judging-blue-manchester-united-02\/"},"wordCount":783,"commentCount":3,"publisher":{"@id":"https:\/\/evertonfc.cz\/#organization"},"image":{"@id":"https:\/\/evertonfc.cz\/index.php\/2020\/12\/26\/judging-blue-manchester-united-02\/#primaryimage"},"thumbnailUrl":"https:\/\/evertonfc.cz\/wp-content\/uploads\/2020\/11\/Judging-Blue.jpg","articleSection":["Blog"],"inLanguage":"cs","potentialAction":[{"@type":"CommentAction","name":"Comment","target":["https:\/\/evertonfc.cz\/index.php\/2020\/12\/26\/judging-blue-manchester-united-02\/#respond"]}]},{"@type":"WebPage","@id":"https:\/\/evertonfc.cz\/index.php\/2020\/12\/26\/judging-blue-manchester-united-02\/","url":"https:\/\/evertonfc.cz\/index.php\/2020\/12\/26\/judging-blue-manchester-united-02\/","name":"Judging Blue: Manchester United 0:2 - Official Czech &amp; Slovak Everton Supporters&#039; Club","isPartOf":{"@id":"https:\/\/evertonfc.cz\/#website"},"primaryImageOfPage":{"@id":"https:\/\/evertonfc.cz\/index.php\/2020\/12\/26\/judging-blue-manchester-united-02\/#primaryimage"},"image":{"@id":"https:\/\/evertonfc.cz\/index.php\/2020\/12\/26\/judging-blue-manchester-united-02\/#primaryimage"},"thumbnailUrl":"https:\/\/evertonfc.cz\/wp-content\/uploads\/2020\/11\/Judging-Blue.jpg","datePublished":"2020-12-26T11:50:08+00:00","dateModified":"2020-12-26T11:52:44+00:00","breadcrumb":{"@id":"https:\/\/evertonfc.cz\/index.php\/2020\/12\/26\/judging-blue-manchester-united-02\/#breadcrumb"},"inLanguage":"cs","potentialAction":[{"@type":"ReadAction","target":["https:\/\/evertonfc.cz\/index.php\/2020\/12\/26\/judging-blue-manchester-united-02\/"]}]},{"@type":"ImageObject","inLanguage":"cs","@id":"https:\/\/evertonfc.cz\/index.php\/2020\/12\/26\/judging-blue-manchester-united-02\/#primaryimage","url":"https:\/\/evertonfc.cz\/wp-content\/uploads\/2020\/11\/Judging-Blue.jpg","contentUrl":"https:\/\/evertonfc.cz\/wp-content\/uploads\/2020\/11\/Judging-Blue.jpg","width":720,"height":405},{"@type":"BreadcrumbList","@id":"https:\/\/evertonfc.cz\/index.php\/2020\/12\/26\/judging-blue-manchester-united-02\/#breadcrumb","itemListElement":[{"@type":"ListItem","position":1,"name":"Home","item":"https:\/\/evertonfc.cz\/"},{"@type":"ListItem","position":2,"name":"Judging Blue: Manchester United 0:2"}]},{"@type":"WebSite","@id":"https:\/\/evertonfc.cz\/#website","url":"https:\/\/evertonfc.cz\/","name":"Official Czech &amp; Slovak Everton Supporters&#039; Club","description":"","publisher":{"@id":"https:\/\/evertonfc.cz\/#organization"},"potentialAction":[{"@type":"SearchAction","target":{"@type":"EntryPoint","urlTemplate":"https:\/\/evertonfc.cz\/?s={search_term_string}"},"query-input":{"@type":"PropertyValueSpecification","valueRequired":true,"valueName":"search_term_string"}}],"inLanguage":"cs"},{"@type":"Organization","@id":"https:\/\/evertonfc.cz\/#organization","name":"Official Czech & Slovak Everton Supporters' Club","url":"https:\/\/evertonfc.cz\/","logo":{"@type":"ImageObject","inLanguage":"cs","@id":"https:\/\/evertonfc.cz\/#\/schema\/logo\/image\/","url":"https:\/\/evertonfc.cz\/wp-content\/uploads\/2019\/05\/logo.png","contentUrl":"https:\/\/evertonfc.cz\/wp-content\/uploads\/2019\/05\/logo.png","width":112,"height":112,"caption":"Official Czech & Slovak Everton Supporters' Club"},"image":{"@id":"https:\/\/evertonfc.cz\/#\/schema\/logo\/image\/"},"sameAs":["https:\/\/www.facebook.com\/everton.fans.cz.sk"]},{"@type":"Person","@id":"https:\/\/evertonfc.cz\/#\/schema\/person\/d4493b8cbea51532597fbc4685698916","name":"BlueBlooded","url":"https:\/\/evertonfc.cz\/index.php\/author\/admin\/"}]}},"_links":{"self":[{"href":"https:\/\/evertonfc.cz\/index.php\/wp-json\/wp\/v2\/posts\/13323"}],"collection":[{"href":"https:\/\/evertonfc.cz\/index.php\/wp-json\/wp\/v2\/posts"}],"about":[{"href":"https:\/\/evertonfc.cz\/index.php\/wp-json\/wp\/v2\/types\/post"}],"author":[{"embeddable":true,"href":"https:\/\/evertonfc.cz\/index.php\/wp-json\/wp\/v2\/users\/1"}],"replies":[{"embeddable":true,"href":"https:\/\/evertonfc.cz\/index.php\/wp-json\/wp\/v2\/comments?post=13323"}],"version-history":[{"count":5,"href":"https:\/\/evertonfc.cz\/index.php\/wp-json\/wp\/v2\/posts\/13323\/revisions"}],"predecessor-version":[{"id":13326,"href":"https:\/\/evertonfc.cz\/index.php\/wp-json\/wp\/v2\/posts\/13323\/revisions\/13326"}],"wp:featuredmedia":[{"embeddable":true,"href":"https:\/\/evertonfc.cz\/index.php\/wp-json\/wp\/v2\/media\/12876"}],"wp:attachment":[{"href":"https:\/\/evertonfc.cz\/index.php\/wp-json\/wp\/v2\/media?parent=13323"}],"wp:term":[{"taxonomy":"category","embeddable":true,"href":"https:\/\/evertonfc.cz\/index.php\/wp-json\/wp\/v2\/categories?post=13323"},{"taxonomy":"post_tag","embeddable":true,"href":"https:\/\/evertonfc.cz\/index.php\/wp-json\/wp\/v2\/tags?post=13323"}],"curies":[{"name":"wp","href":"https:\/\/api.w.org\/{rel}","templated":true}]}}