{"id":13333,"date":"2020-12-26T15:12:39","date_gmt":"2020-12-26T14:12:39","guid":{"rendered":"https:\/\/evertonfc.cz\/?p=13333"},"modified":"2020-12-26T16:04:12","modified_gmt":"2020-12-26T15:04:12","slug":"preview-sheffield-united-everton-2","status":"publish","type":"post","link":"https:\/\/evertonfc.cz\/index.php\/2020\/12\/26\/preview-sheffield-united-everton-2\/","title":{"rendered":"Preview: Sheffield United \u2013 Everton"},"content":{"rendered":"<h4>N\u00e1ro\u010dn\u00fd decembrov\u00fd program pomaly fini\u0161uje a\u00a0Karamelky na tret\u00ed de\u0148 od vypadnutia z\u00a0Ligov\u00e9ho poh\u00e1ra zav\u00edtaj\u00fa na ihrisko posledn\u00e9ho celku Premier League.<\/h4>\n<p>Je to ve\u013ek\u00e1 pr\u00edle\u017eitos\u0165 zabet\u00f3nova\u0165 sa na horn\u00fdch prie\u010dkach tabu\u013eky. Ancelotti preto vylu\u010duje ve\u013ek\u00fa rot\u00e1ciu, aj ke\u010f vzh\u013eadom na u\u017e \u0161iesty z\u00e1pas v priebehu jedn\u00e9ho mesiaca by sa patrilo. Vraj je ve\u013ek\u00e1 mo\u017enos\u0165 zotavi\u0165 v\u010das v\u00e4\u010d\u0161inu hr\u00e1\u010dov zo stredaj\u0161ieho stretnutia s Manchesterom United.<\/p>\n<p>V pondelok, ke\u010f sa stretneme s The Citizens, bude pod\u013ea mana\u017e\u00e9ra v\u0161ak rot\u00e1cia nevyhnutn\u00e1. Nepom\u00f4\u017ee n\u00e1m ani James, ktor\u00fd pre dne\u0161ok, a aj pondelok, st\u00e1le nedolie\u010dil l\u00fdtko. St\u00e1le nem\u00e1me spr\u00e1vy, \u010di Richarlison utrpel otras mozgu. Ak \u00e1no, dnes jednozna\u010dne nenast\u00fapi. Mimo s\u00fa st\u00e1le aj Digne, Delph, Allan a Gbamin.<\/p>\n<h4><strong>\u00a0Ke\u010f m\u00e1te d\u00f4veru Princa Abdullaha&#8230;<\/strong><\/h4>\n<p>&#8230;to sa hne\u010f lep\u0161ie d\u00fdcha. Najm\u00e4 ke\u010f ste za posledn\u00fdch \u0161trn\u00e1s\u0165 ligov\u00fdch z\u00e1pasov nazbierali dva body. V piatom kole za dom\u00e1cu rem\u00edzu s Fulhamom a v tom poslednom za podobn\u00fd osud na ihrisku Brightonu. A to nie je nie\u010do, \u010do by \u0165a\u017eko pracuj\u00faci Wilder pokladal za dos\u0165 dobr\u00e9. Nu\u017e, tak\u00fd je syndr\u00f3m druhej sez\u00f3ny.<\/p>\n<p>G\u00f3ly ned\u00e1vaj\u00fa, no hlavne inkasuj\u00fa viac. Jedn\u00fdm z\u00a0faktorov je aj absencia Hendersona v\u00a0br\u00e1ne, kme\u0148ov\u00e9ho hr\u00e1\u010da na Old Trafford. Ramsdale z\u00a0Bournemouthu nem\u00e1 tak\u00fa kvalitu. A zranenia \u0161iestich hr\u00e1\u010dov z\u00e1kladnej zostavy tie\u017e nezvykn\u00fa v\u00a0tak\u00fdchto situ\u00e1ci\u00e1ch pom\u00e1ha\u0165. Dnes im bud\u00fa ch\u00fdba\u0165 v z\u00e1lohe Berge a Lundstram (ktor\u00fd st\u00e1le nepodp\u00edsal nov\u00fa zmluvu), O\u00b4Connell v\u00a0obrane a\u00a0vpredu je ot\u00e1zny McBurnie.<\/p>\n<p>Ke\u010f im to v prvej sez\u00f3ne \u0161lo n\u00e1ramne dobre, a\u017e pok\u00fdm ich hor\u0161ia forma po re\u0161tarte ligy posunula na deviate, no re\u0161pektovan\u00e9 miesto, bolo to najlep\u0161ie umiestnenie od sez\u00f3ny 1991\/92. Teraz to v\u0161ak vyzer\u00e1 bezn\u00e1dejne. Zatia\u013e sa \u017eiadny t\u00edm nezachr\u00e1nil v s\u00fa\u0165a\u017ei s tak\u00fdmto po\u010dtom bodov v tejto f\u00e1ze sez\u00f3ny.<\/p>\n<h3 style=\"text-align: center;\"><span style=\"color: #3366ff;\"><strong><em>Up The Toffees !!!<\/em><\/strong><\/span><\/h3>\n<p><u>Forma s\u00fapera:<\/u><\/p>\n<table class=\"head_to_head h2h_home\" style=\"width: 99.8933%;\">\n<tbody>\n<tr class=\"odd highlight\">\n<td style=\"width: 146px;\"><span class=\"date\">20.12.20<\/span><\/td>\n<td class=\"flag_td \" style=\"width: 62px;\" title=\"Premier League (Anglicko)\">PL<\/td>\n<td class=\"name\" style=\"width: 210px;\">Brighton<\/td>\n<td class=\"name highTeam\" style=\"width: 244px;\">Sheffield Utd<\/td>\n<td class=\"\" style=\"width: 87px;\"><span class=\"score\"><strong>1 : 1<\/strong><\/span><\/td>\n<\/tr>\n<tr class=\"even highlight\">\n<td style=\"width: 146px;\"><span class=\"date\">17.12.20<\/span><\/td>\n<td class=\"flag_td \" style=\"width: 62px;\" title=\"Premier League (Anglicko)\">PL<\/td>\n<td class=\"name highTeam\" style=\"width: 210px;\">Sheffield Utd<\/td>\n<td class=\"name\" style=\"width: 244px;\"><strong>Manchester Utd<\/strong><\/td>\n<td class=\"\" style=\"width: 87px;\"><span class=\"score\"><strong>2 : 3<\/strong><\/span><\/td>\n<\/tr>\n<tr class=\"odd highlight\">\n<td style=\"width: 146px;\"><span class=\"date\">13.12.20<\/span><\/td>\n<td class=\"flag_td \" style=\"width: 62px;\" title=\"Premier League (Anglicko)\">PL<\/td>\n<td class=\"name\" style=\"width: 210px;\"><strong>Southampton<\/strong><\/td>\n<td class=\"name highTeam\" style=\"width: 244px;\">Sheffield Utd<\/td>\n<td class=\"\" style=\"width: 87px;\"><span class=\"score\"><strong>3 : 0<\/strong><\/span><\/td>\n<\/tr>\n<tr class=\"even highlight\">\n<td style=\"width: 146px;\"><span class=\"date\">06.12.20<\/span><\/td>\n<td class=\"flag_td \" style=\"width: 62px;\" title=\"Premier League (Anglicko)\">PL<\/td>\n<td class=\"name highTeam\" style=\"width: 210px;\">Sheffield Utd<\/td>\n<td class=\"name\" style=\"width: 244px;\"><strong>Leicester<\/strong><\/td>\n<td class=\"\" style=\"width: 87px;\"><span class=\"score\"><strong>1 : 2<\/strong><\/span><\/td>\n<\/tr>\n<tr class=\"odd highlight highlighted\" title=\"Klikni pre detail z\u00e1pasu!\">\n<td style=\"width: 146px;\"><span class=\"date\">28.11.20<\/span><\/td>\n<td class=\"flag_td \" style=\"width: 62px;\" title=\"Premier League (Anglicko)\">PL<\/td>\n<td class=\"name\" style=\"width: 210px;\"><strong>West Brom<\/strong><\/td>\n<td class=\"name highTeam\" style=\"width: 244px;\">Sheffield Utd<\/td>\n<td class=\"\" style=\"width: 87px;\"><span class=\"score\"><strong>1 : 0<\/strong><\/span><\/td>\n<\/tr>\n<\/tbody>\n<\/table>\n<h4><strong>\u0160tatistick\u00e9 okienko:<\/strong><\/h4>\n<ul>\n<li>Po v\u00ed\u0165azstve v\u00a0oboch ligov\u00fdch stretnutiach s Evertonom v \u00favodnej sez\u00f3ne 1992\/93 zv\u00ed\u0165azil Sheffield United iba v jednom z posledn\u00fdch \u0161iestich z\u00e1pasoch proti The Toffees (D2 L3), a to v minulej sez\u00f3ne v Goodison Parku 0:2.<\/li>\n<li>Po v\u00ed\u0165azstve 0:1 na Bramall Lane v minulej sez\u00f3ne sa Everton po prv\u00fd raz od janu\u00e1ra 1897 bude sna\u017ei\u0165 zv\u00ed\u0165azi\u0165 v\u00a0lige dvakr\u00e1t po sebe na ihrisku Sheffieldu United.<\/li>\n<li>Everton je v\u00a0lige neporazen\u00fd v posledn\u00fdch piatich z\u00e1pasoch na Boxing Day (W4 D1) od prehry 0:1 proti Stoke v roku 2014. Tie\u017e s\u00fa vonku na \u0160tefana bez prehry vo svojich posledn\u00fdch siedmich z\u00e1pasoch (W4 D3) od prehry 0:4 v Aston Ville v roku 2005.<\/li>\n<li>Sheffield United je neporazen\u00fd vo svojich posledn\u00fdch \u0161tyroch ligov\u00fdch z\u00e1pasoch na Boxing Day (W3 D1) od prehry 1:2 v Port Vale v roku 2014.<\/li>\n<li>Sheffield United je bez v\u00ed\u0165azstva vo svojich 14 z\u00e1pasoch Premier League v tejto sez\u00f3ne (D2 L12) a je iba tret\u00edm t\u00edmom po Burnley v rokoch 1889-90 a Boltone v rokoch 1902-03, ktor\u00fd v anglickej najvy\u0161\u0161ej s\u00fa\u0165a\u017ei bol do Vianoc bez v\u00ed\u0165azstva.<\/li>\n<\/ul>\n<hr \/>\n<p><strong>\u010co:<\/strong> Sheffield United FC \u2013 Everton FC, 15. kolo Premier League<br \/>\n<strong>Kedy:<\/strong> 26.12. 2020 od 21:00 SE\u010c<br \/>\n<strong>Ako:<\/strong> \u017eiadny priamy prenos, ani z\u00e1znam<br \/>\n<strong>Kde:<\/strong> Bramall Lane \u2013 Bramall Ln, Highfield, Sheffield S2 4SU (bez div\u00e1kov)<br \/>\n<strong>Rozhodca:<\/strong> David Coote <strong>Asistenti:<\/strong> G. Beswick, N. Hopton <strong>\u0160tvrt\u00fd rozhodca:<\/strong> M. Atkinson<br \/>\n<strong>VAR: <\/strong>Chris Kavanagh <strong>Asistent VAR: <\/strong>Andy Halliday<\/p>\n","protected":false},"excerpt":{"rendered":"<p>N\u00e1ro\u010dn\u00fd decembrov\u00fd program pomaly fini\u0161uje a\u00a0Karamelky na tret\u00ed de\u0148 od vypadnutia z\u00a0Ligov\u00e9ho poh\u00e1ra zav\u00edtaj\u00fa na ihrisko posledn\u00e9ho celku Premier League.<\/p>\n","protected":false},"author":1,"featured_media":13335,"comment_status":"open","ping_status":"closed","sticky":false,"template":"","format":"standard","meta":{"_eb_attr":"","_monsterinsights_skip_tracking":false,"_monsterinsights_sitenote_active":false,"_monsterinsights_sitenote_note":"","_monsterinsights_sitenote_category":0,"footnotes":""},"categories":[4],"tags":[],"yoast_head":"<!-- This site is optimized with the Yoast SEO plugin v23.4 - https:\/\/yoast.com\/wordpress\/plugins\/seo\/ -->\n<title>Preview: Sheffield United \u2013 Everton - Official Czech &amp; Slovak Everton Supporters&#039; Club<\/title>\n<meta name=\"robots\" content=\"index, follow, max-snippet:-1, max-image-preview:large, max-video-preview:-1\" \/>\n<link rel=\"canonical\" href=\"https:\/\/evertonfc.cz\/index.php\/2020\/12\/26\/preview-sheffield-united-everton-2\/\" \/>\n<meta property=\"og:locale\" content=\"cs_CZ\" \/>\n<meta property=\"og:type\" content=\"article\" \/>\n<meta property=\"og:title\" content=\"Preview: Sheffield United \u2013 Everton - Official Czech &amp; Slovak Everton Supporters&#039; Club\" \/>\n<meta property=\"og:description\" content=\"N\u00e1ro\u010dn\u00fd decembrov\u00fd program pomaly fini\u0161uje a\u00a0Karamelky na tret\u00ed de\u0148 od vypadnutia z\u00a0Ligov\u00e9ho poh\u00e1ra zav\u00edtaj\u00fa na ihrisko posledn\u00e9ho celku Premier League.\" \/>\n<meta property=\"og:url\" content=\"https:\/\/evertonfc.cz\/index.php\/2020\/12\/26\/preview-sheffield-united-everton-2\/\" \/>\n<meta property=\"og:site_name\" content=\"Official Czech &amp; Slovak Everton Supporters&#039; Club\" \/>\n<meta property=\"article:publisher\" content=\"https:\/\/www.facebook.com\/everton.fans.cz.sk\" \/>\n<meta property=\"article:published_time\" content=\"2020-12-26T14:12:39+00:00\" \/>\n<meta property=\"article:modified_time\" content=\"2020-12-26T15:04:12+00:00\" \/>\n<meta property=\"og:image\" content=\"https:\/\/evertonfc.cz\/wp-content\/uploads\/2020\/12\/Sheffield-United-VS-Everton.jpg\" \/>\n\t<meta property=\"og:image:width\" content=\"720\" \/>\n\t<meta property=\"og:image:height\" content=\"405\" \/>\n\t<meta property=\"og:image:type\" content=\"image\/jpeg\" \/>\n<meta name=\"author\" content=\"BlueBlooded\" \/>\n<meta name=\"twitter:card\" content=\"summary_large_image\" \/>\n<meta name=\"twitter:label1\" content=\"Napsal(a)\" \/>\n\t<meta name=\"twitter:data1\" content=\"BlueBlooded\" \/>\n\t<meta name=\"twitter:label2\" content=\"Odhadovan\u00e1 doba \u010dten\u00ed\" \/>\n\t<meta name=\"twitter:data2\" content=\"3 minuty\" \/>\n<script type=\"application\/ld+json\" class=\"yoast-schema-graph\">{\"@context\":\"https:\/\/schema.org\",\"@graph\":[{\"@type\":\"Article\",\"@id\":\"https:\/\/evertonfc.cz\/index.php\/2020\/12\/26\/preview-sheffield-united-everton-2\/#article\",\"isPartOf\":{\"@id\":\"https:\/\/evertonfc.cz\/index.php\/2020\/12\/26\/preview-sheffield-united-everton-2\/\"},\"author\":{\"name\":\"BlueBlooded\",\"@id\":\"https:\/\/evertonfc.cz\/#\/schema\/person\/d4493b8cbea51532597fbc4685698916\"},\"headline\":\"Preview: Sheffield United \u2013 Everton\",\"datePublished\":\"2020-12-26T14:12:39+00:00\",\"dateModified\":\"2020-12-26T15:04:12+00:00\",\"mainEntityOfPage\":{\"@id\":\"https:\/\/evertonfc.cz\/index.php\/2020\/12\/26\/preview-sheffield-united-everton-2\/\"},\"wordCount\":653,\"commentCount\":23,\"publisher\":{\"@id\":\"https:\/\/evertonfc.cz\/#organization\"},\"image\":{\"@id\":\"https:\/\/evertonfc.cz\/index.php\/2020\/12\/26\/preview-sheffield-united-everton-2\/#primaryimage\"},\"thumbnailUrl\":\"https:\/\/evertonfc.cz\/wp-content\/uploads\/2020\/12\/Sheffield-United-VS-Everton.jpg\",\"articleSection\":[\"Z\u00e1pasy\"],\"inLanguage\":\"cs\",\"potentialAction\":[{\"@type\":\"CommentAction\",\"name\":\"Comment\",\"target\":[\"https:\/\/evertonfc.cz\/index.php\/2020\/12\/26\/preview-sheffield-united-everton-2\/#respond\"]}]},{\"@type\":\"WebPage\",\"@id\":\"https:\/\/evertonfc.cz\/index.php\/2020\/12\/26\/preview-sheffield-united-everton-2\/\",\"url\":\"https:\/\/evertonfc.cz\/index.php\/2020\/12\/26\/preview-sheffield-united-everton-2\/\",\"name\":\"Preview: Sheffield United \u2013 Everton - Official Czech &amp; Slovak Everton Supporters&#039; Club\",\"isPartOf\":{\"@id\":\"https:\/\/evertonfc.cz\/#website\"},\"primaryImageOfPage\":{\"@id\":\"https:\/\/evertonfc.cz\/index.php\/2020\/12\/26\/preview-sheffield-united-everton-2\/#primaryimage\"},\"image\":{\"@id\":\"https:\/\/evertonfc.cz\/index.php\/2020\/12\/26\/preview-sheffield-united-everton-2\/#primaryimage\"},\"thumbnailUrl\":\"https:\/\/evertonfc.cz\/wp-content\/uploads\/2020\/12\/Sheffield-United-VS-Everton.jpg\",\"datePublished\":\"2020-12-26T14:12:39+00:00\",\"dateModified\":\"2020-12-26T15:04:12+00:00\",\"breadcrumb\":{\"@id\":\"https:\/\/evertonfc.cz\/index.php\/2020\/12\/26\/preview-sheffield-united-everton-2\/#breadcrumb\"},\"inLanguage\":\"cs\",\"potentialAction\":[{\"@type\":\"ReadAction\",\"target\":[\"https:\/\/evertonfc.cz\/index.php\/2020\/12\/26\/preview-sheffield-united-everton-2\/\"]}]},{\"@type\":\"ImageObject\",\"inLanguage\":\"cs\",\"@id\":\"https:\/\/evertonfc.cz\/index.php\/2020\/12\/26\/preview-sheffield-united-everton-2\/#primaryimage\",\"url\":\"https:\/\/evertonfc.cz\/wp-content\/uploads\/2020\/12\/Sheffield-United-VS-Everton.jpg\",\"contentUrl\":\"https:\/\/evertonfc.cz\/wp-content\/uploads\/2020\/12\/Sheffield-United-VS-Everton.jpg\",\"width\":720,\"height\":405},{\"@type\":\"BreadcrumbList\",\"@id\":\"https:\/\/evertonfc.cz\/index.php\/2020\/12\/26\/preview-sheffield-united-everton-2\/#breadcrumb\",\"itemListElement\":[{\"@type\":\"ListItem\",\"position\":1,\"name\":\"Home\",\"item\":\"https:\/\/evertonfc.cz\/\"},{\"@type\":\"ListItem\",\"position\":2,\"name\":\"Preview: Sheffield United \u2013 Everton\"}]},{\"@type\":\"WebSite\",\"@id\":\"https:\/\/evertonfc.cz\/#website\",\"url\":\"https:\/\/evertonfc.cz\/\",\"name\":\"Official Czech &amp; Slovak Everton Supporters&#039; Club\",\"description\":\"\",\"publisher\":{\"@id\":\"https:\/\/evertonfc.cz\/#organization\"},\"potentialAction\":[{\"@type\":\"SearchAction\",\"target\":{\"@type\":\"EntryPoint\",\"urlTemplate\":\"https:\/\/evertonfc.cz\/?s={search_term_string}\"},\"query-input\":{\"@type\":\"PropertyValueSpecification\",\"valueRequired\":true,\"valueName\":\"search_term_string\"}}],\"inLanguage\":\"cs\"},{\"@type\":\"Organization\",\"@id\":\"https:\/\/evertonfc.cz\/#organization\",\"name\":\"Official Czech & Slovak Everton Supporters' Club\",\"url\":\"https:\/\/evertonfc.cz\/\",\"logo\":{\"@type\":\"ImageObject\",\"inLanguage\":\"cs\",\"@id\":\"https:\/\/evertonfc.cz\/#\/schema\/logo\/image\/\",\"url\":\"https:\/\/evertonfc.cz\/wp-content\/uploads\/2019\/05\/logo.png\",\"contentUrl\":\"https:\/\/evertonfc.cz\/wp-content\/uploads\/2019\/05\/logo.png\",\"width\":112,\"height\":112,\"caption\":\"Official Czech & Slovak Everton Supporters' Club\"},\"image\":{\"@id\":\"https:\/\/evertonfc.cz\/#\/schema\/logo\/image\/\"},\"sameAs\":[\"https:\/\/www.facebook.com\/everton.fans.cz.sk\"]},{\"@type\":\"Person\",\"@id\":\"https:\/\/evertonfc.cz\/#\/schema\/person\/d4493b8cbea51532597fbc4685698916\",\"name\":\"BlueBlooded\",\"url\":\"https:\/\/evertonfc.cz\/index.php\/author\/admin\/\"}]}<\/script>\n<!-- \/ Yoast SEO plugin. -->","yoast_head_json":{"title":"Preview: Sheffield United \u2013 Everton - Official Czech &amp; Slovak Everton Supporters&#039; Club","robots":{"index":"index","follow":"follow","max-snippet":"max-snippet:-1","max-image-preview":"max-image-preview:large","max-video-preview":"max-video-preview:-1"},"canonical":"https:\/\/evertonfc.cz\/index.php\/2020\/12\/26\/preview-sheffield-united-everton-2\/","og_locale":"cs_CZ","og_type":"article","og_title":"Preview: Sheffield United \u2013 Everton - Official Czech &amp; Slovak Everton Supporters&#039; Club","og_description":"N\u00e1ro\u010dn\u00fd decembrov\u00fd program pomaly fini\u0161uje a\u00a0Karamelky na tret\u00ed de\u0148 od vypadnutia z\u00a0Ligov\u00e9ho poh\u00e1ra zav\u00edtaj\u00fa na ihrisko posledn\u00e9ho celku Premier League.","og_url":"https:\/\/evertonfc.cz\/index.php\/2020\/12\/26\/preview-sheffield-united-everton-2\/","og_site_name":"Official Czech &amp; Slovak Everton Supporters&#039; Club","article_publisher":"https:\/\/www.facebook.com\/everton.fans.cz.sk","article_published_time":"2020-12-26T14:12:39+00:00","article_modified_time":"2020-12-26T15:04:12+00:00","og_image":[{"width":720,"height":405,"url":"https:\/\/evertonfc.cz\/wp-content\/uploads\/2020\/12\/Sheffield-United-VS-Everton.jpg","type":"image\/jpeg"}],"author":"BlueBlooded","twitter_card":"summary_large_image","twitter_misc":{"Napsal(a)":"BlueBlooded","Odhadovan\u00e1 doba \u010dten\u00ed":"3 minuty"},"schema":{"@context":"https:\/\/schema.org","@graph":[{"@type":"Article","@id":"https:\/\/evertonfc.cz\/index.php\/2020\/12\/26\/preview-sheffield-united-everton-2\/#article","isPartOf":{"@id":"https:\/\/evertonfc.cz\/index.php\/2020\/12\/26\/preview-sheffield-united-everton-2\/"},"author":{"name":"BlueBlooded","@id":"https:\/\/evertonfc.cz\/#\/schema\/person\/d4493b8cbea51532597fbc4685698916"},"headline":"Preview: Sheffield United \u2013 Everton","datePublished":"2020-12-26T14:12:39+00:00","dateModified":"2020-12-26T15:04:12+00:00","mainEntityOfPage":{"@id":"https:\/\/evertonfc.cz\/index.php\/2020\/12\/26\/preview-sheffield-united-everton-2\/"},"wordCount":653,"commentCount":23,"publisher":{"@id":"https:\/\/evertonfc.cz\/#organization"},"image":{"@id":"https:\/\/evertonfc.cz\/index.php\/2020\/12\/26\/preview-sheffield-united-everton-2\/#primaryimage"},"thumbnailUrl":"https:\/\/evertonfc.cz\/wp-content\/uploads\/2020\/12\/Sheffield-United-VS-Everton.jpg","articleSection":["Z\u00e1pasy"],"inLanguage":"cs","potentialAction":[{"@type":"CommentAction","name":"Comment","target":["https:\/\/evertonfc.cz\/index.php\/2020\/12\/26\/preview-sheffield-united-everton-2\/#respond"]}]},{"@type":"WebPage","@id":"https:\/\/evertonfc.cz\/index.php\/2020\/12\/26\/preview-sheffield-united-everton-2\/","url":"https:\/\/evertonfc.cz\/index.php\/2020\/12\/26\/preview-sheffield-united-everton-2\/","name":"Preview: Sheffield United \u2013 Everton - Official Czech &amp; Slovak Everton Supporters&#039; Club","isPartOf":{"@id":"https:\/\/evertonfc.cz\/#website"},"primaryImageOfPage":{"@id":"https:\/\/evertonfc.cz\/index.php\/2020\/12\/26\/preview-sheffield-united-everton-2\/#primaryimage"},"image":{"@id":"https:\/\/evertonfc.cz\/index.php\/2020\/12\/26\/preview-sheffield-united-everton-2\/#primaryimage"},"thumbnailUrl":"https:\/\/evertonfc.cz\/wp-content\/uploads\/2020\/12\/Sheffield-United-VS-Everton.jpg","datePublished":"2020-12-26T14:12:39+00:00","dateModified":"2020-12-26T15:04:12+00:00","breadcrumb":{"@id":"https:\/\/evertonfc.cz\/index.php\/2020\/12\/26\/preview-sheffield-united-everton-2\/#breadcrumb"},"inLanguage":"cs","potentialAction":[{"@type":"ReadAction","target":["https:\/\/evertonfc.cz\/index.php\/2020\/12\/26\/preview-sheffield-united-everton-2\/"]}]},{"@type":"ImageObject","inLanguage":"cs","@id":"https:\/\/evertonfc.cz\/index.php\/2020\/12\/26\/preview-sheffield-united-everton-2\/#primaryimage","url":"https:\/\/evertonfc.cz\/wp-content\/uploads\/2020\/12\/Sheffield-United-VS-Everton.jpg","contentUrl":"https:\/\/evertonfc.cz\/wp-content\/uploads\/2020\/12\/Sheffield-United-VS-Everton.jpg","width":720,"height":405},{"@type":"BreadcrumbList","@id":"https:\/\/evertonfc.cz\/index.php\/2020\/12\/26\/preview-sheffield-united-everton-2\/#breadcrumb","itemListElement":[{"@type":"ListItem","position":1,"name":"Home","item":"https:\/\/evertonfc.cz\/"},{"@type":"ListItem","position":2,"name":"Preview: Sheffield United \u2013 Everton"}]},{"@type":"WebSite","@id":"https:\/\/evertonfc.cz\/#website","url":"https:\/\/evertonfc.cz\/","name":"Official Czech &amp; Slovak Everton Supporters&#039; Club","description":"","publisher":{"@id":"https:\/\/evertonfc.cz\/#organization"},"potentialAction":[{"@type":"SearchAction","target":{"@type":"EntryPoint","urlTemplate":"https:\/\/evertonfc.cz\/?s={search_term_string}"},"query-input":{"@type":"PropertyValueSpecification","valueRequired":true,"valueName":"search_term_string"}}],"inLanguage":"cs"},{"@type":"Organization","@id":"https:\/\/evertonfc.cz\/#organization","name":"Official Czech & Slovak Everton Supporters' Club","url":"https:\/\/evertonfc.cz\/","logo":{"@type":"ImageObject","inLanguage":"cs","@id":"https:\/\/evertonfc.cz\/#\/schema\/logo\/image\/","url":"https:\/\/evertonfc.cz\/wp-content\/uploads\/2019\/05\/logo.png","contentUrl":"https:\/\/evertonfc.cz\/wp-content\/uploads\/2019\/05\/logo.png","width":112,"height":112,"caption":"Official Czech & Slovak Everton Supporters' Club"},"image":{"@id":"https:\/\/evertonfc.cz\/#\/schema\/logo\/image\/"},"sameAs":["https:\/\/www.facebook.com\/everton.fans.cz.sk"]},{"@type":"Person","@id":"https:\/\/evertonfc.cz\/#\/schema\/person\/d4493b8cbea51532597fbc4685698916","name":"BlueBlooded","url":"https:\/\/evertonfc.cz\/index.php\/author\/admin\/"}]}},"_links":{"self":[{"href":"https:\/\/evertonfc.cz\/index.php\/wp-json\/wp\/v2\/posts\/13333"}],"collection":[{"href":"https:\/\/evertonfc.cz\/index.php\/wp-json\/wp\/v2\/posts"}],"about":[{"href":"https:\/\/evertonfc.cz\/index.php\/wp-json\/wp\/v2\/types\/post"}],"author":[{"embeddable":true,"href":"https:\/\/evertonfc.cz\/index.php\/wp-json\/wp\/v2\/users\/1"}],"replies":[{"embeddable":true,"href":"https:\/\/evertonfc.cz\/index.php\/wp-json\/wp\/v2\/comments?post=13333"}],"version-history":[{"count":6,"href":"https:\/\/evertonfc.cz\/index.php\/wp-json\/wp\/v2\/posts\/13333\/revisions"}],"predecessor-version":[{"id":13340,"href":"https:\/\/evertonfc.cz\/index.php\/wp-json\/wp\/v2\/posts\/13333\/revisions\/13340"}],"wp:featuredmedia":[{"embeddable":true,"href":"https:\/\/evertonfc.cz\/index.php\/wp-json\/wp\/v2\/media\/13335"}],"wp:attachment":[{"href":"https:\/\/evertonfc.cz\/index.php\/wp-json\/wp\/v2\/media?parent=13333"}],"wp:term":[{"taxonomy":"category","embeddable":true,"href":"https:\/\/evertonfc.cz\/index.php\/wp-json\/wp\/v2\/categories?post=13333"},{"taxonomy":"post_tag","embeddable":true,"href":"https:\/\/evertonfc.cz\/index.php\/wp-json\/wp\/v2\/tags?post=13333"}],"curies":[{"name":"wp","href":"https:\/\/api.w.org\/{rel}","templated":true}]}}