{"id":13346,"date":"2020-12-27T13:50:11","date_gmt":"2020-12-27T12:50:11","guid":{"rendered":"https:\/\/evertonfc.cz\/?p=13346"},"modified":"2020-12-27T18:00:14","modified_gmt":"2020-12-27T17:00:14","slug":"sheffield-united-everton-01","status":"publish","type":"post","link":"https:\/\/evertonfc.cz\/index.php\/2020\/12\/27\/sheffield-united-everton-01\/","title":{"rendered":"Sheffield United &#8211; Everton 0:1"},"content":{"rendered":"<h4>Svato\u0161t\u011bp\u00e1nsk\u00e1 dobro\u010dinnost se nekonala. Oproti o\u010dek\u00e1v\u00e1n\u00ed neposkytl Everton posledn\u00edmu Sheffieldu odrazov\u00fd m\u016fstek ode dna; naopak se s\u00e1m vyhoupl na druh\u00e9 m\u00edsto.<\/h4>\n<p>Everton si tak uchoval jinou vlastnost \u2013 nevyzpytatelnost. Progn\u00f3za p\u0159eci vypadala velmi zr\u00e1dn\u011b. Blades minule jen t\u011bsn\u011b nez\u00edskali prvn\u00ed v\u00fdhru v Brightonu a d\u00e1l tak l\u00e1mali rekordy. Lo\u0148sk\u00e1 kometa se nedo\u010dkala pln\u00e9ho bodov\u00e9ho zisku u\u017e 14 kol. Everton p\u0159i\u0161el pro ot\u0159es mozku o dal\u0161\u00ed hv\u011bzdu, Richarlisona. V \u010dek\u00e1rn\u011b u klubov\u00e9ho l\u00e9ka\u0159e se se\u0161el s Dignem,\u00a0 Allanem a Jamesem, Carlovi tak z\u016fstalo jen torzo t\u00fdmu.<\/p>\n<p>Substituenty t\u011bchto hv\u011bzd \u010dekal nav\u00edc dal\u0161\u00ed z\u00e1drhel. V ji\u017en\u00edm Yorkshiru se toti\u017e na Boxing day \u010derti \u017eenili. Nev\u00edm, jak na m\u00edstn\u00ed \u010derty, prost\u011b hust\u011b pr\u0161elo a v\u00e1l siln\u00fd v\u00edtr k tomu. Teplota na\u0161t\u011bst\u00ed nebyla a\u017e tak mraziv\u00e1, okolo 7\u00b0C. Kdy\u017e k tomu p\u0159ipo\u010dtu silov\u00fd zp\u016fsob hry soupe\u0159e, plus p\u0159edpoklad, \u017ee se budou moct p\u0159etrhnout, aby kone\u010dn\u011b bodovali.<\/p>\n<p>Abych se ale kone\u010dn\u011b dostal k tomu, o co mi jde. Zkr\u00e1tka, Anthonyho Gordona \u010dekaly opravdu t\u011b\u017ek\u00e9 podm\u00ednky pro jeho n\u00e1vrat do z\u00e1kladn\u00ed jeden\u00e1ctky. M\u00e1loco bylo ide\u00e1ln\u00ed. Alespo\u0148 po v\u00fdlet\u011b do Krkono\u0161 u\u017e spal cel\u00fd d\u016fm a z\u00e1pas jsem mohl v poklidu sledovat.<\/p>\n<h4><strong>Prvn\u00ed p\u016fle<\/strong><\/h4>\n<p>Jak se dalo p\u0159edpokl\u00e1dat, ani jeden t\u00fdm se nikam nehrnul, \u010dekalo se na chybu. A tu opravdu nikdo necht\u011bl ud\u011blat. Dlouho se tak oba t\u00fdmy o\u0165uk\u00e1vali. Za Everton se re\u017eie hry ujal Tom Davies a nutno \u0159\u00edct, \u017ee s noblesou se vyh\u00fdbal v\u0161em zkrat\u016fm.<\/p>\n<p>Prvn\u00ed v\u00fdznamn\u011bj\u0161\u00ed akce p\u0159i\u0161la po \u010dtvrthodin\u011b hry, kdy se po p\u0159ihr\u00e1vk\u00e1ch st\u0159edem h\u0159i\u0161t\u011b za obranu dostal McGoldrick, obkrou\u017eil Pickforda, na zakon\u010den\u00ed mu ale nezbylo u\u017e dost sil a jeho pokus non\u0161alantn\u011b zastavil Godfrey. Jak uk\u00e1zal zp\u011btn\u00fd z\u00e1b\u011br, p\u0159ihr\u00e1vka p\u0159i\u0161la do ofsajdov\u00e9ho postaven\u00ed.<\/p>\n<p>Everton se soust\u0159edil na jistotu vzadu, dop\u0159edu to bylo zat\u00edm nahodil\u00e9. Calvert\u016fv-Lewin\u016fv pokus proj\u00edt pokraji zatnul Egan, Iwobiho r\u00e1na z 30 metr\u016f pak prost\u011b nebyla dostate\u010dn\u011b nebezpe\u010dn\u00e1. Okolo 30. minuty se kone\u010dn\u011b serv\u00edrovalo i n\u011bco pro nezaujat\u00e9 fanou\u0161ky dbaj\u00edc\u00ed na efekt. Keane z vlastn\u00ed p\u016fle vyslal vysok\u00fd pas na hranu soupe\u0159ova v\u00e1pna. Jako la\u0148 tam vysko\u010dil DCL, ve vzduchu si hrud\u00ed posunul m\u00ed\u010d za obr\u00e1nce, ladn\u011b p\u0159ist\u00e1l a t\u00e9m\u011b\u0159 okam\u017eit\u011b vyst\u0159elil. \u0160koda p\u0159e\u0161koda, \u017ee r\u00e1na skon\u010dila kousek od ty\u010de. Mohl b\u00fdt zase o kus slavn\u011bj\u0161\u00ed.<\/p>\n<p>O p\u00e1r minut pozd\u011bji pak prochladl\u00fd Ramsdale neudr\u017eel n\u00e1kop Sigurdssona, Godfrey odra\u017een\u00fd m\u00ed\u010d do branky neprotla\u010dil, akci zastavil Keane, kdy\u017e v souboji sest\u0159elil dom\u00e1c\u00edho obr\u00e1nce. Pak p\u0159i\u0161el senza\u010dn\u00ed moment Alexe Iwobiho, kter\u00fd p\u0159i sv\u00e9m pr\u016fniku z prav\u00e9 strany pro\u0161el postupn\u011b lesem 4 nep\u0159\u00e1tel. Pot\u00e9 ale jako by ztratil fokus a m\u00ed\u010d posunul ke Gordonovi, kter\u00fd slibnou p\u0159\u00edle\u017eitost zadrbal. N\u00e1sledoval Gylfiho pozdrav z d\u00e1lky, st\u0159ela se ale k prav\u00e9 ty\u010di nezakroutila.<\/p>\n<p>Slibn\u00fd z\u00e1v\u011br polo\u010dasu ale mohl pokazit Oliver Burke, kdy\u017e v\u00a0nastaven\u00ed u brankov\u00e9 \u010d\u00e1ry p\u0159etla\u010dil Doucour\u00e9ho, z\u00a0ostr\u00e9ho \u00fahlu zvolil st\u0159elu, kterou musel vyt\u011bsnit mimo br\u00e1nu Pickford.<\/p>\n<h4><strong>Druh\u00e1 p\u016fle<\/strong><\/h4>\n<p>Po p\u0159est\u00e1vce se za\u010dalo o n\u011bco klidn\u011bji, ob\u011b mu\u017estva postupn\u011b ud\u011blala n\u011bkolik zm\u011bn. St\u0159\u00eddaj\u00edc\u00ed McBurnie sebou pl\u00e1cl ve v\u00e1pn\u011b po poklep\u00e1n\u00ed po rameni od Keana. Ale VAR to penaltou neocenil. Gordon, kter\u00e9mu snad pro v\u00fd\u0161e zm\u00edn\u011bn\u00e9 d\u016fvody zt\u011b\u017ekly nohy, toho moc nep\u0159edvedl, a tak ho nahradil Bernard. \u0160koda, byla to p\u0159\u00edle\u017eitost \u0159\u00edci si o v\u011bt\u0161\u00ed pod\u00edl hern\u00edho \u010dasu. Brazilec byl o n\u011bco aktivn\u011bj\u0161\u00ed, na druh\u00e9 stran\u011b m\u011bl rozh\u00fdbat lajnu Coleman. \u0160el za Keana, snad ne\u0161lo o zran\u011bn\u00ed, ale o odpo\u010dinek a do st\u0159edu se tak posunul Holgate. Coleman se po chvilce p\u0159edstavil st\u0159\u00edlen\u00fdm centrem, kter\u00fd Ramsdale zkrotil a\u017e na podruh\u00e9.<\/p>\n<p>U\u017e se z\u00e1pas schyloval k bezbrankov\u00e9 rem\u00edze, kdy\u017e Everton p\u0159itla\u010dil. Iwobi zacentroval na DCL, kter\u00e9ho sice nena\u0161el, ale Blades nedok\u00e1zali dostat m\u00ed\u010d daleko. DCL vr\u00e1til na st\u0159ed, m\u00ed\u010d doputoval k Sigurdssonovi, kter\u00fd dlouh\u00fdm m\u00ed\u010dem znovu hledal DCL. M\u00ed\u010d se dostal na v\u00e1pn\u011b k Bernardovi a via Doucour\u00e9 putoval ke Gylfimu, kter\u00fd nab\u011bhl z druh\u00e9 vlny. Ten si po\u010d\u00ednal maz\u00e1cky, posunul si m\u00ed\u010d doprava a k\u0159\u00ed\u017eem trefil lev\u00fd doln\u00ed roh \u2013 <strong>0:1<\/strong>.<\/p>\n<p>Everton se rozhodl uh\u00e1jit jednobrankov\u00e9 veden\u00ed za ka\u017edou cenu. Godfrey se bl\u00fdskl sv\u00fdm trademark pr\u016fnikem po lajn\u011b, kter\u00fd zastavili dom\u00e1c\u00ed a\u017e s faulem. Odvr\u00e1cenou stranou tohoto sna\u017een\u00ed byly pokusy o zdr\u017eov\u00e1n\u00ed. Bernard cynicky zastavil postup soupe\u0159e za \u017elutou a pak nen\u00e1padn\u011b zakopl m\u00ed\u010d. Za podobn\u00e9 br\u00e1n\u011bn\u00ed rychl\u00e9 rozehr\u00e1vky dostal \u017elutou DCL. S v\u00fdkopem ot\u00e1lel dlouho Pickford. Podobn\u011b dopadl Godfrey. Zd\u00e1 se, \u017ee n\u011bkdo rozhod\u010d\u00ed upozornil na na\u0161i liknavost v z\u00e1v\u011brech utk\u00e1n\u00ed.<\/p>\n<p>Do otev\u0159en\u00e9 obrany se dostal st\u0159\u00eddaj\u00edc\u00ed Gomes a \u0161el si pro penaltu. Sv\u016fj p\u00e1d se sna\u017eil nat\u00e1hnout a\u017e do v\u00e1pna. Na druhou stranu, i kdy\u017e p\u0159ed v\u00e1pnem, Egan prost\u011b nechal v cest\u011b zdvi\u017een\u00e9 koleno. Co\u017e je podle m\u011b faul, i kdy\u017e zdvihnete ruce a vehementn\u011b se podivujete.<\/p>\n<p>V z\u00e1v\u011bru se za Blades do dvou dobr\u00fdch p\u0159\u00edle\u017eitost\u00ed dostal McBurnie. P\u0159i prvn\u00ed hlavi\u010dce jej rozpt\u00fdlil Mina, v nastaven\u00ed pak z v\u00e1pna na\u0161t\u011bst\u00ed netrefil ani branku. V\u00edc u\u017e toho nestihli a Everton se v\u00fdhrou vy\u0161kr\u00e1bal na druh\u00e9 m\u00edsto, dva body za m\u011bstsk\u00e9ho rivala. K\u00e9\u017e by tak ten star\u00fd mizera Big Sam dnes vy\u0161melil alespo\u0148 bod se sv\u00fdmi Baggies!<\/p>\n<p style=\"text-align: right;\"><span style=\"font-size: 8pt;\">(foto zdroj: footyheroes.com)<\/span><\/p>\n<p><strong>Branka<\/strong>: 80. Sigurdsson<\/p>\n<p><strong>\u017dlut\u00e9 karty<\/strong>: 71. Baldock, 90. Robinson \u2013 53. Calvert-Lewin, 81. Bernard, 89. Godfrey, 90. Pickford.<\/p>\n<p><strong>Sheffield United<\/strong>: Ramsdale \u2013 Baldock, Basham, Egan, Robinson, Stevens \u2013 Ampadu, Osborn \u2013 McGoldrick (63. Norwood), Brewster (76. Mousset), Burke (45. McBurnie).<\/p>\n<p><strong>Everton<\/strong>: Pickford \u2013 Holgate, Mina, Keane (66. Coleman), Godfrey \u2013 Doucour\u00e9, Davies (74. Gomes) Sigurdsson \u2013 Iwobi, Calvert-Lewin, Gordon (66. Bernard).<\/p>\n<p><strong>Rozhod\u010d\u00ed<\/strong>: David Coote\u00a0 <strong>Bez div\u00e1ku<\/strong><\/p>\n","protected":false},"excerpt":{"rendered":"<p>Svato\u0161t\u011bp\u00e1nsk\u00e1 dobro\u010dinnost se nekonala. Oproti o\u010dek\u00e1v\u00e1n\u00ed neposkytl Everton posledn\u00edmu Sheffieldu odrazov\u00fd m\u016fstek ode dna; naopak se s\u00e1m vyhoupl na druh\u00e9 m\u00edsto.<\/p>\n","protected":false},"author":10,"featured_media":13349,"comment_status":"open","ping_status":"closed","sticky":false,"template":"","format":"standard","meta":{"_eb_attr":"","_monsterinsights_skip_tracking":false,"_monsterinsights_sitenote_active":false,"_monsterinsights_sitenote_note":"","_monsterinsights_sitenote_category":0,"footnotes":""},"categories":[4],"tags":[],"yoast_head":"<!-- This site is optimized with the Yoast SEO plugin v23.4 - https:\/\/yoast.com\/wordpress\/plugins\/seo\/ -->\n<title>Sheffield United - Everton 0:1 - Official Czech &amp; Slovak Everton Supporters&#039; Club<\/title>\n<meta name=\"robots\" content=\"index, follow, max-snippet:-1, max-image-preview:large, max-video-preview:-1\" \/>\n<link rel=\"canonical\" href=\"https:\/\/evertonfc.cz\/index.php\/2020\/12\/27\/sheffield-united-everton-01\/\" \/>\n<meta property=\"og:locale\" content=\"cs_CZ\" \/>\n<meta property=\"og:type\" content=\"article\" \/>\n<meta property=\"og:title\" content=\"Sheffield United - Everton 0:1 - Official Czech &amp; Slovak Everton Supporters&#039; Club\" \/>\n<meta property=\"og:description\" content=\"Svato\u0161t\u011bp\u00e1nsk\u00e1 dobro\u010dinnost se nekonala. Oproti o\u010dek\u00e1v\u00e1n\u00ed neposkytl Everton posledn\u00edmu Sheffieldu odrazov\u00fd m\u016fstek ode dna; naopak se s\u00e1m vyhoupl na druh\u00e9 m\u00edsto.\" \/>\n<meta property=\"og:url\" content=\"https:\/\/evertonfc.cz\/index.php\/2020\/12\/27\/sheffield-united-everton-01\/\" \/>\n<meta property=\"og:site_name\" content=\"Official Czech &amp; Slovak Everton Supporters&#039; Club\" \/>\n<meta property=\"article:publisher\" content=\"https:\/\/www.facebook.com\/everton.fans.cz.sk\" \/>\n<meta property=\"article:published_time\" content=\"2020-12-27T12:50:11+00:00\" \/>\n<meta property=\"article:modified_time\" content=\"2020-12-27T17:00:14+00:00\" \/>\n<meta property=\"og:image\" content=\"https:\/\/evertonfc.cz\/wp-content\/uploads\/2020\/12\/blades12_2020-2.jpg\" \/>\n\t<meta property=\"og:image:width\" content=\"720\" \/>\n\t<meta property=\"og:image:height\" content=\"405\" \/>\n\t<meta property=\"og:image:type\" content=\"image\/jpeg\" \/>\n<meta name=\"author\" content=\"Fip\" \/>\n<meta name=\"twitter:card\" content=\"summary_large_image\" \/>\n<meta name=\"twitter:label1\" content=\"Napsal(a)\" \/>\n\t<meta name=\"twitter:data1\" content=\"Fip\" \/>\n\t<meta name=\"twitter:label2\" content=\"Odhadovan\u00e1 doba \u010dten\u00ed\" \/>\n\t<meta name=\"twitter:data2\" content=\"6 minut\" \/>\n<script type=\"application\/ld+json\" class=\"yoast-schema-graph\">{\"@context\":\"https:\/\/schema.org\",\"@graph\":[{\"@type\":\"Article\",\"@id\":\"https:\/\/evertonfc.cz\/index.php\/2020\/12\/27\/sheffield-united-everton-01\/#article\",\"isPartOf\":{\"@id\":\"https:\/\/evertonfc.cz\/index.php\/2020\/12\/27\/sheffield-united-everton-01\/\"},\"author\":{\"name\":\"Fip\",\"@id\":\"https:\/\/evertonfc.cz\/#\/schema\/person\/35904009755e8eaa0dc1a5f5f0419002\"},\"headline\":\"Sheffield United &#8211; Everton 0:1\",\"datePublished\":\"2020-12-27T12:50:11+00:00\",\"dateModified\":\"2020-12-27T17:00:14+00:00\",\"mainEntityOfPage\":{\"@id\":\"https:\/\/evertonfc.cz\/index.php\/2020\/12\/27\/sheffield-united-everton-01\/\"},\"wordCount\":1125,\"commentCount\":1,\"publisher\":{\"@id\":\"https:\/\/evertonfc.cz\/#organization\"},\"image\":{\"@id\":\"https:\/\/evertonfc.cz\/index.php\/2020\/12\/27\/sheffield-united-everton-01\/#primaryimage\"},\"thumbnailUrl\":\"https:\/\/evertonfc.cz\/wp-content\/uploads\/2020\/12\/blades12_2020-2.jpg\",\"articleSection\":[\"Z\u00e1pasy\"],\"inLanguage\":\"cs\",\"potentialAction\":[{\"@type\":\"CommentAction\",\"name\":\"Comment\",\"target\":[\"https:\/\/evertonfc.cz\/index.php\/2020\/12\/27\/sheffield-united-everton-01\/#respond\"]}]},{\"@type\":\"WebPage\",\"@id\":\"https:\/\/evertonfc.cz\/index.php\/2020\/12\/27\/sheffield-united-everton-01\/\",\"url\":\"https:\/\/evertonfc.cz\/index.php\/2020\/12\/27\/sheffield-united-everton-01\/\",\"name\":\"Sheffield United - Everton 0:1 - Official Czech &amp; Slovak Everton Supporters&#039; Club\",\"isPartOf\":{\"@id\":\"https:\/\/evertonfc.cz\/#website\"},\"primaryImageOfPage\":{\"@id\":\"https:\/\/evertonfc.cz\/index.php\/2020\/12\/27\/sheffield-united-everton-01\/#primaryimage\"},\"image\":{\"@id\":\"https:\/\/evertonfc.cz\/index.php\/2020\/12\/27\/sheffield-united-everton-01\/#primaryimage\"},\"thumbnailUrl\":\"https:\/\/evertonfc.cz\/wp-content\/uploads\/2020\/12\/blades12_2020-2.jpg\",\"datePublished\":\"2020-12-27T12:50:11+00:00\",\"dateModified\":\"2020-12-27T17:00:14+00:00\",\"breadcrumb\":{\"@id\":\"https:\/\/evertonfc.cz\/index.php\/2020\/12\/27\/sheffield-united-everton-01\/#breadcrumb\"},\"inLanguage\":\"cs\",\"potentialAction\":[{\"@type\":\"ReadAction\",\"target\":[\"https:\/\/evertonfc.cz\/index.php\/2020\/12\/27\/sheffield-united-everton-01\/\"]}]},{\"@type\":\"ImageObject\",\"inLanguage\":\"cs\",\"@id\":\"https:\/\/evertonfc.cz\/index.php\/2020\/12\/27\/sheffield-united-everton-01\/#primaryimage\",\"url\":\"https:\/\/evertonfc.cz\/wp-content\/uploads\/2020\/12\/blades12_2020-2.jpg\",\"contentUrl\":\"https:\/\/evertonfc.cz\/wp-content\/uploads\/2020\/12\/blades12_2020-2.jpg\",\"width\":720,\"height\":405},{\"@type\":\"BreadcrumbList\",\"@id\":\"https:\/\/evertonfc.cz\/index.php\/2020\/12\/27\/sheffield-united-everton-01\/#breadcrumb\",\"itemListElement\":[{\"@type\":\"ListItem\",\"position\":1,\"name\":\"Home\",\"item\":\"https:\/\/evertonfc.cz\/\"},{\"@type\":\"ListItem\",\"position\":2,\"name\":\"Sheffield United &#8211; Everton 0:1\"}]},{\"@type\":\"WebSite\",\"@id\":\"https:\/\/evertonfc.cz\/#website\",\"url\":\"https:\/\/evertonfc.cz\/\",\"name\":\"Official Czech &amp; Slovak Everton Supporters&#039; Club\",\"description\":\"\",\"publisher\":{\"@id\":\"https:\/\/evertonfc.cz\/#organization\"},\"potentialAction\":[{\"@type\":\"SearchAction\",\"target\":{\"@type\":\"EntryPoint\",\"urlTemplate\":\"https:\/\/evertonfc.cz\/?s={search_term_string}\"},\"query-input\":{\"@type\":\"PropertyValueSpecification\",\"valueRequired\":true,\"valueName\":\"search_term_string\"}}],\"inLanguage\":\"cs\"},{\"@type\":\"Organization\",\"@id\":\"https:\/\/evertonfc.cz\/#organization\",\"name\":\"Official Czech & Slovak Everton Supporters' Club\",\"url\":\"https:\/\/evertonfc.cz\/\",\"logo\":{\"@type\":\"ImageObject\",\"inLanguage\":\"cs\",\"@id\":\"https:\/\/evertonfc.cz\/#\/schema\/logo\/image\/\",\"url\":\"https:\/\/evertonfc.cz\/wp-content\/uploads\/2019\/05\/logo.png\",\"contentUrl\":\"https:\/\/evertonfc.cz\/wp-content\/uploads\/2019\/05\/logo.png\",\"width\":112,\"height\":112,\"caption\":\"Official Czech & Slovak Everton Supporters' Club\"},\"image\":{\"@id\":\"https:\/\/evertonfc.cz\/#\/schema\/logo\/image\/\"},\"sameAs\":[\"https:\/\/www.facebook.com\/everton.fans.cz.sk\"]},{\"@type\":\"Person\",\"@id\":\"https:\/\/evertonfc.cz\/#\/schema\/person\/35904009755e8eaa0dc1a5f5f0419002\",\"name\":\"Fip\",\"url\":\"https:\/\/evertonfc.cz\/index.php\/author\/fip\/\"}]}<\/script>\n<!-- \/ Yoast SEO plugin. -->","yoast_head_json":{"title":"Sheffield United - Everton 0:1 - Official Czech &amp; Slovak Everton Supporters&#039; Club","robots":{"index":"index","follow":"follow","max-snippet":"max-snippet:-1","max-image-preview":"max-image-preview:large","max-video-preview":"max-video-preview:-1"},"canonical":"https:\/\/evertonfc.cz\/index.php\/2020\/12\/27\/sheffield-united-everton-01\/","og_locale":"cs_CZ","og_type":"article","og_title":"Sheffield United - Everton 0:1 - Official Czech &amp; Slovak Everton Supporters&#039; Club","og_description":"Svato\u0161t\u011bp\u00e1nsk\u00e1 dobro\u010dinnost se nekonala. Oproti o\u010dek\u00e1v\u00e1n\u00ed neposkytl Everton posledn\u00edmu Sheffieldu odrazov\u00fd m\u016fstek ode dna; naopak se s\u00e1m vyhoupl na druh\u00e9 m\u00edsto.","og_url":"https:\/\/evertonfc.cz\/index.php\/2020\/12\/27\/sheffield-united-everton-01\/","og_site_name":"Official Czech &amp; Slovak Everton Supporters&#039; Club","article_publisher":"https:\/\/www.facebook.com\/everton.fans.cz.sk","article_published_time":"2020-12-27T12:50:11+00:00","article_modified_time":"2020-12-27T17:00:14+00:00","og_image":[{"width":720,"height":405,"url":"https:\/\/evertonfc.cz\/wp-content\/uploads\/2020\/12\/blades12_2020-2.jpg","type":"image\/jpeg"}],"author":"Fip","twitter_card":"summary_large_image","twitter_misc":{"Napsal(a)":"Fip","Odhadovan\u00e1 doba \u010dten\u00ed":"6 minut"},"schema":{"@context":"https:\/\/schema.org","@graph":[{"@type":"Article","@id":"https:\/\/evertonfc.cz\/index.php\/2020\/12\/27\/sheffield-united-everton-01\/#article","isPartOf":{"@id":"https:\/\/evertonfc.cz\/index.php\/2020\/12\/27\/sheffield-united-everton-01\/"},"author":{"name":"Fip","@id":"https:\/\/evertonfc.cz\/#\/schema\/person\/35904009755e8eaa0dc1a5f5f0419002"},"headline":"Sheffield United &#8211; Everton 0:1","datePublished":"2020-12-27T12:50:11+00:00","dateModified":"2020-12-27T17:00:14+00:00","mainEntityOfPage":{"@id":"https:\/\/evertonfc.cz\/index.php\/2020\/12\/27\/sheffield-united-everton-01\/"},"wordCount":1125,"commentCount":1,"publisher":{"@id":"https:\/\/evertonfc.cz\/#organization"},"image":{"@id":"https:\/\/evertonfc.cz\/index.php\/2020\/12\/27\/sheffield-united-everton-01\/#primaryimage"},"thumbnailUrl":"https:\/\/evertonfc.cz\/wp-content\/uploads\/2020\/12\/blades12_2020-2.jpg","articleSection":["Z\u00e1pasy"],"inLanguage":"cs","potentialAction":[{"@type":"CommentAction","name":"Comment","target":["https:\/\/evertonfc.cz\/index.php\/2020\/12\/27\/sheffield-united-everton-01\/#respond"]}]},{"@type":"WebPage","@id":"https:\/\/evertonfc.cz\/index.php\/2020\/12\/27\/sheffield-united-everton-01\/","url":"https:\/\/evertonfc.cz\/index.php\/2020\/12\/27\/sheffield-united-everton-01\/","name":"Sheffield United - Everton 0:1 - Official Czech &amp; Slovak Everton Supporters&#039; Club","isPartOf":{"@id":"https:\/\/evertonfc.cz\/#website"},"primaryImageOfPage":{"@id":"https:\/\/evertonfc.cz\/index.php\/2020\/12\/27\/sheffield-united-everton-01\/#primaryimage"},"image":{"@id":"https:\/\/evertonfc.cz\/index.php\/2020\/12\/27\/sheffield-united-everton-01\/#primaryimage"},"thumbnailUrl":"https:\/\/evertonfc.cz\/wp-content\/uploads\/2020\/12\/blades12_2020-2.jpg","datePublished":"2020-12-27T12:50:11+00:00","dateModified":"2020-12-27T17:00:14+00:00","breadcrumb":{"@id":"https:\/\/evertonfc.cz\/index.php\/2020\/12\/27\/sheffield-united-everton-01\/#breadcrumb"},"inLanguage":"cs","potentialAction":[{"@type":"ReadAction","target":["https:\/\/evertonfc.cz\/index.php\/2020\/12\/27\/sheffield-united-everton-01\/"]}]},{"@type":"ImageObject","inLanguage":"cs","@id":"https:\/\/evertonfc.cz\/index.php\/2020\/12\/27\/sheffield-united-everton-01\/#primaryimage","url":"https:\/\/evertonfc.cz\/wp-content\/uploads\/2020\/12\/blades12_2020-2.jpg","contentUrl":"https:\/\/evertonfc.cz\/wp-content\/uploads\/2020\/12\/blades12_2020-2.jpg","width":720,"height":405},{"@type":"BreadcrumbList","@id":"https:\/\/evertonfc.cz\/index.php\/2020\/12\/27\/sheffield-united-everton-01\/#breadcrumb","itemListElement":[{"@type":"ListItem","position":1,"name":"Home","item":"https:\/\/evertonfc.cz\/"},{"@type":"ListItem","position":2,"name":"Sheffield United &#8211; Everton 0:1"}]},{"@type":"WebSite","@id":"https:\/\/evertonfc.cz\/#website","url":"https:\/\/evertonfc.cz\/","name":"Official Czech &amp; Slovak Everton Supporters&#039; Club","description":"","publisher":{"@id":"https:\/\/evertonfc.cz\/#organization"},"potentialAction":[{"@type":"SearchAction","target":{"@type":"EntryPoint","urlTemplate":"https:\/\/evertonfc.cz\/?s={search_term_string}"},"query-input":{"@type":"PropertyValueSpecification","valueRequired":true,"valueName":"search_term_string"}}],"inLanguage":"cs"},{"@type":"Organization","@id":"https:\/\/evertonfc.cz\/#organization","name":"Official Czech & Slovak Everton Supporters' Club","url":"https:\/\/evertonfc.cz\/","logo":{"@type":"ImageObject","inLanguage":"cs","@id":"https:\/\/evertonfc.cz\/#\/schema\/logo\/image\/","url":"https:\/\/evertonfc.cz\/wp-content\/uploads\/2019\/05\/logo.png","contentUrl":"https:\/\/evertonfc.cz\/wp-content\/uploads\/2019\/05\/logo.png","width":112,"height":112,"caption":"Official Czech & Slovak Everton Supporters' Club"},"image":{"@id":"https:\/\/evertonfc.cz\/#\/schema\/logo\/image\/"},"sameAs":["https:\/\/www.facebook.com\/everton.fans.cz.sk"]},{"@type":"Person","@id":"https:\/\/evertonfc.cz\/#\/schema\/person\/35904009755e8eaa0dc1a5f5f0419002","name":"Fip","url":"https:\/\/evertonfc.cz\/index.php\/author\/fip\/"}]}},"_links":{"self":[{"href":"https:\/\/evertonfc.cz\/index.php\/wp-json\/wp\/v2\/posts\/13346"}],"collection":[{"href":"https:\/\/evertonfc.cz\/index.php\/wp-json\/wp\/v2\/posts"}],"about":[{"href":"https:\/\/evertonfc.cz\/index.php\/wp-json\/wp\/v2\/types\/post"}],"author":[{"embeddable":true,"href":"https:\/\/evertonfc.cz\/index.php\/wp-json\/wp\/v2\/users\/10"}],"replies":[{"embeddable":true,"href":"https:\/\/evertonfc.cz\/index.php\/wp-json\/wp\/v2\/comments?post=13346"}],"version-history":[{"count":8,"href":"https:\/\/evertonfc.cz\/index.php\/wp-json\/wp\/v2\/posts\/13346\/revisions"}],"predecessor-version":[{"id":13361,"href":"https:\/\/evertonfc.cz\/index.php\/wp-json\/wp\/v2\/posts\/13346\/revisions\/13361"}],"wp:featuredmedia":[{"embeddable":true,"href":"https:\/\/evertonfc.cz\/index.php\/wp-json\/wp\/v2\/media\/13349"}],"wp:attachment":[{"href":"https:\/\/evertonfc.cz\/index.php\/wp-json\/wp\/v2\/media?parent=13346"}],"wp:term":[{"taxonomy":"category","embeddable":true,"href":"https:\/\/evertonfc.cz\/index.php\/wp-json\/wp\/v2\/categories?post=13346"},{"taxonomy":"post_tag","embeddable":true,"href":"https:\/\/evertonfc.cz\/index.php\/wp-json\/wp\/v2\/tags?post=13346"}],"curies":[{"name":"wp","href":"https:\/\/api.w.org\/{rel}","templated":true}]}}