{"id":13365,"date":"2020-12-28T11:35:36","date_gmt":"2020-12-28T10:35:36","guid":{"rendered":"https:\/\/evertonfc.cz\/?p=13365"},"modified":"2020-12-28T20:23:43","modified_gmt":"2020-12-28T19:23:43","slug":"preview-everton-manchester-city-12","status":"publish","type":"post","link":"https:\/\/evertonfc.cz\/index.php\/2020\/12\/28\/preview-everton-manchester-city-12\/","title":{"rendered":"Odlo\u017eeno: Everton &#8211; Manchester City"},"content":{"rendered":"<h4 style=\"text-align: center;\">Aktualizace 17:00<\/h4>\n<p><em>Po zased\u00e1n\u00ed p\u0159edstavenstva Premier League dnes odpoledne byl Everton informov\u00e1n, \u017ee ve\u010dern\u00ed z\u00e1pas s Manchesterem City byl odlo\u017een z d\u016fvodu n\u00e1r\u016fstu po\u010dtu p\u0159\u00edpad\u016f COVID-19 v k\u00e1dru Citizens.<\/em><\/p>\n<p><em>N\u00e1hradn\u00ed term\u00edn odlo\u017een\u00e9ho utk\u00e1n\u00ed bude brzy ur\u010den a n\u00e1sledn\u011b ozn\u00e1men <a href=\"http:\/\/www.evertonfc.com\" target=\"_blank\" rel=\"noopener noreferrer\">na ofici\u00e1ln\u00edm klubov\u00e9m webu<\/a>. <\/em><em>Dal\u0161\u00edm z\u00e1pasem Evertonu je novoro\u010dn\u00ed ligov\u00e9 kl\u00e1n\u00ed s West Hamem United.<\/em><\/p>\n<hr \/>\n<h4>Nabit\u00fd adventn\u00ed program pokra\u010duje \u0161l\u00e1grem tohoto kola. Druh\u00fd Everton host\u00ed \u0161est\u00fd Manchester City.<\/h4>\n<p>Je to tak. Skv\u011bl\u00e1 prosincov\u00e1 forma Evertonu znamen\u00e1, \u017ee do dne\u0161n\u00edho z\u00e1pasu jde z druh\u00e9ho m\u00edsta. Kdy\u017e dom\u00e1c\u00ed vyhraj\u00ed, zlikviduj\u00ed n\u00e1skok prvn\u00edho t\u00fdmu tabulky a budou hor\u0161\u00ed pouze o sk\u00f3re. Co to znamen\u00e1? \u017de Burnley je lep\u0161\u00ed ne\u017e Chelsea, Leicester, Arsenal a Sheffield United.<\/p>\n<p>Ale host\u00e9 tak\u00e9 nezah\u00e1lej\u00ed &#8211; po slab\u0161\u00edm za\u010d\u00e1tku se rozjeli a z posledn\u00edch p\u011bti ligov\u00fdch z\u00e1pas\u016f z\u00edskali 11 bod\u016f, p\u0159i\u010dem\u017e b\u011bhem t\u00e9to \u0161\u0148\u016fry inkasovali jedin\u00fd g\u00f3l. D\u016fkaz toho, \u017ee je tahle sez\u00f3na opravdu zvl\u00e1\u0161tn\u00ed? Bylo to proti WBA, t\u00fdmu, kter\u00fd bojuje o z\u00e1chranu a u\u017e vyhodil mana\u017eera&#8230; A kdy\u017e u\u017e jsme u Baggies &#8211; za v\u010derej\u0161\u00ed rem\u00edzku na druh\u00e9m konci Stanley Parku samoz\u0159ejm\u011b redakce velmi d\u011bkuje a uctiv\u011b nech\u00e1v\u00e1 pozdravovat. Citizens t\u00e9\u017e postoupili do semifin\u00e1le Ligov\u00e9ho poh\u00e1ru (na rozd\u00edl od Evertonu), p\u0159i\u010dem\u017e tento z\u00e1pas odehraj\u00ed na druh\u00e9m konci m\u011bsta, tak\u017ee mohou Toffees pomst\u00edt.<\/p>\n<p>Nicm\u00e9n\u011b zp\u011bt k utk\u00e1n\u00ed. Mana\u017eer Ancelotti nijak netajil po sobotn\u00ed v\u00fdh\u0159e nad Sheffieldem United p\u0159ekvapen\u00ed nad pr\u016fb\u011b\u017en\u00fdm um\u00edst\u011bn\u00edm klubu, ale varoval p\u0159ed p\u0159\u00edli\u0161n\u00fdm optimismem. &#8222;<em>Je\u0161t\u011b nejsme na \u00farovni t\u00fdm\u016f, kter\u00e9 bojuj\u00ed o titul. Ale chceme b\u00fdt co nejd\u0159\u00edve. Pracujeme na tom.&#8220; <\/em>Zopakoval, \u017ee c\u00edlem pro tuto sez\u00f3nu je postup do evropsk\u00fdch poh\u00e1r\u016f.<\/p>\n<p>Jak jsou na tom t\u00fdmy zdravotn\u011b? Nen\u00ed tajemstv\u00edm, \u017ee ti, co chyb\u011bli v sobotu, budou dom\u00e1c\u00edm chyb\u011bt znovu. Marodka Evertonu je tedy n\u00e1sleduj\u00edc\u00ed: Allan, Digne, Gbamin, Richarlison a Rodr\u00edguez. Richarlison by m\u011bl b\u00fdt k dispozici pro p\u00e1te\u010dn\u00ed utk\u00e1n\u00ed proti West Hamu, Digne ji\u017e tr\u00e9nuje individu\u00e1ln\u011b a mohl by se vr\u00e1tit na konci ledna, stejn\u011b jako Allan. Manchester City bude ur\u010dit\u011b bez Jesuse a Walkera, kte\u0159\u00ed byli pozitivn\u011b testov\u00e1ni na koronavirus. Guardiola t\u00e9\u017e pe\u010dliv\u011b zva\u017euje nasazen\u00ed dvojice Ag\u00fcero &#8211; De Bruyne. Argentinsk\u00fd hro\u0165\u00e1k zat\u00edm dost\u00e1v\u00e1 minuty z pozice st\u0159\u00eddaj\u00edc\u00edho hr\u00e1\u010de, belgick\u00fd z\u00e1lo\u017en\u00edk odehr\u00e1l v sobotu cel\u00fd z\u00e1pas a v \u00fater\u00fd v Ligov\u00e9m poh\u00e1ru proti Arsenalu odpo\u010d\u00edval. Le\u010d jde o druh\u00fd z\u00e1pas ve t\u0159ech dnech.. I Everton sestavu jist\u011b trochu proto\u010d\u00ed, nab\u00edz\u00ed se nasazen\u00ed Colemana na jeho obvykl\u00fd post prav\u00e9ho obr\u00e1nce a posazen\u00ed Pickforda. Le\u010d to jde \u010dist\u011b o mou spekulaci.<\/p>\n<p>P. S. Chcete si vyd\u011blat? Kurz na v\u00fdhru Evertonu je v dob\u011b psan\u00ed tohoto \u010dl\u00e1nku u Tipsportu 7,73&#8230;<\/p>\n<p><strong>Co:\u00a0<\/strong>Everton FC &#8211; Manchester City FC, 16. kolo Premier League<br \/>\n<strong>Kdy:\u00a0<\/strong>28. 12. 2020 od 21:00<br \/>\n<strong>Kde:\u00a0<\/strong>Goodison Park<br \/>\n<strong>TV:\u00a0<\/strong>P\u0159\u00edm\u00fd p\u0159enos na stanici Premier Sport<br \/>\n<strong>Rozhod\u010d\u00ed:\u00a0<\/strong>Martin Atkinson &#8211; Lee Betts, Constantine Hatzidakis\u00a0<strong>\u010ctvrt\u00fd rozhod\u010d\u00ed: <\/strong>Chris Kavanagh<br \/>\n<strong>Videorozhod\u010d\u00ed:\u00a0<\/strong>Mike Dean <strong>Asistent videorozhod\u010d\u00edho: <\/strong>Darren Cann<\/p>\n","protected":false},"excerpt":{"rendered":"<p>Ve\u010dern\u00ed z\u00e1pas s Manchesterem City byl odlo\u017een z d\u016fvodu n\u00e1r\u016fstu po\u010dtu p\u0159\u00edpad\u016f COVID-19 v k\u00e1dru Citizens.<\/p>\n","protected":false},"author":12,"featured_media":13367,"comment_status":"open","ping_status":"closed","sticky":false,"template":"","format":"standard","meta":{"_eb_attr":"","_monsterinsights_skip_tracking":false,"_monsterinsights_sitenote_active":false,"_monsterinsights_sitenote_note":"","_monsterinsights_sitenote_category":0,"footnotes":""},"categories":[4],"tags":[],"yoast_head":"<!-- This site is optimized with the Yoast SEO plugin v23.4 - https:\/\/yoast.com\/wordpress\/plugins\/seo\/ -->\n<title>Odlo\u017eeno: Everton - Manchester City - Official Czech &amp; Slovak Everton Supporters&#039; Club<\/title>\n<meta name=\"robots\" content=\"index, follow, max-snippet:-1, max-image-preview:large, max-video-preview:-1\" \/>\n<link rel=\"canonical\" href=\"https:\/\/evertonfc.cz\/index.php\/2020\/12\/28\/preview-everton-manchester-city-12\/\" \/>\n<meta property=\"og:locale\" content=\"cs_CZ\" \/>\n<meta property=\"og:type\" content=\"article\" \/>\n<meta property=\"og:title\" content=\"Odlo\u017eeno: Everton - Manchester City - Official Czech &amp; Slovak Everton Supporters&#039; Club\" \/>\n<meta property=\"og:description\" content=\"Ve\u010dern\u00ed z\u00e1pas s Manchesterem City byl odlo\u017een z d\u016fvodu n\u00e1r\u016fstu po\u010dtu p\u0159\u00edpad\u016f COVID-19 v k\u00e1dru Citizens.\" \/>\n<meta property=\"og:url\" content=\"https:\/\/evertonfc.cz\/index.php\/2020\/12\/28\/preview-everton-manchester-city-12\/\" \/>\n<meta property=\"og:site_name\" content=\"Official Czech &amp; Slovak Everton Supporters&#039; Club\" \/>\n<meta property=\"article:publisher\" content=\"https:\/\/www.facebook.com\/everton.fans.cz.sk\" \/>\n<meta property=\"article:published_time\" content=\"2020-12-28T10:35:36+00:00\" \/>\n<meta property=\"article:modified_time\" content=\"2020-12-28T19:23:43+00:00\" \/>\n<meta property=\"og:image\" content=\"https:\/\/evertonfc.cz\/wp-content\/uploads\/2020\/12\/Everton-VS-Manchester-City-NIGHT.jpg\" \/>\n\t<meta property=\"og:image:width\" content=\"720\" \/>\n\t<meta property=\"og:image:height\" content=\"405\" \/>\n\t<meta property=\"og:image:type\" content=\"image\/jpeg\" \/>\n<meta name=\"author\" content=\"Javor\" \/>\n<meta name=\"twitter:card\" content=\"summary_large_image\" \/>\n<meta name=\"twitter:creator\" content=\"@LoudinJan\" \/>\n<meta name=\"twitter:label1\" content=\"Napsal(a)\" \/>\n\t<meta name=\"twitter:data1\" content=\"Javor\" \/>\n\t<meta name=\"twitter:label2\" content=\"Odhadovan\u00e1 doba \u010dten\u00ed\" \/>\n\t<meta name=\"twitter:data2\" content=\"3 minuty\" \/>\n<script type=\"application\/ld+json\" class=\"yoast-schema-graph\">{\"@context\":\"https:\/\/schema.org\",\"@graph\":[{\"@type\":\"Article\",\"@id\":\"https:\/\/evertonfc.cz\/index.php\/2020\/12\/28\/preview-everton-manchester-city-12\/#article\",\"isPartOf\":{\"@id\":\"https:\/\/evertonfc.cz\/index.php\/2020\/12\/28\/preview-everton-manchester-city-12\/\"},\"author\":{\"name\":\"Javor\",\"@id\":\"https:\/\/evertonfc.cz\/#\/schema\/person\/b30daf6a5852f4811f8207a17ec1bf78\"},\"headline\":\"Odlo\u017eeno: Everton &#8211; Manchester City\",\"datePublished\":\"2020-12-28T10:35:36+00:00\",\"dateModified\":\"2020-12-28T19:23:43+00:00\",\"mainEntityOfPage\":{\"@id\":\"https:\/\/evertonfc.cz\/index.php\/2020\/12\/28\/preview-everton-manchester-city-12\/\"},\"wordCount\":606,\"commentCount\":11,\"publisher\":{\"@id\":\"https:\/\/evertonfc.cz\/#organization\"},\"image\":{\"@id\":\"https:\/\/evertonfc.cz\/index.php\/2020\/12\/28\/preview-everton-manchester-city-12\/#primaryimage\"},\"thumbnailUrl\":\"https:\/\/evertonfc.cz\/wp-content\/uploads\/2020\/12\/Everton-VS-Manchester-City-NIGHT.jpg\",\"articleSection\":[\"Z\u00e1pasy\"],\"inLanguage\":\"cs\",\"potentialAction\":[{\"@type\":\"CommentAction\",\"name\":\"Comment\",\"target\":[\"https:\/\/evertonfc.cz\/index.php\/2020\/12\/28\/preview-everton-manchester-city-12\/#respond\"]}]},{\"@type\":\"WebPage\",\"@id\":\"https:\/\/evertonfc.cz\/index.php\/2020\/12\/28\/preview-everton-manchester-city-12\/\",\"url\":\"https:\/\/evertonfc.cz\/index.php\/2020\/12\/28\/preview-everton-manchester-city-12\/\",\"name\":\"Odlo\u017eeno: Everton - Manchester City - Official Czech &amp; Slovak Everton Supporters&#039; Club\",\"isPartOf\":{\"@id\":\"https:\/\/evertonfc.cz\/#website\"},\"primaryImageOfPage\":{\"@id\":\"https:\/\/evertonfc.cz\/index.php\/2020\/12\/28\/preview-everton-manchester-city-12\/#primaryimage\"},\"image\":{\"@id\":\"https:\/\/evertonfc.cz\/index.php\/2020\/12\/28\/preview-everton-manchester-city-12\/#primaryimage\"},\"thumbnailUrl\":\"https:\/\/evertonfc.cz\/wp-content\/uploads\/2020\/12\/Everton-VS-Manchester-City-NIGHT.jpg\",\"datePublished\":\"2020-12-28T10:35:36+00:00\",\"dateModified\":\"2020-12-28T19:23:43+00:00\",\"breadcrumb\":{\"@id\":\"https:\/\/evertonfc.cz\/index.php\/2020\/12\/28\/preview-everton-manchester-city-12\/#breadcrumb\"},\"inLanguage\":\"cs\",\"potentialAction\":[{\"@type\":\"ReadAction\",\"target\":[\"https:\/\/evertonfc.cz\/index.php\/2020\/12\/28\/preview-everton-manchester-city-12\/\"]}]},{\"@type\":\"ImageObject\",\"inLanguage\":\"cs\",\"@id\":\"https:\/\/evertonfc.cz\/index.php\/2020\/12\/28\/preview-everton-manchester-city-12\/#primaryimage\",\"url\":\"https:\/\/evertonfc.cz\/wp-content\/uploads\/2020\/12\/Everton-VS-Manchester-City-NIGHT.jpg\",\"contentUrl\":\"https:\/\/evertonfc.cz\/wp-content\/uploads\/2020\/12\/Everton-VS-Manchester-City-NIGHT.jpg\",\"width\":720,\"height\":405},{\"@type\":\"BreadcrumbList\",\"@id\":\"https:\/\/evertonfc.cz\/index.php\/2020\/12\/28\/preview-everton-manchester-city-12\/#breadcrumb\",\"itemListElement\":[{\"@type\":\"ListItem\",\"position\":1,\"name\":\"Home\",\"item\":\"https:\/\/evertonfc.cz\/\"},{\"@type\":\"ListItem\",\"position\":2,\"name\":\"Odlo\u017eeno: Everton &#8211; Manchester City\"}]},{\"@type\":\"WebSite\",\"@id\":\"https:\/\/evertonfc.cz\/#website\",\"url\":\"https:\/\/evertonfc.cz\/\",\"name\":\"Official Czech &amp; Slovak Everton Supporters&#039; Club\",\"description\":\"\",\"publisher\":{\"@id\":\"https:\/\/evertonfc.cz\/#organization\"},\"potentialAction\":[{\"@type\":\"SearchAction\",\"target\":{\"@type\":\"EntryPoint\",\"urlTemplate\":\"https:\/\/evertonfc.cz\/?s={search_term_string}\"},\"query-input\":{\"@type\":\"PropertyValueSpecification\",\"valueRequired\":true,\"valueName\":\"search_term_string\"}}],\"inLanguage\":\"cs\"},{\"@type\":\"Organization\",\"@id\":\"https:\/\/evertonfc.cz\/#organization\",\"name\":\"Official Czech & Slovak Everton Supporters' Club\",\"url\":\"https:\/\/evertonfc.cz\/\",\"logo\":{\"@type\":\"ImageObject\",\"inLanguage\":\"cs\",\"@id\":\"https:\/\/evertonfc.cz\/#\/schema\/logo\/image\/\",\"url\":\"https:\/\/evertonfc.cz\/wp-content\/uploads\/2019\/05\/logo.png\",\"contentUrl\":\"https:\/\/evertonfc.cz\/wp-content\/uploads\/2019\/05\/logo.png\",\"width\":112,\"height\":112,\"caption\":\"Official Czech & Slovak Everton Supporters' Club\"},\"image\":{\"@id\":\"https:\/\/evertonfc.cz\/#\/schema\/logo\/image\/\"},\"sameAs\":[\"https:\/\/www.facebook.com\/everton.fans.cz.sk\"]},{\"@type\":\"Person\",\"@id\":\"https:\/\/evertonfc.cz\/#\/schema\/person\/b30daf6a5852f4811f8207a17ec1bf78\",\"name\":\"Javor\",\"sameAs\":[\"https:\/\/x.com\/LoudinJan\"],\"url\":\"https:\/\/evertonfc.cz\/index.php\/author\/javor\/\"}]}<\/script>\n<!-- \/ Yoast SEO plugin. -->","yoast_head_json":{"title":"Odlo\u017eeno: Everton - Manchester City - Official Czech &amp; Slovak Everton Supporters&#039; Club","robots":{"index":"index","follow":"follow","max-snippet":"max-snippet:-1","max-image-preview":"max-image-preview:large","max-video-preview":"max-video-preview:-1"},"canonical":"https:\/\/evertonfc.cz\/index.php\/2020\/12\/28\/preview-everton-manchester-city-12\/","og_locale":"cs_CZ","og_type":"article","og_title":"Odlo\u017eeno: Everton - Manchester City - Official Czech &amp; Slovak Everton Supporters&#039; Club","og_description":"Ve\u010dern\u00ed z\u00e1pas s Manchesterem City byl odlo\u017een z d\u016fvodu n\u00e1r\u016fstu po\u010dtu p\u0159\u00edpad\u016f COVID-19 v k\u00e1dru Citizens.","og_url":"https:\/\/evertonfc.cz\/index.php\/2020\/12\/28\/preview-everton-manchester-city-12\/","og_site_name":"Official Czech &amp; Slovak Everton Supporters&#039; Club","article_publisher":"https:\/\/www.facebook.com\/everton.fans.cz.sk","article_published_time":"2020-12-28T10:35:36+00:00","article_modified_time":"2020-12-28T19:23:43+00:00","og_image":[{"width":720,"height":405,"url":"https:\/\/evertonfc.cz\/wp-content\/uploads\/2020\/12\/Everton-VS-Manchester-City-NIGHT.jpg","type":"image\/jpeg"}],"author":"Javor","twitter_card":"summary_large_image","twitter_creator":"@LoudinJan","twitter_misc":{"Napsal(a)":"Javor","Odhadovan\u00e1 doba \u010dten\u00ed":"3 minuty"},"schema":{"@context":"https:\/\/schema.org","@graph":[{"@type":"Article","@id":"https:\/\/evertonfc.cz\/index.php\/2020\/12\/28\/preview-everton-manchester-city-12\/#article","isPartOf":{"@id":"https:\/\/evertonfc.cz\/index.php\/2020\/12\/28\/preview-everton-manchester-city-12\/"},"author":{"name":"Javor","@id":"https:\/\/evertonfc.cz\/#\/schema\/person\/b30daf6a5852f4811f8207a17ec1bf78"},"headline":"Odlo\u017eeno: Everton &#8211; Manchester City","datePublished":"2020-12-28T10:35:36+00:00","dateModified":"2020-12-28T19:23:43+00:00","mainEntityOfPage":{"@id":"https:\/\/evertonfc.cz\/index.php\/2020\/12\/28\/preview-everton-manchester-city-12\/"},"wordCount":606,"commentCount":11,"publisher":{"@id":"https:\/\/evertonfc.cz\/#organization"},"image":{"@id":"https:\/\/evertonfc.cz\/index.php\/2020\/12\/28\/preview-everton-manchester-city-12\/#primaryimage"},"thumbnailUrl":"https:\/\/evertonfc.cz\/wp-content\/uploads\/2020\/12\/Everton-VS-Manchester-City-NIGHT.jpg","articleSection":["Z\u00e1pasy"],"inLanguage":"cs","potentialAction":[{"@type":"CommentAction","name":"Comment","target":["https:\/\/evertonfc.cz\/index.php\/2020\/12\/28\/preview-everton-manchester-city-12\/#respond"]}]},{"@type":"WebPage","@id":"https:\/\/evertonfc.cz\/index.php\/2020\/12\/28\/preview-everton-manchester-city-12\/","url":"https:\/\/evertonfc.cz\/index.php\/2020\/12\/28\/preview-everton-manchester-city-12\/","name":"Odlo\u017eeno: Everton - Manchester City - Official Czech &amp; Slovak Everton Supporters&#039; Club","isPartOf":{"@id":"https:\/\/evertonfc.cz\/#website"},"primaryImageOfPage":{"@id":"https:\/\/evertonfc.cz\/index.php\/2020\/12\/28\/preview-everton-manchester-city-12\/#primaryimage"},"image":{"@id":"https:\/\/evertonfc.cz\/index.php\/2020\/12\/28\/preview-everton-manchester-city-12\/#primaryimage"},"thumbnailUrl":"https:\/\/evertonfc.cz\/wp-content\/uploads\/2020\/12\/Everton-VS-Manchester-City-NIGHT.jpg","datePublished":"2020-12-28T10:35:36+00:00","dateModified":"2020-12-28T19:23:43+00:00","breadcrumb":{"@id":"https:\/\/evertonfc.cz\/index.php\/2020\/12\/28\/preview-everton-manchester-city-12\/#breadcrumb"},"inLanguage":"cs","potentialAction":[{"@type":"ReadAction","target":["https:\/\/evertonfc.cz\/index.php\/2020\/12\/28\/preview-everton-manchester-city-12\/"]}]},{"@type":"ImageObject","inLanguage":"cs","@id":"https:\/\/evertonfc.cz\/index.php\/2020\/12\/28\/preview-everton-manchester-city-12\/#primaryimage","url":"https:\/\/evertonfc.cz\/wp-content\/uploads\/2020\/12\/Everton-VS-Manchester-City-NIGHT.jpg","contentUrl":"https:\/\/evertonfc.cz\/wp-content\/uploads\/2020\/12\/Everton-VS-Manchester-City-NIGHT.jpg","width":720,"height":405},{"@type":"BreadcrumbList","@id":"https:\/\/evertonfc.cz\/index.php\/2020\/12\/28\/preview-everton-manchester-city-12\/#breadcrumb","itemListElement":[{"@type":"ListItem","position":1,"name":"Home","item":"https:\/\/evertonfc.cz\/"},{"@type":"ListItem","position":2,"name":"Odlo\u017eeno: Everton &#8211; Manchester City"}]},{"@type":"WebSite","@id":"https:\/\/evertonfc.cz\/#website","url":"https:\/\/evertonfc.cz\/","name":"Official Czech &amp; Slovak Everton Supporters&#039; Club","description":"","publisher":{"@id":"https:\/\/evertonfc.cz\/#organization"},"potentialAction":[{"@type":"SearchAction","target":{"@type":"EntryPoint","urlTemplate":"https:\/\/evertonfc.cz\/?s={search_term_string}"},"query-input":{"@type":"PropertyValueSpecification","valueRequired":true,"valueName":"search_term_string"}}],"inLanguage":"cs"},{"@type":"Organization","@id":"https:\/\/evertonfc.cz\/#organization","name":"Official Czech & Slovak Everton Supporters' Club","url":"https:\/\/evertonfc.cz\/","logo":{"@type":"ImageObject","inLanguage":"cs","@id":"https:\/\/evertonfc.cz\/#\/schema\/logo\/image\/","url":"https:\/\/evertonfc.cz\/wp-content\/uploads\/2019\/05\/logo.png","contentUrl":"https:\/\/evertonfc.cz\/wp-content\/uploads\/2019\/05\/logo.png","width":112,"height":112,"caption":"Official Czech & Slovak Everton Supporters' Club"},"image":{"@id":"https:\/\/evertonfc.cz\/#\/schema\/logo\/image\/"},"sameAs":["https:\/\/www.facebook.com\/everton.fans.cz.sk"]},{"@type":"Person","@id":"https:\/\/evertonfc.cz\/#\/schema\/person\/b30daf6a5852f4811f8207a17ec1bf78","name":"Javor","sameAs":["https:\/\/x.com\/LoudinJan"],"url":"https:\/\/evertonfc.cz\/index.php\/author\/javor\/"}]}},"_links":{"self":[{"href":"https:\/\/evertonfc.cz\/index.php\/wp-json\/wp\/v2\/posts\/13365"}],"collection":[{"href":"https:\/\/evertonfc.cz\/index.php\/wp-json\/wp\/v2\/posts"}],"about":[{"href":"https:\/\/evertonfc.cz\/index.php\/wp-json\/wp\/v2\/types\/post"}],"author":[{"embeddable":true,"href":"https:\/\/evertonfc.cz\/index.php\/wp-json\/wp\/v2\/users\/12"}],"replies":[{"embeddable":true,"href":"https:\/\/evertonfc.cz\/index.php\/wp-json\/wp\/v2\/comments?post=13365"}],"version-history":[{"count":11,"href":"https:\/\/evertonfc.cz\/index.php\/wp-json\/wp\/v2\/posts\/13365\/revisions"}],"predecessor-version":[{"id":13379,"href":"https:\/\/evertonfc.cz\/index.php\/wp-json\/wp\/v2\/posts\/13365\/revisions\/13379"}],"wp:featuredmedia":[{"embeddable":true,"href":"https:\/\/evertonfc.cz\/index.php\/wp-json\/wp\/v2\/media\/13367"}],"wp:attachment":[{"href":"https:\/\/evertonfc.cz\/index.php\/wp-json\/wp\/v2\/media?parent=13365"}],"wp:term":[{"taxonomy":"category","embeddable":true,"href":"https:\/\/evertonfc.cz\/index.php\/wp-json\/wp\/v2\/categories?post=13365"},{"taxonomy":"post_tag","embeddable":true,"href":"https:\/\/evertonfc.cz\/index.php\/wp-json\/wp\/v2\/tags?post=13365"}],"curies":[{"name":"wp","href":"https:\/\/api.w.org\/{rel}","templated":true}]}}