{"id":13391,"date":"2020-12-31T19:00:24","date_gmt":"2020-12-31T18:00:24","guid":{"rendered":"https:\/\/evertonfc.cz\/?p=13391"},"modified":"2021-01-02T10:46:59","modified_gmt":"2021-01-02T09:46:59","slug":"odklad-ma-negativa-no-viac-pozitiv","status":"publish","type":"post","link":"https:\/\/evertonfc.cz\/index.php\/2020\/12\/31\/odklad-ma-negativa-no-viac-pozitiv\/","title":{"rendered":"Odklad m\u00e1 negat\u00edva, no viac pozit\u00edv"},"content":{"rendered":"<h4>Pondelok bol ve\u010dern\u00fd z\u00e1pas 16. kola Premier League v\u00a0Goodison Parku proti Manchesteru City odlo\u017een\u00fd z\u00a0d\u00f4vodu \u0161\u00edrenia pr\u00edpadov koronav\u00edrusu v\u00a0k\u00e1dri host\u00ed.<\/h4>\n<p>Bolo pribli\u017ene p\u00e4\u0165 hod\u00edn poobede stredoeur\u00f3pskeho \u010dasu, ke\u010f tento pondelok vy\u0161la najavo spr\u00e1va, \u017ee duel, na ktor\u00fd sme sa v\u0161etci te\u0161ili, sa bude musie\u0165 odohra\u0165 v\u00a0inom term\u00edne. Covid-19 nepo\u013eavuje nikde, pr\u00e1ve naopak, v\u00a0Brit\u00e1nii naber\u00e1 na sile, a\u00a0poriadne mu prikuruje aj nov\u00fd, r\u00fdchlej\u0161ie sa \u0161\u00edriaci kme\u0148. Probl\u00e9my nem\u00e1 len PL, ale aj EFL a\u00a0National League, kde sa odklad\u00e1 ako na p\u00e1se.<\/p>\n<p>Ako zap\u00e1len\u00e9mu fan\u00fa\u0161ikovi mi to poriadne naru\u0161ilo program a\u00a0vyhodilo z\u00a0rytmu. Ale to je najmen\u0161\u00ed probl\u00e9m, ktor\u00fdm sa tu m\u00f4\u017eem zaobera\u0165. Najprv v\u0161ak rozoberiem situ\u00e1ciu pre pln\u00e9 vyjasnenie okolnost\u00ed. M\u00f4\u017ee sa toti\u017e vo v\u0161eobecnej vrave ml\u017ei\u0165 viacero faktov. Tak\u017ee, kde to za\u010dalo?<\/p>\n<h4><strong>Najhor\u0161ie v\u00fdsledky od za\u010diatku hromadn\u00e9ho testovania<\/strong><\/h4>\n<p>Od pondelka 21. decembra do nedele 27. decembra sa uskuto\u010dnilo 1 479 testov, ktor\u00e9 priniesli 18 nov\u00fdch pozit\u00edvnych pr\u00edpadov medzi hr\u00e1\u010dmi a person\u00e1lom klubov Premier League. Medzi nimi sa r\u00e1talo aj s piatimi hr\u00e1\u010dmi City, ku ktor\u00fdm patril Gabriel Jesus a Kyle Walker, pozit\u00edvne odhalen\u00ed u\u017e na \u0160tedr\u00fd de\u0148. Zvy\u0161n\u00ed traja boli diagnostikovan\u00ed pred duelom s EFC. To je viac ako zdvojn\u00e1sobenie po\u010dtu pr\u00edpadov z predch\u00e1dzaj\u00faceho kola testovania a z\u00e1rove\u0148 najvy\u0161\u0161\u00ed po\u010det pr\u00edpadov za jeden t\u00fd\u017ede\u0148.<\/p>\n<p>Zvy\u0161n\u00fd po\u010det pozit\u00edvnych sa mal nach\u00e1dza\u0165 v t\u00e1bore Sheffieldu United a Fulhamu. A k\u00fdm v Manchesteri odlo\u017eili z\u00e1pas a uzavreli tr\u00e9ningov\u00e9 centrum pre h\u013abkov\u00fa dezinfekciu, v\u010deraj\u0161\u00ed z\u00e1pas Burnley so Sheffieldom sa konal. V\u010dera, pre zmenu, sa stretnutie medzi Tottenhamom a Fulhamom tesne odlo\u017eilo. Po z\u00e1pase Aston Villy s Newcastle United za\u010diatkom tohto mesiaca, je toto len tretie stretnutie Premier League v tejto sez\u00f3ne, ktor\u00e9 bolo odvolan\u00e9 kv\u00f4li prepuknutiu koronav\u00edrusu.<\/p>\n<p>Hr\u00e1\u010di Manchestru City boli v utorok op\u00e4\u0165 testovan\u00ed na Covid-19 a v\u00fdsledky neuk\u00e1zali nov\u00e9 pr\u00edpady, \u010di\u017ee m\u00f4\u017eu pokra\u010dova\u0165 v pr\u00edprave na stretnutie s Chelsea. V klube panuje pod\u013ea m\u00e9di\u00ed presved\u010denie, \u017ee n\u00e1kaza vyplynula z ich cesty do Lond\u00fdna na \u0161tvr\u0165fin\u00e1le Carabao Cupu proti Arsenalu 22. decembra.<\/p>\n<p>Priamo Kanonierom sa ale \u017eiadna vina nepriklad\u00e1. V Lond\u00fdne bola v nede\u013eu 20. decembra zaveden\u00e1 \u00farove\u0148 re\u0161trikci\u00ed \u201eTier 4\u201c. A to po tom, \u010do sa zistilo, \u017ee nov\u00fd, infek\u010dnej\u0161\u00ed kme\u0148 v\u00edrusu vedie k zv\u00fd\u0161en\u00e9mu po\u010dtu nakazen\u00fdch v Lond\u00fdne a na juhov\u00fdchode ostrovnej krajiny.<\/p>\n<h4><strong>Pravidl\u00e1 umo\u017e\u0148uj\u00fa odohra\u0165 z\u00e1pas<\/strong><\/h4>\n<p>Pod\u013ea nov\u00fdch pravidiel pre sez\u00f3nu 2020\/21, ktor\u00e9 po\u010d\u00edtaj\u00fa s\u00a0prebiehaj\u00facou pand\u00e9miou, sa p\u00ed\u0161e:<\/p>\n<p><em>\u201eAk m\u00e1 klub 14 a\u00a0viac hr\u00e1\u010dov k\u00a0dispoz\u00edcii, nebude mu udelen\u00e9 povolenie na odlo\u017eenie ligov\u00e9ho z\u00e1pasu.\u201c<\/em><\/p>\n<p>Ako tvrd\u00ed samotn\u00e1 Premier League, rozhodnutia o zmene usporiadania z\u00e1pasov s\u00fa iba za \u201ev\u00fdnimo\u010dn\u00fdch\u201c okolnost\u00ed a posudzuj\u00fa sa \u201eod pr\u00edpadu k pr\u00edpadu\u201c. A kone\u010dn\u00e9 rozhodnutie v\u017edy urob\u00ed predstavenstvo PL.<\/p>\n<p>Everton sa v\u00a0tejto veci ohradil. Klubu sa nep\u00e1\u010dilo, pre\u010do rozhodnutie padlo v\u00a0podstate tesne pred z\u00e1pasom, a\u00a0pre\u010do The Toffees zohrali rolu iba obozn\u00e1men\u00e9ho a\u00a0nikto s\u00a0nimi ni\u010d nekonzultoval. To je ve\u013emi ne\u0161\u0165astn\u00e9 a\u00a0v\u00a0tomto oh\u013eade by sa mala vykona\u0165 do bud\u00facna n\u00e1prava pre v\u00e4\u010d\u0161iu transparentnos\u0165.<\/p>\n<p>Lebo men\u0161ia konzistentnos\u0165 v rozhodovan\u00ed vytv\u00e1ra dojem, \u017ee s\u00fa ist\u00e9 kluby v rozhodnutiach preferovan\u00e9. To m\u00f4\u017eeme vidie\u0165 aj na pr\u00edklade z ligov\u00e9ho poh\u00e1ra, kedy ve\u013ea fan\u00fa\u0161ikov poukazovalo na kontumovan\u00fd z\u00e1pas medzi Leytonom Orient a Spurs v tre\u0165om kole. Vtedy \u0161tvrtoligov\u00fd klub \u010delil podobn\u00fdm probl\u00e9mom s n\u00e1kazou a nebolo mu spravodlivo umo\u017enen\u00e9 prelo\u017ei\u0165 z\u00e1pas.<\/p>\n<p>Manchester City \u010dak\u00e1 semifin\u00e1le s\u00a0mestsk\u00fdm rivalom, no b\u00e1\u0165 sa nemus\u00ed. Pravidl\u00e1 s\u00fa\u0165a\u017ee sa od \u0161tvrt\u00e9ho kola zmenili, \u010do znamen\u00e1, \u017ee z\u00e1pasy sa u\u017e nekontumuj\u00fa, pokia\u013e s\u00fa usporiadan\u00e9 pri najbli\u017e\u0161ej rozumnej pr\u00edle\u017eitosti.<\/p>\n<h4><strong>Spr\u00e1vna vo\u013eba zodpovedn\u00fdch<\/strong><\/h4>\n<p>Pri na\u0161om z\u00e1pase i\u0161lo \u010disto z\u00a0\u013eudsk\u00e9ho a\u00a0logick\u00e9ho h\u013eadiska o\u00a0rozhodnutie, ktor\u00e9 d\u00e1va zmysel. Ak sa m\u00e1 najvy\u0161\u0161ia anglick\u00e1 s\u00fa\u0165a\u017e dohra\u0165 v\u00a0stanovenom term\u00edne, bez do\u010dasn\u00e9ho pozastavenia ako na jar, o\u00a0ktorom sa u\u017e teraz horlivo diskutuje, treba sa chr\u00e1ni\u0165 a\u00a0nie zbyto\u010dne riskova\u0165. Ide toti\u017e v\u00a0podstate o\u00a0precedens.<\/p>\n<p>V\u010faka nov\u00e9mu kme\u0148u Covid-19 je situ\u00e1cia z\u00e1pasu Everton \u2013 Manchester City pre vedenie PL \u00faplne nov\u00e1 a potenci\u00e1lne viac nebezpe\u010dn\u00e1. Nov\u00fd kme\u0148 je pova\u017eovan\u00fd za n\u00e1kazlivej\u0161\u00ed o 70 percent. Tak\u017ee rovnako sa v\u00edrus mohol \u0161\u00edri\u0165 r\u00fdchlej\u0161ie v k\u00e1dri The Cityzens pred z\u00e1pasom s\u00a0Evertonom.<\/p>\n<p>Odohrat\u00edm tohto stretnutia by sme riskovali jeho roz\u0161\u00edrenie aj do n\u00e1\u0161ho t\u00e1bora. A\u00a0to ur\u010dite nechceme. Jedn\u00fdm z d\u00f4le\u017eit\u00fdch aspektov, na ktor\u00e9 treba pam\u00e4ta\u0165 je, \u017ee PL odlo\u017eila z\u00e1pas, nie n\u00e1\u0161 s\u00faper. Ofici\u00e1lne vyhl\u00e1senie znie, \u017ee <em>\u201erozhodnutie bolo prijat\u00e9 s oh\u013eadom na zdravie hr\u00e1\u010dov a person\u00e1lu ako prioritou\u201c<\/em>.<\/p>\n<h4><strong>Prest\u00e1vka sa zatia\u013e nepl\u00e1nuje<\/strong><\/h4>\n<p>Vedenie najvy\u0161\u0161ej s\u00fa\u0165a\u017ee nem\u00e1 v \u00famysle pozastavi\u0165 sez\u00f3nu aj napriek prudk\u00e9mu n\u00e1rastu pr\u00edpadov v\u00a0posledn\u00fdch d\u0148och. Tak\u00fd je postoj po tom, \u010do sa objavili hlasy volaj\u00face po mo\u017enosti dvojt\u00fd\u017ed\u0148ovej do\u010dasnej prest\u00e1vky. \u017diadny klub zatia\u013e ale nepriniesol tak\u00fdto n\u00e1vrh, aj napriek tomu, \u017ee mana\u017e\u00e9r West Bromwichu, Sam Allardyce vyzval na preru\u0161enie kampane s cie\u013eom zn\u00ed\u017ei\u0165 po\u010det pr\u00edpadov.<\/p>\n<p>Av\u0161ak n\u00e1protivok z Manchestru United, Ole Gunnar Solskjaer napr\u00edklad spochybnil logistick\u00e9 d\u00f4sledky na dokon\u010denie u\u017e tak prehustenej sez\u00f3ny, ak by sa sez\u00f3na preru\u0161ila. Vl\u00e1da Spojen\u00e9ho kr\u00e1\u013eovstva tie\u017e \u00fadajne ubezpe\u010dila, \u017ee napriek n\u00e1rastu pozit\u00edvnych nie s\u00fa pl\u00e1ny na zastavenie Premier League alebo elitn\u00e9ho \u0161portu.<\/p>\n<h4><strong>Ch\u00fdbaj\u00face opory City nie s\u00fa v\u00fdhovorka<\/strong><\/h4>\n<p>Ak by Everton n\u00e1hodou aj v\u00a0pondelok vyhral, mohol by\u0165 na \u010dele tabu\u013eky s\u00a0rovnak\u00fdm po\u010dtom bodov, samozrejme o\u00a0sk\u00f3re za \u010derven\u00fdm rivalom. T\u00e1 predstava by sa n\u00e1m samozrejme p\u00e1\u010dila, ale triezvy poh\u013ead vyzer\u00e1 inak. Modr\u00fd Manchester je v najlep\u0161ej forme sez\u00f3ny a\u00a0chc\u00fa v\u00a0pelot\u00f3ne sko\u010di\u0165 hne\u010f za Liverpool.<\/p>\n<p>Preto Guardiolov\u00fdm zverencom pod\u013ea m\u0148a absol\u00fatne nevyhovuje odvolanie a ani im nebude nevyhovova\u0165, ke\u010f bud\u00fa musie\u0165 vklada\u0165 \u201enov\u00e9\u201c z\u00e1pasy do u\u017e tak zlo\u017eit\u00e9ho rozvrhu spolu s\u00a0eur\u00f3pskymi s\u00fa\u0165a\u017eami. A\u00a0tom som k\u00a0tomu ani nepripo\u010d\u00edtal situ\u00e1ciu na Merseyside. Everton s\u00edce su\u017euj\u00fa zranenia, m\u00e1 v\u0161ak formu a\u00a0vyhr\u00e1va z\u00e1pasy aj bez op\u00f4r, no st\u00e1le sa spolieha na viac-menej na t\u00fdch ist\u00fdch hr\u00e1\u010dov.<\/p>\n<p>A\u00a0pri n\u00e1lo\u017ei sedemkr\u00e1t dev\u00e4\u0165desiat min\u00fat za 23 dn\u00ed je to neudr\u017eate\u013en\u00e9. Obzvl\u00e1\u0161\u0165, ak ten posledn\u00fd, siedmy z\u00e1pas, sme mali hra\u0165 len 46 hod\u00edn po z\u00e1vere\u010dnom hvizde v\u00fdhry nad Sheffieldom. Proti b\u00fdval\u00fdm majstrom podot\u00fdkam. Ancelotti doslovne avizoval, \u017ee v\u00a0pondelok by musel komplet preto\u010di\u0165 zostavu, preto\u017ee nebude mo\u017en\u00e9 pre hr\u00e1\u010dov ako Calvert-Lewin \u010di Doucour\u00e9 zotavi\u0165 sa v\u010das.<\/p>\n<p>Bolo by teda pravdepodobn\u00e9, \u017ee by sme nast\u00fapili v\u00a0podstate s\u00a0B\u00e9\u010dkom, podporovanom aspo\u0148 div\u00e1kmi. Takto, bez z\u00e1pasu s takpovediac\u00a0povolen\u00fdmi bodov\u00fdmi stratami, budeme ma\u0165 neuverite\u013ene cenn\u00fdch p\u00e4\u0165 dn\u00ed na pln\u00fa regener\u00e1ciu, a\u00a0v\u00a0piatok e\u0161te v\u00e4\u010d\u0161iu \u0161ancu vyhra\u0165 na dom\u00e1cej p\u00f4de.<\/p>\n<h4><strong>Mesto Liverpool predch\u00e1dza do TIER 3<\/strong><\/h4>\n<p>U\u017e to v\u0161ak bude in\u00e9. Zd\u00e1 sa, \u017ee pr\u00e1ve pondelkov\u00e9 kolo bolo na dlh\u0161iu dobu posledn\u00e1 \u0161anca c\u00edti\u0165 a\u00a0po\u010du\u0165 priaze\u0148 vlastn\u00fdch fan\u00fa\u0161ikov. Epidemiologick\u00e1 situ\u00e1cia sa za posledn\u00fd t\u00fd\u017ede\u0148 zhor\u0161ila a\u00a0Merseyside, ako posledn\u00e1 ostrovn\u00e1 ba\u0161ta v\u00e1\u0161ne na trib\u00fanach, kon\u010d\u00ed s\u00a0povolen\u00edm na obmedzen\u00fd po\u010det div\u00e1kov.<\/p>\n<p>Stanovisko Everton FC:<\/p>\n<blockquote><p><em>\u201eM\u00f4\u017eeme potvrdi\u0165, \u017ee po ozn\u00e1men\u00ed vl\u00e1dy sa mestsk\u00fd regi\u00f3n Liverpool od polnoci dne\u0161n\u00e9ho ve\u010dera s\u0165ahuje do tretej \u00farovne vn\u00fatro\u0161t\u00e1tnych obmedzen\u00ed COVID-19, nebudeme m\u00f4c\u0165 a\u017e do odvolania priv\u00edta\u0165 fan\u00fa\u0161ikov v\u00a0Goodison Parku, vr\u00e1tane piatkov\u00e9ho z\u00e1pasu s\u00a0West Hamom.\u201c<\/em><\/p><\/blockquote>\n<p>T\u00fato v\u00fdhodu mohli od druh\u00e9ho decembra vyu\u017e\u00edva\u0165 \u0161tadi\u00f3ny Anfield, Goodison Park, Prenton Park alebo in\u00e9, men\u0161ie futbalov\u00e9 st\u00e1nky v regi\u00f3ne. Aj to bol mo\u017eno d\u00f4vod, pre\u010do klub c\u00edtil krivdu, a po\u017eadoval vysvetlenie o nekonzult\u00e1cii kroku odlo\u017eenia majstrovsk\u00e9ho z\u00e1pasu. Berme to v\u0161ak pozit\u00edvne, hr\u00e1 sa \u010falej&#8230;<\/p>\n<p style=\"text-align: right;\"><span style=\"font-size: 8pt;\">(fotozdroj: GrandOldTeam.com)<\/span><\/p>\n","protected":false},"excerpt":{"rendered":"<p>Pondelok bol ve\u010dern\u00fd z\u00e1pas 16. kola Premier League v\u00a0Goodison Parku proti Manchesteru City odlo\u017een\u00fd z\u00a0d\u00f4vodu \u0161\u00edrenia pr\u00edpadov koronav\u00edrusu v\u00a0k\u00e1dri host\u00ed.<\/p>\n","protected":false},"author":1,"featured_media":13392,"comment_status":"open","ping_status":"closed","sticky":false,"template":"","format":"standard","meta":{"_eb_attr":"","_monsterinsights_skip_tracking":false,"_monsterinsights_sitenote_active":false,"_monsterinsights_sitenote_note":"","_monsterinsights_sitenote_category":0,"footnotes":""},"categories":[39],"tags":[],"yoast_head":"<!-- This site is optimized with the Yoast SEO plugin v23.4 - https:\/\/yoast.com\/wordpress\/plugins\/seo\/ -->\n<title>Odklad m\u00e1 negat\u00edva, no viac pozit\u00edv - Official Czech &amp; Slovak Everton Supporters&#039; Club<\/title>\n<meta name=\"robots\" content=\"index, follow, max-snippet:-1, max-image-preview:large, max-video-preview:-1\" \/>\n<link rel=\"canonical\" href=\"https:\/\/evertonfc.cz\/index.php\/2020\/12\/31\/odklad-ma-negativa-no-viac-pozitiv\/\" \/>\n<meta property=\"og:locale\" content=\"cs_CZ\" \/>\n<meta property=\"og:type\" content=\"article\" \/>\n<meta property=\"og:title\" content=\"Odklad m\u00e1 negat\u00edva, no viac pozit\u00edv - Official Czech &amp; Slovak Everton Supporters&#039; Club\" \/>\n<meta property=\"og:description\" content=\"Pondelok bol ve\u010dern\u00fd z\u00e1pas 16. kola Premier League v\u00a0Goodison Parku proti Manchesteru City odlo\u017een\u00fd z\u00a0d\u00f4vodu \u0161\u00edrenia pr\u00edpadov koronav\u00edrusu v\u00a0k\u00e1dri host\u00ed.\" \/>\n<meta property=\"og:url\" content=\"https:\/\/evertonfc.cz\/index.php\/2020\/12\/31\/odklad-ma-negativa-no-viac-pozitiv\/\" \/>\n<meta property=\"og:site_name\" content=\"Official Czech &amp; Slovak Everton Supporters&#039; Club\" \/>\n<meta property=\"article:publisher\" content=\"https:\/\/www.facebook.com\/everton.fans.cz.sk\" \/>\n<meta property=\"article:published_time\" content=\"2020-12-31T18:00:24+00:00\" \/>\n<meta property=\"article:modified_time\" content=\"2021-01-02T09:46:59+00:00\" \/>\n<meta property=\"og:image\" content=\"https:\/\/evertonfc.cz\/wp-content\/uploads\/2020\/12\/Goodison-Shut-GrandOldTeam.com-31-12-2020.jpg\" \/>\n\t<meta property=\"og:image:width\" content=\"720\" \/>\n\t<meta property=\"og:image:height\" content=\"405\" \/>\n\t<meta property=\"og:image:type\" content=\"image\/jpeg\" \/>\n<meta name=\"author\" content=\"BlueBlooded\" \/>\n<meta name=\"twitter:card\" content=\"summary_large_image\" \/>\n<meta name=\"twitter:label1\" content=\"Napsal(a)\" \/>\n\t<meta name=\"twitter:data1\" content=\"BlueBlooded\" \/>\n\t<meta name=\"twitter:label2\" content=\"Odhadovan\u00e1 doba \u010dten\u00ed\" \/>\n\t<meta name=\"twitter:data2\" content=\"8 minut\" \/>\n<script type=\"application\/ld+json\" class=\"yoast-schema-graph\">{\"@context\":\"https:\/\/schema.org\",\"@graph\":[{\"@type\":\"Article\",\"@id\":\"https:\/\/evertonfc.cz\/index.php\/2020\/12\/31\/odklad-ma-negativa-no-viac-pozitiv\/#article\",\"isPartOf\":{\"@id\":\"https:\/\/evertonfc.cz\/index.php\/2020\/12\/31\/odklad-ma-negativa-no-viac-pozitiv\/\"},\"author\":{\"name\":\"BlueBlooded\",\"@id\":\"https:\/\/evertonfc.cz\/#\/schema\/person\/d4493b8cbea51532597fbc4685698916\"},\"headline\":\"Odklad m\u00e1 negat\u00edva, no viac pozit\u00edv\",\"datePublished\":\"2020-12-31T18:00:24+00:00\",\"dateModified\":\"2021-01-02T09:46:59+00:00\",\"mainEntityOfPage\":{\"@id\":\"https:\/\/evertonfc.cz\/index.php\/2020\/12\/31\/odklad-ma-negativa-no-viac-pozitiv\/\"},\"wordCount\":1543,\"commentCount\":0,\"publisher\":{\"@id\":\"https:\/\/evertonfc.cz\/#organization\"},\"image\":{\"@id\":\"https:\/\/evertonfc.cz\/index.php\/2020\/12\/31\/odklad-ma-negativa-no-viac-pozitiv\/#primaryimage\"},\"thumbnailUrl\":\"https:\/\/evertonfc.cz\/wp-content\/uploads\/2020\/12\/Goodison-Shut-GrandOldTeam.com-31-12-2020.jpg\",\"articleSection\":[\"Blog\"],\"inLanguage\":\"cs\",\"potentialAction\":[{\"@type\":\"CommentAction\",\"name\":\"Comment\",\"target\":[\"https:\/\/evertonfc.cz\/index.php\/2020\/12\/31\/odklad-ma-negativa-no-viac-pozitiv\/#respond\"]}]},{\"@type\":\"WebPage\",\"@id\":\"https:\/\/evertonfc.cz\/index.php\/2020\/12\/31\/odklad-ma-negativa-no-viac-pozitiv\/\",\"url\":\"https:\/\/evertonfc.cz\/index.php\/2020\/12\/31\/odklad-ma-negativa-no-viac-pozitiv\/\",\"name\":\"Odklad m\u00e1 negat\u00edva, no viac pozit\u00edv - Official Czech &amp; Slovak Everton Supporters&#039; Club\",\"isPartOf\":{\"@id\":\"https:\/\/evertonfc.cz\/#website\"},\"primaryImageOfPage\":{\"@id\":\"https:\/\/evertonfc.cz\/index.php\/2020\/12\/31\/odklad-ma-negativa-no-viac-pozitiv\/#primaryimage\"},\"image\":{\"@id\":\"https:\/\/evertonfc.cz\/index.php\/2020\/12\/31\/odklad-ma-negativa-no-viac-pozitiv\/#primaryimage\"},\"thumbnailUrl\":\"https:\/\/evertonfc.cz\/wp-content\/uploads\/2020\/12\/Goodison-Shut-GrandOldTeam.com-31-12-2020.jpg\",\"datePublished\":\"2020-12-31T18:00:24+00:00\",\"dateModified\":\"2021-01-02T09:46:59+00:00\",\"breadcrumb\":{\"@id\":\"https:\/\/evertonfc.cz\/index.php\/2020\/12\/31\/odklad-ma-negativa-no-viac-pozitiv\/#breadcrumb\"},\"inLanguage\":\"cs\",\"potentialAction\":[{\"@type\":\"ReadAction\",\"target\":[\"https:\/\/evertonfc.cz\/index.php\/2020\/12\/31\/odklad-ma-negativa-no-viac-pozitiv\/\"]}]},{\"@type\":\"ImageObject\",\"inLanguage\":\"cs\",\"@id\":\"https:\/\/evertonfc.cz\/index.php\/2020\/12\/31\/odklad-ma-negativa-no-viac-pozitiv\/#primaryimage\",\"url\":\"https:\/\/evertonfc.cz\/wp-content\/uploads\/2020\/12\/Goodison-Shut-GrandOldTeam.com-31-12-2020.jpg\",\"contentUrl\":\"https:\/\/evertonfc.cz\/wp-content\/uploads\/2020\/12\/Goodison-Shut-GrandOldTeam.com-31-12-2020.jpg\",\"width\":720,\"height\":405},{\"@type\":\"BreadcrumbList\",\"@id\":\"https:\/\/evertonfc.cz\/index.php\/2020\/12\/31\/odklad-ma-negativa-no-viac-pozitiv\/#breadcrumb\",\"itemListElement\":[{\"@type\":\"ListItem\",\"position\":1,\"name\":\"Home\",\"item\":\"https:\/\/evertonfc.cz\/\"},{\"@type\":\"ListItem\",\"position\":2,\"name\":\"Odklad m\u00e1 negat\u00edva, no viac pozit\u00edv\"}]},{\"@type\":\"WebSite\",\"@id\":\"https:\/\/evertonfc.cz\/#website\",\"url\":\"https:\/\/evertonfc.cz\/\",\"name\":\"Official Czech &amp; Slovak Everton Supporters&#039; Club\",\"description\":\"\",\"publisher\":{\"@id\":\"https:\/\/evertonfc.cz\/#organization\"},\"potentialAction\":[{\"@type\":\"SearchAction\",\"target\":{\"@type\":\"EntryPoint\",\"urlTemplate\":\"https:\/\/evertonfc.cz\/?s={search_term_string}\"},\"query-input\":{\"@type\":\"PropertyValueSpecification\",\"valueRequired\":true,\"valueName\":\"search_term_string\"}}],\"inLanguage\":\"cs\"},{\"@type\":\"Organization\",\"@id\":\"https:\/\/evertonfc.cz\/#organization\",\"name\":\"Official Czech & Slovak Everton Supporters' Club\",\"url\":\"https:\/\/evertonfc.cz\/\",\"logo\":{\"@type\":\"ImageObject\",\"inLanguage\":\"cs\",\"@id\":\"https:\/\/evertonfc.cz\/#\/schema\/logo\/image\/\",\"url\":\"https:\/\/evertonfc.cz\/wp-content\/uploads\/2019\/05\/logo.png\",\"contentUrl\":\"https:\/\/evertonfc.cz\/wp-content\/uploads\/2019\/05\/logo.png\",\"width\":112,\"height\":112,\"caption\":\"Official Czech & Slovak Everton Supporters' Club\"},\"image\":{\"@id\":\"https:\/\/evertonfc.cz\/#\/schema\/logo\/image\/\"},\"sameAs\":[\"https:\/\/www.facebook.com\/everton.fans.cz.sk\"]},{\"@type\":\"Person\",\"@id\":\"https:\/\/evertonfc.cz\/#\/schema\/person\/d4493b8cbea51532597fbc4685698916\",\"name\":\"BlueBlooded\",\"url\":\"https:\/\/evertonfc.cz\/index.php\/author\/admin\/\"}]}<\/script>\n<!-- \/ Yoast SEO plugin. -->","yoast_head_json":{"title":"Odklad m\u00e1 negat\u00edva, no viac pozit\u00edv - Official Czech &amp; Slovak Everton Supporters&#039; Club","robots":{"index":"index","follow":"follow","max-snippet":"max-snippet:-1","max-image-preview":"max-image-preview:large","max-video-preview":"max-video-preview:-1"},"canonical":"https:\/\/evertonfc.cz\/index.php\/2020\/12\/31\/odklad-ma-negativa-no-viac-pozitiv\/","og_locale":"cs_CZ","og_type":"article","og_title":"Odklad m\u00e1 negat\u00edva, no viac pozit\u00edv - Official Czech &amp; Slovak Everton Supporters&#039; Club","og_description":"Pondelok bol ve\u010dern\u00fd z\u00e1pas 16. kola Premier League v\u00a0Goodison Parku proti Manchesteru City odlo\u017een\u00fd z\u00a0d\u00f4vodu \u0161\u00edrenia pr\u00edpadov koronav\u00edrusu v\u00a0k\u00e1dri host\u00ed.","og_url":"https:\/\/evertonfc.cz\/index.php\/2020\/12\/31\/odklad-ma-negativa-no-viac-pozitiv\/","og_site_name":"Official Czech &amp; Slovak Everton Supporters&#039; Club","article_publisher":"https:\/\/www.facebook.com\/everton.fans.cz.sk","article_published_time":"2020-12-31T18:00:24+00:00","article_modified_time":"2021-01-02T09:46:59+00:00","og_image":[{"width":720,"height":405,"url":"https:\/\/evertonfc.cz\/wp-content\/uploads\/2020\/12\/Goodison-Shut-GrandOldTeam.com-31-12-2020.jpg","type":"image\/jpeg"}],"author":"BlueBlooded","twitter_card":"summary_large_image","twitter_misc":{"Napsal(a)":"BlueBlooded","Odhadovan\u00e1 doba \u010dten\u00ed":"8 minut"},"schema":{"@context":"https:\/\/schema.org","@graph":[{"@type":"Article","@id":"https:\/\/evertonfc.cz\/index.php\/2020\/12\/31\/odklad-ma-negativa-no-viac-pozitiv\/#article","isPartOf":{"@id":"https:\/\/evertonfc.cz\/index.php\/2020\/12\/31\/odklad-ma-negativa-no-viac-pozitiv\/"},"author":{"name":"BlueBlooded","@id":"https:\/\/evertonfc.cz\/#\/schema\/person\/d4493b8cbea51532597fbc4685698916"},"headline":"Odklad m\u00e1 negat\u00edva, no viac pozit\u00edv","datePublished":"2020-12-31T18:00:24+00:00","dateModified":"2021-01-02T09:46:59+00:00","mainEntityOfPage":{"@id":"https:\/\/evertonfc.cz\/index.php\/2020\/12\/31\/odklad-ma-negativa-no-viac-pozitiv\/"},"wordCount":1543,"commentCount":0,"publisher":{"@id":"https:\/\/evertonfc.cz\/#organization"},"image":{"@id":"https:\/\/evertonfc.cz\/index.php\/2020\/12\/31\/odklad-ma-negativa-no-viac-pozitiv\/#primaryimage"},"thumbnailUrl":"https:\/\/evertonfc.cz\/wp-content\/uploads\/2020\/12\/Goodison-Shut-GrandOldTeam.com-31-12-2020.jpg","articleSection":["Blog"],"inLanguage":"cs","potentialAction":[{"@type":"CommentAction","name":"Comment","target":["https:\/\/evertonfc.cz\/index.php\/2020\/12\/31\/odklad-ma-negativa-no-viac-pozitiv\/#respond"]}]},{"@type":"WebPage","@id":"https:\/\/evertonfc.cz\/index.php\/2020\/12\/31\/odklad-ma-negativa-no-viac-pozitiv\/","url":"https:\/\/evertonfc.cz\/index.php\/2020\/12\/31\/odklad-ma-negativa-no-viac-pozitiv\/","name":"Odklad m\u00e1 negat\u00edva, no viac pozit\u00edv - Official Czech &amp; Slovak Everton Supporters&#039; Club","isPartOf":{"@id":"https:\/\/evertonfc.cz\/#website"},"primaryImageOfPage":{"@id":"https:\/\/evertonfc.cz\/index.php\/2020\/12\/31\/odklad-ma-negativa-no-viac-pozitiv\/#primaryimage"},"image":{"@id":"https:\/\/evertonfc.cz\/index.php\/2020\/12\/31\/odklad-ma-negativa-no-viac-pozitiv\/#primaryimage"},"thumbnailUrl":"https:\/\/evertonfc.cz\/wp-content\/uploads\/2020\/12\/Goodison-Shut-GrandOldTeam.com-31-12-2020.jpg","datePublished":"2020-12-31T18:00:24+00:00","dateModified":"2021-01-02T09:46:59+00:00","breadcrumb":{"@id":"https:\/\/evertonfc.cz\/index.php\/2020\/12\/31\/odklad-ma-negativa-no-viac-pozitiv\/#breadcrumb"},"inLanguage":"cs","potentialAction":[{"@type":"ReadAction","target":["https:\/\/evertonfc.cz\/index.php\/2020\/12\/31\/odklad-ma-negativa-no-viac-pozitiv\/"]}]},{"@type":"ImageObject","inLanguage":"cs","@id":"https:\/\/evertonfc.cz\/index.php\/2020\/12\/31\/odklad-ma-negativa-no-viac-pozitiv\/#primaryimage","url":"https:\/\/evertonfc.cz\/wp-content\/uploads\/2020\/12\/Goodison-Shut-GrandOldTeam.com-31-12-2020.jpg","contentUrl":"https:\/\/evertonfc.cz\/wp-content\/uploads\/2020\/12\/Goodison-Shut-GrandOldTeam.com-31-12-2020.jpg","width":720,"height":405},{"@type":"BreadcrumbList","@id":"https:\/\/evertonfc.cz\/index.php\/2020\/12\/31\/odklad-ma-negativa-no-viac-pozitiv\/#breadcrumb","itemListElement":[{"@type":"ListItem","position":1,"name":"Home","item":"https:\/\/evertonfc.cz\/"},{"@type":"ListItem","position":2,"name":"Odklad m\u00e1 negat\u00edva, no viac pozit\u00edv"}]},{"@type":"WebSite","@id":"https:\/\/evertonfc.cz\/#website","url":"https:\/\/evertonfc.cz\/","name":"Official Czech &amp; Slovak Everton Supporters&#039; Club","description":"","publisher":{"@id":"https:\/\/evertonfc.cz\/#organization"},"potentialAction":[{"@type":"SearchAction","target":{"@type":"EntryPoint","urlTemplate":"https:\/\/evertonfc.cz\/?s={search_term_string}"},"query-input":{"@type":"PropertyValueSpecification","valueRequired":true,"valueName":"search_term_string"}}],"inLanguage":"cs"},{"@type":"Organization","@id":"https:\/\/evertonfc.cz\/#organization","name":"Official Czech & Slovak Everton Supporters' Club","url":"https:\/\/evertonfc.cz\/","logo":{"@type":"ImageObject","inLanguage":"cs","@id":"https:\/\/evertonfc.cz\/#\/schema\/logo\/image\/","url":"https:\/\/evertonfc.cz\/wp-content\/uploads\/2019\/05\/logo.png","contentUrl":"https:\/\/evertonfc.cz\/wp-content\/uploads\/2019\/05\/logo.png","width":112,"height":112,"caption":"Official Czech & Slovak Everton Supporters' Club"},"image":{"@id":"https:\/\/evertonfc.cz\/#\/schema\/logo\/image\/"},"sameAs":["https:\/\/www.facebook.com\/everton.fans.cz.sk"]},{"@type":"Person","@id":"https:\/\/evertonfc.cz\/#\/schema\/person\/d4493b8cbea51532597fbc4685698916","name":"BlueBlooded","url":"https:\/\/evertonfc.cz\/index.php\/author\/admin\/"}]}},"_links":{"self":[{"href":"https:\/\/evertonfc.cz\/index.php\/wp-json\/wp\/v2\/posts\/13391"}],"collection":[{"href":"https:\/\/evertonfc.cz\/index.php\/wp-json\/wp\/v2\/posts"}],"about":[{"href":"https:\/\/evertonfc.cz\/index.php\/wp-json\/wp\/v2\/types\/post"}],"author":[{"embeddable":true,"href":"https:\/\/evertonfc.cz\/index.php\/wp-json\/wp\/v2\/users\/1"}],"replies":[{"embeddable":true,"href":"https:\/\/evertonfc.cz\/index.php\/wp-json\/wp\/v2\/comments?post=13391"}],"version-history":[{"count":5,"href":"https:\/\/evertonfc.cz\/index.php\/wp-json\/wp\/v2\/posts\/13391\/revisions"}],"predecessor-version":[{"id":13437,"href":"https:\/\/evertonfc.cz\/index.php\/wp-json\/wp\/v2\/posts\/13391\/revisions\/13437"}],"wp:featuredmedia":[{"embeddable":true,"href":"https:\/\/evertonfc.cz\/index.php\/wp-json\/wp\/v2\/media\/13392"}],"wp:attachment":[{"href":"https:\/\/evertonfc.cz\/index.php\/wp-json\/wp\/v2\/media?parent=13391"}],"wp:term":[{"taxonomy":"category","embeddable":true,"href":"https:\/\/evertonfc.cz\/index.php\/wp-json\/wp\/v2\/categories?post=13391"},{"taxonomy":"post_tag","embeddable":true,"href":"https:\/\/evertonfc.cz\/index.php\/wp-json\/wp\/v2\/tags?post=13391"}],"curies":[{"name":"wp","href":"https:\/\/api.w.org\/{rel}","templated":true}]}}