{"id":13459,"date":"2021-01-05T22:17:39","date_gmt":"2021-01-05T21:17:39","guid":{"rendered":"https:\/\/evertonfc.cz\/?p=13459"},"modified":"2021-01-06T10:34:29","modified_gmt":"2021-01-06T09:34:29","slug":"ca-vonku-sme-silni-doma-je-to-tazsie","status":"publish","type":"post","link":"https:\/\/evertonfc.cz\/index.php\/2021\/01\/05\/ca-vonku-sme-silni-doma-je-to-tazsie\/","title":{"rendered":"CA: Vonku sme siln\u00ed, doma je to \u0165a\u017e\u0161ie"},"content":{"rendered":"<h4>Po prvej prehre v \u0161iestich ligov\u00fdch dueloch Carlo Ancelotti vyz\u00fdva, aby sme sa zbavili frustr\u00e1cie a sklamania zo stretnutia s The Hammers. St\u00e1le sme \u0161tyri body od prv\u00e9ho.<\/h4>\n<p>Po novembrovej dom\u00e1cej por\u00e1\u017eke od Leeds United <a href=\"https:\/\/evertonfc.cz\/index.php\/2020\/11\/29\/everton-leeds-united-01\/\" target=\"_blank\" rel=\"noopener\">(0:1)<\/a> Everton vyhral \u0161tyri a remizoval jeden z piatich z\u00e1pasov Premier League. T\u00e1to 13-bodov\u00e1 \u017eatva v jednej f\u00e1ze pozdvihla Ancelottiho dru\u017einu a\u017e na druh\u00fa poz\u00edciu v ligovej tabu\u013eke. Aktu\u00e1lne sme v\u0161ak siedmy, a to v\u010faka novoro\u010dnej prehre s West Hamom United v Goodison Parku.<\/p>\n<p><em>\u201eNebol to dobr\u00fd v\u00fdkon, nezasl\u00fa\u017eili sme si vyhra\u0165, no ani prehra\u0165.\u201c <\/em>uviedol Ancelotti.<em> \u201eHra bola vyrovnan\u00e1, potom mali \u0161\u0165astn\u00fd odraz. Sme frustrovan\u00ed a sklaman\u00ed. Stratili sme jeden bod a pok\u00fasime sa ho z\u00edska\u0165 sp\u00e4\u0165 v \u010fal\u0161om z\u00e1pase. V\u00fdkon nebol na najvy\u0161\u0161ej \u00farovni. Za\u010dali sme pomaly zozadu&#8230;\u201c<\/em><\/p>\n<p>Everton mal \u0161es\u0165desiatpercentn\u00e9 dr\u017eanie lopty a desa\u0165 streleck\u00fdch pokusov &#8211; ale iba dva smerovali na br\u00e1nu. G\u00f3l, ktor\u00fd inkasovali, bol iba tret\u00edm v modrej sieti v\u00a0posledn\u00fdch \u0161ietich z\u00e1pasoch Premier League.<\/p>\n<p><em>\u201eDr\u017eali sme dlho loptu, ale nedok\u00e1zali sme ju vyu\u017ei\u0165 tak, ako sme chceli, s vy\u0161\u0161ou r\u00fdchlos\u0165ou a intenzitou v \u00fato\u010dnej tretine. Na\u0161e postavenie na ihrisku bolo trochu n\u00edzke a\u00a0nemali sme kvalitu na polovici s\u00fapera. Preto sme nemali ve\u013ea pr\u00edle\u017eitost\u00ed, a tie\u017e preto, \u017ee West Ham br\u00e1nil naozaj dobre. Nena\u0161li sme mo\u017enosti medzi l\u00edniami a stratili sme ve\u013ea duelov jeden proti jedn\u00e9mu. A ke\u010f nen\u00e1jdete mo\u017enosti medzi l\u00edniami, m\u00f4\u017eete sa ocitn\u00fa\u0165 pr\u00e1ve v\u00a0tak\u00fdch situ\u00e1ci\u00e1ch. Z tohto h\u013eadiska sme neboli najlep\u0161\u00ed.\u201c<\/em><\/p>\n<p><em>\u201eA bez priaznivcov to spravilo ve\u013ek\u00fd rozdiel, 2 000 \u013eud\u00ed na trib\u00fanach n\u00e1m ve\u013emi pom\u00e1ha. Rovnako ako my, aj ich obrana (West Hamu) bola lep\u0161ia ako ich \u00fatok. Vyzeralo to ako rem\u00edza, ale mus\u00edme prija\u0165 v\u00fdsledok. Rem\u00edza by bola spravodlivej\u0161ia, nepustili sme (v obrane)\u00a0prakticky ni\u010d a \u0161\u0165astn\u00e9 odrazenie im umo\u017enilo zv\u00ed\u0165azi\u0165.&#8220;<\/em><\/p>\n<h4>Na The Millers po osemd\u0148ovej pauze<\/h4>\n<p>Nasleduj\u00facu sobotu hostia Karamelky v tre\u0165om kole FA Cupu druholigov\u00fd Rotherham United, a\u00a0u\u017e o tri dni nesk\u00f4r hraj\u00fa op\u00e4\u0165. Tentoraz ligov\u00fd z\u00e1pas na tr\u00e1vniku Molineux Stadium, proti Wolverhamptonu Wanderers.<\/p>\n<p><em>\u201eForma bola dobr\u00e1, mali sme \u0165a\u017ek\u00e9 z\u00e1pasy a skvel\u00fa s\u00e9riu, ale u\u017e sa to zastavilo. Bude d\u00f4le\u017eit\u00e9 udr\u017ea\u0165 na\u0161u vieru a sebavedomie na vysokej \u00farovni. M\u00e1me mo\u017enos\u0165 v nasleduj\u00facich \u00f4smich d\u0148och dosta\u0165 hr\u00e1\u010dov do lep\u0161ej kond\u00edcie, ktor\u00ed v posledn\u00fdch t\u00fd\u017ed\u0148och neboli schopn\u00ed tr\u00e9nova\u0165. S\u00fa to kvalitn\u00ed hr\u00e1\u010di, ktor\u00ed nie s\u00fa v najlep\u0161om stave, ako napr\u00edklad James a Richarlison, vracaj\u00faci sa z otrasu mozgu. Dominic mal po\u010das z\u00e1pasu probl\u00e9m a tie\u017e nebol stopercentn\u00fd.&#8220;<\/em><\/p>\n<p>Ancelotti potvrdil, \u017ee Michael Keane, ktor\u00fd bol nevyu\u017eit\u00fdm n\u00e1hradn\u00edkom, a Alex Iwobi, ktor\u00fd vynechal duel \u00faplne, boli kv\u00f4li \u00fanave \u0161etren\u00ed, no obaja bud\u00fa k dispoz\u00edcii pre Rotherham. Pouk\u00e1zal aj na siln\u00e9 defenz\u00edvne \u00fasilie ako d\u00f4vod, pre\u010do sa Everton m\u00f4\u017ee c\u00edti\u0165 ukrivden\u00fd, ke\u010f nez\u00edskal ani bod od Kladiv\u00e1rov. N\u00e1\u0161 lodivod prip\u00fa\u0161\u0165a, \u017ee st\u00e1le h\u013ead\u00e1 ide\u00e1lnu rovnov\u00e1hu medzi obranou a \u00fatokom.<\/p>\n<p><em>&#8222;V tejto chv\u00edli sa c\u00edtime pohodlnej\u0161ie pri br\u00e1nen\u00ed a vyu\u017e\u00edvan\u00ed proti\u00fatokov. Ke\u010f m\u00e1me loptu, m\u00e1me viac \u0165a\u017ekost\u00ed a mus\u00edme to napravi\u0165<\/em>.<em>\u201c <\/em>prizn\u00e1va Talian<em>. \u201eSme v poz\u00edcii, v ktorej chceme by\u0165, a r\u00e1d by som bol v tejto poz\u00edcii aj na konci sez\u00f3ny. T\u00e1to prehra n\u00e1s sklamala, ale to nezmen\u00ed n\u00e1\u0161 cie\u013e.\u201c<\/em><\/p>\n<h4>Na cest\u00e1ch lep\u0161\u00ed ako v pohodl\u00ed domova<\/h4>\n<p>\u00c1no potvrdzujeme, br\u00e1nenie sme skuto\u010dne zlep\u0161ili markantne. Najm\u00e4 po tom, \u010do sme v \u00favodn\u00fdch desiatich z\u00e1pasoch pustili 17 g\u00f3lov. Obnoven\u00e1 sol\u00eddnos\u0165 je badate\u013en\u00e1, av\u0161ak da\u0148 sa ako keby objavuje v \u00fatoku. V prv\u00fdch 10 z\u00e1pasoch sk\u00f3roval Everton 19-kr\u00e1t. Ale nasleduj\u00facich \u0161es\u0165 z\u00e1pasov prinieslo pre The Toffees len 7 g\u00f3lov.<\/p>\n<p><em>\u201eMus\u00edme na tom popracova\u0165 do z\u00e1pasu s\u00a0Rotherhamom. Bude to d\u00f4le\u017eit\u00fd \u010das na to, aby sme sa vzchopili. Lucas Digne sa \u010doskoro vr\u00e1ti a\u00a0taktie\u017e je d\u00f4le\u017eit\u00e9 ma\u0165 Jamesa sp\u00e4\u0165. Ve\u013ea netr\u00e9noval a proti West Hamu hral iba 30 min\u00fat. Mus\u00ed zlep\u0161i\u0165 svoju kond\u00edciu a v \u010fal\u0161\u00edch stretnutiach bude na tom lep\u0161ie.&#8220;<\/em><\/p>\n<p>Ako \u010dere\u0161ni\u010dku na torte netreba opom\u00edna\u0165 aj fakt, \u017ee Everton, ve\u013emi neobvykle, z\u00edskal viac ako polovicu zo svojich 29 bodov mimo Goodison Parku. Mo\u017eno tu zohr\u00e1va\u0165 \u00falohu absencia fan\u00fa\u0161ikov na \u0161tadi\u00f3noch.<\/p>\n<p><em>&#8222;\u00c1no, v tejto sez\u00f3ne sme vonku skuto\u010dne siln\u00ed, sme top. Viac probl\u00e9mov m\u00e1me doma. S div\u00e1kmi by sme neprehrali v\u0161etky tri z\u00e1pasy proti Manchestru, Leeds a West Hamu. Ale mo\u017eno by sme naopak nevyhrali\u00a0 p\u00e4\u0165 z\u00e1pasov vonku.\u201c<\/em><\/p>\n<p style=\"text-align: right;\"><span style=\"font-size: 8pt;\">(fotozdroj: Pool via REUTERS\/Bradley Collyer)<\/span><\/p>\n","protected":false},"excerpt":{"rendered":"<p>Po prvej prehre v \u0161iestich ligov\u00fdch dueloch Carlo Ancelotti vyz\u00fdva, aby sme sa zbavili frustr\u00e1cie a sklamania zo stretnutia s The Hammers. St\u00e1le sme \u0161tyri body od prv\u00e9ho.<\/p>\n","protected":false},"author":1,"featured_media":13460,"comment_status":"open","ping_status":"closed","sticky":false,"template":"","format":"standard","meta":{"_eb_attr":"","_monsterinsights_skip_tracking":false,"_monsterinsights_sitenote_active":false,"_monsterinsights_sitenote_note":"","_monsterinsights_sitenote_category":0,"footnotes":""},"categories":[1],"tags":[],"yoast_head":"<!-- This site is optimized with the Yoast SEO plugin v23.4 - https:\/\/yoast.com\/wordpress\/plugins\/seo\/ -->\n<title>CA: Vonku sme siln\u00ed, doma je to \u0165a\u017e\u0161ie - Official Czech &amp; Slovak Everton Supporters&#039; Club<\/title>\n<meta name=\"robots\" content=\"index, follow, max-snippet:-1, max-image-preview:large, max-video-preview:-1\" \/>\n<link rel=\"canonical\" href=\"https:\/\/evertonfc.cz\/index.php\/2021\/01\/05\/ca-vonku-sme-silni-doma-je-to-tazsie\/\" \/>\n<meta property=\"og:locale\" content=\"cs_CZ\" \/>\n<meta property=\"og:type\" content=\"article\" \/>\n<meta property=\"og:title\" content=\"CA: Vonku sme siln\u00ed, doma je to \u0165a\u017e\u0161ie - Official Czech &amp; Slovak Everton Supporters&#039; Club\" \/>\n<meta property=\"og:description\" content=\"Po prvej prehre v \u0161iestich ligov\u00fdch dueloch Carlo Ancelotti vyz\u00fdva, aby sme sa zbavili frustr\u00e1cie a sklamania zo stretnutia s The Hammers. St\u00e1le sme \u0161tyri body od prv\u00e9ho.\" \/>\n<meta property=\"og:url\" content=\"https:\/\/evertonfc.cz\/index.php\/2021\/01\/05\/ca-vonku-sme-silni-doma-je-to-tazsie\/\" \/>\n<meta property=\"og:site_name\" content=\"Official Czech &amp; Slovak Everton Supporters&#039; Club\" \/>\n<meta property=\"article:publisher\" content=\"https:\/\/www.facebook.com\/everton.fans.cz.sk\" \/>\n<meta property=\"article:published_time\" content=\"2021-01-05T21:17:39+00:00\" \/>\n<meta property=\"article:modified_time\" content=\"2021-01-06T09:34:29+00:00\" \/>\n<meta property=\"og:image\" content=\"https:\/\/evertonfc.cz\/wp-content\/uploads\/2021\/01\/Carlo-Ancelotti-Yahoo-News-Canada-5-1-2021.jpg\" \/>\n\t<meta property=\"og:image:width\" content=\"720\" \/>\n\t<meta property=\"og:image:height\" content=\"405\" \/>\n\t<meta property=\"og:image:type\" content=\"image\/jpeg\" \/>\n<meta name=\"author\" content=\"BlueBlooded\" \/>\n<meta name=\"twitter:card\" content=\"summary_large_image\" \/>\n<meta name=\"twitter:label1\" content=\"Napsal(a)\" \/>\n\t<meta name=\"twitter:data1\" content=\"BlueBlooded\" \/>\n\t<meta name=\"twitter:label2\" content=\"Odhadovan\u00e1 doba \u010dten\u00ed\" \/>\n\t<meta name=\"twitter:data2\" content=\"4 minuty\" \/>\n<script type=\"application\/ld+json\" class=\"yoast-schema-graph\">{\"@context\":\"https:\/\/schema.org\",\"@graph\":[{\"@type\":\"Article\",\"@id\":\"https:\/\/evertonfc.cz\/index.php\/2021\/01\/05\/ca-vonku-sme-silni-doma-je-to-tazsie\/#article\",\"isPartOf\":{\"@id\":\"https:\/\/evertonfc.cz\/index.php\/2021\/01\/05\/ca-vonku-sme-silni-doma-je-to-tazsie\/\"},\"author\":{\"name\":\"BlueBlooded\",\"@id\":\"https:\/\/evertonfc.cz\/#\/schema\/person\/d4493b8cbea51532597fbc4685698916\"},\"headline\":\"CA: Vonku sme siln\u00ed, doma je to \u0165a\u017e\u0161ie\",\"datePublished\":\"2021-01-05T21:17:39+00:00\",\"dateModified\":\"2021-01-06T09:34:29+00:00\",\"mainEntityOfPage\":{\"@id\":\"https:\/\/evertonfc.cz\/index.php\/2021\/01\/05\/ca-vonku-sme-silni-doma-je-to-tazsie\/\"},\"wordCount\":881,\"commentCount\":0,\"publisher\":{\"@id\":\"https:\/\/evertonfc.cz\/#organization\"},\"image\":{\"@id\":\"https:\/\/evertonfc.cz\/index.php\/2021\/01\/05\/ca-vonku-sme-silni-doma-je-to-tazsie\/#primaryimage\"},\"thumbnailUrl\":\"https:\/\/evertonfc.cz\/wp-content\/uploads\/2021\/01\/Carlo-Ancelotti-Yahoo-News-Canada-5-1-2021.jpg\",\"articleSection\":[\"Rozhovory\"],\"inLanguage\":\"cs\",\"potentialAction\":[{\"@type\":\"CommentAction\",\"name\":\"Comment\",\"target\":[\"https:\/\/evertonfc.cz\/index.php\/2021\/01\/05\/ca-vonku-sme-silni-doma-je-to-tazsie\/#respond\"]}]},{\"@type\":\"WebPage\",\"@id\":\"https:\/\/evertonfc.cz\/index.php\/2021\/01\/05\/ca-vonku-sme-silni-doma-je-to-tazsie\/\",\"url\":\"https:\/\/evertonfc.cz\/index.php\/2021\/01\/05\/ca-vonku-sme-silni-doma-je-to-tazsie\/\",\"name\":\"CA: Vonku sme siln\u00ed, doma je to \u0165a\u017e\u0161ie - Official Czech &amp; Slovak Everton Supporters&#039; Club\",\"isPartOf\":{\"@id\":\"https:\/\/evertonfc.cz\/#website\"},\"primaryImageOfPage\":{\"@id\":\"https:\/\/evertonfc.cz\/index.php\/2021\/01\/05\/ca-vonku-sme-silni-doma-je-to-tazsie\/#primaryimage\"},\"image\":{\"@id\":\"https:\/\/evertonfc.cz\/index.php\/2021\/01\/05\/ca-vonku-sme-silni-doma-je-to-tazsie\/#primaryimage\"},\"thumbnailUrl\":\"https:\/\/evertonfc.cz\/wp-content\/uploads\/2021\/01\/Carlo-Ancelotti-Yahoo-News-Canada-5-1-2021.jpg\",\"datePublished\":\"2021-01-05T21:17:39+00:00\",\"dateModified\":\"2021-01-06T09:34:29+00:00\",\"breadcrumb\":{\"@id\":\"https:\/\/evertonfc.cz\/index.php\/2021\/01\/05\/ca-vonku-sme-silni-doma-je-to-tazsie\/#breadcrumb\"},\"inLanguage\":\"cs\",\"potentialAction\":[{\"@type\":\"ReadAction\",\"target\":[\"https:\/\/evertonfc.cz\/index.php\/2021\/01\/05\/ca-vonku-sme-silni-doma-je-to-tazsie\/\"]}]},{\"@type\":\"ImageObject\",\"inLanguage\":\"cs\",\"@id\":\"https:\/\/evertonfc.cz\/index.php\/2021\/01\/05\/ca-vonku-sme-silni-doma-je-to-tazsie\/#primaryimage\",\"url\":\"https:\/\/evertonfc.cz\/wp-content\/uploads\/2021\/01\/Carlo-Ancelotti-Yahoo-News-Canada-5-1-2021.jpg\",\"contentUrl\":\"https:\/\/evertonfc.cz\/wp-content\/uploads\/2021\/01\/Carlo-Ancelotti-Yahoo-News-Canada-5-1-2021.jpg\",\"width\":720,\"height\":405,\"caption\":\"FILE PHOTO: Soccer Football - Premier League - Crystal Palace v Everton - Selhurst Park, London, Britain - September 26, 2020 Everton manager Carlo Ancelotti Pool via REUTERS\/Bradley Collyer\/File photo\"},{\"@type\":\"BreadcrumbList\",\"@id\":\"https:\/\/evertonfc.cz\/index.php\/2021\/01\/05\/ca-vonku-sme-silni-doma-je-to-tazsie\/#breadcrumb\",\"itemListElement\":[{\"@type\":\"ListItem\",\"position\":1,\"name\":\"Home\",\"item\":\"https:\/\/evertonfc.cz\/\"},{\"@type\":\"ListItem\",\"position\":2,\"name\":\"CA: Vonku sme siln\u00ed, doma je to \u0165a\u017e\u0161ie\"}]},{\"@type\":\"WebSite\",\"@id\":\"https:\/\/evertonfc.cz\/#website\",\"url\":\"https:\/\/evertonfc.cz\/\",\"name\":\"Official Czech &amp; Slovak Everton Supporters&#039; Club\",\"description\":\"\",\"publisher\":{\"@id\":\"https:\/\/evertonfc.cz\/#organization\"},\"potentialAction\":[{\"@type\":\"SearchAction\",\"target\":{\"@type\":\"EntryPoint\",\"urlTemplate\":\"https:\/\/evertonfc.cz\/?s={search_term_string}\"},\"query-input\":{\"@type\":\"PropertyValueSpecification\",\"valueRequired\":true,\"valueName\":\"search_term_string\"}}],\"inLanguage\":\"cs\"},{\"@type\":\"Organization\",\"@id\":\"https:\/\/evertonfc.cz\/#organization\",\"name\":\"Official Czech & Slovak Everton Supporters' Club\",\"url\":\"https:\/\/evertonfc.cz\/\",\"logo\":{\"@type\":\"ImageObject\",\"inLanguage\":\"cs\",\"@id\":\"https:\/\/evertonfc.cz\/#\/schema\/logo\/image\/\",\"url\":\"https:\/\/evertonfc.cz\/wp-content\/uploads\/2019\/05\/logo.png\",\"contentUrl\":\"https:\/\/evertonfc.cz\/wp-content\/uploads\/2019\/05\/logo.png\",\"width\":112,\"height\":112,\"caption\":\"Official Czech & Slovak Everton Supporters' Club\"},\"image\":{\"@id\":\"https:\/\/evertonfc.cz\/#\/schema\/logo\/image\/\"},\"sameAs\":[\"https:\/\/www.facebook.com\/everton.fans.cz.sk\"]},{\"@type\":\"Person\",\"@id\":\"https:\/\/evertonfc.cz\/#\/schema\/person\/d4493b8cbea51532597fbc4685698916\",\"name\":\"BlueBlooded\",\"url\":\"https:\/\/evertonfc.cz\/index.php\/author\/admin\/\"}]}<\/script>\n<!-- \/ Yoast SEO plugin. -->","yoast_head_json":{"title":"CA: Vonku sme siln\u00ed, doma je to \u0165a\u017e\u0161ie - Official Czech &amp; Slovak Everton Supporters&#039; Club","robots":{"index":"index","follow":"follow","max-snippet":"max-snippet:-1","max-image-preview":"max-image-preview:large","max-video-preview":"max-video-preview:-1"},"canonical":"https:\/\/evertonfc.cz\/index.php\/2021\/01\/05\/ca-vonku-sme-silni-doma-je-to-tazsie\/","og_locale":"cs_CZ","og_type":"article","og_title":"CA: Vonku sme siln\u00ed, doma je to \u0165a\u017e\u0161ie - Official Czech &amp; Slovak Everton Supporters&#039; Club","og_description":"Po prvej prehre v \u0161iestich ligov\u00fdch dueloch Carlo Ancelotti vyz\u00fdva, aby sme sa zbavili frustr\u00e1cie a sklamania zo stretnutia s The Hammers. St\u00e1le sme \u0161tyri body od prv\u00e9ho.","og_url":"https:\/\/evertonfc.cz\/index.php\/2021\/01\/05\/ca-vonku-sme-silni-doma-je-to-tazsie\/","og_site_name":"Official Czech &amp; Slovak Everton Supporters&#039; Club","article_publisher":"https:\/\/www.facebook.com\/everton.fans.cz.sk","article_published_time":"2021-01-05T21:17:39+00:00","article_modified_time":"2021-01-06T09:34:29+00:00","og_image":[{"width":720,"height":405,"url":"https:\/\/evertonfc.cz\/wp-content\/uploads\/2021\/01\/Carlo-Ancelotti-Yahoo-News-Canada-5-1-2021.jpg","type":"image\/jpeg"}],"author":"BlueBlooded","twitter_card":"summary_large_image","twitter_misc":{"Napsal(a)":"BlueBlooded","Odhadovan\u00e1 doba \u010dten\u00ed":"4 minuty"},"schema":{"@context":"https:\/\/schema.org","@graph":[{"@type":"Article","@id":"https:\/\/evertonfc.cz\/index.php\/2021\/01\/05\/ca-vonku-sme-silni-doma-je-to-tazsie\/#article","isPartOf":{"@id":"https:\/\/evertonfc.cz\/index.php\/2021\/01\/05\/ca-vonku-sme-silni-doma-je-to-tazsie\/"},"author":{"name":"BlueBlooded","@id":"https:\/\/evertonfc.cz\/#\/schema\/person\/d4493b8cbea51532597fbc4685698916"},"headline":"CA: Vonku sme siln\u00ed, doma je to \u0165a\u017e\u0161ie","datePublished":"2021-01-05T21:17:39+00:00","dateModified":"2021-01-06T09:34:29+00:00","mainEntityOfPage":{"@id":"https:\/\/evertonfc.cz\/index.php\/2021\/01\/05\/ca-vonku-sme-silni-doma-je-to-tazsie\/"},"wordCount":881,"commentCount":0,"publisher":{"@id":"https:\/\/evertonfc.cz\/#organization"},"image":{"@id":"https:\/\/evertonfc.cz\/index.php\/2021\/01\/05\/ca-vonku-sme-silni-doma-je-to-tazsie\/#primaryimage"},"thumbnailUrl":"https:\/\/evertonfc.cz\/wp-content\/uploads\/2021\/01\/Carlo-Ancelotti-Yahoo-News-Canada-5-1-2021.jpg","articleSection":["Rozhovory"],"inLanguage":"cs","potentialAction":[{"@type":"CommentAction","name":"Comment","target":["https:\/\/evertonfc.cz\/index.php\/2021\/01\/05\/ca-vonku-sme-silni-doma-je-to-tazsie\/#respond"]}]},{"@type":"WebPage","@id":"https:\/\/evertonfc.cz\/index.php\/2021\/01\/05\/ca-vonku-sme-silni-doma-je-to-tazsie\/","url":"https:\/\/evertonfc.cz\/index.php\/2021\/01\/05\/ca-vonku-sme-silni-doma-je-to-tazsie\/","name":"CA: Vonku sme siln\u00ed, doma je to \u0165a\u017e\u0161ie - Official Czech &amp; Slovak Everton Supporters&#039; Club","isPartOf":{"@id":"https:\/\/evertonfc.cz\/#website"},"primaryImageOfPage":{"@id":"https:\/\/evertonfc.cz\/index.php\/2021\/01\/05\/ca-vonku-sme-silni-doma-je-to-tazsie\/#primaryimage"},"image":{"@id":"https:\/\/evertonfc.cz\/index.php\/2021\/01\/05\/ca-vonku-sme-silni-doma-je-to-tazsie\/#primaryimage"},"thumbnailUrl":"https:\/\/evertonfc.cz\/wp-content\/uploads\/2021\/01\/Carlo-Ancelotti-Yahoo-News-Canada-5-1-2021.jpg","datePublished":"2021-01-05T21:17:39+00:00","dateModified":"2021-01-06T09:34:29+00:00","breadcrumb":{"@id":"https:\/\/evertonfc.cz\/index.php\/2021\/01\/05\/ca-vonku-sme-silni-doma-je-to-tazsie\/#breadcrumb"},"inLanguage":"cs","potentialAction":[{"@type":"ReadAction","target":["https:\/\/evertonfc.cz\/index.php\/2021\/01\/05\/ca-vonku-sme-silni-doma-je-to-tazsie\/"]}]},{"@type":"ImageObject","inLanguage":"cs","@id":"https:\/\/evertonfc.cz\/index.php\/2021\/01\/05\/ca-vonku-sme-silni-doma-je-to-tazsie\/#primaryimage","url":"https:\/\/evertonfc.cz\/wp-content\/uploads\/2021\/01\/Carlo-Ancelotti-Yahoo-News-Canada-5-1-2021.jpg","contentUrl":"https:\/\/evertonfc.cz\/wp-content\/uploads\/2021\/01\/Carlo-Ancelotti-Yahoo-News-Canada-5-1-2021.jpg","width":720,"height":405,"caption":"FILE PHOTO: Soccer Football - Premier League - Crystal Palace v Everton - Selhurst Park, London, Britain - September 26, 2020 Everton manager Carlo Ancelotti Pool via REUTERS\/Bradley Collyer\/File photo"},{"@type":"BreadcrumbList","@id":"https:\/\/evertonfc.cz\/index.php\/2021\/01\/05\/ca-vonku-sme-silni-doma-je-to-tazsie\/#breadcrumb","itemListElement":[{"@type":"ListItem","position":1,"name":"Home","item":"https:\/\/evertonfc.cz\/"},{"@type":"ListItem","position":2,"name":"CA: Vonku sme siln\u00ed, doma je to \u0165a\u017e\u0161ie"}]},{"@type":"WebSite","@id":"https:\/\/evertonfc.cz\/#website","url":"https:\/\/evertonfc.cz\/","name":"Official Czech &amp; Slovak Everton Supporters&#039; Club","description":"","publisher":{"@id":"https:\/\/evertonfc.cz\/#organization"},"potentialAction":[{"@type":"SearchAction","target":{"@type":"EntryPoint","urlTemplate":"https:\/\/evertonfc.cz\/?s={search_term_string}"},"query-input":{"@type":"PropertyValueSpecification","valueRequired":true,"valueName":"search_term_string"}}],"inLanguage":"cs"},{"@type":"Organization","@id":"https:\/\/evertonfc.cz\/#organization","name":"Official Czech & Slovak Everton Supporters' Club","url":"https:\/\/evertonfc.cz\/","logo":{"@type":"ImageObject","inLanguage":"cs","@id":"https:\/\/evertonfc.cz\/#\/schema\/logo\/image\/","url":"https:\/\/evertonfc.cz\/wp-content\/uploads\/2019\/05\/logo.png","contentUrl":"https:\/\/evertonfc.cz\/wp-content\/uploads\/2019\/05\/logo.png","width":112,"height":112,"caption":"Official Czech & Slovak Everton Supporters' Club"},"image":{"@id":"https:\/\/evertonfc.cz\/#\/schema\/logo\/image\/"},"sameAs":["https:\/\/www.facebook.com\/everton.fans.cz.sk"]},{"@type":"Person","@id":"https:\/\/evertonfc.cz\/#\/schema\/person\/d4493b8cbea51532597fbc4685698916","name":"BlueBlooded","url":"https:\/\/evertonfc.cz\/index.php\/author\/admin\/"}]}},"_links":{"self":[{"href":"https:\/\/evertonfc.cz\/index.php\/wp-json\/wp\/v2\/posts\/13459"}],"collection":[{"href":"https:\/\/evertonfc.cz\/index.php\/wp-json\/wp\/v2\/posts"}],"about":[{"href":"https:\/\/evertonfc.cz\/index.php\/wp-json\/wp\/v2\/types\/post"}],"author":[{"embeddable":true,"href":"https:\/\/evertonfc.cz\/index.php\/wp-json\/wp\/v2\/users\/1"}],"replies":[{"embeddable":true,"href":"https:\/\/evertonfc.cz\/index.php\/wp-json\/wp\/v2\/comments?post=13459"}],"version-history":[{"count":8,"href":"https:\/\/evertonfc.cz\/index.php\/wp-json\/wp\/v2\/posts\/13459\/revisions"}],"predecessor-version":[{"id":13467,"href":"https:\/\/evertonfc.cz\/index.php\/wp-json\/wp\/v2\/posts\/13459\/revisions\/13467"}],"wp:featuredmedia":[{"embeddable":true,"href":"https:\/\/evertonfc.cz\/index.php\/wp-json\/wp\/v2\/media\/13460"}],"wp:attachment":[{"href":"https:\/\/evertonfc.cz\/index.php\/wp-json\/wp\/v2\/media?parent=13459"}],"wp:term":[{"taxonomy":"category","embeddable":true,"href":"https:\/\/evertonfc.cz\/index.php\/wp-json\/wp\/v2\/categories?post=13459"},{"taxonomy":"post_tag","embeddable":true,"href":"https:\/\/evertonfc.cz\/index.php\/wp-json\/wp\/v2\/tags?post=13459"}],"curies":[{"name":"wp","href":"https:\/\/api.w.org\/{rel}","templated":true}]}}