{"id":13469,"date":"2021-01-06T19:00:19","date_gmt":"2021-01-06T18:00:19","guid":{"rendered":"https:\/\/evertonfc.cz\/?p=13469"},"modified":"2021-01-06T19:01:54","modified_gmt":"2021-01-06T18:01:54","slug":"budem-navzdy-vdacny-klubu-a-carlovi","status":"publish","type":"post","link":"https:\/\/evertonfc.cz\/index.php\/2021\/01\/06\/budem-navzdy-vdacny-klubu-a-carlovi\/","title":{"rendered":"\u201eBudem nav\u017edy v\u010fa\u010dn\u00fd klubu a Carlovi\u201c"},"content":{"rendered":"<h4>James Rodr\u00edguez vo svojom prvom v\u00e4\u010d\u0161om rozhovore. Pre\u010do pod\u013ea neho nemus\u00ed na ihrisku to\u013eko beha\u0165, alebo \u010do si doma rozhodne neu\u017e\u00edva, sa dozviete v na\u0161om\u00a0\u010dl\u00e1nku.<\/h4>\n<p>Na\u0161e nov\u00e9 \u010d\u00edslo 19 sa pripojilo k Evertonu pred touto sez\u00f3nou po \u0161iestich rokoch p\u00f4sobenia v Reale Madrid. Kolumbij\u010dan, ktor\u00fd predt\u00fdm hr\u00e1val a\u00a0z\u00edskal dom\u00e1ce tituly v Porte, Monaku a Bayerne Mn\u00edchov, prich\u00e1dzal na Merseyside z\u00a0bilanciou 161 priamych g\u00f3lov\u00fdch particip\u00e1cii v\u00a0227 z\u00e1pasoch. U\u00a0n\u00e1s v tomto ro\u010dn\u00edku priamo prispel k \u0161iestim ligov\u00fdm g\u00f3lom v\u00a011 dueloch, pri\u010dom tri z\u00a0nich priamo vstrelil a\u00a0na zvy\u0161n\u00e9 prihral. Toto v\u0161ak nie je taktick\u00e1 spove\u010f o\u00a0jeho pr\u00ednose&#8230;<\/p>\n<h4><strong>\u017divot po\u010das pand\u00e9mie v Livepoole<\/strong><\/h4>\n<p><em>\u201eTieto \u010dasy s\u00fa naozaj \u0165a\u017ek\u00e9 pre v\u0161etk\u00fdch. Na \u0161tadi\u00f3ny nem\u00f4\u017ee pr\u00eds\u0165 ve\u013ea \u013eud\u00ed. Toto je ale ve\u013emi pokojn\u00e9 miesto. \u013dudia tu miluj\u00fa futbal, v\u0161etci pre\u0148 maj\u00fa ve\u013ek\u00fa v\u00e1\u0161e\u0148. To je to, \u010do som videl zvonku a t\u00fdm, \u010d\u00edm som pre\u0161iel po\u010das v\u0161etk\u00fdch t\u00fdch z\u00e1pasov. Videl som, \u017ee \u013eudia s\u00fa tu ve\u013ek\u00fdmi podporovate\u013emi tohto \u0161portu, \u00fa\u017easn\u00fdmi fan\u00fa\u0161ikmi. V\u017edy za nami stoja a je \u0161koda, \u017ee nem\u00f4\u017eu by\u0165 pri z\u00e1pasoch.\u201c<\/em><\/p>\n<p><em>&#8222;Ka\u017edop\u00e1dne, vynahrad\u00edme si straten\u00fd \u010das. Je to \u0165a\u017ek\u00e9 obdobie pre v\u0161etk\u00fdch, ale st\u00e1le tu s\u00fa, v\u017edy n\u00e1s podporuj\u00fa najlep\u0161ie, ako vedia, a my im d\u00e1vame zo seba v\u0161etko. Ja som v\u017edy pokojn\u00fd, ve\u013emi dom\u00e1cky zalo\u017een\u00fd \u010dlovek. Idem len domov z tr\u00e9ningu a zase nasp\u00e4\u0165. To, \u010do sa deje vo svete, pr\u00edli\u0161 nezmenilo v mojom ka\u017edodennom \u017eivote. Rovnako sa nezmenil ani m\u00f4j poh\u013ead na veci. Nakoniec, hr\u00e1\u010d \u017eije de\u0148 za d\u0148om. Star\u00e1me sa o seba, o jedlo, o sp\u00e1nok, tak\u017ee sa naozaj s\u00fastred\u00edm len na to a na ni\u010d in\u00e9.&#8220;<\/em><\/p>\n<h4><strong>O\u00a0aklimatiz\u00e1cii v\u00a0novej lige<\/strong><\/h4>\n<p><em>\u201eU\u017e odmali\u010dka som sledoval z\u00e1pasy Premier League. Pozoroval som v\u0161etky tie vynikaj\u00face t\u00edmy, ktor\u00e9 tam hrali. Hranie v \u00faplne novej lige je tie\u017e pozit\u00edvom pre moju kari\u00e9ru. Tento rok dov\u0155\u0161im tridsa\u0165 rokov, \u010do mi d\u00e1va, ako hovor\u00edme, ve\u013ea sk\u00fasenost\u00ed. Tieto nov\u00e9 sk\u00fasenosti v\u00e1m poskytuj\u00fa siln\u00e9 z\u00e1zemie, u\u010d\u00edte sa nov\u00e9 veci.Ja sa sna\u017e\u00edm u\u010di\u0165 nov\u00e9 veci ka\u017ed\u00fd de\u0148 a st\u00e1le vid\u00edm nov\u00e9. Pod\u013ea m\u00f4jho n\u00e1zoru to je ve\u013emi pozit\u00edvne. Som ve\u013emi zvedav\u00e1 osoba \u010do sa futbalu t\u00fdka.&#8220;<\/em><\/p>\n<p><em>\u201eM\u00e1m pocit, \u017ee naozaj chcem pracova\u0165, tak\u017ee u\u010denie sa nov\u00fdch vec\u00ed je pre m\u00f4j \u017eivot tak\u00fd pozit\u00edvny aspekt. Ke\u010f za\u010d\u00ednate hra\u0165 futbal v\u00a0dvadsiatke, a pokra\u010dujete do tridsiatky, videli ste toho mnoho. Pravdepodobne dobr\u00e9 aj zl\u00e9 veci. Teraz, po celom tom \u010dase, m\u00e1m pocit, \u017ee futbal je pre m\u0148a dobr\u00e1 vec, ale u\u017e m\u00e1m potrebn\u00e9 z\u00e1zemie, vr\u00e1tane dobr\u00fdch a zl\u00fdch sk\u00fasenost\u00ed. Beriem ich v\u0161ak ako ponau\u010denie.\u201c<\/em><\/p>\n<h4><strong>V\u00a0\u010dom je in\u00fd anglick\u00fd futbal<\/strong><\/h4>\n<p><em>\u201eNo, v\u0161imol som si, \u017ee futbal v Premier League je v porovnan\u00ed s in\u00fdmi ligami trochu fyzickej\u0161\u00ed. Vid\u00edme siln\u00fdch hr\u00e1\u010dov, ktor\u00ed pri hran\u00ed vyu\u017e\u00edvaj\u00fa svoje telo a silu, pri\u010dom v\u017edy h\u013eadaj\u00fa fyzick\u00fd kontakt. Technicky s\u00fa to tie\u017e dobr\u00ed hr\u00e1\u010di. Ide teda o r\u00fdchly a intenz\u00edvny druh futbalu. Mysl\u00edm si, \u017ee toto s\u00fa vlastnosti, ktor\u00e9 som si v\u0161imol. Viete, hral som v mnoh\u00fdch in\u00fdch lig\u00e1ch, ale tu s\u00fa hr\u00e1\u010di silnej\u0161\u00ed, hraj\u00fa fyzickej\u0161ie a v\u017edy h\u013eadaj\u00fa loptu, aby ju \u010do najviac nakopli. To na m\u0148a urobilo dojem.\u201c<\/em><\/p>\n<h4><strong>Vraj v\u00a0z\u00e1pasoch m\u00e1lo beh\u00e1<\/strong><\/h4>\n<p><em>&#8222;To je to, \u010do chcem robi\u0165. Hra\u0165 futbal, a futbal nie je len beh. Futbal je o tom, aby ste robili va\u0161ich spoluhr\u00e1\u010dov lep\u0161\u00edmi, pom\u00e1hali im v\u00ed\u0165azi\u0165. V\u017edy hovor\u00edm, \u017ee ke\u010f je \u010dlovek talentovan\u00fd a zru\u010dn\u00fd, m\u00f4\u017ee hra\u0165 skuto\u010dne kdeko\u013evek. To je to, \u010do chcem a sna\u017e\u00edm sa robi\u0165. Pom\u00e1ha\u0165 t\u00edmu, aby mohol hra\u0165 na najvy\u0161\u0161ej \u00farovni.\u201c<\/em><\/p>\n<p><em>\u201eViem, \u017ee jestvuj\u00fa t\u00edmy zn\u00e1me t\u00fdm, \u017ee ve\u013emi ve\u013ea behaj\u00fa, hraj\u00fa ve\u013emi fyzicky. A ke\u010f m\u00e1te hr\u00e1\u010da, ktor\u00fd rozm\u00fd\u0161\u013ea, \u017ee hr\u00e1 futbal in\u00fdm sp\u00f4sobom, u\u013eah\u010d\u00ed to aj ostatn\u00fdm spoluhr\u00e1\u010dom. Existuj\u00fa z\u00e1pasy, v ktor\u00fdch sa ned\u00e1 hra\u0165 v\u017edy rovnako. V mojom pr\u00edpade sa ale v\u017edy sna\u017e\u00edm robi\u0165 to ist\u00e9, aby t\u00edm dosiahol ve\u013ek\u00e9 veci.\u201c<\/em><\/p>\n<h4><strong>Eur\u00f3pske s\u00fa\u0165a\u017ee by r\u00e1d hral, nie pozeral doma<\/strong><\/h4>\n<p><em>\u201eTo je presne to, \u010do chcem. Tento rok sledujem Ligu majstrov z domu, a to je nie\u010do, \u010do obzvl\u00e1\u0161\u0165 ner\u00e1d rob\u00edm! \u00c1no, je to \u0165a\u017ek\u00e9. Ale mysl\u00edm si, \u017ee m\u00e1me na to, aby sme tam boli bud\u00faci rok. Na kvalifik\u00e1ciu potrebujeme ochotu hra\u0165, mus\u00edme by\u0165 hladn\u00ed, aby sme uspeli v ka\u017edom z\u00e1pase. Ver\u00edm, \u017ee v\u0161etci hr\u00e1\u010di musia ma\u0165 rovnak\u00fd pocit. Mus\u00edme \u00eds\u0165 rovnakou cestou. Na tomto projekte spolupracuj\u00fa seri\u00f3zni \u013eudia, \u013eudia, ktor\u00ed chc\u00fa zv\u00ed\u0165azi\u0165. \u013dudia v tomto klube si s\u00fa ist\u00ed t\u00fdm, \u010do chc\u00fa.\u201c<\/em><\/p>\n<p><em>\u201eM\u00e1me talentovan\u00fdch hr\u00e1\u010dov na \u0161pi\u010dkovej \u00farovni. Ver\u00edm, \u017ee ak budeme spolupracova\u0165 ako t\u00edm, ak p\u00f4jdeme v\u0161etci rovnakou cestou, som si ist\u00fd, \u017ee dok\u00e1\u017eeme dosiahnu\u0165 \u00fa\u017easn\u00e9 v\u00fdsledky. Toto je ve\u013emi skromn\u00fd klub. T\u00fa\u017ei dosiahnu\u0165 \u00faspech a m\u00e1 ve\u013emi priate\u013esk\u00fdch \u013eud\u00ed. Ke\u010f klub t\u00fa\u017ei dosiahnu\u0165 \u00faspech, je to ve\u013emi pozit\u00edvna vec. Nie je to len o hr\u00e1\u010doch, ale aj o \u013eu\u010foch spojen\u00fdch s klubom, ktor\u00ed pre to ka\u017ed\u00fd de\u0148 pracuj\u00fa. S\u00fa to \u013eudia, ktor\u00ed robia mal\u00e9 veci, ale maj\u00fa obrovsk\u00fd vplyv na klub.\u201c<\/em><\/p>\n<h4><strong>Everton a\u00a0Carlo jedin\u00ed, ktor\u00ed mu verili<\/strong><\/h4>\n<p><em>\u201ePosledn\u00fa sez\u00f3nu som str\u00e1vil bez toho, aby som ve\u013ea hr\u00e1val, tak\u017ee som musel \u00eds\u0165 do t\u00edmu, kde by mi mohli d\u00f4verova\u0165. Potreboval som hra\u0165 pod tr\u00e9nerom, ktor\u00fd ma pozn\u00e1, vie ako sa spr\u00e1vam na ihrisku i mimo neho. Carlo bol presne to, \u010do som potreboval, aby som pri\u0161iel do tohto klubu. To bolo naozaj d\u00f4le\u017eit\u00e9 pri mojom rozhodnut\u00ed sta\u0165 sa s\u00fa\u010das\u0165ou t\u00edmu. Ale bolo to z dvoch d\u00f4vodov. Ancelotti a aj klub mi d\u00f4verovali, ke\u010f to nikto in\u00fd neurobil. Budem nav\u017edy v\u010fa\u010dn\u00fd klubu a Carlovi.\u201c<\/em><\/p>\n<p><em>\u201ePreto sa sna\u017e\u00edm v ka\u017edom z\u00e1pase predv\u00e1dza\u0165 moje maximum, preto sa sna\u017e\u00edm hra\u0165 na svojej najvy\u0161\u0161ej \u00farovni. To je to, \u010do chcem pre klub urobi\u0165. Ancelotti je \u010dlovek s ktor\u00fdm sa ve\u013emi \u013eahko vych\u00e1dza. Vie, ako sa spr\u00e1va\u0165 k hr\u00e1\u010dom a ako z n\u00e1s vy\u0165a\u017ei\u0165 maximum. Preto spolupracoval so v\u0161etk\u00fdmi t\u00fdmi skvel\u00fdmi klubmi, a teraz pri tomto novom projekte o\u010dak\u00e1vame, \u017ee urob\u00ed maximum pre dosiahnutie mimoriadnych vec\u00ed. V\u0161etci hr\u00e1\u010di, ktor\u00ed spolupracovali s Carlom, o \u0148om hovorili v dobrom. To znamen\u00e1, \u017ee odv\u00e1dza skvel\u00fa pr\u00e1cu vo v\u0161etk\u00fdch oh\u013eadoch. Preto dosiahol tak mnoho. <\/em><em>Dal ve\u013ea r\u00f4znym klubom a d\u00fafame, \u017ee v tomto novom projekte dosiahne to ist\u00e9. Toto je klub, ktor\u00fd m\u00e1 hlad po dosiahnut\u00ed ve\u013ek\u00fdch vec\u00ed. Sn\u00e1\u010f nie\u010do ve\u013ek\u00e9 dosiahneme do nieko\u013ek\u00fdch mesiacov alebo rokov.\u201c<\/em><\/p>\n<p style=\"text-align: right;\"><span style=\"font-size: 8pt;\">(fotozdroj: DNA INDIA.com)<\/span><\/p>\n","protected":false},"excerpt":{"rendered":"<p>James Rodr\u00edguez vo svojom prvom v\u00e4\u010d\u0161om rozhovore. Pre\u010do pod\u013ea neho nemus\u00ed na ihrisku to\u013eko beha\u0165, alebo \u010do si doma rozhodne neu\u017e\u00edva, sa dozviete v na\u0161om\u00a0\u010dl\u00e1nku.<\/p>\n","protected":false},"author":1,"featured_media":13470,"comment_status":"open","ping_status":"closed","sticky":false,"template":"","format":"standard","meta":{"_eb_attr":"","_monsterinsights_skip_tracking":false,"_monsterinsights_sitenote_active":false,"_monsterinsights_sitenote_note":"","_monsterinsights_sitenote_category":0,"footnotes":""},"categories":[1],"tags":[],"yoast_head":"<!-- This site is optimized with the Yoast SEO plugin v23.4 - https:\/\/yoast.com\/wordpress\/plugins\/seo\/ -->\n<title>\u201eBudem nav\u017edy v\u010fa\u010dn\u00fd klubu a Carlovi\u201c - Official Czech &amp; Slovak Everton Supporters&#039; Club<\/title>\n<meta name=\"robots\" content=\"index, follow, max-snippet:-1, max-image-preview:large, max-video-preview:-1\" \/>\n<link rel=\"canonical\" href=\"https:\/\/evertonfc.cz\/index.php\/2021\/01\/06\/budem-navzdy-vdacny-klubu-a-carlovi\/\" \/>\n<meta property=\"og:locale\" content=\"cs_CZ\" \/>\n<meta property=\"og:type\" content=\"article\" \/>\n<meta property=\"og:title\" content=\"\u201eBudem nav\u017edy v\u010fa\u010dn\u00fd klubu a Carlovi\u201c - Official Czech &amp; Slovak Everton Supporters&#039; Club\" \/>\n<meta property=\"og:description\" content=\"James Rodr\u00edguez vo svojom prvom v\u00e4\u010d\u0161om rozhovore. Pre\u010do pod\u013ea neho nemus\u00ed na ihrisku to\u013eko beha\u0165, alebo \u010do si doma rozhodne neu\u017e\u00edva, sa dozviete v na\u0161om\u00a0\u010dl\u00e1nku.\" \/>\n<meta property=\"og:url\" content=\"https:\/\/evertonfc.cz\/index.php\/2021\/01\/06\/budem-navzdy-vdacny-klubu-a-carlovi\/\" \/>\n<meta property=\"og:site_name\" content=\"Official Czech &amp; Slovak Everton Supporters&#039; Club\" \/>\n<meta property=\"article:publisher\" content=\"https:\/\/www.facebook.com\/everton.fans.cz.sk\" \/>\n<meta property=\"article:published_time\" content=\"2021-01-06T18:00:19+00:00\" \/>\n<meta property=\"article:modified_time\" content=\"2021-01-06T18:01:54+00:00\" \/>\n<meta property=\"og:image\" content=\"https:\/\/evertonfc.cz\/wp-content\/uploads\/2021\/01\/James-DNA-INDIA.com-6-1-2021.jpg\" \/>\n\t<meta property=\"og:image:width\" content=\"720\" \/>\n\t<meta property=\"og:image:height\" content=\"405\" \/>\n\t<meta property=\"og:image:type\" content=\"image\/jpeg\" \/>\n<meta name=\"author\" content=\"BlueBlooded\" \/>\n<meta name=\"twitter:card\" content=\"summary_large_image\" \/>\n<meta name=\"twitter:label1\" content=\"Napsal(a)\" \/>\n\t<meta name=\"twitter:data1\" content=\"BlueBlooded\" \/>\n\t<meta name=\"twitter:label2\" content=\"Odhadovan\u00e1 doba \u010dten\u00ed\" \/>\n\t<meta name=\"twitter:data2\" content=\"7 minut\" \/>\n<script type=\"application\/ld+json\" class=\"yoast-schema-graph\">{\"@context\":\"https:\/\/schema.org\",\"@graph\":[{\"@type\":\"Article\",\"@id\":\"https:\/\/evertonfc.cz\/index.php\/2021\/01\/06\/budem-navzdy-vdacny-klubu-a-carlovi\/#article\",\"isPartOf\":{\"@id\":\"https:\/\/evertonfc.cz\/index.php\/2021\/01\/06\/budem-navzdy-vdacny-klubu-a-carlovi\/\"},\"author\":{\"name\":\"BlueBlooded\",\"@id\":\"https:\/\/evertonfc.cz\/#\/schema\/person\/d4493b8cbea51532597fbc4685698916\"},\"headline\":\"\u201eBudem nav\u017edy v\u010fa\u010dn\u00fd klubu a Carlovi\u201c\",\"datePublished\":\"2021-01-06T18:00:19+00:00\",\"dateModified\":\"2021-01-06T18:01:54+00:00\",\"mainEntityOfPage\":{\"@id\":\"https:\/\/evertonfc.cz\/index.php\/2021\/01\/06\/budem-navzdy-vdacny-klubu-a-carlovi\/\"},\"wordCount\":1311,\"commentCount\":0,\"publisher\":{\"@id\":\"https:\/\/evertonfc.cz\/#organization\"},\"image\":{\"@id\":\"https:\/\/evertonfc.cz\/index.php\/2021\/01\/06\/budem-navzdy-vdacny-klubu-a-carlovi\/#primaryimage\"},\"thumbnailUrl\":\"https:\/\/evertonfc.cz\/wp-content\/uploads\/2021\/01\/James-DNA-INDIA.com-6-1-2021.jpg\",\"articleSection\":[\"Rozhovory\"],\"inLanguage\":\"cs\",\"potentialAction\":[{\"@type\":\"CommentAction\",\"name\":\"Comment\",\"target\":[\"https:\/\/evertonfc.cz\/index.php\/2021\/01\/06\/budem-navzdy-vdacny-klubu-a-carlovi\/#respond\"]}]},{\"@type\":\"WebPage\",\"@id\":\"https:\/\/evertonfc.cz\/index.php\/2021\/01\/06\/budem-navzdy-vdacny-klubu-a-carlovi\/\",\"url\":\"https:\/\/evertonfc.cz\/index.php\/2021\/01\/06\/budem-navzdy-vdacny-klubu-a-carlovi\/\",\"name\":\"\u201eBudem nav\u017edy v\u010fa\u010dn\u00fd klubu a Carlovi\u201c - Official Czech &amp; Slovak Everton Supporters&#039; Club\",\"isPartOf\":{\"@id\":\"https:\/\/evertonfc.cz\/#website\"},\"primaryImageOfPage\":{\"@id\":\"https:\/\/evertonfc.cz\/index.php\/2021\/01\/06\/budem-navzdy-vdacny-klubu-a-carlovi\/#primaryimage\"},\"image\":{\"@id\":\"https:\/\/evertonfc.cz\/index.php\/2021\/01\/06\/budem-navzdy-vdacny-klubu-a-carlovi\/#primaryimage\"},\"thumbnailUrl\":\"https:\/\/evertonfc.cz\/wp-content\/uploads\/2021\/01\/James-DNA-INDIA.com-6-1-2021.jpg\",\"datePublished\":\"2021-01-06T18:00:19+00:00\",\"dateModified\":\"2021-01-06T18:01:54+00:00\",\"breadcrumb\":{\"@id\":\"https:\/\/evertonfc.cz\/index.php\/2021\/01\/06\/budem-navzdy-vdacny-klubu-a-carlovi\/#breadcrumb\"},\"inLanguage\":\"cs\",\"potentialAction\":[{\"@type\":\"ReadAction\",\"target\":[\"https:\/\/evertonfc.cz\/index.php\/2021\/01\/06\/budem-navzdy-vdacny-klubu-a-carlovi\/\"]}]},{\"@type\":\"ImageObject\",\"inLanguage\":\"cs\",\"@id\":\"https:\/\/evertonfc.cz\/index.php\/2021\/01\/06\/budem-navzdy-vdacny-klubu-a-carlovi\/#primaryimage\",\"url\":\"https:\/\/evertonfc.cz\/wp-content\/uploads\/2021\/01\/James-DNA-INDIA.com-6-1-2021.jpg\",\"contentUrl\":\"https:\/\/evertonfc.cz\/wp-content\/uploads\/2021\/01\/James-DNA-INDIA.com-6-1-2021.jpg\",\"width\":720,\"height\":405},{\"@type\":\"BreadcrumbList\",\"@id\":\"https:\/\/evertonfc.cz\/index.php\/2021\/01\/06\/budem-navzdy-vdacny-klubu-a-carlovi\/#breadcrumb\",\"itemListElement\":[{\"@type\":\"ListItem\",\"position\":1,\"name\":\"Home\",\"item\":\"https:\/\/evertonfc.cz\/\"},{\"@type\":\"ListItem\",\"position\":2,\"name\":\"\u201eBudem nav\u017edy v\u010fa\u010dn\u00fd klubu a Carlovi\u201c\"}]},{\"@type\":\"WebSite\",\"@id\":\"https:\/\/evertonfc.cz\/#website\",\"url\":\"https:\/\/evertonfc.cz\/\",\"name\":\"Official Czech &amp; Slovak Everton Supporters&#039; Club\",\"description\":\"\",\"publisher\":{\"@id\":\"https:\/\/evertonfc.cz\/#organization\"},\"potentialAction\":[{\"@type\":\"SearchAction\",\"target\":{\"@type\":\"EntryPoint\",\"urlTemplate\":\"https:\/\/evertonfc.cz\/?s={search_term_string}\"},\"query-input\":{\"@type\":\"PropertyValueSpecification\",\"valueRequired\":true,\"valueName\":\"search_term_string\"}}],\"inLanguage\":\"cs\"},{\"@type\":\"Organization\",\"@id\":\"https:\/\/evertonfc.cz\/#organization\",\"name\":\"Official Czech & Slovak Everton Supporters' Club\",\"url\":\"https:\/\/evertonfc.cz\/\",\"logo\":{\"@type\":\"ImageObject\",\"inLanguage\":\"cs\",\"@id\":\"https:\/\/evertonfc.cz\/#\/schema\/logo\/image\/\",\"url\":\"https:\/\/evertonfc.cz\/wp-content\/uploads\/2019\/05\/logo.png\",\"contentUrl\":\"https:\/\/evertonfc.cz\/wp-content\/uploads\/2019\/05\/logo.png\",\"width\":112,\"height\":112,\"caption\":\"Official Czech & Slovak Everton Supporters' Club\"},\"image\":{\"@id\":\"https:\/\/evertonfc.cz\/#\/schema\/logo\/image\/\"},\"sameAs\":[\"https:\/\/www.facebook.com\/everton.fans.cz.sk\"]},{\"@type\":\"Person\",\"@id\":\"https:\/\/evertonfc.cz\/#\/schema\/person\/d4493b8cbea51532597fbc4685698916\",\"name\":\"BlueBlooded\",\"url\":\"https:\/\/evertonfc.cz\/index.php\/author\/admin\/\"}]}<\/script>\n<!-- \/ Yoast SEO plugin. -->","yoast_head_json":{"title":"\u201eBudem nav\u017edy v\u010fa\u010dn\u00fd klubu a Carlovi\u201c - Official Czech &amp; Slovak Everton Supporters&#039; Club","robots":{"index":"index","follow":"follow","max-snippet":"max-snippet:-1","max-image-preview":"max-image-preview:large","max-video-preview":"max-video-preview:-1"},"canonical":"https:\/\/evertonfc.cz\/index.php\/2021\/01\/06\/budem-navzdy-vdacny-klubu-a-carlovi\/","og_locale":"cs_CZ","og_type":"article","og_title":"\u201eBudem nav\u017edy v\u010fa\u010dn\u00fd klubu a Carlovi\u201c - Official Czech &amp; Slovak Everton Supporters&#039; Club","og_description":"James Rodr\u00edguez vo svojom prvom v\u00e4\u010d\u0161om rozhovore. Pre\u010do pod\u013ea neho nemus\u00ed na ihrisku to\u013eko beha\u0165, alebo \u010do si doma rozhodne neu\u017e\u00edva, sa dozviete v na\u0161om\u00a0\u010dl\u00e1nku.","og_url":"https:\/\/evertonfc.cz\/index.php\/2021\/01\/06\/budem-navzdy-vdacny-klubu-a-carlovi\/","og_site_name":"Official Czech &amp; Slovak Everton Supporters&#039; Club","article_publisher":"https:\/\/www.facebook.com\/everton.fans.cz.sk","article_published_time":"2021-01-06T18:00:19+00:00","article_modified_time":"2021-01-06T18:01:54+00:00","og_image":[{"width":720,"height":405,"url":"https:\/\/evertonfc.cz\/wp-content\/uploads\/2021\/01\/James-DNA-INDIA.com-6-1-2021.jpg","type":"image\/jpeg"}],"author":"BlueBlooded","twitter_card":"summary_large_image","twitter_misc":{"Napsal(a)":"BlueBlooded","Odhadovan\u00e1 doba \u010dten\u00ed":"7 minut"},"schema":{"@context":"https:\/\/schema.org","@graph":[{"@type":"Article","@id":"https:\/\/evertonfc.cz\/index.php\/2021\/01\/06\/budem-navzdy-vdacny-klubu-a-carlovi\/#article","isPartOf":{"@id":"https:\/\/evertonfc.cz\/index.php\/2021\/01\/06\/budem-navzdy-vdacny-klubu-a-carlovi\/"},"author":{"name":"BlueBlooded","@id":"https:\/\/evertonfc.cz\/#\/schema\/person\/d4493b8cbea51532597fbc4685698916"},"headline":"\u201eBudem nav\u017edy v\u010fa\u010dn\u00fd klubu a Carlovi\u201c","datePublished":"2021-01-06T18:00:19+00:00","dateModified":"2021-01-06T18:01:54+00:00","mainEntityOfPage":{"@id":"https:\/\/evertonfc.cz\/index.php\/2021\/01\/06\/budem-navzdy-vdacny-klubu-a-carlovi\/"},"wordCount":1311,"commentCount":0,"publisher":{"@id":"https:\/\/evertonfc.cz\/#organization"},"image":{"@id":"https:\/\/evertonfc.cz\/index.php\/2021\/01\/06\/budem-navzdy-vdacny-klubu-a-carlovi\/#primaryimage"},"thumbnailUrl":"https:\/\/evertonfc.cz\/wp-content\/uploads\/2021\/01\/James-DNA-INDIA.com-6-1-2021.jpg","articleSection":["Rozhovory"],"inLanguage":"cs","potentialAction":[{"@type":"CommentAction","name":"Comment","target":["https:\/\/evertonfc.cz\/index.php\/2021\/01\/06\/budem-navzdy-vdacny-klubu-a-carlovi\/#respond"]}]},{"@type":"WebPage","@id":"https:\/\/evertonfc.cz\/index.php\/2021\/01\/06\/budem-navzdy-vdacny-klubu-a-carlovi\/","url":"https:\/\/evertonfc.cz\/index.php\/2021\/01\/06\/budem-navzdy-vdacny-klubu-a-carlovi\/","name":"\u201eBudem nav\u017edy v\u010fa\u010dn\u00fd klubu a Carlovi\u201c - Official Czech &amp; Slovak Everton Supporters&#039; Club","isPartOf":{"@id":"https:\/\/evertonfc.cz\/#website"},"primaryImageOfPage":{"@id":"https:\/\/evertonfc.cz\/index.php\/2021\/01\/06\/budem-navzdy-vdacny-klubu-a-carlovi\/#primaryimage"},"image":{"@id":"https:\/\/evertonfc.cz\/index.php\/2021\/01\/06\/budem-navzdy-vdacny-klubu-a-carlovi\/#primaryimage"},"thumbnailUrl":"https:\/\/evertonfc.cz\/wp-content\/uploads\/2021\/01\/James-DNA-INDIA.com-6-1-2021.jpg","datePublished":"2021-01-06T18:00:19+00:00","dateModified":"2021-01-06T18:01:54+00:00","breadcrumb":{"@id":"https:\/\/evertonfc.cz\/index.php\/2021\/01\/06\/budem-navzdy-vdacny-klubu-a-carlovi\/#breadcrumb"},"inLanguage":"cs","potentialAction":[{"@type":"ReadAction","target":["https:\/\/evertonfc.cz\/index.php\/2021\/01\/06\/budem-navzdy-vdacny-klubu-a-carlovi\/"]}]},{"@type":"ImageObject","inLanguage":"cs","@id":"https:\/\/evertonfc.cz\/index.php\/2021\/01\/06\/budem-navzdy-vdacny-klubu-a-carlovi\/#primaryimage","url":"https:\/\/evertonfc.cz\/wp-content\/uploads\/2021\/01\/James-DNA-INDIA.com-6-1-2021.jpg","contentUrl":"https:\/\/evertonfc.cz\/wp-content\/uploads\/2021\/01\/James-DNA-INDIA.com-6-1-2021.jpg","width":720,"height":405},{"@type":"BreadcrumbList","@id":"https:\/\/evertonfc.cz\/index.php\/2021\/01\/06\/budem-navzdy-vdacny-klubu-a-carlovi\/#breadcrumb","itemListElement":[{"@type":"ListItem","position":1,"name":"Home","item":"https:\/\/evertonfc.cz\/"},{"@type":"ListItem","position":2,"name":"\u201eBudem nav\u017edy v\u010fa\u010dn\u00fd klubu a Carlovi\u201c"}]},{"@type":"WebSite","@id":"https:\/\/evertonfc.cz\/#website","url":"https:\/\/evertonfc.cz\/","name":"Official Czech &amp; Slovak Everton Supporters&#039; Club","description":"","publisher":{"@id":"https:\/\/evertonfc.cz\/#organization"},"potentialAction":[{"@type":"SearchAction","target":{"@type":"EntryPoint","urlTemplate":"https:\/\/evertonfc.cz\/?s={search_term_string}"},"query-input":{"@type":"PropertyValueSpecification","valueRequired":true,"valueName":"search_term_string"}}],"inLanguage":"cs"},{"@type":"Organization","@id":"https:\/\/evertonfc.cz\/#organization","name":"Official Czech & Slovak Everton Supporters' Club","url":"https:\/\/evertonfc.cz\/","logo":{"@type":"ImageObject","inLanguage":"cs","@id":"https:\/\/evertonfc.cz\/#\/schema\/logo\/image\/","url":"https:\/\/evertonfc.cz\/wp-content\/uploads\/2019\/05\/logo.png","contentUrl":"https:\/\/evertonfc.cz\/wp-content\/uploads\/2019\/05\/logo.png","width":112,"height":112,"caption":"Official Czech & Slovak Everton Supporters' Club"},"image":{"@id":"https:\/\/evertonfc.cz\/#\/schema\/logo\/image\/"},"sameAs":["https:\/\/www.facebook.com\/everton.fans.cz.sk"]},{"@type":"Person","@id":"https:\/\/evertonfc.cz\/#\/schema\/person\/d4493b8cbea51532597fbc4685698916","name":"BlueBlooded","url":"https:\/\/evertonfc.cz\/index.php\/author\/admin\/"}]}},"_links":{"self":[{"href":"https:\/\/evertonfc.cz\/index.php\/wp-json\/wp\/v2\/posts\/13469"}],"collection":[{"href":"https:\/\/evertonfc.cz\/index.php\/wp-json\/wp\/v2\/posts"}],"about":[{"href":"https:\/\/evertonfc.cz\/index.php\/wp-json\/wp\/v2\/types\/post"}],"author":[{"embeddable":true,"href":"https:\/\/evertonfc.cz\/index.php\/wp-json\/wp\/v2\/users\/1"}],"replies":[{"embeddable":true,"href":"https:\/\/evertonfc.cz\/index.php\/wp-json\/wp\/v2\/comments?post=13469"}],"version-history":[{"count":5,"href":"https:\/\/evertonfc.cz\/index.php\/wp-json\/wp\/v2\/posts\/13469\/revisions"}],"predecessor-version":[{"id":13475,"href":"https:\/\/evertonfc.cz\/index.php\/wp-json\/wp\/v2\/posts\/13469\/revisions\/13475"}],"wp:featuredmedia":[{"embeddable":true,"href":"https:\/\/evertonfc.cz\/index.php\/wp-json\/wp\/v2\/media\/13470"}],"wp:attachment":[{"href":"https:\/\/evertonfc.cz\/index.php\/wp-json\/wp\/v2\/media?parent=13469"}],"wp:term":[{"taxonomy":"category","embeddable":true,"href":"https:\/\/evertonfc.cz\/index.php\/wp-json\/wp\/v2\/categories?post=13469"},{"taxonomy":"post_tag","embeddable":true,"href":"https:\/\/evertonfc.cz\/index.php\/wp-json\/wp\/v2\/tags?post=13469"}],"curies":[{"name":"wp","href":"https:\/\/api.w.org\/{rel}","templated":true}]}}