{"id":13505,"date":"2021-01-09T21:48:42","date_gmt":"2021-01-09T20:48:42","guid":{"rendered":"https:\/\/evertonfc.cz\/?p=13505"},"modified":"2021-01-09T22:57:28","modified_gmt":"2021-01-09T21:57:28","slug":"everton-rotherham-united-21-pp","status":"publish","type":"post","link":"https:\/\/evertonfc.cz\/index.php\/2021\/01\/09\/everton-rotherham-united-21-pp\/","title":{"rendered":"Everton \u2013 Rotherham United 2:1 (pp)"},"content":{"rendered":"<h4>120 min\u00fat ve\u013ek\u00e9ho tr\u00e1penia v Goodison Parku. Na\u0161\u0165astie, v\u00ed\u0165azn\u00fa pe\u010da\u0165 stretnutia dal Doucour\u00e9, hne\u010f na za\u010diatku pred\u013a\u017eenia. M\u00e1me sa pred ligou proti Wolves ob\u00e1va\u0165?<\/h4>\n<p>Tak sa zd\u00e1, \u017ee Evertonu dlh\u00e9 prestoje neprospievaj\u00fa. Hr\u00e1\u010di hrdzavej\u00fa, v\u00fdkony s\u00fa prchav\u00e9, a celkov\u00fd dojem p\u00f4sob\u00ed nenamazane. Presne tohto sme sa do\u010dkali po \u00f4smich d\u0148och vo\u013ena. Fan\u00fa\u0161ik aby norm\u00e1lne za\u010dal \u013eutova\u0165, \u017ee z\u00e1pas s The Citizens sa odlo\u017eil, a Karamelky tak pri\u0161li o mo\u017en\u00fd v\u00fdprask. Nemuseli by ho dosta\u0165, ale moment\u00e1lne m\u00e1m pocit, \u017ee by sa im zi\u0161iel. Bud\u00ed\u010dek! Je nov\u00fd rok&#8230;<\/p>\n<p>N\u00e1\u0161 s\u00faper z\u00a0druhej ligy s\u00e1m spravil \u0161es\u0165 zmien v\u00a0z\u00e1kladnej zostave, Everton ho tromfol, a\u017e osem hr\u00e1\u010dov sledovalo duel z\u00a0lavi\u010dky, \u010di z\u00a0trib\u00fany. Ospravedlnenie za predveden\u00fd v\u00fdkon to v\u0161ak nie je. Na ihrisku toti\u017e bolo v\u00a0modrom st\u00e1le dostatok reprezentantov n\u00e1rodn\u00fdch v\u00fdberov, aby to spravilo papierov\u00fd dojem na nejeden t\u00edm v\u00a0Premier League. A\u00a0v\u00a0tom je probl\u00e9m. Men\u00e1 s\u00fa v\u017edy len na papieri, v\u00fdkony na ihrisku.<\/p>\n<h4><strong>Prv\u00fd pol\u010das<\/strong><\/h4>\n<p>The Toffees neza\u010dali zle. Vyzerali, \u017ee maj\u00fa na\u0161liapnut\u00e9 na jasn\u00fa z\u00e1le\u017eitos\u0165. Gordon pozv\u0155taval obrancov, hral \u010do najkolmej\u0161ie, a\u00a0tak aj vznikol g\u00f3l u\u017e v\u00a09. min\u00fate. James zmiatol n\u00e1behom stred po\u013ea, \u010d\u00edm otvoril uli\u010dku pre prihr\u00e1vku Gordona Tosunovi, ktor\u00fd s\u00a0preh\u013eadom preloboval hos\u0165uj\u00faceho Blackmana v\u00a0br\u00e1ne.<\/p>\n<p>Skor\u00fd stav <strong>1:0 <\/strong>sa n\u00e1m ale nav\u00fd\u0161i\u0165 nepodarilo. Upustili sme od urgencie, za\u010dali sme kazi\u0165 a s\u00faperovi to zdvihlo sebavedomie po vlastn\u00fdch probl\u00e9moch. Zhruba od 20. min\u00faty sme sa tot\u00e1lne opustili a odovzdali sme sa do r\u00fak skvel\u00fdch z\u00e1krokov Olsena. Aj preto Mlyn\u00e1ri z Rotherhamu odch\u00e1dzali do \u0161atn\u00ed s v\u00e4\u010d\u0161\u00edm po\u010dtom striel mimo, aj na br\u00e1nu, a piatimi rohmi. Modr\u00ed nezahrali ani jeden.<\/p>\n<h4><strong>Druh\u00fd pol\u010das<\/strong><\/h4>\n<p>Ten bol e\u0161te hor\u0161\u00ed ako prv\u00fd a\u00a0sn\u00e1\u010f nezaznamenal jedin\u00fa s\u00favisl\u00fa pas\u00e1\u017e tlaku dom\u00e1cich. Prehran\u00fd hlavi\u010dkov\u00fd s\u00faboj Gomesa s\u00a0Daviesom proti Lindsayovi rezultoval v\u00a0\u00fatok na na\u0161u br\u00e1nu. Stihol sa tam s\u00edce vr\u00e1ti\u0165 Tom, ale jeho nepresved\u010div\u00e1 hlavi\u010dka akur\u00e1t vr\u00e1tila Olosundeho do hry. Ameri\u010danovi sa nejak\u00fdm z\u00e1zra\u010dn\u00fdm sp\u00f4sobom podarilo z\u00a0tup\u00e9ho uhla vystreli\u0165 na br\u00e1nu, a\u00a0v\u0161etk\u00fdch prekvapi\u0165. <strong>1:1<\/strong><\/p>\n<p>N\u00e1sledne nasledovalo postupn\u00e9 vystriedanie a\u017e \u0161tyroch hr\u00e1\u010dov Evertonu, no Ancelottimu to \u017eelan\u00fd efekt absol\u00fatne neprinieslo. Prv\u00fd roh sme zaknihovali a\u017e v\u00a073. min\u00fate zo\u00a0z\u00fafalej odrazenej strely Jamesa. A\u00a0Kolumbij\u010dan takmer pripravil v\u00ed\u0165azn\u00fd g\u00f3l po \u0161tandardke, len\u017ee VAR na\u0161iel \u00faspe\u0161ne zakon\u010duj\u00faceho Turka v\u00a0ofsajdovom postaven\u00ed, ktor\u00e9 by sme mohli pova\u017eova\u0165 za ultra margin\u00e1lne.<\/p>\n<h4><strong>Pred\u013a\u017eenie<\/strong><\/h4>\n<p>Pre pand\u00e9miu koronav\u00edrusu s\u00fa repr\u00edzy z\u00e1pasov zak\u00e1zan\u00e9 kv\u00f4li hust\u00e9mu programu. Ale aj na\u0165ahovanie \u00fatrap pod\u013ea m\u0148a nem\u00e1 vo futbale v\u00fdznam, som viac fan\u00fa\u0161ik dramatick\u00e9ho rozuzlenia za pomoci pokutov\u00fdch kopov, ale k\u00a0t\u00fdm sme nedostali. Miesto nich u\u017e po troch min\u00fatach dal bodku za z\u00e1pasom Doucour\u00e9, po brilantnej prihr\u00e1vke Jamesa Rodr\u00edgueza, na <strong>2:1<\/strong>. Za zmienku stoj\u00ed aj ty\u010d Bernarda&#8230; Moment! Vlastne nestoj\u00ed, mal da\u0165 g\u00f3l. Tak\u017ee, to je odo m\u0148a v\u0161etko, \u010d\u00edtame sa v\u00a0\u0161tvrtom kole!<\/p>\n<h3 style=\"text-align: center;\"><span style=\"color: #3366ff;\"><strong><em>Come On You Blues!<\/em><\/strong><\/span><\/h3>\n<p style=\"text-align: right;\"><span style=\"font-size: 8pt;\">(fotozdroj: flashscore.sk)<\/span><\/p>\n<p><strong>Zostrihy:<\/strong> <a href=\"https:\/\/www.fullmatchesandshows.com\/2021\/01\/09\/everton-vs-rotherham-united-highlights-full-match\/\" target=\"_blank\" rel=\"noopener\">fullmatchesandshows.com<\/a> \u00a0<strong>Mu\u017e z\u00e1pasu redakcie: <\/strong>Robin Olsen<\/p>\n<p><strong>G\u00f3ly: <\/strong>9\u00b4 Tosun (Gordon), 56\u00b4 Olosunde, 93\u00b4 Doucour\u00e9 (James)<\/p>\n<p><strong>\u017dlt\u00e9 karty: <\/strong>106\u00b4 Hirst<\/p>\n<p><strong>Rotherham United FC:\u00a0<\/strong>Blackman \u2013 Harding, MacDonald, Wood, Ihiekwe, Wiles \u2013 Crooks (67\u00b4 Vassell), Lindsay (76\u00b4 Jozefzoon), Barlaser, Olosunde (91\u00b4 Jones) \u2013 Smith (77\u00b4 Hirst)<\/p>\n<p><strong>Everton FC:\u00a0<\/strong>Olsen \u2013 Coleman, Godfrey, Keane, Digne (66\u00b4 Mina) \u2013 Davies (66\u00b4 Sigurdsson), Gomes \u2013 Iwobi (61\u00b4 Doucour\u00e9), James (95\u00b4 Nkounkou), Gordon (61\u00b4 Bernard) \u2013 Tosun<\/p>\n<p><strong>Rozhodca:\u00a0<\/strong>Stuart Attwell\u00a0 <strong>Bez div\u00e1kov<\/strong><\/p>\n","protected":false},"excerpt":{"rendered":"<p>120 min\u00fat ve\u013ek\u00e9ho tr\u00e1penia v\u00a0Goodison Parku. Na\u0161\u0165astie, v\u00ed\u0165azn\u00fa pe\u010da\u0165 stretnutia dal Doucour\u00e9, hne\u010f na za\u010diatku pred\u013a\u017eenia. M\u00e1me sa pred ligou proti Wolves ob\u00e1va\u0165?<\/p>\n","protected":false},"author":1,"featured_media":13506,"comment_status":"open","ping_status":"closed","sticky":false,"template":"","format":"standard","meta":{"_eb_attr":"","_monsterinsights_skip_tracking":false,"_monsterinsights_sitenote_active":false,"_monsterinsights_sitenote_note":"","_monsterinsights_sitenote_category":0,"footnotes":""},"categories":[4],"tags":[],"yoast_head":"<!-- This site is optimized with the Yoast SEO plugin v23.4 - https:\/\/yoast.com\/wordpress\/plugins\/seo\/ -->\n<title>Everton \u2013 Rotherham United 2:1 (pp) - Official Czech &amp; Slovak Everton Supporters&#039; Club<\/title>\n<meta name=\"robots\" content=\"index, follow, max-snippet:-1, max-image-preview:large, max-video-preview:-1\" \/>\n<link rel=\"canonical\" href=\"https:\/\/evertonfc.cz\/index.php\/2021\/01\/09\/everton-rotherham-united-21-pp\/\" \/>\n<meta property=\"og:locale\" content=\"cs_CZ\" \/>\n<meta property=\"og:type\" content=\"article\" \/>\n<meta property=\"og:title\" content=\"Everton \u2013 Rotherham United 2:1 (pp) - Official Czech &amp; Slovak Everton Supporters&#039; Club\" \/>\n<meta property=\"og:description\" content=\"120 min\u00fat ve\u013ek\u00e9ho tr\u00e1penia v\u00a0Goodison Parku. Na\u0161\u0165astie, v\u00ed\u0165azn\u00fa pe\u010da\u0165 stretnutia dal Doucour\u00e9, hne\u010f na za\u010diatku pred\u013a\u017eenia. M\u00e1me sa pred ligou proti Wolves ob\u00e1va\u0165?\" \/>\n<meta property=\"og:url\" content=\"https:\/\/evertonfc.cz\/index.php\/2021\/01\/09\/everton-rotherham-united-21-pp\/\" \/>\n<meta property=\"og:site_name\" content=\"Official Czech &amp; Slovak Everton Supporters&#039; Club\" \/>\n<meta property=\"article:publisher\" content=\"https:\/\/www.facebook.com\/everton.fans.cz.sk\" \/>\n<meta property=\"article:published_time\" content=\"2021-01-09T20:48:42+00:00\" \/>\n<meta property=\"article:modified_time\" content=\"2021-01-09T21:57:28+00:00\" \/>\n<meta property=\"og:image\" content=\"https:\/\/evertonfc.cz\/wp-content\/uploads\/2021\/01\/Everton-2-1pp-Rotherham-United-9-1-2021.jpg\" \/>\n\t<meta property=\"og:image:width\" content=\"720\" \/>\n\t<meta property=\"og:image:height\" content=\"405\" \/>\n\t<meta property=\"og:image:type\" content=\"image\/jpeg\" \/>\n<meta name=\"author\" content=\"BlueBlooded\" \/>\n<meta name=\"twitter:card\" content=\"summary_large_image\" \/>\n<meta name=\"twitter:label1\" content=\"Napsal(a)\" \/>\n\t<meta name=\"twitter:data1\" content=\"BlueBlooded\" \/>\n\t<meta name=\"twitter:label2\" content=\"Odhadovan\u00e1 doba \u010dten\u00ed\" \/>\n\t<meta name=\"twitter:data2\" content=\"3 minuty\" \/>\n<script type=\"application\/ld+json\" class=\"yoast-schema-graph\">{\"@context\":\"https:\/\/schema.org\",\"@graph\":[{\"@type\":\"Article\",\"@id\":\"https:\/\/evertonfc.cz\/index.php\/2021\/01\/09\/everton-rotherham-united-21-pp\/#article\",\"isPartOf\":{\"@id\":\"https:\/\/evertonfc.cz\/index.php\/2021\/01\/09\/everton-rotherham-united-21-pp\/\"},\"author\":{\"name\":\"BlueBlooded\",\"@id\":\"https:\/\/evertonfc.cz\/#\/schema\/person\/d4493b8cbea51532597fbc4685698916\"},\"headline\":\"Everton \u2013 Rotherham United 2:1 (pp)\",\"datePublished\":\"2021-01-09T20:48:42+00:00\",\"dateModified\":\"2021-01-09T21:57:28+00:00\",\"mainEntityOfPage\":{\"@id\":\"https:\/\/evertonfc.cz\/index.php\/2021\/01\/09\/everton-rotherham-united-21-pp\/\"},\"wordCount\":663,\"commentCount\":1,\"publisher\":{\"@id\":\"https:\/\/evertonfc.cz\/#organization\"},\"image\":{\"@id\":\"https:\/\/evertonfc.cz\/index.php\/2021\/01\/09\/everton-rotherham-united-21-pp\/#primaryimage\"},\"thumbnailUrl\":\"https:\/\/evertonfc.cz\/wp-content\/uploads\/2021\/01\/Everton-2-1pp-Rotherham-United-9-1-2021.jpg\",\"articleSection\":[\"Z\u00e1pasy\"],\"inLanguage\":\"cs\",\"potentialAction\":[{\"@type\":\"CommentAction\",\"name\":\"Comment\",\"target\":[\"https:\/\/evertonfc.cz\/index.php\/2021\/01\/09\/everton-rotherham-united-21-pp\/#respond\"]}]},{\"@type\":\"WebPage\",\"@id\":\"https:\/\/evertonfc.cz\/index.php\/2021\/01\/09\/everton-rotherham-united-21-pp\/\",\"url\":\"https:\/\/evertonfc.cz\/index.php\/2021\/01\/09\/everton-rotherham-united-21-pp\/\",\"name\":\"Everton \u2013 Rotherham United 2:1 (pp) - Official Czech &amp; Slovak Everton Supporters&#039; Club\",\"isPartOf\":{\"@id\":\"https:\/\/evertonfc.cz\/#website\"},\"primaryImageOfPage\":{\"@id\":\"https:\/\/evertonfc.cz\/index.php\/2021\/01\/09\/everton-rotherham-united-21-pp\/#primaryimage\"},\"image\":{\"@id\":\"https:\/\/evertonfc.cz\/index.php\/2021\/01\/09\/everton-rotherham-united-21-pp\/#primaryimage\"},\"thumbnailUrl\":\"https:\/\/evertonfc.cz\/wp-content\/uploads\/2021\/01\/Everton-2-1pp-Rotherham-United-9-1-2021.jpg\",\"datePublished\":\"2021-01-09T20:48:42+00:00\",\"dateModified\":\"2021-01-09T21:57:28+00:00\",\"breadcrumb\":{\"@id\":\"https:\/\/evertonfc.cz\/index.php\/2021\/01\/09\/everton-rotherham-united-21-pp\/#breadcrumb\"},\"inLanguage\":\"cs\",\"potentialAction\":[{\"@type\":\"ReadAction\",\"target\":[\"https:\/\/evertonfc.cz\/index.php\/2021\/01\/09\/everton-rotherham-united-21-pp\/\"]}]},{\"@type\":\"ImageObject\",\"inLanguage\":\"cs\",\"@id\":\"https:\/\/evertonfc.cz\/index.php\/2021\/01\/09\/everton-rotherham-united-21-pp\/#primaryimage\",\"url\":\"https:\/\/evertonfc.cz\/wp-content\/uploads\/2021\/01\/Everton-2-1pp-Rotherham-United-9-1-2021.jpg\",\"contentUrl\":\"https:\/\/evertonfc.cz\/wp-content\/uploads\/2021\/01\/Everton-2-1pp-Rotherham-United-9-1-2021.jpg\",\"width\":720,\"height\":405},{\"@type\":\"BreadcrumbList\",\"@id\":\"https:\/\/evertonfc.cz\/index.php\/2021\/01\/09\/everton-rotherham-united-21-pp\/#breadcrumb\",\"itemListElement\":[{\"@type\":\"ListItem\",\"position\":1,\"name\":\"Home\",\"item\":\"https:\/\/evertonfc.cz\/\"},{\"@type\":\"ListItem\",\"position\":2,\"name\":\"Everton \u2013 Rotherham United 2:1 (pp)\"}]},{\"@type\":\"WebSite\",\"@id\":\"https:\/\/evertonfc.cz\/#website\",\"url\":\"https:\/\/evertonfc.cz\/\",\"name\":\"Official Czech &amp; Slovak Everton Supporters&#039; Club\",\"description\":\"\",\"publisher\":{\"@id\":\"https:\/\/evertonfc.cz\/#organization\"},\"potentialAction\":[{\"@type\":\"SearchAction\",\"target\":{\"@type\":\"EntryPoint\",\"urlTemplate\":\"https:\/\/evertonfc.cz\/?s={search_term_string}\"},\"query-input\":{\"@type\":\"PropertyValueSpecification\",\"valueRequired\":true,\"valueName\":\"search_term_string\"}}],\"inLanguage\":\"cs\"},{\"@type\":\"Organization\",\"@id\":\"https:\/\/evertonfc.cz\/#organization\",\"name\":\"Official Czech & Slovak Everton Supporters' Club\",\"url\":\"https:\/\/evertonfc.cz\/\",\"logo\":{\"@type\":\"ImageObject\",\"inLanguage\":\"cs\",\"@id\":\"https:\/\/evertonfc.cz\/#\/schema\/logo\/image\/\",\"url\":\"https:\/\/evertonfc.cz\/wp-content\/uploads\/2019\/05\/logo.png\",\"contentUrl\":\"https:\/\/evertonfc.cz\/wp-content\/uploads\/2019\/05\/logo.png\",\"width\":112,\"height\":112,\"caption\":\"Official Czech & Slovak Everton Supporters' Club\"},\"image\":{\"@id\":\"https:\/\/evertonfc.cz\/#\/schema\/logo\/image\/\"},\"sameAs\":[\"https:\/\/www.facebook.com\/everton.fans.cz.sk\"]},{\"@type\":\"Person\",\"@id\":\"https:\/\/evertonfc.cz\/#\/schema\/person\/d4493b8cbea51532597fbc4685698916\",\"name\":\"BlueBlooded\",\"url\":\"https:\/\/evertonfc.cz\/index.php\/author\/admin\/\"}]}<\/script>\n<!-- \/ Yoast SEO plugin. -->","yoast_head_json":{"title":"Everton \u2013 Rotherham United 2:1 (pp) - Official Czech &amp; Slovak Everton Supporters&#039; Club","robots":{"index":"index","follow":"follow","max-snippet":"max-snippet:-1","max-image-preview":"max-image-preview:large","max-video-preview":"max-video-preview:-1"},"canonical":"https:\/\/evertonfc.cz\/index.php\/2021\/01\/09\/everton-rotherham-united-21-pp\/","og_locale":"cs_CZ","og_type":"article","og_title":"Everton \u2013 Rotherham United 2:1 (pp) - Official Czech &amp; Slovak Everton Supporters&#039; Club","og_description":"120 min\u00fat ve\u013ek\u00e9ho tr\u00e1penia v\u00a0Goodison Parku. Na\u0161\u0165astie, v\u00ed\u0165azn\u00fa pe\u010da\u0165 stretnutia dal Doucour\u00e9, hne\u010f na za\u010diatku pred\u013a\u017eenia. M\u00e1me sa pred ligou proti Wolves ob\u00e1va\u0165?","og_url":"https:\/\/evertonfc.cz\/index.php\/2021\/01\/09\/everton-rotherham-united-21-pp\/","og_site_name":"Official Czech &amp; Slovak Everton Supporters&#039; Club","article_publisher":"https:\/\/www.facebook.com\/everton.fans.cz.sk","article_published_time":"2021-01-09T20:48:42+00:00","article_modified_time":"2021-01-09T21:57:28+00:00","og_image":[{"width":720,"height":405,"url":"https:\/\/evertonfc.cz\/wp-content\/uploads\/2021\/01\/Everton-2-1pp-Rotherham-United-9-1-2021.jpg","type":"image\/jpeg"}],"author":"BlueBlooded","twitter_card":"summary_large_image","twitter_misc":{"Napsal(a)":"BlueBlooded","Odhadovan\u00e1 doba \u010dten\u00ed":"3 minuty"},"schema":{"@context":"https:\/\/schema.org","@graph":[{"@type":"Article","@id":"https:\/\/evertonfc.cz\/index.php\/2021\/01\/09\/everton-rotherham-united-21-pp\/#article","isPartOf":{"@id":"https:\/\/evertonfc.cz\/index.php\/2021\/01\/09\/everton-rotherham-united-21-pp\/"},"author":{"name":"BlueBlooded","@id":"https:\/\/evertonfc.cz\/#\/schema\/person\/d4493b8cbea51532597fbc4685698916"},"headline":"Everton \u2013 Rotherham United 2:1 (pp)","datePublished":"2021-01-09T20:48:42+00:00","dateModified":"2021-01-09T21:57:28+00:00","mainEntityOfPage":{"@id":"https:\/\/evertonfc.cz\/index.php\/2021\/01\/09\/everton-rotherham-united-21-pp\/"},"wordCount":663,"commentCount":1,"publisher":{"@id":"https:\/\/evertonfc.cz\/#organization"},"image":{"@id":"https:\/\/evertonfc.cz\/index.php\/2021\/01\/09\/everton-rotherham-united-21-pp\/#primaryimage"},"thumbnailUrl":"https:\/\/evertonfc.cz\/wp-content\/uploads\/2021\/01\/Everton-2-1pp-Rotherham-United-9-1-2021.jpg","articleSection":["Z\u00e1pasy"],"inLanguage":"cs","potentialAction":[{"@type":"CommentAction","name":"Comment","target":["https:\/\/evertonfc.cz\/index.php\/2021\/01\/09\/everton-rotherham-united-21-pp\/#respond"]}]},{"@type":"WebPage","@id":"https:\/\/evertonfc.cz\/index.php\/2021\/01\/09\/everton-rotherham-united-21-pp\/","url":"https:\/\/evertonfc.cz\/index.php\/2021\/01\/09\/everton-rotherham-united-21-pp\/","name":"Everton \u2013 Rotherham United 2:1 (pp) - Official Czech &amp; Slovak Everton Supporters&#039; Club","isPartOf":{"@id":"https:\/\/evertonfc.cz\/#website"},"primaryImageOfPage":{"@id":"https:\/\/evertonfc.cz\/index.php\/2021\/01\/09\/everton-rotherham-united-21-pp\/#primaryimage"},"image":{"@id":"https:\/\/evertonfc.cz\/index.php\/2021\/01\/09\/everton-rotherham-united-21-pp\/#primaryimage"},"thumbnailUrl":"https:\/\/evertonfc.cz\/wp-content\/uploads\/2021\/01\/Everton-2-1pp-Rotherham-United-9-1-2021.jpg","datePublished":"2021-01-09T20:48:42+00:00","dateModified":"2021-01-09T21:57:28+00:00","breadcrumb":{"@id":"https:\/\/evertonfc.cz\/index.php\/2021\/01\/09\/everton-rotherham-united-21-pp\/#breadcrumb"},"inLanguage":"cs","potentialAction":[{"@type":"ReadAction","target":["https:\/\/evertonfc.cz\/index.php\/2021\/01\/09\/everton-rotherham-united-21-pp\/"]}]},{"@type":"ImageObject","inLanguage":"cs","@id":"https:\/\/evertonfc.cz\/index.php\/2021\/01\/09\/everton-rotherham-united-21-pp\/#primaryimage","url":"https:\/\/evertonfc.cz\/wp-content\/uploads\/2021\/01\/Everton-2-1pp-Rotherham-United-9-1-2021.jpg","contentUrl":"https:\/\/evertonfc.cz\/wp-content\/uploads\/2021\/01\/Everton-2-1pp-Rotherham-United-9-1-2021.jpg","width":720,"height":405},{"@type":"BreadcrumbList","@id":"https:\/\/evertonfc.cz\/index.php\/2021\/01\/09\/everton-rotherham-united-21-pp\/#breadcrumb","itemListElement":[{"@type":"ListItem","position":1,"name":"Home","item":"https:\/\/evertonfc.cz\/"},{"@type":"ListItem","position":2,"name":"Everton \u2013 Rotherham United 2:1 (pp)"}]},{"@type":"WebSite","@id":"https:\/\/evertonfc.cz\/#website","url":"https:\/\/evertonfc.cz\/","name":"Official Czech &amp; Slovak Everton Supporters&#039; Club","description":"","publisher":{"@id":"https:\/\/evertonfc.cz\/#organization"},"potentialAction":[{"@type":"SearchAction","target":{"@type":"EntryPoint","urlTemplate":"https:\/\/evertonfc.cz\/?s={search_term_string}"},"query-input":{"@type":"PropertyValueSpecification","valueRequired":true,"valueName":"search_term_string"}}],"inLanguage":"cs"},{"@type":"Organization","@id":"https:\/\/evertonfc.cz\/#organization","name":"Official Czech & Slovak Everton Supporters' Club","url":"https:\/\/evertonfc.cz\/","logo":{"@type":"ImageObject","inLanguage":"cs","@id":"https:\/\/evertonfc.cz\/#\/schema\/logo\/image\/","url":"https:\/\/evertonfc.cz\/wp-content\/uploads\/2019\/05\/logo.png","contentUrl":"https:\/\/evertonfc.cz\/wp-content\/uploads\/2019\/05\/logo.png","width":112,"height":112,"caption":"Official Czech & Slovak Everton Supporters' Club"},"image":{"@id":"https:\/\/evertonfc.cz\/#\/schema\/logo\/image\/"},"sameAs":["https:\/\/www.facebook.com\/everton.fans.cz.sk"]},{"@type":"Person","@id":"https:\/\/evertonfc.cz\/#\/schema\/person\/d4493b8cbea51532597fbc4685698916","name":"BlueBlooded","url":"https:\/\/evertonfc.cz\/index.php\/author\/admin\/"}]}},"_links":{"self":[{"href":"https:\/\/evertonfc.cz\/index.php\/wp-json\/wp\/v2\/posts\/13505"}],"collection":[{"href":"https:\/\/evertonfc.cz\/index.php\/wp-json\/wp\/v2\/posts"}],"about":[{"href":"https:\/\/evertonfc.cz\/index.php\/wp-json\/wp\/v2\/types\/post"}],"author":[{"embeddable":true,"href":"https:\/\/evertonfc.cz\/index.php\/wp-json\/wp\/v2\/users\/1"}],"replies":[{"embeddable":true,"href":"https:\/\/evertonfc.cz\/index.php\/wp-json\/wp\/v2\/comments?post=13505"}],"version-history":[{"count":4,"href":"https:\/\/evertonfc.cz\/index.php\/wp-json\/wp\/v2\/posts\/13505\/revisions"}],"predecessor-version":[{"id":13511,"href":"https:\/\/evertonfc.cz\/index.php\/wp-json\/wp\/v2\/posts\/13505\/revisions\/13511"}],"wp:featuredmedia":[{"embeddable":true,"href":"https:\/\/evertonfc.cz\/index.php\/wp-json\/wp\/v2\/media\/13506"}],"wp:attachment":[{"href":"https:\/\/evertonfc.cz\/index.php\/wp-json\/wp\/v2\/media?parent=13505"}],"wp:term":[{"taxonomy":"category","embeddable":true,"href":"https:\/\/evertonfc.cz\/index.php\/wp-json\/wp\/v2\/categories?post=13505"},{"taxonomy":"post_tag","embeddable":true,"href":"https:\/\/evertonfc.cz\/index.php\/wp-json\/wp\/v2\/tags?post=13505"}],"curies":[{"name":"wp","href":"https:\/\/api.w.org\/{rel}","templated":true}]}}