{"id":13532,"date":"2021-01-12T18:29:33","date_gmt":"2021-01-12T17:29:33","guid":{"rendered":"https:\/\/evertonfc.cz\/?p=13532"},"modified":"2021-01-12T19:16:09","modified_gmt":"2021-01-12T18:16:09","slug":"preview-wolves-everton","status":"publish","type":"post","link":"https:\/\/evertonfc.cz\/index.php\/2021\/01\/12\/preview-wolves-everton\/","title":{"rendered":"Preview: Wolverhampton Wanderers &#8211; Everton"},"content":{"rendered":"<h4><strong>&#8222;I&#8217;m running with the wolves tonight!&#8220; aneb &#8222;kdo chce s vlky \u017e\u00edti, mus\u00ed s nimi v\u00fdti&#8220;. A my to dnes ve\u010der chceme p\u0159e\u017e\u00edt, okolnosti ale nejsou zcela nep\u0159\u00edzniv\u00e9.<\/strong><\/h4>\n<p>Na \u00favod jsem si vyp\u016fj\u010dil jednu z p\u00edsni\u010dek z posledn\u00edho filmu z d\u00edlny Tomma Moore. Na\u0161ly by si i ost\u0159ej\u0161\u00ed ver\u0161e, jako kdy\u017e dav skanduje &#8222;Kill, kill, kill the wolf!&#8220;. Ale v\u0161ak v\u00edte, na\u0161e sme\u010dka p\u0159i\u0161la o dva alfa samce. Jak bez nich budeme kousat? Jinak, v\u0159ele doporu\u010duji. Mysl\u00edm ten anim\u00e1k &#8211; The Wolfwalkers.<\/p>\n<p>Nev\u00edm jak v\u00e1s, ale zpr\u00e1va o tom, \u017ee do \u00fatern\u00edho z\u00e1pasu ve Wolverhamptonu nezas\u00e1hne nejlep\u0161\u00ed st\u0159elec t\u00fdmu DCL, p\u0159i\u0161la jako r\u00e1na z \u010dist\u00e9ho nebe. Navrch nebude dost mo\u017en\u00e1 ani Richarlison. Nutno p\u0159iznat, \u017ee p\u0159i t\u00e9 leto\u0161n\u00ed marodce u\u017e \u010dlov\u011bka napadlo, co by, kdyby. Ale liga nepo\u010dk\u00e1. Tedy zat\u00edm ne.<\/p>\n<p>I p\u0159es mno\u017e\u00edc\u00ed se p\u0159\u00edpady \u0161\u00ed\u0159\u00edc\u00ed se pandemie mezi hr\u00e1\u010di EPL b\u011b\u017e\u00ed d\u00e1l. Jak tedy \u0159\u00edk\u00e1 Carlo, budeme muset hru uzp\u016fsobit tomu, kdo vede na\u0161e \u0161iky. A ano, zd\u00e1 se, \u017ee sme\u010dku povede \u0161ed\u00fd vlk Cenk Tosun. Nebo to bylo omylem? Lze si v\u016fbec p\u0159\u00e1t, aby takov\u00fd &#8222;naivka&#8220; stal na\u0161\u00edm spasitelem?<\/p>\n<p>Jedno se ale Turkovi mus\u00ed nechat, st\u0159eleck\u00e9 kopa\u010dky ve sk\u0159\u00ed\u0148ce na\u0161el. By\u0165 jsme si o v\u00edkendu v FA Cupu museli zase jednou vytrp\u011bt po\u0159\u00e1dnou porci masochismu, potence na\u0161eho \u00fato\u010dn\u00edka byla tentokr\u00e1t v po\u0159\u00e1dku. Tosun ale nezvl\u00e1dne d\u011blat Dominicovu pr\u00e1ci (to nezvl\u00e1dne nikdo), tak\u017ee se t\u00fdm nebude moci spol\u00e9hat, \u017ee vep\u0159edu m\u00ed\u010d podr\u017e\u00edme. Podle v\u0161eho se ale uzdravil Lucas Digne, p\u0159ipraven by m\u011bl b\u00fdt i James Rodriguez, Cenk by nemusel z\u016fstat jako k\u016fl v plot\u011b.<\/p>\n<p>D\u00e1 se \u010dekat, \u017ee Midlands chystaj\u00ed mraziv\u00fd ve\u010der. M\u011b by zah\u0159\u00e1lo, kdyby se zkusila jedna v\u011bc. V poh\u00e1ru p\u0159i\u0161el do druh\u00e9 p\u016fle na k\u0159\u00eddlo Niels Nkounkou a vedl si celkem dob\u0159e. Pokud by opravdu brazilsk\u00fd \u00fato\u010dn\u00edk nemohl nastoupit, dynamika mlad\u00e9ho Francouze by se hodila. Jen \u0159\u00edk\u00e1m. Mysl\u00edm si, \u017ee chlapec by se l\u00edp zah\u0159\u00e1l na lajn\u011b ne\u017e na lavi\u010dce. Ale co j\u00e1 v\u00edm.<\/p>\n<h4><strong>Ze soupe\u0159ova t\u00e1bora<\/strong><\/h4>\n<p>Po v\u00fdborn\u00fdch v\u00fdsledc\u00edch minul\u00fdch sez\u00f3n se od skvadry Nuna Espirita Santa \u010dekalo asi trochu v\u00edc. Ale po odchodu Joty a zejm\u00e9na v\u00e1\u017en\u00e9m zran\u011bn\u00ed lebky Raula Jimeneze se Vlk\u016fm neda\u0159\u00ed tolik. Tabulka je ale vyrovnan\u00e1 a v\u00fdkyvy se nikomu nevyhnuly, tak\u017ee se to je\u0161t\u011b m\u016f\u017ee zlomit. Ale nen\u00ed nutn\u00e9 n\u011bkam sp\u011bchat. Brankostroj se zadrhl, pro zran\u011bn\u00ed nav\u00edc chyb\u00ed Daniel Podence. V ofenz\u00edv\u011b Wanderers tak dost\u00e1v\u00e1 kopec p\u0159\u00edle\u017eitost\u00ed rekordn\u00ed posila &#8211; osmn\u00e1ctilet\u00fd Fabio Silva.<\/p>\n<p>Posledn\u00ed z\u00e1pas proti Brightonu se Vlci zakousli do soupe\u0159e t\u0159ikr\u00e1t, tak\u017ee se nesm\u00ed podce\u0148ovat. Chyb\u011bt bude krom\u011b uveden\u00fdch Jonny Castro a Fernando Marcal. Z\u00e1soba Portugalc\u016f se i tak zd\u00e1 nevy\u010derpateln\u00e1, zkou\u0161ka to bude nadm\u00edru t\u011b\u017ek\u00e1. Ve form\u011b se zd\u00e1 hlavn\u011b Adama Traor\u00e9, zastaven\u00ed tohoto monstra na prav\u00e9m k\u0159\u00eddle bude jedna z kl\u00ed\u010dov\u00fdch bitev.<\/p>\n<h4><strong>St\u0159\u00edpky minulosti<\/strong><\/h4>\n<ul>\n<li>Wolves jsou bez v\u00fdhry utk\u00e1n\u00ed. Nav\u00edc u\u017e deset z\u00e1pas\u016f neudr\u017eeli \u010dist\u00e9 konto. N\u00e1m tohle zrovna jde.<\/li>\n<li>Everton usiluje o 400. v\u00fdhru v EPL. P\u0159ed n\u00e1mi se to povedlo 6 man\u010daft\u016fm.<\/li>\n<li>Taky by se n\u00e1m mohla po 12 letech poda\u0159it t\u0159et\u00ed venkovn\u00ed v\u00fdhra s \u010dist\u00fdm kontem v \u0159ad\u011b.<\/li>\n<li>Letos se n\u00e1m venku da\u0159\u00ed v\u00edce ne\u017e doma, dom\u016f jsme z cest p\u0159ivezli 3 body u\u017e p\u011btkr\u00e1t z 8 pokus\u016f.<\/li>\n<li>Na Molineux jsme vyhr\u00e1li jen jeden z\u00e1pas ze 7 posledn\u00edch (ostatn\u00ed R 3, P3). V roce 2011 se o v\u00fdprask 3:0 postarali Beckford, Neville a Biljaletdinov.<\/li>\n<li>Posledn\u00ed z\u00e1pas skon\u010dil naopak, prohrou 3:0, ze st\u0159elc\u016f z\u016fstal Wolves u\u017e jen Dendoncker.<\/li>\n<\/ul>\n<p><strong>Co:<\/strong> Wolverhampton Wanderers &#8211; Everton FC, 18. kolo Premier League<br \/>\n<strong>Kdy:\u00a0<\/strong>\u00fater\u00fd 12. 1. 2021 od 21:15<br \/>\n<strong>TV:<\/strong> Nic, ani z\u00e1znam<br \/>\n<strong>Kde:<\/strong> Molineux Stadium, Waterloo Rd, Wolverhampton, WV1 4QR<br \/>\n<strong>Rozhod\u010d\u00ed:<\/strong> Martin Atkinson <strong>Asistenti:<\/strong> Adam Nunn, Nick Hopton\u00a0<strong>\u010ctvrt\u00fd rozhod\u010d\u00ed:<\/strong> David Coote<br \/>\n<strong>VAR:\u00a0<\/strong>Jonathan Moss<strong> Asistent VAR: <\/strong>Peter Kirkup<\/p>\n","protected":false},"excerpt":{"rendered":"<p>&#8222;I&#8217;m running with the wolves tonight!&#8220; aneb &#8222;kdo chce s vlky \u017e\u00edti, mus\u00ed s nimi v\u00fdti&#8220;.  A my to dnes ve\u010der chceme p\u0159e\u017e\u00edt. Okolnosti ale nejsou zcela nep\u0159\u00edzniv\u00e9.<\/p>\n","protected":false},"author":10,"featured_media":13534,"comment_status":"open","ping_status":"closed","sticky":false,"template":"","format":"standard","meta":{"_eb_attr":"","_monsterinsights_skip_tracking":false,"_monsterinsights_sitenote_active":false,"_monsterinsights_sitenote_note":"","_monsterinsights_sitenote_category":0,"footnotes":""},"categories":[4],"tags":[],"yoast_head":"<!-- This site is optimized with the Yoast SEO plugin v23.4 - https:\/\/yoast.com\/wordpress\/plugins\/seo\/ -->\n<title>Preview: Wolverhampton Wanderers - Everton - Official Czech &amp; Slovak Everton Supporters&#039; Club<\/title>\n<meta name=\"robots\" content=\"index, follow, max-snippet:-1, max-image-preview:large, max-video-preview:-1\" \/>\n<link rel=\"canonical\" href=\"https:\/\/evertonfc.cz\/index.php\/2021\/01\/12\/preview-wolves-everton\/\" \/>\n<meta property=\"og:locale\" content=\"cs_CZ\" \/>\n<meta property=\"og:type\" content=\"article\" \/>\n<meta property=\"og:title\" content=\"Preview: Wolverhampton Wanderers - Everton - Official Czech &amp; Slovak Everton Supporters&#039; Club\" \/>\n<meta property=\"og:description\" content=\"&quot;I&#039;m running with the wolves tonight!&quot; aneb &quot;kdo chce s vlky \u017e\u00edti, mus\u00ed s nimi v\u00fdti&quot;. A my to dnes ve\u010der chceme p\u0159e\u017e\u00edt. Okolnosti ale nejsou zcela nep\u0159\u00edzniv\u00e9.\" \/>\n<meta property=\"og:url\" content=\"https:\/\/evertonfc.cz\/index.php\/2021\/01\/12\/preview-wolves-everton\/\" \/>\n<meta property=\"og:site_name\" content=\"Official Czech &amp; Slovak Everton Supporters&#039; Club\" \/>\n<meta property=\"article:publisher\" content=\"https:\/\/www.facebook.com\/everton.fans.cz.sk\" \/>\n<meta property=\"article:published_time\" content=\"2021-01-12T17:29:33+00:00\" \/>\n<meta property=\"article:modified_time\" content=\"2021-01-12T18:16:09+00:00\" \/>\n<meta property=\"og:image\" content=\"https:\/\/evertonfc.cz\/wp-content\/uploads\/2021\/01\/Wolverhampton-Wanderers-VS-Everton.jpg\" \/>\n\t<meta property=\"og:image:width\" content=\"720\" \/>\n\t<meta property=\"og:image:height\" content=\"405\" \/>\n\t<meta property=\"og:image:type\" content=\"image\/jpeg\" \/>\n<meta name=\"author\" content=\"Fip\" \/>\n<meta name=\"twitter:card\" content=\"summary_large_image\" \/>\n<meta name=\"twitter:label1\" content=\"Napsal(a)\" \/>\n\t<meta name=\"twitter:data1\" content=\"Fip\" \/>\n\t<meta name=\"twitter:label2\" content=\"Odhadovan\u00e1 doba \u010dten\u00ed\" \/>\n\t<meta name=\"twitter:data2\" content=\"3 minuty\" \/>\n<script type=\"application\/ld+json\" class=\"yoast-schema-graph\">{\"@context\":\"https:\/\/schema.org\",\"@graph\":[{\"@type\":\"Article\",\"@id\":\"https:\/\/evertonfc.cz\/index.php\/2021\/01\/12\/preview-wolves-everton\/#article\",\"isPartOf\":{\"@id\":\"https:\/\/evertonfc.cz\/index.php\/2021\/01\/12\/preview-wolves-everton\/\"},\"author\":{\"name\":\"Fip\",\"@id\":\"https:\/\/evertonfc.cz\/#\/schema\/person\/35904009755e8eaa0dc1a5f5f0419002\"},\"headline\":\"Preview: Wolverhampton Wanderers &#8211; Everton\",\"datePublished\":\"2021-01-12T17:29:33+00:00\",\"dateModified\":\"2021-01-12T18:16:09+00:00\",\"mainEntityOfPage\":{\"@id\":\"https:\/\/evertonfc.cz\/index.php\/2021\/01\/12\/preview-wolves-everton\/\"},\"wordCount\":767,\"commentCount\":10,\"publisher\":{\"@id\":\"https:\/\/evertonfc.cz\/#organization\"},\"image\":{\"@id\":\"https:\/\/evertonfc.cz\/index.php\/2021\/01\/12\/preview-wolves-everton\/#primaryimage\"},\"thumbnailUrl\":\"https:\/\/evertonfc.cz\/wp-content\/uploads\/2021\/01\/Wolverhampton-Wanderers-VS-Everton.jpg\",\"articleSection\":[\"Z\u00e1pasy\"],\"inLanguage\":\"cs\",\"potentialAction\":[{\"@type\":\"CommentAction\",\"name\":\"Comment\",\"target\":[\"https:\/\/evertonfc.cz\/index.php\/2021\/01\/12\/preview-wolves-everton\/#respond\"]}]},{\"@type\":\"WebPage\",\"@id\":\"https:\/\/evertonfc.cz\/index.php\/2021\/01\/12\/preview-wolves-everton\/\",\"url\":\"https:\/\/evertonfc.cz\/index.php\/2021\/01\/12\/preview-wolves-everton\/\",\"name\":\"Preview: Wolverhampton Wanderers - Everton - Official Czech &amp; Slovak Everton Supporters&#039; Club\",\"isPartOf\":{\"@id\":\"https:\/\/evertonfc.cz\/#website\"},\"primaryImageOfPage\":{\"@id\":\"https:\/\/evertonfc.cz\/index.php\/2021\/01\/12\/preview-wolves-everton\/#primaryimage\"},\"image\":{\"@id\":\"https:\/\/evertonfc.cz\/index.php\/2021\/01\/12\/preview-wolves-everton\/#primaryimage\"},\"thumbnailUrl\":\"https:\/\/evertonfc.cz\/wp-content\/uploads\/2021\/01\/Wolverhampton-Wanderers-VS-Everton.jpg\",\"datePublished\":\"2021-01-12T17:29:33+00:00\",\"dateModified\":\"2021-01-12T18:16:09+00:00\",\"breadcrumb\":{\"@id\":\"https:\/\/evertonfc.cz\/index.php\/2021\/01\/12\/preview-wolves-everton\/#breadcrumb\"},\"inLanguage\":\"cs\",\"potentialAction\":[{\"@type\":\"ReadAction\",\"target\":[\"https:\/\/evertonfc.cz\/index.php\/2021\/01\/12\/preview-wolves-everton\/\"]}]},{\"@type\":\"ImageObject\",\"inLanguage\":\"cs\",\"@id\":\"https:\/\/evertonfc.cz\/index.php\/2021\/01\/12\/preview-wolves-everton\/#primaryimage\",\"url\":\"https:\/\/evertonfc.cz\/wp-content\/uploads\/2021\/01\/Wolverhampton-Wanderers-VS-Everton.jpg\",\"contentUrl\":\"https:\/\/evertonfc.cz\/wp-content\/uploads\/2021\/01\/Wolverhampton-Wanderers-VS-Everton.jpg\",\"width\":720,\"height\":405},{\"@type\":\"BreadcrumbList\",\"@id\":\"https:\/\/evertonfc.cz\/index.php\/2021\/01\/12\/preview-wolves-everton\/#breadcrumb\",\"itemListElement\":[{\"@type\":\"ListItem\",\"position\":1,\"name\":\"Home\",\"item\":\"https:\/\/evertonfc.cz\/\"},{\"@type\":\"ListItem\",\"position\":2,\"name\":\"Preview: Wolverhampton Wanderers &#8211; Everton\"}]},{\"@type\":\"WebSite\",\"@id\":\"https:\/\/evertonfc.cz\/#website\",\"url\":\"https:\/\/evertonfc.cz\/\",\"name\":\"Official Czech &amp; Slovak Everton Supporters&#039; Club\",\"description\":\"\",\"publisher\":{\"@id\":\"https:\/\/evertonfc.cz\/#organization\"},\"potentialAction\":[{\"@type\":\"SearchAction\",\"target\":{\"@type\":\"EntryPoint\",\"urlTemplate\":\"https:\/\/evertonfc.cz\/?s={search_term_string}\"},\"query-input\":{\"@type\":\"PropertyValueSpecification\",\"valueRequired\":true,\"valueName\":\"search_term_string\"}}],\"inLanguage\":\"cs\"},{\"@type\":\"Organization\",\"@id\":\"https:\/\/evertonfc.cz\/#organization\",\"name\":\"Official Czech & Slovak Everton Supporters' Club\",\"url\":\"https:\/\/evertonfc.cz\/\",\"logo\":{\"@type\":\"ImageObject\",\"inLanguage\":\"cs\",\"@id\":\"https:\/\/evertonfc.cz\/#\/schema\/logo\/image\/\",\"url\":\"https:\/\/evertonfc.cz\/wp-content\/uploads\/2019\/05\/logo.png\",\"contentUrl\":\"https:\/\/evertonfc.cz\/wp-content\/uploads\/2019\/05\/logo.png\",\"width\":112,\"height\":112,\"caption\":\"Official Czech & Slovak Everton Supporters' Club\"},\"image\":{\"@id\":\"https:\/\/evertonfc.cz\/#\/schema\/logo\/image\/\"},\"sameAs\":[\"https:\/\/www.facebook.com\/everton.fans.cz.sk\"]},{\"@type\":\"Person\",\"@id\":\"https:\/\/evertonfc.cz\/#\/schema\/person\/35904009755e8eaa0dc1a5f5f0419002\",\"name\":\"Fip\",\"url\":\"https:\/\/evertonfc.cz\/index.php\/author\/fip\/\"}]}<\/script>\n<!-- \/ Yoast SEO plugin. -->","yoast_head_json":{"title":"Preview: Wolverhampton Wanderers - Everton - Official Czech &amp; Slovak Everton Supporters&#039; Club","robots":{"index":"index","follow":"follow","max-snippet":"max-snippet:-1","max-image-preview":"max-image-preview:large","max-video-preview":"max-video-preview:-1"},"canonical":"https:\/\/evertonfc.cz\/index.php\/2021\/01\/12\/preview-wolves-everton\/","og_locale":"cs_CZ","og_type":"article","og_title":"Preview: Wolverhampton Wanderers - Everton - Official Czech &amp; Slovak Everton Supporters&#039; Club","og_description":"\"I'm running with the wolves tonight!\" aneb \"kdo chce s vlky \u017e\u00edti, mus\u00ed s nimi v\u00fdti\". A my to dnes ve\u010der chceme p\u0159e\u017e\u00edt. Okolnosti ale nejsou zcela nep\u0159\u00edzniv\u00e9.","og_url":"https:\/\/evertonfc.cz\/index.php\/2021\/01\/12\/preview-wolves-everton\/","og_site_name":"Official Czech &amp; Slovak Everton Supporters&#039; Club","article_publisher":"https:\/\/www.facebook.com\/everton.fans.cz.sk","article_published_time":"2021-01-12T17:29:33+00:00","article_modified_time":"2021-01-12T18:16:09+00:00","og_image":[{"width":720,"height":405,"url":"https:\/\/evertonfc.cz\/wp-content\/uploads\/2021\/01\/Wolverhampton-Wanderers-VS-Everton.jpg","type":"image\/jpeg"}],"author":"Fip","twitter_card":"summary_large_image","twitter_misc":{"Napsal(a)":"Fip","Odhadovan\u00e1 doba \u010dten\u00ed":"3 minuty"},"schema":{"@context":"https:\/\/schema.org","@graph":[{"@type":"Article","@id":"https:\/\/evertonfc.cz\/index.php\/2021\/01\/12\/preview-wolves-everton\/#article","isPartOf":{"@id":"https:\/\/evertonfc.cz\/index.php\/2021\/01\/12\/preview-wolves-everton\/"},"author":{"name":"Fip","@id":"https:\/\/evertonfc.cz\/#\/schema\/person\/35904009755e8eaa0dc1a5f5f0419002"},"headline":"Preview: Wolverhampton Wanderers &#8211; Everton","datePublished":"2021-01-12T17:29:33+00:00","dateModified":"2021-01-12T18:16:09+00:00","mainEntityOfPage":{"@id":"https:\/\/evertonfc.cz\/index.php\/2021\/01\/12\/preview-wolves-everton\/"},"wordCount":767,"commentCount":10,"publisher":{"@id":"https:\/\/evertonfc.cz\/#organization"},"image":{"@id":"https:\/\/evertonfc.cz\/index.php\/2021\/01\/12\/preview-wolves-everton\/#primaryimage"},"thumbnailUrl":"https:\/\/evertonfc.cz\/wp-content\/uploads\/2021\/01\/Wolverhampton-Wanderers-VS-Everton.jpg","articleSection":["Z\u00e1pasy"],"inLanguage":"cs","potentialAction":[{"@type":"CommentAction","name":"Comment","target":["https:\/\/evertonfc.cz\/index.php\/2021\/01\/12\/preview-wolves-everton\/#respond"]}]},{"@type":"WebPage","@id":"https:\/\/evertonfc.cz\/index.php\/2021\/01\/12\/preview-wolves-everton\/","url":"https:\/\/evertonfc.cz\/index.php\/2021\/01\/12\/preview-wolves-everton\/","name":"Preview: Wolverhampton Wanderers - Everton - Official Czech &amp; Slovak Everton Supporters&#039; Club","isPartOf":{"@id":"https:\/\/evertonfc.cz\/#website"},"primaryImageOfPage":{"@id":"https:\/\/evertonfc.cz\/index.php\/2021\/01\/12\/preview-wolves-everton\/#primaryimage"},"image":{"@id":"https:\/\/evertonfc.cz\/index.php\/2021\/01\/12\/preview-wolves-everton\/#primaryimage"},"thumbnailUrl":"https:\/\/evertonfc.cz\/wp-content\/uploads\/2021\/01\/Wolverhampton-Wanderers-VS-Everton.jpg","datePublished":"2021-01-12T17:29:33+00:00","dateModified":"2021-01-12T18:16:09+00:00","breadcrumb":{"@id":"https:\/\/evertonfc.cz\/index.php\/2021\/01\/12\/preview-wolves-everton\/#breadcrumb"},"inLanguage":"cs","potentialAction":[{"@type":"ReadAction","target":["https:\/\/evertonfc.cz\/index.php\/2021\/01\/12\/preview-wolves-everton\/"]}]},{"@type":"ImageObject","inLanguage":"cs","@id":"https:\/\/evertonfc.cz\/index.php\/2021\/01\/12\/preview-wolves-everton\/#primaryimage","url":"https:\/\/evertonfc.cz\/wp-content\/uploads\/2021\/01\/Wolverhampton-Wanderers-VS-Everton.jpg","contentUrl":"https:\/\/evertonfc.cz\/wp-content\/uploads\/2021\/01\/Wolverhampton-Wanderers-VS-Everton.jpg","width":720,"height":405},{"@type":"BreadcrumbList","@id":"https:\/\/evertonfc.cz\/index.php\/2021\/01\/12\/preview-wolves-everton\/#breadcrumb","itemListElement":[{"@type":"ListItem","position":1,"name":"Home","item":"https:\/\/evertonfc.cz\/"},{"@type":"ListItem","position":2,"name":"Preview: Wolverhampton Wanderers &#8211; Everton"}]},{"@type":"WebSite","@id":"https:\/\/evertonfc.cz\/#website","url":"https:\/\/evertonfc.cz\/","name":"Official Czech &amp; Slovak Everton Supporters&#039; Club","description":"","publisher":{"@id":"https:\/\/evertonfc.cz\/#organization"},"potentialAction":[{"@type":"SearchAction","target":{"@type":"EntryPoint","urlTemplate":"https:\/\/evertonfc.cz\/?s={search_term_string}"},"query-input":{"@type":"PropertyValueSpecification","valueRequired":true,"valueName":"search_term_string"}}],"inLanguage":"cs"},{"@type":"Organization","@id":"https:\/\/evertonfc.cz\/#organization","name":"Official Czech & Slovak Everton Supporters' Club","url":"https:\/\/evertonfc.cz\/","logo":{"@type":"ImageObject","inLanguage":"cs","@id":"https:\/\/evertonfc.cz\/#\/schema\/logo\/image\/","url":"https:\/\/evertonfc.cz\/wp-content\/uploads\/2019\/05\/logo.png","contentUrl":"https:\/\/evertonfc.cz\/wp-content\/uploads\/2019\/05\/logo.png","width":112,"height":112,"caption":"Official Czech & Slovak Everton Supporters' Club"},"image":{"@id":"https:\/\/evertonfc.cz\/#\/schema\/logo\/image\/"},"sameAs":["https:\/\/www.facebook.com\/everton.fans.cz.sk"]},{"@type":"Person","@id":"https:\/\/evertonfc.cz\/#\/schema\/person\/35904009755e8eaa0dc1a5f5f0419002","name":"Fip","url":"https:\/\/evertonfc.cz\/index.php\/author\/fip\/"}]}},"_links":{"self":[{"href":"https:\/\/evertonfc.cz\/index.php\/wp-json\/wp\/v2\/posts\/13532"}],"collection":[{"href":"https:\/\/evertonfc.cz\/index.php\/wp-json\/wp\/v2\/posts"}],"about":[{"href":"https:\/\/evertonfc.cz\/index.php\/wp-json\/wp\/v2\/types\/post"}],"author":[{"embeddable":true,"href":"https:\/\/evertonfc.cz\/index.php\/wp-json\/wp\/v2\/users\/10"}],"replies":[{"embeddable":true,"href":"https:\/\/evertonfc.cz\/index.php\/wp-json\/wp\/v2\/comments?post=13532"}],"version-history":[{"count":8,"href":"https:\/\/evertonfc.cz\/index.php\/wp-json\/wp\/v2\/posts\/13532\/revisions"}],"predecessor-version":[{"id":13544,"href":"https:\/\/evertonfc.cz\/index.php\/wp-json\/wp\/v2\/posts\/13532\/revisions\/13544"}],"wp:featuredmedia":[{"embeddable":true,"href":"https:\/\/evertonfc.cz\/index.php\/wp-json\/wp\/v2\/media\/13534"}],"wp:attachment":[{"href":"https:\/\/evertonfc.cz\/index.php\/wp-json\/wp\/v2\/media?parent=13532"}],"wp:term":[{"taxonomy":"category","embeddable":true,"href":"https:\/\/evertonfc.cz\/index.php\/wp-json\/wp\/v2\/categories?post=13532"},{"taxonomy":"post_tag","embeddable":true,"href":"https:\/\/evertonfc.cz\/index.php\/wp-json\/wp\/v2\/tags?post=13532"}],"curies":[{"name":"wp","href":"https:\/\/api.w.org\/{rel}","templated":true}]}}