{"id":13548,"date":"2021-01-12T23:31:18","date_gmt":"2021-01-12T22:31:18","guid":{"rendered":"https:\/\/evertonfc.cz\/?p=13548"},"modified":"2021-02-08T08:26:40","modified_gmt":"2021-02-08T07:26:40","slug":"wolverhampton-wanderers-everton-12","status":"publish","type":"post","link":"https:\/\/evertonfc.cz\/index.php\/2021\/01\/12\/wolverhampton-wanderers-everton-12\/","title":{"rendered":"Wolverhampton Wanderers \u2013 Everton 1:2"},"content":{"rendered":"<h4>Everton v\u00a0improvizovan\u00e9 sestav\u011b vydoloval t\u0159i cenn\u00e9 body z Molineux Stadium a v tabulce se op\u011bt p\u0159ibl\u00ed\u017eil ligov\u00e9 \u0161pi\u010dce.<\/h4>\n<p>Kv\u016fli absenci \u00fato\u010dn\u00e9 opory Calverta-Lewina a nedostate\u010dn\u00e9 kondici Richarlisona, kter\u00fd po svalov\u00e9m zran\u011bn\u00ed usedl na lavi\u010dku n\u00e1hradn\u00edk\u016f, s\u00e1hl Carlo Ancelotti k improvizovan\u00e9mu rozestaven\u00ed 4-4-2, kdy obranou \u0159adu tvo\u0159ili \u010dty\u0159i stope\u0159i, lev\u00fd bek Digne hr\u00e1l na k\u0159\u00eddle a v \u00fatoku se kreativn\u011b motalo duo ofenzivn\u00edch z\u00e1lo\u017en\u00edk\u016f James-Sigurdsson.<\/p>\n<p>P\u0159ekvapiv\u00fd mi\u0161ma\u0161 zafungoval ji\u017e v \u0161est\u00e9 minut\u011b. James p\u0159enesl hru na levou stranu, odkud Digne poslal z prvn\u00edho doteku centr do v\u00e1pna, jen\u017e volejem uklidil do br\u00e1ny Iwobi &#8211; <strong>0:1<\/strong>. P\u011bkn\u00e1 akce a prvn\u00ed Nigerijcova ligov\u00e1 trefa po roce a p\u016fl.<\/p>\n<p>Veden\u00ed Toffees ale vydr\u017eelo pouh\u00fdch osm minut. Rayan A\u00eft Nouri se prohnal v \u0161estn\u00e1ctce kolem Doucour\u00e9ho a jeho centr uklidil do s\u00edt\u011b R\u00faben Neves &#8211; <strong>1:1<\/strong>. Rovn\u011b\u017e p\u011bkn\u00e1 akce.<\/p>\n<p>Dom\u00e1c\u00ed vyrovn\u00e1n\u00ed povzbudilo a po dal\u0161\u00ed kombinaci musel Pickford zasahovat proti Silvovu zakon\u010den\u00ed. Toffees na\u0161t\u011bst\u00ed p\u0159evahu dom\u00e1c\u00edch pom\u011brn\u011b z\u00e1hy u\u0165ali nad\u011bjnou \u0161anc\u00ed, \u0161koda jen, \u017ee Iwobi v dobr\u00e9 pozici po Jamesov\u011b vysunut\u00ed st\u0159\u00edlel pouze do prostoru p\u0159ipraven\u00e9ho brank\u00e1\u0159e Patr\u00edcia.<\/p>\n<p>Do konce prvn\u00edho polo\u010dasu se vesm\u011bs hr\u00e1la vyrovnan\u00e1 partie bez v\u011bt\u0161\u00edch p\u0159\u00edle\u017eitost\u00ed.<\/p>\n<p>Nah\u00e1n\u011bn\u00ed m\u00ed\u010de bez v\u00fdrazn\u011bj\u0161\u00edho ohro\u017een\u00ed jedn\u00e9, \u010di druh\u00e9 br\u00e1ny nakonec vydr\u017eelo ob\u011bma \u00fa\u010dastn\u00edk\u016fm a\u017e do 70. minuty. To se svou typickou ranou z d\u00e1lky prezentoval Ruben Neves, k senza\u010dn\u00edmu g\u00f3lu ale chyb\u011bl n\u011bjak\u00fd ten met\u0159\u00edk.<\/p>\n<p>V 77. minut\u011b, kdy u\u017e byl na h\u0159i\u0161ti Richarlison, z\u016fstali hr\u00e1\u010di Evertonu ve v\u00e1pn\u011b po rohov\u00e9m kopu, \u010deho\u017e vyu\u017eil st\u0159\u00eddaj\u00edc\u00ed Gomes, kter\u00fd ide\u00e1ln\u00edm centrem naserv\u00edroval hlavi\u010dkuj\u00edc\u00edmu Keanovi g\u00f3lovou nab\u00eddku &#8211; <strong>1:2<\/strong>.<\/p>\n<p>Wolves pochopiteln\u011b chv\u00e1tali za druh\u00fdm vyrovn\u00e1n\u00edm, t\u0159eba\u017ee kvalita jejich ofenzivy v\u00fdrazn\u011b trp\u011bla absenc\u00ed zran\u011bn\u00fdch es Podenceho a Jimeneze. V 86. minut\u011b ot\u0159el Neves svou d\u011blovku z p\u0159\u00edm\u00e9ho kopu o ty\u010d a Blues jen vydechli \u00falevou. N\u00e1sledn\u011b do z\u00e1v\u011bre\u010dn\u00e9ho hvizdu u\u017e ale udr\u017eeli soupe\u0159e na uzd\u011b a p\u0159ipsali si \u0161estou venkovn\u00ed v\u00fdhru leto\u0161n\u00ed ligov\u00e9 sez\u00f3ny.<\/p>\n<p><strong>Branky:<\/strong> 14. R\u00faben Neves &#8211; 6. Alex Iwobi, 77. Michael Keane<\/p>\n<p><strong>\u017dK:<\/strong> 89. N\u00e9lson Semedo, 90+5. Ki-Jana Hoever &#8211; 50. Abdoulaye Doucour\u00e9, 69. Mason Holgate<\/p>\n<p><strong>Wolverhampton Wanderers<\/strong>: Rui Patr\u00edcio, N\u00e9lson Semedo, Conor Coady, Rayan A\u00eft Nouri, Romain Sa\u00efss, Leander Dendoncker, R\u00faben Neves, Jo\u00e3o Moutinho (86. V\u00edtor Ferreira), Morgan Gibbs-White (64. Ki-Jana Hoever), Pedro Neto, F\u00e1bio Silva (78. Patrick Cutrone)<\/p>\n<p><strong>Everton:<\/strong> Jordan Pickford, Yerry Mina, Michael Keane, Ben Godfrey, Mason Holgate, Lucas Digne, Abdoulaye Doucour\u00e9, Tom Davies (64. Andr\u00e9 Gomes), James Rodr\u00edguez (86. S\u00e9amus Coleman), Gylfi Sigurdsson (76. Richarlison), Alex Iwobi<\/p>\n<p><strong>Rozhod\u010d\u00ed:<\/strong> Martin Atkinson<\/p>\n<p><strong>Bez div\u00e1k\u016f<\/strong><\/p>\n","protected":false},"excerpt":{"rendered":"<p>Everton v\u00a0improvizovan\u00e9 sestav\u011b vydoloval t\u0159i cenn\u00e9 body z Molineux Stadium a v tabulce se op\u011bt p\u0159ibl\u00ed\u017eil ligov\u00e9 \u0161pi\u010dce.<\/p>\n","protected":false},"author":6,"featured_media":13547,"comment_status":"open","ping_status":"closed","sticky":false,"template":"","format":"standard","meta":{"_eb_attr":"","_monsterinsights_skip_tracking":false,"_monsterinsights_sitenote_active":false,"_monsterinsights_sitenote_note":"","_monsterinsights_sitenote_category":0,"footnotes":""},"categories":[4],"tags":[],"yoast_head":"<!-- This site is optimized with the Yoast SEO plugin v23.4 - https:\/\/yoast.com\/wordpress\/plugins\/seo\/ -->\n<title>Wolverhampton Wanderers \u2013 Everton 1:2 - Official Czech &amp; Slovak Everton Supporters&#039; Club<\/title>\n<meta name=\"description\" content=\"Everton v\u00a0improvizovan\u00e9 sestav\u011b vydoloval t\u0159i cenn\u00e9 body z Molineux Stadium a v tabulce se op\u011bt p\u0159ibl\u00ed\u017eil ligov\u00e9 \u0161pi\u010dce.\" \/>\n<meta name=\"robots\" content=\"index, follow, max-snippet:-1, max-image-preview:large, max-video-preview:-1\" \/>\n<link rel=\"canonical\" href=\"https:\/\/evertonfc.cz\/index.php\/2021\/01\/12\/wolverhampton-wanderers-everton-12\/\" \/>\n<meta property=\"og:locale\" content=\"cs_CZ\" \/>\n<meta property=\"og:type\" content=\"article\" \/>\n<meta property=\"og:title\" content=\"Wolverhampton Wanderers \u2013 Everton 1:2 - Official Czech &amp; Slovak Everton Supporters&#039; Club\" \/>\n<meta property=\"og:description\" content=\"Everton v\u00a0improvizovan\u00e9 sestav\u011b vydoloval t\u0159i cenn\u00e9 body z Molineux Stadium a v tabulce se op\u011bt p\u0159ibl\u00ed\u017eil ligov\u00e9 \u0161pi\u010dce.\" \/>\n<meta property=\"og:url\" content=\"https:\/\/evertonfc.cz\/index.php\/2021\/01\/12\/wolverhampton-wanderers-everton-12\/\" \/>\n<meta property=\"og:site_name\" content=\"Official Czech &amp; Slovak Everton Supporters&#039; Club\" \/>\n<meta property=\"article:publisher\" content=\"https:\/\/www.facebook.com\/everton.fans.cz.sk\" \/>\n<meta property=\"article:published_time\" content=\"2021-01-12T22:31:18+00:00\" \/>\n<meta property=\"article:modified_time\" content=\"2021-02-08T07:26:40+00:00\" \/>\n<meta property=\"og:image\" content=\"https:\/\/evertonfc.cz\/wp-content\/uploads\/2021\/01\/keane_14_2_2021.jpg\" \/>\n\t<meta property=\"og:image:width\" content=\"720\" \/>\n\t<meta property=\"og:image:height\" content=\"405\" \/>\n\t<meta property=\"og:image:type\" content=\"image\/jpeg\" \/>\n<meta name=\"author\" content=\"Ri\u010di\" \/>\n<meta name=\"twitter:card\" content=\"summary_large_image\" \/>\n<meta name=\"twitter:creator\" content=\"@rbrejsa\" \/>\n<meta name=\"twitter:label1\" content=\"Napsal(a)\" \/>\n\t<meta name=\"twitter:data1\" content=\"Ri\u010di\" \/>\n\t<meta name=\"twitter:label2\" content=\"Odhadovan\u00e1 doba \u010dten\u00ed\" \/>\n\t<meta name=\"twitter:data2\" content=\"2 minuty\" \/>\n<script type=\"application\/ld+json\" class=\"yoast-schema-graph\">{\"@context\":\"https:\/\/schema.org\",\"@graph\":[{\"@type\":\"Article\",\"@id\":\"https:\/\/evertonfc.cz\/index.php\/2021\/01\/12\/wolverhampton-wanderers-everton-12\/#article\",\"isPartOf\":{\"@id\":\"https:\/\/evertonfc.cz\/index.php\/2021\/01\/12\/wolverhampton-wanderers-everton-12\/\"},\"author\":{\"name\":\"Ri\u010di\",\"@id\":\"https:\/\/evertonfc.cz\/#\/schema\/person\/f7a5daedb2ffee98480bc70e191aaef1\"},\"headline\":\"Wolverhampton Wanderers \u2013 Everton 1:2\",\"datePublished\":\"2021-01-12T22:31:18+00:00\",\"dateModified\":\"2021-02-08T07:26:40+00:00\",\"mainEntityOfPage\":{\"@id\":\"https:\/\/evertonfc.cz\/index.php\/2021\/01\/12\/wolverhampton-wanderers-everton-12\/\"},\"wordCount\":525,\"commentCount\":23,\"publisher\":{\"@id\":\"https:\/\/evertonfc.cz\/#organization\"},\"image\":{\"@id\":\"https:\/\/evertonfc.cz\/index.php\/2021\/01\/12\/wolverhampton-wanderers-everton-12\/#primaryimage\"},\"thumbnailUrl\":\"https:\/\/evertonfc.cz\/wp-content\/uploads\/2021\/01\/keane_14_2_2021.jpg\",\"articleSection\":[\"Z\u00e1pasy\"],\"inLanguage\":\"cs\",\"potentialAction\":[{\"@type\":\"CommentAction\",\"name\":\"Comment\",\"target\":[\"https:\/\/evertonfc.cz\/index.php\/2021\/01\/12\/wolverhampton-wanderers-everton-12\/#respond\"]}]},{\"@type\":\"WebPage\",\"@id\":\"https:\/\/evertonfc.cz\/index.php\/2021\/01\/12\/wolverhampton-wanderers-everton-12\/\",\"url\":\"https:\/\/evertonfc.cz\/index.php\/2021\/01\/12\/wolverhampton-wanderers-everton-12\/\",\"name\":\"Wolverhampton Wanderers \u2013 Everton 1:2 - Official Czech &amp; Slovak Everton Supporters&#039; Club\",\"isPartOf\":{\"@id\":\"https:\/\/evertonfc.cz\/#website\"},\"primaryImageOfPage\":{\"@id\":\"https:\/\/evertonfc.cz\/index.php\/2021\/01\/12\/wolverhampton-wanderers-everton-12\/#primaryimage\"},\"image\":{\"@id\":\"https:\/\/evertonfc.cz\/index.php\/2021\/01\/12\/wolverhampton-wanderers-everton-12\/#primaryimage\"},\"thumbnailUrl\":\"https:\/\/evertonfc.cz\/wp-content\/uploads\/2021\/01\/keane_14_2_2021.jpg\",\"datePublished\":\"2021-01-12T22:31:18+00:00\",\"dateModified\":\"2021-02-08T07:26:40+00:00\",\"description\":\"Everton v\u00a0improvizovan\u00e9 sestav\u011b vydoloval t\u0159i cenn\u00e9 body z Molineux Stadium a v tabulce se op\u011bt p\u0159ibl\u00ed\u017eil ligov\u00e9 \u0161pi\u010dce.\",\"breadcrumb\":{\"@id\":\"https:\/\/evertonfc.cz\/index.php\/2021\/01\/12\/wolverhampton-wanderers-everton-12\/#breadcrumb\"},\"inLanguage\":\"cs\",\"potentialAction\":[{\"@type\":\"ReadAction\",\"target\":[\"https:\/\/evertonfc.cz\/index.php\/2021\/01\/12\/wolverhampton-wanderers-everton-12\/\"]}]},{\"@type\":\"ImageObject\",\"inLanguage\":\"cs\",\"@id\":\"https:\/\/evertonfc.cz\/index.php\/2021\/01\/12\/wolverhampton-wanderers-everton-12\/#primaryimage\",\"url\":\"https:\/\/evertonfc.cz\/wp-content\/uploads\/2021\/01\/keane_14_2_2021.jpg\",\"contentUrl\":\"https:\/\/evertonfc.cz\/wp-content\/uploads\/2021\/01\/keane_14_2_2021.jpg\",\"width\":720,\"height\":405},{\"@type\":\"BreadcrumbList\",\"@id\":\"https:\/\/evertonfc.cz\/index.php\/2021\/01\/12\/wolverhampton-wanderers-everton-12\/#breadcrumb\",\"itemListElement\":[{\"@type\":\"ListItem\",\"position\":1,\"name\":\"Home\",\"item\":\"https:\/\/evertonfc.cz\/\"},{\"@type\":\"ListItem\",\"position\":2,\"name\":\"Wolverhampton Wanderers \u2013 Everton 1:2\"}]},{\"@type\":\"WebSite\",\"@id\":\"https:\/\/evertonfc.cz\/#website\",\"url\":\"https:\/\/evertonfc.cz\/\",\"name\":\"Official Czech &amp; Slovak Everton Supporters&#039; Club\",\"description\":\"\",\"publisher\":{\"@id\":\"https:\/\/evertonfc.cz\/#organization\"},\"potentialAction\":[{\"@type\":\"SearchAction\",\"target\":{\"@type\":\"EntryPoint\",\"urlTemplate\":\"https:\/\/evertonfc.cz\/?s={search_term_string}\"},\"query-input\":{\"@type\":\"PropertyValueSpecification\",\"valueRequired\":true,\"valueName\":\"search_term_string\"}}],\"inLanguage\":\"cs\"},{\"@type\":\"Organization\",\"@id\":\"https:\/\/evertonfc.cz\/#organization\",\"name\":\"Official Czech & Slovak Everton Supporters' Club\",\"url\":\"https:\/\/evertonfc.cz\/\",\"logo\":{\"@type\":\"ImageObject\",\"inLanguage\":\"cs\",\"@id\":\"https:\/\/evertonfc.cz\/#\/schema\/logo\/image\/\",\"url\":\"https:\/\/evertonfc.cz\/wp-content\/uploads\/2019\/05\/logo.png\",\"contentUrl\":\"https:\/\/evertonfc.cz\/wp-content\/uploads\/2019\/05\/logo.png\",\"width\":112,\"height\":112,\"caption\":\"Official Czech & Slovak Everton Supporters' Club\"},\"image\":{\"@id\":\"https:\/\/evertonfc.cz\/#\/schema\/logo\/image\/\"},\"sameAs\":[\"https:\/\/www.facebook.com\/everton.fans.cz.sk\"]},{\"@type\":\"Person\",\"@id\":\"https:\/\/evertonfc.cz\/#\/schema\/person\/f7a5daedb2ffee98480bc70e191aaef1\",\"name\":\"Ri\u010di\",\"sameAs\":[\"https:\/\/x.com\/rbrejsa\"],\"url\":\"https:\/\/evertonfc.cz\/index.php\/author\/rici\/\"}]}<\/script>\n<!-- \/ Yoast SEO plugin. -->","yoast_head_json":{"title":"Wolverhampton Wanderers \u2013 Everton 1:2 - Official Czech &amp; Slovak Everton Supporters&#039; Club","description":"Everton v\u00a0improvizovan\u00e9 sestav\u011b vydoloval t\u0159i cenn\u00e9 body z Molineux Stadium a v tabulce se op\u011bt p\u0159ibl\u00ed\u017eil ligov\u00e9 \u0161pi\u010dce.","robots":{"index":"index","follow":"follow","max-snippet":"max-snippet:-1","max-image-preview":"max-image-preview:large","max-video-preview":"max-video-preview:-1"},"canonical":"https:\/\/evertonfc.cz\/index.php\/2021\/01\/12\/wolverhampton-wanderers-everton-12\/","og_locale":"cs_CZ","og_type":"article","og_title":"Wolverhampton Wanderers \u2013 Everton 1:2 - Official Czech &amp; Slovak Everton Supporters&#039; Club","og_description":"Everton v\u00a0improvizovan\u00e9 sestav\u011b vydoloval t\u0159i cenn\u00e9 body z Molineux Stadium a v tabulce se op\u011bt p\u0159ibl\u00ed\u017eil ligov\u00e9 \u0161pi\u010dce.","og_url":"https:\/\/evertonfc.cz\/index.php\/2021\/01\/12\/wolverhampton-wanderers-everton-12\/","og_site_name":"Official Czech &amp; Slovak Everton Supporters&#039; Club","article_publisher":"https:\/\/www.facebook.com\/everton.fans.cz.sk","article_published_time":"2021-01-12T22:31:18+00:00","article_modified_time":"2021-02-08T07:26:40+00:00","og_image":[{"width":720,"height":405,"url":"https:\/\/evertonfc.cz\/wp-content\/uploads\/2021\/01\/keane_14_2_2021.jpg","type":"image\/jpeg"}],"author":"Ri\u010di","twitter_card":"summary_large_image","twitter_creator":"@rbrejsa","twitter_misc":{"Napsal(a)":"Ri\u010di","Odhadovan\u00e1 doba \u010dten\u00ed":"2 minuty"},"schema":{"@context":"https:\/\/schema.org","@graph":[{"@type":"Article","@id":"https:\/\/evertonfc.cz\/index.php\/2021\/01\/12\/wolverhampton-wanderers-everton-12\/#article","isPartOf":{"@id":"https:\/\/evertonfc.cz\/index.php\/2021\/01\/12\/wolverhampton-wanderers-everton-12\/"},"author":{"name":"Ri\u010di","@id":"https:\/\/evertonfc.cz\/#\/schema\/person\/f7a5daedb2ffee98480bc70e191aaef1"},"headline":"Wolverhampton Wanderers \u2013 Everton 1:2","datePublished":"2021-01-12T22:31:18+00:00","dateModified":"2021-02-08T07:26:40+00:00","mainEntityOfPage":{"@id":"https:\/\/evertonfc.cz\/index.php\/2021\/01\/12\/wolverhampton-wanderers-everton-12\/"},"wordCount":525,"commentCount":23,"publisher":{"@id":"https:\/\/evertonfc.cz\/#organization"},"image":{"@id":"https:\/\/evertonfc.cz\/index.php\/2021\/01\/12\/wolverhampton-wanderers-everton-12\/#primaryimage"},"thumbnailUrl":"https:\/\/evertonfc.cz\/wp-content\/uploads\/2021\/01\/keane_14_2_2021.jpg","articleSection":["Z\u00e1pasy"],"inLanguage":"cs","potentialAction":[{"@type":"CommentAction","name":"Comment","target":["https:\/\/evertonfc.cz\/index.php\/2021\/01\/12\/wolverhampton-wanderers-everton-12\/#respond"]}]},{"@type":"WebPage","@id":"https:\/\/evertonfc.cz\/index.php\/2021\/01\/12\/wolverhampton-wanderers-everton-12\/","url":"https:\/\/evertonfc.cz\/index.php\/2021\/01\/12\/wolverhampton-wanderers-everton-12\/","name":"Wolverhampton Wanderers \u2013 Everton 1:2 - Official Czech &amp; Slovak Everton Supporters&#039; Club","isPartOf":{"@id":"https:\/\/evertonfc.cz\/#website"},"primaryImageOfPage":{"@id":"https:\/\/evertonfc.cz\/index.php\/2021\/01\/12\/wolverhampton-wanderers-everton-12\/#primaryimage"},"image":{"@id":"https:\/\/evertonfc.cz\/index.php\/2021\/01\/12\/wolverhampton-wanderers-everton-12\/#primaryimage"},"thumbnailUrl":"https:\/\/evertonfc.cz\/wp-content\/uploads\/2021\/01\/keane_14_2_2021.jpg","datePublished":"2021-01-12T22:31:18+00:00","dateModified":"2021-02-08T07:26:40+00:00","description":"Everton v\u00a0improvizovan\u00e9 sestav\u011b vydoloval t\u0159i cenn\u00e9 body z Molineux Stadium a v tabulce se op\u011bt p\u0159ibl\u00ed\u017eil ligov\u00e9 \u0161pi\u010dce.","breadcrumb":{"@id":"https:\/\/evertonfc.cz\/index.php\/2021\/01\/12\/wolverhampton-wanderers-everton-12\/#breadcrumb"},"inLanguage":"cs","potentialAction":[{"@type":"ReadAction","target":["https:\/\/evertonfc.cz\/index.php\/2021\/01\/12\/wolverhampton-wanderers-everton-12\/"]}]},{"@type":"ImageObject","inLanguage":"cs","@id":"https:\/\/evertonfc.cz\/index.php\/2021\/01\/12\/wolverhampton-wanderers-everton-12\/#primaryimage","url":"https:\/\/evertonfc.cz\/wp-content\/uploads\/2021\/01\/keane_14_2_2021.jpg","contentUrl":"https:\/\/evertonfc.cz\/wp-content\/uploads\/2021\/01\/keane_14_2_2021.jpg","width":720,"height":405},{"@type":"BreadcrumbList","@id":"https:\/\/evertonfc.cz\/index.php\/2021\/01\/12\/wolverhampton-wanderers-everton-12\/#breadcrumb","itemListElement":[{"@type":"ListItem","position":1,"name":"Home","item":"https:\/\/evertonfc.cz\/"},{"@type":"ListItem","position":2,"name":"Wolverhampton Wanderers \u2013 Everton 1:2"}]},{"@type":"WebSite","@id":"https:\/\/evertonfc.cz\/#website","url":"https:\/\/evertonfc.cz\/","name":"Official Czech &amp; Slovak Everton Supporters&#039; Club","description":"","publisher":{"@id":"https:\/\/evertonfc.cz\/#organization"},"potentialAction":[{"@type":"SearchAction","target":{"@type":"EntryPoint","urlTemplate":"https:\/\/evertonfc.cz\/?s={search_term_string}"},"query-input":{"@type":"PropertyValueSpecification","valueRequired":true,"valueName":"search_term_string"}}],"inLanguage":"cs"},{"@type":"Organization","@id":"https:\/\/evertonfc.cz\/#organization","name":"Official Czech & Slovak Everton Supporters' Club","url":"https:\/\/evertonfc.cz\/","logo":{"@type":"ImageObject","inLanguage":"cs","@id":"https:\/\/evertonfc.cz\/#\/schema\/logo\/image\/","url":"https:\/\/evertonfc.cz\/wp-content\/uploads\/2019\/05\/logo.png","contentUrl":"https:\/\/evertonfc.cz\/wp-content\/uploads\/2019\/05\/logo.png","width":112,"height":112,"caption":"Official Czech & Slovak Everton Supporters' Club"},"image":{"@id":"https:\/\/evertonfc.cz\/#\/schema\/logo\/image\/"},"sameAs":["https:\/\/www.facebook.com\/everton.fans.cz.sk"]},{"@type":"Person","@id":"https:\/\/evertonfc.cz\/#\/schema\/person\/f7a5daedb2ffee98480bc70e191aaef1","name":"Ri\u010di","sameAs":["https:\/\/x.com\/rbrejsa"],"url":"https:\/\/evertonfc.cz\/index.php\/author\/rici\/"}]}},"_links":{"self":[{"href":"https:\/\/evertonfc.cz\/index.php\/wp-json\/wp\/v2\/posts\/13548"}],"collection":[{"href":"https:\/\/evertonfc.cz\/index.php\/wp-json\/wp\/v2\/posts"}],"about":[{"href":"https:\/\/evertonfc.cz\/index.php\/wp-json\/wp\/v2\/types\/post"}],"author":[{"embeddable":true,"href":"https:\/\/evertonfc.cz\/index.php\/wp-json\/wp\/v2\/users\/6"}],"replies":[{"embeddable":true,"href":"https:\/\/evertonfc.cz\/index.php\/wp-json\/wp\/v2\/comments?post=13548"}],"version-history":[{"count":10,"href":"https:\/\/evertonfc.cz\/index.php\/wp-json\/wp\/v2\/posts\/13548\/revisions"}],"predecessor-version":[{"id":14002,"href":"https:\/\/evertonfc.cz\/index.php\/wp-json\/wp\/v2\/posts\/13548\/revisions\/14002"}],"wp:featuredmedia":[{"embeddable":true,"href":"https:\/\/evertonfc.cz\/index.php\/wp-json\/wp\/v2\/media\/13547"}],"wp:attachment":[{"href":"https:\/\/evertonfc.cz\/index.php\/wp-json\/wp\/v2\/media?parent=13548"}],"wp:term":[{"taxonomy":"category","embeddable":true,"href":"https:\/\/evertonfc.cz\/index.php\/wp-json\/wp\/v2\/categories?post=13548"},{"taxonomy":"post_tag","embeddable":true,"href":"https:\/\/evertonfc.cz\/index.php\/wp-json\/wp\/v2\/tags?post=13548"}],"curies":[{"name":"wp","href":"https:\/\/api.w.org\/{rel}","templated":true}]}}