{"id":13571,"date":"2021-01-15T13:05:27","date_gmt":"2021-01-15T12:05:27","guid":{"rendered":"https:\/\/evertonfc.cz\/?p=13571"},"modified":"2021-01-16T18:00:51","modified_gmt":"2021-01-16T17:00:51","slug":"agm-2021-prestupy","status":"publish","type":"post","link":"https:\/\/evertonfc.cz\/index.php\/2021\/01\/15\/agm-2021-prestupy\/","title":{"rendered":"AGM 2021: Prestupy"},"content":{"rendered":"<h4>V\u00fdro\u010dn\u00e9 valn\u00e9 zhroma\u017edenie sa konalo kv\u00f4li pand\u00e9mii koronav\u00edru v\u00a0online priestore. Akcion\u00e1rom cez Zoom videohovor prezentovali Brands s\u00a0Ancelottim, predseda Kenwright a\u00a0aj v\u00fdkonn\u00e1 riadite\u013eka Denise Barrett-Baxendale. Za marketing nech\u00fdbal Ryazantsev.<\/h4>\n<p>Sez\u00f3na 2020\/21 je pre Everton zatia\u013e ve\u013emi pozit\u00edvna. The Toffees, sediaci na piatom mieste v\u00a0tabu\u013eke, str\u00e1caj\u00fa len \u0161tyri body na prv\u00e9ho po sedemn\u00e1stich odohran\u00fdch z\u00e1pasoch. Aktu\u00e1lny ro\u010dn\u00edk je ve\u013emi vyrovnan\u00fd, prv\u00fdch desa\u0165 t\u00edmov del\u00ed len desa\u0165 bodov. Everton m\u00f4\u017ee t\u00fato situ\u00e1ciu vyu\u017ei\u0165 vo svoj prospech a\u00a0kone\u010dne prenikn\u00fa\u0165 medzi elitu na miestenk\u00e1ch do eur\u00f3pskych s\u00fa\u0165a\u017e\u00ed, potenci\u00e1lne aj Ligy majstrov.<\/p>\n<p>Na to v\u0161ak potrebuje siln\u00fd z\u00e1ver sez\u00f3ny a\u00a0\u017eiadne v\u00fdrazne zav\u00e1hania na jar. Aktu\u00e1lne sa prejavuje slab\u00e1 vybavenos\u0165 k\u00e1dra na niektor\u00fdch k\u013e\u00fa\u010dov\u00fdch postoch. Napr\u00edklad tak\u00fd \u00fatok spolieha takmer v\u00fdsadne na Calverta-Lewina a\u00a0pri jeho absencii je Ancelotti n\u00faten\u00fd hra\u0165 neortodoxne. Talian v\u0161ak spolu s\u00a0Marcelom Brandsom ver\u00ed v\u00a0talentovan\u00e9 mu\u017estvo, ktor\u00e9 maj\u00fa k\u00a0dispoz\u00edcii: <em>\u201eSme tam, kde chceme by\u0165.\u201c<\/em><\/p>\n<h4><strong><em>\u201eWe don&#8217;t expect to sign new players in this window\u201c<\/em><\/strong><\/h4>\n<p>Palcov\u00e9 titulky v\u0161ak ur\u010dite patria Brandsovi. \u0160portov\u00fd riadite\u013e sa nechal po\u010du\u0165, \u017ee janu\u00e1r bude patri\u0165 snahe zbavenia sa hr\u00e1\u010dov. Na zozname nechcen\u00fdch svietia najm\u00e4 Muhamed Be\u0161i\u0107, Yannick Bolasie. Takisto panuje presved\u010denie, hoci nie ofic\u00e1lne, \u017ee klub je otvoren\u00fd mo\u017enostiam predaja Bernarda, Tosuna a\u00a0Kennyho. Hr\u00e1\u010di U23 ako Bowler, Broadhead a\u00a0Baningime tie\u017e m\u00f4\u017eu od\u00eds\u0165.<\/p>\n<p style=\"text-align: left;\"><em>\u201eSt\u00e1le pracujeme na tom, aby sme niektor\u00fdch hr\u00e1\u010dov posunuli do nov\u00fdch v\u00fdziev v\u00a0ich kari\u00e9re. Neo\u010dak\u00e1vame, \u017ee v tomto okne podp\u00ed\u0161eme nov\u00fdch hr\u00e1\u010dov. V minul\u00fdch rokoch sme v janu\u00e1rovom okne podp\u00edsali iba mlad\u00edka Jarrada Branthwaita z Carlisle.\u201c<\/em><\/p>\n<h4><strong>Allan+Doucour\u00e9+Godrey = \u00a360,5m<\/strong><\/h4>\n<p>Marcel Brands objasnil, \u017ee Everton minul v letnom prestupovom obdob\u00ed len nie\u010do viac ako 60 mili\u00f3nov libier za podpisy, a z\u00e1rove\u0148 ofici\u00e1lne potvrdil, \u017ee James Rodr\u00edguez prest\u00fapil zadarmo. Holan\u010fan tie\u017e priznal, \u017ee klub vyplatil 200 000 libier ako \u201etr\u00e9ningov\u00e9 kompenz\u00e1cie\u201c za podp\u00edsanie zmluvy s Nielsom Nkounkou z Marseille, a p\u00f4\u017ei\u010dka Robina Olsena od AS R\u00edm bola uskuto\u010dnen\u00e1 bez poplatku. Bilancovanie letn\u00e9ho prestupov\u00e9ho obdobia prinieslo fakt, \u017ee predaj a\u00a0hos\u0165ovanie dokopy p\u00e4tn\u00e1stich hr\u00e1\u010dov, vr\u00e1tane Morgana Schneiderlina a Kierana Dowella, klubu z\u00edskalo sp\u00e4\u0165 \u00a36,5 mili\u00f3na, \u010do pre Everton zna\u010d\u00ed \u010dist\u00e9 v\u00fddavky v\u00a0hodnote \u00a354 mili\u00f3nov.<\/p>\n<h4><strong>Trh je \u00faplne in\u00fd<\/strong><\/h4>\n<p>Po\u010das svojej prezent\u00e1cie rozpr\u00e1val aj o\u00a0probl\u00e9moch s\u00a0Covid-19, ktor\u00e9 mu komplikuj\u00fa \u017eivot na prestupovom trhu. Klub bol n\u00faten\u00fd kv\u00f4li finan\u010dn\u00fdm dopadom ust\u00fapi\u0165 z\u00a0p\u00e1r potenci\u00e1lnych obchodov, do ktor\u00fdch ur\u010dite m\u00f4\u017eeme zar\u00e1ta\u0165 aj nezrealizovan\u00fd prestup Gabriela z\u00a0OSC Lille, ktor\u00fd napokon skon\u010dil v\u00a0Arsenale.<\/p>\n<p><em>\u201eBolo to jedno z najn\u00e1ro\u010dnej\u0161\u00edch, naj\u0165a\u017e\u0161\u00edch prestupov\u00fdch okien v\u00f4bec. Priemern\u00e9 v\u00fddavky klubov Premier League sa pohybovali okolo \u00a363 mili\u00f3nov. Celkov\u00e9 \u010dist\u00e9 v\u00fddavky sa v priemere zv\u00fd\u0161ili z nie\u010do vy\u0161e \u00a330 mili\u00f3nov v roku 2019 na takmer \u00a343 mili\u00f3nov v roku 2020. Bolo to hlavne v\u00fdsledkom v\u00fdrazne zn\u00ed\u017een\u00e9ho predaja hr\u00e1\u010dov\u201c<\/em><\/p>\n<p>V koment\u00e1ri k jednej sn\u00edmke vo svojej prezent\u00e1cii, ktor\u00e1 ilustrovala pokles utraten\u00fdch pe\u0148az\u00ed v poslednom okne, Brands uviedol:<em> \u201eU\u017e som hovoril o vplyve na prestupov\u00e9 obdobie. T\u00e1to sn\u00edmka ukazuje, ako peniaze, ktor\u00e9 sa minuli na n\u00e1kup hr\u00e1\u010dov, klesli na 70% v krajin\u00e1ch ako Nemecko, \u0160panielsko, Franc\u00fazsko, Taliansko a tie\u017e na d\u00f4le\u017eitom trhu ako je The Championship v Anglicku. V\u0161etky tieto trhy boli pre n\u00e1s v minulosti ve\u013emi d\u00f4le\u017eit\u00e9 na predaj alebo zbavenie sa hr\u00e1\u010dov.\u201c<\/em><\/p>\n<h4><strong>Three goalkeepers, Eight defenders, Six or Seven midfielders and Six attackers<\/strong><\/h4>\n<p>Ako sme spom\u00ednali, Everton n\u00e1kupy v\u00a0s\u00fa\u010dasnej situ\u00e1cii nezva\u017euje. To by v\u0161ak mohli zmeni\u0165 pr\u00edpadn\u00e9 odchody zmienen\u00fdch hr\u00e1\u010dov, hoci Brands to priamo nepovedal. \u00a0Uviedol, \u017ee ide\u00e1lna ve\u013ekos\u0165 k\u00e1dra je 23 alebo 24 hr\u00e1\u010dov, ale s\u00fa\u010dasn\u00e9 zlo\u017eenie m\u00e1 27 hr\u00e1\u010dov, vyn\u00edmaj\u00fac Yannicka Bolasieho a Be\u0161i\u0107a. \u010ealej prezentoval, \u017ee klub chce, aby sa zlo\u017eenie mu\u017estva skladalo z troch brank\u00e1rov, \u00f4smich obrancov, \u0161iestich alebo siedmich z\u00e1lo\u017en\u00edkov a \u0161iestich \u00fato\u010dn\u00edkov. Aktu\u00e1lne po\u010dty s\u00fa 4, 8, 7 a\u00a07.<\/p>\n<p><em>\u201eLetn\u00e9 okno sme zakon\u010dili s mu\u017estvom 27 hr\u00e1\u010dov &#8211; o nie\u010do viac, ako sa p\u00f4vodne pl\u00e1novalo. V s\u00fa\u010dasnom k\u00e1dri m\u00e1me dobr\u00fa rovnov\u00e1hu medzi sk\u00fasen\u00fdmi hr\u00e1\u010dmi, mlad\u00fdmi hr\u00e1\u010dmi a hr\u00e1\u010dmi s dom\u00e1cim <\/em>(homegrown \u2013 pozn. red.)<em> statusom. Priemern\u00fd vek mu\u017estva je nie\u010do m\u00e1lo cez 26 rokov. To je ve\u013ek\u00fd rozdiel oproti zostave spred dvoch sez\u00f3n, kde bol priemern\u00fd vek ove\u013ea vy\u0161\u0161\u00ed. Po str\u00e1nke v\u00fdvoja hr\u00e1\u010dov sme s na\u0161imi mlad\u00fdmi hr\u00e1\u010dmi dosiahli obrovsk\u00fd pokrok. Richarlison, Dominic Calvert-Lewin, Mason Holgate, Anthony Gordon, Joao Viriginia a Jarrad Branthwaite &#8211; v\u0161etci sa zaviazali k nov\u00fdm dlhodob\u00fdm zmluv\u00e1m s klubom za posledn\u00fdch 12 mesiacov.\u201c<\/em><\/p>\n<h4><strong>Usilovn\u00e1 v\u010dielka Marcel<\/strong><\/h4>\n<p>\u0160portov\u00fd riadite\u013e sa zd\u00f4veril aj s t\u00fdm, \u017ee zdedil k\u00e1der a\u017e 40 hr\u00e1\u010dov v hodnote \u00a3311,9 mili\u00f3nov. S priemernou hodnotou \u00a38.2 mili\u00f3na na hr\u00e1\u010da. A odkedy vedenie klubu na prestupovom poli prevzal, \u010di\u017ee v j\u00fani 2018, zariadil odchod a\u017e 74 hr\u00e1\u010dov, vr\u00e1tane hos\u0165ovan\u00ed. To prinieslo od klubovej kasy pribli\u017ene 100 mili\u00f3nov libier. A len \u00a330 mili\u00f3nov poch\u00e1dza z predaja Idrissu Gueyeho do PSG. Jedin\u00e9ho k\u013e\u00fa\u010dov\u00e9ho hr\u00e1\u010da, ktor\u00e9ho klub v tomto obdob\u00ed predal. Ale t\u00fdch s\u00fa\u010dasn\u00fdch 27 hr\u00e1\u010dov m\u00e1 v aktu\u00e1lne hodnotu dokonca vy\u0161\u0161iu, a to \u00a3456,3 mili\u00f3na. S priemernou hodnotou \u00a316,9 mili\u00f3na. Brav\u00f3!<\/p>\n","protected":false},"excerpt":{"rendered":"<p>V\u00fdro\u010dn\u00e9 valn\u00e9 zhroma\u017edenie sa konalo kv\u00f4li pand\u00e9mii koronav\u00edru v\u00a0online priestore. Akcion\u00e1rom cez Zoom videohovor prezentovali Brands s\u00a0Ancelottim, predseda Kenwright a\u00a0aj v\u00fdkonn\u00e1 riadite\u013eka Denise Barrett-Baxendale. Za marketing nech\u00fdbal Ryazantsev.<\/p>\n","protected":false},"author":1,"featured_media":10052,"comment_status":"open","ping_status":"closed","sticky":false,"template":"","format":"standard","meta":{"_eb_attr":"","_monsterinsights_skip_tracking":false,"_monsterinsights_sitenote_active":false,"_monsterinsights_sitenote_note":"","_monsterinsights_sitenote_category":0,"footnotes":""},"categories":[42],"tags":[],"yoast_head":"<!-- This site is optimized with the Yoast SEO plugin v23.4 - https:\/\/yoast.com\/wordpress\/plugins\/seo\/ -->\n<title>AGM 2021: Prestupy - Official Czech &amp; Slovak Everton Supporters&#039; Club<\/title>\n<meta name=\"robots\" content=\"index, follow, max-snippet:-1, max-image-preview:large, max-video-preview:-1\" \/>\n<link rel=\"canonical\" href=\"https:\/\/evertonfc.cz\/index.php\/2021\/01\/15\/agm-2021-prestupy\/\" \/>\n<meta property=\"og:locale\" content=\"cs_CZ\" \/>\n<meta property=\"og:type\" content=\"article\" \/>\n<meta property=\"og:title\" content=\"AGM 2021: Prestupy - Official Czech &amp; Slovak Everton Supporters&#039; Club\" \/>\n<meta property=\"og:description\" content=\"V\u00fdro\u010dn\u00e9 valn\u00e9 zhroma\u017edenie sa konalo kv\u00f4li pand\u00e9mii koronav\u00edru v\u00a0online priestore. Akcion\u00e1rom cez Zoom videohovor prezentovali Brands s\u00a0Ancelottim, predseda Kenwright a\u00a0aj v\u00fdkonn\u00e1 riadite\u013eka Denise Barrett-Baxendale. Za marketing nech\u00fdbal Ryazantsev.\" \/>\n<meta property=\"og:url\" content=\"https:\/\/evertonfc.cz\/index.php\/2021\/01\/15\/agm-2021-prestupy\/\" \/>\n<meta property=\"og:site_name\" content=\"Official Czech &amp; Slovak Everton Supporters&#039; Club\" \/>\n<meta property=\"article:publisher\" content=\"https:\/\/www.facebook.com\/everton.fans.cz.sk\" \/>\n<meta property=\"article:published_time\" content=\"2021-01-15T12:05:27+00:00\" \/>\n<meta property=\"article:modified_time\" content=\"2021-01-16T17:00:51+00:00\" \/>\n<meta property=\"og:image\" content=\"https:\/\/evertonfc.cz\/wp-content\/uploads\/2020\/01\/Everton-flag-16-1-2020.jpg\" \/>\n\t<meta property=\"og:image:width\" content=\"720\" \/>\n\t<meta property=\"og:image:height\" content=\"405\" \/>\n\t<meta property=\"og:image:type\" content=\"image\/jpeg\" \/>\n<meta name=\"author\" content=\"BlueBlooded\" \/>\n<meta name=\"twitter:card\" content=\"summary_large_image\" \/>\n<meta name=\"twitter:label1\" content=\"Napsal(a)\" \/>\n\t<meta name=\"twitter:data1\" content=\"BlueBlooded\" \/>\n\t<meta name=\"twitter:label2\" content=\"Odhadovan\u00e1 doba \u010dten\u00ed\" \/>\n\t<meta name=\"twitter:data2\" content=\"4 minuty\" \/>\n<script type=\"application\/ld+json\" class=\"yoast-schema-graph\">{\"@context\":\"https:\/\/schema.org\",\"@graph\":[{\"@type\":\"Article\",\"@id\":\"https:\/\/evertonfc.cz\/index.php\/2021\/01\/15\/agm-2021-prestupy\/#article\",\"isPartOf\":{\"@id\":\"https:\/\/evertonfc.cz\/index.php\/2021\/01\/15\/agm-2021-prestupy\/\"},\"author\":{\"name\":\"BlueBlooded\",\"@id\":\"https:\/\/evertonfc.cz\/#\/schema\/person\/d4493b8cbea51532597fbc4685698916\"},\"headline\":\"AGM 2021: Prestupy\",\"datePublished\":\"2021-01-15T12:05:27+00:00\",\"dateModified\":\"2021-01-16T17:00:51+00:00\",\"mainEntityOfPage\":{\"@id\":\"https:\/\/evertonfc.cz\/index.php\/2021\/01\/15\/agm-2021-prestupy\/\"},\"wordCount\":1019,\"commentCount\":1,\"publisher\":{\"@id\":\"https:\/\/evertonfc.cz\/#organization\"},\"image\":{\"@id\":\"https:\/\/evertonfc.cz\/index.php\/2021\/01\/15\/agm-2021-prestupy\/#primaryimage\"},\"thumbnailUrl\":\"https:\/\/evertonfc.cz\/wp-content\/uploads\/2020\/01\/Everton-flag-16-1-2020.jpg\",\"articleSection\":[\"Aktuality\"],\"inLanguage\":\"cs\",\"potentialAction\":[{\"@type\":\"CommentAction\",\"name\":\"Comment\",\"target\":[\"https:\/\/evertonfc.cz\/index.php\/2021\/01\/15\/agm-2021-prestupy\/#respond\"]}]},{\"@type\":\"WebPage\",\"@id\":\"https:\/\/evertonfc.cz\/index.php\/2021\/01\/15\/agm-2021-prestupy\/\",\"url\":\"https:\/\/evertonfc.cz\/index.php\/2021\/01\/15\/agm-2021-prestupy\/\",\"name\":\"AGM 2021: Prestupy - Official Czech &amp; Slovak Everton Supporters&#039; Club\",\"isPartOf\":{\"@id\":\"https:\/\/evertonfc.cz\/#website\"},\"primaryImageOfPage\":{\"@id\":\"https:\/\/evertonfc.cz\/index.php\/2021\/01\/15\/agm-2021-prestupy\/#primaryimage\"},\"image\":{\"@id\":\"https:\/\/evertonfc.cz\/index.php\/2021\/01\/15\/agm-2021-prestupy\/#primaryimage\"},\"thumbnailUrl\":\"https:\/\/evertonfc.cz\/wp-content\/uploads\/2020\/01\/Everton-flag-16-1-2020.jpg\",\"datePublished\":\"2021-01-15T12:05:27+00:00\",\"dateModified\":\"2021-01-16T17:00:51+00:00\",\"breadcrumb\":{\"@id\":\"https:\/\/evertonfc.cz\/index.php\/2021\/01\/15\/agm-2021-prestupy\/#breadcrumb\"},\"inLanguage\":\"cs\",\"potentialAction\":[{\"@type\":\"ReadAction\",\"target\":[\"https:\/\/evertonfc.cz\/index.php\/2021\/01\/15\/agm-2021-prestupy\/\"]}]},{\"@type\":\"ImageObject\",\"inLanguage\":\"cs\",\"@id\":\"https:\/\/evertonfc.cz\/index.php\/2021\/01\/15\/agm-2021-prestupy\/#primaryimage\",\"url\":\"https:\/\/evertonfc.cz\/wp-content\/uploads\/2020\/01\/Everton-flag-16-1-2020.jpg\",\"contentUrl\":\"https:\/\/evertonfc.cz\/wp-content\/uploads\/2020\/01\/Everton-flag-16-1-2020.jpg\",\"width\":720,\"height\":405},{\"@type\":\"BreadcrumbList\",\"@id\":\"https:\/\/evertonfc.cz\/index.php\/2021\/01\/15\/agm-2021-prestupy\/#breadcrumb\",\"itemListElement\":[{\"@type\":\"ListItem\",\"position\":1,\"name\":\"Home\",\"item\":\"https:\/\/evertonfc.cz\/\"},{\"@type\":\"ListItem\",\"position\":2,\"name\":\"AGM 2021: Prestupy\"}]},{\"@type\":\"WebSite\",\"@id\":\"https:\/\/evertonfc.cz\/#website\",\"url\":\"https:\/\/evertonfc.cz\/\",\"name\":\"Official Czech &amp; Slovak Everton Supporters&#039; Club\",\"description\":\"\",\"publisher\":{\"@id\":\"https:\/\/evertonfc.cz\/#organization\"},\"potentialAction\":[{\"@type\":\"SearchAction\",\"target\":{\"@type\":\"EntryPoint\",\"urlTemplate\":\"https:\/\/evertonfc.cz\/?s={search_term_string}\"},\"query-input\":{\"@type\":\"PropertyValueSpecification\",\"valueRequired\":true,\"valueName\":\"search_term_string\"}}],\"inLanguage\":\"cs\"},{\"@type\":\"Organization\",\"@id\":\"https:\/\/evertonfc.cz\/#organization\",\"name\":\"Official Czech & Slovak Everton Supporters' Club\",\"url\":\"https:\/\/evertonfc.cz\/\",\"logo\":{\"@type\":\"ImageObject\",\"inLanguage\":\"cs\",\"@id\":\"https:\/\/evertonfc.cz\/#\/schema\/logo\/image\/\",\"url\":\"https:\/\/evertonfc.cz\/wp-content\/uploads\/2019\/05\/logo.png\",\"contentUrl\":\"https:\/\/evertonfc.cz\/wp-content\/uploads\/2019\/05\/logo.png\",\"width\":112,\"height\":112,\"caption\":\"Official Czech & Slovak Everton Supporters' Club\"},\"image\":{\"@id\":\"https:\/\/evertonfc.cz\/#\/schema\/logo\/image\/\"},\"sameAs\":[\"https:\/\/www.facebook.com\/everton.fans.cz.sk\"]},{\"@type\":\"Person\",\"@id\":\"https:\/\/evertonfc.cz\/#\/schema\/person\/d4493b8cbea51532597fbc4685698916\",\"name\":\"BlueBlooded\",\"url\":\"https:\/\/evertonfc.cz\/index.php\/author\/admin\/\"}]}<\/script>\n<!-- \/ Yoast SEO plugin. -->","yoast_head_json":{"title":"AGM 2021: Prestupy - Official Czech &amp; Slovak Everton Supporters&#039; Club","robots":{"index":"index","follow":"follow","max-snippet":"max-snippet:-1","max-image-preview":"max-image-preview:large","max-video-preview":"max-video-preview:-1"},"canonical":"https:\/\/evertonfc.cz\/index.php\/2021\/01\/15\/agm-2021-prestupy\/","og_locale":"cs_CZ","og_type":"article","og_title":"AGM 2021: Prestupy - Official Czech &amp; Slovak Everton Supporters&#039; Club","og_description":"V\u00fdro\u010dn\u00e9 valn\u00e9 zhroma\u017edenie sa konalo kv\u00f4li pand\u00e9mii koronav\u00edru v\u00a0online priestore. Akcion\u00e1rom cez Zoom videohovor prezentovali Brands s\u00a0Ancelottim, predseda Kenwright a\u00a0aj v\u00fdkonn\u00e1 riadite\u013eka Denise Barrett-Baxendale. Za marketing nech\u00fdbal Ryazantsev.","og_url":"https:\/\/evertonfc.cz\/index.php\/2021\/01\/15\/agm-2021-prestupy\/","og_site_name":"Official Czech &amp; Slovak Everton Supporters&#039; Club","article_publisher":"https:\/\/www.facebook.com\/everton.fans.cz.sk","article_published_time":"2021-01-15T12:05:27+00:00","article_modified_time":"2021-01-16T17:00:51+00:00","og_image":[{"width":720,"height":405,"url":"https:\/\/evertonfc.cz\/wp-content\/uploads\/2020\/01\/Everton-flag-16-1-2020.jpg","type":"image\/jpeg"}],"author":"BlueBlooded","twitter_card":"summary_large_image","twitter_misc":{"Napsal(a)":"BlueBlooded","Odhadovan\u00e1 doba \u010dten\u00ed":"4 minuty"},"schema":{"@context":"https:\/\/schema.org","@graph":[{"@type":"Article","@id":"https:\/\/evertonfc.cz\/index.php\/2021\/01\/15\/agm-2021-prestupy\/#article","isPartOf":{"@id":"https:\/\/evertonfc.cz\/index.php\/2021\/01\/15\/agm-2021-prestupy\/"},"author":{"name":"BlueBlooded","@id":"https:\/\/evertonfc.cz\/#\/schema\/person\/d4493b8cbea51532597fbc4685698916"},"headline":"AGM 2021: Prestupy","datePublished":"2021-01-15T12:05:27+00:00","dateModified":"2021-01-16T17:00:51+00:00","mainEntityOfPage":{"@id":"https:\/\/evertonfc.cz\/index.php\/2021\/01\/15\/agm-2021-prestupy\/"},"wordCount":1019,"commentCount":1,"publisher":{"@id":"https:\/\/evertonfc.cz\/#organization"},"image":{"@id":"https:\/\/evertonfc.cz\/index.php\/2021\/01\/15\/agm-2021-prestupy\/#primaryimage"},"thumbnailUrl":"https:\/\/evertonfc.cz\/wp-content\/uploads\/2020\/01\/Everton-flag-16-1-2020.jpg","articleSection":["Aktuality"],"inLanguage":"cs","potentialAction":[{"@type":"CommentAction","name":"Comment","target":["https:\/\/evertonfc.cz\/index.php\/2021\/01\/15\/agm-2021-prestupy\/#respond"]}]},{"@type":"WebPage","@id":"https:\/\/evertonfc.cz\/index.php\/2021\/01\/15\/agm-2021-prestupy\/","url":"https:\/\/evertonfc.cz\/index.php\/2021\/01\/15\/agm-2021-prestupy\/","name":"AGM 2021: Prestupy - Official Czech &amp; Slovak Everton Supporters&#039; Club","isPartOf":{"@id":"https:\/\/evertonfc.cz\/#website"},"primaryImageOfPage":{"@id":"https:\/\/evertonfc.cz\/index.php\/2021\/01\/15\/agm-2021-prestupy\/#primaryimage"},"image":{"@id":"https:\/\/evertonfc.cz\/index.php\/2021\/01\/15\/agm-2021-prestupy\/#primaryimage"},"thumbnailUrl":"https:\/\/evertonfc.cz\/wp-content\/uploads\/2020\/01\/Everton-flag-16-1-2020.jpg","datePublished":"2021-01-15T12:05:27+00:00","dateModified":"2021-01-16T17:00:51+00:00","breadcrumb":{"@id":"https:\/\/evertonfc.cz\/index.php\/2021\/01\/15\/agm-2021-prestupy\/#breadcrumb"},"inLanguage":"cs","potentialAction":[{"@type":"ReadAction","target":["https:\/\/evertonfc.cz\/index.php\/2021\/01\/15\/agm-2021-prestupy\/"]}]},{"@type":"ImageObject","inLanguage":"cs","@id":"https:\/\/evertonfc.cz\/index.php\/2021\/01\/15\/agm-2021-prestupy\/#primaryimage","url":"https:\/\/evertonfc.cz\/wp-content\/uploads\/2020\/01\/Everton-flag-16-1-2020.jpg","contentUrl":"https:\/\/evertonfc.cz\/wp-content\/uploads\/2020\/01\/Everton-flag-16-1-2020.jpg","width":720,"height":405},{"@type":"BreadcrumbList","@id":"https:\/\/evertonfc.cz\/index.php\/2021\/01\/15\/agm-2021-prestupy\/#breadcrumb","itemListElement":[{"@type":"ListItem","position":1,"name":"Home","item":"https:\/\/evertonfc.cz\/"},{"@type":"ListItem","position":2,"name":"AGM 2021: Prestupy"}]},{"@type":"WebSite","@id":"https:\/\/evertonfc.cz\/#website","url":"https:\/\/evertonfc.cz\/","name":"Official Czech &amp; Slovak Everton Supporters&#039; Club","description":"","publisher":{"@id":"https:\/\/evertonfc.cz\/#organization"},"potentialAction":[{"@type":"SearchAction","target":{"@type":"EntryPoint","urlTemplate":"https:\/\/evertonfc.cz\/?s={search_term_string}"},"query-input":{"@type":"PropertyValueSpecification","valueRequired":true,"valueName":"search_term_string"}}],"inLanguage":"cs"},{"@type":"Organization","@id":"https:\/\/evertonfc.cz\/#organization","name":"Official Czech & Slovak Everton Supporters' Club","url":"https:\/\/evertonfc.cz\/","logo":{"@type":"ImageObject","inLanguage":"cs","@id":"https:\/\/evertonfc.cz\/#\/schema\/logo\/image\/","url":"https:\/\/evertonfc.cz\/wp-content\/uploads\/2019\/05\/logo.png","contentUrl":"https:\/\/evertonfc.cz\/wp-content\/uploads\/2019\/05\/logo.png","width":112,"height":112,"caption":"Official Czech & Slovak Everton Supporters' Club"},"image":{"@id":"https:\/\/evertonfc.cz\/#\/schema\/logo\/image\/"},"sameAs":["https:\/\/www.facebook.com\/everton.fans.cz.sk"]},{"@type":"Person","@id":"https:\/\/evertonfc.cz\/#\/schema\/person\/d4493b8cbea51532597fbc4685698916","name":"BlueBlooded","url":"https:\/\/evertonfc.cz\/index.php\/author\/admin\/"}]}},"_links":{"self":[{"href":"https:\/\/evertonfc.cz\/index.php\/wp-json\/wp\/v2\/posts\/13571"}],"collection":[{"href":"https:\/\/evertonfc.cz\/index.php\/wp-json\/wp\/v2\/posts"}],"about":[{"href":"https:\/\/evertonfc.cz\/index.php\/wp-json\/wp\/v2\/types\/post"}],"author":[{"embeddable":true,"href":"https:\/\/evertonfc.cz\/index.php\/wp-json\/wp\/v2\/users\/1"}],"replies":[{"embeddable":true,"href":"https:\/\/evertonfc.cz\/index.php\/wp-json\/wp\/v2\/comments?post=13571"}],"version-history":[{"count":6,"href":"https:\/\/evertonfc.cz\/index.php\/wp-json\/wp\/v2\/posts\/13571\/revisions"}],"predecessor-version":[{"id":13579,"href":"https:\/\/evertonfc.cz\/index.php\/wp-json\/wp\/v2\/posts\/13571\/revisions\/13579"}],"wp:featuredmedia":[{"embeddable":true,"href":"https:\/\/evertonfc.cz\/index.php\/wp-json\/wp\/v2\/media\/10052"}],"wp:attachment":[{"href":"https:\/\/evertonfc.cz\/index.php\/wp-json\/wp\/v2\/media?parent=13571"}],"wp:term":[{"taxonomy":"category","embeddable":true,"href":"https:\/\/evertonfc.cz\/index.php\/wp-json\/wp\/v2\/categories?post=13571"},{"taxonomy":"post_tag","embeddable":true,"href":"https:\/\/evertonfc.cz\/index.php\/wp-json\/wp\/v2\/tags?post=13571"}],"curies":[{"name":"wp","href":"https:\/\/api.w.org\/{rel}","templated":true}]}}