{"id":13582,"date":"2021-01-20T21:33:26","date_gmt":"2021-01-20T20:33:26","guid":{"rendered":"https:\/\/evertonfc.cz\/?p=13582"},"modified":"2021-03-14T17:01:35","modified_gmt":"2021-03-14T16:01:35","slug":"everton-w-bristol-city-w-40","status":"publish","type":"post","link":"https:\/\/evertonfc.cz\/index.php\/2021\/01\/20\/everton-w-bristol-city-w-40\/","title":{"rendered":"Everton W -Bristol City W 4:0"},"content":{"rendered":"<h4>S t\u00fddenn\u00edm covidov\u00fdm odkladem vyb\u011bhl v ned\u011bli Everton poprv\u00e9 v tomto roce na rodn\u00fd Walton Hall Park. Proti nim st\u00e1l ne\u0161\u0165astn\u00fd, covidem, zran\u011bn\u00edmi a nedostatkem financ\u00ed t\u011b\u017ece zkou\u0161en\u00fd posledn\u00ed t\u00fdm tabulky WSL &#8211; Bristol City. Dom\u00e1c\u00ed neponechaly nic n\u00e1hod\u011b a smetly neboh\u00e9 \u010dervenky 4:0.<\/h4>\n<p>Po dlouh\u00e9 pauze se evertonsk\u00e9 d\u00e1my vr\u00e1tily do akce. K z\u00e1pasu bohu\u017eel nebyla nominov\u00e1na Damaris, se kterou koketuje hv\u011bzdn\u00fd Olympique Lyon a kter\u00e1 se zd\u00e1 b\u00fdt k p\u0159estupu svoln\u00e1. Pot\u011b\u0161iteln\u00e9 naopak bylo, \u017ee ve druh\u00e9m polo\u010dase se na h\u0159i\u0161t\u011b vr\u00e1tily Val\u00e9rie Gauvin a Rikke Sevecke. Bristolu se sice poda\u0159ilo p\u0159ed t\u00fddnem postoupit do semifin\u00e1le Conti Cup, ale jinak pro\u017e\u00edv\u00e1 b\u00eddnou sez\u00f3nu. Posledn\u00ed \u010dty\u0159i z\u00e1pasy prohr\u00e1l \u00fahrnn\u00fdm sk\u00f3re 1:18. S \u010dervenkami sice souc\u00edt\u00edme, ale \u00fakol zn\u011bl jasn\u011b &#8211; z\u00edskat t\u0159i body. Kr\u00e1tce p\u0159ed v\u00fdkopem si ji\u017e rozestaven\u00e9 t\u00fdmy je\u0161t\u011b vym\u011bnily strany, proto\u017ee Everton vyhr\u00e1l losov\u00e1n\u00ed a Lucy Graham dala p\u0159ednost stran\u011b p\u0159ed m\u00ed\u010dem. Oku div\u00e1ka p\u0159i\u0161ly v zamra\u010den\u00e9m po\u010das\u00ed ob\u011b strany stejn\u00e9, ale kdo jsme my, abychom vrt\u011bli hlavou nad rozhodnut\u00edm na\u0161\u00ed kapit\u00e1nky.<\/p>\n<h4>Prvn\u00ed polo\u010das<\/h4>\n<p>za\u010dal o\u010dek\u00e1van\u00fdm n\u00e1porem dom\u00e1c\u00edch (kter\u00fd pokra\u010doval po zbytek \u010dasu). Kr\u00e1lovsky modr\u00e9 dresy se usadily na polovin\u011b soupe\u0159e a v p\u00e1t\u00e9 minut\u011b po p\u0159ihr\u00e1vce S\u00f8rensen zav\u011bsila <strong>Izzy<\/strong> <strong>Christiansen<\/strong> &#8211; <strong>1:0<\/strong>. Po prvn\u00ed brance z\u016fstal Everton p\u0159i chuti. B\u00fdval\u00e1 hr\u00e1\u010dka \u010dervenek a nyn\u011bj\u0161\u00ed kapit\u00e1nka karamel Lucy Graham to zkusila znovu ve 13. minut\u011b utk\u00e1n\u00ed. V brance Bristolu debutuj\u00edc\u00ed H\u00e5land ale vyt\u011bsnila m\u00ed\u010d mimo.\u00a0 Ve 38. minut\u011b poslala st\u0159\u00edlen\u00fd centr do v\u00e1pna Raso a brank\u00e1\u0159ce host\u00ed se jej nepoda\u0159ilo zkrotit. V jej\u00edm sousedstv\u00ed \u010d\u00edhaj\u00edc\u00ed <strong>Simone Magill<\/strong> pohotov\u011b doklepla m\u00ed\u010d do s\u00edt\u011b &#8211; <strong>2:0<\/strong>. Po rohu v 47. srazila ve vlastn\u00edm v\u00e1pn\u011b zezadu Clemaron svoj\u00ed bristolskou kolegyni, ale sud\u00ed to nechalo klidnou.<\/p>\n<h4>Druh\u00fd polo\u010das<\/h4>\n<p>zah\u00e1jila Ma\u00e9va Clemaron hlavi\u010dkou do branky Bristolu. Bohu\u017eel jej\u00ed pokus byl vykopnut\u00fd z brankov\u00e9 \u010d\u00e1ry. V 57. minut\u011b zachytila Magill rozehr\u00e1vku brank\u00e1\u0159ky a ve spolupr\u00e1ci s Graham dodaly do v\u00e1pna m\u00ed\u010d t\u011bsn\u011b p\u0159ed nab\u00edhaj\u00edc\u00ed <strong>Christiansen<\/strong>, kter\u00e1 vst\u0159elila svoj\u00ed druhou branku z\u00e1pasu &#8211; <strong>3:0<\/strong>. 63. minuta p\u0159inesla velkou radost do kr\u00e1lovsky modr\u00fdch \u0159ad: po rohu Christiansen <strong>dala hlavou Megan Finnigan sv\u016fj prvn\u00ed evertonsk\u00fd g\u00f3l, na kter\u00fd \u010dekala od roku 2015\u00a0 &#8211; 4:0!\u00a0<\/strong>Tony Hibbert tedy zat\u00edm z\u016fstal nep\u0159ekon\u00e1n. 67. minuta p\u0159inesla st\u0159\u00edd\u00e1n\u00ed a na h\u0159i\u0161t\u011b se dostala Val\u00e9rie Gauvin s Rikke Sevecke. Co\u017e zah\u0159\u00e1lo srdce ka\u017ed\u00e9ho evertoniana, proto\u017ee \u0161lo o jejich prvn\u00ed z\u00e1pas od za\u010d\u00e1tku, respektive od p\u016flky listopadu. V 73. minut\u011b m\u011bly jednu ze sv\u00fdch nemnoha \u0161anc\u00ed tak\u00e9 \u010dervenky. MacIver j\u00ed v\u0161ak velmi dobr\u00fdm z\u00e1krokem zne\u0161kodnila. Dal\u0161\u00ed velkou \u0161anci m\u011bl Bristol v 87. minut\u011b, kdy m\u00ed\u010d dokonce skon\u010dil v s\u00edti. Z nejasn\u00fdch d\u016fvod\u016f (patrn\u011b pro ofsajd) ale nebyl g\u00f3l uzn\u00e1n. V \u00fapln\u00e9m z\u00e1v\u011bru zahr\u00e1val Bristol je\u0161t\u011b p\u0159\u00edm\u00fd kop po faulu Sevecke, ale m\u00ed\u010d skon\u010dil ve zdi a Everton tak mohl oslavit sv\u00e9 prvn\u00ed leto\u0161n\u00ed v\u00edt\u011bzstv\u00ed a \u010dist\u00e9 konto.<\/p>\n<h4>Shrnut\u00ed<\/h4>\n<p>Bristol se sice kr\u010d\u00ed na chvostu tabulky, ale takov\u00e9to soupe\u0159e mus\u00edme bezpe\u010dn\u011b por\u00e1\u017eet, pokud po\u0161ilh\u00e1v\u00e1me po evropsk\u00fdch p\u0159\u00ed\u010dk\u00e1ch. V\u00fdhra tedy p\u0159i\u0161la vhod a \u010dist\u00e9 konto pot\u011b\u0161ilo. Abey-Leigh Stringer sice Damaris plnohodnotn\u011b nenahrad\u00ed, ale dnes si po\u010d\u00ednala velmi sebev\u011bdom\u011b a aktivn\u011b. Grace Clinton dostala v z\u00e1v\u011bru z\u00e1pasu mo\u017enost sb\u00edrat dal\u0161\u00ed minuty zku\u0161enost\u00ed, co\u017e se tak\u00e9 po\u010d\u00edt\u00e1. P\u0159ed dal\u0161\u00edmi duely t\u011b\u017e\u0161\u00edho kalibru je p\u0159\u00edjemn\u00e9, \u017ee se do hry vrac\u00ed Gauvin i Sevecke, i kdy\u017e nejsp\u00ed\u0161 je\u0161t\u011b chv\u00edli potrv\u00e1, ne\u017e odehraj\u00ed cel\u00fd z\u00e1pas. Mysl\u00edm, \u017ee to byl dobr\u00fd vstup do druh\u00e9 poloviny sez\u00f3ny. Come on you blue girls!<\/p>\n<p><strong>G\u00f3ly:<\/strong> Chritiansen (5\u00b4+ 57\u00b4), Magill (38\u00b4), Finnigan (63\u00b4)<\/p>\n<p><strong>\u017dK:<\/strong> Stringer<\/p>\n<p id=\"yF2Cuy\"><strong>Everton (3-4-3):<\/strong> MacIver &#8211; Moe Wold, Turner (75\u00b4Pike), Finnigan &#8211; Christiansen (75\u00b4Clinton), Stringer, Graham, Clemaron (67\u00b4Sevecke)-Magill (67\u00b4Boye-Hlorkah), S\u00f8rensen, Raso (67\u00b4Gauvin)<\/p>\n<p><strong>Bristol City (4-5-1):<\/strong> H\u00e5land &#8211; Bryson, Evans, Rafferty (46\u00b4Matthews), Allen (88\u00b4Layzell) &#8211; Logarzo, Dani\u00ebls, Wellings, Palmer (46\u00b4 Mastrantonio), Bissell (46\u00b4Harrison)- Salmon<\/p>\n","protected":false},"excerpt":{"rendered":"<p>S t\u00fddenn\u00edm covidov\u00fdm odkladem vyb\u011bhl v ned\u011bli Everton poprv\u00e9 v tomto roce na rodn\u00fd Walton Hall Park. Proti nim st\u00e1l ne\u0161\u0165astn\u00fd, covidem, zran\u011bn\u00edmi a nedostatkem financ\u00ed t\u011b\u017ece zkou\u0161en\u00fd posledn\u00ed t\u00fdm tabulky WSL &#8211; Bristol City. Dom\u00e1c\u00ed neponechaly nic n\u00e1hod\u011b a smetly neboh\u00e9 \u010dervenky 4:0.<\/p>\n","protected":false},"author":26,"featured_media":14661,"comment_status":"open","ping_status":"closed","sticky":false,"template":"","format":"standard","meta":{"_eb_attr":"","_monsterinsights_skip_tracking":false,"_monsterinsights_sitenote_active":false,"_monsterinsights_sitenote_note":"","_monsterinsights_sitenote_category":0,"footnotes":""},"categories":[110],"tags":[],"yoast_head":"<!-- This site is optimized with the Yoast SEO plugin v23.4 - https:\/\/yoast.com\/wordpress\/plugins\/seo\/ -->\n<title>Everton W -Bristol City W 4:0 - Official Czech &amp; Slovak Everton Supporters&#039; Club<\/title>\n<meta name=\"robots\" content=\"index, follow, max-snippet:-1, max-image-preview:large, max-video-preview:-1\" \/>\n<link rel=\"canonical\" href=\"https:\/\/evertonfc.cz\/index.php\/2021\/01\/20\/everton-w-bristol-city-w-40\/\" \/>\n<meta property=\"og:locale\" content=\"cs_CZ\" \/>\n<meta property=\"og:type\" content=\"article\" \/>\n<meta property=\"og:title\" content=\"Everton W -Bristol City W 4:0 - Official Czech &amp; Slovak Everton Supporters&#039; Club\" \/>\n<meta property=\"og:description\" content=\"S t\u00fddenn\u00edm covidov\u00fdm odkladem vyb\u011bhl v ned\u011bli Everton poprv\u00e9 v tomto roce na rodn\u00fd Walton Hall Park. Proti nim st\u00e1l ne\u0161\u0165astn\u00fd, covidem, zran\u011bn\u00edmi a nedostatkem financ\u00ed t\u011b\u017ece zkou\u0161en\u00fd posledn\u00ed t\u00fdm tabulky WSL - Bristol City. Dom\u00e1c\u00ed neponechaly nic n\u00e1hod\u011b a smetly neboh\u00e9 \u010dervenky 4:0.\" \/>\n<meta property=\"og:url\" content=\"https:\/\/evertonfc.cz\/index.php\/2021\/01\/20\/everton-w-bristol-city-w-40\/\" \/>\n<meta property=\"og:site_name\" content=\"Official Czech &amp; Slovak Everton Supporters&#039; Club\" \/>\n<meta property=\"article:publisher\" content=\"https:\/\/www.facebook.com\/everton.fans.cz.sk\" \/>\n<meta property=\"article:published_time\" content=\"2021-01-20T20:33:26+00:00\" \/>\n<meta property=\"article:modified_time\" content=\"2021-03-14T16:01:35+00:00\" \/>\n<meta property=\"og:image\" content=\"https:\/\/evertonfc.cz\/wp-content\/uploads\/2021\/03\/Christiansen-vs-Bristol-17-1-2021.jpg\" \/>\n\t<meta property=\"og:image:width\" content=\"720\" \/>\n\t<meta property=\"og:image:height\" content=\"405\" \/>\n\t<meta property=\"og:image:type\" content=\"image\/jpeg\" \/>\n<meta name=\"author\" content=\"Karamela\" \/>\n<meta name=\"twitter:card\" content=\"summary_large_image\" \/>\n<meta name=\"twitter:label1\" content=\"Napsal(a)\" \/>\n\t<meta name=\"twitter:data1\" content=\"Karamela\" \/>\n\t<meta name=\"twitter:label2\" content=\"Odhadovan\u00e1 doba \u010dten\u00ed\" \/>\n\t<meta name=\"twitter:data2\" content=\"3 minuty\" \/>\n<script type=\"application\/ld+json\" class=\"yoast-schema-graph\">{\"@context\":\"https:\/\/schema.org\",\"@graph\":[{\"@type\":\"Article\",\"@id\":\"https:\/\/evertonfc.cz\/index.php\/2021\/01\/20\/everton-w-bristol-city-w-40\/#article\",\"isPartOf\":{\"@id\":\"https:\/\/evertonfc.cz\/index.php\/2021\/01\/20\/everton-w-bristol-city-w-40\/\"},\"author\":{\"name\":\"Karamela\",\"@id\":\"https:\/\/evertonfc.cz\/#\/schema\/person\/e9a24a80a32efa1344dd2c4e5882185c\"},\"headline\":\"Everton W -Bristol City W 4:0\",\"datePublished\":\"2021-01-20T20:33:26+00:00\",\"dateModified\":\"2021-03-14T16:01:35+00:00\",\"mainEntityOfPage\":{\"@id\":\"https:\/\/evertonfc.cz\/index.php\/2021\/01\/20\/everton-w-bristol-city-w-40\/\"},\"wordCount\":791,\"commentCount\":0,\"publisher\":{\"@id\":\"https:\/\/evertonfc.cz\/#organization\"},\"image\":{\"@id\":\"https:\/\/evertonfc.cz\/index.php\/2021\/01\/20\/everton-w-bristol-city-w-40\/#primaryimage\"},\"thumbnailUrl\":\"https:\/\/evertonfc.cz\/wp-content\/uploads\/2021\/03\/Christiansen-vs-Bristol-17-1-2021.jpg\",\"articleSection\":[\"Everton Women\"],\"inLanguage\":\"cs\",\"potentialAction\":[{\"@type\":\"CommentAction\",\"name\":\"Comment\",\"target\":[\"https:\/\/evertonfc.cz\/index.php\/2021\/01\/20\/everton-w-bristol-city-w-40\/#respond\"]}]},{\"@type\":\"WebPage\",\"@id\":\"https:\/\/evertonfc.cz\/index.php\/2021\/01\/20\/everton-w-bristol-city-w-40\/\",\"url\":\"https:\/\/evertonfc.cz\/index.php\/2021\/01\/20\/everton-w-bristol-city-w-40\/\",\"name\":\"Everton W -Bristol City W 4:0 - Official Czech &amp; Slovak Everton Supporters&#039; Club\",\"isPartOf\":{\"@id\":\"https:\/\/evertonfc.cz\/#website\"},\"primaryImageOfPage\":{\"@id\":\"https:\/\/evertonfc.cz\/index.php\/2021\/01\/20\/everton-w-bristol-city-w-40\/#primaryimage\"},\"image\":{\"@id\":\"https:\/\/evertonfc.cz\/index.php\/2021\/01\/20\/everton-w-bristol-city-w-40\/#primaryimage\"},\"thumbnailUrl\":\"https:\/\/evertonfc.cz\/wp-content\/uploads\/2021\/03\/Christiansen-vs-Bristol-17-1-2021.jpg\",\"datePublished\":\"2021-01-20T20:33:26+00:00\",\"dateModified\":\"2021-03-14T16:01:35+00:00\",\"breadcrumb\":{\"@id\":\"https:\/\/evertonfc.cz\/index.php\/2021\/01\/20\/everton-w-bristol-city-w-40\/#breadcrumb\"},\"inLanguage\":\"cs\",\"potentialAction\":[{\"@type\":\"ReadAction\",\"target\":[\"https:\/\/evertonfc.cz\/index.php\/2021\/01\/20\/everton-w-bristol-city-w-40\/\"]}]},{\"@type\":\"ImageObject\",\"inLanguage\":\"cs\",\"@id\":\"https:\/\/evertonfc.cz\/index.php\/2021\/01\/20\/everton-w-bristol-city-w-40\/#primaryimage\",\"url\":\"https:\/\/evertonfc.cz\/wp-content\/uploads\/2021\/03\/Christiansen-vs-Bristol-17-1-2021.jpg\",\"contentUrl\":\"https:\/\/evertonfc.cz\/wp-content\/uploads\/2021\/03\/Christiansen-vs-Bristol-17-1-2021.jpg\",\"width\":720,\"height\":405},{\"@type\":\"BreadcrumbList\",\"@id\":\"https:\/\/evertonfc.cz\/index.php\/2021\/01\/20\/everton-w-bristol-city-w-40\/#breadcrumb\",\"itemListElement\":[{\"@type\":\"ListItem\",\"position\":1,\"name\":\"Home\",\"item\":\"https:\/\/evertonfc.cz\/\"},{\"@type\":\"ListItem\",\"position\":2,\"name\":\"Everton W -Bristol City W 4:0\"}]},{\"@type\":\"WebSite\",\"@id\":\"https:\/\/evertonfc.cz\/#website\",\"url\":\"https:\/\/evertonfc.cz\/\",\"name\":\"Official Czech &amp; Slovak Everton Supporters&#039; Club\",\"description\":\"\",\"publisher\":{\"@id\":\"https:\/\/evertonfc.cz\/#organization\"},\"potentialAction\":[{\"@type\":\"SearchAction\",\"target\":{\"@type\":\"EntryPoint\",\"urlTemplate\":\"https:\/\/evertonfc.cz\/?s={search_term_string}\"},\"query-input\":{\"@type\":\"PropertyValueSpecification\",\"valueRequired\":true,\"valueName\":\"search_term_string\"}}],\"inLanguage\":\"cs\"},{\"@type\":\"Organization\",\"@id\":\"https:\/\/evertonfc.cz\/#organization\",\"name\":\"Official Czech & Slovak Everton Supporters' Club\",\"url\":\"https:\/\/evertonfc.cz\/\",\"logo\":{\"@type\":\"ImageObject\",\"inLanguage\":\"cs\",\"@id\":\"https:\/\/evertonfc.cz\/#\/schema\/logo\/image\/\",\"url\":\"https:\/\/evertonfc.cz\/wp-content\/uploads\/2019\/05\/logo.png\",\"contentUrl\":\"https:\/\/evertonfc.cz\/wp-content\/uploads\/2019\/05\/logo.png\",\"width\":112,\"height\":112,\"caption\":\"Official Czech & Slovak Everton Supporters' Club\"},\"image\":{\"@id\":\"https:\/\/evertonfc.cz\/#\/schema\/logo\/image\/\"},\"sameAs\":[\"https:\/\/www.facebook.com\/everton.fans.cz.sk\"]},{\"@type\":\"Person\",\"@id\":\"https:\/\/evertonfc.cz\/#\/schema\/person\/e9a24a80a32efa1344dd2c4e5882185c\",\"name\":\"Karamela\",\"url\":\"https:\/\/evertonfc.cz\/index.php\/author\/karamela\/\"}]}<\/script>\n<!-- \/ Yoast SEO plugin. -->","yoast_head_json":{"title":"Everton W -Bristol City W 4:0 - Official Czech &amp; Slovak Everton Supporters&#039; Club","robots":{"index":"index","follow":"follow","max-snippet":"max-snippet:-1","max-image-preview":"max-image-preview:large","max-video-preview":"max-video-preview:-1"},"canonical":"https:\/\/evertonfc.cz\/index.php\/2021\/01\/20\/everton-w-bristol-city-w-40\/","og_locale":"cs_CZ","og_type":"article","og_title":"Everton W -Bristol City W 4:0 - Official Czech &amp; Slovak Everton Supporters&#039; Club","og_description":"S t\u00fddenn\u00edm covidov\u00fdm odkladem vyb\u011bhl v ned\u011bli Everton poprv\u00e9 v tomto roce na rodn\u00fd Walton Hall Park. Proti nim st\u00e1l ne\u0161\u0165astn\u00fd, covidem, zran\u011bn\u00edmi a nedostatkem financ\u00ed t\u011b\u017ece zkou\u0161en\u00fd posledn\u00ed t\u00fdm tabulky WSL - Bristol City. Dom\u00e1c\u00ed neponechaly nic n\u00e1hod\u011b a smetly neboh\u00e9 \u010dervenky 4:0.","og_url":"https:\/\/evertonfc.cz\/index.php\/2021\/01\/20\/everton-w-bristol-city-w-40\/","og_site_name":"Official Czech &amp; Slovak Everton Supporters&#039; Club","article_publisher":"https:\/\/www.facebook.com\/everton.fans.cz.sk","article_published_time":"2021-01-20T20:33:26+00:00","article_modified_time":"2021-03-14T16:01:35+00:00","og_image":[{"width":720,"height":405,"url":"https:\/\/evertonfc.cz\/wp-content\/uploads\/2021\/03\/Christiansen-vs-Bristol-17-1-2021.jpg","type":"image\/jpeg"}],"author":"Karamela","twitter_card":"summary_large_image","twitter_misc":{"Napsal(a)":"Karamela","Odhadovan\u00e1 doba \u010dten\u00ed":"3 minuty"},"schema":{"@context":"https:\/\/schema.org","@graph":[{"@type":"Article","@id":"https:\/\/evertonfc.cz\/index.php\/2021\/01\/20\/everton-w-bristol-city-w-40\/#article","isPartOf":{"@id":"https:\/\/evertonfc.cz\/index.php\/2021\/01\/20\/everton-w-bristol-city-w-40\/"},"author":{"name":"Karamela","@id":"https:\/\/evertonfc.cz\/#\/schema\/person\/e9a24a80a32efa1344dd2c4e5882185c"},"headline":"Everton W -Bristol City W 4:0","datePublished":"2021-01-20T20:33:26+00:00","dateModified":"2021-03-14T16:01:35+00:00","mainEntityOfPage":{"@id":"https:\/\/evertonfc.cz\/index.php\/2021\/01\/20\/everton-w-bristol-city-w-40\/"},"wordCount":791,"commentCount":0,"publisher":{"@id":"https:\/\/evertonfc.cz\/#organization"},"image":{"@id":"https:\/\/evertonfc.cz\/index.php\/2021\/01\/20\/everton-w-bristol-city-w-40\/#primaryimage"},"thumbnailUrl":"https:\/\/evertonfc.cz\/wp-content\/uploads\/2021\/03\/Christiansen-vs-Bristol-17-1-2021.jpg","articleSection":["Everton Women"],"inLanguage":"cs","potentialAction":[{"@type":"CommentAction","name":"Comment","target":["https:\/\/evertonfc.cz\/index.php\/2021\/01\/20\/everton-w-bristol-city-w-40\/#respond"]}]},{"@type":"WebPage","@id":"https:\/\/evertonfc.cz\/index.php\/2021\/01\/20\/everton-w-bristol-city-w-40\/","url":"https:\/\/evertonfc.cz\/index.php\/2021\/01\/20\/everton-w-bristol-city-w-40\/","name":"Everton W -Bristol City W 4:0 - Official Czech &amp; Slovak Everton Supporters&#039; Club","isPartOf":{"@id":"https:\/\/evertonfc.cz\/#website"},"primaryImageOfPage":{"@id":"https:\/\/evertonfc.cz\/index.php\/2021\/01\/20\/everton-w-bristol-city-w-40\/#primaryimage"},"image":{"@id":"https:\/\/evertonfc.cz\/index.php\/2021\/01\/20\/everton-w-bristol-city-w-40\/#primaryimage"},"thumbnailUrl":"https:\/\/evertonfc.cz\/wp-content\/uploads\/2021\/03\/Christiansen-vs-Bristol-17-1-2021.jpg","datePublished":"2021-01-20T20:33:26+00:00","dateModified":"2021-03-14T16:01:35+00:00","breadcrumb":{"@id":"https:\/\/evertonfc.cz\/index.php\/2021\/01\/20\/everton-w-bristol-city-w-40\/#breadcrumb"},"inLanguage":"cs","potentialAction":[{"@type":"ReadAction","target":["https:\/\/evertonfc.cz\/index.php\/2021\/01\/20\/everton-w-bristol-city-w-40\/"]}]},{"@type":"ImageObject","inLanguage":"cs","@id":"https:\/\/evertonfc.cz\/index.php\/2021\/01\/20\/everton-w-bristol-city-w-40\/#primaryimage","url":"https:\/\/evertonfc.cz\/wp-content\/uploads\/2021\/03\/Christiansen-vs-Bristol-17-1-2021.jpg","contentUrl":"https:\/\/evertonfc.cz\/wp-content\/uploads\/2021\/03\/Christiansen-vs-Bristol-17-1-2021.jpg","width":720,"height":405},{"@type":"BreadcrumbList","@id":"https:\/\/evertonfc.cz\/index.php\/2021\/01\/20\/everton-w-bristol-city-w-40\/#breadcrumb","itemListElement":[{"@type":"ListItem","position":1,"name":"Home","item":"https:\/\/evertonfc.cz\/"},{"@type":"ListItem","position":2,"name":"Everton W -Bristol City W 4:0"}]},{"@type":"WebSite","@id":"https:\/\/evertonfc.cz\/#website","url":"https:\/\/evertonfc.cz\/","name":"Official Czech &amp; Slovak Everton Supporters&#039; Club","description":"","publisher":{"@id":"https:\/\/evertonfc.cz\/#organization"},"potentialAction":[{"@type":"SearchAction","target":{"@type":"EntryPoint","urlTemplate":"https:\/\/evertonfc.cz\/?s={search_term_string}"},"query-input":{"@type":"PropertyValueSpecification","valueRequired":true,"valueName":"search_term_string"}}],"inLanguage":"cs"},{"@type":"Organization","@id":"https:\/\/evertonfc.cz\/#organization","name":"Official Czech & Slovak Everton Supporters' Club","url":"https:\/\/evertonfc.cz\/","logo":{"@type":"ImageObject","inLanguage":"cs","@id":"https:\/\/evertonfc.cz\/#\/schema\/logo\/image\/","url":"https:\/\/evertonfc.cz\/wp-content\/uploads\/2019\/05\/logo.png","contentUrl":"https:\/\/evertonfc.cz\/wp-content\/uploads\/2019\/05\/logo.png","width":112,"height":112,"caption":"Official Czech & Slovak Everton Supporters' Club"},"image":{"@id":"https:\/\/evertonfc.cz\/#\/schema\/logo\/image\/"},"sameAs":["https:\/\/www.facebook.com\/everton.fans.cz.sk"]},{"@type":"Person","@id":"https:\/\/evertonfc.cz\/#\/schema\/person\/e9a24a80a32efa1344dd2c4e5882185c","name":"Karamela","url":"https:\/\/evertonfc.cz\/index.php\/author\/karamela\/"}]}},"_links":{"self":[{"href":"https:\/\/evertonfc.cz\/index.php\/wp-json\/wp\/v2\/posts\/13582"}],"collection":[{"href":"https:\/\/evertonfc.cz\/index.php\/wp-json\/wp\/v2\/posts"}],"about":[{"href":"https:\/\/evertonfc.cz\/index.php\/wp-json\/wp\/v2\/types\/post"}],"author":[{"embeddable":true,"href":"https:\/\/evertonfc.cz\/index.php\/wp-json\/wp\/v2\/users\/26"}],"replies":[{"embeddable":true,"href":"https:\/\/evertonfc.cz\/index.php\/wp-json\/wp\/v2\/comments?post=13582"}],"version-history":[{"count":13,"href":"https:\/\/evertonfc.cz\/index.php\/wp-json\/wp\/v2\/posts\/13582\/revisions"}],"predecessor-version":[{"id":13632,"href":"https:\/\/evertonfc.cz\/index.php\/wp-json\/wp\/v2\/posts\/13582\/revisions\/13632"}],"wp:featuredmedia":[{"embeddable":true,"href":"https:\/\/evertonfc.cz\/index.php\/wp-json\/wp\/v2\/media\/14661"}],"wp:attachment":[{"href":"https:\/\/evertonfc.cz\/index.php\/wp-json\/wp\/v2\/media?parent=13582"}],"wp:term":[{"taxonomy":"category","embeddable":true,"href":"https:\/\/evertonfc.cz\/index.php\/wp-json\/wp\/v2\/categories?post=13582"},{"taxonomy":"post_tag","embeddable":true,"href":"https:\/\/evertonfc.cz\/index.php\/wp-json\/wp\/v2\/tags?post=13582"}],"curies":[{"name":"wp","href":"https:\/\/api.w.org\/{rel}","templated":true}]}}