{"id":13590,"date":"2021-01-20T12:42:15","date_gmt":"2021-01-20T11:42:15","guid":{"rendered":"https:\/\/evertonfc.cz\/?p=13590"},"modified":"2021-01-20T12:43:15","modified_gmt":"2021-01-20T11:43:15","slug":"simms-hostuje-v-blackpoolu","status":"publish","type":"post","link":"https:\/\/evertonfc.cz\/index.php\/2021\/01\/20\/simms-hostuje-v-blackpoolu\/","title":{"rendered":"Simms hostuje v Blackpoolu"},"content":{"rendered":"<h4>\u00dato\u010dn\u00edk Ellis Simms si ve dvaceti letech poprv\u00e9 vyzkou\u0161\u00ed dosp\u011bl\u00fd fotbal, na hostov\u00e1n\u00ed do konce sez\u00f3ny ho z\u00edskal Blackpool, moment\u00e1ln\u011b \u0161estn\u00e1ct\u00fd celek League One.<\/h4>\n<p>Talentovan\u00fd zakon\u010dovatel, kter\u00fd je jen o rok mlad\u0161\u00ed ne\u017e Moise Kean, se v posledn\u00edch sez\u00f3n\u00e1ch \u0159adil mezi tahouny v\u00fdb\u011bru Evertonu do 23 let a nejlep\u0161\u00ed st\u0159elce ml\u00e1de\u017enick\u00e9 Premier League 2, v n\u00ed\u017e jenom v aktu\u00e1ln\u00edm ro\u010dn\u00edku nas\u00e1zel osm branek ve 12 z\u00e1pasech.<\/p>\n<p>Na debut v dosp\u011bl\u00e9m fotbale ale st\u00e1le \u010dek\u00e1, Carlo Ancelotti ho pouze p\u00e1rkr\u00e1t nominoval na lavi\u010dku n\u00e1hradn\u00edk\u016f prvn\u00edho t\u00fdmu.<\/p>\n<p>Mana\u017eer Seasiders Neil Critchley p\u0159iv\u00edtal svou novou posilu n\u00e1sleduj\u00edc\u00edmi slovy: <em>\u201eEllis se py\u0161n\u00ed skv\u011blou g\u00f3lovou bilanc\u00ed v ml\u00e1de\u017enick\u00fdch v\u00fdb\u011brech do 18 i 23 let, dle m\u00e9ho nastal spr\u00e1vn\u00fd \u010das v jeho v\u00fdvoji, aby okusil dosp\u011bl\u00fd fotbal. Osobn\u011b ho sleduji ji\u017e n\u011bkolik let a jsem velmi spokojen, \u017ee mezi n\u011bkolika z\u00e1jemci vybral jako sv\u00e9 dal\u0161\u00ed p\u016fsobi\u0161t\u011b Blackpool. Rozhodn\u011b n\u00e1m pom\u016f\u017ee zv\u00fd\u0161it kvalitu p\u0159ed br\u00e1nou soupe\u0159e.\u201c<\/em><\/p>\n<p>Bude zaj\u00edmav\u00e9 sledovat, jak se Simmsovi zada\u0159\u00ed v League One. Sv\u00fdmi dosavadn\u00edmi v\u00fdkony p\u0159evy\u0161oval svou v\u011bkovou kategorii, na Ostrovech je ale obrovsk\u00e1 d\u00edra mezi ml\u00e1de\u017enick\u00fdm a dosp\u011bl\u00fdm fotbalem, kter\u00e1 semlela u\u017e nejednoho v\u00fdjime\u010dn\u00e9ho mlad\u00edka.<\/p>\n","protected":false},"excerpt":{"rendered":"<p>\u00dato\u010dn\u00edk Ellis Simms si ve dvaceti letech poprv\u00e9 vyzkou\u0161\u00ed dosp\u011bl\u00fd fotbal, na hostov\u00e1n\u00ed do konce sez\u00f3ny ho z\u00edskal Blackpool, moment\u00e1ln\u011b \u0161estn\u00e1ct\u00fd celek League One.<\/p>\n","protected":false},"author":6,"featured_media":13589,"comment_status":"open","ping_status":"closed","sticky":false,"template":"","format":"standard","meta":{"_eb_attr":"","_monsterinsights_skip_tracking":false,"_monsterinsights_sitenote_active":false,"_monsterinsights_sitenote_note":"","_monsterinsights_sitenote_category":0,"footnotes":""},"categories":[41],"tags":[],"yoast_head":"<!-- This site is optimized with the Yoast SEO plugin v23.4 - https:\/\/yoast.com\/wordpress\/plugins\/seo\/ -->\n<title>Simms hostuje v Blackpoolu - Official Czech &amp; Slovak Everton Supporters&#039; Club<\/title>\n<meta name=\"robots\" content=\"index, follow, max-snippet:-1, max-image-preview:large, max-video-preview:-1\" \/>\n<link rel=\"canonical\" href=\"https:\/\/evertonfc.cz\/index.php\/2021\/01\/20\/simms-hostuje-v-blackpoolu\/\" \/>\n<meta property=\"og:locale\" content=\"cs_CZ\" \/>\n<meta property=\"og:type\" content=\"article\" \/>\n<meta property=\"og:title\" content=\"Simms hostuje v Blackpoolu - Official Czech &amp; Slovak Everton Supporters&#039; Club\" \/>\n<meta property=\"og:description\" content=\"\u00dato\u010dn\u00edk Ellis Simms si ve dvaceti letech poprv\u00e9 vyzkou\u0161\u00ed dosp\u011bl\u00fd fotbal, na hostov\u00e1n\u00ed do konce sez\u00f3ny ho z\u00edskal Blackpool, moment\u00e1ln\u011b \u0161estn\u00e1ct\u00fd celek League One.\" \/>\n<meta property=\"og:url\" content=\"https:\/\/evertonfc.cz\/index.php\/2021\/01\/20\/simms-hostuje-v-blackpoolu\/\" \/>\n<meta property=\"og:site_name\" content=\"Official Czech &amp; Slovak Everton Supporters&#039; Club\" \/>\n<meta property=\"article:publisher\" content=\"https:\/\/www.facebook.com\/everton.fans.cz.sk\" \/>\n<meta property=\"article:published_time\" content=\"2021-01-20T11:42:15+00:00\" \/>\n<meta property=\"article:modified_time\" content=\"2021-01-20T11:43:15+00:00\" \/>\n<meta property=\"og:image\" content=\"https:\/\/evertonfc.cz\/wp-content\/uploads\/2021\/01\/simms_20_1_2020.jpg\" \/>\n\t<meta property=\"og:image:width\" content=\"720\" \/>\n\t<meta property=\"og:image:height\" content=\"405\" \/>\n\t<meta property=\"og:image:type\" content=\"image\/jpeg\" \/>\n<meta name=\"author\" content=\"Ri\u010di\" \/>\n<meta name=\"twitter:card\" content=\"summary_large_image\" \/>\n<meta name=\"twitter:creator\" content=\"@rbrejsa\" \/>\n<meta name=\"twitter:label1\" content=\"Napsal(a)\" \/>\n\t<meta name=\"twitter:data1\" content=\"Ri\u010di\" \/>\n\t<meta name=\"twitter:label2\" content=\"Odhadovan\u00e1 doba \u010dten\u00ed\" \/>\n\t<meta name=\"twitter:data2\" content=\"1 minuta\" \/>\n<script type=\"application\/ld+json\" class=\"yoast-schema-graph\">{\"@context\":\"https:\/\/schema.org\",\"@graph\":[{\"@type\":\"Article\",\"@id\":\"https:\/\/evertonfc.cz\/index.php\/2021\/01\/20\/simms-hostuje-v-blackpoolu\/#article\",\"isPartOf\":{\"@id\":\"https:\/\/evertonfc.cz\/index.php\/2021\/01\/20\/simms-hostuje-v-blackpoolu\/\"},\"author\":{\"name\":\"Ri\u010di\",\"@id\":\"https:\/\/evertonfc.cz\/#\/schema\/person\/f7a5daedb2ffee98480bc70e191aaef1\"},\"headline\":\"Simms hostuje v Blackpoolu\",\"datePublished\":\"2021-01-20T11:42:15+00:00\",\"dateModified\":\"2021-01-20T11:43:15+00:00\",\"mainEntityOfPage\":{\"@id\":\"https:\/\/evertonfc.cz\/index.php\/2021\/01\/20\/simms-hostuje-v-blackpoolu\/\"},\"wordCount\":261,\"commentCount\":1,\"publisher\":{\"@id\":\"https:\/\/evertonfc.cz\/#organization\"},\"image\":{\"@id\":\"https:\/\/evertonfc.cz\/index.php\/2021\/01\/20\/simms-hostuje-v-blackpoolu\/#primaryimage\"},\"thumbnailUrl\":\"https:\/\/evertonfc.cz\/wp-content\/uploads\/2021\/01\/simms_20_1_2020.jpg\",\"articleSection\":[\"P\u0159estupy\"],\"inLanguage\":\"cs\",\"potentialAction\":[{\"@type\":\"CommentAction\",\"name\":\"Comment\",\"target\":[\"https:\/\/evertonfc.cz\/index.php\/2021\/01\/20\/simms-hostuje-v-blackpoolu\/#respond\"]}]},{\"@type\":\"WebPage\",\"@id\":\"https:\/\/evertonfc.cz\/index.php\/2021\/01\/20\/simms-hostuje-v-blackpoolu\/\",\"url\":\"https:\/\/evertonfc.cz\/index.php\/2021\/01\/20\/simms-hostuje-v-blackpoolu\/\",\"name\":\"Simms hostuje v Blackpoolu - Official Czech &amp; Slovak Everton Supporters&#039; Club\",\"isPartOf\":{\"@id\":\"https:\/\/evertonfc.cz\/#website\"},\"primaryImageOfPage\":{\"@id\":\"https:\/\/evertonfc.cz\/index.php\/2021\/01\/20\/simms-hostuje-v-blackpoolu\/#primaryimage\"},\"image\":{\"@id\":\"https:\/\/evertonfc.cz\/index.php\/2021\/01\/20\/simms-hostuje-v-blackpoolu\/#primaryimage\"},\"thumbnailUrl\":\"https:\/\/evertonfc.cz\/wp-content\/uploads\/2021\/01\/simms_20_1_2020.jpg\",\"datePublished\":\"2021-01-20T11:42:15+00:00\",\"dateModified\":\"2021-01-20T11:43:15+00:00\",\"breadcrumb\":{\"@id\":\"https:\/\/evertonfc.cz\/index.php\/2021\/01\/20\/simms-hostuje-v-blackpoolu\/#breadcrumb\"},\"inLanguage\":\"cs\",\"potentialAction\":[{\"@type\":\"ReadAction\",\"target\":[\"https:\/\/evertonfc.cz\/index.php\/2021\/01\/20\/simms-hostuje-v-blackpoolu\/\"]}]},{\"@type\":\"ImageObject\",\"inLanguage\":\"cs\",\"@id\":\"https:\/\/evertonfc.cz\/index.php\/2021\/01\/20\/simms-hostuje-v-blackpoolu\/#primaryimage\",\"url\":\"https:\/\/evertonfc.cz\/wp-content\/uploads\/2021\/01\/simms_20_1_2020.jpg\",\"contentUrl\":\"https:\/\/evertonfc.cz\/wp-content\/uploads\/2021\/01\/simms_20_1_2020.jpg\",\"width\":720,\"height\":405},{\"@type\":\"BreadcrumbList\",\"@id\":\"https:\/\/evertonfc.cz\/index.php\/2021\/01\/20\/simms-hostuje-v-blackpoolu\/#breadcrumb\",\"itemListElement\":[{\"@type\":\"ListItem\",\"position\":1,\"name\":\"Home\",\"item\":\"https:\/\/evertonfc.cz\/\"},{\"@type\":\"ListItem\",\"position\":2,\"name\":\"Simms hostuje v Blackpoolu\"}]},{\"@type\":\"WebSite\",\"@id\":\"https:\/\/evertonfc.cz\/#website\",\"url\":\"https:\/\/evertonfc.cz\/\",\"name\":\"Official Czech &amp; Slovak Everton Supporters&#039; Club\",\"description\":\"\",\"publisher\":{\"@id\":\"https:\/\/evertonfc.cz\/#organization\"},\"potentialAction\":[{\"@type\":\"SearchAction\",\"target\":{\"@type\":\"EntryPoint\",\"urlTemplate\":\"https:\/\/evertonfc.cz\/?s={search_term_string}\"},\"query-input\":{\"@type\":\"PropertyValueSpecification\",\"valueRequired\":true,\"valueName\":\"search_term_string\"}}],\"inLanguage\":\"cs\"},{\"@type\":\"Organization\",\"@id\":\"https:\/\/evertonfc.cz\/#organization\",\"name\":\"Official Czech & Slovak Everton Supporters' Club\",\"url\":\"https:\/\/evertonfc.cz\/\",\"logo\":{\"@type\":\"ImageObject\",\"inLanguage\":\"cs\",\"@id\":\"https:\/\/evertonfc.cz\/#\/schema\/logo\/image\/\",\"url\":\"https:\/\/evertonfc.cz\/wp-content\/uploads\/2019\/05\/logo.png\",\"contentUrl\":\"https:\/\/evertonfc.cz\/wp-content\/uploads\/2019\/05\/logo.png\",\"width\":112,\"height\":112,\"caption\":\"Official Czech & Slovak Everton Supporters' Club\"},\"image\":{\"@id\":\"https:\/\/evertonfc.cz\/#\/schema\/logo\/image\/\"},\"sameAs\":[\"https:\/\/www.facebook.com\/everton.fans.cz.sk\"]},{\"@type\":\"Person\",\"@id\":\"https:\/\/evertonfc.cz\/#\/schema\/person\/f7a5daedb2ffee98480bc70e191aaef1\",\"name\":\"Ri\u010di\",\"sameAs\":[\"https:\/\/x.com\/rbrejsa\"],\"url\":\"https:\/\/evertonfc.cz\/index.php\/author\/rici\/\"}]}<\/script>\n<!-- \/ Yoast SEO plugin. -->","yoast_head_json":{"title":"Simms hostuje v Blackpoolu - Official Czech &amp; Slovak Everton Supporters&#039; Club","robots":{"index":"index","follow":"follow","max-snippet":"max-snippet:-1","max-image-preview":"max-image-preview:large","max-video-preview":"max-video-preview:-1"},"canonical":"https:\/\/evertonfc.cz\/index.php\/2021\/01\/20\/simms-hostuje-v-blackpoolu\/","og_locale":"cs_CZ","og_type":"article","og_title":"Simms hostuje v Blackpoolu - Official Czech &amp; Slovak Everton Supporters&#039; Club","og_description":"\u00dato\u010dn\u00edk Ellis Simms si ve dvaceti letech poprv\u00e9 vyzkou\u0161\u00ed dosp\u011bl\u00fd fotbal, na hostov\u00e1n\u00ed do konce sez\u00f3ny ho z\u00edskal Blackpool, moment\u00e1ln\u011b \u0161estn\u00e1ct\u00fd celek League One.","og_url":"https:\/\/evertonfc.cz\/index.php\/2021\/01\/20\/simms-hostuje-v-blackpoolu\/","og_site_name":"Official Czech &amp; Slovak Everton Supporters&#039; Club","article_publisher":"https:\/\/www.facebook.com\/everton.fans.cz.sk","article_published_time":"2021-01-20T11:42:15+00:00","article_modified_time":"2021-01-20T11:43:15+00:00","og_image":[{"width":720,"height":405,"url":"https:\/\/evertonfc.cz\/wp-content\/uploads\/2021\/01\/simms_20_1_2020.jpg","type":"image\/jpeg"}],"author":"Ri\u010di","twitter_card":"summary_large_image","twitter_creator":"@rbrejsa","twitter_misc":{"Napsal(a)":"Ri\u010di","Odhadovan\u00e1 doba \u010dten\u00ed":"1 minuta"},"schema":{"@context":"https:\/\/schema.org","@graph":[{"@type":"Article","@id":"https:\/\/evertonfc.cz\/index.php\/2021\/01\/20\/simms-hostuje-v-blackpoolu\/#article","isPartOf":{"@id":"https:\/\/evertonfc.cz\/index.php\/2021\/01\/20\/simms-hostuje-v-blackpoolu\/"},"author":{"name":"Ri\u010di","@id":"https:\/\/evertonfc.cz\/#\/schema\/person\/f7a5daedb2ffee98480bc70e191aaef1"},"headline":"Simms hostuje v Blackpoolu","datePublished":"2021-01-20T11:42:15+00:00","dateModified":"2021-01-20T11:43:15+00:00","mainEntityOfPage":{"@id":"https:\/\/evertonfc.cz\/index.php\/2021\/01\/20\/simms-hostuje-v-blackpoolu\/"},"wordCount":261,"commentCount":1,"publisher":{"@id":"https:\/\/evertonfc.cz\/#organization"},"image":{"@id":"https:\/\/evertonfc.cz\/index.php\/2021\/01\/20\/simms-hostuje-v-blackpoolu\/#primaryimage"},"thumbnailUrl":"https:\/\/evertonfc.cz\/wp-content\/uploads\/2021\/01\/simms_20_1_2020.jpg","articleSection":["P\u0159estupy"],"inLanguage":"cs","potentialAction":[{"@type":"CommentAction","name":"Comment","target":["https:\/\/evertonfc.cz\/index.php\/2021\/01\/20\/simms-hostuje-v-blackpoolu\/#respond"]}]},{"@type":"WebPage","@id":"https:\/\/evertonfc.cz\/index.php\/2021\/01\/20\/simms-hostuje-v-blackpoolu\/","url":"https:\/\/evertonfc.cz\/index.php\/2021\/01\/20\/simms-hostuje-v-blackpoolu\/","name":"Simms hostuje v Blackpoolu - Official Czech &amp; Slovak Everton Supporters&#039; Club","isPartOf":{"@id":"https:\/\/evertonfc.cz\/#website"},"primaryImageOfPage":{"@id":"https:\/\/evertonfc.cz\/index.php\/2021\/01\/20\/simms-hostuje-v-blackpoolu\/#primaryimage"},"image":{"@id":"https:\/\/evertonfc.cz\/index.php\/2021\/01\/20\/simms-hostuje-v-blackpoolu\/#primaryimage"},"thumbnailUrl":"https:\/\/evertonfc.cz\/wp-content\/uploads\/2021\/01\/simms_20_1_2020.jpg","datePublished":"2021-01-20T11:42:15+00:00","dateModified":"2021-01-20T11:43:15+00:00","breadcrumb":{"@id":"https:\/\/evertonfc.cz\/index.php\/2021\/01\/20\/simms-hostuje-v-blackpoolu\/#breadcrumb"},"inLanguage":"cs","potentialAction":[{"@type":"ReadAction","target":["https:\/\/evertonfc.cz\/index.php\/2021\/01\/20\/simms-hostuje-v-blackpoolu\/"]}]},{"@type":"ImageObject","inLanguage":"cs","@id":"https:\/\/evertonfc.cz\/index.php\/2021\/01\/20\/simms-hostuje-v-blackpoolu\/#primaryimage","url":"https:\/\/evertonfc.cz\/wp-content\/uploads\/2021\/01\/simms_20_1_2020.jpg","contentUrl":"https:\/\/evertonfc.cz\/wp-content\/uploads\/2021\/01\/simms_20_1_2020.jpg","width":720,"height":405},{"@type":"BreadcrumbList","@id":"https:\/\/evertonfc.cz\/index.php\/2021\/01\/20\/simms-hostuje-v-blackpoolu\/#breadcrumb","itemListElement":[{"@type":"ListItem","position":1,"name":"Home","item":"https:\/\/evertonfc.cz\/"},{"@type":"ListItem","position":2,"name":"Simms hostuje v Blackpoolu"}]},{"@type":"WebSite","@id":"https:\/\/evertonfc.cz\/#website","url":"https:\/\/evertonfc.cz\/","name":"Official Czech &amp; Slovak Everton Supporters&#039; Club","description":"","publisher":{"@id":"https:\/\/evertonfc.cz\/#organization"},"potentialAction":[{"@type":"SearchAction","target":{"@type":"EntryPoint","urlTemplate":"https:\/\/evertonfc.cz\/?s={search_term_string}"},"query-input":{"@type":"PropertyValueSpecification","valueRequired":true,"valueName":"search_term_string"}}],"inLanguage":"cs"},{"@type":"Organization","@id":"https:\/\/evertonfc.cz\/#organization","name":"Official Czech & Slovak Everton Supporters' Club","url":"https:\/\/evertonfc.cz\/","logo":{"@type":"ImageObject","inLanguage":"cs","@id":"https:\/\/evertonfc.cz\/#\/schema\/logo\/image\/","url":"https:\/\/evertonfc.cz\/wp-content\/uploads\/2019\/05\/logo.png","contentUrl":"https:\/\/evertonfc.cz\/wp-content\/uploads\/2019\/05\/logo.png","width":112,"height":112,"caption":"Official Czech & Slovak Everton Supporters' Club"},"image":{"@id":"https:\/\/evertonfc.cz\/#\/schema\/logo\/image\/"},"sameAs":["https:\/\/www.facebook.com\/everton.fans.cz.sk"]},{"@type":"Person","@id":"https:\/\/evertonfc.cz\/#\/schema\/person\/f7a5daedb2ffee98480bc70e191aaef1","name":"Ri\u010di","sameAs":["https:\/\/x.com\/rbrejsa"],"url":"https:\/\/evertonfc.cz\/index.php\/author\/rici\/"}]}},"_links":{"self":[{"href":"https:\/\/evertonfc.cz\/index.php\/wp-json\/wp\/v2\/posts\/13590"}],"collection":[{"href":"https:\/\/evertonfc.cz\/index.php\/wp-json\/wp\/v2\/posts"}],"about":[{"href":"https:\/\/evertonfc.cz\/index.php\/wp-json\/wp\/v2\/types\/post"}],"author":[{"embeddable":true,"href":"https:\/\/evertonfc.cz\/index.php\/wp-json\/wp\/v2\/users\/6"}],"replies":[{"embeddable":true,"href":"https:\/\/evertonfc.cz\/index.php\/wp-json\/wp\/v2\/comments?post=13590"}],"version-history":[{"count":2,"href":"https:\/\/evertonfc.cz\/index.php\/wp-json\/wp\/v2\/posts\/13590\/revisions"}],"predecessor-version":[{"id":13592,"href":"https:\/\/evertonfc.cz\/index.php\/wp-json\/wp\/v2\/posts\/13590\/revisions\/13592"}],"wp:featuredmedia":[{"embeddable":true,"href":"https:\/\/evertonfc.cz\/index.php\/wp-json\/wp\/v2\/media\/13589"}],"wp:attachment":[{"href":"https:\/\/evertonfc.cz\/index.php\/wp-json\/wp\/v2\/media?parent=13590"}],"wp:term":[{"taxonomy":"category","embeddable":true,"href":"https:\/\/evertonfc.cz\/index.php\/wp-json\/wp\/v2\/categories?post=13590"},{"taxonomy":"post_tag","embeddable":true,"href":"https:\/\/evertonfc.cz\/index.php\/wp-json\/wp\/v2\/tags?post=13590"}],"curies":[{"name":"wp","href":"https:\/\/api.w.org\/{rel}","templated":true}]}}