{"id":13608,"date":"2021-01-21T09:32:48","date_gmt":"2021-01-21T08:32:48","guid":{"rendered":"https:\/\/evertonfc.cz\/?p=13608"},"modified":"2021-01-21T10:44:18","modified_gmt":"2021-01-21T09:44:18","slug":"rekordny-odchod-damaris","status":"publish","type":"post","link":"https:\/\/evertonfc.cz\/index.php\/2021\/01\/21\/rekordny-odchod-damaris\/","title":{"rendered":"Rekordn\u00fd odchod Damaris"},"content":{"rendered":"<h4><span lang=\"SK\">Stredopoliarka Evertonu Damaris Egurrola zav\u0155\u0161ila svoj vysn\u00edvan\u00fd prestup do t\u00edmu eur\u00f3pskeho \u0161ampi\u00f3na z Franc\u00fazska &#8211; Olympique Lyon. Za \u0161es\u0165cifern\u00fa sumu.<\/span><\/h4>\n<p><span lang=\"SK\">\u0160panielska reprezentantka Egurrola sa pripojila ku k\u00e1dru Evertonu e\u0161te v septembri po vypr\u0161an\u00ed jej zmluvy s Athleticom Bilbao. Ako vo\u013en\u00e1 hr\u00e1\u010dka teda podp\u00edsala dvojro\u010dn\u00fd kontrakt. St\u00e1le len 21 ro\u010dn\u00e1 Damaris stihla odohra\u0165 v defenz\u00edvnej z\u00e1lohe The Toffees len desa\u0165 z\u00e1pasov, vr\u00e1tane fin\u00e1lovej prehry v FA Cupe s Manchesterom City.<\/span><\/p>\n<p><span lang=\"SK\">Franc\u00fazsky klub Lyon sa vytrvalo dr\u017e\u00ed na tr\u00f3ne eur\u00f3pskeho \u017eensk\u00e9ho futbalu a zv\u00ed\u0165azil v uplynul\u00fdch piatich ro\u010dn\u00edkoch Ligy majstrov. \u0160portov\u00fd a obchodn\u00fd riadite\u013e Evertonu pre \u017eeny Sarvar Ismailov pripustil, \u017ee klub nemohol uprie\u0165 Egurrole mo\u017enos\u0165 podp\u00edsa\u0165 pre popredn\u00fd t\u00edm kontinentu:<\/span><\/p>\n<blockquote><p><em><span lang=\"SK\">\u201eJe d\u00f4le\u017eit\u00e9, aby sme objasnili, \u017ee jedin\u00fd d\u00f4vod, pre\u010do nech\u00e1me Damaris \u00eds\u0165, je ten, \u017ee chceme, aby si splnila svoj sen. Museli sme sa na situ\u00e1ciu pozrie\u0165 z poh\u013eadu hr\u00e1\u010da: ke\u010f v\u00e1m Lyon zavol\u00e1, neodmietnete to. Povolenie k odchodu nebolo z na\u0161ej strany finan\u010dne motivovan\u00e9. Odmietli sme tri predch\u00e1dzaj\u00face ponuky z Lyonu, ale nakoniec som nemohol uprie\u0165 t\u00fato pr\u00edle\u017eitos\u0165 Damaris a jej rodine. Lyon na nej musel vidie\u0165 nie\u010do zvl\u00e1\u0161tne a mysl\u00edm si, \u017ee sa n\u00e1m podarilo dosiahnu\u0165 spr\u00e1vnu dohodu, aby sme vyrovnali stratu vynikaj\u00faceho hr\u00e1\u010da. V\u017edy jej hovor\u00edm, \u017ee je Rodri [stredopoliar Manchestru City] v \u017eenskej hre. Je to \u00fa\u017easn\u00fd pr\u00edbeh, \u00faprimne povedan\u00e9, pred \u0161iestimi mesiacmi bola bez klubu a teraz podpisuje zmluvu s Lyonom. Damaris prajeme v\u0161etko dobr\u00e9 do bud\u00facnosti.\u201c<\/span><\/em><\/p><\/blockquote>\n<blockquote class=\"twitter-tweet\" data-width=\"550\" data-dnt=\"true\">\n<p lang=\"fr\" dir=\"ltr\">L\u2019Olympique Lyonnais informe de l\u2019arriv\u00e9e de la milieu de terrain internationale espagnole, <a href=\"https:\/\/twitter.com\/damarisegu?ref_src=twsrc%5Etfw\">@damarisegu<\/a>, en provenance d\u2019Everton, pour une dur\u00e9e de 3 ans et demie soit jusqu\u2019au 30 juin 2024. ??<a href=\"https:\/\/twitter.com\/hashtag\/BienvenueDamaris?src=hash&amp;ref_src=twsrc%5Etfw\">#BienvenueDamaris<\/a> <\/p>\n<p>? <a href=\"https:\/\/t.co\/s2CTVJFuj4\">https:\/\/t.co\/s2CTVJFuj4<\/a> <a href=\"https:\/\/t.co\/u1JiL3NGqg\">pic.twitter.com\/u1JiL3NGqg<\/a><\/p>\n<p>&mdash; OL F\u00e9minin (@OLfeminin) <a href=\"https:\/\/twitter.com\/OLfeminin\/status\/1351929997024514051?ref_src=twsrc%5Etfw\">January 20, 2021<\/a><\/p><\/blockquote>\n<p><script async src=\"https:\/\/platform.twitter.com\/widgets.js\" charset=\"utf-8\"><\/script><\/p>\n<p><span lang=\"SK\">Pod\u013ea denn\u00edka Liverpool Echo musel Lyon aktivova\u0165 v\u00fdkupn\u00fa klauzulu vo v\u00fd\u0161ke \u00a3100 000, ktor\u00fa Egurrola s Evertonom podp\u00edsala v septembri. Jeden z najdrah\u0161\u00edch prestupov v \u017eenskom futbale. Chelsea \u00fadajne zaplatila svetov\u00fd rekord v \u017eenskej hre v septembri, ke\u010f za Pernille Harder poslala do Wolfsburgu 250 000 libier.<\/span><\/p>\n<p><span lang=\"SK\">O\u010dak\u00e1va sa, \u017ee mana\u017e\u00e9rovi Williemu Kirkovi bude umo\u017enen\u00e9 reinvestova\u0165 \u010das\u0165 t\u00fdchto finan\u010dn\u00fdch prostriedkov na posilnenie k\u00e1dra, pri\u010dom zranenia sp\u00f4sobuj\u00fa diery najm\u00e4 v strede obrany.<\/span><\/p>\n<p style=\"text-align: right;\"><span style=\"font-size: 8pt;\">(fotozdroj: ol.fr)<\/span><\/p>\n","protected":false},"excerpt":{"rendered":"<p>Stredopoliarka Evertonu Damaris Egurrola zav\u0155\u0161ila svoj vysn\u00edvan\u00fd prestup do t\u00edmu eur\u00f3pskeho \u0161ampi\u00f3na z Franc\u00fazska &#8211; Olympique Lyon. Za \u0161es\u0165cifern\u00fa sumu.<\/p>\n","protected":false},"author":1,"featured_media":13607,"comment_status":"open","ping_status":"closed","sticky":false,"template":"","format":"standard","meta":{"_eb_attr":"","_monsterinsights_skip_tracking":false,"_monsterinsights_sitenote_active":false,"_monsterinsights_sitenote_note":"","_monsterinsights_sitenote_category":0,"footnotes":""},"categories":[110],"tags":[],"yoast_head":"<!-- This site is optimized with the Yoast SEO plugin v23.4 - https:\/\/yoast.com\/wordpress\/plugins\/seo\/ -->\n<title>Rekordn\u00fd odchod Damaris - Official Czech &amp; Slovak Everton Supporters&#039; Club<\/title>\n<meta name=\"robots\" content=\"index, follow, max-snippet:-1, max-image-preview:large, max-video-preview:-1\" \/>\n<link rel=\"canonical\" href=\"https:\/\/evertonfc.cz\/index.php\/2021\/01\/21\/rekordny-odchod-damaris\/\" \/>\n<meta property=\"og:locale\" content=\"cs_CZ\" \/>\n<meta property=\"og:type\" content=\"article\" \/>\n<meta property=\"og:title\" content=\"Rekordn\u00fd odchod Damaris - Official Czech &amp; Slovak Everton Supporters&#039; Club\" \/>\n<meta property=\"og:description\" content=\"Stredopoliarka Evertonu Damaris Egurrola zav\u0155\u0161ila svoj vysn\u00edvan\u00fd prestup do t\u00edmu eur\u00f3pskeho \u0161ampi\u00f3na z Franc\u00fazska - Olympique Lyon. Za \u0161es\u0165cifern\u00fa sumu.\" \/>\n<meta property=\"og:url\" content=\"https:\/\/evertonfc.cz\/index.php\/2021\/01\/21\/rekordny-odchod-damaris\/\" \/>\n<meta property=\"og:site_name\" content=\"Official Czech &amp; Slovak Everton Supporters&#039; Club\" \/>\n<meta property=\"article:publisher\" content=\"https:\/\/www.facebook.com\/everton.fans.cz.sk\" \/>\n<meta property=\"article:published_time\" content=\"2021-01-21T08:32:48+00:00\" \/>\n<meta property=\"article:modified_time\" content=\"2021-01-21T09:44:18+00:00\" \/>\n<meta property=\"og:image\" content=\"https:\/\/evertonfc.cz\/wp-content\/uploads\/2021\/01\/damaris-egurrola-olympique-lyon-21-1-2021.jpg\" \/>\n\t<meta property=\"og:image:width\" content=\"720\" \/>\n\t<meta property=\"og:image:height\" content=\"405\" \/>\n\t<meta property=\"og:image:type\" content=\"image\/jpeg\" \/>\n<meta name=\"author\" content=\"BlueBlooded\" \/>\n<meta name=\"twitter:card\" content=\"summary_large_image\" \/>\n<meta name=\"twitter:label1\" content=\"Napsal(a)\" \/>\n\t<meta name=\"twitter:data1\" content=\"BlueBlooded\" \/>\n\t<meta name=\"twitter:label2\" content=\"Odhadovan\u00e1 doba \u010dten\u00ed\" \/>\n\t<meta name=\"twitter:data2\" content=\"2 minuty\" \/>\n<script type=\"application\/ld+json\" class=\"yoast-schema-graph\">{\"@context\":\"https:\/\/schema.org\",\"@graph\":[{\"@type\":\"Article\",\"@id\":\"https:\/\/evertonfc.cz\/index.php\/2021\/01\/21\/rekordny-odchod-damaris\/#article\",\"isPartOf\":{\"@id\":\"https:\/\/evertonfc.cz\/index.php\/2021\/01\/21\/rekordny-odchod-damaris\/\"},\"author\":{\"name\":\"BlueBlooded\",\"@id\":\"https:\/\/evertonfc.cz\/#\/schema\/person\/d4493b8cbea51532597fbc4685698916\"},\"headline\":\"Rekordn\u00fd odchod Damaris\",\"datePublished\":\"2021-01-21T08:32:48+00:00\",\"dateModified\":\"2021-01-21T09:44:18+00:00\",\"mainEntityOfPage\":{\"@id\":\"https:\/\/evertonfc.cz\/index.php\/2021\/01\/21\/rekordny-odchod-damaris\/\"},\"wordCount\":384,\"commentCount\":2,\"publisher\":{\"@id\":\"https:\/\/evertonfc.cz\/#organization\"},\"image\":{\"@id\":\"https:\/\/evertonfc.cz\/index.php\/2021\/01\/21\/rekordny-odchod-damaris\/#primaryimage\"},\"thumbnailUrl\":\"https:\/\/evertonfc.cz\/wp-content\/uploads\/2021\/01\/damaris-egurrola-olympique-lyon-21-1-2021.jpg\",\"articleSection\":[\"Everton Women\"],\"inLanguage\":\"cs\",\"potentialAction\":[{\"@type\":\"CommentAction\",\"name\":\"Comment\",\"target\":[\"https:\/\/evertonfc.cz\/index.php\/2021\/01\/21\/rekordny-odchod-damaris\/#respond\"]}]},{\"@type\":\"WebPage\",\"@id\":\"https:\/\/evertonfc.cz\/index.php\/2021\/01\/21\/rekordny-odchod-damaris\/\",\"url\":\"https:\/\/evertonfc.cz\/index.php\/2021\/01\/21\/rekordny-odchod-damaris\/\",\"name\":\"Rekordn\u00fd odchod Damaris - Official Czech &amp; Slovak Everton Supporters&#039; Club\",\"isPartOf\":{\"@id\":\"https:\/\/evertonfc.cz\/#website\"},\"primaryImageOfPage\":{\"@id\":\"https:\/\/evertonfc.cz\/index.php\/2021\/01\/21\/rekordny-odchod-damaris\/#primaryimage\"},\"image\":{\"@id\":\"https:\/\/evertonfc.cz\/index.php\/2021\/01\/21\/rekordny-odchod-damaris\/#primaryimage\"},\"thumbnailUrl\":\"https:\/\/evertonfc.cz\/wp-content\/uploads\/2021\/01\/damaris-egurrola-olympique-lyon-21-1-2021.jpg\",\"datePublished\":\"2021-01-21T08:32:48+00:00\",\"dateModified\":\"2021-01-21T09:44:18+00:00\",\"breadcrumb\":{\"@id\":\"https:\/\/evertonfc.cz\/index.php\/2021\/01\/21\/rekordny-odchod-damaris\/#breadcrumb\"},\"inLanguage\":\"cs\",\"potentialAction\":[{\"@type\":\"ReadAction\",\"target\":[\"https:\/\/evertonfc.cz\/index.php\/2021\/01\/21\/rekordny-odchod-damaris\/\"]}]},{\"@type\":\"ImageObject\",\"inLanguage\":\"cs\",\"@id\":\"https:\/\/evertonfc.cz\/index.php\/2021\/01\/21\/rekordny-odchod-damaris\/#primaryimage\",\"url\":\"https:\/\/evertonfc.cz\/wp-content\/uploads\/2021\/01\/damaris-egurrola-olympique-lyon-21-1-2021.jpg\",\"contentUrl\":\"https:\/\/evertonfc.cz\/wp-content\/uploads\/2021\/01\/damaris-egurrola-olympique-lyon-21-1-2021.jpg\",\"width\":720,\"height\":405},{\"@type\":\"BreadcrumbList\",\"@id\":\"https:\/\/evertonfc.cz\/index.php\/2021\/01\/21\/rekordny-odchod-damaris\/#breadcrumb\",\"itemListElement\":[{\"@type\":\"ListItem\",\"position\":1,\"name\":\"Home\",\"item\":\"https:\/\/evertonfc.cz\/\"},{\"@type\":\"ListItem\",\"position\":2,\"name\":\"Rekordn\u00fd odchod Damaris\"}]},{\"@type\":\"WebSite\",\"@id\":\"https:\/\/evertonfc.cz\/#website\",\"url\":\"https:\/\/evertonfc.cz\/\",\"name\":\"Official Czech &amp; Slovak Everton Supporters&#039; Club\",\"description\":\"\",\"publisher\":{\"@id\":\"https:\/\/evertonfc.cz\/#organization\"},\"potentialAction\":[{\"@type\":\"SearchAction\",\"target\":{\"@type\":\"EntryPoint\",\"urlTemplate\":\"https:\/\/evertonfc.cz\/?s={search_term_string}\"},\"query-input\":{\"@type\":\"PropertyValueSpecification\",\"valueRequired\":true,\"valueName\":\"search_term_string\"}}],\"inLanguage\":\"cs\"},{\"@type\":\"Organization\",\"@id\":\"https:\/\/evertonfc.cz\/#organization\",\"name\":\"Official Czech & Slovak Everton Supporters' Club\",\"url\":\"https:\/\/evertonfc.cz\/\",\"logo\":{\"@type\":\"ImageObject\",\"inLanguage\":\"cs\",\"@id\":\"https:\/\/evertonfc.cz\/#\/schema\/logo\/image\/\",\"url\":\"https:\/\/evertonfc.cz\/wp-content\/uploads\/2019\/05\/logo.png\",\"contentUrl\":\"https:\/\/evertonfc.cz\/wp-content\/uploads\/2019\/05\/logo.png\",\"width\":112,\"height\":112,\"caption\":\"Official Czech & Slovak Everton Supporters' Club\"},\"image\":{\"@id\":\"https:\/\/evertonfc.cz\/#\/schema\/logo\/image\/\"},\"sameAs\":[\"https:\/\/www.facebook.com\/everton.fans.cz.sk\"]},{\"@type\":\"Person\",\"@id\":\"https:\/\/evertonfc.cz\/#\/schema\/person\/d4493b8cbea51532597fbc4685698916\",\"name\":\"BlueBlooded\",\"url\":\"https:\/\/evertonfc.cz\/index.php\/author\/admin\/\"}]}<\/script>\n<!-- \/ Yoast SEO plugin. -->","yoast_head_json":{"title":"Rekordn\u00fd odchod Damaris - Official Czech &amp; Slovak Everton Supporters&#039; Club","robots":{"index":"index","follow":"follow","max-snippet":"max-snippet:-1","max-image-preview":"max-image-preview:large","max-video-preview":"max-video-preview:-1"},"canonical":"https:\/\/evertonfc.cz\/index.php\/2021\/01\/21\/rekordny-odchod-damaris\/","og_locale":"cs_CZ","og_type":"article","og_title":"Rekordn\u00fd odchod Damaris - Official Czech &amp; Slovak Everton Supporters&#039; Club","og_description":"Stredopoliarka Evertonu Damaris Egurrola zav\u0155\u0161ila svoj vysn\u00edvan\u00fd prestup do t\u00edmu eur\u00f3pskeho \u0161ampi\u00f3na z Franc\u00fazska - Olympique Lyon. Za \u0161es\u0165cifern\u00fa sumu.","og_url":"https:\/\/evertonfc.cz\/index.php\/2021\/01\/21\/rekordny-odchod-damaris\/","og_site_name":"Official Czech &amp; Slovak Everton Supporters&#039; Club","article_publisher":"https:\/\/www.facebook.com\/everton.fans.cz.sk","article_published_time":"2021-01-21T08:32:48+00:00","article_modified_time":"2021-01-21T09:44:18+00:00","og_image":[{"width":720,"height":405,"url":"https:\/\/evertonfc.cz\/wp-content\/uploads\/2021\/01\/damaris-egurrola-olympique-lyon-21-1-2021.jpg","type":"image\/jpeg"}],"author":"BlueBlooded","twitter_card":"summary_large_image","twitter_misc":{"Napsal(a)":"BlueBlooded","Odhadovan\u00e1 doba \u010dten\u00ed":"2 minuty"},"schema":{"@context":"https:\/\/schema.org","@graph":[{"@type":"Article","@id":"https:\/\/evertonfc.cz\/index.php\/2021\/01\/21\/rekordny-odchod-damaris\/#article","isPartOf":{"@id":"https:\/\/evertonfc.cz\/index.php\/2021\/01\/21\/rekordny-odchod-damaris\/"},"author":{"name":"BlueBlooded","@id":"https:\/\/evertonfc.cz\/#\/schema\/person\/d4493b8cbea51532597fbc4685698916"},"headline":"Rekordn\u00fd odchod Damaris","datePublished":"2021-01-21T08:32:48+00:00","dateModified":"2021-01-21T09:44:18+00:00","mainEntityOfPage":{"@id":"https:\/\/evertonfc.cz\/index.php\/2021\/01\/21\/rekordny-odchod-damaris\/"},"wordCount":384,"commentCount":2,"publisher":{"@id":"https:\/\/evertonfc.cz\/#organization"},"image":{"@id":"https:\/\/evertonfc.cz\/index.php\/2021\/01\/21\/rekordny-odchod-damaris\/#primaryimage"},"thumbnailUrl":"https:\/\/evertonfc.cz\/wp-content\/uploads\/2021\/01\/damaris-egurrola-olympique-lyon-21-1-2021.jpg","articleSection":["Everton Women"],"inLanguage":"cs","potentialAction":[{"@type":"CommentAction","name":"Comment","target":["https:\/\/evertonfc.cz\/index.php\/2021\/01\/21\/rekordny-odchod-damaris\/#respond"]}]},{"@type":"WebPage","@id":"https:\/\/evertonfc.cz\/index.php\/2021\/01\/21\/rekordny-odchod-damaris\/","url":"https:\/\/evertonfc.cz\/index.php\/2021\/01\/21\/rekordny-odchod-damaris\/","name":"Rekordn\u00fd odchod Damaris - Official Czech &amp; Slovak Everton Supporters&#039; Club","isPartOf":{"@id":"https:\/\/evertonfc.cz\/#website"},"primaryImageOfPage":{"@id":"https:\/\/evertonfc.cz\/index.php\/2021\/01\/21\/rekordny-odchod-damaris\/#primaryimage"},"image":{"@id":"https:\/\/evertonfc.cz\/index.php\/2021\/01\/21\/rekordny-odchod-damaris\/#primaryimage"},"thumbnailUrl":"https:\/\/evertonfc.cz\/wp-content\/uploads\/2021\/01\/damaris-egurrola-olympique-lyon-21-1-2021.jpg","datePublished":"2021-01-21T08:32:48+00:00","dateModified":"2021-01-21T09:44:18+00:00","breadcrumb":{"@id":"https:\/\/evertonfc.cz\/index.php\/2021\/01\/21\/rekordny-odchod-damaris\/#breadcrumb"},"inLanguage":"cs","potentialAction":[{"@type":"ReadAction","target":["https:\/\/evertonfc.cz\/index.php\/2021\/01\/21\/rekordny-odchod-damaris\/"]}]},{"@type":"ImageObject","inLanguage":"cs","@id":"https:\/\/evertonfc.cz\/index.php\/2021\/01\/21\/rekordny-odchod-damaris\/#primaryimage","url":"https:\/\/evertonfc.cz\/wp-content\/uploads\/2021\/01\/damaris-egurrola-olympique-lyon-21-1-2021.jpg","contentUrl":"https:\/\/evertonfc.cz\/wp-content\/uploads\/2021\/01\/damaris-egurrola-olympique-lyon-21-1-2021.jpg","width":720,"height":405},{"@type":"BreadcrumbList","@id":"https:\/\/evertonfc.cz\/index.php\/2021\/01\/21\/rekordny-odchod-damaris\/#breadcrumb","itemListElement":[{"@type":"ListItem","position":1,"name":"Home","item":"https:\/\/evertonfc.cz\/"},{"@type":"ListItem","position":2,"name":"Rekordn\u00fd odchod Damaris"}]},{"@type":"WebSite","@id":"https:\/\/evertonfc.cz\/#website","url":"https:\/\/evertonfc.cz\/","name":"Official Czech &amp; Slovak Everton Supporters&#039; Club","description":"","publisher":{"@id":"https:\/\/evertonfc.cz\/#organization"},"potentialAction":[{"@type":"SearchAction","target":{"@type":"EntryPoint","urlTemplate":"https:\/\/evertonfc.cz\/?s={search_term_string}"},"query-input":{"@type":"PropertyValueSpecification","valueRequired":true,"valueName":"search_term_string"}}],"inLanguage":"cs"},{"@type":"Organization","@id":"https:\/\/evertonfc.cz\/#organization","name":"Official Czech & Slovak Everton Supporters' Club","url":"https:\/\/evertonfc.cz\/","logo":{"@type":"ImageObject","inLanguage":"cs","@id":"https:\/\/evertonfc.cz\/#\/schema\/logo\/image\/","url":"https:\/\/evertonfc.cz\/wp-content\/uploads\/2019\/05\/logo.png","contentUrl":"https:\/\/evertonfc.cz\/wp-content\/uploads\/2019\/05\/logo.png","width":112,"height":112,"caption":"Official Czech & Slovak Everton Supporters' Club"},"image":{"@id":"https:\/\/evertonfc.cz\/#\/schema\/logo\/image\/"},"sameAs":["https:\/\/www.facebook.com\/everton.fans.cz.sk"]},{"@type":"Person","@id":"https:\/\/evertonfc.cz\/#\/schema\/person\/d4493b8cbea51532597fbc4685698916","name":"BlueBlooded","url":"https:\/\/evertonfc.cz\/index.php\/author\/admin\/"}]}},"_links":{"self":[{"href":"https:\/\/evertonfc.cz\/index.php\/wp-json\/wp\/v2\/posts\/13608"}],"collection":[{"href":"https:\/\/evertonfc.cz\/index.php\/wp-json\/wp\/v2\/posts"}],"about":[{"href":"https:\/\/evertonfc.cz\/index.php\/wp-json\/wp\/v2\/types\/post"}],"author":[{"embeddable":true,"href":"https:\/\/evertonfc.cz\/index.php\/wp-json\/wp\/v2\/users\/1"}],"replies":[{"embeddable":true,"href":"https:\/\/evertonfc.cz\/index.php\/wp-json\/wp\/v2\/comments?post=13608"}],"version-history":[{"count":6,"href":"https:\/\/evertonfc.cz\/index.php\/wp-json\/wp\/v2\/posts\/13608\/revisions"}],"predecessor-version":[{"id":13616,"href":"https:\/\/evertonfc.cz\/index.php\/wp-json\/wp\/v2\/posts\/13608\/revisions\/13616"}],"wp:featuredmedia":[{"embeddable":true,"href":"https:\/\/evertonfc.cz\/index.php\/wp-json\/wp\/v2\/media\/13607"}],"wp:attachment":[{"href":"https:\/\/evertonfc.cz\/index.php\/wp-json\/wp\/v2\/media?parent=13608"}],"wp:term":[{"taxonomy":"category","embeddable":true,"href":"https:\/\/evertonfc.cz\/index.php\/wp-json\/wp\/v2\/categories?post=13608"},{"taxonomy":"post_tag","embeddable":true,"href":"https:\/\/evertonfc.cz\/index.php\/wp-json\/wp\/v2\/tags?post=13608"}],"curies":[{"name":"wp","href":"https:\/\/api.w.org\/{rel}","templated":true}]}}