{"id":13635,"date":"2021-01-23T19:30:17","date_gmt":"2021-01-23T18:30:17","guid":{"rendered":"https:\/\/evertonfc.cz\/?p=13635"},"modified":"2021-01-23T22:12:49","modified_gmt":"2021-01-23T21:12:49","slug":"odide-bernard","status":"publish","type":"post","link":"https:\/\/evertonfc.cz\/index.php\/2021\/01\/23\/odide-bernard\/","title":{"rendered":"Od\u00edde Bernard?"},"content":{"rendered":"<h4>\u0160ikovn\u00fd Braz\u00edl\u010dan to od odchodu Marca Silvu nem\u00e1 \u013eahk\u00e9. Ancelotti mu ver\u00ed len nato\u013eko, aby sa do hry dost\u00e1val iba z lavi\u010dky. A pri jeho plate je to neakceptovate\u013en\u00fd luxus.<\/h4>\n<p>Dvadsa\u0165osemro\u010dn\u00fd ofenz\u00edvny z\u00e1lo\u017en\u00edk alebo kr\u00eddlo pri\u0161iel do Goodison Parku v\u00a0lete 2018 ako vo\u013en\u00fd hr\u00e1\u010d, a\u00a0zaradil sa pod portugalsk\u00fdm veden\u00edm medzi st\u00e1lice z\u00e1kladnej zostavy. A\u00a0niet sa \u010do divi\u0165. Jeho okam\u017eit\u00e1 kompatibilita a\u00a0spolupr\u00e1ca s\u00a0\u013eav\u00fdm bekom Dignem ihne\u010f sl\u00e1vila \u00faspech a\u00a0zamestn\u00e1vala s\u00faperov.<\/p>\n<p>\u00da\u017easn\u00fd prv\u00fd dotyk, skvel\u00fd do kombin\u00e1cie,\u00a0magnet na fauly, a\u00a0v\u00a0neposlednom rade pracovitos\u0165. T\u00fdm v\u0161etk\u00fdm si z\u00edskal priaze\u0148 dom\u00e1ceho publika. A\u00a0pr\u00e1ve pred n\u00edm, pred v\u00e1\u0161niv\u00fdm davom na trib\u00fanach Starej D\u00e1my prich\u00e1dzali jeho najjasnej\u0161ie momenty. Okrem jedin\u00e9ho g\u00f3lu na ihrisku Kladiv\u00e1rov, zvy\u0161n\u00fdch \u0161es\u0165 vo v\u0161etk\u00fdch s\u00fa\u0165a\u017eiach zaka\u017ed\u00fdm pred naplnen\u00fdm Goodison Parkom. Ancelotti si je toho vedom\u00fd.<\/p>\n<h4><strong>Len do dobr\u00e9ho po\u010dasia<\/strong><\/h4>\n<p><em>\u201eV\u0161etk\u00fdch hr\u00e1\u010dov pozn\u00e1m ve\u013emi dobre. Pozn\u00e1m ich kvality a tie\u017e ich nedostatky. V Goodison Parku je v\u00e4\u010d\u0161ia pravdepodobnos\u0165, \u017ee budeme ma\u0165 loptu pod kontrolou, a on je s loptou skuto\u010dne dobr\u00fd. Ke\u010f je hra vyrovnanej\u0161ia, je pre neho \u0165a\u017e\u0161ie preuk\u00e1za\u0165 svoju kvalitu. Ke\u010f m\u00e1me kontrolu nad z\u00e1pasom, je to pre neho jednoduch\u0161ie.<\/em> <em>Mo\u017eno z tohto d\u00f4vodu ho d\u00e1vam do t\u00edmu doma a nie vonku.\u201c<\/em><\/p>\n<p>Tak sa vyjadril e\u0161te v\u00a0marci Ancelotti<em>. <\/em>Ma\u0165 tak\u00e9ho hr\u00e1\u010da k dispoz\u00edcii je ur\u010dite u\u017eito\u010dn\u00e9. Ale sta\u010d\u00ed to? Bernard pod\u013ea viacer\u00fdch zdrojov zar\u00e1ba a\u017e 120 000 libier t\u00fd\u017edenne, \u010do ho rad\u00ed medzi najlep\u0161ie platen\u00fdch hr\u00e1\u010dov klubu. Ak v\u0161ak ale hr\u00e1va v priemere a\u017e v ka\u017edom tre\u0165om z\u00e1pase z d\u00f4vodu rozhodnutia mana\u017e\u00e9ra, tak\u00e9 vysok\u00e9 invest\u00edcie sa radia u\u017e do finan\u010dnej z\u00e1\u0165a\u017ee. A napokon, naskyt\u00e1 sa aj druh\u00e1 ot\u00e1zka, sta\u010d\u00ed tak\u00e1 vy\u0165a\u017eenos\u0165 samotn\u00e9mu hr\u00e1\u010dovi?<\/p>\n<h4><strong>Spokojn\u00fd so situ\u00e1ciou?<\/strong><\/h4>\n<p><em>\u201eAk si hr\u00e1\u010d \u017eel\u00e1 zosta\u0165 tu, nebudeme ho n\u00fati\u0165 k odchodu. Nateraz tu r\u00e1d zostane. Ve\u013ea nehral, ale nikdy nepri\u0161iel poveda\u0165, \u017ee chce od\u00eds\u0165 a my ho nechceme preda\u0165. Bodka. Tak\u00e1 je moment\u00e1lne situ\u00e1cia.\u201c<\/em><\/p>\n<p>M\u00e9di\u00e1 v\u0161ak okam\u017eite za\u010dali sp\u00e1ja\u0165 Bernarda s odchodom do Serie A, kde o\u0148ho ur\u010dite stoj\u00ed jeho niekdaj\u0161\u00ed mana\u017e\u00e9r z Ukrajiny, Fonseca. Ve\u013emi intenz\u00edvne sa spom\u00ednala najm\u00e4 v\u00fdmena medzi klubmi \u2013 Bernard za trval\u00fd prestup Olsena, brank\u00e1ra AS, ktor\u00fd v Evertone hos\u0165uje. Tak\u00e1to v\u00fdmena by v\u0161ak ur\u010dite musela zah\u0155\u0148a\u0165 aj doplatok zo strany R\u00edma. Tak\u00e9 jednania potvrdil aj hr\u00e1\u010dov agent Adriano Spadotto:<\/p>\n<p><em>\u201e\u00c1no, je to mo\u017en\u00e9. Hovoril som o tom u\u017e nieko\u013ekokr\u00e1t, ale iba s Paulom Fonsecom.\u201c<\/em><\/p>\n<p>Aktu\u00e1lne je v\u0161ak na obidvoch stran\u00e1ch ticho. V\u010dera na tla\u010dovej konferencii Carlo povedal, \u017ee \u017eiadny re\u00e1lny dopyt po hr\u00e1\u010dovi sa zatia\u013e nedostavil. A\u00a0hoci s\u00fa v\u00a0pl\u00e1ne rokovania o\u00a0dlh\u0161om zotrvan\u00ed Olsena na Merseyside, ur\u010dite nie s\u00fa tak urgentn\u00e9, aby sa rie\u0161ili pr\u00e1ve v\u00a0janu\u00e1ri, ale a\u017e o\u00a0p\u00e1r mesiacov.<\/p>\n<h4><strong>R\u00edm nie je jedin\u00e1 destin\u00e1cia<\/strong><\/h4>\n<p>Alan Myers, report\u00e9r Sky Sports tvrd\u00ed, \u017ee z\u00e1ujem prich\u00e1dza aj z bl\u00edzkeho v\u00fdchodu, kde Al Nasr vraj \u201ezva\u017euj\u00fa\u201c ponuku za Braz\u00edl\u010dana. A tento t\u00fd\u017ede\u0148 kr\u00e1tko na to d\u00f4veryhodn\u00fd denn\u00edk The Telegraph pri\u0161iel z inform\u00e1ciou, \u017ee ak m\u00e1 Bernard od\u00eds\u0165, Everton za\u0148ho chce minim\u00e1lne \u00a39 mili\u00f3nov. Na zmluve m\u00e1 e\u0161te rok a pol. Optimistick\u00fd Everton by si mohol p\u00fdta\u0165 o tri \u010di \u0161tyri mili\u00f3ny viac, ale nako\u013eko hr\u00e1\u010d pri\u0161iel zadarmo a vo svete vl\u00e1dne kr\u00edza koronav\u00edrusu, aj spom\u00ednan\u00e1 suma jednozna\u010dne zahreje.<\/p>\n<h4><strong>Zhodnotenie<\/strong><\/h4>\n<p>The Toffees sa ur\u010dite nehrn\u00fa do pred\u00e1vania hr\u00e1\u010dov, ktor\u00ed v\u00fdslovne nepatria do kateg\u00f3rie straten\u00fdch pr\u00edpadov ako Be\u0161i\u0107 a Bolasie. Tam pr\u00e1ve le\u017e\u00ed priorita tohto okna. Bernard st\u00e1le patr\u00ed medzi kvalitnej\u0161ie men\u00e1 na lavi\u010dke, ktor\u00e9 m\u00f4\u017eu t\u00edmu nie\u010do da\u0165. Klub je vo ve\u013emi dobrej poz\u00edcii v tabu\u013eke a \u00fa\u010das\u0165 v eur\u00f3pskych poh\u00e1roch sa zd\u00e1 ve\u013emi re\u00e1lna. Ak sa v\u0161ak objav\u00ed dobr\u00e1 ponuka na stole, ja osobne som si stopercentne ist\u00fd, \u017ee vedenie neodol\u00e1 a odchod povol\u00ed. To by mohlo rezultova\u0165 v dve pozit\u00edva.<\/p>\n<p>U\u0161etren\u00e9 peniaze + pravdepodobne viac hern\u00e9ho priestoru pre mlad\u00e9ho Gordona. A ke\u010f\u017ee jeho v\u00fdkony na ihrisku fan\u00fa\u0161ikov sk\u00f4r rozde\u013euj\u00fa ako sp\u00e1jaj\u00fa, a prevl\u00e1da n\u00e1zor, \u017ee sa Karamelky zaob\u00eddu aj bez neho, jedin\u00e9, \u010doho by sme sa mohli b\u00e1\u0165, je mal\u00e1 konkurencia na postoch a nedostato\u010dn\u00e1 h\u013abka k\u00e1dra. V nahustenom zvy\u0161ku sez\u00f3ny bude ma\u0165 Everton \u010do robi\u0165. \u010ci u\u017e s n\u00edm, alebo bez neho.<\/p>\n<p style=\"text-align: right;\"><span style=\"font-size: 8pt;\">(fotozdroj: Emma SImpson\/Everton FC)<\/span><\/p>\n","protected":false},"excerpt":{"rendered":"<p>\u0160ikovn\u00fd Braz\u00edl\u010dan to od odchodu Marca Silvu nem\u00e1 \u013eahk\u00e9. Ancelotti mu ver\u00ed len nato\u013eko, aby sa do hry dost\u00e1val iba z lavi\u010dky. A pri jeho plate je to neakceptovate\u013en\u00fd luxus.<\/p>\n","protected":false},"author":1,"featured_media":13636,"comment_status":"open","ping_status":"closed","sticky":false,"template":"","format":"standard","meta":{"_eb_attr":"","_monsterinsights_skip_tracking":false,"_monsterinsights_sitenote_active":false,"_monsterinsights_sitenote_note":"","_monsterinsights_sitenote_category":0,"footnotes":""},"categories":[39],"tags":[],"yoast_head":"<!-- This site is optimized with the Yoast SEO plugin v23.4 - https:\/\/yoast.com\/wordpress\/plugins\/seo\/ -->\n<title>Od\u00edde Bernard? - Official Czech &amp; Slovak Everton Supporters&#039; Club<\/title>\n<meta name=\"robots\" content=\"index, follow, max-snippet:-1, max-image-preview:large, max-video-preview:-1\" \/>\n<link rel=\"canonical\" href=\"https:\/\/evertonfc.cz\/index.php\/2021\/01\/23\/odide-bernard\/\" \/>\n<meta property=\"og:locale\" content=\"cs_CZ\" \/>\n<meta property=\"og:type\" content=\"article\" \/>\n<meta property=\"og:title\" content=\"Od\u00edde Bernard? - Official Czech &amp; Slovak Everton Supporters&#039; Club\" \/>\n<meta property=\"og:description\" content=\"\u0160ikovn\u00fd Braz\u00edl\u010dan to od odchodu Marca Silvu nem\u00e1 \u013eahk\u00e9. Ancelotti mu ver\u00ed len nato\u013eko, aby sa do hry dost\u00e1val iba z lavi\u010dky. A pri jeho plate je to neakceptovate\u013en\u00fd luxus.\" \/>\n<meta property=\"og:url\" content=\"https:\/\/evertonfc.cz\/index.php\/2021\/01\/23\/odide-bernard\/\" \/>\n<meta property=\"og:site_name\" content=\"Official Czech &amp; Slovak Everton Supporters&#039; Club\" \/>\n<meta property=\"article:publisher\" content=\"https:\/\/www.facebook.com\/everton.fans.cz.sk\" \/>\n<meta property=\"article:published_time\" content=\"2021-01-23T18:30:17+00:00\" \/>\n<meta property=\"article:modified_time\" content=\"2021-01-23T21:12:49+00:00\" \/>\n<meta property=\"og:image\" content=\"https:\/\/evertonfc.cz\/wp-content\/uploads\/2021\/01\/Bernard-by-Emma-SImpson-Everton-FC.jpg\" \/>\n\t<meta property=\"og:image:width\" content=\"720\" \/>\n\t<meta property=\"og:image:height\" content=\"405\" \/>\n\t<meta property=\"og:image:type\" content=\"image\/jpeg\" \/>\n<meta name=\"author\" content=\"BlueBlooded\" \/>\n<meta name=\"twitter:card\" content=\"summary_large_image\" \/>\n<meta name=\"twitter:label1\" content=\"Napsal(a)\" \/>\n\t<meta name=\"twitter:data1\" content=\"BlueBlooded\" \/>\n\t<meta name=\"twitter:label2\" content=\"Odhadovan\u00e1 doba \u010dten\u00ed\" \/>\n\t<meta name=\"twitter:data2\" content=\"3 minuty\" \/>\n<script type=\"application\/ld+json\" class=\"yoast-schema-graph\">{\"@context\":\"https:\/\/schema.org\",\"@graph\":[{\"@type\":\"Article\",\"@id\":\"https:\/\/evertonfc.cz\/index.php\/2021\/01\/23\/odide-bernard\/#article\",\"isPartOf\":{\"@id\":\"https:\/\/evertonfc.cz\/index.php\/2021\/01\/23\/odide-bernard\/\"},\"author\":{\"name\":\"BlueBlooded\",\"@id\":\"https:\/\/evertonfc.cz\/#\/schema\/person\/d4493b8cbea51532597fbc4685698916\"},\"headline\":\"Od\u00edde Bernard?\",\"datePublished\":\"2021-01-23T18:30:17+00:00\",\"dateModified\":\"2021-01-23T21:12:49+00:00\",\"mainEntityOfPage\":{\"@id\":\"https:\/\/evertonfc.cz\/index.php\/2021\/01\/23\/odide-bernard\/\"},\"wordCount\":887,\"commentCount\":18,\"publisher\":{\"@id\":\"https:\/\/evertonfc.cz\/#organization\"},\"image\":{\"@id\":\"https:\/\/evertonfc.cz\/index.php\/2021\/01\/23\/odide-bernard\/#primaryimage\"},\"thumbnailUrl\":\"https:\/\/evertonfc.cz\/wp-content\/uploads\/2021\/01\/Bernard-by-Emma-SImpson-Everton-FC.jpg\",\"articleSection\":[\"Blog\"],\"inLanguage\":\"cs\",\"potentialAction\":[{\"@type\":\"CommentAction\",\"name\":\"Comment\",\"target\":[\"https:\/\/evertonfc.cz\/index.php\/2021\/01\/23\/odide-bernard\/#respond\"]}]},{\"@type\":\"WebPage\",\"@id\":\"https:\/\/evertonfc.cz\/index.php\/2021\/01\/23\/odide-bernard\/\",\"url\":\"https:\/\/evertonfc.cz\/index.php\/2021\/01\/23\/odide-bernard\/\",\"name\":\"Od\u00edde Bernard? - Official Czech &amp; Slovak Everton Supporters&#039; Club\",\"isPartOf\":{\"@id\":\"https:\/\/evertonfc.cz\/#website\"},\"primaryImageOfPage\":{\"@id\":\"https:\/\/evertonfc.cz\/index.php\/2021\/01\/23\/odide-bernard\/#primaryimage\"},\"image\":{\"@id\":\"https:\/\/evertonfc.cz\/index.php\/2021\/01\/23\/odide-bernard\/#primaryimage\"},\"thumbnailUrl\":\"https:\/\/evertonfc.cz\/wp-content\/uploads\/2021\/01\/Bernard-by-Emma-SImpson-Everton-FC.jpg\",\"datePublished\":\"2021-01-23T18:30:17+00:00\",\"dateModified\":\"2021-01-23T21:12:49+00:00\",\"breadcrumb\":{\"@id\":\"https:\/\/evertonfc.cz\/index.php\/2021\/01\/23\/odide-bernard\/#breadcrumb\"},\"inLanguage\":\"cs\",\"potentialAction\":[{\"@type\":\"ReadAction\",\"target\":[\"https:\/\/evertonfc.cz\/index.php\/2021\/01\/23\/odide-bernard\/\"]}]},{\"@type\":\"ImageObject\",\"inLanguage\":\"cs\",\"@id\":\"https:\/\/evertonfc.cz\/index.php\/2021\/01\/23\/odide-bernard\/#primaryimage\",\"url\":\"https:\/\/evertonfc.cz\/wp-content\/uploads\/2021\/01\/Bernard-by-Emma-SImpson-Everton-FC.jpg\",\"contentUrl\":\"https:\/\/evertonfc.cz\/wp-content\/uploads\/2021\/01\/Bernard-by-Emma-SImpson-Everton-FC.jpg\",\"width\":720,\"height\":405},{\"@type\":\"BreadcrumbList\",\"@id\":\"https:\/\/evertonfc.cz\/index.php\/2021\/01\/23\/odide-bernard\/#breadcrumb\",\"itemListElement\":[{\"@type\":\"ListItem\",\"position\":1,\"name\":\"Home\",\"item\":\"https:\/\/evertonfc.cz\/\"},{\"@type\":\"ListItem\",\"position\":2,\"name\":\"Od\u00edde Bernard?\"}]},{\"@type\":\"WebSite\",\"@id\":\"https:\/\/evertonfc.cz\/#website\",\"url\":\"https:\/\/evertonfc.cz\/\",\"name\":\"Official Czech &amp; Slovak Everton Supporters&#039; Club\",\"description\":\"\",\"publisher\":{\"@id\":\"https:\/\/evertonfc.cz\/#organization\"},\"potentialAction\":[{\"@type\":\"SearchAction\",\"target\":{\"@type\":\"EntryPoint\",\"urlTemplate\":\"https:\/\/evertonfc.cz\/?s={search_term_string}\"},\"query-input\":{\"@type\":\"PropertyValueSpecification\",\"valueRequired\":true,\"valueName\":\"search_term_string\"}}],\"inLanguage\":\"cs\"},{\"@type\":\"Organization\",\"@id\":\"https:\/\/evertonfc.cz\/#organization\",\"name\":\"Official Czech & Slovak Everton Supporters' Club\",\"url\":\"https:\/\/evertonfc.cz\/\",\"logo\":{\"@type\":\"ImageObject\",\"inLanguage\":\"cs\",\"@id\":\"https:\/\/evertonfc.cz\/#\/schema\/logo\/image\/\",\"url\":\"https:\/\/evertonfc.cz\/wp-content\/uploads\/2019\/05\/logo.png\",\"contentUrl\":\"https:\/\/evertonfc.cz\/wp-content\/uploads\/2019\/05\/logo.png\",\"width\":112,\"height\":112,\"caption\":\"Official Czech & Slovak Everton Supporters' Club\"},\"image\":{\"@id\":\"https:\/\/evertonfc.cz\/#\/schema\/logo\/image\/\"},\"sameAs\":[\"https:\/\/www.facebook.com\/everton.fans.cz.sk\"]},{\"@type\":\"Person\",\"@id\":\"https:\/\/evertonfc.cz\/#\/schema\/person\/d4493b8cbea51532597fbc4685698916\",\"name\":\"BlueBlooded\",\"url\":\"https:\/\/evertonfc.cz\/index.php\/author\/admin\/\"}]}<\/script>\n<!-- \/ Yoast SEO plugin. -->","yoast_head_json":{"title":"Od\u00edde Bernard? - Official Czech &amp; Slovak Everton Supporters&#039; Club","robots":{"index":"index","follow":"follow","max-snippet":"max-snippet:-1","max-image-preview":"max-image-preview:large","max-video-preview":"max-video-preview:-1"},"canonical":"https:\/\/evertonfc.cz\/index.php\/2021\/01\/23\/odide-bernard\/","og_locale":"cs_CZ","og_type":"article","og_title":"Od\u00edde Bernard? - Official Czech &amp; Slovak Everton Supporters&#039; Club","og_description":"\u0160ikovn\u00fd Braz\u00edl\u010dan to od odchodu Marca Silvu nem\u00e1 \u013eahk\u00e9. Ancelotti mu ver\u00ed len nato\u013eko, aby sa do hry dost\u00e1val iba z lavi\u010dky. A pri jeho plate je to neakceptovate\u013en\u00fd luxus.","og_url":"https:\/\/evertonfc.cz\/index.php\/2021\/01\/23\/odide-bernard\/","og_site_name":"Official Czech &amp; Slovak Everton Supporters&#039; Club","article_publisher":"https:\/\/www.facebook.com\/everton.fans.cz.sk","article_published_time":"2021-01-23T18:30:17+00:00","article_modified_time":"2021-01-23T21:12:49+00:00","og_image":[{"width":720,"height":405,"url":"https:\/\/evertonfc.cz\/wp-content\/uploads\/2021\/01\/Bernard-by-Emma-SImpson-Everton-FC.jpg","type":"image\/jpeg"}],"author":"BlueBlooded","twitter_card":"summary_large_image","twitter_misc":{"Napsal(a)":"BlueBlooded","Odhadovan\u00e1 doba \u010dten\u00ed":"3 minuty"},"schema":{"@context":"https:\/\/schema.org","@graph":[{"@type":"Article","@id":"https:\/\/evertonfc.cz\/index.php\/2021\/01\/23\/odide-bernard\/#article","isPartOf":{"@id":"https:\/\/evertonfc.cz\/index.php\/2021\/01\/23\/odide-bernard\/"},"author":{"name":"BlueBlooded","@id":"https:\/\/evertonfc.cz\/#\/schema\/person\/d4493b8cbea51532597fbc4685698916"},"headline":"Od\u00edde Bernard?","datePublished":"2021-01-23T18:30:17+00:00","dateModified":"2021-01-23T21:12:49+00:00","mainEntityOfPage":{"@id":"https:\/\/evertonfc.cz\/index.php\/2021\/01\/23\/odide-bernard\/"},"wordCount":887,"commentCount":18,"publisher":{"@id":"https:\/\/evertonfc.cz\/#organization"},"image":{"@id":"https:\/\/evertonfc.cz\/index.php\/2021\/01\/23\/odide-bernard\/#primaryimage"},"thumbnailUrl":"https:\/\/evertonfc.cz\/wp-content\/uploads\/2021\/01\/Bernard-by-Emma-SImpson-Everton-FC.jpg","articleSection":["Blog"],"inLanguage":"cs","potentialAction":[{"@type":"CommentAction","name":"Comment","target":["https:\/\/evertonfc.cz\/index.php\/2021\/01\/23\/odide-bernard\/#respond"]}]},{"@type":"WebPage","@id":"https:\/\/evertonfc.cz\/index.php\/2021\/01\/23\/odide-bernard\/","url":"https:\/\/evertonfc.cz\/index.php\/2021\/01\/23\/odide-bernard\/","name":"Od\u00edde Bernard? - Official Czech &amp; Slovak Everton Supporters&#039; Club","isPartOf":{"@id":"https:\/\/evertonfc.cz\/#website"},"primaryImageOfPage":{"@id":"https:\/\/evertonfc.cz\/index.php\/2021\/01\/23\/odide-bernard\/#primaryimage"},"image":{"@id":"https:\/\/evertonfc.cz\/index.php\/2021\/01\/23\/odide-bernard\/#primaryimage"},"thumbnailUrl":"https:\/\/evertonfc.cz\/wp-content\/uploads\/2021\/01\/Bernard-by-Emma-SImpson-Everton-FC.jpg","datePublished":"2021-01-23T18:30:17+00:00","dateModified":"2021-01-23T21:12:49+00:00","breadcrumb":{"@id":"https:\/\/evertonfc.cz\/index.php\/2021\/01\/23\/odide-bernard\/#breadcrumb"},"inLanguage":"cs","potentialAction":[{"@type":"ReadAction","target":["https:\/\/evertonfc.cz\/index.php\/2021\/01\/23\/odide-bernard\/"]}]},{"@type":"ImageObject","inLanguage":"cs","@id":"https:\/\/evertonfc.cz\/index.php\/2021\/01\/23\/odide-bernard\/#primaryimage","url":"https:\/\/evertonfc.cz\/wp-content\/uploads\/2021\/01\/Bernard-by-Emma-SImpson-Everton-FC.jpg","contentUrl":"https:\/\/evertonfc.cz\/wp-content\/uploads\/2021\/01\/Bernard-by-Emma-SImpson-Everton-FC.jpg","width":720,"height":405},{"@type":"BreadcrumbList","@id":"https:\/\/evertonfc.cz\/index.php\/2021\/01\/23\/odide-bernard\/#breadcrumb","itemListElement":[{"@type":"ListItem","position":1,"name":"Home","item":"https:\/\/evertonfc.cz\/"},{"@type":"ListItem","position":2,"name":"Od\u00edde Bernard?"}]},{"@type":"WebSite","@id":"https:\/\/evertonfc.cz\/#website","url":"https:\/\/evertonfc.cz\/","name":"Official Czech &amp; Slovak Everton Supporters&#039; Club","description":"","publisher":{"@id":"https:\/\/evertonfc.cz\/#organization"},"potentialAction":[{"@type":"SearchAction","target":{"@type":"EntryPoint","urlTemplate":"https:\/\/evertonfc.cz\/?s={search_term_string}"},"query-input":{"@type":"PropertyValueSpecification","valueRequired":true,"valueName":"search_term_string"}}],"inLanguage":"cs"},{"@type":"Organization","@id":"https:\/\/evertonfc.cz\/#organization","name":"Official Czech & Slovak Everton Supporters' Club","url":"https:\/\/evertonfc.cz\/","logo":{"@type":"ImageObject","inLanguage":"cs","@id":"https:\/\/evertonfc.cz\/#\/schema\/logo\/image\/","url":"https:\/\/evertonfc.cz\/wp-content\/uploads\/2019\/05\/logo.png","contentUrl":"https:\/\/evertonfc.cz\/wp-content\/uploads\/2019\/05\/logo.png","width":112,"height":112,"caption":"Official Czech & Slovak Everton Supporters' Club"},"image":{"@id":"https:\/\/evertonfc.cz\/#\/schema\/logo\/image\/"},"sameAs":["https:\/\/www.facebook.com\/everton.fans.cz.sk"]},{"@type":"Person","@id":"https:\/\/evertonfc.cz\/#\/schema\/person\/d4493b8cbea51532597fbc4685698916","name":"BlueBlooded","url":"https:\/\/evertonfc.cz\/index.php\/author\/admin\/"}]}},"_links":{"self":[{"href":"https:\/\/evertonfc.cz\/index.php\/wp-json\/wp\/v2\/posts\/13635"}],"collection":[{"href":"https:\/\/evertonfc.cz\/index.php\/wp-json\/wp\/v2\/posts"}],"about":[{"href":"https:\/\/evertonfc.cz\/index.php\/wp-json\/wp\/v2\/types\/post"}],"author":[{"embeddable":true,"href":"https:\/\/evertonfc.cz\/index.php\/wp-json\/wp\/v2\/users\/1"}],"replies":[{"embeddable":true,"href":"https:\/\/evertonfc.cz\/index.php\/wp-json\/wp\/v2\/comments?post=13635"}],"version-history":[{"count":8,"href":"https:\/\/evertonfc.cz\/index.php\/wp-json\/wp\/v2\/posts\/13635\/revisions"}],"predecessor-version":[{"id":13645,"href":"https:\/\/evertonfc.cz\/index.php\/wp-json\/wp\/v2\/posts\/13635\/revisions\/13645"}],"wp:featuredmedia":[{"embeddable":true,"href":"https:\/\/evertonfc.cz\/index.php\/wp-json\/wp\/v2\/media\/13636"}],"wp:attachment":[{"href":"https:\/\/evertonfc.cz\/index.php\/wp-json\/wp\/v2\/media?parent=13635"}],"wp:term":[{"taxonomy":"category","embeddable":true,"href":"https:\/\/evertonfc.cz\/index.php\/wp-json\/wp\/v2\/categories?post=13635"},{"taxonomy":"post_tag","embeddable":true,"href":"https:\/\/evertonfc.cz\/index.php\/wp-json\/wp\/v2\/tags?post=13635"}],"curies":[{"name":"wp","href":"https:\/\/api.w.org\/{rel}","templated":true}]}}