{"id":13656,"date":"2021-01-26T16:33:55","date_gmt":"2021-01-26T15:33:55","guid":{"rendered":"https:\/\/evertonfc.cz\/?p=13656"},"modified":"2021-11-01T08:59:36","modified_gmt":"2021-11-01T07:59:36","slug":"preview-everton-leicester-city-7","status":"publish","type":"post","link":"https:\/\/evertonfc.cz\/index.php\/2021\/01\/26\/preview-everton-leicester-city-7\/","title":{"rendered":"Preview: Everton &#8211; Leicester City"},"content":{"rendered":"<h4>Dvac\u00e1t\u00e9 kolo Premier League nab\u00edz\u00ed velice zaj\u00edmav\u00fd souboj t\u00fdm\u016f usiluj\u00edc\u00edch o postaven\u00ed v Top \u010dty\u0159ce. Bitva mezi dom\u00e1c\u00edm Evertonem a Leicesterem m\u016f\u017ee dost napov\u011bd\u011bt o ambic\u00edch obou t\u00fdm\u016f na kone\u010dn\u00e9 um\u00edst\u011bn\u00ed.<\/h4>\n<p>Ve st\u0159edu ve\u010der se v Goodison Parku m\u016f\u017ee uk\u00e1zat, jak je na tom skute\u010dn\u011b sou\u010dasn\u00fd t\u00fdm Evertonu. V posledn\u00edch t\u0159ech z\u00e1pasech sice sv\u011b\u0159enci Carla Ancelottiho poka\u017ed\u00e9 vyhr\u00e1li, ale Sheffield Wednesday, Wolves, ani Rotherham bezpochyby nedosahuj\u00ed kvalit sou\u010dasn\u00e9ho Leicesteru. Oba t\u00fdmy v t\u00e9to sez\u00f3n\u011b dokazuj\u00ed, \u017ee mohou b\u00fdt hrozbou pro prvn\u00ed \u010dty\u0159ku, proto m\u00e1 st\u0159ede\u010dn\u00ed utk\u00e1n\u00ed bezpochyby potenci\u00e1l zaujmout \u0161irokou fotbalovou ve\u0159ejnost. Karamelky maj\u00ed nav\u00edc \u0161anci v p\u0159\u00edpad\u011b v\u00edt\u011bzstv\u00ed p\u0159edb\u011bhnout m\u011bstsk\u00e9ho rivala a alespo\u0148 do\u010dasn\u011b sesadit LFC z m\u00edst zaru\u010duj\u00edc\u00edch Ligu mistr\u016f. Co v\u00edc si p\u0159\u00e1t?<\/p>\n<h4>Posledn\u00ed vz\u00e1jemn\u00e9 z\u00e1pasy<\/h4>\n<table class=\"matches\" style=\"width: 100%;\" cellspacing=\"0\" cellpadding=\"0\">\n<tbody>\n<tr>\n<td class=\"date\" style=\"width: 17.3333%;\">18.12.2019<\/td>\n<td class=\"comp\" style=\"width: 22.9333%;\">League Cup<\/td>\n<td class=\"stage\" style=\"width: 13.8667%;\">\u010cF<\/td>\n<td class=\"teams\" style=\"width: 37.2%;\">\n<div class=\"fl\">Everton FC &#8211;\u00a0<b>Leicester City<\/b><\/div>\n<\/td>\n<td class=\"res nbr\" style=\"width: 8.53333%;\"><span title=\"v z\u00e1kladn\u00ed hrac\u00ed dob\u011b 2:2, po prodlou\u017een\u00ed 2:2, penalty 2:4\">2:3p<\/span><\/td>\n<\/tr>\n<tr>\n<td class=\"date\" style=\"width: 17.3333%;\">01.07.2020<\/td>\n<td class=\"comp\" style=\"width: 22.9333%;\">Premier League<\/td>\n<td class=\"stage\" style=\"width: 13.8667%;\">\u00a032. kolo<\/td>\n<td class=\"teams\" style=\"width: 37.2%;\">\n<div class=\"fl\"><b>Everton FC<\/b>\u00a0&#8211; Leicester City<\/div>\n<\/td>\n<td class=\"res nbr\" style=\"width: 8.53333%;\">2:1<\/td>\n<\/tr>\n<tr class=\"last\">\n<td class=\"date\" style=\"width: 17.3333%;\">16.12.2020<\/td>\n<td class=\"comp\" style=\"width: 22.9333%;\">Premier League<\/td>\n<td class=\"stage\" style=\"width: 13.8667%;\">\u00a013. kolo<\/td>\n<td class=\"teams\" style=\"width: 37.2%;\">\n<div class=\"fl\">Leicester City &#8211;\u00a0<b>Everton FC<\/b><\/div>\n<\/td>\n<td class=\"res nbr\" style=\"width: 8.53333%;\">0:2<\/td>\n<\/tr>\n<\/tbody>\n<\/table>\n<h4>Kdo hraje a kdo ne<\/h4>\n<p>Na stran\u011b dom\u00e1c\u00edch ur\u010dit\u011b budou absentovat zran\u011bn\u00ed Allan, Delph, Gbamin a Nkounkou, na h\u0159i\u0161t\u011b se nepod\u00edv\u00e1 ani vykartovan\u00fd Doucoure. Oproti ned\u011bln\u00edmu poh\u00e1rov\u00e9mu z\u00e1pasu budou k dispozici Digne a Alex Iwobi. Jako n\u00e1hrada za Doucoureho se nab\u00edz\u00ed Tom Davies, Ancelotti ov\u0161em zm\u00ednil i mo\u017enost, \u017ee se ve st\u0159edu h\u0159i\u0161t\u011b objev\u00ed Mason Holgate. Zp\u011bt ve h\u0159e je Calvert-Lewin navr\u00e1tiv\u0161\u00ed se ve velk\u00e9m stylu, snad mu st\u0159eleck\u00e1 forma vydr\u017e\u00ed&#8230;<\/p>\n<p>Hostuj\u00edc\u00ed mana\u017eer Brendan Rodgers nebude moc vyu\u017e\u00edt zran\u011bn\u00e9 duo Wes Morgan, Dennis Praet, po operaci k\u00fdly je tak\u00e9 kl\u00ed\u010dov\u00fd \u00fato\u010dn\u00edk Leicesteru Jamie Vardy. Ur\u010dit\u011b dobr\u00e1 zpr\u00e1va pro obranu Toffees, nicm\u00e9n\u011b o st\u0159\u00edlen\u00ed g\u00f3l\u016f se nyn\u00ed \u00fasp\u011b\u0161n\u011b star\u00e1 hlavn\u011b dvojice James Maddison, Harvey Barnes.<\/p>\n<h4>Co na to Carlo?<\/h4>\n<p><em>&#8222;Leicester is one of the Top teams in Premier League. We have a good memories of the last game we played against them, because I think it was our best game we played this season. For this reason we have confidence.&#8220;<\/em><\/p>\n<h4>P\u00e1r zaj\u00edmavost\u00ed<\/h4>\n<ul>\n<li>Evertonu se proti Li\u0161k\u00e1m doma g\u00f3lov\u011b da\u0159\u00ed &#8211; v 10 z posledn\u00edch 12 dom\u00e1c\u00edch utk\u00e1n\u00ed sk\u00f3roval nejm\u00e9n\u011b dvakr\u00e1t (ve v\u0161ech sout\u011b\u017e\u00edch)<\/li>\n<li>Leicesteru tak\u00e9 rozhodn\u011b nechyb\u00ed st\u0159eleck\u00e1 forma &#8211; sk\u00f3roval minim\u00e1ln\u011b dvakr\u00e1t v 5 z posledn\u00edch 6 z\u00e1pas\u016f Premier League<\/li>\n<li>oba t\u00fdmy maj\u00ed v PL dobrou formu &#8211; host\u00e9 vyhr\u00e1li posledn\u00ed 3 z\u00e1pasy, dom\u00e1c\u00ed 5 z posledn\u00edch 6 utk\u00e1n\u00ed<\/li>\n<li>Toffees prohr\u00e1li pouze 2 z posledn\u00edch 14 dom\u00e1c\u00edch z\u00e1pas\u016f proti Leicesteru (5 v\u00edt\u011bzstv\u00ed, 7 rem\u00edz)<\/li>\n<li>Foxes se ale venku da\u0159\u00ed &#8211; na h\u0159i\u0161t\u00edch sv\u00fdch soupe\u0159\u016f v Premier League vyhr\u00e1li 7 z 9 z\u00e1pas\u016f, v\u00edcekr\u00e1t(11) se jim to poda\u0159ilo pouze v legend\u00e1rn\u00ed mistrovsk\u00e9 sezon\u011b 2015\/16<\/li>\n<\/ul>\n<p><strong>Co: <\/strong>Everton FC &#8211; Leicester City FC, 20.kolo Premier League<br \/>\n<strong>Kdy: <\/strong>st\u0159eda 27.ledna 2021 ve 21:15<br \/>\n<strong>Kde: <\/strong>Goodison Park, Liverpool L4 4EL<br \/>\n<strong>TV: <\/strong>Nikde nic (WTF?)<br \/>\n<strong>Rozhod\u010d\u00ed: <\/strong>Mike Dean<strong> Asistenti: <\/strong>Darren Cann, Mark Scholes<br \/>\n<strong>VAR:<\/strong> Simon Hooper. <strong>Asistent VAR<\/strong>: Stephen Child<\/p>\n","protected":false},"excerpt":{"rendered":"<p>Dvac\u00e1t\u00e9 kolo Premier League nab\u00edz\u00ed velice zaj\u00edmav\u00fd souboj t\u00fdm\u016f usiluj\u00edc\u00edch o postaven\u00ed v Top \u010dty\u0159ce. Bitva mezi dom\u00e1c\u00edm Evertonem a Leicesterem m\u016f\u017ee dost napov\u011bd\u011bt o ambic\u00edch obou t\u00fdm\u016f na kone\u010dn\u00e9 um\u00edst\u011bn\u00ed.<\/p>\n","protected":false},"author":562,"featured_media":13721,"comment_status":"open","ping_status":"closed","sticky":false,"template":"","format":"standard","meta":{"_eb_attr":"","_monsterinsights_skip_tracking":false,"_monsterinsights_sitenote_active":false,"_monsterinsights_sitenote_note":"","_monsterinsights_sitenote_category":0,"footnotes":""},"categories":[4],"tags":[],"yoast_head":"<!-- This site is optimized with the Yoast SEO plugin v23.4 - https:\/\/yoast.com\/wordpress\/plugins\/seo\/ -->\n<title>Preview: Everton - Leicester City - Official Czech &amp; Slovak Everton Supporters&#039; Club<\/title>\n<meta name=\"robots\" content=\"index, follow, max-snippet:-1, max-image-preview:large, max-video-preview:-1\" \/>\n<link rel=\"canonical\" href=\"https:\/\/evertonfc.cz\/index.php\/2021\/01\/26\/preview-everton-leicester-city-7\/\" \/>\n<meta property=\"og:locale\" content=\"cs_CZ\" \/>\n<meta property=\"og:type\" content=\"article\" \/>\n<meta property=\"og:title\" content=\"Preview: Everton - Leicester City - Official Czech &amp; Slovak Everton Supporters&#039; Club\" \/>\n<meta property=\"og:description\" content=\"Dvac\u00e1t\u00e9 kolo Premier League nab\u00edz\u00ed velice zaj\u00edmav\u00fd souboj t\u00fdm\u016f usiluj\u00edc\u00edch o postaven\u00ed v Top \u010dty\u0159ce. Bitva mezi dom\u00e1c\u00edm Evertonem a Leicesterem m\u016f\u017ee dost napov\u011bd\u011bt o ambic\u00edch obou t\u00fdm\u016f na kone\u010dn\u00e9 um\u00edst\u011bn\u00ed.\" \/>\n<meta property=\"og:url\" content=\"https:\/\/evertonfc.cz\/index.php\/2021\/01\/26\/preview-everton-leicester-city-7\/\" \/>\n<meta property=\"og:site_name\" content=\"Official Czech &amp; Slovak Everton Supporters&#039; Club\" \/>\n<meta property=\"article:publisher\" content=\"https:\/\/www.facebook.com\/everton.fans.cz.sk\" \/>\n<meta property=\"article:published_time\" content=\"2021-01-26T15:33:55+00:00\" \/>\n<meta property=\"article:modified_time\" content=\"2021-11-01T07:59:36+00:00\" \/>\n<meta property=\"og:image\" content=\"https:\/\/evertonfc.cz\/wp-content\/uploads\/2021\/01\/Everton-VS-Leicester-City-NIGHT.jpg\" \/>\n\t<meta property=\"og:image:width\" content=\"720\" \/>\n\t<meta property=\"og:image:height\" content=\"405\" \/>\n\t<meta property=\"og:image:type\" content=\"image\/jpeg\" \/>\n<meta name=\"author\" content=\"Petr\" \/>\n<meta name=\"twitter:card\" content=\"summary_large_image\" \/>\n<meta name=\"twitter:label1\" content=\"Napsal(a)\" \/>\n\t<meta name=\"twitter:data1\" content=\"Petr\" \/>\n\t<meta name=\"twitter:label2\" content=\"Odhadovan\u00e1 doba \u010dten\u00ed\" \/>\n\t<meta name=\"twitter:data2\" content=\"2 minuty\" \/>\n<script type=\"application\/ld+json\" class=\"yoast-schema-graph\">{\"@context\":\"https:\/\/schema.org\",\"@graph\":[{\"@type\":\"Article\",\"@id\":\"https:\/\/evertonfc.cz\/index.php\/2021\/01\/26\/preview-everton-leicester-city-7\/#article\",\"isPartOf\":{\"@id\":\"https:\/\/evertonfc.cz\/index.php\/2021\/01\/26\/preview-everton-leicester-city-7\/\"},\"author\":{\"name\":\"Petr\",\"@id\":\"https:\/\/evertonfc.cz\/#\/schema\/person\/5b54d20cd919070efc6fd6f92621fc50\"},\"headline\":\"Preview: Everton &#8211; Leicester City\",\"datePublished\":\"2021-01-26T15:33:55+00:00\",\"dateModified\":\"2021-11-01T07:59:36+00:00\",\"mainEntityOfPage\":{\"@id\":\"https:\/\/evertonfc.cz\/index.php\/2021\/01\/26\/preview-everton-leicester-city-7\/\"},\"wordCount\":580,\"commentCount\":18,\"publisher\":{\"@id\":\"https:\/\/evertonfc.cz\/#organization\"},\"image\":{\"@id\":\"https:\/\/evertonfc.cz\/index.php\/2021\/01\/26\/preview-everton-leicester-city-7\/#primaryimage\"},\"thumbnailUrl\":\"https:\/\/evertonfc.cz\/wp-content\/uploads\/2021\/01\/Everton-VS-Leicester-City-NIGHT.jpg\",\"articleSection\":[\"Z\u00e1pasy\"],\"inLanguage\":\"cs\",\"potentialAction\":[{\"@type\":\"CommentAction\",\"name\":\"Comment\",\"target\":[\"https:\/\/evertonfc.cz\/index.php\/2021\/01\/26\/preview-everton-leicester-city-7\/#respond\"]}]},{\"@type\":\"WebPage\",\"@id\":\"https:\/\/evertonfc.cz\/index.php\/2021\/01\/26\/preview-everton-leicester-city-7\/\",\"url\":\"https:\/\/evertonfc.cz\/index.php\/2021\/01\/26\/preview-everton-leicester-city-7\/\",\"name\":\"Preview: Everton - Leicester City - Official Czech &amp; Slovak Everton Supporters&#039; Club\",\"isPartOf\":{\"@id\":\"https:\/\/evertonfc.cz\/#website\"},\"primaryImageOfPage\":{\"@id\":\"https:\/\/evertonfc.cz\/index.php\/2021\/01\/26\/preview-everton-leicester-city-7\/#primaryimage\"},\"image\":{\"@id\":\"https:\/\/evertonfc.cz\/index.php\/2021\/01\/26\/preview-everton-leicester-city-7\/#primaryimage\"},\"thumbnailUrl\":\"https:\/\/evertonfc.cz\/wp-content\/uploads\/2021\/01\/Everton-VS-Leicester-City-NIGHT.jpg\",\"datePublished\":\"2021-01-26T15:33:55+00:00\",\"dateModified\":\"2021-11-01T07:59:36+00:00\",\"breadcrumb\":{\"@id\":\"https:\/\/evertonfc.cz\/index.php\/2021\/01\/26\/preview-everton-leicester-city-7\/#breadcrumb\"},\"inLanguage\":\"cs\",\"potentialAction\":[{\"@type\":\"ReadAction\",\"target\":[\"https:\/\/evertonfc.cz\/index.php\/2021\/01\/26\/preview-everton-leicester-city-7\/\"]}]},{\"@type\":\"ImageObject\",\"inLanguage\":\"cs\",\"@id\":\"https:\/\/evertonfc.cz\/index.php\/2021\/01\/26\/preview-everton-leicester-city-7\/#primaryimage\",\"url\":\"https:\/\/evertonfc.cz\/wp-content\/uploads\/2021\/01\/Everton-VS-Leicester-City-NIGHT.jpg\",\"contentUrl\":\"https:\/\/evertonfc.cz\/wp-content\/uploads\/2021\/01\/Everton-VS-Leicester-City-NIGHT.jpg\",\"width\":720,\"height\":405},{\"@type\":\"BreadcrumbList\",\"@id\":\"https:\/\/evertonfc.cz\/index.php\/2021\/01\/26\/preview-everton-leicester-city-7\/#breadcrumb\",\"itemListElement\":[{\"@type\":\"ListItem\",\"position\":1,\"name\":\"Home\",\"item\":\"https:\/\/evertonfc.cz\/\"},{\"@type\":\"ListItem\",\"position\":2,\"name\":\"Preview: Everton &#8211; Leicester City\"}]},{\"@type\":\"WebSite\",\"@id\":\"https:\/\/evertonfc.cz\/#website\",\"url\":\"https:\/\/evertonfc.cz\/\",\"name\":\"Official Czech &amp; Slovak Everton Supporters&#039; Club\",\"description\":\"\",\"publisher\":{\"@id\":\"https:\/\/evertonfc.cz\/#organization\"},\"potentialAction\":[{\"@type\":\"SearchAction\",\"target\":{\"@type\":\"EntryPoint\",\"urlTemplate\":\"https:\/\/evertonfc.cz\/?s={search_term_string}\"},\"query-input\":{\"@type\":\"PropertyValueSpecification\",\"valueRequired\":true,\"valueName\":\"search_term_string\"}}],\"inLanguage\":\"cs\"},{\"@type\":\"Organization\",\"@id\":\"https:\/\/evertonfc.cz\/#organization\",\"name\":\"Official Czech & Slovak Everton Supporters' Club\",\"url\":\"https:\/\/evertonfc.cz\/\",\"logo\":{\"@type\":\"ImageObject\",\"inLanguage\":\"cs\",\"@id\":\"https:\/\/evertonfc.cz\/#\/schema\/logo\/image\/\",\"url\":\"https:\/\/evertonfc.cz\/wp-content\/uploads\/2019\/05\/logo.png\",\"contentUrl\":\"https:\/\/evertonfc.cz\/wp-content\/uploads\/2019\/05\/logo.png\",\"width\":112,\"height\":112,\"caption\":\"Official Czech & Slovak Everton Supporters' Club\"},\"image\":{\"@id\":\"https:\/\/evertonfc.cz\/#\/schema\/logo\/image\/\"},\"sameAs\":[\"https:\/\/www.facebook.com\/everton.fans.cz.sk\"]},{\"@type\":\"Person\",\"@id\":\"https:\/\/evertonfc.cz\/#\/schema\/person\/5b54d20cd919070efc6fd6f92621fc50\",\"name\":\"Petr\",\"url\":\"https:\/\/evertonfc.cz\/index.php\/author\/petr\/\"}]}<\/script>\n<!-- \/ Yoast SEO plugin. -->","yoast_head_json":{"title":"Preview: Everton - Leicester City - Official Czech &amp; Slovak Everton Supporters&#039; Club","robots":{"index":"index","follow":"follow","max-snippet":"max-snippet:-1","max-image-preview":"max-image-preview:large","max-video-preview":"max-video-preview:-1"},"canonical":"https:\/\/evertonfc.cz\/index.php\/2021\/01\/26\/preview-everton-leicester-city-7\/","og_locale":"cs_CZ","og_type":"article","og_title":"Preview: Everton - Leicester City - Official Czech &amp; Slovak Everton Supporters&#039; Club","og_description":"Dvac\u00e1t\u00e9 kolo Premier League nab\u00edz\u00ed velice zaj\u00edmav\u00fd souboj t\u00fdm\u016f usiluj\u00edc\u00edch o postaven\u00ed v Top \u010dty\u0159ce. Bitva mezi dom\u00e1c\u00edm Evertonem a Leicesterem m\u016f\u017ee dost napov\u011bd\u011bt o ambic\u00edch obou t\u00fdm\u016f na kone\u010dn\u00e9 um\u00edst\u011bn\u00ed.","og_url":"https:\/\/evertonfc.cz\/index.php\/2021\/01\/26\/preview-everton-leicester-city-7\/","og_site_name":"Official Czech &amp; Slovak Everton Supporters&#039; Club","article_publisher":"https:\/\/www.facebook.com\/everton.fans.cz.sk","article_published_time":"2021-01-26T15:33:55+00:00","article_modified_time":"2021-11-01T07:59:36+00:00","og_image":[{"width":720,"height":405,"url":"https:\/\/evertonfc.cz\/wp-content\/uploads\/2021\/01\/Everton-VS-Leicester-City-NIGHT.jpg","type":"image\/jpeg"}],"author":"Petr","twitter_card":"summary_large_image","twitter_misc":{"Napsal(a)":"Petr","Odhadovan\u00e1 doba \u010dten\u00ed":"2 minuty"},"schema":{"@context":"https:\/\/schema.org","@graph":[{"@type":"Article","@id":"https:\/\/evertonfc.cz\/index.php\/2021\/01\/26\/preview-everton-leicester-city-7\/#article","isPartOf":{"@id":"https:\/\/evertonfc.cz\/index.php\/2021\/01\/26\/preview-everton-leicester-city-7\/"},"author":{"name":"Petr","@id":"https:\/\/evertonfc.cz\/#\/schema\/person\/5b54d20cd919070efc6fd6f92621fc50"},"headline":"Preview: Everton &#8211; Leicester City","datePublished":"2021-01-26T15:33:55+00:00","dateModified":"2021-11-01T07:59:36+00:00","mainEntityOfPage":{"@id":"https:\/\/evertonfc.cz\/index.php\/2021\/01\/26\/preview-everton-leicester-city-7\/"},"wordCount":580,"commentCount":18,"publisher":{"@id":"https:\/\/evertonfc.cz\/#organization"},"image":{"@id":"https:\/\/evertonfc.cz\/index.php\/2021\/01\/26\/preview-everton-leicester-city-7\/#primaryimage"},"thumbnailUrl":"https:\/\/evertonfc.cz\/wp-content\/uploads\/2021\/01\/Everton-VS-Leicester-City-NIGHT.jpg","articleSection":["Z\u00e1pasy"],"inLanguage":"cs","potentialAction":[{"@type":"CommentAction","name":"Comment","target":["https:\/\/evertonfc.cz\/index.php\/2021\/01\/26\/preview-everton-leicester-city-7\/#respond"]}]},{"@type":"WebPage","@id":"https:\/\/evertonfc.cz\/index.php\/2021\/01\/26\/preview-everton-leicester-city-7\/","url":"https:\/\/evertonfc.cz\/index.php\/2021\/01\/26\/preview-everton-leicester-city-7\/","name":"Preview: Everton - Leicester City - Official Czech &amp; Slovak Everton Supporters&#039; Club","isPartOf":{"@id":"https:\/\/evertonfc.cz\/#website"},"primaryImageOfPage":{"@id":"https:\/\/evertonfc.cz\/index.php\/2021\/01\/26\/preview-everton-leicester-city-7\/#primaryimage"},"image":{"@id":"https:\/\/evertonfc.cz\/index.php\/2021\/01\/26\/preview-everton-leicester-city-7\/#primaryimage"},"thumbnailUrl":"https:\/\/evertonfc.cz\/wp-content\/uploads\/2021\/01\/Everton-VS-Leicester-City-NIGHT.jpg","datePublished":"2021-01-26T15:33:55+00:00","dateModified":"2021-11-01T07:59:36+00:00","breadcrumb":{"@id":"https:\/\/evertonfc.cz\/index.php\/2021\/01\/26\/preview-everton-leicester-city-7\/#breadcrumb"},"inLanguage":"cs","potentialAction":[{"@type":"ReadAction","target":["https:\/\/evertonfc.cz\/index.php\/2021\/01\/26\/preview-everton-leicester-city-7\/"]}]},{"@type":"ImageObject","inLanguage":"cs","@id":"https:\/\/evertonfc.cz\/index.php\/2021\/01\/26\/preview-everton-leicester-city-7\/#primaryimage","url":"https:\/\/evertonfc.cz\/wp-content\/uploads\/2021\/01\/Everton-VS-Leicester-City-NIGHT.jpg","contentUrl":"https:\/\/evertonfc.cz\/wp-content\/uploads\/2021\/01\/Everton-VS-Leicester-City-NIGHT.jpg","width":720,"height":405},{"@type":"BreadcrumbList","@id":"https:\/\/evertonfc.cz\/index.php\/2021\/01\/26\/preview-everton-leicester-city-7\/#breadcrumb","itemListElement":[{"@type":"ListItem","position":1,"name":"Home","item":"https:\/\/evertonfc.cz\/"},{"@type":"ListItem","position":2,"name":"Preview: Everton &#8211; Leicester City"}]},{"@type":"WebSite","@id":"https:\/\/evertonfc.cz\/#website","url":"https:\/\/evertonfc.cz\/","name":"Official Czech &amp; Slovak Everton Supporters&#039; Club","description":"","publisher":{"@id":"https:\/\/evertonfc.cz\/#organization"},"potentialAction":[{"@type":"SearchAction","target":{"@type":"EntryPoint","urlTemplate":"https:\/\/evertonfc.cz\/?s={search_term_string}"},"query-input":{"@type":"PropertyValueSpecification","valueRequired":true,"valueName":"search_term_string"}}],"inLanguage":"cs"},{"@type":"Organization","@id":"https:\/\/evertonfc.cz\/#organization","name":"Official Czech & Slovak Everton Supporters' Club","url":"https:\/\/evertonfc.cz\/","logo":{"@type":"ImageObject","inLanguage":"cs","@id":"https:\/\/evertonfc.cz\/#\/schema\/logo\/image\/","url":"https:\/\/evertonfc.cz\/wp-content\/uploads\/2019\/05\/logo.png","contentUrl":"https:\/\/evertonfc.cz\/wp-content\/uploads\/2019\/05\/logo.png","width":112,"height":112,"caption":"Official Czech & Slovak Everton Supporters' Club"},"image":{"@id":"https:\/\/evertonfc.cz\/#\/schema\/logo\/image\/"},"sameAs":["https:\/\/www.facebook.com\/everton.fans.cz.sk"]},{"@type":"Person","@id":"https:\/\/evertonfc.cz\/#\/schema\/person\/5b54d20cd919070efc6fd6f92621fc50","name":"Petr","url":"https:\/\/evertonfc.cz\/index.php\/author\/petr\/"}]}},"_links":{"self":[{"href":"https:\/\/evertonfc.cz\/index.php\/wp-json\/wp\/v2\/posts\/13656"}],"collection":[{"href":"https:\/\/evertonfc.cz\/index.php\/wp-json\/wp\/v2\/posts"}],"about":[{"href":"https:\/\/evertonfc.cz\/index.php\/wp-json\/wp\/v2\/types\/post"}],"author":[{"embeddable":true,"href":"https:\/\/evertonfc.cz\/index.php\/wp-json\/wp\/v2\/users\/562"}],"replies":[{"embeddable":true,"href":"https:\/\/evertonfc.cz\/index.php\/wp-json\/wp\/v2\/comments?post=13656"}],"version-history":[{"count":14,"href":"https:\/\/evertonfc.cz\/index.php\/wp-json\/wp\/v2\/posts\/13656\/revisions"}],"predecessor-version":[{"id":16855,"href":"https:\/\/evertonfc.cz\/index.php\/wp-json\/wp\/v2\/posts\/13656\/revisions\/16855"}],"wp:featuredmedia":[{"embeddable":true,"href":"https:\/\/evertonfc.cz\/index.php\/wp-json\/wp\/v2\/media\/13721"}],"wp:attachment":[{"href":"https:\/\/evertonfc.cz\/index.php\/wp-json\/wp\/v2\/media?parent=13656"}],"wp:term":[{"taxonomy":"category","embeddable":true,"href":"https:\/\/evertonfc.cz\/index.php\/wp-json\/wp\/v2\/categories?post=13656"},{"taxonomy":"post_tag","embeddable":true,"href":"https:\/\/evertonfc.cz\/index.php\/wp-json\/wp\/v2\/tags?post=13656"}],"curies":[{"name":"wp","href":"https:\/\/api.w.org\/{rel}","templated":true}]}}