{"id":1366,"date":"2018-10-25T19:44:21","date_gmt":"2018-10-25T17:44:21","guid":{"rendered":"http:\/\/evertonfc.cz\/?p=1366"},"modified":"2021-02-24T14:47:36","modified_gmt":"2021-02-24T13:47:36","slug":"uzivam-si-to","status":"publish","type":"post","link":"https:\/\/evertonfc.cz\/index.php\/2018\/10\/25\/uzivam-si-to\/","title":{"rendered":"\u201eU\u017e\u00edvam si to\u201c"},"content":{"rendered":"<h4>David Prentice, \u0161\u00e9fredaktor \u0161portov\u00e9ho oddelenia Liverpool Echo, si minul\u00fd t\u00fd\u017ede\u0148 na\u0161iel \u010das na exkluz\u00edvne vyspovedanie st\u00e1le nov\u00e9ho mana\u017e\u00e9ra Toffees. Na\u0161a redakcia v\u00e1m prin\u00e1\u0161a slovensk\u00fa verziu.<\/h4>\n<p><em>\u201e\u017de \u010di si to u\u017e\u00edvam? Samozrejme. Verte mi, som naozaj \u0161\u0165astn\u00fd.\u201c<\/em><\/p>\n<p>Aby sme doplnili my\u0161lienku nadpisu, Marco tento rozhovor poskytol e\u0161te pred v\u00edkendov\u00fdm z\u00e1pasom, v ktorom mu\u017estvo na Starej D\u00e1me zaknihovalo tretie ligov\u00e9 v\u00ed\u0165azstvo v rade, tak\u017ee tieto em\u00f3cie sa v \u0148om ur\u010dite neprejavia. \u010co je dobre. Preto\u017ee u\u017e beztak toho je jasn\u00e9, \u017ee nov\u00fd zamestnanec si so svojou \u00falohou n\u00e1ramne sadol.<\/p>\n<p><em>\u201eV\u00e4\u010d\u0161inou sa k situ\u00e1cii prisp\u00f4sob\u00edm r\u00fdchlo a \u013eahko kdeko\u013evek som. Ale tu som naozaj \u0161\u0165astn\u00fd. Viem, \u010do chcem, viem, \u010do klub chce. Av\u0161ak, \u010di vyhr\u00e1me 3:0 alebo dostaneme v\u00fdprask, ner\u00e1d str\u00e1cam koncentr\u00e1ciu. Lebo medzi nimi nie je v\u017edy \u013eahk\u00e9 n\u00e1js\u0165 ve\u013ek\u00e9 rozdiely. Je to m\u00f4j sp\u00f4sob pr\u00e1ce a hr\u00e1\u010di to vedia. Na Finch Farm sa k nim spr\u00e1vam trochu inak. Ob\u010das ma t\u00fdm p\u00e1dom m\u00f4\u017eu spozna\u0165 aj trochu viac. Nie je to s nimi v\u017edy \u013eahk\u00e9, ale v\u00e1\u017ene sa z tejto pr\u00e1ce te\u0161\u00edm.\u201c<\/em><\/p>\n<p>Ako je vidie\u0165, aj Portugal\u010dan je len \u010dlovek. Iba\u017ee so spr\u00e1vnymi z\u00e1sadami, obdivuhodnou cie\u013eavedomos\u0165ou a v\u00e1\u017enym pr\u00edstupom k veciam. A presne tieto cnosti sa sna\u017e\u00ed aplikova\u0165 v Evertone na dosiahnutie \u017eiadan\u00e9ho.<\/p>\n<p><em>\u201eAby sme dosiahli nie\u010do d\u00f4le\u017eit\u00e9, mus\u00edme tvori\u0165 a budova\u0165 n\u00e1\u0161 klub. Pre m\u0148a je to fantastick\u00e1 v\u00fdzva. A nielen pre m\u0148a. Pre m\u00f4j realiza\u010dn\u00fd t\u00edm a tie\u017e pre n\u00e1s ako klub. Chceme urobi\u0165 \u00faplne in\u00fd krok dopredu, ne\u017e tomu bolo doteraz. To, \u010do chceme, m\u00e1 fungova\u0165 dnes, ale aj v bud\u00facnosti. Rozm\u00fd\u0161\u013eame vo ve\u013ekom, no \u010din\u00edme krok po kroku.\u201c<\/em><\/p>\n<p>Aj toto prestupov\u00e9 obdobie siahol klub celkom hlboko do vrecka a neb\u00e1l sa podpori\u0165 nov\u00fa \u00e9ru, u\u017e druh\u00fa v porad\u00ed a v kr\u00e1tkom \u010dasovom slede. \u0164a\u017eko poveda\u0165, ktor\u00e9 leto boli Evertonians viac nad\u0161en\u00ed. Predo\u0161l\u00e9, alebo to aktu\u00e1lne? D\u00fafam, \u017ee odpoved\u00ed, ale \u00faprimn\u00fdch, sa dozvieme od na\u0161ich \u010ditate\u013eov pod \u010dl\u00e1nkom v koment\u00e1roch.<\/p>\n<p><em>\u201eS\u00fahlas\u00edm so slovom hazard, ale ja sa tak na prestupov\u00fd trh nepozer\u00e1m. Zhodli sme sa s Marcelom, s radou, s na\u0161imi vlastn\u00edkmi a predsedom, \u017ee ak m\u00e1me niekoho podp\u00edsa\u0165, tak to mus\u00ed by\u0165 niekto, kto n\u00e1s pom\u00f4\u017ee zlep\u0161i\u0165. A na poz\u00edcii, kde to je skuto\u010dne treba. Nem\u00f4\u017eeme si len tak k\u00fapi\u0165 jeden\u00e1s\u0165 hr\u00e1\u010dov. To nie je n\u00e1\u0161 sp\u00f4sob a mne by to ani ned\u00e1valo zmysel sem pr\u00eds\u0165 a sk\u00fa\u0161a\u0165 zmeni\u0165 v\u0161etko za jeden, dva mesiace.&#8220;<\/em><\/p>\n<p><em>\u201eJednoducho mus\u00edme \u00eds\u0165 postupne. Analyzoval som na\u0161e mu\u017estvo a vedel som, kto bude n\u00e1\u0161 cie\u013e a pre ak\u00fa poz\u00edciu. Bol som priamy. Ke\u010f to rob\u00edte, u\u017e m\u00e1te v hlave my\u0161lienku. A ja som ju mal tie\u017e, ke\u010f som si takto splnil svoju povinnos\u0165, dom\u00e1cu \u00falohu. Len\u017ee to sa v\u0161etko zmen\u00ed akon\u00e1hle za\u010dnete s t\u00fdmi hr\u00e1\u010dmi pracova\u0165 a v\u00edda\u0165 ich v tr\u00e9ningu, ako proti sebe s\u00fa\u0165a\u017eia. Vid\u00edte ako reaguj\u00fa, ke\u010f sa im dar\u00ed, \u010di naopak nedar\u00ed. Viete ich spozna\u0165 lep\u0161ie z tr\u00e9ningu, z\u00e1pasov, alebo len z toho, \u017ee ste jednoducho ich mana\u017e\u00e9r.\u201c<\/em><\/p>\n<p>Rozhodne mus\u00edme uzna\u0165, \u017ee \u017eiadny z doteraj\u0161\u00edch Silvov\u00fdch podpisov nebol prepad\u00e1k. Gomes si tento v\u00edkend odbil celkom podaren\u00fd debut a Yerry si po skvelom \u0161ampion\u00e1te br\u00fasi zuby a kv\u00f4li zraneniu zatia\u013e len \u010dak\u00e1 na zav\u00e1hanie kolegov v obrane.<\/p>\n<p><em>\u201eOd prv\u00e9ho d\u0148a \u010do som sem pri\u0161iel, Lucas Digne bola moja prv\u00e1 vo\u013eba na t\u00fa poz\u00edciu. O Richarlisonovi ani nemus\u00edm hovori\u0165, k\u00fapil som ho v mojom predch\u00e1dzaj\u00facom klube. A to \u017ee sa mi to podarilo znova je \u00faspech, hoci sme za\u0148ho utratili ve\u013ek\u00e9 peniaze. Kourta Zoumu pozn\u00e1m ve\u013emi dobre. Je to hr\u00e1\u010d, s ktor\u00fdm sme po\u010d\u00edtali ako s mo\u017en\u00fdm rie\u0161en\u00edm na hos\u0165ovanie. Bernarda netreba predstavova\u0165, samozrejme. Na neho som pri tvoren\u00ed t\u00edmu myslel tie\u017e. Jeho tr\u00e9nera pozn\u00e1m, je Portugal\u010dan. Podobne ako Andre Gomes.&#8220;<\/em><\/p>\n<p><em>\u201eU neho to bolo len ot\u00e1zkou fyzickej kond\u00edcie. Je to dobr\u00fd charakter a som si ist\u00fd, \u017ee pom\u00f4\u017ee mu\u017estvu tak, ako potrebujeme. Pravda\u017ee, sme spokojn\u00ed s na\u0161ou z\u00e1lohou, ale on n\u00e1m poskytne e\u0161te viac mo\u017enost\u00ed. Mina? S n\u00edm uvid\u00edme, ako sa prisp\u00f4sob\u00ed odli\u0161n\u00e9mu druhu futbalu. Ale bude hra\u0165, a\u017e ke\u010f na to bude pripraven\u00fd. A to je predsa to, \u010do chceme. Podp\u00edsali sme sedem hr\u00e1\u010dov a mo\u017eno jeden, dvaja potrebuj\u00fa viac \u010dasu na adapt\u00e1ciu, ale ostatn\u00ed uk\u00e1zali, \u010do sme od nich o\u010dak\u00e1vali. A m\u00f4\u017eete mi veri\u0165, my o\u010dak\u00e1vame len dobr\u00e9 veci. Zatia\u013e sme s nimi spokojn\u00ed, ale ver\u00edm, \u017ee Lucas sa m\u00f4\u017ee zlep\u0161i\u0165 e\u0161te viac, Zouma tie\u017e. Bernard e\u0161te len za\u010dal a Richarlison je st\u00e1le len chlapec. Uk\u00e1\u017eu rozhodne viac.<strong>\u201c<\/strong><\/em><\/p>\n<p>Najm\u00e4 mali\u010dk\u00fd Bernard sa v posledn\u00fdch t\u00fd\u017ed\u0148och vryl do pam\u00e4te Evertonians ako ch\u00fdbaj\u00faci komponent perfektn\u00e9ho stroja. Zisk zadarmo po vypr\u0161an\u00ed zmluvy pred\u010dil aj smie\u0161nu sumu za Sandra Ram\u00edreza, hoci v\u00fdkonnos\u0165 sa aj za tak kr\u00e1tku dobu porovn\u00e1va\u0165 absol\u00fatne ned\u00e1.<\/p>\n<p><em>\u201eJe to \u00faplne in\u00fd typ hr\u00e1\u010da, ne\u017e ak\u00fdch sme mali doteraz. Niektor\u00ed \u013eudia maj\u00fa pochybnosti kv\u00f4li jeho v\u00fd\u0161ke (164cm). Tento typ hr\u00e1\u010dov do Premier League ani moc neprich\u00e1dza, ale on je \u0161ikovn\u00fd. Pon\u00faka na kr\u00eddle nie\u010do in\u00e9 v porovnan\u00ed s Richarlisonom, Theom alebo Lookmanom. A to je pre n\u00e1s d\u00f4le\u017eit\u00e9. Vie hra\u0165 na troch poz\u00edciach a e\u0161te aj za \u00fato\u010dn\u00edkom, tak\u017ee miesto si n\u00e1jde.\u201c<\/em><\/p>\n<p>Nemohla nepr\u00eds\u0165 ani ot\u00e1zka na margo posilnenia v janu\u00e1ri. Pochybnosti oh\u013eadom spokojnosti s \u00fato\u010dn\u00edkmi v k\u00e1dri pretrv\u00e1vaj\u00fa a tak Silva ni\u010d nevylu\u010duje, av\u0161ak trv\u00e1 na tom, \u017ee prvorad\u00e1 je pre\u0148ho pr\u00e1ca s\u00fa s\u00fa\u010dasn\u00fdm k\u00e1drom.<\/p>\n<p><em>\u201eSt\u00e1le pracujeme a v\u0161etk\u00e9ho sme si vedom\u00ed. Najd\u00f4le\u017eitej\u0161ia vec pre m\u0148a ako tr\u00e9nera je s\u00fastredi\u0165 sa v prvom rade na mu\u017estvo. Za\u010da\u0165 si to u\u017e\u00edva\u0165, preto\u017ee to je spr\u00e1vne slovo. U\u017e\u00edva\u0165 si pr\u00e1cu s nimi. Nane\u0161tastie kv\u00f4li zraneniam som doteraz nemal t\u00fa \u0161ancu so v\u0161etk\u00fdmi. Vidie\u0165 ich s\u00fa\u0165a\u017eiv\u00fdch medzi sebou a tvrdo maka\u0165. Teraz kone\u010dne m\u00e1m t\u00fa mo\u017enos\u0165 a to je pre m\u0148a podstatn\u00e9.&#8220;<\/em><\/p>\n<p><em>\u201eRovnako ako opakovanie tej istej zostavy dva, trikr\u00e1t po sebe. Aby medzi hr\u00e1\u010dmi vznikli v\u00e4zby. A\u017e potom sa m\u00f4\u017eeme za\u010da\u0165 rozpr\u00e1va\u0165 o janu\u00e1ri a prestupovom okne. Pochopite\u013ene, v\u017edy si v\u0161\u00edmate, v\u017edy analyzujete. Pravda\u017ee, o tom v\u00e1m nebudem hovori\u0165, ale ak by ste sa ma sp\u00fdtali, \u010di m\u00e1m predstavu na \u010fal\u0161ie tri alebo desa\u0165 mesiacov, povedal by som, \u017ee viac menej \u00e1no. Ale na to moment\u00e1lne nie je vhodn\u00e1 chv\u00ed\u013ea. V tomto okamihu je pre n\u00e1s najd\u00f4le\u017eitej\u0161ie pozna\u0165 najlep\u0161iu zostavu, pilne pracova\u0165 v z\u00e1kulis\u00ed a zlep\u0161ova\u0165 sa s hr\u00e1\u010dmi, ktor\u00fdch m\u00e1me. V nasleduj\u00facom okne, ak bude pr\u00edle\u017eitos\u0165 op\u00e4\u0165 sa zlep\u0161i\u0165, sme tomu naklonen\u00ed. A op\u00e4\u0165 to bud\u00fa len jasn\u00e9 ciele. To je toti\u017e moja cesta.\u201c<\/em><\/p>\n<p style=\"text-align: right;\"><span style=\"font-size: 8pt;\">(p\u00f4vodn\u00fd rozhovor: Liverpool Echo)<\/span><\/p>\n","protected":false},"excerpt":{"rendered":"<p>David Prentice, \u0161\u00e9fredaktor \u0161portov\u00e9ho oddelenia Liverpool Echo, si minul\u00fd t\u00fd\u017ede\u0148 na\u0161iel \u010das na exkluz\u00edvne vyspovedanie st\u00e1le nov\u00e9ho mana\u017e\u00e9ra Toffees. Na\u0161a redakcia v\u00e1m prin\u00e1\u0161a slovensk\u00fa verziu.<\/p>\n","protected":false},"author":1,"featured_media":1351,"comment_status":"open","ping_status":"closed","sticky":false,"template":"","format":"standard","meta":{"_eb_attr":"","_monsterinsights_skip_tracking":false,"_monsterinsights_sitenote_active":false,"_monsterinsights_sitenote_note":"","_monsterinsights_sitenote_category":0,"footnotes":""},"categories":[1],"tags":[],"yoast_head":"<!-- This site is optimized with the Yoast SEO plugin v23.4 - https:\/\/yoast.com\/wordpress\/plugins\/seo\/ -->\n<title>\u201eU\u017e\u00edvam si to\u201c - Official Czech &amp; Slovak Everton Supporters&#039; Club<\/title>\n<meta name=\"robots\" content=\"index, follow, max-snippet:-1, max-image-preview:large, max-video-preview:-1\" \/>\n<link rel=\"canonical\" href=\"https:\/\/evertonfc.cz\/index.php\/2018\/10\/25\/uzivam-si-to\/\" \/>\n<meta property=\"og:locale\" content=\"cs_CZ\" \/>\n<meta property=\"og:type\" content=\"article\" \/>\n<meta property=\"og:title\" content=\"\u201eU\u017e\u00edvam si to\u201c - Official Czech &amp; Slovak Everton Supporters&#039; Club\" \/>\n<meta property=\"og:description\" content=\"David Prentice, \u0161\u00e9fredaktor \u0161portov\u00e9ho oddelenia Liverpool Echo, si minul\u00fd t\u00fd\u017ede\u0148 na\u0161iel \u010das na exkluz\u00edvne vyspovedanie st\u00e1le nov\u00e9ho mana\u017e\u00e9ra Toffees. Na\u0161a redakcia v\u00e1m prin\u00e1\u0161a slovensk\u00fa verziu.\" \/>\n<meta property=\"og:url\" content=\"https:\/\/evertonfc.cz\/index.php\/2018\/10\/25\/uzivam-si-to\/\" \/>\n<meta property=\"og:site_name\" content=\"Official Czech &amp; Slovak Everton Supporters&#039; Club\" \/>\n<meta property=\"article:publisher\" content=\"https:\/\/www.facebook.com\/everton.fans.cz.sk\" \/>\n<meta property=\"article:published_time\" content=\"2018-10-25T17:44:21+00:00\" \/>\n<meta property=\"article:modified_time\" content=\"2021-02-24T13:47:36+00:00\" \/>\n<meta property=\"og:image\" content=\"https:\/\/evertonfc.cz\/wp-content\/uploads\/2019\/01\/silva.jpg\" \/>\n\t<meta property=\"og:image:width\" content=\"720\" \/>\n\t<meta property=\"og:image:height\" content=\"405\" \/>\n\t<meta property=\"og:image:type\" content=\"image\/jpeg\" \/>\n<meta name=\"author\" content=\"BlueBlooded\" \/>\n<meta name=\"twitter:card\" content=\"summary_large_image\" \/>\n<meta name=\"twitter:label1\" content=\"Napsal(a)\" \/>\n\t<meta name=\"twitter:data1\" content=\"BlueBlooded\" \/>\n\t<meta name=\"twitter:label2\" content=\"Odhadovan\u00e1 doba \u010dten\u00ed\" \/>\n\t<meta name=\"twitter:data2\" content=\"5 minut\" \/>\n<script type=\"application\/ld+json\" class=\"yoast-schema-graph\">{\"@context\":\"https:\/\/schema.org\",\"@graph\":[{\"@type\":\"Article\",\"@id\":\"https:\/\/evertonfc.cz\/index.php\/2018\/10\/25\/uzivam-si-to\/#article\",\"isPartOf\":{\"@id\":\"https:\/\/evertonfc.cz\/index.php\/2018\/10\/25\/uzivam-si-to\/\"},\"author\":{\"name\":\"BlueBlooded\",\"@id\":\"https:\/\/evertonfc.cz\/#\/schema\/person\/d4493b8cbea51532597fbc4685698916\"},\"headline\":\"\u201eU\u017e\u00edvam si to\u201c\",\"datePublished\":\"2018-10-25T17:44:21+00:00\",\"dateModified\":\"2021-02-24T13:47:36+00:00\",\"mainEntityOfPage\":{\"@id\":\"https:\/\/evertonfc.cz\/index.php\/2018\/10\/25\/uzivam-si-to\/\"},\"wordCount\":1347,\"commentCount\":0,\"publisher\":{\"@id\":\"https:\/\/evertonfc.cz\/#organization\"},\"image\":{\"@id\":\"https:\/\/evertonfc.cz\/index.php\/2018\/10\/25\/uzivam-si-to\/#primaryimage\"},\"thumbnailUrl\":\"https:\/\/evertonfc.cz\/wp-content\/uploads\/2019\/01\/silva.jpg\",\"articleSection\":[\"Rozhovory\"],\"inLanguage\":\"cs\",\"potentialAction\":[{\"@type\":\"CommentAction\",\"name\":\"Comment\",\"target\":[\"https:\/\/evertonfc.cz\/index.php\/2018\/10\/25\/uzivam-si-to\/#respond\"]}]},{\"@type\":\"WebPage\",\"@id\":\"https:\/\/evertonfc.cz\/index.php\/2018\/10\/25\/uzivam-si-to\/\",\"url\":\"https:\/\/evertonfc.cz\/index.php\/2018\/10\/25\/uzivam-si-to\/\",\"name\":\"\u201eU\u017e\u00edvam si to\u201c - Official Czech &amp; Slovak Everton Supporters&#039; Club\",\"isPartOf\":{\"@id\":\"https:\/\/evertonfc.cz\/#website\"},\"primaryImageOfPage\":{\"@id\":\"https:\/\/evertonfc.cz\/index.php\/2018\/10\/25\/uzivam-si-to\/#primaryimage\"},\"image\":{\"@id\":\"https:\/\/evertonfc.cz\/index.php\/2018\/10\/25\/uzivam-si-to\/#primaryimage\"},\"thumbnailUrl\":\"https:\/\/evertonfc.cz\/wp-content\/uploads\/2019\/01\/silva.jpg\",\"datePublished\":\"2018-10-25T17:44:21+00:00\",\"dateModified\":\"2021-02-24T13:47:36+00:00\",\"breadcrumb\":{\"@id\":\"https:\/\/evertonfc.cz\/index.php\/2018\/10\/25\/uzivam-si-to\/#breadcrumb\"},\"inLanguage\":\"cs\",\"potentialAction\":[{\"@type\":\"ReadAction\",\"target\":[\"https:\/\/evertonfc.cz\/index.php\/2018\/10\/25\/uzivam-si-to\/\"]}]},{\"@type\":\"ImageObject\",\"inLanguage\":\"cs\",\"@id\":\"https:\/\/evertonfc.cz\/index.php\/2018\/10\/25\/uzivam-si-to\/#primaryimage\",\"url\":\"https:\/\/evertonfc.cz\/wp-content\/uploads\/2019\/01\/silva.jpg\",\"contentUrl\":\"https:\/\/evertonfc.cz\/wp-content\/uploads\/2019\/01\/silva.jpg\",\"width\":720,\"height\":405},{\"@type\":\"BreadcrumbList\",\"@id\":\"https:\/\/evertonfc.cz\/index.php\/2018\/10\/25\/uzivam-si-to\/#breadcrumb\",\"itemListElement\":[{\"@type\":\"ListItem\",\"position\":1,\"name\":\"Home\",\"item\":\"https:\/\/evertonfc.cz\/\"},{\"@type\":\"ListItem\",\"position\":2,\"name\":\"\u201eU\u017e\u00edvam si to\u201c\"}]},{\"@type\":\"WebSite\",\"@id\":\"https:\/\/evertonfc.cz\/#website\",\"url\":\"https:\/\/evertonfc.cz\/\",\"name\":\"Official Czech &amp; Slovak Everton Supporters&#039; Club\",\"description\":\"\",\"publisher\":{\"@id\":\"https:\/\/evertonfc.cz\/#organization\"},\"potentialAction\":[{\"@type\":\"SearchAction\",\"target\":{\"@type\":\"EntryPoint\",\"urlTemplate\":\"https:\/\/evertonfc.cz\/?s={search_term_string}\"},\"query-input\":{\"@type\":\"PropertyValueSpecification\",\"valueRequired\":true,\"valueName\":\"search_term_string\"}}],\"inLanguage\":\"cs\"},{\"@type\":\"Organization\",\"@id\":\"https:\/\/evertonfc.cz\/#organization\",\"name\":\"Official Czech & Slovak Everton Supporters' Club\",\"url\":\"https:\/\/evertonfc.cz\/\",\"logo\":{\"@type\":\"ImageObject\",\"inLanguage\":\"cs\",\"@id\":\"https:\/\/evertonfc.cz\/#\/schema\/logo\/image\/\",\"url\":\"https:\/\/evertonfc.cz\/wp-content\/uploads\/2019\/05\/logo.png\",\"contentUrl\":\"https:\/\/evertonfc.cz\/wp-content\/uploads\/2019\/05\/logo.png\",\"width\":112,\"height\":112,\"caption\":\"Official Czech & Slovak Everton Supporters' Club\"},\"image\":{\"@id\":\"https:\/\/evertonfc.cz\/#\/schema\/logo\/image\/\"},\"sameAs\":[\"https:\/\/www.facebook.com\/everton.fans.cz.sk\"]},{\"@type\":\"Person\",\"@id\":\"https:\/\/evertonfc.cz\/#\/schema\/person\/d4493b8cbea51532597fbc4685698916\",\"name\":\"BlueBlooded\",\"url\":\"https:\/\/evertonfc.cz\/index.php\/author\/admin\/\"}]}<\/script>\n<!-- \/ Yoast SEO plugin. -->","yoast_head_json":{"title":"\u201eU\u017e\u00edvam si to\u201c - Official Czech &amp; Slovak Everton Supporters&#039; Club","robots":{"index":"index","follow":"follow","max-snippet":"max-snippet:-1","max-image-preview":"max-image-preview:large","max-video-preview":"max-video-preview:-1"},"canonical":"https:\/\/evertonfc.cz\/index.php\/2018\/10\/25\/uzivam-si-to\/","og_locale":"cs_CZ","og_type":"article","og_title":"\u201eU\u017e\u00edvam si to\u201c - Official Czech &amp; Slovak Everton Supporters&#039; Club","og_description":"David Prentice, \u0161\u00e9fredaktor \u0161portov\u00e9ho oddelenia Liverpool Echo, si minul\u00fd t\u00fd\u017ede\u0148 na\u0161iel \u010das na exkluz\u00edvne vyspovedanie st\u00e1le nov\u00e9ho mana\u017e\u00e9ra Toffees. Na\u0161a redakcia v\u00e1m prin\u00e1\u0161a slovensk\u00fa verziu.","og_url":"https:\/\/evertonfc.cz\/index.php\/2018\/10\/25\/uzivam-si-to\/","og_site_name":"Official Czech &amp; Slovak Everton Supporters&#039; Club","article_publisher":"https:\/\/www.facebook.com\/everton.fans.cz.sk","article_published_time":"2018-10-25T17:44:21+00:00","article_modified_time":"2021-02-24T13:47:36+00:00","og_image":[{"width":720,"height":405,"url":"https:\/\/evertonfc.cz\/wp-content\/uploads\/2019\/01\/silva.jpg","type":"image\/jpeg"}],"author":"BlueBlooded","twitter_card":"summary_large_image","twitter_misc":{"Napsal(a)":"BlueBlooded","Odhadovan\u00e1 doba \u010dten\u00ed":"5 minut"},"schema":{"@context":"https:\/\/schema.org","@graph":[{"@type":"Article","@id":"https:\/\/evertonfc.cz\/index.php\/2018\/10\/25\/uzivam-si-to\/#article","isPartOf":{"@id":"https:\/\/evertonfc.cz\/index.php\/2018\/10\/25\/uzivam-si-to\/"},"author":{"name":"BlueBlooded","@id":"https:\/\/evertonfc.cz\/#\/schema\/person\/d4493b8cbea51532597fbc4685698916"},"headline":"\u201eU\u017e\u00edvam si to\u201c","datePublished":"2018-10-25T17:44:21+00:00","dateModified":"2021-02-24T13:47:36+00:00","mainEntityOfPage":{"@id":"https:\/\/evertonfc.cz\/index.php\/2018\/10\/25\/uzivam-si-to\/"},"wordCount":1347,"commentCount":0,"publisher":{"@id":"https:\/\/evertonfc.cz\/#organization"},"image":{"@id":"https:\/\/evertonfc.cz\/index.php\/2018\/10\/25\/uzivam-si-to\/#primaryimage"},"thumbnailUrl":"https:\/\/evertonfc.cz\/wp-content\/uploads\/2019\/01\/silva.jpg","articleSection":["Rozhovory"],"inLanguage":"cs","potentialAction":[{"@type":"CommentAction","name":"Comment","target":["https:\/\/evertonfc.cz\/index.php\/2018\/10\/25\/uzivam-si-to\/#respond"]}]},{"@type":"WebPage","@id":"https:\/\/evertonfc.cz\/index.php\/2018\/10\/25\/uzivam-si-to\/","url":"https:\/\/evertonfc.cz\/index.php\/2018\/10\/25\/uzivam-si-to\/","name":"\u201eU\u017e\u00edvam si to\u201c - Official Czech &amp; Slovak Everton Supporters&#039; Club","isPartOf":{"@id":"https:\/\/evertonfc.cz\/#website"},"primaryImageOfPage":{"@id":"https:\/\/evertonfc.cz\/index.php\/2018\/10\/25\/uzivam-si-to\/#primaryimage"},"image":{"@id":"https:\/\/evertonfc.cz\/index.php\/2018\/10\/25\/uzivam-si-to\/#primaryimage"},"thumbnailUrl":"https:\/\/evertonfc.cz\/wp-content\/uploads\/2019\/01\/silva.jpg","datePublished":"2018-10-25T17:44:21+00:00","dateModified":"2021-02-24T13:47:36+00:00","breadcrumb":{"@id":"https:\/\/evertonfc.cz\/index.php\/2018\/10\/25\/uzivam-si-to\/#breadcrumb"},"inLanguage":"cs","potentialAction":[{"@type":"ReadAction","target":["https:\/\/evertonfc.cz\/index.php\/2018\/10\/25\/uzivam-si-to\/"]}]},{"@type":"ImageObject","inLanguage":"cs","@id":"https:\/\/evertonfc.cz\/index.php\/2018\/10\/25\/uzivam-si-to\/#primaryimage","url":"https:\/\/evertonfc.cz\/wp-content\/uploads\/2019\/01\/silva.jpg","contentUrl":"https:\/\/evertonfc.cz\/wp-content\/uploads\/2019\/01\/silva.jpg","width":720,"height":405},{"@type":"BreadcrumbList","@id":"https:\/\/evertonfc.cz\/index.php\/2018\/10\/25\/uzivam-si-to\/#breadcrumb","itemListElement":[{"@type":"ListItem","position":1,"name":"Home","item":"https:\/\/evertonfc.cz\/"},{"@type":"ListItem","position":2,"name":"\u201eU\u017e\u00edvam si to\u201c"}]},{"@type":"WebSite","@id":"https:\/\/evertonfc.cz\/#website","url":"https:\/\/evertonfc.cz\/","name":"Official Czech &amp; Slovak Everton Supporters&#039; Club","description":"","publisher":{"@id":"https:\/\/evertonfc.cz\/#organization"},"potentialAction":[{"@type":"SearchAction","target":{"@type":"EntryPoint","urlTemplate":"https:\/\/evertonfc.cz\/?s={search_term_string}"},"query-input":{"@type":"PropertyValueSpecification","valueRequired":true,"valueName":"search_term_string"}}],"inLanguage":"cs"},{"@type":"Organization","@id":"https:\/\/evertonfc.cz\/#organization","name":"Official Czech & Slovak Everton Supporters' Club","url":"https:\/\/evertonfc.cz\/","logo":{"@type":"ImageObject","inLanguage":"cs","@id":"https:\/\/evertonfc.cz\/#\/schema\/logo\/image\/","url":"https:\/\/evertonfc.cz\/wp-content\/uploads\/2019\/05\/logo.png","contentUrl":"https:\/\/evertonfc.cz\/wp-content\/uploads\/2019\/05\/logo.png","width":112,"height":112,"caption":"Official Czech & Slovak Everton Supporters' Club"},"image":{"@id":"https:\/\/evertonfc.cz\/#\/schema\/logo\/image\/"},"sameAs":["https:\/\/www.facebook.com\/everton.fans.cz.sk"]},{"@type":"Person","@id":"https:\/\/evertonfc.cz\/#\/schema\/person\/d4493b8cbea51532597fbc4685698916","name":"BlueBlooded","url":"https:\/\/evertonfc.cz\/index.php\/author\/admin\/"}]}},"_links":{"self":[{"href":"https:\/\/evertonfc.cz\/index.php\/wp-json\/wp\/v2\/posts\/1366"}],"collection":[{"href":"https:\/\/evertonfc.cz\/index.php\/wp-json\/wp\/v2\/posts"}],"about":[{"href":"https:\/\/evertonfc.cz\/index.php\/wp-json\/wp\/v2\/types\/post"}],"author":[{"embeddable":true,"href":"https:\/\/evertonfc.cz\/index.php\/wp-json\/wp\/v2\/users\/1"}],"replies":[{"embeddable":true,"href":"https:\/\/evertonfc.cz\/index.php\/wp-json\/wp\/v2\/comments?post=1366"}],"version-history":[{"count":4,"href":"https:\/\/evertonfc.cz\/index.php\/wp-json\/wp\/v2\/posts\/1366\/revisions"}],"predecessor-version":[{"id":14303,"href":"https:\/\/evertonfc.cz\/index.php\/wp-json\/wp\/v2\/posts\/1366\/revisions\/14303"}],"wp:featuredmedia":[{"embeddable":true,"href":"https:\/\/evertonfc.cz\/index.php\/wp-json\/wp\/v2\/media\/1351"}],"wp:attachment":[{"href":"https:\/\/evertonfc.cz\/index.php\/wp-json\/wp\/v2\/media?parent=1366"}],"wp:term":[{"taxonomy":"category","embeddable":true,"href":"https:\/\/evertonfc.cz\/index.php\/wp-json\/wp\/v2\/categories?post=1366"},{"taxonomy":"post_tag","embeddable":true,"href":"https:\/\/evertonfc.cz\/index.php\/wp-json\/wp\/v2\/tags?post=1366"}],"curies":[{"name":"wp","href":"https:\/\/api.w.org\/{rel}","templated":true}]}}