{"id":1368,"date":"2018-10-27T19:45:43","date_gmt":"2018-10-27T17:45:43","guid":{"rendered":"http:\/\/evertonfc.cz\/?p=1368"},"modified":"2021-02-06T14:55:13","modified_gmt":"2021-02-06T13:55:13","slug":"preview-manchester-united-everton","status":"publish","type":"post","link":"https:\/\/evertonfc.cz\/index.php\/2018\/10\/27\/preview-manchester-united-everton\/","title":{"rendered":"Preview: Manchester United &#8211; Everton"},"content":{"rendered":"<h4>T\u00fdm Marca Silvy hodl\u00e1 sv\u00e9 ambice potvrdit na h\u0159i\u0161ti sp\u00edc\u00edho obra, kter\u00e9ho vede jin\u00fd a daleko \u00fasp\u011b\u0161n\u011bj\u0161\u00ed Portugalec. Ned\u011bln\u00edmu duelu s Manchesterem United z\u00e1pletka rozhodn\u011b nechyb\u00ed.<\/h4>\n<p>Oba portugal\u0161t\u00ed mana\u017ee\u0159i k sob\u011b chovaj\u00ed vz\u00e1jemnou \u00factu, Silva sv\u00e9mu krajanovi nejednou ve\u0159ejn\u011b vyj\u00e1d\u0159il obdiv a vd\u011bk za to, \u017ee portugalsk\u00fdm tren\u00e9r\u016fm otev\u0159el dve\u0159e do fotbalov\u00e9 Evropy. Mourinho naopak sv\u00e9ho mlad\u0161\u00edho n\u00e1sledovn\u00edka br\u00e1nil p\u0159ed kritiky, kdy\u017e Silvu na za\u010d\u00e1tku roku 2017 anga\u017eoval Hull City. Anglick\u00e1 Premier League tehdy sou\u010dasn\u00e9ho lodivoda Evertonu p\u0159\u00edli\u0161 neznala.<\/p>\n<p>B\u011bhem ned\u011bln\u00edho podve\u010dera ale osobn\u00ed sympatie p\u016fjdou stranou. Toffees by r\u00e1di zaknihovali v\u00edt\u011bzstv\u00ed na Old Trafford, kde v posledn\u00edch 26 letech triumfovali pouze jednou \u2013 a to v roce 2013 z\u00e1sluhou u\u017e kultovn\u00ed branky Bryana Ovieda.<\/p>\n<p>Everton po turbulentn\u00edm za\u010d\u00e1tku sez\u00f3ny ust\u00e1lil formu a z posledn\u00ed t\u0159ech ligov\u00fdch kol vyt\u011b\u017eil pln\u00fd po\u010det bod\u016f, co\u017e ho posunulo na osm\u00e9 m\u00edsto tabulky. V lize naposledy padl na p\u016fd\u011b Arsenalu, kdy\u017e prohr\u00e1l rovn\u011b\u017e z\u00e1sluhou trpk\u00e9ho g\u00f3lu. Hlavn\u00ed rozhod\u010d\u00ed Jon Moss a jeho asistenti p\u0159ehl\u00e9dli metrov\u00fd ofsajd p\u0159i brance kanon\u00fdra Aubameyanga. M\u016f\u017eete h\u00e1dat, kdo byl delegov\u00e1n k ned\u011bln\u00edmu utk\u00e1n\u00ed\u2026<\/p>\n<p>Posledn\u00ed z\u00e1pas s Crystal Palace zvr\u00e1tili a\u017e v z\u00e1v\u011bru st\u0159etnut\u00ed st\u0159\u00eddaj\u00edc\u00ed hr\u00e1\u010di Lookman, Calvert-Lewin a Tosun. D\u00e1 se o\u010dek\u00e1vat, \u017ee n\u011bkdo z nich dostane \u0161anci v z\u00e1kladn\u00ed sestav\u011b v Manchesteru. Posazen\u00ed na lavi\u010dku n\u00e1hradn\u00edk\u016f se mus\u00ed ob\u00e1vat Bernard a hlavn\u011b Walcott. Dal\u0161\u00ed zm\u011bny sice nejsou vylou\u010den\u00e9, byly by ale p\u0159ekvapiv\u00e9, a tak Yerry Mina, letn\u00ed posila z\u00a0Barcelony, si asi je\u0161t\u011b po\u010dk\u00e1 na debut v\u00a0modr\u00e9m dresu. Sou\u010dasn\u00e1 stopersk\u00e1 dvojice Keane-Zouma toti\u017e p\u0159edv\u00e1d\u00ed stabiln\u00ed v\u00fdkony, t\u0159eba\u017ee prostor pro zlep\u0161en\u00ed by se jist\u011b na\u0161el.<\/p>\n<p>Fanou\u0161ci se t\u011b\u0161\u00ed na dal\u0161\u00ed vystoupen\u00ed z\u00e1lo\u017en\u00edka Andr\u00e9ho Gomese, jen\u017e sv\u00fdm debutem zaujal. Tak kreativn\u00ed a technicky zdatn\u00fd fotbalista nevl\u00e1dl st\u0159edu pole od \u010das\u016f Mikela Artety.<\/p>\n<p>United v leto\u0161n\u00ed sez\u00f3n\u011b zat\u00edm klop\u00fdtaj\u00ed od z\u00e1pasu k z\u00e1pasu. V \u00fater\u00fd doma nesta\u010dili na italsk\u00fd Juventus, kter\u00fd vysok\u00fdm presinkem zp\u016fsoboval jejich rozehr\u00e1vce nejeden probl\u00e9m. Silva utk\u00e1n\u00ed Ligy mistr\u016f sledoval p\u0159\u00edmo z hledi\u0161t\u011b, inspiraci k v\u00edt\u011bzstv\u00ed tedy vid\u011bl na vlastn\u00ed o\u010di.<\/p>\n<p>Red Devils se po dev\u00edti ligov\u00fdch kolech nach\u00e1zej\u00ed na des\u00e1t\u00e9 p\u0159\u00ed\u010dce tabulky s 15 body, Everton nast\u0159\u00e1dal o bod v\u00edce. Sou\u010dasnou formu se dozajista chlubit nemohou, v posledn\u00edch \u0161esti sout\u011b\u017en\u00edch duelech zv\u00edt\u011bzili pouze jednou. St\u00e1le ale t\u0159eba m\u00edt na pam\u011bti kvalitu jednotliv\u00fdch hr\u00e1\u010d\u016f v\u010detn\u011b Romela Lukaka, kter\u00fd, a\u010d se naposledy trefil skoro p\u0159ed m\u011bs\u00edcem, zpracov\u00e1n\u00ed m\u00ed\u010de mu st\u00e1le d\u011bl\u00e1 obrovsk\u00e9 pot\u00ed\u017ee a sv\u016fj pohyb na tr\u00e1vn\u00edku omezil jen na nezbytn\u011b nutn\u00e9 kroky, branky jednodu\u0161e st\u00e1le st\u0159\u00edlet um\u00ed a proti b\u00fdval\u00e9mu klubu bude m\u00edt o motivaci postar\u00e1no.<\/p>\n<p>Mourinho nevyu\u017eije zran\u011bn\u00e9 obr\u00e1nce Dioga Dalota, z\u00e1lo\u017en\u00edka a dal\u0161\u00edho b\u00fdval\u00e9ho hr\u00e1\u010de Toffees Marouaneho Fellainiho a ofenzivn\u00edho z\u00e1lo\u017en\u00edka Alexise S\u00e1ncheze. Zdravotn\u00ed stav Jesseho Lingarda, jen\u017e by znamenal pro \u00fato\u010dn\u00e9 aktivity United velkou vzpruhu, a tak\u00e9 defenzivn\u00edho hr\u00e1\u010de Scotta McTominaye bude je\u0161t\u011b podroben testu p\u0159ed v\u00fdkopem.<\/p>\n<p>Utk\u00e1n\u00ed vys\u00edl\u00e1 p\u0159\u00edm\u00fdm p\u0159enosem stanice Digi sport 4.<\/p>\n<p><strong>Co:<\/strong>\u00a0Manchester United FC &#8211; Everton FC, 10. kolo Premier League<br \/>\n<strong>Kdy:<\/strong>\u00a028. 10. 2018 od 17:00 SE\u010c<br \/>\n<strong>Kde:<\/strong>\u00a0Old Trafford, Manchester (kapacita: 74 994)<br \/>\n<strong>Rozhod\u010d\u00ed:<\/strong>\u00a0Jon Moss<\/p>\n","protected":false},"excerpt":{"rendered":"<p>T\u00fdm Marca Silvy hodl\u00e1 sv\u00e9 ambice potvrdit na h\u0159i\u0161ti sp\u00edc\u00edho obra, kter\u00e9ho vede jin\u00fd a daleko \u00fasp\u011b\u0161n\u011bj\u0161\u00ed Portugalec. Ned\u011bln\u00edmu duelu&hellip;<\/p>\n","protected":false},"author":6,"featured_media":13968,"comment_status":"open","ping_status":"closed","sticky":false,"template":"","format":"standard","meta":{"_eb_attr":"","_monsterinsights_skip_tracking":false,"_monsterinsights_sitenote_active":false,"_monsterinsights_sitenote_note":"","_monsterinsights_sitenote_category":0,"footnotes":""},"categories":[4],"tags":[],"yoast_head":"<!-- This site is optimized with the Yoast SEO plugin v23.4 - https:\/\/yoast.com\/wordpress\/plugins\/seo\/ -->\n<title>Preview: Manchester United - Everton - Official Czech &amp; Slovak Everton Supporters&#039; Club<\/title>\n<meta name=\"robots\" content=\"index, follow, max-snippet:-1, max-image-preview:large, max-video-preview:-1\" \/>\n<link rel=\"canonical\" href=\"https:\/\/evertonfc.cz\/index.php\/2018\/10\/27\/preview-manchester-united-everton\/\" \/>\n<meta property=\"og:locale\" content=\"cs_CZ\" \/>\n<meta property=\"og:type\" content=\"article\" \/>\n<meta property=\"og:title\" content=\"Preview: Manchester United - Everton - Official Czech &amp; Slovak Everton Supporters&#039; Club\" \/>\n<meta property=\"og:description\" content=\"T\u00fdm Marca Silvy hodl\u00e1 sv\u00e9 ambice potvrdit na h\u0159i\u0161ti sp\u00edc\u00edho obra, kter\u00e9ho vede jin\u00fd a daleko \u00fasp\u011b\u0161n\u011bj\u0161\u00ed Portugalec. Ned\u011bln\u00edmu duelu&hellip;\" \/>\n<meta property=\"og:url\" content=\"https:\/\/evertonfc.cz\/index.php\/2018\/10\/27\/preview-manchester-united-everton\/\" \/>\n<meta property=\"og:site_name\" content=\"Official Czech &amp; Slovak Everton Supporters&#039; Club\" \/>\n<meta property=\"article:publisher\" content=\"https:\/\/www.facebook.com\/everton.fans.cz.sk\" \/>\n<meta property=\"article:published_time\" content=\"2018-10-27T17:45:43+00:00\" \/>\n<meta property=\"article:modified_time\" content=\"2021-02-06T13:55:13+00:00\" \/>\n<meta property=\"og:image\" content=\"https:\/\/evertonfc.cz\/wp-content\/uploads\/2021\/02\/Manchester-United-VS-Everton.jpg\" \/>\n\t<meta property=\"og:image:width\" content=\"720\" \/>\n\t<meta property=\"og:image:height\" content=\"405\" \/>\n\t<meta property=\"og:image:type\" content=\"image\/jpeg\" \/>\n<meta name=\"author\" content=\"Ri\u010di\" \/>\n<meta name=\"twitter:card\" content=\"summary_large_image\" \/>\n<meta name=\"twitter:creator\" content=\"@rbrejsa\" \/>\n<meta name=\"twitter:label1\" content=\"Napsal(a)\" \/>\n\t<meta name=\"twitter:data1\" content=\"Ri\u010di\" \/>\n\t<meta name=\"twitter:label2\" content=\"Odhadovan\u00e1 doba \u010dten\u00ed\" \/>\n\t<meta name=\"twitter:data2\" content=\"3 minuty\" \/>\n<script type=\"application\/ld+json\" class=\"yoast-schema-graph\">{\"@context\":\"https:\/\/schema.org\",\"@graph\":[{\"@type\":\"Article\",\"@id\":\"https:\/\/evertonfc.cz\/index.php\/2018\/10\/27\/preview-manchester-united-everton\/#article\",\"isPartOf\":{\"@id\":\"https:\/\/evertonfc.cz\/index.php\/2018\/10\/27\/preview-manchester-united-everton\/\"},\"author\":{\"name\":\"Ri\u010di\",\"@id\":\"https:\/\/evertonfc.cz\/#\/schema\/person\/f7a5daedb2ffee98480bc70e191aaef1\"},\"headline\":\"Preview: Manchester United &#8211; Everton\",\"datePublished\":\"2018-10-27T17:45:43+00:00\",\"dateModified\":\"2021-02-06T13:55:13+00:00\",\"mainEntityOfPage\":{\"@id\":\"https:\/\/evertonfc.cz\/index.php\/2018\/10\/27\/preview-manchester-united-everton\/\"},\"wordCount\":671,\"commentCount\":0,\"publisher\":{\"@id\":\"https:\/\/evertonfc.cz\/#organization\"},\"image\":{\"@id\":\"https:\/\/evertonfc.cz\/index.php\/2018\/10\/27\/preview-manchester-united-everton\/#primaryimage\"},\"thumbnailUrl\":\"https:\/\/evertonfc.cz\/wp-content\/uploads\/2021\/02\/Manchester-United-VS-Everton.jpg\",\"articleSection\":[\"Z\u00e1pasy\"],\"inLanguage\":\"cs\",\"potentialAction\":[{\"@type\":\"CommentAction\",\"name\":\"Comment\",\"target\":[\"https:\/\/evertonfc.cz\/index.php\/2018\/10\/27\/preview-manchester-united-everton\/#respond\"]}]},{\"@type\":\"WebPage\",\"@id\":\"https:\/\/evertonfc.cz\/index.php\/2018\/10\/27\/preview-manchester-united-everton\/\",\"url\":\"https:\/\/evertonfc.cz\/index.php\/2018\/10\/27\/preview-manchester-united-everton\/\",\"name\":\"Preview: Manchester United - Everton - Official Czech &amp; Slovak Everton Supporters&#039; Club\",\"isPartOf\":{\"@id\":\"https:\/\/evertonfc.cz\/#website\"},\"primaryImageOfPage\":{\"@id\":\"https:\/\/evertonfc.cz\/index.php\/2018\/10\/27\/preview-manchester-united-everton\/#primaryimage\"},\"image\":{\"@id\":\"https:\/\/evertonfc.cz\/index.php\/2018\/10\/27\/preview-manchester-united-everton\/#primaryimage\"},\"thumbnailUrl\":\"https:\/\/evertonfc.cz\/wp-content\/uploads\/2021\/02\/Manchester-United-VS-Everton.jpg\",\"datePublished\":\"2018-10-27T17:45:43+00:00\",\"dateModified\":\"2021-02-06T13:55:13+00:00\",\"breadcrumb\":{\"@id\":\"https:\/\/evertonfc.cz\/index.php\/2018\/10\/27\/preview-manchester-united-everton\/#breadcrumb\"},\"inLanguage\":\"cs\",\"potentialAction\":[{\"@type\":\"ReadAction\",\"target\":[\"https:\/\/evertonfc.cz\/index.php\/2018\/10\/27\/preview-manchester-united-everton\/\"]}]},{\"@type\":\"ImageObject\",\"inLanguage\":\"cs\",\"@id\":\"https:\/\/evertonfc.cz\/index.php\/2018\/10\/27\/preview-manchester-united-everton\/#primaryimage\",\"url\":\"https:\/\/evertonfc.cz\/wp-content\/uploads\/2021\/02\/Manchester-United-VS-Everton.jpg\",\"contentUrl\":\"https:\/\/evertonfc.cz\/wp-content\/uploads\/2021\/02\/Manchester-United-VS-Everton.jpg\",\"width\":720,\"height\":405},{\"@type\":\"BreadcrumbList\",\"@id\":\"https:\/\/evertonfc.cz\/index.php\/2018\/10\/27\/preview-manchester-united-everton\/#breadcrumb\",\"itemListElement\":[{\"@type\":\"ListItem\",\"position\":1,\"name\":\"Home\",\"item\":\"https:\/\/evertonfc.cz\/\"},{\"@type\":\"ListItem\",\"position\":2,\"name\":\"Preview: Manchester United &#8211; Everton\"}]},{\"@type\":\"WebSite\",\"@id\":\"https:\/\/evertonfc.cz\/#website\",\"url\":\"https:\/\/evertonfc.cz\/\",\"name\":\"Official Czech &amp; Slovak Everton Supporters&#039; Club\",\"description\":\"\",\"publisher\":{\"@id\":\"https:\/\/evertonfc.cz\/#organization\"},\"potentialAction\":[{\"@type\":\"SearchAction\",\"target\":{\"@type\":\"EntryPoint\",\"urlTemplate\":\"https:\/\/evertonfc.cz\/?s={search_term_string}\"},\"query-input\":{\"@type\":\"PropertyValueSpecification\",\"valueRequired\":true,\"valueName\":\"search_term_string\"}}],\"inLanguage\":\"cs\"},{\"@type\":\"Organization\",\"@id\":\"https:\/\/evertonfc.cz\/#organization\",\"name\":\"Official Czech & Slovak Everton Supporters' Club\",\"url\":\"https:\/\/evertonfc.cz\/\",\"logo\":{\"@type\":\"ImageObject\",\"inLanguage\":\"cs\",\"@id\":\"https:\/\/evertonfc.cz\/#\/schema\/logo\/image\/\",\"url\":\"https:\/\/evertonfc.cz\/wp-content\/uploads\/2019\/05\/logo.png\",\"contentUrl\":\"https:\/\/evertonfc.cz\/wp-content\/uploads\/2019\/05\/logo.png\",\"width\":112,\"height\":112,\"caption\":\"Official Czech & Slovak Everton Supporters' Club\"},\"image\":{\"@id\":\"https:\/\/evertonfc.cz\/#\/schema\/logo\/image\/\"},\"sameAs\":[\"https:\/\/www.facebook.com\/everton.fans.cz.sk\"]},{\"@type\":\"Person\",\"@id\":\"https:\/\/evertonfc.cz\/#\/schema\/person\/f7a5daedb2ffee98480bc70e191aaef1\",\"name\":\"Ri\u010di\",\"sameAs\":[\"https:\/\/x.com\/rbrejsa\"],\"url\":\"https:\/\/evertonfc.cz\/index.php\/author\/rici\/\"}]}<\/script>\n<!-- \/ Yoast SEO plugin. -->","yoast_head_json":{"title":"Preview: Manchester United - Everton - Official Czech &amp; Slovak Everton Supporters&#039; Club","robots":{"index":"index","follow":"follow","max-snippet":"max-snippet:-1","max-image-preview":"max-image-preview:large","max-video-preview":"max-video-preview:-1"},"canonical":"https:\/\/evertonfc.cz\/index.php\/2018\/10\/27\/preview-manchester-united-everton\/","og_locale":"cs_CZ","og_type":"article","og_title":"Preview: Manchester United - Everton - Official Czech &amp; Slovak Everton Supporters&#039; Club","og_description":"T\u00fdm Marca Silvy hodl\u00e1 sv\u00e9 ambice potvrdit na h\u0159i\u0161ti sp\u00edc\u00edho obra, kter\u00e9ho vede jin\u00fd a daleko \u00fasp\u011b\u0161n\u011bj\u0161\u00ed Portugalec. Ned\u011bln\u00edmu duelu&hellip;","og_url":"https:\/\/evertonfc.cz\/index.php\/2018\/10\/27\/preview-manchester-united-everton\/","og_site_name":"Official Czech &amp; Slovak Everton Supporters&#039; Club","article_publisher":"https:\/\/www.facebook.com\/everton.fans.cz.sk","article_published_time":"2018-10-27T17:45:43+00:00","article_modified_time":"2021-02-06T13:55:13+00:00","og_image":[{"width":720,"height":405,"url":"https:\/\/evertonfc.cz\/wp-content\/uploads\/2021\/02\/Manchester-United-VS-Everton.jpg","type":"image\/jpeg"}],"author":"Ri\u010di","twitter_card":"summary_large_image","twitter_creator":"@rbrejsa","twitter_misc":{"Napsal(a)":"Ri\u010di","Odhadovan\u00e1 doba \u010dten\u00ed":"3 minuty"},"schema":{"@context":"https:\/\/schema.org","@graph":[{"@type":"Article","@id":"https:\/\/evertonfc.cz\/index.php\/2018\/10\/27\/preview-manchester-united-everton\/#article","isPartOf":{"@id":"https:\/\/evertonfc.cz\/index.php\/2018\/10\/27\/preview-manchester-united-everton\/"},"author":{"name":"Ri\u010di","@id":"https:\/\/evertonfc.cz\/#\/schema\/person\/f7a5daedb2ffee98480bc70e191aaef1"},"headline":"Preview: Manchester United &#8211; Everton","datePublished":"2018-10-27T17:45:43+00:00","dateModified":"2021-02-06T13:55:13+00:00","mainEntityOfPage":{"@id":"https:\/\/evertonfc.cz\/index.php\/2018\/10\/27\/preview-manchester-united-everton\/"},"wordCount":671,"commentCount":0,"publisher":{"@id":"https:\/\/evertonfc.cz\/#organization"},"image":{"@id":"https:\/\/evertonfc.cz\/index.php\/2018\/10\/27\/preview-manchester-united-everton\/#primaryimage"},"thumbnailUrl":"https:\/\/evertonfc.cz\/wp-content\/uploads\/2021\/02\/Manchester-United-VS-Everton.jpg","articleSection":["Z\u00e1pasy"],"inLanguage":"cs","potentialAction":[{"@type":"CommentAction","name":"Comment","target":["https:\/\/evertonfc.cz\/index.php\/2018\/10\/27\/preview-manchester-united-everton\/#respond"]}]},{"@type":"WebPage","@id":"https:\/\/evertonfc.cz\/index.php\/2018\/10\/27\/preview-manchester-united-everton\/","url":"https:\/\/evertonfc.cz\/index.php\/2018\/10\/27\/preview-manchester-united-everton\/","name":"Preview: Manchester United - Everton - Official Czech &amp; Slovak Everton Supporters&#039; Club","isPartOf":{"@id":"https:\/\/evertonfc.cz\/#website"},"primaryImageOfPage":{"@id":"https:\/\/evertonfc.cz\/index.php\/2018\/10\/27\/preview-manchester-united-everton\/#primaryimage"},"image":{"@id":"https:\/\/evertonfc.cz\/index.php\/2018\/10\/27\/preview-manchester-united-everton\/#primaryimage"},"thumbnailUrl":"https:\/\/evertonfc.cz\/wp-content\/uploads\/2021\/02\/Manchester-United-VS-Everton.jpg","datePublished":"2018-10-27T17:45:43+00:00","dateModified":"2021-02-06T13:55:13+00:00","breadcrumb":{"@id":"https:\/\/evertonfc.cz\/index.php\/2018\/10\/27\/preview-manchester-united-everton\/#breadcrumb"},"inLanguage":"cs","potentialAction":[{"@type":"ReadAction","target":["https:\/\/evertonfc.cz\/index.php\/2018\/10\/27\/preview-manchester-united-everton\/"]}]},{"@type":"ImageObject","inLanguage":"cs","@id":"https:\/\/evertonfc.cz\/index.php\/2018\/10\/27\/preview-manchester-united-everton\/#primaryimage","url":"https:\/\/evertonfc.cz\/wp-content\/uploads\/2021\/02\/Manchester-United-VS-Everton.jpg","contentUrl":"https:\/\/evertonfc.cz\/wp-content\/uploads\/2021\/02\/Manchester-United-VS-Everton.jpg","width":720,"height":405},{"@type":"BreadcrumbList","@id":"https:\/\/evertonfc.cz\/index.php\/2018\/10\/27\/preview-manchester-united-everton\/#breadcrumb","itemListElement":[{"@type":"ListItem","position":1,"name":"Home","item":"https:\/\/evertonfc.cz\/"},{"@type":"ListItem","position":2,"name":"Preview: Manchester United &#8211; Everton"}]},{"@type":"WebSite","@id":"https:\/\/evertonfc.cz\/#website","url":"https:\/\/evertonfc.cz\/","name":"Official Czech &amp; Slovak Everton Supporters&#039; Club","description":"","publisher":{"@id":"https:\/\/evertonfc.cz\/#organization"},"potentialAction":[{"@type":"SearchAction","target":{"@type":"EntryPoint","urlTemplate":"https:\/\/evertonfc.cz\/?s={search_term_string}"},"query-input":{"@type":"PropertyValueSpecification","valueRequired":true,"valueName":"search_term_string"}}],"inLanguage":"cs"},{"@type":"Organization","@id":"https:\/\/evertonfc.cz\/#organization","name":"Official Czech & Slovak Everton Supporters' Club","url":"https:\/\/evertonfc.cz\/","logo":{"@type":"ImageObject","inLanguage":"cs","@id":"https:\/\/evertonfc.cz\/#\/schema\/logo\/image\/","url":"https:\/\/evertonfc.cz\/wp-content\/uploads\/2019\/05\/logo.png","contentUrl":"https:\/\/evertonfc.cz\/wp-content\/uploads\/2019\/05\/logo.png","width":112,"height":112,"caption":"Official Czech & Slovak Everton Supporters' Club"},"image":{"@id":"https:\/\/evertonfc.cz\/#\/schema\/logo\/image\/"},"sameAs":["https:\/\/www.facebook.com\/everton.fans.cz.sk"]},{"@type":"Person","@id":"https:\/\/evertonfc.cz\/#\/schema\/person\/f7a5daedb2ffee98480bc70e191aaef1","name":"Ri\u010di","sameAs":["https:\/\/x.com\/rbrejsa"],"url":"https:\/\/evertonfc.cz\/index.php\/author\/rici\/"}]}},"_links":{"self":[{"href":"https:\/\/evertonfc.cz\/index.php\/wp-json\/wp\/v2\/posts\/1368"}],"collection":[{"href":"https:\/\/evertonfc.cz\/index.php\/wp-json\/wp\/v2\/posts"}],"about":[{"href":"https:\/\/evertonfc.cz\/index.php\/wp-json\/wp\/v2\/types\/post"}],"author":[{"embeddable":true,"href":"https:\/\/evertonfc.cz\/index.php\/wp-json\/wp\/v2\/users\/6"}],"replies":[{"embeddable":true,"href":"https:\/\/evertonfc.cz\/index.php\/wp-json\/wp\/v2\/comments?post=1368"}],"version-history":[{"count":1,"href":"https:\/\/evertonfc.cz\/index.php\/wp-json\/wp\/v2\/posts\/1368\/revisions"}],"predecessor-version":[{"id":1369,"href":"https:\/\/evertonfc.cz\/index.php\/wp-json\/wp\/v2\/posts\/1368\/revisions\/1369"}],"wp:featuredmedia":[{"embeddable":true,"href":"https:\/\/evertonfc.cz\/index.php\/wp-json\/wp\/v2\/media\/13968"}],"wp:attachment":[{"href":"https:\/\/evertonfc.cz\/index.php\/wp-json\/wp\/v2\/media?parent=1368"}],"wp:term":[{"taxonomy":"category","embeddable":true,"href":"https:\/\/evertonfc.cz\/index.php\/wp-json\/wp\/v2\/categories?post=1368"},{"taxonomy":"post_tag","embeddable":true,"href":"https:\/\/evertonfc.cz\/index.php\/wp-json\/wp\/v2\/tags?post=1368"}],"curies":[{"name":"wp","href":"https:\/\/api.w.org\/{rel}","templated":true}]}}