{"id":1370,"date":"2018-10-30T19:46:57","date_gmt":"2018-10-30T18:46:57","guid":{"rendered":"http:\/\/evertonfc.cz\/?p=1370"},"modified":"2021-02-24T14:36:23","modified_gmt":"2021-02-24T13:36:23","slug":"manchester-united-everton-21","status":"publish","type":"post","link":"https:\/\/evertonfc.cz\/index.php\/2018\/10\/30\/manchester-united-everton-21\/","title":{"rendered":"Manchester United &#8211; Everton 2:1"},"content":{"rendered":"<h4>Na vlastn\u00e9 zmary nesta\u010dia Pickfordove \u010dary. Prem\u00e1rnen\u00fa \u0161ancu spom\u00edna tla\u010d, ostali ve\u013ek\u00e9 o\u010di pre pla\u010d? Rozhodcovia si m\u00f4\u017eu skr\u00fdva\u0165 svoju tv\u00e1r, potrebuje Premier League VAR?<\/h4>\n<p>Aby bolo v\u00f4bec\u00a0\u010do, p\u00edsomn\u00e9 prepieranie potrebuje d\u00f4kazov\u00fd materi\u00e1l. Tak\u017ee navrhujem si v stru\u010dnosti zhrn\u00fa\u0165, \u010doho sme boli v\u00a0nede\u013eu svedkom. A\u00a0to sa samozrejme ospravedl\u0148ujem, \u017ee dnes je u\u017e utorok. Inform\u00e1cie v\u0161ak bud\u00fa st\u00e1le aktu\u00e1lne.<\/p>\n<p>Nezmenen\u00e1 zostava od skvele na\u010dasovanej v\u00fdhry s\u00a0Orlami z\u00a0Lond\u00fdna sa zoradila aj v\u00a0Divadle Snov. Po min\u00fate ticha venovanej pamiatke obetiam prv\u00e9ho svetov\u00e9ho konfliktu, a\u00a0nane\u0161\u0165astie aj obetiam p\u00e1du helikopt\u00e9ry majite\u013ea Leicesteru City, sa za\u010dalo hra\u0165. Dom\u00e1ci sa chopili iniciat\u00edvy a\u00a0my sme udr\u017eali \u00favodn\u00fd n\u00e1tlak. Ned\u00e1 mi nespomen\u00fa\u0165, \u017ee United s\u00fa o\u010dividne mu\u017estvo dvoch tv\u00e1ri. Proti Juventusu ost\u00fdchav\u00ed, na defenz\u00edvu zameran\u00ed, svojho \u0161tat\u00fatu nehodn\u00ed. Skoro ako Everton za \u0161k\u00f3tskeho vedenia. E\u0161te k tomu na dom\u00e1cej p\u00f4de. Lusknut\u00edm prstov o\u00a0p\u00e1r dn\u00ed nesk\u00f4r, in\u00fd s\u00faper, in\u00fd mrav. \u017de by sme nebudili dostato\u010dn\u00fd re\u0161pekt? Zatia\u013e.<\/p>\n<p>Po\u010das stretnutia ani jedno z mu\u017estiev neprebralo opraty a nediktovalo tempo. To je dobr\u00e1 vec, preto\u017ee sme boli svedkami z\u00e1\u017eivnej, prelievanej hry v tempe. Ale pri mo\u017enostiach t\u00edmu z Liverpoolu sa d\u00e1 pr\u00e1ve tento ch\u00fdbaj\u00faci aspekt vy\u010d\u00edta\u0165. Z\u00e1kladn\u00e1 zostava Toffees disponuje hne\u010f nieko\u013ek\u00fdmi hr\u00e1\u010dmi so skvostn\u00fdmi zru\u010dnos\u0165ami na lopte. Tak pre\u010do to nevyu\u017ei\u0165? T\u00fato sez\u00f3nu, najm\u00e4 v Goodison Parku, sme videli, \u017ee hr\u00e1\u010di sa o to sna\u017eia, ale postupom \u010dasu a zmenami v zostave sa od tohto aspektu upustilo. Opodstatnene.<\/p>\n<p>A Marco je pr\u00e1ve zn\u00e1my t\u00fdm, \u017ee jeho zna\u010dka futbalu nesie rysy pr\u00e1ve r\u00fdchlych proti\u00fatokov. Len\u017ee, ak je s\u00faper dobre organizovan\u00fd aj pri prechode, \u010do n\u00e1m ost\u00e1va? Vykombinova\u0165 s\u00fapera, meni\u0165 poz\u00edcie, odl\u00e1ka\u0165 obrancov zo svojich poz\u00edcii. A hlavne, nenecha\u0165 hra\u0165 Richarlisona chrbtom v br\u00e1ne. Lebo nie je to jeho chyba, \u017ee nem\u00e1 vlastnosti ortodoxn\u00e9ho \u00fato\u010dn\u00edka. Je to jeho v\u00fdsada. Preto hr\u00e1 na hrote za braz\u00edlsky n\u00e1rodn\u00fd v\u00fdber a preto moment\u00e1lne sed\u00ed Turek na lavi\u010dke.<\/p>\n<p>Vypracovan\u00e9 \u0161ance pote\u0161ili. Nebudem ich v\u00e1m tu ale opisova\u0165, na to sl\u00fa\u017eia \u201ehighlights\u201c. No treba ich viac a treba ich premie\u0148a\u0165. Inak pr\u00edde vlastn\u00e1 chyba, nezodpovednos\u0165 a penalta je na svete. Je a\u017e alarmuj\u00face, \u017ee v\u00e4\u010d\u0161ina \u00fatokov prich\u00e1dzala z pravej strany. Nako\u013eko to prip\u00edsa\u0165 forme Martiala alebo upadaj\u00facej spolupr\u00e1ce Walcotta s Colemanom, to sa uvid\u00ed. Ist\u00e9 je, \u017ee pri obidvoch inkasovan\u00fdch g\u00f3loch bol prv\u00fd menovan\u00fd hr\u00e1\u010d host\u00ed. Martial sa tak po na\u0161ej strate lopty dost\u00e1va do pokutov\u00e9ho \u00fazemia a p\u00fdta si po kontakte s Gueyem a n\u00e1slednom teatr\u00e1lnom p\u00e1de penaltu, ktor\u00fa mu Jon Moss bez n\u00e1znaku zav\u00e1hania udel\u00ed.<\/p>\n<p>\u010co na tom, \u017ee Gana loptu zasiahol a vypichol e\u0161te pred jeho p\u00e1dom. A ke\u010f proti sporn\u00e9mu rozhodnutiu protestuj\u00fa e\u0161te traja zo \u0161tyroch z\u00fa\u010dastnen\u00fdch v \u0161t\u00fadiu, z toho jeden je ist\u00fd Graeme Souness, to u\u017e je \u010do poveda\u0165. Len\u017ee FA m\u00e1 na to in\u00fd n\u00e1zor a my ho budeme re\u0161pektova\u0165. Medzit\u00fdm zavr\u0161uje vlastn\u00fdmi fan\u00fa\u0161ikmi vybu\u010dan\u00fd Pogba svoju g\u00f3lov\u00fa dor\u00e1\u017eku z 26 krokov\u00e9ho rozbehu pokutov\u00e9ho kopu&#8230; hej, e\u0161te st\u00e1le&#8230;<\/p>\n<p>D\u00e9j\u00e0 vu, Walcott str\u00e1ca loptu. Bezdu\u0161evne sa vracia br\u00e1ni\u0165, nest\u00edha pokry\u0165 Martiala a ten v\u00fdstavne triafa obl\u00fakom za chrb\u00e1t na\u0161ej jednotky. Hnev a zn\u00e1me pocity sa okam\u017eite vyroja a neby\u0165 frustruj\u00facich prejavov Colamana s Pickfordom, \u010dlovek by si myslel, \u017ee je to st\u00e1le ten ist\u00fd Everton z pred p\u00e1r mesiacov.<\/p>\n<p>N\u00e1dej do konca stretnutia poskytuje jasn\u00fd \u0161estn\u00e1stkov\u00fd faul Smallinga na Richarlisona a premenen\u00e1 penalta Sigurdssona. Pravda\u017ee, premeni\u0165 tlak do \u0161anc\u00ed a n\u00e1sledn\u00fdch koncoviek nie je pri Mourinhov\u00fdch t\u00edmoch \u013eahk\u00e9. Manchester si tak postr\u00e1\u017eil vedenie do konca duelu a nechal cestuj\u00facich fan\u00fa\u0161ikov duma\u0165 nad potenci\u00e1lnou krivdou akiste ve\u013emi dlho.<\/p>\n<p>V ka\u017edom pr\u00edpade, nejdeme ospravedl\u0148ova\u0165 vlastn\u00fa prehru. Na jednej strane, kone\u010dne prezent\u00e1cia hodn\u00e1 kr\u00e1\u013eovskej modrej, na druhej vlastn\u00e1 nezodpovednos\u0165 a ch\u00fdbaj\u00faci punc kvality, mo\u017eno v\u00e4\u010d\u0161ieho zohrania. Z\u00e1merne nechcem spomen\u00fa\u0165 aj tretiu stranu. T\u00fa ukrivden\u00fa. Lebo rozhodcovsk\u00e1 karma sa net\u00fdka len n\u00e1s. Ka\u017ed\u00fd hrac\u00ed de\u0148 \u0148ou trp\u00ed ve\u013ea in\u00fdch klubov, a verte mi, ur\u010dite sa to prestrieda. Ja osobne nec\u00edtim zados\u0165u\u010dinenie, ke\u010f zval\u00edm vinu na p\u00e1na Mossa, za kontroverzn\u00fa penaltu alebo za zauj\u00edmav\u00fd meter z\u00e1krokov, podot\u00fdkam na oboch stran\u00e1ch.<\/p>\n<p>Satisfakcia sa dostav\u00ed a\u017e po spomenut\u00ed Bernardovej tutovky, \u010di Walcottovej lenivosti. Najm\u00e4 Braz\u00edl\u010danova exponenci\u00e1lna \u0161anca vyt\u00e1\u010da \u010dloveka do nepr\u00ed\u010detnosti. \u010c\u00edm dlh\u0161ie sa na t\u00fa situ\u00e1ciu fan\u00fa\u0161ik pozer\u00e1, t\u00fdm viac sa mu zd\u00e1 nevyhnutn\u00e9 jej g\u00f3lov\u00e9 zakon\u010denie. Preto pokoj a trpezlivos\u0165, priatelia, dedukova\u0165 sa d\u00e1, \u017ee \u010d\u00edm dlh\u0161ie to bude tak\u00e9to tr\u00e1penie na hrane pokra\u010dova\u0165, misky v\u00e1h sa napokon naklonia.<\/p>\n<p><strong>Mu\u017e z\u00e1pasu:\u00a0<\/strong>Anthony Martial (BBC\/Sky)<\/p>\n<p><strong>G\u00f3ly:<\/strong>\u00a027\u00b4 Pogba, 49\u00b4 Martial, 77\u00b4 Sigurdsson (penalta)<\/p>\n<p><strong>\u017dK:\u00a0<\/strong>20\u00b4 Smalling, 22\u00b4 Gueye, 39\u00b4 Mati\u0107,<\/p>\n<p><strong>Manchester United\u00a0FC:\u00a0<\/strong>de Gea \u2013 Young, Smalling, Lindelof, Shaw &#8211; Mati\u0107, Pogba, Fred (90+5\u00b4Lingard) &#8211; Mata (85\u00b4Herrera), Rashford (65\u00b4Lukaku), Martial<\/p>\n<p><strong>Everton FC:\u00a0<\/strong>Pickford \u2013 Coleman, Keane, Zouma, Digne \u2013 Gueye (78\u00b4Calvert-Lewin), Gomes, Sigurdsson \u2013 Walcott (78\u00b4Tosun), Richarlison, Bernard (62\u00b4Lookman)<\/p>\n<p><strong>Rozhodca:\u00a0<\/strong>Jonathan Moss<\/p>\n<p><strong>Po\u010det div\u00e1kov:\u00a0<\/strong>74 525, Old Trafford (Manchester)<\/p>\n","protected":false},"excerpt":{"rendered":"<p>Na vlastn\u00e9 zmary nesta\u010dia Pickfordove \u010dary. Prem\u00e1rnen\u00fa \u0161ancu spom\u00edna tla\u010d, ostali ve\u013ek\u00e9 o\u010di pre pla\u010d? Rozhodcovia si m\u00f4\u017eu skr\u00fdva\u0165 svoju tv\u00e1r, potrebuje Premier League VAR?<\/p>\n","protected":false},"author":1,"featured_media":1349,"comment_status":"open","ping_status":"closed","sticky":false,"template":"","format":"standard","meta":{"_eb_attr":"","_monsterinsights_skip_tracking":false,"_monsterinsights_sitenote_active":false,"_monsterinsights_sitenote_note":"","_monsterinsights_sitenote_category":0,"footnotes":""},"categories":[4],"tags":[],"yoast_head":"<!-- This site is optimized with the Yoast SEO plugin v23.4 - https:\/\/yoast.com\/wordpress\/plugins\/seo\/ -->\n<title>Manchester United - Everton 2:1 - Official Czech &amp; Slovak Everton Supporters&#039; Club<\/title>\n<meta name=\"robots\" content=\"index, follow, max-snippet:-1, max-image-preview:large, max-video-preview:-1\" \/>\n<link rel=\"canonical\" href=\"https:\/\/evertonfc.cz\/index.php\/2018\/10\/30\/manchester-united-everton-21\/\" \/>\n<meta property=\"og:locale\" content=\"cs_CZ\" \/>\n<meta property=\"og:type\" content=\"article\" \/>\n<meta property=\"og:title\" content=\"Manchester United - Everton 2:1 - Official Czech &amp; Slovak Everton Supporters&#039; Club\" \/>\n<meta property=\"og:description\" content=\"Na vlastn\u00e9 zmary nesta\u010dia Pickfordove \u010dary. Prem\u00e1rnen\u00fa \u0161ancu spom\u00edna tla\u010d, ostali ve\u013ek\u00e9 o\u010di pre pla\u010d? Rozhodcovia si m\u00f4\u017eu skr\u00fdva\u0165 svoju tv\u00e1r, potrebuje Premier League VAR?\" \/>\n<meta property=\"og:url\" content=\"https:\/\/evertonfc.cz\/index.php\/2018\/10\/30\/manchester-united-everton-21\/\" \/>\n<meta property=\"og:site_name\" content=\"Official Czech &amp; Slovak Everton Supporters&#039; Club\" \/>\n<meta property=\"article:publisher\" content=\"https:\/\/www.facebook.com\/everton.fans.cz.sk\" \/>\n<meta property=\"article:published_time\" content=\"2018-10-30T18:46:57+00:00\" \/>\n<meta property=\"article:modified_time\" content=\"2021-02-24T13:36:23+00:00\" \/>\n<meta property=\"og:image\" content=\"https:\/\/evertonfc.cz\/wp-content\/uploads\/2019\/01\/pogba_martial.jpg\" \/>\n\t<meta property=\"og:image:width\" content=\"720\" \/>\n\t<meta property=\"og:image:height\" content=\"405\" \/>\n\t<meta property=\"og:image:type\" content=\"image\/jpeg\" \/>\n<meta name=\"author\" content=\"BlueBlooded\" \/>\n<meta name=\"twitter:card\" content=\"summary_large_image\" \/>\n<meta name=\"twitter:label1\" content=\"Napsal(a)\" \/>\n\t<meta name=\"twitter:data1\" content=\"BlueBlooded\" \/>\n\t<meta name=\"twitter:label2\" content=\"Odhadovan\u00e1 doba \u010dten\u00ed\" \/>\n\t<meta name=\"twitter:data2\" content=\"4 minuty\" \/>\n<script type=\"application\/ld+json\" class=\"yoast-schema-graph\">{\"@context\":\"https:\/\/schema.org\",\"@graph\":[{\"@type\":\"Article\",\"@id\":\"https:\/\/evertonfc.cz\/index.php\/2018\/10\/30\/manchester-united-everton-21\/#article\",\"isPartOf\":{\"@id\":\"https:\/\/evertonfc.cz\/index.php\/2018\/10\/30\/manchester-united-everton-21\/\"},\"author\":{\"name\":\"BlueBlooded\",\"@id\":\"https:\/\/evertonfc.cz\/#\/schema\/person\/d4493b8cbea51532597fbc4685698916\"},\"headline\":\"Manchester United &#8211; Everton 2:1\",\"datePublished\":\"2018-10-30T18:46:57+00:00\",\"dateModified\":\"2021-02-24T13:36:23+00:00\",\"mainEntityOfPage\":{\"@id\":\"https:\/\/evertonfc.cz\/index.php\/2018\/10\/30\/manchester-united-everton-21\/\"},\"wordCount\":988,\"commentCount\":0,\"publisher\":{\"@id\":\"https:\/\/evertonfc.cz\/#organization\"},\"image\":{\"@id\":\"https:\/\/evertonfc.cz\/index.php\/2018\/10\/30\/manchester-united-everton-21\/#primaryimage\"},\"thumbnailUrl\":\"https:\/\/evertonfc.cz\/wp-content\/uploads\/2019\/01\/pogba_martial.jpg\",\"articleSection\":[\"Z\u00e1pasy\"],\"inLanguage\":\"cs\",\"potentialAction\":[{\"@type\":\"CommentAction\",\"name\":\"Comment\",\"target\":[\"https:\/\/evertonfc.cz\/index.php\/2018\/10\/30\/manchester-united-everton-21\/#respond\"]}]},{\"@type\":\"WebPage\",\"@id\":\"https:\/\/evertonfc.cz\/index.php\/2018\/10\/30\/manchester-united-everton-21\/\",\"url\":\"https:\/\/evertonfc.cz\/index.php\/2018\/10\/30\/manchester-united-everton-21\/\",\"name\":\"Manchester United - Everton 2:1 - Official Czech &amp; Slovak Everton Supporters&#039; Club\",\"isPartOf\":{\"@id\":\"https:\/\/evertonfc.cz\/#website\"},\"primaryImageOfPage\":{\"@id\":\"https:\/\/evertonfc.cz\/index.php\/2018\/10\/30\/manchester-united-everton-21\/#primaryimage\"},\"image\":{\"@id\":\"https:\/\/evertonfc.cz\/index.php\/2018\/10\/30\/manchester-united-everton-21\/#primaryimage\"},\"thumbnailUrl\":\"https:\/\/evertonfc.cz\/wp-content\/uploads\/2019\/01\/pogba_martial.jpg\",\"datePublished\":\"2018-10-30T18:46:57+00:00\",\"dateModified\":\"2021-02-24T13:36:23+00:00\",\"breadcrumb\":{\"@id\":\"https:\/\/evertonfc.cz\/index.php\/2018\/10\/30\/manchester-united-everton-21\/#breadcrumb\"},\"inLanguage\":\"cs\",\"potentialAction\":[{\"@type\":\"ReadAction\",\"target\":[\"https:\/\/evertonfc.cz\/index.php\/2018\/10\/30\/manchester-united-everton-21\/\"]}]},{\"@type\":\"ImageObject\",\"inLanguage\":\"cs\",\"@id\":\"https:\/\/evertonfc.cz\/index.php\/2018\/10\/30\/manchester-united-everton-21\/#primaryimage\",\"url\":\"https:\/\/evertonfc.cz\/wp-content\/uploads\/2019\/01\/pogba_martial.jpg\",\"contentUrl\":\"https:\/\/evertonfc.cz\/wp-content\/uploads\/2019\/01\/pogba_martial.jpg\",\"width\":720,\"height\":405},{\"@type\":\"BreadcrumbList\",\"@id\":\"https:\/\/evertonfc.cz\/index.php\/2018\/10\/30\/manchester-united-everton-21\/#breadcrumb\",\"itemListElement\":[{\"@type\":\"ListItem\",\"position\":1,\"name\":\"Home\",\"item\":\"https:\/\/evertonfc.cz\/\"},{\"@type\":\"ListItem\",\"position\":2,\"name\":\"Manchester United &#8211; Everton 2:1\"}]},{\"@type\":\"WebSite\",\"@id\":\"https:\/\/evertonfc.cz\/#website\",\"url\":\"https:\/\/evertonfc.cz\/\",\"name\":\"Official Czech &amp; Slovak Everton Supporters&#039; Club\",\"description\":\"\",\"publisher\":{\"@id\":\"https:\/\/evertonfc.cz\/#organization\"},\"potentialAction\":[{\"@type\":\"SearchAction\",\"target\":{\"@type\":\"EntryPoint\",\"urlTemplate\":\"https:\/\/evertonfc.cz\/?s={search_term_string}\"},\"query-input\":{\"@type\":\"PropertyValueSpecification\",\"valueRequired\":true,\"valueName\":\"search_term_string\"}}],\"inLanguage\":\"cs\"},{\"@type\":\"Organization\",\"@id\":\"https:\/\/evertonfc.cz\/#organization\",\"name\":\"Official Czech & Slovak Everton Supporters' Club\",\"url\":\"https:\/\/evertonfc.cz\/\",\"logo\":{\"@type\":\"ImageObject\",\"inLanguage\":\"cs\",\"@id\":\"https:\/\/evertonfc.cz\/#\/schema\/logo\/image\/\",\"url\":\"https:\/\/evertonfc.cz\/wp-content\/uploads\/2019\/05\/logo.png\",\"contentUrl\":\"https:\/\/evertonfc.cz\/wp-content\/uploads\/2019\/05\/logo.png\",\"width\":112,\"height\":112,\"caption\":\"Official Czech & Slovak Everton Supporters' Club\"},\"image\":{\"@id\":\"https:\/\/evertonfc.cz\/#\/schema\/logo\/image\/\"},\"sameAs\":[\"https:\/\/www.facebook.com\/everton.fans.cz.sk\"]},{\"@type\":\"Person\",\"@id\":\"https:\/\/evertonfc.cz\/#\/schema\/person\/d4493b8cbea51532597fbc4685698916\",\"name\":\"BlueBlooded\",\"url\":\"https:\/\/evertonfc.cz\/index.php\/author\/admin\/\"}]}<\/script>\n<!-- \/ Yoast SEO plugin. -->","yoast_head_json":{"title":"Manchester United - Everton 2:1 - Official Czech &amp; Slovak Everton Supporters&#039; Club","robots":{"index":"index","follow":"follow","max-snippet":"max-snippet:-1","max-image-preview":"max-image-preview:large","max-video-preview":"max-video-preview:-1"},"canonical":"https:\/\/evertonfc.cz\/index.php\/2018\/10\/30\/manchester-united-everton-21\/","og_locale":"cs_CZ","og_type":"article","og_title":"Manchester United - Everton 2:1 - Official Czech &amp; Slovak Everton Supporters&#039; Club","og_description":"Na vlastn\u00e9 zmary nesta\u010dia Pickfordove \u010dary. Prem\u00e1rnen\u00fa \u0161ancu spom\u00edna tla\u010d, ostali ve\u013ek\u00e9 o\u010di pre pla\u010d? Rozhodcovia si m\u00f4\u017eu skr\u00fdva\u0165 svoju tv\u00e1r, potrebuje Premier League VAR?","og_url":"https:\/\/evertonfc.cz\/index.php\/2018\/10\/30\/manchester-united-everton-21\/","og_site_name":"Official Czech &amp; Slovak Everton Supporters&#039; Club","article_publisher":"https:\/\/www.facebook.com\/everton.fans.cz.sk","article_published_time":"2018-10-30T18:46:57+00:00","article_modified_time":"2021-02-24T13:36:23+00:00","og_image":[{"width":720,"height":405,"url":"https:\/\/evertonfc.cz\/wp-content\/uploads\/2019\/01\/pogba_martial.jpg","type":"image\/jpeg"}],"author":"BlueBlooded","twitter_card":"summary_large_image","twitter_misc":{"Napsal(a)":"BlueBlooded","Odhadovan\u00e1 doba \u010dten\u00ed":"4 minuty"},"schema":{"@context":"https:\/\/schema.org","@graph":[{"@type":"Article","@id":"https:\/\/evertonfc.cz\/index.php\/2018\/10\/30\/manchester-united-everton-21\/#article","isPartOf":{"@id":"https:\/\/evertonfc.cz\/index.php\/2018\/10\/30\/manchester-united-everton-21\/"},"author":{"name":"BlueBlooded","@id":"https:\/\/evertonfc.cz\/#\/schema\/person\/d4493b8cbea51532597fbc4685698916"},"headline":"Manchester United &#8211; Everton 2:1","datePublished":"2018-10-30T18:46:57+00:00","dateModified":"2021-02-24T13:36:23+00:00","mainEntityOfPage":{"@id":"https:\/\/evertonfc.cz\/index.php\/2018\/10\/30\/manchester-united-everton-21\/"},"wordCount":988,"commentCount":0,"publisher":{"@id":"https:\/\/evertonfc.cz\/#organization"},"image":{"@id":"https:\/\/evertonfc.cz\/index.php\/2018\/10\/30\/manchester-united-everton-21\/#primaryimage"},"thumbnailUrl":"https:\/\/evertonfc.cz\/wp-content\/uploads\/2019\/01\/pogba_martial.jpg","articleSection":["Z\u00e1pasy"],"inLanguage":"cs","potentialAction":[{"@type":"CommentAction","name":"Comment","target":["https:\/\/evertonfc.cz\/index.php\/2018\/10\/30\/manchester-united-everton-21\/#respond"]}]},{"@type":"WebPage","@id":"https:\/\/evertonfc.cz\/index.php\/2018\/10\/30\/manchester-united-everton-21\/","url":"https:\/\/evertonfc.cz\/index.php\/2018\/10\/30\/manchester-united-everton-21\/","name":"Manchester United - Everton 2:1 - Official Czech &amp; Slovak Everton Supporters&#039; Club","isPartOf":{"@id":"https:\/\/evertonfc.cz\/#website"},"primaryImageOfPage":{"@id":"https:\/\/evertonfc.cz\/index.php\/2018\/10\/30\/manchester-united-everton-21\/#primaryimage"},"image":{"@id":"https:\/\/evertonfc.cz\/index.php\/2018\/10\/30\/manchester-united-everton-21\/#primaryimage"},"thumbnailUrl":"https:\/\/evertonfc.cz\/wp-content\/uploads\/2019\/01\/pogba_martial.jpg","datePublished":"2018-10-30T18:46:57+00:00","dateModified":"2021-02-24T13:36:23+00:00","breadcrumb":{"@id":"https:\/\/evertonfc.cz\/index.php\/2018\/10\/30\/manchester-united-everton-21\/#breadcrumb"},"inLanguage":"cs","potentialAction":[{"@type":"ReadAction","target":["https:\/\/evertonfc.cz\/index.php\/2018\/10\/30\/manchester-united-everton-21\/"]}]},{"@type":"ImageObject","inLanguage":"cs","@id":"https:\/\/evertonfc.cz\/index.php\/2018\/10\/30\/manchester-united-everton-21\/#primaryimage","url":"https:\/\/evertonfc.cz\/wp-content\/uploads\/2019\/01\/pogba_martial.jpg","contentUrl":"https:\/\/evertonfc.cz\/wp-content\/uploads\/2019\/01\/pogba_martial.jpg","width":720,"height":405},{"@type":"BreadcrumbList","@id":"https:\/\/evertonfc.cz\/index.php\/2018\/10\/30\/manchester-united-everton-21\/#breadcrumb","itemListElement":[{"@type":"ListItem","position":1,"name":"Home","item":"https:\/\/evertonfc.cz\/"},{"@type":"ListItem","position":2,"name":"Manchester United &#8211; Everton 2:1"}]},{"@type":"WebSite","@id":"https:\/\/evertonfc.cz\/#website","url":"https:\/\/evertonfc.cz\/","name":"Official Czech &amp; Slovak Everton Supporters&#039; Club","description":"","publisher":{"@id":"https:\/\/evertonfc.cz\/#organization"},"potentialAction":[{"@type":"SearchAction","target":{"@type":"EntryPoint","urlTemplate":"https:\/\/evertonfc.cz\/?s={search_term_string}"},"query-input":{"@type":"PropertyValueSpecification","valueRequired":true,"valueName":"search_term_string"}}],"inLanguage":"cs"},{"@type":"Organization","@id":"https:\/\/evertonfc.cz\/#organization","name":"Official Czech & Slovak Everton Supporters' Club","url":"https:\/\/evertonfc.cz\/","logo":{"@type":"ImageObject","inLanguage":"cs","@id":"https:\/\/evertonfc.cz\/#\/schema\/logo\/image\/","url":"https:\/\/evertonfc.cz\/wp-content\/uploads\/2019\/05\/logo.png","contentUrl":"https:\/\/evertonfc.cz\/wp-content\/uploads\/2019\/05\/logo.png","width":112,"height":112,"caption":"Official Czech & Slovak Everton Supporters' Club"},"image":{"@id":"https:\/\/evertonfc.cz\/#\/schema\/logo\/image\/"},"sameAs":["https:\/\/www.facebook.com\/everton.fans.cz.sk"]},{"@type":"Person","@id":"https:\/\/evertonfc.cz\/#\/schema\/person\/d4493b8cbea51532597fbc4685698916","name":"BlueBlooded","url":"https:\/\/evertonfc.cz\/index.php\/author\/admin\/"}]}},"_links":{"self":[{"href":"https:\/\/evertonfc.cz\/index.php\/wp-json\/wp\/v2\/posts\/1370"}],"collection":[{"href":"https:\/\/evertonfc.cz\/index.php\/wp-json\/wp\/v2\/posts"}],"about":[{"href":"https:\/\/evertonfc.cz\/index.php\/wp-json\/wp\/v2\/types\/post"}],"author":[{"embeddable":true,"href":"https:\/\/evertonfc.cz\/index.php\/wp-json\/wp\/v2\/users\/1"}],"replies":[{"embeddable":true,"href":"https:\/\/evertonfc.cz\/index.php\/wp-json\/wp\/v2\/comments?post=1370"}],"version-history":[{"count":3,"href":"https:\/\/evertonfc.cz\/index.php\/wp-json\/wp\/v2\/posts\/1370\/revisions"}],"predecessor-version":[{"id":14297,"href":"https:\/\/evertonfc.cz\/index.php\/wp-json\/wp\/v2\/posts\/1370\/revisions\/14297"}],"wp:featuredmedia":[{"embeddable":true,"href":"https:\/\/evertonfc.cz\/index.php\/wp-json\/wp\/v2\/media\/1349"}],"wp:attachment":[{"href":"https:\/\/evertonfc.cz\/index.php\/wp-json\/wp\/v2\/media?parent=1370"}],"wp:term":[{"taxonomy":"category","embeddable":true,"href":"https:\/\/evertonfc.cz\/index.php\/wp-json\/wp\/v2\/categories?post=1370"},{"taxonomy":"post_tag","embeddable":true,"href":"https:\/\/evertonfc.cz\/index.php\/wp-json\/wp\/v2\/tags?post=1370"}],"curies":[{"name":"wp","href":"https:\/\/api.w.org\/{rel}","templated":true}]}}