{"id":13709,"date":"2021-01-26T08:53:34","date_gmt":"2021-01-26T07:53:34","guid":{"rendered":"https:\/\/evertonfc.cz\/?p=13709"},"modified":"2021-01-26T09:04:58","modified_gmt":"2021-01-26T08:04:58","slug":"everton-sheffield-wednesday-30","status":"publish","type":"post","link":"https:\/\/evertonfc.cz\/index.php\/2021\/01\/26\/everton-sheffield-wednesday-30\/","title":{"rendered":"Everton \u2013 Sheffield Wednesday 3:0"},"content":{"rendered":"<h4>Pohodln\u00fd postup v\u00a0najstar\u0161ej poh\u00e1rovej s\u00fa\u0165a\u017ei si Karamelky zabezpe\u010dili g\u00f3lmi Calverta-Lewina, Richarlisona a\u00a0Minu. Dvomi asistenciami hviezdil tie\u017e James Rodr\u00edguez.<\/h4>\n<p>Prv\u00e1 ostr\u00e1 akcia po jeden\u00e1stich d\u0148och dala \u0161ancu uzdraven\u00e9mu \u010d\u00edslu dev\u00e4\u0165 nabra\u0165 potrebn\u00fa kond\u00edciu a\u00a0formu. Pred ligov\u00fdm stretnut\u00edm s\u00a0L\u00ed\u0161kami sa ur\u010dite z\u00edde. Od z\u00e1pasu s\u00a0Wolves sme sa okrem zmeny na hrote do\u010dkali aj \u010fal\u0161\u00edch. Do z\u00e1kladu sa vr\u00e1til Coleman, oddychoval naopak Digne aj Iwobi. Davies ostal len na lavi\u010dke a\u00a0v\u00a0br\u00e1ne rotoval Olsen. Form\u00e1cia 4-2-3-1 proti s\u00faperovej 3-4-3.<\/p>\n<h4><strong>Z\u00e1pas<\/strong><\/h4>\n<p>Oponent v\u00a0Goodison Parku p\u00f4sobil sol\u00eddnym dojmom. Na\u0161\u0165astie, nepri\u0161iel sa len bi\u0165 a\u00a0okop\u00e1va\u0165, sna\u017eil sa n\u00e1m znepr\u00edjemni\u0165 \u017eivot futbalom. Postup medzi posledn\u00fdch \u0161estn\u00e1s\u0165 t\u00edmov chcel poctivo. Mal p\u00e1r akcii, zv\u00e4\u010d\u0161a v\u00a0proti\u00fatokoch, ale ni\u010d, \u010doho by sa celok z\u00a0Premier League musel ob\u00e1va\u0165.<\/p>\n<p>Karamelky mohli vies\u0165 u\u017e sk\u00f4r, ale Richarlisona po exkvizitnej prihr\u00e1vke Jamesa sklamala m\u00e1vaj\u00faca zast\u00e1vka postrann\u00e9ho rozhodcu, a\u00a0chv\u00ed\u013eu predt\u00fdm jeho vlastn\u00fd koncovka hlavou, ktor\u00fa brank\u00e1r vytla\u010dil nad brvno. Kvalita sa v\u0161ak prejavila a\u00a0prvotn\u00fd odpor bol zlomen\u00fd po pol hodine hry. Gomes sa pohral s\u00a0obranou vo v\u00e1pne a\u00a0\u013eava\u010dkou naserv\u00edroval n\u00edzky center popred brank\u00e1ra na zadn\u00fa ty\u010d, kde \u010d\u00edhal DCL. <strong>1:0<\/strong><\/p>\n<p>V\u00a0nasleduj\u00facom dejstve u\u017e s\u00faper nemal n\u00e1rok, nezm\u00e1hal sa na v\u00fdrazn\u00fd odpor, a\u00a0 James si tak robil \u010do chcel. DCL a Richarlison tie\u017e sk\u00fa\u0161ali svojimi pokusmi \u00farove\u0148 pozornosti v\u00a0br\u00e1ne, no stav stretnutia sa menil najm\u00e4 pri rohoch \u010d\u00edsla 19, zakr\u00faten\u00fdch smerom do br\u00e1ny. Tak\u017ee po hodine hry a\u00a0hlavi\u010dke Richarlisona u\u017e svietilo <strong>2:0<\/strong>. Pri repete o\u00a0tri min\u00faty nesk\u00f4r u\u017e sk\u00e1kal Mina a\u00a0efekt bol rovnak\u00fd. Sk\u00f3re <strong>3:0<\/strong>.<\/p>\n<h4><strong>Zhrnutie<\/strong><\/h4>\n<p>Nepodcenen\u00fd pr\u00edstup bol korunovan\u00fd z\u00e1bleskom jasnej bud\u00facnosti, ktor\u00fa n\u00e1m Ancelotti prezentoval vo forme striedania dvoch t\u00edned\u017eerov, odchovan\u00fdch na Finch Farm. Tyler Onyango \u2013 vysok\u00fd sedemn\u00e1s\u0165ro\u010dn\u00fd stredn\u00fd z\u00e1lo\u017en\u00edk, a Thierry Small \u2013 \u0161estn\u00e1s\u0165ro\u010dn\u00fd \u013eav\u00fd obranca, ktor\u00fd o\u00a015 dn\u00ed prekonal rekord doteraz najmlad\u0161ieho debutanta Baxtera. Naposledy, a\u00a0v\u00f4bec prv\u00fd raz, ke\u010f Everton doprial debut aspo\u0148 dvom hr\u00e1\u010dom vo veku 17 a\u00a0menej rokov, sa p\u00edsal proti Lutonu m\u00e1jov\u00fd d\u00e1tum 1985.<\/p>\n<p>V\u00a0piatom kole FA Cupu si The Toffees zmeraj\u00fa sily so Spurs. The Lilywhites z\u00a0Lond\u00fdna si poradili s\u00a0Wycombe Wanderers, posledn\u00fdm celkom Championship hladko 4:1. Duel sa odohr\u00e1 v t\u00fd\u017edni od 8. febru\u00e1ra.<\/p>\n<h4><strong>Zauj\u00edmavosti<\/strong><\/h4>\n<ul>\n<li>Everton doteraz vyhral 15 zo svojich 23 z\u00e1pasov vo v\u0161etk\u00fdch s\u00fa\u0165a\u017eiach v tejto sez\u00f3ne (65%), \u010do je len o jeden menej, ako stihli The Toffees po\u010das celej minulej sez\u00f3ny (16\/43 &#8211; 37%).<\/li>\n<li>Ancelotti u\u017e post\u00fapil v deviatich zo svojich 11 z\u00e1pasov v FA Cupe, ktor\u00e9 odohral ako mana\u017e\u00e9r Chelsea (7) a\u00a0v\u00a0s\u00fa\u010dasnom Evertone (2), vr\u00e1tane v\u00ed\u0165azstva v s\u00fa\u0165a\u017ei s\u00a0The Blues v sez\u00f3ne 2009\/10.<\/li>\n<li>James Rodr\u00edguez si v tejto sez\u00f3ne prip\u00edsal sedem asistenci\u00ed vo v\u0161etk\u00fdch s\u00fa\u0165a\u017eiach, pri\u010dom v\u0161etky pri\u0161li v Goodison Parku \u2013 od sez\u00f3ny 2014\/15 (Ross Barkley &#8211; 8) nebol nikto lep\u0161\u00ed.<\/li>\n<li>Naposledy post\u00fapil Everton do piateho kola FA Cupu e\u0161te v ro\u010dn\u00edku 2015\/16, ke\u010f stroskotal a\u017e v semifin\u00e1le na Manchesteri United.<\/li>\n<li>Dominic Calvert-Lewin je prv\u00fdm Angli\u010danom, ktor\u00fd strelil vo v\u0161etk\u00fdch s\u00fa\u0165a\u017eiach najmenej 15 g\u00f3lov v po sebe id\u00facich sez\u00f3nach za Everton, od \u010dias Tonyho Cotteeho. Ten to dok\u00e1zal v troch po sebe nasleduj\u00facich sez\u00f3nach (1988\/89, 1989\/90 a 1990\/91).<\/li>\n<\/ul>\n<h3 style=\"text-align: center;\"><span style=\"color: #3366ff;\"><strong><em>Come On You Blues!<\/em><\/strong><\/span><\/h3>\n<hr \/>\n<p><strong>Zostrihy:<\/strong> <a href=\"https:\/\/www.youtube.com\/watch?v=TDujmcTTbKo\" target=\"_blank\" rel=\"noopener\">YouTube EFC<\/a> \u00a0<strong>Mu\u017e z\u00e1pasu redakcie: <\/strong>James<\/p>\n<p><strong>G\u00f3ly: <\/strong>29\u00b4 Calvert-Lewin (Gomes), 59\u00b4 Richarlison (James), 62\u00b4 Mina (James)<\/p>\n<p><strong>\u017dlt\u00e9 karty: <\/strong>71\u00b4 Godfrey<\/p>\n<p><strong>Sheffield Wednesday FC:\u00a0<\/strong>Wildsmith \u2013 Urhoghide, Brennan, Borner \u2013 Harris, Bannan (68\u00b4 Dele-Bashiru), Pelupessy, Galvin (60\u00b4 Penney) \u2013 Reach (80\u00b4 Marriott), Paterson (60\u00b4 Brown), Green (46\u00b4 Windass)<\/p>\n<p><strong>Everton FC:\u00a0<\/strong>Olsen \u2013 Coleman, Mina, Holgate, Godfrey (76\u00b4 Kenny) \u2013 Doucour\u00e9, Gomes (85\u00b4 Onyango) \u2013 James (85\u00b4 Small), Sigurdsson, Richarlison (76\u00b4 Gordon) \u2013 Calvert-Lewin (67\u00b4 Bernard)<\/p>\n<p><strong>Rozhodca:\u00a0<\/strong>Graham Scott \u00a0<strong>Bez div\u00e1kov<\/strong><\/p>\n","protected":false},"excerpt":{"rendered":"<p>Pohodln\u00fd postup v\u00a0najstar\u0161ej poh\u00e1rovej s\u00fa\u0165a\u017ei si Karamelky zabezpe\u010dili g\u00f3lmi Calverta-Lewina, Richarlisona a\u00a0Minu. Dvomi asistenciami hviezdil tie\u017e James Rodr\u00edguez.<\/p>\n","protected":false},"author":1,"featured_media":13706,"comment_status":"open","ping_status":"closed","sticky":false,"template":"","format":"standard","meta":{"_eb_attr":"","_monsterinsights_skip_tracking":false,"_monsterinsights_sitenote_active":false,"_monsterinsights_sitenote_note":"","_monsterinsights_sitenote_category":0,"footnotes":""},"categories":[4],"tags":[],"yoast_head":"<!-- This site is optimized with the Yoast SEO plugin v23.4 - https:\/\/yoast.com\/wordpress\/plugins\/seo\/ -->\n<title>Everton \u2013 Sheffield Wednesday 3:0 - Official Czech &amp; Slovak Everton Supporters&#039; Club<\/title>\n<meta name=\"robots\" content=\"index, follow, max-snippet:-1, max-image-preview:large, max-video-preview:-1\" \/>\n<link rel=\"canonical\" href=\"https:\/\/evertonfc.cz\/index.php\/2021\/01\/26\/everton-sheffield-wednesday-30\/\" \/>\n<meta property=\"og:locale\" content=\"cs_CZ\" \/>\n<meta property=\"og:type\" content=\"article\" \/>\n<meta property=\"og:title\" content=\"Everton \u2013 Sheffield Wednesday 3:0 - Official Czech &amp; Slovak Everton Supporters&#039; Club\" \/>\n<meta property=\"og:description\" content=\"Pohodln\u00fd postup v\u00a0najstar\u0161ej poh\u00e1rovej s\u00fa\u0165a\u017ei si Karamelky zabezpe\u010dili g\u00f3lmi Calverta-Lewina, Richarlisona a\u00a0Minu. Dvomi asistenciami hviezdil tie\u017e James Rodr\u00edguez.\" \/>\n<meta property=\"og:url\" content=\"https:\/\/evertonfc.cz\/index.php\/2021\/01\/26\/everton-sheffield-wednesday-30\/\" \/>\n<meta property=\"og:site_name\" content=\"Official Czech &amp; Slovak Everton Supporters&#039; Club\" \/>\n<meta property=\"article:publisher\" content=\"https:\/\/www.facebook.com\/everton.fans.cz.sk\" \/>\n<meta property=\"article:published_time\" content=\"2021-01-26T07:53:34+00:00\" \/>\n<meta property=\"article:modified_time\" content=\"2021-01-26T08:04:58+00:00\" \/>\n<meta property=\"og:image\" content=\"https:\/\/evertonfc.cz\/wp-content\/uploads\/2021\/01\/FAC-Everton-3-0-Sheffield-Wednesday-25-1-2021-by-AFP.jpg\" \/>\n\t<meta property=\"og:image:width\" content=\"720\" \/>\n\t<meta property=\"og:image:height\" content=\"405\" \/>\n\t<meta property=\"og:image:type\" content=\"image\/jpeg\" \/>\n<meta name=\"author\" content=\"BlueBlooded\" \/>\n<meta name=\"twitter:card\" content=\"summary_large_image\" \/>\n<meta name=\"twitter:label1\" content=\"Napsal(a)\" \/>\n\t<meta name=\"twitter:data1\" content=\"BlueBlooded\" \/>\n\t<meta name=\"twitter:label2\" content=\"Odhadovan\u00e1 doba \u010dten\u00ed\" \/>\n\t<meta name=\"twitter:data2\" content=\"3 minuty\" \/>\n<script type=\"application\/ld+json\" class=\"yoast-schema-graph\">{\"@context\":\"https:\/\/schema.org\",\"@graph\":[{\"@type\":\"Article\",\"@id\":\"https:\/\/evertonfc.cz\/index.php\/2021\/01\/26\/everton-sheffield-wednesday-30\/#article\",\"isPartOf\":{\"@id\":\"https:\/\/evertonfc.cz\/index.php\/2021\/01\/26\/everton-sheffield-wednesday-30\/\"},\"author\":{\"name\":\"BlueBlooded\",\"@id\":\"https:\/\/evertonfc.cz\/#\/schema\/person\/d4493b8cbea51532597fbc4685698916\"},\"headline\":\"Everton \u2013 Sheffield Wednesday 3:0\",\"datePublished\":\"2021-01-26T07:53:34+00:00\",\"dateModified\":\"2021-01-26T08:04:58+00:00\",\"mainEntityOfPage\":{\"@id\":\"https:\/\/evertonfc.cz\/index.php\/2021\/01\/26\/everton-sheffield-wednesday-30\/\"},\"wordCount\":703,\"commentCount\":6,\"publisher\":{\"@id\":\"https:\/\/evertonfc.cz\/#organization\"},\"image\":{\"@id\":\"https:\/\/evertonfc.cz\/index.php\/2021\/01\/26\/everton-sheffield-wednesday-30\/#primaryimage\"},\"thumbnailUrl\":\"https:\/\/evertonfc.cz\/wp-content\/uploads\/2021\/01\/FAC-Everton-3-0-Sheffield-Wednesday-25-1-2021-by-AFP.jpg\",\"articleSection\":[\"Z\u00e1pasy\"],\"inLanguage\":\"cs\",\"potentialAction\":[{\"@type\":\"CommentAction\",\"name\":\"Comment\",\"target\":[\"https:\/\/evertonfc.cz\/index.php\/2021\/01\/26\/everton-sheffield-wednesday-30\/#respond\"]}]},{\"@type\":\"WebPage\",\"@id\":\"https:\/\/evertonfc.cz\/index.php\/2021\/01\/26\/everton-sheffield-wednesday-30\/\",\"url\":\"https:\/\/evertonfc.cz\/index.php\/2021\/01\/26\/everton-sheffield-wednesday-30\/\",\"name\":\"Everton \u2013 Sheffield Wednesday 3:0 - Official Czech &amp; Slovak Everton Supporters&#039; Club\",\"isPartOf\":{\"@id\":\"https:\/\/evertonfc.cz\/#website\"},\"primaryImageOfPage\":{\"@id\":\"https:\/\/evertonfc.cz\/index.php\/2021\/01\/26\/everton-sheffield-wednesday-30\/#primaryimage\"},\"image\":{\"@id\":\"https:\/\/evertonfc.cz\/index.php\/2021\/01\/26\/everton-sheffield-wednesday-30\/#primaryimage\"},\"thumbnailUrl\":\"https:\/\/evertonfc.cz\/wp-content\/uploads\/2021\/01\/FAC-Everton-3-0-Sheffield-Wednesday-25-1-2021-by-AFP.jpg\",\"datePublished\":\"2021-01-26T07:53:34+00:00\",\"dateModified\":\"2021-01-26T08:04:58+00:00\",\"breadcrumb\":{\"@id\":\"https:\/\/evertonfc.cz\/index.php\/2021\/01\/26\/everton-sheffield-wednesday-30\/#breadcrumb\"},\"inLanguage\":\"cs\",\"potentialAction\":[{\"@type\":\"ReadAction\",\"target\":[\"https:\/\/evertonfc.cz\/index.php\/2021\/01\/26\/everton-sheffield-wednesday-30\/\"]}]},{\"@type\":\"ImageObject\",\"inLanguage\":\"cs\",\"@id\":\"https:\/\/evertonfc.cz\/index.php\/2021\/01\/26\/everton-sheffield-wednesday-30\/#primaryimage\",\"url\":\"https:\/\/evertonfc.cz\/wp-content\/uploads\/2021\/01\/FAC-Everton-3-0-Sheffield-Wednesday-25-1-2021-by-AFP.jpg\",\"contentUrl\":\"https:\/\/evertonfc.cz\/wp-content\/uploads\/2021\/01\/FAC-Everton-3-0-Sheffield-Wednesday-25-1-2021-by-AFP.jpg\",\"width\":720,\"height\":405},{\"@type\":\"BreadcrumbList\",\"@id\":\"https:\/\/evertonfc.cz\/index.php\/2021\/01\/26\/everton-sheffield-wednesday-30\/#breadcrumb\",\"itemListElement\":[{\"@type\":\"ListItem\",\"position\":1,\"name\":\"Home\",\"item\":\"https:\/\/evertonfc.cz\/\"},{\"@type\":\"ListItem\",\"position\":2,\"name\":\"Everton \u2013 Sheffield Wednesday 3:0\"}]},{\"@type\":\"WebSite\",\"@id\":\"https:\/\/evertonfc.cz\/#website\",\"url\":\"https:\/\/evertonfc.cz\/\",\"name\":\"Official Czech &amp; Slovak Everton Supporters&#039; Club\",\"description\":\"\",\"publisher\":{\"@id\":\"https:\/\/evertonfc.cz\/#organization\"},\"potentialAction\":[{\"@type\":\"SearchAction\",\"target\":{\"@type\":\"EntryPoint\",\"urlTemplate\":\"https:\/\/evertonfc.cz\/?s={search_term_string}\"},\"query-input\":{\"@type\":\"PropertyValueSpecification\",\"valueRequired\":true,\"valueName\":\"search_term_string\"}}],\"inLanguage\":\"cs\"},{\"@type\":\"Organization\",\"@id\":\"https:\/\/evertonfc.cz\/#organization\",\"name\":\"Official Czech & Slovak Everton Supporters' Club\",\"url\":\"https:\/\/evertonfc.cz\/\",\"logo\":{\"@type\":\"ImageObject\",\"inLanguage\":\"cs\",\"@id\":\"https:\/\/evertonfc.cz\/#\/schema\/logo\/image\/\",\"url\":\"https:\/\/evertonfc.cz\/wp-content\/uploads\/2019\/05\/logo.png\",\"contentUrl\":\"https:\/\/evertonfc.cz\/wp-content\/uploads\/2019\/05\/logo.png\",\"width\":112,\"height\":112,\"caption\":\"Official Czech & Slovak Everton Supporters' Club\"},\"image\":{\"@id\":\"https:\/\/evertonfc.cz\/#\/schema\/logo\/image\/\"},\"sameAs\":[\"https:\/\/www.facebook.com\/everton.fans.cz.sk\"]},{\"@type\":\"Person\",\"@id\":\"https:\/\/evertonfc.cz\/#\/schema\/person\/d4493b8cbea51532597fbc4685698916\",\"name\":\"BlueBlooded\",\"url\":\"https:\/\/evertonfc.cz\/index.php\/author\/admin\/\"}]}<\/script>\n<!-- \/ Yoast SEO plugin. -->","yoast_head_json":{"title":"Everton \u2013 Sheffield Wednesday 3:0 - Official Czech &amp; Slovak Everton Supporters&#039; Club","robots":{"index":"index","follow":"follow","max-snippet":"max-snippet:-1","max-image-preview":"max-image-preview:large","max-video-preview":"max-video-preview:-1"},"canonical":"https:\/\/evertonfc.cz\/index.php\/2021\/01\/26\/everton-sheffield-wednesday-30\/","og_locale":"cs_CZ","og_type":"article","og_title":"Everton \u2013 Sheffield Wednesday 3:0 - Official Czech &amp; Slovak Everton Supporters&#039; Club","og_description":"Pohodln\u00fd postup v\u00a0najstar\u0161ej poh\u00e1rovej s\u00fa\u0165a\u017ei si Karamelky zabezpe\u010dili g\u00f3lmi Calverta-Lewina, Richarlisona a\u00a0Minu. Dvomi asistenciami hviezdil tie\u017e James Rodr\u00edguez.","og_url":"https:\/\/evertonfc.cz\/index.php\/2021\/01\/26\/everton-sheffield-wednesday-30\/","og_site_name":"Official Czech &amp; Slovak Everton Supporters&#039; Club","article_publisher":"https:\/\/www.facebook.com\/everton.fans.cz.sk","article_published_time":"2021-01-26T07:53:34+00:00","article_modified_time":"2021-01-26T08:04:58+00:00","og_image":[{"width":720,"height":405,"url":"https:\/\/evertonfc.cz\/wp-content\/uploads\/2021\/01\/FAC-Everton-3-0-Sheffield-Wednesday-25-1-2021-by-AFP.jpg","type":"image\/jpeg"}],"author":"BlueBlooded","twitter_card":"summary_large_image","twitter_misc":{"Napsal(a)":"BlueBlooded","Odhadovan\u00e1 doba \u010dten\u00ed":"3 minuty"},"schema":{"@context":"https:\/\/schema.org","@graph":[{"@type":"Article","@id":"https:\/\/evertonfc.cz\/index.php\/2021\/01\/26\/everton-sheffield-wednesday-30\/#article","isPartOf":{"@id":"https:\/\/evertonfc.cz\/index.php\/2021\/01\/26\/everton-sheffield-wednesday-30\/"},"author":{"name":"BlueBlooded","@id":"https:\/\/evertonfc.cz\/#\/schema\/person\/d4493b8cbea51532597fbc4685698916"},"headline":"Everton \u2013 Sheffield Wednesday 3:0","datePublished":"2021-01-26T07:53:34+00:00","dateModified":"2021-01-26T08:04:58+00:00","mainEntityOfPage":{"@id":"https:\/\/evertonfc.cz\/index.php\/2021\/01\/26\/everton-sheffield-wednesday-30\/"},"wordCount":703,"commentCount":6,"publisher":{"@id":"https:\/\/evertonfc.cz\/#organization"},"image":{"@id":"https:\/\/evertonfc.cz\/index.php\/2021\/01\/26\/everton-sheffield-wednesday-30\/#primaryimage"},"thumbnailUrl":"https:\/\/evertonfc.cz\/wp-content\/uploads\/2021\/01\/FAC-Everton-3-0-Sheffield-Wednesday-25-1-2021-by-AFP.jpg","articleSection":["Z\u00e1pasy"],"inLanguage":"cs","potentialAction":[{"@type":"CommentAction","name":"Comment","target":["https:\/\/evertonfc.cz\/index.php\/2021\/01\/26\/everton-sheffield-wednesday-30\/#respond"]}]},{"@type":"WebPage","@id":"https:\/\/evertonfc.cz\/index.php\/2021\/01\/26\/everton-sheffield-wednesday-30\/","url":"https:\/\/evertonfc.cz\/index.php\/2021\/01\/26\/everton-sheffield-wednesday-30\/","name":"Everton \u2013 Sheffield Wednesday 3:0 - Official Czech &amp; Slovak Everton Supporters&#039; Club","isPartOf":{"@id":"https:\/\/evertonfc.cz\/#website"},"primaryImageOfPage":{"@id":"https:\/\/evertonfc.cz\/index.php\/2021\/01\/26\/everton-sheffield-wednesday-30\/#primaryimage"},"image":{"@id":"https:\/\/evertonfc.cz\/index.php\/2021\/01\/26\/everton-sheffield-wednesday-30\/#primaryimage"},"thumbnailUrl":"https:\/\/evertonfc.cz\/wp-content\/uploads\/2021\/01\/FAC-Everton-3-0-Sheffield-Wednesday-25-1-2021-by-AFP.jpg","datePublished":"2021-01-26T07:53:34+00:00","dateModified":"2021-01-26T08:04:58+00:00","breadcrumb":{"@id":"https:\/\/evertonfc.cz\/index.php\/2021\/01\/26\/everton-sheffield-wednesday-30\/#breadcrumb"},"inLanguage":"cs","potentialAction":[{"@type":"ReadAction","target":["https:\/\/evertonfc.cz\/index.php\/2021\/01\/26\/everton-sheffield-wednesday-30\/"]}]},{"@type":"ImageObject","inLanguage":"cs","@id":"https:\/\/evertonfc.cz\/index.php\/2021\/01\/26\/everton-sheffield-wednesday-30\/#primaryimage","url":"https:\/\/evertonfc.cz\/wp-content\/uploads\/2021\/01\/FAC-Everton-3-0-Sheffield-Wednesday-25-1-2021-by-AFP.jpg","contentUrl":"https:\/\/evertonfc.cz\/wp-content\/uploads\/2021\/01\/FAC-Everton-3-0-Sheffield-Wednesday-25-1-2021-by-AFP.jpg","width":720,"height":405},{"@type":"BreadcrumbList","@id":"https:\/\/evertonfc.cz\/index.php\/2021\/01\/26\/everton-sheffield-wednesday-30\/#breadcrumb","itemListElement":[{"@type":"ListItem","position":1,"name":"Home","item":"https:\/\/evertonfc.cz\/"},{"@type":"ListItem","position":2,"name":"Everton \u2013 Sheffield Wednesday 3:0"}]},{"@type":"WebSite","@id":"https:\/\/evertonfc.cz\/#website","url":"https:\/\/evertonfc.cz\/","name":"Official Czech &amp; Slovak Everton Supporters&#039; Club","description":"","publisher":{"@id":"https:\/\/evertonfc.cz\/#organization"},"potentialAction":[{"@type":"SearchAction","target":{"@type":"EntryPoint","urlTemplate":"https:\/\/evertonfc.cz\/?s={search_term_string}"},"query-input":{"@type":"PropertyValueSpecification","valueRequired":true,"valueName":"search_term_string"}}],"inLanguage":"cs"},{"@type":"Organization","@id":"https:\/\/evertonfc.cz\/#organization","name":"Official Czech & Slovak Everton Supporters' Club","url":"https:\/\/evertonfc.cz\/","logo":{"@type":"ImageObject","inLanguage":"cs","@id":"https:\/\/evertonfc.cz\/#\/schema\/logo\/image\/","url":"https:\/\/evertonfc.cz\/wp-content\/uploads\/2019\/05\/logo.png","contentUrl":"https:\/\/evertonfc.cz\/wp-content\/uploads\/2019\/05\/logo.png","width":112,"height":112,"caption":"Official Czech & Slovak Everton Supporters' Club"},"image":{"@id":"https:\/\/evertonfc.cz\/#\/schema\/logo\/image\/"},"sameAs":["https:\/\/www.facebook.com\/everton.fans.cz.sk"]},{"@type":"Person","@id":"https:\/\/evertonfc.cz\/#\/schema\/person\/d4493b8cbea51532597fbc4685698916","name":"BlueBlooded","url":"https:\/\/evertonfc.cz\/index.php\/author\/admin\/"}]}},"_links":{"self":[{"href":"https:\/\/evertonfc.cz\/index.php\/wp-json\/wp\/v2\/posts\/13709"}],"collection":[{"href":"https:\/\/evertonfc.cz\/index.php\/wp-json\/wp\/v2\/posts"}],"about":[{"href":"https:\/\/evertonfc.cz\/index.php\/wp-json\/wp\/v2\/types\/post"}],"author":[{"embeddable":true,"href":"https:\/\/evertonfc.cz\/index.php\/wp-json\/wp\/v2\/users\/1"}],"replies":[{"embeddable":true,"href":"https:\/\/evertonfc.cz\/index.php\/wp-json\/wp\/v2\/comments?post=13709"}],"version-history":[{"count":4,"href":"https:\/\/evertonfc.cz\/index.php\/wp-json\/wp\/v2\/posts\/13709\/revisions"}],"predecessor-version":[{"id":13713,"href":"https:\/\/evertonfc.cz\/index.php\/wp-json\/wp\/v2\/posts\/13709\/revisions\/13713"}],"wp:featuredmedia":[{"embeddable":true,"href":"https:\/\/evertonfc.cz\/index.php\/wp-json\/wp\/v2\/media\/13706"}],"wp:attachment":[{"href":"https:\/\/evertonfc.cz\/index.php\/wp-json\/wp\/v2\/media?parent=13709"}],"wp:term":[{"taxonomy":"category","embeddable":true,"href":"https:\/\/evertonfc.cz\/index.php\/wp-json\/wp\/v2\/categories?post=13709"},{"taxonomy":"post_tag","embeddable":true,"href":"https:\/\/evertonfc.cz\/index.php\/wp-json\/wp\/v2\/tags?post=13709"}],"curies":[{"name":"wp","href":"https:\/\/api.w.org\/{rel}","templated":true}]}}